{"id":65275,"date":"2021-10-25T02:04:54","date_gmt":"2021-10-25T07:04:54","guid":{"rendered":"https:\/\/akunq.net\/tr\/?p=65275"},"modified":"2021-10-25T02:04:54","modified_gmt":"2021-10-25T07:04:54","slug":"dort-vakiftan-secim-aciklamasi","status":"publish","type":"post","link":"https:\/\/akunq.net\/tr\/?p=65275","title":{"rendered":"D\u00f6rt vak\u0131ftan se\u00e7im a\u00e7\u0131klamas\u0131"},"content":{"rendered":"<p><img loading=\"lazy\" decoding=\"async\" class=\"aligncenter size-medium wp-image-65276\" src=\"https:\/\/akunq.net\/tr\/wp-content\/uploads\/2021\/10\/D\u00f6rt-vak\u0131f-360x180.jpg\" alt=\"\" width=\"360\" height=\"180\" srcset=\"https:\/\/akunq.net\/tr\/wp-content\/uploads\/sites\/6\/2021\/10\/D\u00f6rt-vak\u0131f-360x180.jpg 360w, https:\/\/akunq.net\/tr\/wp-content\/uploads\/sites\/6\/2021\/10\/D\u00f6rt-vak\u0131f-560x280.jpg 560w, https:\/\/akunq.net\/tr\/wp-content\/uploads\/sites\/6\/2021\/10\/D\u00f6rt-vak\u0131f-260x130.jpg 260w, https:\/\/akunq.net\/tr\/wp-content\/uploads\/sites\/6\/2021\/10\/D\u00f6rt-vak\u0131f-160x80.jpg 160w, https:\/\/akunq.net\/tr\/wp-content\/uploads\/sites\/6\/2021\/10\/D\u00f6rt-vak\u0131f.jpg 660w\" sizes=\"auto, (max-width: 360px) 100vw, 360px\" \/><\/p>\n<p><em><strong>Karag\u00f6zyan, T\u0131brevank, Getronagan ve Kalfayan vak\u0131f y\u00f6netimleri, se\u00e7im s\u00fcrecine ili\u015fkin yaz\u0131l\u0131 bir a\u00e7\u0131klama yapt\u0131. Buna g\u00f6re \u00fc\u00e7 vak\u0131f se\u00e7im \u00e7al\u0131\u015fmalar\u0131n\u0131 m\u00fczakere y\u00f6ntemiyle s\u00fcrd\u00fcrecek, bir vak\u0131f ise hukuk yoluna gitmeyi tercih etti. Bu vakf\u0131n T\u0131brevank oldu\u011fu \u00f6\u011frenildi.<\/strong><\/em><\/p>\n<p>T\u00fcrkiye\u2019deki az\u0131nl\u0131k vak\u0131flar\u0131, yeni y\u00f6netmelik yay\u0131nlanmad\u0131\u011f\u0131 i\u00e7in 2013 y\u0131l\u0131ndan beri y\u00f6netim kurullar\u0131n\u0131 belirlemek amac\u0131yla\u00a0 se\u00e7im yapamazken, d\u00f6rt Ermeni vakf\u0131 ge\u00e7ti\u011fimiz aylarda yeni y\u00f6netim kurullar\u0131n\u0131 se\u00e7mek i\u00e7in giri\u015fimlerde bulunmu\u015flard\u0131. \u201cHink Hasdadutyun\u201d (Be\u015f Ulusal Kurum) olarak bilinen vak\u0131flardan Karag\u00f6zyan, Getronagan, T\u0131brevank ve Kalfayan, se\u00e7imlerini ger\u00e7ekle\u015ftirmek i\u00e7in gerekli giri\u015fimlere ba\u015flam\u0131\u015f, Yedikule Surp P\u0131rgi\u00e7 Vakf\u0131 ise bekleme karar\u0131 alm\u0131\u015ft\u0131. S\u00f6z konusu d\u00f6rt vakf\u0131n giri\u015fimlerine Vak\u0131flar Genel M\u00fcd\u00fcrl\u00fc\u011f\u00fc bir yaz\u0131 ile yan\u0131t vermi\u015f, yaz\u0131da se\u00e7im y\u00f6netmeli\u011fe \u00e7\u0131kana kadar atama yoluyla yeni y\u00f6netim kurulu \u00fcyesi belirlemeye imkan veren genelge hat\u0131rlat\u0131lm\u0131\u015ft\u0131. D\u00f6rt vak\u0131f ise bu yaz\u0131ya\u00a0 se\u00e7me ve se\u00e7ilme hakk\u0131na vurgu yapan bir yaz\u0131yla yan\u0131t vermi\u015fti. Surp Ha\u00e7 T\u0131brevank Ermeni Lisesi Vakf\u0131 Ba\u015fkan\u0131 Prof. Dr. Toros Alcan ge\u00e7ti\u011fimiz hafta sonu \u0130\u00e7i\u015fleri Bakan\u0131 S\u00fcleyman Soylu ile bir g\u00f6r\u00fc\u015fme ger\u00e7ekle\u015ftirdi. G\u00f6r\u00fc\u015fme sonras\u0131nda d\u00f6rt vak\u0131ftan ortak bir yaz\u0131l\u0131 a\u00e7\u0131klama yap\u0131ld\u0131. A\u00e7\u0131klamada vak\u0131flardan \u00fc\u00e7\u00fcn\u00fcn se\u00e7im s\u00fcrecini m\u00fczakereler yoluyla y\u00fcr\u00fctmeye karar verdi\u011fi, bir vakf\u0131n ise hukuk yoluna ba\u015fvurmay\u0131 tercih etti\u011fi belirtildi. A\u00e7\u0131klama \u015f\u00f6yle:<\/p>\n<p>\u201cBilindi\u011fi \u00fczere, d\u00f6rt merkezi cemaat vakf\u0131m\u0131z y\u0131llard\u0131r yap\u0131lamayan vak\u0131f y\u00f6netim kurullar\u0131 se\u00e7imlerinin yap\u0131labilmesi i\u00e7in \u00e7al\u0131\u015fmalarda bulunmaktad\u0131r. Vak\u0131flar Genel M\u00fcd\u00fcrl\u00fc\u011f\u00fc\u2019ne a\u011fustos ay\u0131nda yaz\u0131lan se\u00e7im yaz\u0131s\u0131na cevaben eyl\u00fcl ay\u0131nda vak\u0131flar\u0131m\u0131za se\u00e7im y\u00f6netmeli\u011finin haz\u0131rland\u0131\u011f\u0131 ve gerekirse veya arzu edilirse Y\u00f6netim Kurullar\u0131n\u0131n eksik \u00fcyelikleri i\u00e7in mevcut Y\u00f6netim Kurulunca atama yap\u0131labilece\u011fi bildirilmi\u015ftir. Demokratik olmayan ve kanunlara ve geleneklerimize a\u00e7\u0131k\u00e7a ayk\u0131r\u0131 olan bu \u00f6neriyi kabul etmemi\u015f olup, \u00e7al\u0131\u015fmalar\u0131m\u0131z\u0131 gerek hukuken gerekse m\u00fczakereler yoluyla s\u00fcrd\u00fcrmeye karar alm\u0131\u015f bulunmaktay\u0131z. Bu noktada baz\u0131 vak\u0131flar\u0131m\u0131z m\u00fczakere yoluyla ilerlemeyi uygun bulmu\u015f olup, bir vakf\u0131m\u0131z da hukuk yolunu tercih etmi\u015ftir.\u00a0 Akabinde Say\u0131n \u0130\u00e7i\u015fleri Bakan\u0131m\u0131zla g\u00f6r\u00fc\u015f\u00fclm\u00fc\u015f ve kendileri konuyu bildiklerini s\u00f6yleyerek, se\u00e7imlerin yak\u0131n zamanda yap\u0131labilmesi i\u00e7in gerekli \u00e7al\u0131\u015fmalar\u0131n tamamlanaca\u011f\u0131n\u0131 belirtmi\u015ftir.\u201d<\/p>\n<p>Agos\u2019un edindi\u011fi bilgilere g\u00f6re hukuk yoluna ba\u015fvurmay\u0131 uygun bulan vak\u0131f T\u0131brevank. Vakf\u0131n, se\u00e7im yapabilmek amac\u0131yla \u0130stanbul \u0130dare Mahkemesi&#8217;ne ge\u00e7en hafta dava a\u00e7t\u0131\u011f\u0131 \u00f6\u011frenildi. Di\u011fer vak\u0131flar ise yetkililerle m\u00fczakereler yoluyla s\u00fcreci ilerletmeye \u00e7al\u0131\u015facak.<\/p>\n<p><strong><em>http:\/\/www.agos.com.tr\/tr\/yazi\/26314\/dort-vakiftan-secim-aciklamasi\u00a0<\/em><\/strong><\/p>\n","protected":false},"excerpt":{"rendered":"<p>Karag\u00f6zyan, T\u0131brevank, Getronagan ve Kalfayan vak\u0131f y\u00f6netimleri, se\u00e7im s\u00fcrecine ili\u015fkin yaz\u0131l\u0131 bir a\u00e7\u0131klama yapt\u0131. Buna g\u00f6re \u00fc\u00e7 vak\u0131f se\u00e7im \u00e7al\u0131\u015fmalar\u0131n\u0131 m\u00fczakere y\u00f6ntemiyle s\u00fcrd\u00fcrecek, bir vak\u0131f ise hukuk yoluna gitmeyi tercih etti. Bu vakf\u0131n T\u0131brevank oldu\u011fu \u00f6\u011frenildi. T\u00fcrkiye\u2019deki az\u0131nl\u0131k vak\u0131flar\u0131, yeni y\u00f6netmelik yay\u0131nlanmad\u0131\u011f\u0131 i\u00e7in 2013 y\u0131l\u0131ndan beri y\u00f6netim kurullar\u0131n\u0131 belirlemek amac\u0131yla\u00a0 se\u00e7im yapamazken, d\u00f6rt Ermeni vakf\u0131 [&hellip;]<\/p>\n","protected":false},"author":7,"featured_media":65276,"comment_status":"open","ping_status":"open","sticky":false,"template":"","format":"standard","meta":{"footnotes":""},"categories":[1],"tags":[],"class_list":["post-65275","post","type-post","status-publish","format-standard","has-post-thumbnail","hentry","category-haberler"],"yoast_head":"<!-- This site is optimized with the Yoast SEO plugin v27.4 - https:\/\/yoast.com\/product\/yoast-seo-wordpress\/ -->\n<title>D\u00f6rt vak\u0131ftan se\u00e7im a\u00e7\u0131klamas\u0131 - Bati Ermenistan Ve Bati Ermenileri Sorunlari Ara\u015ftirmalar Merkezi<\/title>\n<meta name=\"robots\" content=\"index, follow, max-snippet:-1, max-image-preview:large, max-video-preview:-1\" \/>\n<link rel=\"canonical\" href=\"https:\/\/akunq.net\/tr\/?p=65275\" \/>\n<meta property=\"og:locale\" content=\"en_US\" \/>\n<meta property=\"og:type\" content=\"article\" \/>\n<meta property=\"og:title\" content=\"D\u00f6rt vak\u0131ftan se\u00e7im a\u00e7\u0131klamas\u0131 - Bati Ermenistan Ve Bati Ermenileri Sorunlari Ara\u015ftirmalar Merkezi\" \/>\n<meta property=\"og:description\" content=\"Karag\u00f6zyan, T\u0131brevank, Getronagan ve Kalfayan vak\u0131f y\u00f6netimleri, se\u00e7im s\u00fcrecine ili\u015fkin yaz\u0131l\u0131 bir a\u00e7\u0131klama yapt\u0131. Buna g\u00f6re \u00fc\u00e7 vak\u0131f se\u00e7im \u00e7al\u0131\u015fmalar\u0131n\u0131 m\u00fczakere y\u00f6ntemiyle s\u00fcrd\u00fcrecek, bir vak\u0131f ise hukuk yoluna gitmeyi tercih etti. Bu vakf\u0131n T\u0131brevank oldu\u011fu \u00f6\u011frenildi. T\u00fcrkiye\u2019deki az\u0131nl\u0131k vak\u0131flar\u0131, yeni y\u00f6netmelik yay\u0131nlanmad\u0131\u011f\u0131 i\u00e7in 2013 y\u0131l\u0131ndan beri y\u00f6netim kurullar\u0131n\u0131 belirlemek amac\u0131yla\u00a0 se\u00e7im yapamazken, d\u00f6rt Ermeni vakf\u0131 [&hellip;]\" \/>\n<meta property=\"og:url\" content=\"https:\/\/akunq.net\/tr\/?p=65275\" \/>\n<meta property=\"og:site_name\" content=\"Bati Ermenistan Ve Bati Ermenileri Sorunlari Ara\u015ftirmalar Merkezi\" \/>\n<meta property=\"article:published_time\" content=\"2021-10-25T07:04:54+00:00\" \/>\n<meta property=\"og:image\" content=\"https:\/\/akunq.net\/tr\/wp-content\/uploads\/sites\/6\/2021\/10\/D\u00f6rt-vak\u0131f.jpg\" \/>\n\t<meta property=\"og:image:width\" content=\"660\" \/>\n\t<meta property=\"og:image:height\" content=\"330\" \/>\n\t<meta property=\"og:image:type\" content=\"image\/jpeg\" \/>\n<meta name=\"author\" content=\"admin\" \/>\n<meta name=\"twitter:card\" content=\"summary_large_image\" \/>\n<meta name=\"twitter:label1\" content=\"Written by\" \/>\n\t<meta name=\"twitter:data1\" content=\"admin\" \/>\n\t<meta name=\"twitter:label2\" content=\"Est. reading time\" \/>\n\t<meta name=\"twitter:data2\" content=\"3 minutes\" \/>\n<script type=\"application\/ld+json\" class=\"yoast-schema-graph\">{\"@context\":\"https:\\\/\\\/schema.org\",\"@graph\":[{\"@type\":\"Article\",\"@id\":\"https:\\\/\\\/akunq.net\\\/tr\\\/?p=65275#article\",\"isPartOf\":{\"@id\":\"https:\\\/\\\/akunq.net\\\/tr\\\/?p=65275\"},\"author\":{\"name\":\"admin\",\"@id\":\"https:\\\/\\\/akunq.net\\\/tr\\\/#\\\/schema\\\/person\\\/096f1d38a12cce57fb855b485ed24c9e\"},\"headline\":\"D\u00f6rt vak\u0131ftan se\u00e7im a\u00e7\u0131klamas\u0131\",\"datePublished\":\"2021-10-25T07:04:54+00:00\",\"mainEntityOfPage\":{\"@id\":\"https:\\\/\\\/akunq.net\\\/tr\\\/?p=65275\"},\"wordCount\":541,\"commentCount\":0,\"image\":{\"@id\":\"https:\\\/\\\/akunq.net\\\/tr\\\/?p=65275#primaryimage\"},\"thumbnailUrl\":\"https:\\\/\\\/akunq.net\\\/tr\\\/wp-content\\\/uploads\\\/sites\\\/6\\\/2021\\\/10\\\/D\u00f6rt-vak\u0131f.jpg\",\"articleSection\":[\"Haberler\"],\"inLanguage\":\"en-US\",\"potentialAction\":[{\"@type\":\"CommentAction\",\"name\":\"Comment\",\"target\":[\"https:\\\/\\\/akunq.net\\\/tr\\\/?p=65275#respond\"]}]},{\"@type\":\"WebPage\",\"@id\":\"https:\\\/\\\/akunq.net\\\/tr\\\/?p=65275\",\"url\":\"https:\\\/\\\/akunq.net\\\/tr\\\/?p=65275\",\"name\":\"D\u00f6rt vak\u0131ftan se\u00e7im a\u00e7\u0131klamas\u0131 - Bati Ermenistan Ve Bati Ermenileri Sorunlari Ara\u015ftirmalar Merkezi\",\"isPartOf\":{\"@id\":\"https:\\\/\\\/akunq.net\\\/tr\\\/#website\"},\"primaryImageOfPage\":{\"@id\":\"https:\\\/\\\/akunq.net\\\/tr\\\/?p=65275#primaryimage\"},\"image\":{\"@id\":\"https:\\\/\\\/akunq.net\\\/tr\\\/?p=65275#primaryimage\"},\"thumbnailUrl\":\"https:\\\/\\\/akunq.net\\\/tr\\\/wp-content\\\/uploads\\\/sites\\\/6\\\/2021\\\/10\\\/D\u00f6rt-vak\u0131f.jpg\",\"datePublished\":\"2021-10-25T07:04:54+00:00\",\"author\":{\"@id\":\"https:\\\/\\\/akunq.net\\\/tr\\\/#\\\/schema\\\/person\\\/096f1d38a12cce57fb855b485ed24c9e\"},\"breadcrumb\":{\"@id\":\"https:\\\/\\\/akunq.net\\\/tr\\\/?p=65275#breadcrumb\"},\"inLanguage\":\"en-US\",\"potentialAction\":[{\"@type\":\"ReadAction\",\"target\":[\"https:\\\/\\\/akunq.net\\\/tr\\\/?p=65275\"]}]},{\"@type\":\"ImageObject\",\"inLanguage\":\"en-US\",\"@id\":\"https:\\\/\\\/akunq.net\\\/tr\\\/?p=65275#primaryimage\",\"url\":\"https:\\\/\\\/akunq.net\\\/tr\\\/wp-content\\\/uploads\\\/sites\\\/6\\\/2021\\\/10\\\/D\u00f6rt-vak\u0131f.jpg\",\"contentUrl\":\"https:\\\/\\\/akunq.net\\\/tr\\\/wp-content\\\/uploads\\\/sites\\\/6\\\/2021\\\/10\\\/D\u00f6rt-vak\u0131f.jpg\",\"width\":660,\"height\":330},{\"@type\":\"BreadcrumbList\",\"@id\":\"https:\\\/\\\/akunq.net\\\/tr\\\/?p=65275#breadcrumb\",\"itemListElement\":[{\"@type\":\"ListItem\",\"position\":1,\"name\":\"Home\",\"item\":\"https:\\\/\\\/akunq.net\\\/tr\"},{\"@type\":\"ListItem\",\"position\":2,\"name\":\"D\u00f6rt vak\u0131ftan se\u00e7im a\u00e7\u0131klamas\u0131\"}]},{\"@type\":\"WebSite\",\"@id\":\"https:\\\/\\\/akunq.net\\\/tr\\\/#website\",\"url\":\"https:\\\/\\\/akunq.net\\\/tr\\\/\",\"name\":\"Bati Ermenistan Ve Bati Ermenileri Sorunlari Ara\u015ftirmalar Merkezi\",\"description\":\"\",\"potentialAction\":[{\"@type\":\"SearchAction\",\"target\":{\"@type\":\"EntryPoint\",\"urlTemplate\":\"https:\\\/\\\/akunq.net\\\/tr\\\/?s={search_term_string}\"},\"query-input\":{\"@type\":\"PropertyValueSpecification\",\"valueRequired\":true,\"valueName\":\"search_term_string\"}}],\"inLanguage\":\"en-US\"},{\"@type\":\"Person\",\"@id\":\"https:\\\/\\\/akunq.net\\\/tr\\\/#\\\/schema\\\/person\\\/096f1d38a12cce57fb855b485ed24c9e\",\"name\":\"admin\",\"url\":\"https:\\\/\\\/akunq.net\\\/tr\\\/?author=7\"}]}<\/script>\n<!-- \/ Yoast SEO plugin. -->","yoast_head_json":{"title":"D\u00f6rt vak\u0131ftan se\u00e7im a\u00e7\u0131klamas\u0131 - Bati Ermenistan Ve Bati Ermenileri Sorunlari Ara\u015ftirmalar Merkezi","robots":{"index":"index","follow":"follow","max-snippet":"max-snippet:-1","max-image-preview":"max-image-preview:large","max-video-preview":"max-video-preview:-1"},"canonical":"https:\/\/akunq.net\/tr\/?p=65275","og_locale":"en_US","og_type":"article","og_title":"D\u00f6rt vak\u0131ftan se\u00e7im a\u00e7\u0131klamas\u0131 - Bati Ermenistan Ve Bati Ermenileri Sorunlari Ara\u015ftirmalar Merkezi","og_description":"Karag\u00f6zyan, T\u0131brevank, Getronagan ve Kalfayan vak\u0131f y\u00f6netimleri, se\u00e7im s\u00fcrecine ili\u015fkin yaz\u0131l\u0131 bir a\u00e7\u0131klama yapt\u0131. Buna g\u00f6re \u00fc\u00e7 vak\u0131f se\u00e7im \u00e7al\u0131\u015fmalar\u0131n\u0131 m\u00fczakere y\u00f6ntemiyle s\u00fcrd\u00fcrecek, bir vak\u0131f ise hukuk yoluna gitmeyi tercih etti. Bu vakf\u0131n T\u0131brevank oldu\u011fu \u00f6\u011frenildi. T\u00fcrkiye\u2019deki az\u0131nl\u0131k vak\u0131flar\u0131, yeni y\u00f6netmelik yay\u0131nlanmad\u0131\u011f\u0131 i\u00e7in 2013 y\u0131l\u0131ndan beri y\u00f6netim kurullar\u0131n\u0131 belirlemek amac\u0131yla\u00a0 se\u00e7im yapamazken, d\u00f6rt Ermeni vakf\u0131 [&hellip;]","og_url":"https:\/\/akunq.net\/tr\/?p=65275","og_site_name":"Bati Ermenistan Ve Bati Ermenileri Sorunlari Ara\u015ftirmalar Merkezi","article_published_time":"2021-10-25T07:04:54+00:00","og_image":[{"width":660,"height":330,"url":"https:\/\/akunq.net\/tr\/wp-content\/uploads\/sites\/6\/2021\/10\/D\u00f6rt-vak\u0131f.jpg","type":"image\/jpeg"}],"author":"admin","twitter_card":"summary_large_image","twitter_misc":{"Written by":"admin","Est. reading time":"3 minutes"},"schema":{"@context":"https:\/\/schema.org","@graph":[{"@type":"Article","@id":"https:\/\/akunq.net\/tr\/?p=65275#article","isPartOf":{"@id":"https:\/\/akunq.net\/tr\/?p=65275"},"author":{"name":"admin","@id":"https:\/\/akunq.net\/tr\/#\/schema\/person\/096f1d38a12cce57fb855b485ed24c9e"},"headline":"D\u00f6rt vak\u0131ftan se\u00e7im a\u00e7\u0131klamas\u0131","datePublished":"2021-10-25T07:04:54+00:00","mainEntityOfPage":{"@id":"https:\/\/akunq.net\/tr\/?p=65275"},"wordCount":541,"commentCount":0,"image":{"@id":"https:\/\/akunq.net\/tr\/?p=65275#primaryimage"},"thumbnailUrl":"https:\/\/akunq.net\/tr\/wp-content\/uploads\/sites\/6\/2021\/10\/D\u00f6rt-vak\u0131f.jpg","articleSection":["Haberler"],"inLanguage":"en-US","potentialAction":[{"@type":"CommentAction","name":"Comment","target":["https:\/\/akunq.net\/tr\/?p=65275#respond"]}]},{"@type":"WebPage","@id":"https:\/\/akunq.net\/tr\/?p=65275","url":"https:\/\/akunq.net\/tr\/?p=65275","name":"D\u00f6rt vak\u0131ftan se\u00e7im a\u00e7\u0131klamas\u0131 - Bati Ermenistan Ve Bati Ermenileri Sorunlari Ara\u015ftirmalar Merkezi","isPartOf":{"@id":"https:\/\/akunq.net\/tr\/#website"},"primaryImageOfPage":{"@id":"https:\/\/akunq.net\/tr\/?p=65275#primaryimage"},"image":{"@id":"https:\/\/akunq.net\/tr\/?p=65275#primaryimage"},"thumbnailUrl":"https:\/\/akunq.net\/tr\/wp-content\/uploads\/sites\/6\/2021\/10\/D\u00f6rt-vak\u0131f.jpg","datePublished":"2021-10-25T07:04:54+00:00","author":{"@id":"https:\/\/akunq.net\/tr\/#\/schema\/person\/096f1d38a12cce57fb855b485ed24c9e"},"breadcrumb":{"@id":"https:\/\/akunq.net\/tr\/?p=65275#breadcrumb"},"inLanguage":"en-US","potentialAction":[{"@type":"ReadAction","target":["https:\/\/akunq.net\/tr\/?p=65275"]}]},{"@type":"ImageObject","inLanguage":"en-US","@id":"https:\/\/akunq.net\/tr\/?p=65275#primaryimage","url":"https:\/\/akunq.net\/tr\/wp-content\/uploads\/sites\/6\/2021\/10\/D\u00f6rt-vak\u0131f.jpg","contentUrl":"https:\/\/akunq.net\/tr\/wp-content\/uploads\/sites\/6\/2021\/10\/D\u00f6rt-vak\u0131f.jpg","width":660,"height":330},{"@type":"BreadcrumbList","@id":"https:\/\/akunq.net\/tr\/?p=65275#breadcrumb","itemListElement":[{"@type":"ListItem","position":1,"name":"Home","item":"https:\/\/akunq.net\/tr"},{"@type":"ListItem","position":2,"name":"D\u00f6rt vak\u0131ftan se\u00e7im a\u00e7\u0131klamas\u0131"}]},{"@type":"WebSite","@id":"https:\/\/akunq.net\/tr\/#website","url":"https:\/\/akunq.net\/tr\/","name":"Bati Ermenistan Ve Bati Ermenileri Sorunlari Ara\u015ftirmalar Merkezi","description":"","potentialAction":[{"@type":"SearchAction","target":{"@type":"EntryPoint","urlTemplate":"https:\/\/akunq.net\/tr\/?s={search_term_string}"},"query-input":{"@type":"PropertyValueSpecification","valueRequired":true,"valueName":"search_term_string"}}],"inLanguage":"en-US"},{"@type":"Person","@id":"https:\/\/akunq.net\/tr\/#\/schema\/person\/096f1d38a12cce57fb855b485ed24c9e","name":"admin","url":"https:\/\/akunq.net\/tr\/?author=7"}]}},"_links":{"self":[{"href":"https:\/\/akunq.net\/tr\/index.php?rest_route=\/wp\/v2\/posts\/65275","targetHints":{"allow":["GET"]}}],"collection":[{"href":"https:\/\/akunq.net\/tr\/index.php?rest_route=\/wp\/v2\/posts"}],"about":[{"href":"https:\/\/akunq.net\/tr\/index.php?rest_route=\/wp\/v2\/types\/post"}],"author":[{"embeddable":true,"href":"https:\/\/akunq.net\/tr\/index.php?rest_route=\/wp\/v2\/users\/7"}],"replies":[{"embeddable":true,"href":"https:\/\/akunq.net\/tr\/index.php?rest_route=%2Fwp%2Fv2%2Fcomments&post=65275"}],"version-history":[{"count":1,"href":"https:\/\/akunq.net\/tr\/index.php?rest_route=\/wp\/v2\/posts\/65275\/revisions"}],"predecessor-version":[{"id":65277,"href":"https:\/\/akunq.net\/tr\/index.php?rest_route=\/wp\/v2\/posts\/65275\/revisions\/65277"}],"wp:featuredmedia":[{"embeddable":true,"href":"https:\/\/akunq.net\/tr\/index.php?rest_route=\/wp\/v2\/media\/65276"}],"wp:attachment":[{"href":"https:\/\/akunq.net\/tr\/index.php?rest_route=%2Fwp%2Fv2%2Fmedia&parent=65275"}],"wp:term":[{"taxonomy":"category","embeddable":true,"href":"https:\/\/akunq.net\/tr\/index.php?rest_route=%2Fwp%2Fv2%2Fcategories&post=65275"},{"taxonomy":"post_tag","embeddable":true,"href":"https:\/\/akunq.net\/tr\/index.php?rest_route=%2Fwp%2Fv2%2Ftags&post=65275"}],"curies":[{"name":"wp","href":"https:\/\/api.w.org\/{rel}","templated":true}]}}