{"id":65269,"date":"2021-10-25T01:39:17","date_gmt":"2021-10-25T06:39:17","guid":{"rendered":"https:\/\/akunq.net\/tr\/?p=65269"},"modified":"2021-10-25T01:39:17","modified_gmt":"2021-10-25T06:39:17","slug":"sevan-nisanyan-yunanistanda-istenmeyen-adam-ilan-edildi-sebep-yer-adlari-sozlugu-mu","status":"publish","type":"post","link":"https:\/\/akunq.net\/tr\/?p=65269","title":{"rendered":"Sevan Ni\u015fanyan Yunanistan\u2019da istenmeyen adam ilan edildi: Sebep yer adlar\u0131 s\u00f6zl\u00fc\u011f\u00fc m\u00fc?"},"content":{"rendered":"<p><img loading=\"lazy\" decoding=\"async\" class=\"aligncenter size-medium wp-image-65270\" src=\"https:\/\/akunq.net\/tr\/wp-content\/uploads\/2021\/10\/Sevan-Ni\u015fanyan-360x240.jpg\" alt=\"\" width=\"360\" height=\"240\" srcset=\"https:\/\/akunq.net\/tr\/wp-content\/uploads\/sites\/6\/2021\/10\/Sevan-Ni\u015fanyan-360x240.jpg 360w, https:\/\/akunq.net\/tr\/wp-content\/uploads\/sites\/6\/2021\/10\/Sevan-Ni\u015fanyan-768x512.jpg 768w, https:\/\/akunq.net\/tr\/wp-content\/uploads\/sites\/6\/2021\/10\/Sevan-Ni\u015fanyan-560x373.jpg 560w, https:\/\/akunq.net\/tr\/wp-content\/uploads\/sites\/6\/2021\/10\/Sevan-Ni\u015fanyan-260x173.jpg 260w, https:\/\/akunq.net\/tr\/wp-content\/uploads\/sites\/6\/2021\/10\/Sevan-Ni\u015fanyan-160x107.jpg 160w, https:\/\/akunq.net\/tr\/wp-content\/uploads\/sites\/6\/2021\/10\/Sevan-Ni\u015fanyan.jpg 1417w\" sizes=\"auto, (max-width: 360px) 100vw, 360px\" \/><\/p>\n<p><em><strong>Yunanistan\u2019da s\u00fcrg\u00fcnde ya\u015fayan yazar Sevan Ni\u015fanyan YouTube kanal\u0131ndan yapt\u0131\u011f\u0131 a\u00e7\u0131klamada Yunanistan\u2019\u0131n kendisini \u201cistenmeyen adam\u201d ilan etti\u011fi i\u00e7in, turistik gezi dolay\u0131s\u0131yla gitti\u011fi Arnavutluk\u2019tan d\u00f6n\u00fc\u015f\u00fcnde \u00fclkeye al\u0131nmad\u0131\u011f\u0131n\u0131 bildirdi.<\/strong><\/em><br \/>\nYunan yetkililerin bu karar\u0131 neden ald\u0131klar\u0131n\u0131 \u201cdevlet s\u0131rr\u0131\u201d oldu\u011funu gerek\u00e7e g\u00f6stererek bildirmediklerini ifade eden Ni\u015fanyan, olaya ili\u015fkin \u015fu yorumlarda bulundu: \u201cUlusal g\u00fcvenlik a\u00e7\u0131s\u0131ndan riskli ki\u015fi oldu\u011fum, bu nedenle Yunanistan\u2019a giremeyece\u011fim, sebeblerinin ise devlet s\u0131rr\u0131 oldu\u011funu beyan ettiler. Tahminimce \u015fu haftal\u0131k yapt\u0131\u011f\u0131m yay\u0131nlar T\u00fcrkiye Cumhuriyeti Devletini veya o devletteki baz\u0131 ki\u015fileri rahats\u0131z ediyor ve bu rahats\u0131zl\u0131klar\u0131n\u0131 Yunan devletine ilettiler.\u201d<br \/>\nNi\u015fanyan kendisinin Yunanistan\u2019a giri\u015f yasa\u011f\u0131 getirilmesinin bir ba\u015fka muhtemel nedenini ise Anadolu i\u00e7in yapt\u0131\u011f\u0131 \u00e7al\u0131\u015fmaya benzer \u015fekilde Yunanistan\u2019daki yerlerin de tarihte kaydedilmi\u015f adlar\u0131n\u0131 ara\u015ft\u0131rmas\u0131 olarak g\u00f6sterdi. Ni\u015fanyan ge\u00e7en sene Kuzey Yunanistan ve Bulgaristan\u2019\u0131n yer adlar\u0131n\u0131 da haritaya ge\u00e7irdi\u011fini, bu yer adlar\u0131n\u0131n \u00e7ok b\u00fcy\u00fck b\u00f6l\u00fcm\u00fcn\u00fcn T\u00fcrk\u00e7e oldu\u011funu, kuzey Yunanistan\u2019daki yerlerin yakla\u015f\u0131k yar\u0131s\u0131n\u0131n T\u00fcrk\u00e7e, yar\u0131s\u0131n\u0131n Bulgarca oldu\u011funu, o b\u00f6lgede Yunanca yer adlar\u0131n\u0131n hemen hemen bulunmad\u0131\u011f\u0131n\u0131, Yunan h\u00fck\u00fcmetinin bundan rahats\u0131z oldu\u011funu d\u00fc\u015f\u00fcnd\u00fc\u011f\u00fcn\u00fc kaydetti.<\/p>\n<p><strong>SEVAN N\u0130\u015eANYAN K\u0130MD\u0130R?<\/strong><br \/>\n21 Aral\u0131k 1956 tarihinde \u0130stanbul\u2019da do\u011fan Ni\u015fanyan, Pangalt\u0131 M\u0131hitaryan Ermeni Okulu\u2019nda ilk\u00f6\u011frenimini tamamlad\u0131ktan sonra I\u015f\u0131k lisesi ve Robert Lisesi\u2019nde tamamlad\u0131. Yale \u00dcniversitesi\u2019nde felsefe, Columbia \u00dcniversitesi\u2019nde Siyaset Bilimi okudu.<br \/>\n1984-1985 y\u0131llar\u0131nda Commodore 64 adl\u0131 ki\u015fisel bilgisayar\u0131 (PC) T\u00fcrkiye\u2019ye getiren firman\u0131n kurucusu ve y\u00f6neticisi oldu. 1998 y\u0131l\u0131nda T\u00fcrk turizmine kitle turizmi d\u0131\u015f\u0131nda yeni bir y\u00f6n kazand\u0131rma \u00e7abas\u0131 olarak g\u00f6r\u00fclebilecek \u201cK\u00fc\u00e7\u00fck Oteller Kitab\u0131\u201d adl\u0131 kitab\u0131 yay\u0131mlad\u0131.<br \/>\nT\u00fcrk\u00e7enin etimolojisi \u00fczerine ilk kapsaml\u0131 bilimsel \u00e7al\u0131\u015fma olan \u201cS\u00f6zlerin Soya\u011fac\u0131: \u00c7a\u011fda\u015f T\u00fcrk\u00e7enin Etimolojik S\u00f6zl\u00fc\u011f\u00fc\u201d adl\u0131 \u00e7al\u0131\u015fmas\u0131n\u0131n ilk bask\u0131s\u0131 2002 yap\u0131ld\u0131. Yine kelimelerin k\u00f6kenine ili\u015fkin makalelerini i\u00e7eren \u201cElifin \u00d6k\u00fcz\u00fc ya da S\u00fcrprizler Kitab\u0131\u201d adl\u0131 ayr\u0131 bir kitab\u0131 da bulunmaktad\u0131r.<br \/>\nBirikim dergisinde ve The New York Times\u2019ta yaz\u0131lar\u0131 yay\u0131nland\u0131. 2004 senesinde \u0130nsan Haklar\u0131 Derne\u011fi taraf\u0131ndan verilen Ay\u015fenur Zarakolu \u00d6zg\u00fcr D\u00fc\u015f\u00fcnce \u00d6d\u00fcl\u00fc\u2019ne lay\u0131k g\u00f6r\u00fcld\u00fc. Agos gazetesindeki k\u00f6\u015fe yazarl\u0131\u011f\u0131 yaparken di\u011fer yandan 2008-09 y\u0131llar\u0131 aras\u0131nda Taraf gazetesinde \u201cKelimebaz\u201d ad\u0131yla dil ile ilgili k\u00f6\u015fe yaz\u0131lar\u0131 yazd\u0131. 2008 senesinde, T\u00fcrkiye Cumhuriyeti\u2019nin kurulu\u015f d\u00f6nemine ili\u015fkin ele\u015ftirel g\u00f6r\u00fc\u015flere yer verdi\u011fi \u201cYanl\u0131\u015f Cumhuriyet: Atat\u00fcrk ve Kemalizm \u00dczerine 51 Soru\u201d isimli kitab\u0131 yay\u0131nland\u0131.<\/p>\n<p>1995 y\u0131l\u0131nda e\u015fi M\u00fcjde Ni\u015fanyan ile birlikte \u0130zmir\u2019in Sel\u00e7uk il\u00e7esinin \u015eirince k\u00f6y\u00fcne yerle\u015fen Sevan Ni\u015fanyan, bu k\u00f6yde geleneksel mimari dokuyu korumak ve canland\u0131rmak i\u00e7in yapt\u0131\u011f\u0131 \u00e7al\u0131\u015fmalarla tan\u0131nd\u0131. Eski k\u00f6y evlerini geleneksel tarzda onararak olu\u015fturdu\u011fu Ni\u015fanyan Evleri adl\u0131 otel 1999\u2019da i\u015fletmeye girdi. \u015eirince\u2019de in\u015fa etti\u011fi ta\u015f binalar m\u00fch\u00fcrlenen Ni\u015fanyan, m\u00fchr\u00fc s\u00f6k\u00fcp in\u015faata devam edince iki y\u0131l hapis cezas\u0131na \u00e7arpt\u0131r\u0131ld\u0131. Daha \u00f6nce de onanan hapis cezalar\u0131 buna eklenince, toplam cezas\u0131 11 y\u0131l 5 aya y\u00fckseldi. 2017\u2019de Fo\u00e7a A\u00e7\u0131k Cezaevi\u2019nden firar ederek Yunanistan\u2019\u0131n Samos adas\u0131nda s\u00fcrg\u00fcn hayat\u0131na ba\u015flad\u0131.<\/p>\n<hr \/>\n<p><em><strong><a href=\"https:\/\/kronos34.news\/tr\/sevan-nisanyan-yunanistanda-istenmeyen-adam-ilan-edildi-sebep-yer-adlari-sozlugu-mu\/\">https:\/\/kronos34.news\/tr\/sevan-nisanyan-yunanistanda-istenmeyen-adam-ilan-edildi-sebep-yer-adlari-sozlugu-mu\/<\/a>\u00a0<\/strong><\/em><\/p>\n","protected":false},"excerpt":{"rendered":"<p>Yunanistan\u2019da s\u00fcrg\u00fcnde ya\u015fayan yazar Sevan Ni\u015fanyan YouTube kanal\u0131ndan yapt\u0131\u011f\u0131 a\u00e7\u0131klamada Yunanistan\u2019\u0131n kendisini \u201cistenmeyen adam\u201d ilan etti\u011fi i\u00e7in, turistik gezi dolay\u0131s\u0131yla gitti\u011fi Arnavutluk\u2019tan d\u00f6n\u00fc\u015f\u00fcnde \u00fclkeye al\u0131nmad\u0131\u011f\u0131n\u0131 bildirdi. Yunan yetkililerin bu karar\u0131 neden ald\u0131klar\u0131n\u0131 \u201cdevlet s\u0131rr\u0131\u201d oldu\u011funu gerek\u00e7e g\u00f6stererek bildirmediklerini ifade eden Ni\u015fanyan, olaya ili\u015fkin \u015fu yorumlarda bulundu: \u201cUlusal g\u00fcvenlik a\u00e7\u0131s\u0131ndan riskli ki\u015fi oldu\u011fum, bu nedenle Yunanistan\u2019a [&hellip;]<\/p>\n","protected":false},"author":7,"featured_media":65270,"comment_status":"open","ping_status":"open","sticky":false,"template":"","format":"standard","meta":{"footnotes":""},"categories":[1],"tags":[],"class_list":["post-65269","post","type-post","status-publish","format-standard","has-post-thumbnail","hentry","category-haberler"],"yoast_head":"<!-- This site is optimized with the Yoast SEO plugin v27.4 - https:\/\/yoast.com\/product\/yoast-seo-wordpress\/ -->\n<title>Sevan Ni\u015fanyan Yunanistan\u2019da istenmeyen adam ilan edildi: Sebep yer adlar\u0131 s\u00f6zl\u00fc\u011f\u00fc m\u00fc? - Bati Ermenistan Ve Bati Ermenileri Sorunlari Ara\u015ftirmalar Merkezi<\/title>\n<meta name=\"robots\" content=\"index, follow, max-snippet:-1, max-image-preview:large, max-video-preview:-1\" \/>\n<link rel=\"canonical\" href=\"https:\/\/akunq.net\/tr\/?p=65269\" \/>\n<meta property=\"og:locale\" content=\"en_US\" \/>\n<meta property=\"og:type\" content=\"article\" \/>\n<meta property=\"og:title\" content=\"Sevan Ni\u015fanyan Yunanistan\u2019da istenmeyen adam ilan edildi: Sebep yer adlar\u0131 s\u00f6zl\u00fc\u011f\u00fc m\u00fc? - Bati Ermenistan Ve Bati Ermenileri Sorunlari Ara\u015ftirmalar Merkezi\" \/>\n<meta property=\"og:description\" content=\"Yunanistan\u2019da s\u00fcrg\u00fcnde ya\u015fayan yazar Sevan Ni\u015fanyan YouTube kanal\u0131ndan yapt\u0131\u011f\u0131 a\u00e7\u0131klamada Yunanistan\u2019\u0131n kendisini \u201cistenmeyen adam\u201d ilan etti\u011fi i\u00e7in, turistik gezi dolay\u0131s\u0131yla gitti\u011fi Arnavutluk\u2019tan d\u00f6n\u00fc\u015f\u00fcnde \u00fclkeye al\u0131nmad\u0131\u011f\u0131n\u0131 bildirdi. Yunan yetkililerin bu karar\u0131 neden ald\u0131klar\u0131n\u0131 \u201cdevlet s\u0131rr\u0131\u201d oldu\u011funu gerek\u00e7e g\u00f6stererek bildirmediklerini ifade eden Ni\u015fanyan, olaya ili\u015fkin \u015fu yorumlarda bulundu: \u201cUlusal g\u00fcvenlik a\u00e7\u0131s\u0131ndan riskli ki\u015fi oldu\u011fum, bu nedenle Yunanistan\u2019a [&hellip;]\" \/>\n<meta property=\"og:url\" content=\"https:\/\/akunq.net\/tr\/?p=65269\" \/>\n<meta property=\"og:site_name\" content=\"Bati Ermenistan Ve Bati Ermenileri Sorunlari Ara\u015ftirmalar Merkezi\" \/>\n<meta property=\"article:published_time\" content=\"2021-10-25T06:39:17+00:00\" \/>\n<meta property=\"og:image\" content=\"https:\/\/akunq.net\/tr\/wp-content\/uploads\/sites\/6\/2021\/10\/Sevan-Ni\u015fanyan.jpg\" \/>\n\t<meta property=\"og:image:width\" content=\"1417\" \/>\n\t<meta property=\"og:image:height\" content=\"945\" \/>\n\t<meta property=\"og:image:type\" content=\"image\/jpeg\" \/>\n<meta name=\"author\" content=\"admin\" \/>\n<meta name=\"twitter:card\" content=\"summary_large_image\" \/>\n<meta name=\"twitter:label1\" content=\"Written by\" \/>\n\t<meta name=\"twitter:data1\" content=\"admin\" \/>\n\t<meta name=\"twitter:label2\" content=\"Est. reading time\" \/>\n\t<meta name=\"twitter:data2\" content=\"3 minutes\" \/>\n<script type=\"application\/ld+json\" class=\"yoast-schema-graph\">{\"@context\":\"https:\\\/\\\/schema.org\",\"@graph\":[{\"@type\":\"Article\",\"@id\":\"https:\\\/\\\/akunq.net\\\/tr\\\/?p=65269#article\",\"isPartOf\":{\"@id\":\"https:\\\/\\\/akunq.net\\\/tr\\\/?p=65269\"},\"author\":{\"name\":\"admin\",\"@id\":\"https:\\\/\\\/akunq.net\\\/tr\\\/#\\\/schema\\\/person\\\/096f1d38a12cce57fb855b485ed24c9e\"},\"headline\":\"Sevan Ni\u015fanyan Yunanistan\u2019da istenmeyen adam ilan edildi: Sebep yer adlar\u0131 s\u00f6zl\u00fc\u011f\u00fc m\u00fc?\",\"datePublished\":\"2021-10-25T06:39:17+00:00\",\"mainEntityOfPage\":{\"@id\":\"https:\\\/\\\/akunq.net\\\/tr\\\/?p=65269\"},\"wordCount\":638,\"commentCount\":0,\"image\":{\"@id\":\"https:\\\/\\\/akunq.net\\\/tr\\\/?p=65269#primaryimage\"},\"thumbnailUrl\":\"https:\\\/\\\/akunq.net\\\/tr\\\/wp-content\\\/uploads\\\/sites\\\/6\\\/2021\\\/10\\\/Sevan-Ni\u015fanyan.jpg\",\"articleSection\":[\"Haberler\"],\"inLanguage\":\"en-US\",\"potentialAction\":[{\"@type\":\"CommentAction\",\"name\":\"Comment\",\"target\":[\"https:\\\/\\\/akunq.net\\\/tr\\\/?p=65269#respond\"]}]},{\"@type\":\"WebPage\",\"@id\":\"https:\\\/\\\/akunq.net\\\/tr\\\/?p=65269\",\"url\":\"https:\\\/\\\/akunq.net\\\/tr\\\/?p=65269\",\"name\":\"Sevan Ni\u015fanyan Yunanistan\u2019da istenmeyen adam ilan edildi: Sebep yer adlar\u0131 s\u00f6zl\u00fc\u011f\u00fc m\u00fc? - Bati Ermenistan Ve Bati Ermenileri Sorunlari Ara\u015ftirmalar Merkezi\",\"isPartOf\":{\"@id\":\"https:\\\/\\\/akunq.net\\\/tr\\\/#website\"},\"primaryImageOfPage\":{\"@id\":\"https:\\\/\\\/akunq.net\\\/tr\\\/?p=65269#primaryimage\"},\"image\":{\"@id\":\"https:\\\/\\\/akunq.net\\\/tr\\\/?p=65269#primaryimage\"},\"thumbnailUrl\":\"https:\\\/\\\/akunq.net\\\/tr\\\/wp-content\\\/uploads\\\/sites\\\/6\\\/2021\\\/10\\\/Sevan-Ni\u015fanyan.jpg\",\"datePublished\":\"2021-10-25T06:39:17+00:00\",\"author\":{\"@id\":\"https:\\\/\\\/akunq.net\\\/tr\\\/#\\\/schema\\\/person\\\/096f1d38a12cce57fb855b485ed24c9e\"},\"breadcrumb\":{\"@id\":\"https:\\\/\\\/akunq.net\\\/tr\\\/?p=65269#breadcrumb\"},\"inLanguage\":\"en-US\",\"potentialAction\":[{\"@type\":\"ReadAction\",\"target\":[\"https:\\\/\\\/akunq.net\\\/tr\\\/?p=65269\"]}]},{\"@type\":\"ImageObject\",\"inLanguage\":\"en-US\",\"@id\":\"https:\\\/\\\/akunq.net\\\/tr\\\/?p=65269#primaryimage\",\"url\":\"https:\\\/\\\/akunq.net\\\/tr\\\/wp-content\\\/uploads\\\/sites\\\/6\\\/2021\\\/10\\\/Sevan-Ni\u015fanyan.jpg\",\"contentUrl\":\"https:\\\/\\\/akunq.net\\\/tr\\\/wp-content\\\/uploads\\\/sites\\\/6\\\/2021\\\/10\\\/Sevan-Ni\u015fanyan.jpg\",\"width\":1417,\"height\":945},{\"@type\":\"BreadcrumbList\",\"@id\":\"https:\\\/\\\/akunq.net\\\/tr\\\/?p=65269#breadcrumb\",\"itemListElement\":[{\"@type\":\"ListItem\",\"position\":1,\"name\":\"Home\",\"item\":\"https:\\\/\\\/akunq.net\\\/tr\"},{\"@type\":\"ListItem\",\"position\":2,\"name\":\"Sevan Ni\u015fanyan Yunanistan\u2019da istenmeyen adam ilan edildi: Sebep yer adlar\u0131 s\u00f6zl\u00fc\u011f\u00fc m\u00fc?\"}]},{\"@type\":\"WebSite\",\"@id\":\"https:\\\/\\\/akunq.net\\\/tr\\\/#website\",\"url\":\"https:\\\/\\\/akunq.net\\\/tr\\\/\",\"name\":\"Bati Ermenistan Ve Bati Ermenileri Sorunlari Ara\u015ftirmalar Merkezi\",\"description\":\"\",\"potentialAction\":[{\"@type\":\"SearchAction\",\"target\":{\"@type\":\"EntryPoint\",\"urlTemplate\":\"https:\\\/\\\/akunq.net\\\/tr\\\/?s={search_term_string}\"},\"query-input\":{\"@type\":\"PropertyValueSpecification\",\"valueRequired\":true,\"valueName\":\"search_term_string\"}}],\"inLanguage\":\"en-US\"},{\"@type\":\"Person\",\"@id\":\"https:\\\/\\\/akunq.net\\\/tr\\\/#\\\/schema\\\/person\\\/096f1d38a12cce57fb855b485ed24c9e\",\"name\":\"admin\",\"url\":\"https:\\\/\\\/akunq.net\\\/tr\\\/?author=7\"}]}<\/script>\n<!-- \/ Yoast SEO plugin. -->","yoast_head_json":{"title":"Sevan Ni\u015fanyan Yunanistan\u2019da istenmeyen adam ilan edildi: Sebep yer adlar\u0131 s\u00f6zl\u00fc\u011f\u00fc m\u00fc? - Bati Ermenistan Ve Bati Ermenileri Sorunlari Ara\u015ftirmalar Merkezi","robots":{"index":"index","follow":"follow","max-snippet":"max-snippet:-1","max-image-preview":"max-image-preview:large","max-video-preview":"max-video-preview:-1"},"canonical":"https:\/\/akunq.net\/tr\/?p=65269","og_locale":"en_US","og_type":"article","og_title":"Sevan Ni\u015fanyan Yunanistan\u2019da istenmeyen adam ilan edildi: Sebep yer adlar\u0131 s\u00f6zl\u00fc\u011f\u00fc m\u00fc? - Bati Ermenistan Ve Bati Ermenileri Sorunlari Ara\u015ftirmalar Merkezi","og_description":"Yunanistan\u2019da s\u00fcrg\u00fcnde ya\u015fayan yazar Sevan Ni\u015fanyan YouTube kanal\u0131ndan yapt\u0131\u011f\u0131 a\u00e7\u0131klamada Yunanistan\u2019\u0131n kendisini \u201cistenmeyen adam\u201d ilan etti\u011fi i\u00e7in, turistik gezi dolay\u0131s\u0131yla gitti\u011fi Arnavutluk\u2019tan d\u00f6n\u00fc\u015f\u00fcnde \u00fclkeye al\u0131nmad\u0131\u011f\u0131n\u0131 bildirdi. Yunan yetkililerin bu karar\u0131 neden ald\u0131klar\u0131n\u0131 \u201cdevlet s\u0131rr\u0131\u201d oldu\u011funu gerek\u00e7e g\u00f6stererek bildirmediklerini ifade eden Ni\u015fanyan, olaya ili\u015fkin \u015fu yorumlarda bulundu: \u201cUlusal g\u00fcvenlik a\u00e7\u0131s\u0131ndan riskli ki\u015fi oldu\u011fum, bu nedenle Yunanistan\u2019a [&hellip;]","og_url":"https:\/\/akunq.net\/tr\/?p=65269","og_site_name":"Bati Ermenistan Ve Bati Ermenileri Sorunlari Ara\u015ftirmalar Merkezi","article_published_time":"2021-10-25T06:39:17+00:00","og_image":[{"width":1417,"height":945,"url":"https:\/\/akunq.net\/tr\/wp-content\/uploads\/sites\/6\/2021\/10\/Sevan-Ni\u015fanyan.jpg","type":"image\/jpeg"}],"author":"admin","twitter_card":"summary_large_image","twitter_misc":{"Written by":"admin","Est. reading time":"3 minutes"},"schema":{"@context":"https:\/\/schema.org","@graph":[{"@type":"Article","@id":"https:\/\/akunq.net\/tr\/?p=65269#article","isPartOf":{"@id":"https:\/\/akunq.net\/tr\/?p=65269"},"author":{"name":"admin","@id":"https:\/\/akunq.net\/tr\/#\/schema\/person\/096f1d38a12cce57fb855b485ed24c9e"},"headline":"Sevan Ni\u015fanyan Yunanistan\u2019da istenmeyen adam ilan edildi: Sebep yer adlar\u0131 s\u00f6zl\u00fc\u011f\u00fc m\u00fc?","datePublished":"2021-10-25T06:39:17+00:00","mainEntityOfPage":{"@id":"https:\/\/akunq.net\/tr\/?p=65269"},"wordCount":638,"commentCount":0,"image":{"@id":"https:\/\/akunq.net\/tr\/?p=65269#primaryimage"},"thumbnailUrl":"https:\/\/akunq.net\/tr\/wp-content\/uploads\/sites\/6\/2021\/10\/Sevan-Ni\u015fanyan.jpg","articleSection":["Haberler"],"inLanguage":"en-US","potentialAction":[{"@type":"CommentAction","name":"Comment","target":["https:\/\/akunq.net\/tr\/?p=65269#respond"]}]},{"@type":"WebPage","@id":"https:\/\/akunq.net\/tr\/?p=65269","url":"https:\/\/akunq.net\/tr\/?p=65269","name":"Sevan Ni\u015fanyan Yunanistan\u2019da istenmeyen adam ilan edildi: Sebep yer adlar\u0131 s\u00f6zl\u00fc\u011f\u00fc m\u00fc? - Bati Ermenistan Ve Bati Ermenileri Sorunlari Ara\u015ftirmalar Merkezi","isPartOf":{"@id":"https:\/\/akunq.net\/tr\/#website"},"primaryImageOfPage":{"@id":"https:\/\/akunq.net\/tr\/?p=65269#primaryimage"},"image":{"@id":"https:\/\/akunq.net\/tr\/?p=65269#primaryimage"},"thumbnailUrl":"https:\/\/akunq.net\/tr\/wp-content\/uploads\/sites\/6\/2021\/10\/Sevan-Ni\u015fanyan.jpg","datePublished":"2021-10-25T06:39:17+00:00","author":{"@id":"https:\/\/akunq.net\/tr\/#\/schema\/person\/096f1d38a12cce57fb855b485ed24c9e"},"breadcrumb":{"@id":"https:\/\/akunq.net\/tr\/?p=65269#breadcrumb"},"inLanguage":"en-US","potentialAction":[{"@type":"ReadAction","target":["https:\/\/akunq.net\/tr\/?p=65269"]}]},{"@type":"ImageObject","inLanguage":"en-US","@id":"https:\/\/akunq.net\/tr\/?p=65269#primaryimage","url":"https:\/\/akunq.net\/tr\/wp-content\/uploads\/sites\/6\/2021\/10\/Sevan-Ni\u015fanyan.jpg","contentUrl":"https:\/\/akunq.net\/tr\/wp-content\/uploads\/sites\/6\/2021\/10\/Sevan-Ni\u015fanyan.jpg","width":1417,"height":945},{"@type":"BreadcrumbList","@id":"https:\/\/akunq.net\/tr\/?p=65269#breadcrumb","itemListElement":[{"@type":"ListItem","position":1,"name":"Home","item":"https:\/\/akunq.net\/tr"},{"@type":"ListItem","position":2,"name":"Sevan Ni\u015fanyan Yunanistan\u2019da istenmeyen adam ilan edildi: Sebep yer adlar\u0131 s\u00f6zl\u00fc\u011f\u00fc m\u00fc?"}]},{"@type":"WebSite","@id":"https:\/\/akunq.net\/tr\/#website","url":"https:\/\/akunq.net\/tr\/","name":"Bati Ermenistan Ve Bati Ermenileri Sorunlari Ara\u015ftirmalar Merkezi","description":"","potentialAction":[{"@type":"SearchAction","target":{"@type":"EntryPoint","urlTemplate":"https:\/\/akunq.net\/tr\/?s={search_term_string}"},"query-input":{"@type":"PropertyValueSpecification","valueRequired":true,"valueName":"search_term_string"}}],"inLanguage":"en-US"},{"@type":"Person","@id":"https:\/\/akunq.net\/tr\/#\/schema\/person\/096f1d38a12cce57fb855b485ed24c9e","name":"admin","url":"https:\/\/akunq.net\/tr\/?author=7"}]}},"_links":{"self":[{"href":"https:\/\/akunq.net\/tr\/index.php?rest_route=\/wp\/v2\/posts\/65269","targetHints":{"allow":["GET"]}}],"collection":[{"href":"https:\/\/akunq.net\/tr\/index.php?rest_route=\/wp\/v2\/posts"}],"about":[{"href":"https:\/\/akunq.net\/tr\/index.php?rest_route=\/wp\/v2\/types\/post"}],"author":[{"embeddable":true,"href":"https:\/\/akunq.net\/tr\/index.php?rest_route=\/wp\/v2\/users\/7"}],"replies":[{"embeddable":true,"href":"https:\/\/akunq.net\/tr\/index.php?rest_route=%2Fwp%2Fv2%2Fcomments&post=65269"}],"version-history":[{"count":1,"href":"https:\/\/akunq.net\/tr\/index.php?rest_route=\/wp\/v2\/posts\/65269\/revisions"}],"predecessor-version":[{"id":65271,"href":"https:\/\/akunq.net\/tr\/index.php?rest_route=\/wp\/v2\/posts\/65269\/revisions\/65271"}],"wp:featuredmedia":[{"embeddable":true,"href":"https:\/\/akunq.net\/tr\/index.php?rest_route=\/wp\/v2\/media\/65270"}],"wp:attachment":[{"href":"https:\/\/akunq.net\/tr\/index.php?rest_route=%2Fwp%2Fv2%2Fmedia&parent=65269"}],"wp:term":[{"taxonomy":"category","embeddable":true,"href":"https:\/\/akunq.net\/tr\/index.php?rest_route=%2Fwp%2Fv2%2Fcategories&post=65269"},{"taxonomy":"post_tag","embeddable":true,"href":"https:\/\/akunq.net\/tr\/index.php?rest_route=%2Fwp%2Fv2%2Ftags&post=65269"}],"curies":[{"name":"wp","href":"https:\/\/api.w.org\/{rel}","templated":true}]}}