{"id":65259,"date":"2021-10-22T01:49:16","date_gmt":"2021-10-22T06:49:16","guid":{"rendered":"https:\/\/akunq.net\/tr\/?p=65259"},"modified":"2021-10-22T01:49:16","modified_gmt":"2021-10-22T06:49:16","slug":"kazdikca-tarih-fiskiriyor","status":"publish","type":"post","link":"https:\/\/akunq.net\/tr\/?p=65259","title":{"rendered":"Kazd\u0131k\u00e7a tarih f\u0131\u015fk\u0131r\u0131yor"},"content":{"rendered":"<p><img loading=\"lazy\" decoding=\"async\" class=\"aligncenter size-medium wp-image-65260\" src=\"https:\/\/akunq.net\/tr\/wp-content\/uploads\/2021\/10\/Mardin-360x191.jpg\" alt=\"\" width=\"360\" height=\"191\" srcset=\"https:\/\/akunq.net\/tr\/wp-content\/uploads\/sites\/6\/2021\/10\/Mardin-360x191.jpg 360w, https:\/\/akunq.net\/tr\/wp-content\/uploads\/sites\/6\/2021\/10\/Mardin-560x296.jpg 560w, https:\/\/akunq.net\/tr\/wp-content\/uploads\/sites\/6\/2021\/10\/Mardin-260x138.jpg 260w, https:\/\/akunq.net\/tr\/wp-content\/uploads\/sites\/6\/2021\/10\/Mardin-160x85.jpg 160w, https:\/\/akunq.net\/tr\/wp-content\/uploads\/sites\/6\/2021\/10\/Mardin.jpg 650w\" sizes=\"auto, (max-width: 360px) 100vw, 360px\" \/><\/p>\n<p><strong><em>Mardin Boncuklu Tarla\u2019da yap\u0131lan kaz\u0131larda 12 bin y\u0131ll\u0131k tap\u0131nak, Mu\u011fla Kaunos\u2019ta Bizans d\u00f6nemine ait kilise, Ni\u011fde\u2019de ise 20 milyon y\u0131ll\u0131k deniz fosili bulundu.<\/em><\/strong><\/p>\n<p>Yurdun d\u00f6rt bir yan\u0131ndaki antik kaz\u0131larda, adeta tarih f\u0131\u015fk\u0131r\u0131yor\u2026 Mardin\u2019in Darge\u00e7it il\u00e7esinin Il\u0131su mahallesinde bulunan Boncuklu Tarla\u2019daki kaz\u0131larda, Neolitik d\u00f6neme ait 12 bin y\u0131ll\u0131k tap\u0131nak bulundu. 25 medeniyete ev sahipli\u011fi yapan alandaki 2.5 hektarl\u0131k h\u00f6y\u00fckte bug\u00fcne kadar, mimari kal\u0131nt\u0131, ev, \u00f6zel yap\u0131, kamu binalar\u0131 ile mezarlarda 130 iskelet, 100 bini a\u015fk\u0131n boncuk bulunmu\u015ftu. Kaz\u0131 ba\u015fkan\u0131 ve Mardin Artuklu \u00dcniversitesi Arkeoloji B\u00f6l\u00fcm\u00fc \u00d6\u011fretim \u00dcyesi Do\u00e7. Dr. Erg\u00fcl Koda\u015f, 2020\u2019ye kadar kurtarma kaz\u0131lar\u0131 olarak devam eden \u00e7al\u0131\u015fmalar\u0131n bu y\u0131l \u201cCumhurba\u015fkanl\u0131\u011f\u0131 Kaz\u0131s\u0131\u201d stat\u00fcs\u00fcnde y\u00fcr\u00fct\u00fcld\u00fc\u011f\u00fcn\u00fc s\u00f6yleyerek, \u201cBulunan yap\u0131, hem G\u00f6beklitepe ile hem de b\u00f6lgede bu d\u00f6neme ait yap\u0131larla benzer \u00f6zellikler ta\u015f\u0131yor. Yap\u0131n\u0131n kendine \u00f6zg\u00fc bir mimari \u00fcslubu, \u015fekli ve i\u00e7 d\u00fczenlemesi var. Hem mimari \u00f6zellikleri hem de i\u00e7indeki buluntular nedeniyle inan\u00e7la ili\u015fkili oldu\u011funu d\u00fc\u015f\u00fcnd\u00fc\u011f\u00fcm\u00fcz \u00f6zellikler ta\u015f\u0131yor. 12 bin y\u0131la tarihlenen bir tap\u0131nak oldu\u011funu s\u00f6yleyebiliriz\u201d diye konu\u015ftu.<\/p>\n<p><strong>B\u0130N 600 YILLIK K\u0130L\u0130SE<\/strong><br \/>\nUNESCO D\u00fcnya Miras\u0131 Ge\u00e7ici Listesi\u2019nde bulunan, Mu\u011fla\u2019n\u0131n Ortaca il\u00e7esine ba\u011fl\u0131 Dalyan\u2019daki Kaunos Antik Kenti\u2019nde, Prof. Dr. Baki \u00d6\u011f\u00fcn taraf\u0131ndan 1966\u2019da ba\u015flat\u0131lan kaz\u0131lar, \u00f6\u011frencisi Prof. Dr. Cengiz I\u015f\u0131k ba\u015fkanl\u0131\u011f\u0131nda 2020\u2019ye kadar s\u00fcrd\u00fc. 55 y\u0131ld\u0131r aral\u0131ks\u0131z s\u00fcren kaz\u0131 \u00e7al\u0131\u015fmalar\u0131n\u0131 2021\u2019de I\u015f\u0131k\u2019\u0131n \u00f6\u011frencisi Do\u00e7. Dr. Ufuk \u00c7\u00f6rt\u00fck devrald\u0131. Antik kentin, tiyatrodaki d\u00f6ner perde sistemi, tanr\u0131lara ba\u011f\u0131\u015f toplanan kumbara, d\u00fcnyaca \u00fcnl\u00fc kaya mezarlar\u0131, Karca ve Yunanca \u00e7ift dilli yaz\u0131t gibi bir\u00e7ok \u201cilk\u201d ile \u00fcnlendi\u011fini s\u00f6yleyen \u00c7\u00f6rt\u00fck, M.S. 2. y\u00fczy\u0131lda yap\u0131lan, 98 metre uzunlu\u011funda ve 22 metre geni\u015fli\u011findeki bazilikada y\u00fcr\u00fctt\u00fckleri \u00e7al\u0131\u015fmalarda, Bizans d\u00f6nemi kilisesiyle kar\u015f\u0131la\u015ft\u0131klar\u0131n\u0131 belirtti. Kaunoslular\u0131n 5. ve 6. y\u00fczy\u0131lda bazilikan\u0131n do\u011fu kenar\u0131n\u0131 kiliseye \u00e7evirdiklerini aktaran \u00c7\u00f6rt\u00fck, kilisede \u00e7ok g\u00fczel bir i\u015f\u00e7ili\u011fe sahip ve b\u00fcy\u00fck ihtimalle kilisenin ba\u015f rahibinin mezar\u0131yla kar\u015f\u0131la\u015ft\u0131klar\u0131n\u0131, bu mezar\u0131n en az \u00fcst \u00fcste 3-4 g\u00f6m\u00fcy\u00fc de bar\u0131nd\u0131rd\u0131\u011f\u0131n\u0131 anlatt\u0131.<\/p>\n<p><strong>20 M\u0130LYON YILLIK FOS\u0130L<\/strong><br \/>\nN\u0130\u011eDE Kemerhisar\u2019daki Tyana Antik Kenti\u2019nde devam eden kaz\u0131larda ise bir deniz canl\u0131s\u0131na ait oldu\u011fu de\u011ferlendirilen 20 milyon y\u0131ll\u0131k fosil bulundu. Kaz\u0131 heyeti ba\u015fkan\u0131 ve Aksaray \u00dcniversitesi Arkeoloji B\u00f6l\u00fcm\u00fc \u00d6\u011fretim \u00dcyesi Do\u00e7. Dr. Osman Do\u011fanay, \u201cFosilin \u2018nummulites\u2019 cinsi deniz kabuklusu oldu\u011funu tespit ettik. Yine ayn\u0131 tabakada yuvarlak k\u00fc\u00e7\u00fck diskler bulduk. Bu disklerin de fosille birlikte \u00f6deme arac\u0131 olarak kullan\u0131ld\u0131\u011f\u0131n\u0131 tahmin ediyoruz, \u00e7\u00fcnk\u00fc M\u0131s\u0131r\u2019da benzer \u00f6rnekleri var. Bulgulara g\u00f6re Tyana Antik Kenti\u2019nde \u00f6rg\u00fctl\u00fc insan ya\u015fam\u0131 en az 5 bin y\u0131l \u00f6ncesine kadar uzan\u0131yor\u201d dedi.<\/p>\n<p><em><strong>https:\/\/www.sabah.com.tr\/yasam\/kazdikca-tarih-fiskiriyor-5714062\u00a0<\/strong><\/em><\/p>\n","protected":false},"excerpt":{"rendered":"<p>Mardin Boncuklu Tarla\u2019da yap\u0131lan kaz\u0131larda 12 bin y\u0131ll\u0131k tap\u0131nak, Mu\u011fla Kaunos\u2019ta Bizans d\u00f6nemine ait kilise, Ni\u011fde\u2019de ise 20 milyon y\u0131ll\u0131k deniz fosili bulundu. Yurdun d\u00f6rt bir yan\u0131ndaki antik kaz\u0131larda, adeta tarih f\u0131\u015fk\u0131r\u0131yor\u2026 Mardin\u2019in Darge\u00e7it il\u00e7esinin Il\u0131su mahallesinde bulunan Boncuklu Tarla\u2019daki kaz\u0131larda, Neolitik d\u00f6neme ait 12 bin y\u0131ll\u0131k tap\u0131nak bulundu. 25 medeniyete ev sahipli\u011fi yapan alandaki [&hellip;]<\/p>\n","protected":false},"author":7,"featured_media":65260,"comment_status":"open","ping_status":"open","sticky":false,"template":"","format":"standard","meta":{"footnotes":""},"categories":[22,1],"tags":[],"class_list":["post-65259","post","type-post","status-publish","format-standard","has-post-thumbnail","hentry","category-gunumuzde-bati-ermenistan","category-haberler"],"yoast_head":"<!-- This site is optimized with the Yoast SEO plugin v27.4 - https:\/\/yoast.com\/product\/yoast-seo-wordpress\/ -->\n<title>Kazd\u0131k\u00e7a tarih f\u0131\u015fk\u0131r\u0131yor - Bati Ermenistan Ve Bati Ermenileri Sorunlari Ara\u015ftirmalar Merkezi<\/title>\n<meta name=\"robots\" content=\"index, follow, max-snippet:-1, max-image-preview:large, max-video-preview:-1\" \/>\n<link rel=\"canonical\" href=\"https:\/\/akunq.net\/tr\/?p=65259\" \/>\n<meta property=\"og:locale\" content=\"en_US\" \/>\n<meta property=\"og:type\" content=\"article\" \/>\n<meta property=\"og:title\" content=\"Kazd\u0131k\u00e7a tarih f\u0131\u015fk\u0131r\u0131yor - Bati Ermenistan Ve Bati Ermenileri Sorunlari Ara\u015ftirmalar Merkezi\" \/>\n<meta property=\"og:description\" content=\"Mardin Boncuklu Tarla\u2019da yap\u0131lan kaz\u0131larda 12 bin y\u0131ll\u0131k tap\u0131nak, Mu\u011fla Kaunos\u2019ta Bizans d\u00f6nemine ait kilise, Ni\u011fde\u2019de ise 20 milyon y\u0131ll\u0131k deniz fosili bulundu. Yurdun d\u00f6rt bir yan\u0131ndaki antik kaz\u0131larda, adeta tarih f\u0131\u015fk\u0131r\u0131yor\u2026 Mardin\u2019in Darge\u00e7it il\u00e7esinin Il\u0131su mahallesinde bulunan Boncuklu Tarla\u2019daki kaz\u0131larda, Neolitik d\u00f6neme ait 12 bin y\u0131ll\u0131k tap\u0131nak bulundu. 25 medeniyete ev sahipli\u011fi yapan alandaki [&hellip;]\" \/>\n<meta property=\"og:url\" content=\"https:\/\/akunq.net\/tr\/?p=65259\" \/>\n<meta property=\"og:site_name\" content=\"Bati Ermenistan Ve Bati Ermenileri Sorunlari Ara\u015ftirmalar Merkezi\" \/>\n<meta property=\"article:published_time\" content=\"2021-10-22T06:49:16+00:00\" \/>\n<meta property=\"og:image\" content=\"https:\/\/akunq.net\/tr\/wp-content\/uploads\/sites\/6\/2021\/10\/Mardin.jpg\" \/>\n\t<meta property=\"og:image:width\" content=\"650\" \/>\n\t<meta property=\"og:image:height\" content=\"344\" \/>\n\t<meta property=\"og:image:type\" content=\"image\/jpeg\" \/>\n<meta name=\"author\" content=\"admin\" \/>\n<meta name=\"twitter:card\" content=\"summary_large_image\" \/>\n<meta name=\"twitter:label1\" content=\"Written by\" \/>\n\t<meta name=\"twitter:data1\" content=\"admin\" \/>\n\t<meta name=\"twitter:label2\" content=\"Est. reading time\" \/>\n\t<meta name=\"twitter:data2\" content=\"3 minutes\" \/>\n<script type=\"application\/ld+json\" class=\"yoast-schema-graph\">{\"@context\":\"https:\\\/\\\/schema.org\",\"@graph\":[{\"@type\":\"Article\",\"@id\":\"https:\\\/\\\/akunq.net\\\/tr\\\/?p=65259#article\",\"isPartOf\":{\"@id\":\"https:\\\/\\\/akunq.net\\\/tr\\\/?p=65259\"},\"author\":{\"name\":\"admin\",\"@id\":\"https:\\\/\\\/akunq.net\\\/tr\\\/#\\\/schema\\\/person\\\/096f1d38a12cce57fb855b485ed24c9e\"},\"headline\":\"Kazd\u0131k\u00e7a tarih f\u0131\u015fk\u0131r\u0131yor\",\"datePublished\":\"2021-10-22T06:49:16+00:00\",\"mainEntityOfPage\":{\"@id\":\"https:\\\/\\\/akunq.net\\\/tr\\\/?p=65259\"},\"wordCount\":553,\"commentCount\":0,\"image\":{\"@id\":\"https:\\\/\\\/akunq.net\\\/tr\\\/?p=65259#primaryimage\"},\"thumbnailUrl\":\"https:\\\/\\\/akunq.net\\\/tr\\\/wp-content\\\/uploads\\\/sites\\\/6\\\/2021\\\/10\\\/Mardin.jpg\",\"articleSection\":[\"G\u00fcn\u00fcm\u00fczde Bat\u0131 Ermenistan\",\"Haberler\"],\"inLanguage\":\"en-US\",\"potentialAction\":[{\"@type\":\"CommentAction\",\"name\":\"Comment\",\"target\":[\"https:\\\/\\\/akunq.net\\\/tr\\\/?p=65259#respond\"]}]},{\"@type\":\"WebPage\",\"@id\":\"https:\\\/\\\/akunq.net\\\/tr\\\/?p=65259\",\"url\":\"https:\\\/\\\/akunq.net\\\/tr\\\/?p=65259\",\"name\":\"Kazd\u0131k\u00e7a tarih f\u0131\u015fk\u0131r\u0131yor - Bati Ermenistan Ve Bati Ermenileri Sorunlari Ara\u015ftirmalar Merkezi\",\"isPartOf\":{\"@id\":\"https:\\\/\\\/akunq.net\\\/tr\\\/#website\"},\"primaryImageOfPage\":{\"@id\":\"https:\\\/\\\/akunq.net\\\/tr\\\/?p=65259#primaryimage\"},\"image\":{\"@id\":\"https:\\\/\\\/akunq.net\\\/tr\\\/?p=65259#primaryimage\"},\"thumbnailUrl\":\"https:\\\/\\\/akunq.net\\\/tr\\\/wp-content\\\/uploads\\\/sites\\\/6\\\/2021\\\/10\\\/Mardin.jpg\",\"datePublished\":\"2021-10-22T06:49:16+00:00\",\"author\":{\"@id\":\"https:\\\/\\\/akunq.net\\\/tr\\\/#\\\/schema\\\/person\\\/096f1d38a12cce57fb855b485ed24c9e\"},\"breadcrumb\":{\"@id\":\"https:\\\/\\\/akunq.net\\\/tr\\\/?p=65259#breadcrumb\"},\"inLanguage\":\"en-US\",\"potentialAction\":[{\"@type\":\"ReadAction\",\"target\":[\"https:\\\/\\\/akunq.net\\\/tr\\\/?p=65259\"]}]},{\"@type\":\"ImageObject\",\"inLanguage\":\"en-US\",\"@id\":\"https:\\\/\\\/akunq.net\\\/tr\\\/?p=65259#primaryimage\",\"url\":\"https:\\\/\\\/akunq.net\\\/tr\\\/wp-content\\\/uploads\\\/sites\\\/6\\\/2021\\\/10\\\/Mardin.jpg\",\"contentUrl\":\"https:\\\/\\\/akunq.net\\\/tr\\\/wp-content\\\/uploads\\\/sites\\\/6\\\/2021\\\/10\\\/Mardin.jpg\",\"width\":650,\"height\":344},{\"@type\":\"BreadcrumbList\",\"@id\":\"https:\\\/\\\/akunq.net\\\/tr\\\/?p=65259#breadcrumb\",\"itemListElement\":[{\"@type\":\"ListItem\",\"position\":1,\"name\":\"Home\",\"item\":\"https:\\\/\\\/akunq.net\\\/tr\"},{\"@type\":\"ListItem\",\"position\":2,\"name\":\"Kazd\u0131k\u00e7a tarih f\u0131\u015fk\u0131r\u0131yor\"}]},{\"@type\":\"WebSite\",\"@id\":\"https:\\\/\\\/akunq.net\\\/tr\\\/#website\",\"url\":\"https:\\\/\\\/akunq.net\\\/tr\\\/\",\"name\":\"Bati Ermenistan Ve Bati Ermenileri Sorunlari Ara\u015ftirmalar Merkezi\",\"description\":\"\",\"potentialAction\":[{\"@type\":\"SearchAction\",\"target\":{\"@type\":\"EntryPoint\",\"urlTemplate\":\"https:\\\/\\\/akunq.net\\\/tr\\\/?s={search_term_string}\"},\"query-input\":{\"@type\":\"PropertyValueSpecification\",\"valueRequired\":true,\"valueName\":\"search_term_string\"}}],\"inLanguage\":\"en-US\"},{\"@type\":\"Person\",\"@id\":\"https:\\\/\\\/akunq.net\\\/tr\\\/#\\\/schema\\\/person\\\/096f1d38a12cce57fb855b485ed24c9e\",\"name\":\"admin\",\"url\":\"https:\\\/\\\/akunq.net\\\/tr\\\/?author=7\"}]}<\/script>\n<!-- \/ Yoast SEO plugin. -->","yoast_head_json":{"title":"Kazd\u0131k\u00e7a tarih f\u0131\u015fk\u0131r\u0131yor - Bati Ermenistan Ve Bati Ermenileri Sorunlari Ara\u015ftirmalar Merkezi","robots":{"index":"index","follow":"follow","max-snippet":"max-snippet:-1","max-image-preview":"max-image-preview:large","max-video-preview":"max-video-preview:-1"},"canonical":"https:\/\/akunq.net\/tr\/?p=65259","og_locale":"en_US","og_type":"article","og_title":"Kazd\u0131k\u00e7a tarih f\u0131\u015fk\u0131r\u0131yor - Bati Ermenistan Ve Bati Ermenileri Sorunlari Ara\u015ftirmalar Merkezi","og_description":"Mardin Boncuklu Tarla\u2019da yap\u0131lan kaz\u0131larda 12 bin y\u0131ll\u0131k tap\u0131nak, Mu\u011fla Kaunos\u2019ta Bizans d\u00f6nemine ait kilise, Ni\u011fde\u2019de ise 20 milyon y\u0131ll\u0131k deniz fosili bulundu. Yurdun d\u00f6rt bir yan\u0131ndaki antik kaz\u0131larda, adeta tarih f\u0131\u015fk\u0131r\u0131yor\u2026 Mardin\u2019in Darge\u00e7it il\u00e7esinin Il\u0131su mahallesinde bulunan Boncuklu Tarla\u2019daki kaz\u0131larda, Neolitik d\u00f6neme ait 12 bin y\u0131ll\u0131k tap\u0131nak bulundu. 25 medeniyete ev sahipli\u011fi yapan alandaki [&hellip;]","og_url":"https:\/\/akunq.net\/tr\/?p=65259","og_site_name":"Bati Ermenistan Ve Bati Ermenileri Sorunlari Ara\u015ftirmalar Merkezi","article_published_time":"2021-10-22T06:49:16+00:00","og_image":[{"width":650,"height":344,"url":"https:\/\/akunq.net\/tr\/wp-content\/uploads\/sites\/6\/2021\/10\/Mardin.jpg","type":"image\/jpeg"}],"author":"admin","twitter_card":"summary_large_image","twitter_misc":{"Written by":"admin","Est. reading time":"3 minutes"},"schema":{"@context":"https:\/\/schema.org","@graph":[{"@type":"Article","@id":"https:\/\/akunq.net\/tr\/?p=65259#article","isPartOf":{"@id":"https:\/\/akunq.net\/tr\/?p=65259"},"author":{"name":"admin","@id":"https:\/\/akunq.net\/tr\/#\/schema\/person\/096f1d38a12cce57fb855b485ed24c9e"},"headline":"Kazd\u0131k\u00e7a tarih f\u0131\u015fk\u0131r\u0131yor","datePublished":"2021-10-22T06:49:16+00:00","mainEntityOfPage":{"@id":"https:\/\/akunq.net\/tr\/?p=65259"},"wordCount":553,"commentCount":0,"image":{"@id":"https:\/\/akunq.net\/tr\/?p=65259#primaryimage"},"thumbnailUrl":"https:\/\/akunq.net\/tr\/wp-content\/uploads\/sites\/6\/2021\/10\/Mardin.jpg","articleSection":["G\u00fcn\u00fcm\u00fczde Bat\u0131 Ermenistan","Haberler"],"inLanguage":"en-US","potentialAction":[{"@type":"CommentAction","name":"Comment","target":["https:\/\/akunq.net\/tr\/?p=65259#respond"]}]},{"@type":"WebPage","@id":"https:\/\/akunq.net\/tr\/?p=65259","url":"https:\/\/akunq.net\/tr\/?p=65259","name":"Kazd\u0131k\u00e7a tarih f\u0131\u015fk\u0131r\u0131yor - Bati Ermenistan Ve Bati Ermenileri Sorunlari Ara\u015ftirmalar Merkezi","isPartOf":{"@id":"https:\/\/akunq.net\/tr\/#website"},"primaryImageOfPage":{"@id":"https:\/\/akunq.net\/tr\/?p=65259#primaryimage"},"image":{"@id":"https:\/\/akunq.net\/tr\/?p=65259#primaryimage"},"thumbnailUrl":"https:\/\/akunq.net\/tr\/wp-content\/uploads\/sites\/6\/2021\/10\/Mardin.jpg","datePublished":"2021-10-22T06:49:16+00:00","author":{"@id":"https:\/\/akunq.net\/tr\/#\/schema\/person\/096f1d38a12cce57fb855b485ed24c9e"},"breadcrumb":{"@id":"https:\/\/akunq.net\/tr\/?p=65259#breadcrumb"},"inLanguage":"en-US","potentialAction":[{"@type":"ReadAction","target":["https:\/\/akunq.net\/tr\/?p=65259"]}]},{"@type":"ImageObject","inLanguage":"en-US","@id":"https:\/\/akunq.net\/tr\/?p=65259#primaryimage","url":"https:\/\/akunq.net\/tr\/wp-content\/uploads\/sites\/6\/2021\/10\/Mardin.jpg","contentUrl":"https:\/\/akunq.net\/tr\/wp-content\/uploads\/sites\/6\/2021\/10\/Mardin.jpg","width":650,"height":344},{"@type":"BreadcrumbList","@id":"https:\/\/akunq.net\/tr\/?p=65259#breadcrumb","itemListElement":[{"@type":"ListItem","position":1,"name":"Home","item":"https:\/\/akunq.net\/tr"},{"@type":"ListItem","position":2,"name":"Kazd\u0131k\u00e7a tarih f\u0131\u015fk\u0131r\u0131yor"}]},{"@type":"WebSite","@id":"https:\/\/akunq.net\/tr\/#website","url":"https:\/\/akunq.net\/tr\/","name":"Bati Ermenistan Ve Bati Ermenileri Sorunlari Ara\u015ftirmalar Merkezi","description":"","potentialAction":[{"@type":"SearchAction","target":{"@type":"EntryPoint","urlTemplate":"https:\/\/akunq.net\/tr\/?s={search_term_string}"},"query-input":{"@type":"PropertyValueSpecification","valueRequired":true,"valueName":"search_term_string"}}],"inLanguage":"en-US"},{"@type":"Person","@id":"https:\/\/akunq.net\/tr\/#\/schema\/person\/096f1d38a12cce57fb855b485ed24c9e","name":"admin","url":"https:\/\/akunq.net\/tr\/?author=7"}]}},"_links":{"self":[{"href":"https:\/\/akunq.net\/tr\/index.php?rest_route=\/wp\/v2\/posts\/65259","targetHints":{"allow":["GET"]}}],"collection":[{"href":"https:\/\/akunq.net\/tr\/index.php?rest_route=\/wp\/v2\/posts"}],"about":[{"href":"https:\/\/akunq.net\/tr\/index.php?rest_route=\/wp\/v2\/types\/post"}],"author":[{"embeddable":true,"href":"https:\/\/akunq.net\/tr\/index.php?rest_route=\/wp\/v2\/users\/7"}],"replies":[{"embeddable":true,"href":"https:\/\/akunq.net\/tr\/index.php?rest_route=%2Fwp%2Fv2%2Fcomments&post=65259"}],"version-history":[{"count":1,"href":"https:\/\/akunq.net\/tr\/index.php?rest_route=\/wp\/v2\/posts\/65259\/revisions"}],"predecessor-version":[{"id":65261,"href":"https:\/\/akunq.net\/tr\/index.php?rest_route=\/wp\/v2\/posts\/65259\/revisions\/65261"}],"wp:featuredmedia":[{"embeddable":true,"href":"https:\/\/akunq.net\/tr\/index.php?rest_route=\/wp\/v2\/media\/65260"}],"wp:attachment":[{"href":"https:\/\/akunq.net\/tr\/index.php?rest_route=%2Fwp%2Fv2%2Fmedia&parent=65259"}],"wp:term":[{"taxonomy":"category","embeddable":true,"href":"https:\/\/akunq.net\/tr\/index.php?rest_route=%2Fwp%2Fv2%2Fcategories&post=65259"},{"taxonomy":"post_tag","embeddable":true,"href":"https:\/\/akunq.net\/tr\/index.php?rest_route=%2Fwp%2Fv2%2Ftags&post=65259"}],"curies":[{"name":"wp","href":"https:\/\/api.w.org\/{rel}","templated":true}]}}