{"id":65253,"date":"2021-10-22T01:22:14","date_gmt":"2021-10-22T06:22:14","guid":{"rendered":"https:\/\/akunq.net\/tr\/?p=65253"},"modified":"2021-10-22T01:22:14","modified_gmt":"2021-10-22T06:22:14","slug":"abden-turkiye-raporu-demokratik-kurumlarin-isleyisinde-ciddi-eksiklikler-var","status":"publish","type":"post","link":"https:\/\/akunq.net\/tr\/?p=65253","title":{"rendered":"AB&#8217;den T\u00fcrkiye raporu: Demokratik kurumlar\u0131n i\u015fleyi\u015finde ciddi eksiklikler var"},"content":{"rendered":"<div class=\"bbc-19j92fr e57qer20\" dir=\"ltr\">\n<p dir=\"ltr\"><img loading=\"lazy\" decoding=\"async\" class=\"aligncenter size-medium wp-image-65254\" src=\"https:\/\/akunq.net\/tr\/wp-content\/uploads\/2021\/10\/AB-360x230.jpg\" alt=\"\" width=\"360\" height=\"230\" srcset=\"https:\/\/akunq.net\/tr\/wp-content\/uploads\/sites\/6\/2021\/10\/AB-360x230.jpg 360w, https:\/\/akunq.net\/tr\/wp-content\/uploads\/sites\/6\/2021\/10\/AB-768x490.jpg 768w, https:\/\/akunq.net\/tr\/wp-content\/uploads\/sites\/6\/2021\/10\/AB-1536x980.jpg 1536w, https:\/\/akunq.net\/tr\/wp-content\/uploads\/sites\/6\/2021\/10\/AB-2048x1306.jpg 2048w, https:\/\/akunq.net\/tr\/wp-content\/uploads\/sites\/6\/2021\/10\/AB-560x357.jpg 560w, https:\/\/akunq.net\/tr\/wp-content\/uploads\/sites\/6\/2021\/10\/AB-260x166.jpg 260w, https:\/\/akunq.net\/tr\/wp-content\/uploads\/sites\/6\/2021\/10\/AB-160x102.jpg 160w\" sizes=\"auto, (max-width: 360px) 100vw, 360px\" \/><\/p>\n<p class=\"bbc-bm53ic e1cc2ql70\" dir=\"ltr\"><em><b>Avrupa Birli\u011fi (AB) Komisyonu, haz\u0131rlad\u0131\u011f\u0131 d\u00f6nem raporunda T\u00fcrkiye&#8217;nin demokratik kurumlar\u0131n\u0131n i\u015fleyi\u015finde &#8220;ciddi eksiklikler&#8221; oldu\u011funu, &#8220;demokrasi ve insan haklar\u0131 alanlar\u0131nda gerilemenin devam etti\u011fini&#8221; kaydetti. T\u00fcrkiye ise D\u0131\u015fi\u015fleri Bakanl\u0131\u011f\u0131&#8217;n\u0131n yay\u0131mlad\u0131\u011f\u0131 yaz\u0131l\u0131 a\u00e7\u0131klama ile AB raporuna tepki g\u00f6sterdi.<\/b><\/em><\/p>\n<\/div>\n<div class=\"bbc-19j92fr e57qer20\" dir=\"ltr\">\n<p class=\"bbc-bm53ic e1cc2ql70\" dir=\"ltr\">AB&#8217;nin y\u00fcr\u00fctme organ\u0131 g\u00f6revini y\u00fcr\u00fcten Komisyon, geni\u015fleme s\u00fcrecindeki \u00fclkelerin ba\u015fta Kopenhag kriterleri ve AB m\u00fcktesebat\u0131na uyum d\u00fczeylerini g\u00f6steren \u00fclke raporunu a\u00e7\u0131klad\u0131.<\/p>\n<\/div>\n<div class=\"bbc-19j92fr e57qer20\" dir=\"ltr\">\n<p class=\"bbc-bm53ic e1cc2ql70\" dir=\"ltr\">Muhalefet partilerinin hedef al\u0131nmaya devam etti\u011fini kaydeden rapor, T\u00fcrkiye&#8217;nin AB m\u00fcktesebat\u0131na uyum konusunda bir ilerleme g\u00f6stermekten uzak oldu\u011funu kayda ge\u00e7irdi.<\/p>\n<\/div>\n<div class=\"bbc-19j92fr e57qer20\" dir=\"ltr\">\n<p class=\"bbc-bm53ic e1cc2ql70\" dir=\"ltr\">T\u00fcrkiye i\u00e7in haz\u0131rlanan 128 sayfal\u0131k raporda Haziran 2020-Haziran 2021 d\u00f6neminde siyasi, sosyal, ekonomik geli\u015fmeler ile 35 m\u00fczakere ba\u015fl\u0131\u011f\u0131nda g\u00f6sterilen performans ayr\u0131nt\u0131l\u0131 \u015fekilde yer ald\u0131.<\/p>\n<\/div>\n<div class=\"bbc-19j92fr e57qer20\" dir=\"ltr\">\n<p class=\"bbc-bm53ic e1cc2ql70\" dir=\"ltr\">AB Genel \u0130\u015fler Konseyi&#8217;nin 2019 Haziran ay\u0131nda ald\u0131\u011f\u0131 kararla T\u00fcrkiye&#8217;nin AB&#8217;ye kat\u0131l\u0131m s\u00fcrecinin durma noktas\u0131na geldi\u011finin ve hi\u00e7bir m\u00fczakere ba\u015fl\u0131\u011f\u0131n\u0131n a\u00e7\u0131lmayaca\u011f\u0131n\u0131n an\u0131msat\u0131ld\u0131\u011f\u0131 raporda, &#8220;Raporun yaz\u0131ld\u0131\u011f\u0131 d\u00f6nemde, AB&#8217;ye kat\u0131l\u0131m hedefine ili\u015fkin kararl\u0131l\u0131\u011f\u0131na kar\u015f\u0131n T\u00fcrk h\u00fck\u00fcmeti, bu k\u00f6t\u00fcye gidi\u015fi geriye \u00e7evirmedi. AB&#8217;nin demokrasi, hukukun \u00fcst\u00fcnl\u00fc\u011f\u00fc, yarg\u0131n\u0131n ba\u011f\u0131ms\u0131zl\u0131\u011f\u0131, demokrasi ve temel haklarda devam eden k\u00f6t\u00fcle\u015fmeye ili\u015fkin ciddi kayg\u0131lar\u0131na yan\u0131t verilmedi. Bir\u00e7ok alanda geriye gidi\u015f ya\u015fand\u0131&#8221; de\u011ferlendirmesine yer verildi.<\/p>\n<p><em><strong>https:\/\/www.bbc.com\/turkce\/haberler-dunya-58972199\u00a0<\/strong><\/em><\/p>\n<\/div>\n","protected":false},"excerpt":{"rendered":"<p>Avrupa Birli\u011fi (AB) Komisyonu, haz\u0131rlad\u0131\u011f\u0131 d\u00f6nem raporunda T\u00fcrkiye&#8217;nin demokratik kurumlar\u0131n\u0131n i\u015fleyi\u015finde &#8220;ciddi eksiklikler&#8221; oldu\u011funu, &#8220;demokrasi ve insan haklar\u0131 alanlar\u0131nda gerilemenin devam etti\u011fini&#8221; kaydetti. T\u00fcrkiye ise D\u0131\u015fi\u015fleri Bakanl\u0131\u011f\u0131&#8217;n\u0131n yay\u0131mlad\u0131\u011f\u0131 yaz\u0131l\u0131 a\u00e7\u0131klama ile AB raporuna tepki g\u00f6sterdi. AB&#8217;nin y\u00fcr\u00fctme organ\u0131 g\u00f6revini y\u00fcr\u00fcten Komisyon, geni\u015fleme s\u00fcrecindeki \u00fclkelerin ba\u015fta Kopenhag kriterleri ve AB m\u00fcktesebat\u0131na uyum d\u00fczeylerini g\u00f6steren \u00fclke raporunu [&hellip;]<\/p>\n","protected":false},"author":7,"featured_media":65254,"comment_status":"open","ping_status":"open","sticky":false,"template":"","format":"standard","meta":{"footnotes":""},"categories":[1],"tags":[],"class_list":["post-65253","post","type-post","status-publish","format-standard","has-post-thumbnail","hentry","category-haberler"],"yoast_head":"<!-- This site is optimized with the Yoast SEO plugin v27.4 - https:\/\/yoast.com\/product\/yoast-seo-wordpress\/ -->\n<title>AB&#039;den T\u00fcrkiye raporu: Demokratik kurumlar\u0131n i\u015fleyi\u015finde ciddi eksiklikler var - Bati Ermenistan Ve Bati Ermenileri Sorunlari Ara\u015ftirmalar Merkezi<\/title>\n<meta name=\"robots\" content=\"index, follow, max-snippet:-1, max-image-preview:large, max-video-preview:-1\" \/>\n<link rel=\"canonical\" href=\"https:\/\/akunq.net\/tr\/?p=65253\" \/>\n<meta property=\"og:locale\" content=\"en_US\" \/>\n<meta property=\"og:type\" content=\"article\" \/>\n<meta property=\"og:title\" content=\"AB&#039;den T\u00fcrkiye raporu: Demokratik kurumlar\u0131n i\u015fleyi\u015finde ciddi eksiklikler var - Bati Ermenistan Ve Bati Ermenileri Sorunlari Ara\u015ftirmalar Merkezi\" \/>\n<meta property=\"og:description\" content=\"Avrupa Birli\u011fi (AB) Komisyonu, haz\u0131rlad\u0131\u011f\u0131 d\u00f6nem raporunda T\u00fcrkiye&#8217;nin demokratik kurumlar\u0131n\u0131n i\u015fleyi\u015finde &#8220;ciddi eksiklikler&#8221; oldu\u011funu, &#8220;demokrasi ve insan haklar\u0131 alanlar\u0131nda gerilemenin devam etti\u011fini&#8221; kaydetti. T\u00fcrkiye ise D\u0131\u015fi\u015fleri Bakanl\u0131\u011f\u0131&#8217;n\u0131n yay\u0131mlad\u0131\u011f\u0131 yaz\u0131l\u0131 a\u00e7\u0131klama ile AB raporuna tepki g\u00f6sterdi. AB&#8217;nin y\u00fcr\u00fctme organ\u0131 g\u00f6revini y\u00fcr\u00fcten Komisyon, geni\u015fleme s\u00fcrecindeki \u00fclkelerin ba\u015fta Kopenhag kriterleri ve AB m\u00fcktesebat\u0131na uyum d\u00fczeylerini g\u00f6steren \u00fclke raporunu [&hellip;]\" \/>\n<meta property=\"og:url\" content=\"https:\/\/akunq.net\/tr\/?p=65253\" \/>\n<meta property=\"og:site_name\" content=\"Bati Ermenistan Ve Bati Ermenileri Sorunlari Ara\u015ftirmalar Merkezi\" \/>\n<meta property=\"article:published_time\" content=\"2021-10-22T06:22:14+00:00\" \/>\n<meta property=\"og:image\" content=\"https:\/\/akunq.net\/tr\/wp-content\/uploads\/sites\/6\/2021\/10\/AB.jpg\" \/>\n\t<meta property=\"og:image:width\" content=\"2314\" \/>\n\t<meta property=\"og:image:height\" content=\"1476\" \/>\n\t<meta property=\"og:image:type\" content=\"image\/jpeg\" \/>\n<meta name=\"author\" content=\"admin\" \/>\n<meta name=\"twitter:card\" content=\"summary_large_image\" \/>\n<meta name=\"twitter:label1\" content=\"Written by\" \/>\n\t<meta name=\"twitter:data1\" content=\"admin\" \/>\n\t<meta name=\"twitter:label2\" content=\"Est. reading time\" \/>\n\t<meta name=\"twitter:data2\" content=\"1 minute\" \/>\n<script type=\"application\/ld+json\" class=\"yoast-schema-graph\">{\"@context\":\"https:\\\/\\\/schema.org\",\"@graph\":[{\"@type\":\"Article\",\"@id\":\"https:\\\/\\\/akunq.net\\\/tr\\\/?p=65253#article\",\"isPartOf\":{\"@id\":\"https:\\\/\\\/akunq.net\\\/tr\\\/?p=65253\"},\"author\":{\"name\":\"admin\",\"@id\":\"https:\\\/\\\/akunq.net\\\/tr\\\/#\\\/schema\\\/person\\\/096f1d38a12cce57fb855b485ed24c9e\"},\"headline\":\"AB&#8217;den T\u00fcrkiye raporu: Demokratik kurumlar\u0131n i\u015fleyi\u015finde ciddi eksiklikler var\",\"datePublished\":\"2021-10-22T06:22:14+00:00\",\"mainEntityOfPage\":{\"@id\":\"https:\\\/\\\/akunq.net\\\/tr\\\/?p=65253\"},\"wordCount\":279,\"commentCount\":0,\"image\":{\"@id\":\"https:\\\/\\\/akunq.net\\\/tr\\\/?p=65253#primaryimage\"},\"thumbnailUrl\":\"https:\\\/\\\/akunq.net\\\/tr\\\/wp-content\\\/uploads\\\/sites\\\/6\\\/2021\\\/10\\\/AB.jpg\",\"articleSection\":[\"Haberler\"],\"inLanguage\":\"en-US\",\"potentialAction\":[{\"@type\":\"CommentAction\",\"name\":\"Comment\",\"target\":[\"https:\\\/\\\/akunq.net\\\/tr\\\/?p=65253#respond\"]}]},{\"@type\":\"WebPage\",\"@id\":\"https:\\\/\\\/akunq.net\\\/tr\\\/?p=65253\",\"url\":\"https:\\\/\\\/akunq.net\\\/tr\\\/?p=65253\",\"name\":\"AB'den T\u00fcrkiye raporu: Demokratik kurumlar\u0131n i\u015fleyi\u015finde ciddi eksiklikler var - Bati Ermenistan Ve Bati Ermenileri Sorunlari Ara\u015ftirmalar Merkezi\",\"isPartOf\":{\"@id\":\"https:\\\/\\\/akunq.net\\\/tr\\\/#website\"},\"primaryImageOfPage\":{\"@id\":\"https:\\\/\\\/akunq.net\\\/tr\\\/?p=65253#primaryimage\"},\"image\":{\"@id\":\"https:\\\/\\\/akunq.net\\\/tr\\\/?p=65253#primaryimage\"},\"thumbnailUrl\":\"https:\\\/\\\/akunq.net\\\/tr\\\/wp-content\\\/uploads\\\/sites\\\/6\\\/2021\\\/10\\\/AB.jpg\",\"datePublished\":\"2021-10-22T06:22:14+00:00\",\"author\":{\"@id\":\"https:\\\/\\\/akunq.net\\\/tr\\\/#\\\/schema\\\/person\\\/096f1d38a12cce57fb855b485ed24c9e\"},\"breadcrumb\":{\"@id\":\"https:\\\/\\\/akunq.net\\\/tr\\\/?p=65253#breadcrumb\"},\"inLanguage\":\"en-US\",\"potentialAction\":[{\"@type\":\"ReadAction\",\"target\":[\"https:\\\/\\\/akunq.net\\\/tr\\\/?p=65253\"]}]},{\"@type\":\"ImageObject\",\"inLanguage\":\"en-US\",\"@id\":\"https:\\\/\\\/akunq.net\\\/tr\\\/?p=65253#primaryimage\",\"url\":\"https:\\\/\\\/akunq.net\\\/tr\\\/wp-content\\\/uploads\\\/sites\\\/6\\\/2021\\\/10\\\/AB.jpg\",\"contentUrl\":\"https:\\\/\\\/akunq.net\\\/tr\\\/wp-content\\\/uploads\\\/sites\\\/6\\\/2021\\\/10\\\/AB.jpg\",\"width\":2314,\"height\":1476},{\"@type\":\"BreadcrumbList\",\"@id\":\"https:\\\/\\\/akunq.net\\\/tr\\\/?p=65253#breadcrumb\",\"itemListElement\":[{\"@type\":\"ListItem\",\"position\":1,\"name\":\"Home\",\"item\":\"https:\\\/\\\/akunq.net\\\/tr\"},{\"@type\":\"ListItem\",\"position\":2,\"name\":\"AB&#8217;den T\u00fcrkiye raporu: Demokratik kurumlar\u0131n i\u015fleyi\u015finde ciddi eksiklikler var\"}]},{\"@type\":\"WebSite\",\"@id\":\"https:\\\/\\\/akunq.net\\\/tr\\\/#website\",\"url\":\"https:\\\/\\\/akunq.net\\\/tr\\\/\",\"name\":\"Bati Ermenistan Ve Bati Ermenileri Sorunlari Ara\u015ftirmalar Merkezi\",\"description\":\"\",\"potentialAction\":[{\"@type\":\"SearchAction\",\"target\":{\"@type\":\"EntryPoint\",\"urlTemplate\":\"https:\\\/\\\/akunq.net\\\/tr\\\/?s={search_term_string}\"},\"query-input\":{\"@type\":\"PropertyValueSpecification\",\"valueRequired\":true,\"valueName\":\"search_term_string\"}}],\"inLanguage\":\"en-US\"},{\"@type\":\"Person\",\"@id\":\"https:\\\/\\\/akunq.net\\\/tr\\\/#\\\/schema\\\/person\\\/096f1d38a12cce57fb855b485ed24c9e\",\"name\":\"admin\",\"url\":\"https:\\\/\\\/akunq.net\\\/tr\\\/?author=7\"}]}<\/script>\n<!-- \/ Yoast SEO plugin. -->","yoast_head_json":{"title":"AB'den T\u00fcrkiye raporu: Demokratik kurumlar\u0131n i\u015fleyi\u015finde ciddi eksiklikler var - Bati Ermenistan Ve Bati Ermenileri Sorunlari Ara\u015ftirmalar Merkezi","robots":{"index":"index","follow":"follow","max-snippet":"max-snippet:-1","max-image-preview":"max-image-preview:large","max-video-preview":"max-video-preview:-1"},"canonical":"https:\/\/akunq.net\/tr\/?p=65253","og_locale":"en_US","og_type":"article","og_title":"AB'den T\u00fcrkiye raporu: Demokratik kurumlar\u0131n i\u015fleyi\u015finde ciddi eksiklikler var - Bati Ermenistan Ve Bati Ermenileri Sorunlari Ara\u015ftirmalar Merkezi","og_description":"Avrupa Birli\u011fi (AB) Komisyonu, haz\u0131rlad\u0131\u011f\u0131 d\u00f6nem raporunda T\u00fcrkiye&#8217;nin demokratik kurumlar\u0131n\u0131n i\u015fleyi\u015finde &#8220;ciddi eksiklikler&#8221; oldu\u011funu, &#8220;demokrasi ve insan haklar\u0131 alanlar\u0131nda gerilemenin devam etti\u011fini&#8221; kaydetti. T\u00fcrkiye ise D\u0131\u015fi\u015fleri Bakanl\u0131\u011f\u0131&#8217;n\u0131n yay\u0131mlad\u0131\u011f\u0131 yaz\u0131l\u0131 a\u00e7\u0131klama ile AB raporuna tepki g\u00f6sterdi. AB&#8217;nin y\u00fcr\u00fctme organ\u0131 g\u00f6revini y\u00fcr\u00fcten Komisyon, geni\u015fleme s\u00fcrecindeki \u00fclkelerin ba\u015fta Kopenhag kriterleri ve AB m\u00fcktesebat\u0131na uyum d\u00fczeylerini g\u00f6steren \u00fclke raporunu [&hellip;]","og_url":"https:\/\/akunq.net\/tr\/?p=65253","og_site_name":"Bati Ermenistan Ve Bati Ermenileri Sorunlari Ara\u015ftirmalar Merkezi","article_published_time":"2021-10-22T06:22:14+00:00","og_image":[{"width":2314,"height":1476,"url":"https:\/\/akunq.net\/tr\/wp-content\/uploads\/sites\/6\/2021\/10\/AB.jpg","type":"image\/jpeg"}],"author":"admin","twitter_card":"summary_large_image","twitter_misc":{"Written by":"admin","Est. reading time":"1 minute"},"schema":{"@context":"https:\/\/schema.org","@graph":[{"@type":"Article","@id":"https:\/\/akunq.net\/tr\/?p=65253#article","isPartOf":{"@id":"https:\/\/akunq.net\/tr\/?p=65253"},"author":{"name":"admin","@id":"https:\/\/akunq.net\/tr\/#\/schema\/person\/096f1d38a12cce57fb855b485ed24c9e"},"headline":"AB&#8217;den T\u00fcrkiye raporu: Demokratik kurumlar\u0131n i\u015fleyi\u015finde ciddi eksiklikler var","datePublished":"2021-10-22T06:22:14+00:00","mainEntityOfPage":{"@id":"https:\/\/akunq.net\/tr\/?p=65253"},"wordCount":279,"commentCount":0,"image":{"@id":"https:\/\/akunq.net\/tr\/?p=65253#primaryimage"},"thumbnailUrl":"https:\/\/akunq.net\/tr\/wp-content\/uploads\/sites\/6\/2021\/10\/AB.jpg","articleSection":["Haberler"],"inLanguage":"en-US","potentialAction":[{"@type":"CommentAction","name":"Comment","target":["https:\/\/akunq.net\/tr\/?p=65253#respond"]}]},{"@type":"WebPage","@id":"https:\/\/akunq.net\/tr\/?p=65253","url":"https:\/\/akunq.net\/tr\/?p=65253","name":"AB'den T\u00fcrkiye raporu: Demokratik kurumlar\u0131n i\u015fleyi\u015finde ciddi eksiklikler var - Bati Ermenistan Ve Bati Ermenileri Sorunlari Ara\u015ftirmalar Merkezi","isPartOf":{"@id":"https:\/\/akunq.net\/tr\/#website"},"primaryImageOfPage":{"@id":"https:\/\/akunq.net\/tr\/?p=65253#primaryimage"},"image":{"@id":"https:\/\/akunq.net\/tr\/?p=65253#primaryimage"},"thumbnailUrl":"https:\/\/akunq.net\/tr\/wp-content\/uploads\/sites\/6\/2021\/10\/AB.jpg","datePublished":"2021-10-22T06:22:14+00:00","author":{"@id":"https:\/\/akunq.net\/tr\/#\/schema\/person\/096f1d38a12cce57fb855b485ed24c9e"},"breadcrumb":{"@id":"https:\/\/akunq.net\/tr\/?p=65253#breadcrumb"},"inLanguage":"en-US","potentialAction":[{"@type":"ReadAction","target":["https:\/\/akunq.net\/tr\/?p=65253"]}]},{"@type":"ImageObject","inLanguage":"en-US","@id":"https:\/\/akunq.net\/tr\/?p=65253#primaryimage","url":"https:\/\/akunq.net\/tr\/wp-content\/uploads\/sites\/6\/2021\/10\/AB.jpg","contentUrl":"https:\/\/akunq.net\/tr\/wp-content\/uploads\/sites\/6\/2021\/10\/AB.jpg","width":2314,"height":1476},{"@type":"BreadcrumbList","@id":"https:\/\/akunq.net\/tr\/?p=65253#breadcrumb","itemListElement":[{"@type":"ListItem","position":1,"name":"Home","item":"https:\/\/akunq.net\/tr"},{"@type":"ListItem","position":2,"name":"AB&#8217;den T\u00fcrkiye raporu: Demokratik kurumlar\u0131n i\u015fleyi\u015finde ciddi eksiklikler var"}]},{"@type":"WebSite","@id":"https:\/\/akunq.net\/tr\/#website","url":"https:\/\/akunq.net\/tr\/","name":"Bati Ermenistan Ve Bati Ermenileri Sorunlari Ara\u015ftirmalar Merkezi","description":"","potentialAction":[{"@type":"SearchAction","target":{"@type":"EntryPoint","urlTemplate":"https:\/\/akunq.net\/tr\/?s={search_term_string}"},"query-input":{"@type":"PropertyValueSpecification","valueRequired":true,"valueName":"search_term_string"}}],"inLanguage":"en-US"},{"@type":"Person","@id":"https:\/\/akunq.net\/tr\/#\/schema\/person\/096f1d38a12cce57fb855b485ed24c9e","name":"admin","url":"https:\/\/akunq.net\/tr\/?author=7"}]}},"_links":{"self":[{"href":"https:\/\/akunq.net\/tr\/index.php?rest_route=\/wp\/v2\/posts\/65253","targetHints":{"allow":["GET"]}}],"collection":[{"href":"https:\/\/akunq.net\/tr\/index.php?rest_route=\/wp\/v2\/posts"}],"about":[{"href":"https:\/\/akunq.net\/tr\/index.php?rest_route=\/wp\/v2\/types\/post"}],"author":[{"embeddable":true,"href":"https:\/\/akunq.net\/tr\/index.php?rest_route=\/wp\/v2\/users\/7"}],"replies":[{"embeddable":true,"href":"https:\/\/akunq.net\/tr\/index.php?rest_route=%2Fwp%2Fv2%2Fcomments&post=65253"}],"version-history":[{"count":1,"href":"https:\/\/akunq.net\/tr\/index.php?rest_route=\/wp\/v2\/posts\/65253\/revisions"}],"predecessor-version":[{"id":65255,"href":"https:\/\/akunq.net\/tr\/index.php?rest_route=\/wp\/v2\/posts\/65253\/revisions\/65255"}],"wp:featuredmedia":[{"embeddable":true,"href":"https:\/\/akunq.net\/tr\/index.php?rest_route=\/wp\/v2\/media\/65254"}],"wp:attachment":[{"href":"https:\/\/akunq.net\/tr\/index.php?rest_route=%2Fwp%2Fv2%2Fmedia&parent=65253"}],"wp:term":[{"taxonomy":"category","embeddable":true,"href":"https:\/\/akunq.net\/tr\/index.php?rest_route=%2Fwp%2Fv2%2Fcategories&post=65253"},{"taxonomy":"post_tag","embeddable":true,"href":"https:\/\/akunq.net\/tr\/index.php?rest_route=%2Fwp%2Fv2%2Ftags&post=65253"}],"curies":[{"name":"wp","href":"https:\/\/api.w.org\/{rel}","templated":true}]}}