{"id":65247,"date":"2021-10-22T01:11:09","date_gmt":"2021-10-22T06:11:09","guid":{"rendered":"https:\/\/akunq.net\/tr\/?p=65247"},"modified":"2021-10-22T01:11:09","modified_gmt":"2021-10-22T06:11:09","slug":"erdoganin-bir-avuc-ulke-sozleri-sorulan-peskov-diplomasi-acisindan-kabul-edilebilir-degil","status":"publish","type":"post","link":"https:\/\/akunq.net\/tr\/?p=65247","title":{"rendered":"Erdo\u011fan&#8217;\u0131n &#8216;bir avu\u00e7 \u00fclke&#8217; s\u00f6zleri sorulan Peskov: Diplomasi a\u00e7\u0131s\u0131ndan kabul edilebilir de\u011fil"},"content":{"rendered":"<p><img loading=\"lazy\" decoding=\"async\" class=\"aligncenter size-medium wp-image-65248\" src=\"https:\/\/akunq.net\/tr\/wp-content\/uploads\/2021\/10\/Peskov-360x202.jpg\" alt=\"\" width=\"360\" height=\"202\" srcset=\"https:\/\/akunq.net\/tr\/wp-content\/uploads\/sites\/6\/2021\/10\/Peskov-360x202.jpg 360w, https:\/\/akunq.net\/tr\/wp-content\/uploads\/sites\/6\/2021\/10\/Peskov-560x315.jpg 560w, https:\/\/akunq.net\/tr\/wp-content\/uploads\/sites\/6\/2021\/10\/Peskov-260x146.jpg 260w, https:\/\/akunq.net\/tr\/wp-content\/uploads\/sites\/6\/2021\/10\/Peskov-160x90.jpg 160w, https:\/\/akunq.net\/tr\/wp-content\/uploads\/sites\/6\/2021\/10\/Peskov.jpg 690w\" sizes=\"auto, (max-width: 360px) 100vw, 360px\" \/><\/p>\n<p><strong><em>Kremlin S\u00f6zc\u00fcs\u00fc Dmitriy Peskov, T\u00fcrkiye Cumhurba\u015fkan\u0131 Erdo\u011fan&#8217;\u0131n kendisine aktar\u0131lan a\u00e7\u0131klamas\u0131na at\u0131fla, \u0130kinci D\u00fcnya Sava\u015f\u0131&#8217;nda &#8220;d\u00fcnyay\u0131 fa\u015fizmden kurtarmak ad\u0131na \u00e7ok\u00e7a kay\u0131p verip fedakarl\u0131kta bulunan g\u00fc\u00e7lerden bir avu\u00e7 \u00fclke gibi k\u00fc\u00e7\u00fcmseyici bir ifadeyle bahsedilmesini yanl\u0131\u015f buldu\u011funu&#8221; s\u00f6yledi.<\/em><\/strong><\/p>\n<p>Peskov, Erdo\u011fan&#8217;\u0131n Angola&#8217;da yapt\u0131\u011f\u0131 a\u00e7\u0131klamada dile getirdi\u011fi, Rusya dahil 5 daimi \u00fcyesi bulunan Birle\u015fmi\u015f Milletler G\u00fcvenlik Konseyi&#8217;nin yeniden yap\u0131land\u0131r\u0131lmas\u0131 gerekti\u011fi sav\u0131na ili\u015fkin soruya yan\u0131t verdi.<\/p>\n<p>Erdo\u011fan s\u00f6z konusu konu\u015fmas\u0131nda, &#8220;\u0130nsanl\u0131\u011f\u0131n kaderinin \u0130kinci D\u00fcnya Sava\u015f\u0131\u2019n\u0131n bir avu\u00e7 \u00fclkenin insaf\u0131na b\u0131rak\u0131lamayaca\u011f\u0131n\u0131 savunuyoruz&#8221; ifadelerini kullanm\u0131\u015ft\u0131.<\/p>\n<p>Peskov ise, d\u00fcnk\u00fc bas\u0131n toplant\u0131s\u0131nda kendisine Rus\u00e7a olarak aktar\u0131lan bu a\u00e7\u0131klamay\u0131, T\u00fcrk\u00e7e bildi\u011fi i\u00e7in T\u00fcrk\u00e7e okuyup yorum yapmay\u0131 tercih edece\u011fini belirtmi\u015fti.<\/p>\n<p>T\u00fcrkiye Cumhurba\u015fkan\u0131&#8217;n\u0131n bu a\u00e7\u0131klamas\u0131n\u0131n yeniden sorulmas\u0131 \u00fczerine Peskov, &#8220;Tahmin edebilece\u011finiz gibi ince ayr\u0131mlar \u00e7ok m\u00fchim. Rus\u00e7a \u00e7evirisine bakacak olursam, t\u00fcm y\u00fck\u00fc kendi \u00fcstlerine al\u0131p d\u00fcnyay\u0131 fa\u015fizmden kurtarmak ad\u0131na \u00e7ok\u00e7a fedakarl\u0131kta bulunan g\u00fc\u00e7lere i\u00e7in &#8220;bir avu\u00e7 \u00fclke&#8221; gibi k\u00fc\u00e7\u00fcmseyici bir ifade kullanmak diplomasi a\u00e7\u0131s\u0131ndan pek de kabul edilebilir de\u011fil&#8221; dedi.<\/p>\n<p>Kremlin S\u00f6zc\u00fcs\u00fc, Erdo\u011fan\u2019\u0131n a\u00e7\u0131klamalar\u0131n\u0131n T\u00fcrk\u00e7e orijinalini hen\u00fcz okuyamad\u0131\u011f\u0131n\u0131, fakat bunu mutlaka yapaca\u011f\u0131n\u0131 da s\u00f6zlerine ekledi.<\/p>\n<p><strong><em>https:\/\/www.ermenihaber.am\/tr\/news\/2021\/10\/21\/Erdo%C4%9Fan-Peskov-Rusya-T%C3%BCrkiye\/217948\u00a0<\/em><\/strong><\/p>\n","protected":false},"excerpt":{"rendered":"<p>Kremlin S\u00f6zc\u00fcs\u00fc Dmitriy Peskov, T\u00fcrkiye Cumhurba\u015fkan\u0131 Erdo\u011fan&#8217;\u0131n kendisine aktar\u0131lan a\u00e7\u0131klamas\u0131na at\u0131fla, \u0130kinci D\u00fcnya Sava\u015f\u0131&#8217;nda &#8220;d\u00fcnyay\u0131 fa\u015fizmden kurtarmak ad\u0131na \u00e7ok\u00e7a kay\u0131p verip fedakarl\u0131kta bulunan g\u00fc\u00e7lerden bir avu\u00e7 \u00fclke gibi k\u00fc\u00e7\u00fcmseyici bir ifadeyle bahsedilmesini yanl\u0131\u015f buldu\u011funu&#8221; s\u00f6yledi. Peskov, Erdo\u011fan&#8217;\u0131n Angola&#8217;da yapt\u0131\u011f\u0131 a\u00e7\u0131klamada dile getirdi\u011fi, Rusya dahil 5 daimi \u00fcyesi bulunan Birle\u015fmi\u015f Milletler G\u00fcvenlik Konseyi&#8217;nin yeniden yap\u0131land\u0131r\u0131lmas\u0131 gerekti\u011fi [&hellip;]<\/p>\n","protected":false},"author":7,"featured_media":65248,"comment_status":"open","ping_status":"open","sticky":false,"template":"","format":"standard","meta":{"footnotes":""},"categories":[1],"tags":[],"class_list":["post-65247","post","type-post","status-publish","format-standard","has-post-thumbnail","hentry","category-haberler"],"yoast_head":"<!-- This site is optimized with the Yoast SEO plugin v27.4 - https:\/\/yoast.com\/product\/yoast-seo-wordpress\/ -->\n<title>Erdo\u011fan&#039;\u0131n &#039;bir avu\u00e7 \u00fclke&#039; s\u00f6zleri sorulan Peskov: Diplomasi a\u00e7\u0131s\u0131ndan kabul edilebilir de\u011fil - Bati Ermenistan Ve Bati Ermenileri Sorunlari Ara\u015ftirmalar Merkezi<\/title>\n<meta name=\"robots\" content=\"index, follow, max-snippet:-1, max-image-preview:large, max-video-preview:-1\" \/>\n<link rel=\"canonical\" href=\"https:\/\/akunq.net\/tr\/?p=65247\" \/>\n<meta property=\"og:locale\" content=\"en_US\" \/>\n<meta property=\"og:type\" content=\"article\" \/>\n<meta property=\"og:title\" content=\"Erdo\u011fan&#039;\u0131n &#039;bir avu\u00e7 \u00fclke&#039; s\u00f6zleri sorulan Peskov: Diplomasi a\u00e7\u0131s\u0131ndan kabul edilebilir de\u011fil - Bati Ermenistan Ve Bati Ermenileri Sorunlari Ara\u015ftirmalar Merkezi\" \/>\n<meta property=\"og:description\" content=\"Kremlin S\u00f6zc\u00fcs\u00fc Dmitriy Peskov, T\u00fcrkiye Cumhurba\u015fkan\u0131 Erdo\u011fan&#8217;\u0131n kendisine aktar\u0131lan a\u00e7\u0131klamas\u0131na at\u0131fla, \u0130kinci D\u00fcnya Sava\u015f\u0131&#8217;nda &#8220;d\u00fcnyay\u0131 fa\u015fizmden kurtarmak ad\u0131na \u00e7ok\u00e7a kay\u0131p verip fedakarl\u0131kta bulunan g\u00fc\u00e7lerden bir avu\u00e7 \u00fclke gibi k\u00fc\u00e7\u00fcmseyici bir ifadeyle bahsedilmesini yanl\u0131\u015f buldu\u011funu&#8221; s\u00f6yledi. Peskov, Erdo\u011fan&#8217;\u0131n Angola&#8217;da yapt\u0131\u011f\u0131 a\u00e7\u0131klamada dile getirdi\u011fi, Rusya dahil 5 daimi \u00fcyesi bulunan Birle\u015fmi\u015f Milletler G\u00fcvenlik Konseyi&#8217;nin yeniden yap\u0131land\u0131r\u0131lmas\u0131 gerekti\u011fi [&hellip;]\" \/>\n<meta property=\"og:url\" content=\"https:\/\/akunq.net\/tr\/?p=65247\" \/>\n<meta property=\"og:site_name\" content=\"Bati Ermenistan Ve Bati Ermenileri Sorunlari Ara\u015ftirmalar Merkezi\" \/>\n<meta property=\"article:published_time\" content=\"2021-10-22T06:11:09+00:00\" \/>\n<meta property=\"og:image\" content=\"https:\/\/akunq.net\/tr\/wp-content\/uploads\/sites\/6\/2021\/10\/Peskov.jpg\" \/>\n\t<meta property=\"og:image:width\" content=\"690\" \/>\n\t<meta property=\"og:image:height\" content=\"388\" \/>\n\t<meta property=\"og:image:type\" content=\"image\/jpeg\" \/>\n<meta name=\"author\" content=\"admin\" \/>\n<meta name=\"twitter:card\" content=\"summary_large_image\" \/>\n<meta name=\"twitter:label1\" content=\"Written by\" \/>\n\t<meta name=\"twitter:data1\" content=\"admin\" \/>\n\t<meta name=\"twitter:label2\" content=\"Est. reading time\" \/>\n\t<meta name=\"twitter:data2\" content=\"1 minute\" \/>\n<script type=\"application\/ld+json\" class=\"yoast-schema-graph\">{\"@context\":\"https:\\\/\\\/schema.org\",\"@graph\":[{\"@type\":\"Article\",\"@id\":\"https:\\\/\\\/akunq.net\\\/tr\\\/?p=65247#article\",\"isPartOf\":{\"@id\":\"https:\\\/\\\/akunq.net\\\/tr\\\/?p=65247\"},\"author\":{\"name\":\"admin\",\"@id\":\"https:\\\/\\\/akunq.net\\\/tr\\\/#\\\/schema\\\/person\\\/096f1d38a12cce57fb855b485ed24c9e\"},\"headline\":\"Erdo\u011fan&#8217;\u0131n &#8216;bir avu\u00e7 \u00fclke&#8217; s\u00f6zleri sorulan Peskov: Diplomasi a\u00e7\u0131s\u0131ndan kabul edilebilir de\u011fil\",\"datePublished\":\"2021-10-22T06:11:09+00:00\",\"mainEntityOfPage\":{\"@id\":\"https:\\\/\\\/akunq.net\\\/tr\\\/?p=65247\"},\"wordCount\":291,\"commentCount\":0,\"image\":{\"@id\":\"https:\\\/\\\/akunq.net\\\/tr\\\/?p=65247#primaryimage\"},\"thumbnailUrl\":\"https:\\\/\\\/akunq.net\\\/tr\\\/wp-content\\\/uploads\\\/sites\\\/6\\\/2021\\\/10\\\/Peskov.jpg\",\"articleSection\":[\"Haberler\"],\"inLanguage\":\"en-US\",\"potentialAction\":[{\"@type\":\"CommentAction\",\"name\":\"Comment\",\"target\":[\"https:\\\/\\\/akunq.net\\\/tr\\\/?p=65247#respond\"]}]},{\"@type\":\"WebPage\",\"@id\":\"https:\\\/\\\/akunq.net\\\/tr\\\/?p=65247\",\"url\":\"https:\\\/\\\/akunq.net\\\/tr\\\/?p=65247\",\"name\":\"Erdo\u011fan'\u0131n 'bir avu\u00e7 \u00fclke' s\u00f6zleri sorulan Peskov: Diplomasi a\u00e7\u0131s\u0131ndan kabul edilebilir de\u011fil - Bati Ermenistan Ve Bati Ermenileri Sorunlari Ara\u015ftirmalar Merkezi\",\"isPartOf\":{\"@id\":\"https:\\\/\\\/akunq.net\\\/tr\\\/#website\"},\"primaryImageOfPage\":{\"@id\":\"https:\\\/\\\/akunq.net\\\/tr\\\/?p=65247#primaryimage\"},\"image\":{\"@id\":\"https:\\\/\\\/akunq.net\\\/tr\\\/?p=65247#primaryimage\"},\"thumbnailUrl\":\"https:\\\/\\\/akunq.net\\\/tr\\\/wp-content\\\/uploads\\\/sites\\\/6\\\/2021\\\/10\\\/Peskov.jpg\",\"datePublished\":\"2021-10-22T06:11:09+00:00\",\"author\":{\"@id\":\"https:\\\/\\\/akunq.net\\\/tr\\\/#\\\/schema\\\/person\\\/096f1d38a12cce57fb855b485ed24c9e\"},\"breadcrumb\":{\"@id\":\"https:\\\/\\\/akunq.net\\\/tr\\\/?p=65247#breadcrumb\"},\"inLanguage\":\"en-US\",\"potentialAction\":[{\"@type\":\"ReadAction\",\"target\":[\"https:\\\/\\\/akunq.net\\\/tr\\\/?p=65247\"]}]},{\"@type\":\"ImageObject\",\"inLanguage\":\"en-US\",\"@id\":\"https:\\\/\\\/akunq.net\\\/tr\\\/?p=65247#primaryimage\",\"url\":\"https:\\\/\\\/akunq.net\\\/tr\\\/wp-content\\\/uploads\\\/sites\\\/6\\\/2021\\\/10\\\/Peskov.jpg\",\"contentUrl\":\"https:\\\/\\\/akunq.net\\\/tr\\\/wp-content\\\/uploads\\\/sites\\\/6\\\/2021\\\/10\\\/Peskov.jpg\",\"width\":690,\"height\":388},{\"@type\":\"BreadcrumbList\",\"@id\":\"https:\\\/\\\/akunq.net\\\/tr\\\/?p=65247#breadcrumb\",\"itemListElement\":[{\"@type\":\"ListItem\",\"position\":1,\"name\":\"Home\",\"item\":\"https:\\\/\\\/akunq.net\\\/tr\"},{\"@type\":\"ListItem\",\"position\":2,\"name\":\"Erdo\u011fan&#8217;\u0131n &#8216;bir avu\u00e7 \u00fclke&#8217; s\u00f6zleri sorulan Peskov: Diplomasi a\u00e7\u0131s\u0131ndan kabul edilebilir de\u011fil\"}]},{\"@type\":\"WebSite\",\"@id\":\"https:\\\/\\\/akunq.net\\\/tr\\\/#website\",\"url\":\"https:\\\/\\\/akunq.net\\\/tr\\\/\",\"name\":\"Bati Ermenistan Ve Bati Ermenileri Sorunlari Ara\u015ftirmalar Merkezi\",\"description\":\"\",\"potentialAction\":[{\"@type\":\"SearchAction\",\"target\":{\"@type\":\"EntryPoint\",\"urlTemplate\":\"https:\\\/\\\/akunq.net\\\/tr\\\/?s={search_term_string}\"},\"query-input\":{\"@type\":\"PropertyValueSpecification\",\"valueRequired\":true,\"valueName\":\"search_term_string\"}}],\"inLanguage\":\"en-US\"},{\"@type\":\"Person\",\"@id\":\"https:\\\/\\\/akunq.net\\\/tr\\\/#\\\/schema\\\/person\\\/096f1d38a12cce57fb855b485ed24c9e\",\"name\":\"admin\",\"url\":\"https:\\\/\\\/akunq.net\\\/tr\\\/?author=7\"}]}<\/script>\n<!-- \/ Yoast SEO plugin. -->","yoast_head_json":{"title":"Erdo\u011fan'\u0131n 'bir avu\u00e7 \u00fclke' s\u00f6zleri sorulan Peskov: Diplomasi a\u00e7\u0131s\u0131ndan kabul edilebilir de\u011fil - Bati Ermenistan Ve Bati Ermenileri Sorunlari Ara\u015ftirmalar Merkezi","robots":{"index":"index","follow":"follow","max-snippet":"max-snippet:-1","max-image-preview":"max-image-preview:large","max-video-preview":"max-video-preview:-1"},"canonical":"https:\/\/akunq.net\/tr\/?p=65247","og_locale":"en_US","og_type":"article","og_title":"Erdo\u011fan'\u0131n 'bir avu\u00e7 \u00fclke' s\u00f6zleri sorulan Peskov: Diplomasi a\u00e7\u0131s\u0131ndan kabul edilebilir de\u011fil - Bati Ermenistan Ve Bati Ermenileri Sorunlari Ara\u015ftirmalar Merkezi","og_description":"Kremlin S\u00f6zc\u00fcs\u00fc Dmitriy Peskov, T\u00fcrkiye Cumhurba\u015fkan\u0131 Erdo\u011fan&#8217;\u0131n kendisine aktar\u0131lan a\u00e7\u0131klamas\u0131na at\u0131fla, \u0130kinci D\u00fcnya Sava\u015f\u0131&#8217;nda &#8220;d\u00fcnyay\u0131 fa\u015fizmden kurtarmak ad\u0131na \u00e7ok\u00e7a kay\u0131p verip fedakarl\u0131kta bulunan g\u00fc\u00e7lerden bir avu\u00e7 \u00fclke gibi k\u00fc\u00e7\u00fcmseyici bir ifadeyle bahsedilmesini yanl\u0131\u015f buldu\u011funu&#8221; s\u00f6yledi. Peskov, Erdo\u011fan&#8217;\u0131n Angola&#8217;da yapt\u0131\u011f\u0131 a\u00e7\u0131klamada dile getirdi\u011fi, Rusya dahil 5 daimi \u00fcyesi bulunan Birle\u015fmi\u015f Milletler G\u00fcvenlik Konseyi&#8217;nin yeniden yap\u0131land\u0131r\u0131lmas\u0131 gerekti\u011fi [&hellip;]","og_url":"https:\/\/akunq.net\/tr\/?p=65247","og_site_name":"Bati Ermenistan Ve Bati Ermenileri Sorunlari Ara\u015ftirmalar Merkezi","article_published_time":"2021-10-22T06:11:09+00:00","og_image":[{"width":690,"height":388,"url":"https:\/\/akunq.net\/tr\/wp-content\/uploads\/sites\/6\/2021\/10\/Peskov.jpg","type":"image\/jpeg"}],"author":"admin","twitter_card":"summary_large_image","twitter_misc":{"Written by":"admin","Est. reading time":"1 minute"},"schema":{"@context":"https:\/\/schema.org","@graph":[{"@type":"Article","@id":"https:\/\/akunq.net\/tr\/?p=65247#article","isPartOf":{"@id":"https:\/\/akunq.net\/tr\/?p=65247"},"author":{"name":"admin","@id":"https:\/\/akunq.net\/tr\/#\/schema\/person\/096f1d38a12cce57fb855b485ed24c9e"},"headline":"Erdo\u011fan&#8217;\u0131n &#8216;bir avu\u00e7 \u00fclke&#8217; s\u00f6zleri sorulan Peskov: Diplomasi a\u00e7\u0131s\u0131ndan kabul edilebilir de\u011fil","datePublished":"2021-10-22T06:11:09+00:00","mainEntityOfPage":{"@id":"https:\/\/akunq.net\/tr\/?p=65247"},"wordCount":291,"commentCount":0,"image":{"@id":"https:\/\/akunq.net\/tr\/?p=65247#primaryimage"},"thumbnailUrl":"https:\/\/akunq.net\/tr\/wp-content\/uploads\/sites\/6\/2021\/10\/Peskov.jpg","articleSection":["Haberler"],"inLanguage":"en-US","potentialAction":[{"@type":"CommentAction","name":"Comment","target":["https:\/\/akunq.net\/tr\/?p=65247#respond"]}]},{"@type":"WebPage","@id":"https:\/\/akunq.net\/tr\/?p=65247","url":"https:\/\/akunq.net\/tr\/?p=65247","name":"Erdo\u011fan'\u0131n 'bir avu\u00e7 \u00fclke' s\u00f6zleri sorulan Peskov: Diplomasi a\u00e7\u0131s\u0131ndan kabul edilebilir de\u011fil - Bati Ermenistan Ve Bati Ermenileri Sorunlari Ara\u015ftirmalar Merkezi","isPartOf":{"@id":"https:\/\/akunq.net\/tr\/#website"},"primaryImageOfPage":{"@id":"https:\/\/akunq.net\/tr\/?p=65247#primaryimage"},"image":{"@id":"https:\/\/akunq.net\/tr\/?p=65247#primaryimage"},"thumbnailUrl":"https:\/\/akunq.net\/tr\/wp-content\/uploads\/sites\/6\/2021\/10\/Peskov.jpg","datePublished":"2021-10-22T06:11:09+00:00","author":{"@id":"https:\/\/akunq.net\/tr\/#\/schema\/person\/096f1d38a12cce57fb855b485ed24c9e"},"breadcrumb":{"@id":"https:\/\/akunq.net\/tr\/?p=65247#breadcrumb"},"inLanguage":"en-US","potentialAction":[{"@type":"ReadAction","target":["https:\/\/akunq.net\/tr\/?p=65247"]}]},{"@type":"ImageObject","inLanguage":"en-US","@id":"https:\/\/akunq.net\/tr\/?p=65247#primaryimage","url":"https:\/\/akunq.net\/tr\/wp-content\/uploads\/sites\/6\/2021\/10\/Peskov.jpg","contentUrl":"https:\/\/akunq.net\/tr\/wp-content\/uploads\/sites\/6\/2021\/10\/Peskov.jpg","width":690,"height":388},{"@type":"BreadcrumbList","@id":"https:\/\/akunq.net\/tr\/?p=65247#breadcrumb","itemListElement":[{"@type":"ListItem","position":1,"name":"Home","item":"https:\/\/akunq.net\/tr"},{"@type":"ListItem","position":2,"name":"Erdo\u011fan&#8217;\u0131n &#8216;bir avu\u00e7 \u00fclke&#8217; s\u00f6zleri sorulan Peskov: Diplomasi a\u00e7\u0131s\u0131ndan kabul edilebilir de\u011fil"}]},{"@type":"WebSite","@id":"https:\/\/akunq.net\/tr\/#website","url":"https:\/\/akunq.net\/tr\/","name":"Bati Ermenistan Ve Bati Ermenileri Sorunlari Ara\u015ftirmalar Merkezi","description":"","potentialAction":[{"@type":"SearchAction","target":{"@type":"EntryPoint","urlTemplate":"https:\/\/akunq.net\/tr\/?s={search_term_string}"},"query-input":{"@type":"PropertyValueSpecification","valueRequired":true,"valueName":"search_term_string"}}],"inLanguage":"en-US"},{"@type":"Person","@id":"https:\/\/akunq.net\/tr\/#\/schema\/person\/096f1d38a12cce57fb855b485ed24c9e","name":"admin","url":"https:\/\/akunq.net\/tr\/?author=7"}]}},"_links":{"self":[{"href":"https:\/\/akunq.net\/tr\/index.php?rest_route=\/wp\/v2\/posts\/65247","targetHints":{"allow":["GET"]}}],"collection":[{"href":"https:\/\/akunq.net\/tr\/index.php?rest_route=\/wp\/v2\/posts"}],"about":[{"href":"https:\/\/akunq.net\/tr\/index.php?rest_route=\/wp\/v2\/types\/post"}],"author":[{"embeddable":true,"href":"https:\/\/akunq.net\/tr\/index.php?rest_route=\/wp\/v2\/users\/7"}],"replies":[{"embeddable":true,"href":"https:\/\/akunq.net\/tr\/index.php?rest_route=%2Fwp%2Fv2%2Fcomments&post=65247"}],"version-history":[{"count":1,"href":"https:\/\/akunq.net\/tr\/index.php?rest_route=\/wp\/v2\/posts\/65247\/revisions"}],"predecessor-version":[{"id":65249,"href":"https:\/\/akunq.net\/tr\/index.php?rest_route=\/wp\/v2\/posts\/65247\/revisions\/65249"}],"wp:featuredmedia":[{"embeddable":true,"href":"https:\/\/akunq.net\/tr\/index.php?rest_route=\/wp\/v2\/media\/65248"}],"wp:attachment":[{"href":"https:\/\/akunq.net\/tr\/index.php?rest_route=%2Fwp%2Fv2%2Fmedia&parent=65247"}],"wp:term":[{"taxonomy":"category","embeddable":true,"href":"https:\/\/akunq.net\/tr\/index.php?rest_route=%2Fwp%2Fv2%2Fcategories&post=65247"},{"taxonomy":"post_tag","embeddable":true,"href":"https:\/\/akunq.net\/tr\/index.php?rest_route=%2Fwp%2Fv2%2Ftags&post=65247"}],"curies":[{"name":"wp","href":"https:\/\/api.w.org\/{rel}","templated":true}]}}