{"id":65237,"date":"2021-10-21T04:51:01","date_gmt":"2021-10-21T09:51:01","guid":{"rendered":"https:\/\/akunq.net\/tr\/?p=65237"},"modified":"2021-10-21T04:51:01","modified_gmt":"2021-10-21T09:51:01","slug":"priene-antik-kentinde-yapilan-ilk-kiliseye-ulasildi","status":"publish","type":"post","link":"https:\/\/akunq.net\/tr\/?p=65237","title":{"rendered":"Priene Antik Kenti\u2019nde yap\u0131lan ilk kiliseye ula\u015f\u0131ld\u0131"},"content":{"rendered":"<p><img loading=\"lazy\" decoding=\"async\" class=\"aligncenter size-medium wp-image-65238\" src=\"https:\/\/akunq.net\/tr\/wp-content\/uploads\/2021\/10\/Priene-Antik-Kenti-360x180.jpg\" alt=\"\" width=\"360\" height=\"180\" srcset=\"https:\/\/akunq.net\/tr\/wp-content\/uploads\/sites\/6\/2021\/10\/Priene-Antik-Kenti-360x180.jpg 360w, https:\/\/akunq.net\/tr\/wp-content\/uploads\/sites\/6\/2021\/10\/Priene-Antik-Kenti-768x384.jpg 768w, https:\/\/akunq.net\/tr\/wp-content\/uploads\/sites\/6\/2021\/10\/Priene-Antik-Kenti-560x280.jpg 560w, https:\/\/akunq.net\/tr\/wp-content\/uploads\/sites\/6\/2021\/10\/Priene-Antik-Kenti-260x130.jpg 260w, https:\/\/akunq.net\/tr\/wp-content\/uploads\/sites\/6\/2021\/10\/Priene-Antik-Kenti-160x80.jpg 160w, https:\/\/akunq.net\/tr\/wp-content\/uploads\/sites\/6\/2021\/10\/Priene-Antik-Kenti.jpg 960w\" sizes=\"auto, (max-width: 360px) 100vw, 360px\" \/><\/p>\n<p><strong><em>Ayd\u0131n\u2019\u0131n S\u00f6ke il\u00e7esindeki Priene Antik Kenti\u2019nde, ilk Hristiyan toplulu\u011fun yapt\u0131\u011f\u0131 1600 y\u0131l \u00f6ncesine ait kiliseye ula\u015f\u0131ld\u0131.<\/em><\/strong><\/p>\n<p>\u0130yi korunmu\u015f yap\u0131lar\u0131 ve \u015fehir plan\u0131ndan dolay\u0131 \u201cAnadolu\u2019nun Pompeisi\u201d olarak bilinen antik kentteki kaz\u0131 \u00e7al\u0131\u015fmalar\u0131, K\u00fclt\u00fcr ve Turizm Bakanl\u0131\u011f\u0131n\u0131n katk\u0131lar\u0131yla, Uluda\u011f \u00dcniversitesi \u00d6\u011fretim \u00dcyesi Prof. Dr. \u0130brahim Hakan Mert ba\u015fkanl\u0131\u011f\u0131nda yap\u0131l\u0131yor.<\/p>\n<p>Y\u00fcksekte olmas\u0131ndan dolay\u0131 ziyaret\u00e7ilerine S\u00f6ke Ovas\u0131\u2019n\u0131n e\u015fsiz manzaras\u0131n\u0131 izleme f\u0131rsat\u0131 da sunan sarp kayal\u0131klar \u00fczerine kurulu antik kent, Athena Tap\u0131na\u011f\u0131, tiyatro, Demeter Tap\u0131na\u011f\u0131, agora, bouleuterion, Yukar\u0131 Gymnasion, A\u015fa\u011f\u0131 Gymnasion, M\u0131s\u0131r Tap\u0131na\u011f\u0131, Bizans kilisesi ve konut alanlar\u0131yla dikkati \u00e7ekiyor.<\/p>\n<p>Kaz\u0131n\u0131n ba\u015fkan yard\u0131mc\u0131s\u0131 Uluda\u011f \u00dcniversitesi Dr. \u00d6\u011fr. \u00dcyesi Ali Alt\u0131n, \u201cIzgara plan\u0131\u201d ad\u0131 verilen kent yap\u0131la\u015fmas\u0131n\u0131n burada iyi bir \u00f6rne\u011fini g\u00f6rd\u00fcklerini s\u00f6yledi.<\/p>\n<p>UNESCO D\u00fcnya Miras Ge\u00e7ici Listesi\u2019nde yer alan antik kentte, paralel uzanan caddeleri dik \u015fekilde kesen sokaklar\u0131n da oldu\u011funu dile getiren Alt\u0131n, \u00fcnl\u00fc filozof Bias\u2019\u0131n da burada ya\u015fad\u0131\u011f\u0131n\u0131, Priene\u2019nin ayn\u0131 zamanda bilim ve sanat\u0131n ye\u015ferdi\u011fi b\u00f6lge olarak bilindi\u011fini ifade etti.<\/p>\n<p>Bu y\u0131lki kaz\u0131larda kent d\u0131\u015f\u0131ndaki mezarl\u0131k gibi yap\u0131lara yo\u011funla\u015ft\u0131klar\u0131na dikkati \u00e7eken Alt\u0131n, bir kilisenin izlerine ula\u015ft\u0131klar\u0131n\u0131 ve bunun kendileri i\u00e7in heyecan verici oldu\u011funu anlatt\u0131.<\/p>\n<p>Kentte daha \u00f6nce birka\u00e7 kilise ve tap\u0131nak bulundu\u011funu an\u0131msatan Alt\u0131n, \u201cBu bahsetti\u011fimiz kilise muhtemelen buradaki ilk Hristiyanlar\u0131n topluca ibadet etmek i\u00e7in kulland\u0131klar\u0131 ve bunun i\u00e7in in\u015fa ettikleri bir yap\u0131. \u015eu anda buluntular\u0131n bize verdi\u011fi bilgilere g\u00f6re bunlar\u0131 s\u00f6ylemek m\u00fcmk\u00fcn. Elimizdeki bulgulara g\u00f6re Priene\u2019deki en erken kilise, diyebiliriz.\u201d dedi.<\/p>\n<p>Alt\u0131n, kilisenin, kentte mezarl\u0131k olarak kullan\u0131lan alan\u0131n i\u00e7inde yer ald\u0131\u011f\u0131na dikkati \u00e7ekti.<\/p>\n<p>Kilisenin dikd\u00f6rtgen planl\u0131 oldu\u011funu anlatan Alt\u0131n, \u015f\u00f6yle devam etti:<\/p>\n<p>\u201cBat\u0131 taraf\u0131nda ayr\u0131ca bir avlu var. Kilisenin zemininin, k\u00fc\u00e7\u00fck boyutlu ta\u015flar\u0131n yan yana getirilmesiyle olu\u015fturulmu\u015f geometrik motiflerle s\u00fcslenmi\u015f mozaik d\u00f6\u015femesiyle kapl\u0131 oldu\u011funu g\u00f6rd\u00fck. Binan\u0131n i\u00e7 duvarlar\u0131n\u0131n da boylu boyunca duvar resimleriyle kapl\u0131 oldu\u011funu saptad\u0131k. Bu duvar resimleri birka\u00e7 farkl\u0131 katmandan olu\u015fuyor. Bu da bize bu kilisenin, muhtemelen erken Hristiyanl\u0131k \u00e7a\u011f\u0131n\u0131n ilk evrelerinden, belki de Bizans d\u00f6neminin ilerleyen evrelerine kadar kullan\u0131ld\u0131\u011f\u0131n\u0131 i\u015faret ediyor. \u015eu anda s\u00fcrd\u00fcrd\u00fc\u011f\u00fcm\u00fcz \u00e7al\u0131\u015fmalar\u0131n bize g\u00f6sterdi\u011fi \u00fczere Priene\u2019deki ilk Hristiyan cemaatin in\u015fa etti\u011fi bir yap\u0131 oldu\u011funu s\u00f6yleyebiliriz. Bundan dolay\u0131 bizim i\u00e7in olduk\u00e7a \u00f6nemli bir yap\u0131.\u201d<\/p>\n<p>1600 y\u0131l \u00f6nce yap\u0131lan kilisenin bir b\u00f6l\u00fcm\u00fcn\u00fcn g\u00fcn y\u00fcz\u00fcne \u00e7\u0131kart\u0131ld\u0131\u011f\u0131n\u0131 aktaran Alt\u0131n, birka\u00e7 y\u0131l i\u00e7inde de \u00e7al\u0131\u015fmay\u0131 tamamlayarak tarihi yap\u0131y\u0131 ziyarete a\u00e7may\u0131 planlad\u0131klar\u0131n\u0131 s\u00f6zlerine ekledi.<\/p>\n<p>Antik kentte ilk olarak 1895\u2019li y\u0131llarda Alman arkeologlar taraf\u0131ndan ba\u015flat\u0131lan kaz\u0131larda bu zamana kadar tap\u0131naklar, tiyatro, agora, kamu binalar\u0131, d\u00fckkanlar ve e\u011fitim binalar\u0131 ortaya \u00e7\u0131kart\u0131ld\u0131.<strong> \u00a0<\/strong><\/p>\n<p><strong><em><a href=\"https:\/\/www.aydindenge.com.tr\/kultur-sanat\/18\/10\/2021\/priene-antik-kentinde-yapilan-ilk-kiliseye-ulasildi\">https:\/\/www.aydindenge.com.tr\/kultur-sanat\/18\/10\/2021\/priene-antik-kentinde-yapilan-ilk-kiliseye-ulasildi<\/a>\u00a0<\/em><\/strong><\/p>\n","protected":false},"excerpt":{"rendered":"<p>Ayd\u0131n\u2019\u0131n S\u00f6ke il\u00e7esindeki Priene Antik Kenti\u2019nde, ilk Hristiyan toplulu\u011fun yapt\u0131\u011f\u0131 1600 y\u0131l \u00f6ncesine ait kiliseye ula\u015f\u0131ld\u0131. \u0130yi korunmu\u015f yap\u0131lar\u0131 ve \u015fehir plan\u0131ndan dolay\u0131 \u201cAnadolu\u2019nun Pompeisi\u201d olarak bilinen antik kentteki kaz\u0131 \u00e7al\u0131\u015fmalar\u0131, K\u00fclt\u00fcr ve Turizm Bakanl\u0131\u011f\u0131n\u0131n katk\u0131lar\u0131yla, Uluda\u011f \u00dcniversitesi \u00d6\u011fretim \u00dcyesi Prof. Dr. \u0130brahim Hakan Mert ba\u015fkanl\u0131\u011f\u0131nda yap\u0131l\u0131yor. Y\u00fcksekte olmas\u0131ndan dolay\u0131 ziyaret\u00e7ilerine S\u00f6ke Ovas\u0131\u2019n\u0131n e\u015fsiz manzaras\u0131n\u0131 [&hellip;]<\/p>\n","protected":false},"author":7,"featured_media":65238,"comment_status":"open","ping_status":"open","sticky":false,"template":"","format":"standard","meta":{"footnotes":""},"categories":[1],"tags":[],"class_list":["post-65237","post","type-post","status-publish","format-standard","has-post-thumbnail","hentry","category-haberler"],"yoast_head":"<!-- This site is optimized with the Yoast SEO plugin v27.4 - https:\/\/yoast.com\/product\/yoast-seo-wordpress\/ -->\n<title>Priene Antik Kenti\u2019nde yap\u0131lan ilk kiliseye ula\u015f\u0131ld\u0131 - Bati Ermenistan Ve Bati Ermenileri Sorunlari Ara\u015ftirmalar Merkezi<\/title>\n<meta name=\"robots\" content=\"index, follow, max-snippet:-1, max-image-preview:large, max-video-preview:-1\" \/>\n<link rel=\"canonical\" href=\"https:\/\/akunq.net\/tr\/?p=65237\" \/>\n<meta property=\"og:locale\" content=\"en_US\" \/>\n<meta property=\"og:type\" content=\"article\" \/>\n<meta property=\"og:title\" content=\"Priene Antik Kenti\u2019nde yap\u0131lan ilk kiliseye ula\u015f\u0131ld\u0131 - Bati Ermenistan Ve Bati Ermenileri Sorunlari Ara\u015ftirmalar Merkezi\" \/>\n<meta property=\"og:description\" content=\"Ayd\u0131n\u2019\u0131n S\u00f6ke il\u00e7esindeki Priene Antik Kenti\u2019nde, ilk Hristiyan toplulu\u011fun yapt\u0131\u011f\u0131 1600 y\u0131l \u00f6ncesine ait kiliseye ula\u015f\u0131ld\u0131. \u0130yi korunmu\u015f yap\u0131lar\u0131 ve \u015fehir plan\u0131ndan dolay\u0131 \u201cAnadolu\u2019nun Pompeisi\u201d olarak bilinen antik kentteki kaz\u0131 \u00e7al\u0131\u015fmalar\u0131, K\u00fclt\u00fcr ve Turizm Bakanl\u0131\u011f\u0131n\u0131n katk\u0131lar\u0131yla, Uluda\u011f \u00dcniversitesi \u00d6\u011fretim \u00dcyesi Prof. Dr. \u0130brahim Hakan Mert ba\u015fkanl\u0131\u011f\u0131nda yap\u0131l\u0131yor. Y\u00fcksekte olmas\u0131ndan dolay\u0131 ziyaret\u00e7ilerine S\u00f6ke Ovas\u0131\u2019n\u0131n e\u015fsiz manzaras\u0131n\u0131 [&hellip;]\" \/>\n<meta property=\"og:url\" content=\"https:\/\/akunq.net\/tr\/?p=65237\" \/>\n<meta property=\"og:site_name\" content=\"Bati Ermenistan Ve Bati Ermenileri Sorunlari Ara\u015ftirmalar Merkezi\" \/>\n<meta property=\"article:published_time\" content=\"2021-10-21T09:51:01+00:00\" \/>\n<meta property=\"og:image\" content=\"https:\/\/akunq.net\/tr\/wp-content\/uploads\/sites\/6\/2021\/10\/Priene-Antik-Kenti.jpg\" \/>\n\t<meta property=\"og:image:width\" content=\"960\" \/>\n\t<meta property=\"og:image:height\" content=\"480\" \/>\n\t<meta property=\"og:image:type\" content=\"image\/jpeg\" \/>\n<meta name=\"author\" content=\"admin\" \/>\n<meta name=\"twitter:card\" content=\"summary_large_image\" \/>\n<meta name=\"twitter:label1\" content=\"Written by\" \/>\n\t<meta name=\"twitter:data1\" content=\"admin\" \/>\n\t<meta name=\"twitter:label2\" content=\"Est. reading time\" \/>\n\t<meta name=\"twitter:data2\" content=\"3 minutes\" \/>\n<script type=\"application\/ld+json\" class=\"yoast-schema-graph\">{\"@context\":\"https:\\\/\\\/schema.org\",\"@graph\":[{\"@type\":\"Article\",\"@id\":\"https:\\\/\\\/akunq.net\\\/tr\\\/?p=65237#article\",\"isPartOf\":{\"@id\":\"https:\\\/\\\/akunq.net\\\/tr\\\/?p=65237\"},\"author\":{\"name\":\"admin\",\"@id\":\"https:\\\/\\\/akunq.net\\\/tr\\\/#\\\/schema\\\/person\\\/096f1d38a12cce57fb855b485ed24c9e\"},\"headline\":\"Priene Antik Kenti\u2019nde yap\u0131lan ilk kiliseye ula\u015f\u0131ld\u0131\",\"datePublished\":\"2021-10-21T09:51:01+00:00\",\"mainEntityOfPage\":{\"@id\":\"https:\\\/\\\/akunq.net\\\/tr\\\/?p=65237\"},\"wordCount\":569,\"commentCount\":0,\"image\":{\"@id\":\"https:\\\/\\\/akunq.net\\\/tr\\\/?p=65237#primaryimage\"},\"thumbnailUrl\":\"https:\\\/\\\/akunq.net\\\/tr\\\/wp-content\\\/uploads\\\/sites\\\/6\\\/2021\\\/10\\\/Priene-Antik-Kenti.jpg\",\"articleSection\":[\"Haberler\"],\"inLanguage\":\"en-US\",\"potentialAction\":[{\"@type\":\"CommentAction\",\"name\":\"Comment\",\"target\":[\"https:\\\/\\\/akunq.net\\\/tr\\\/?p=65237#respond\"]}]},{\"@type\":\"WebPage\",\"@id\":\"https:\\\/\\\/akunq.net\\\/tr\\\/?p=65237\",\"url\":\"https:\\\/\\\/akunq.net\\\/tr\\\/?p=65237\",\"name\":\"Priene Antik Kenti\u2019nde yap\u0131lan ilk kiliseye ula\u015f\u0131ld\u0131 - Bati Ermenistan Ve Bati Ermenileri Sorunlari Ara\u015ftirmalar Merkezi\",\"isPartOf\":{\"@id\":\"https:\\\/\\\/akunq.net\\\/tr\\\/#website\"},\"primaryImageOfPage\":{\"@id\":\"https:\\\/\\\/akunq.net\\\/tr\\\/?p=65237#primaryimage\"},\"image\":{\"@id\":\"https:\\\/\\\/akunq.net\\\/tr\\\/?p=65237#primaryimage\"},\"thumbnailUrl\":\"https:\\\/\\\/akunq.net\\\/tr\\\/wp-content\\\/uploads\\\/sites\\\/6\\\/2021\\\/10\\\/Priene-Antik-Kenti.jpg\",\"datePublished\":\"2021-10-21T09:51:01+00:00\",\"author\":{\"@id\":\"https:\\\/\\\/akunq.net\\\/tr\\\/#\\\/schema\\\/person\\\/096f1d38a12cce57fb855b485ed24c9e\"},\"breadcrumb\":{\"@id\":\"https:\\\/\\\/akunq.net\\\/tr\\\/?p=65237#breadcrumb\"},\"inLanguage\":\"en-US\",\"potentialAction\":[{\"@type\":\"ReadAction\",\"target\":[\"https:\\\/\\\/akunq.net\\\/tr\\\/?p=65237\"]}]},{\"@type\":\"ImageObject\",\"inLanguage\":\"en-US\",\"@id\":\"https:\\\/\\\/akunq.net\\\/tr\\\/?p=65237#primaryimage\",\"url\":\"https:\\\/\\\/akunq.net\\\/tr\\\/wp-content\\\/uploads\\\/sites\\\/6\\\/2021\\\/10\\\/Priene-Antik-Kenti.jpg\",\"contentUrl\":\"https:\\\/\\\/akunq.net\\\/tr\\\/wp-content\\\/uploads\\\/sites\\\/6\\\/2021\\\/10\\\/Priene-Antik-Kenti.jpg\",\"width\":960,\"height\":480},{\"@type\":\"BreadcrumbList\",\"@id\":\"https:\\\/\\\/akunq.net\\\/tr\\\/?p=65237#breadcrumb\",\"itemListElement\":[{\"@type\":\"ListItem\",\"position\":1,\"name\":\"Home\",\"item\":\"https:\\\/\\\/akunq.net\\\/tr\"},{\"@type\":\"ListItem\",\"position\":2,\"name\":\"Priene Antik Kenti\u2019nde yap\u0131lan ilk kiliseye ula\u015f\u0131ld\u0131\"}]},{\"@type\":\"WebSite\",\"@id\":\"https:\\\/\\\/akunq.net\\\/tr\\\/#website\",\"url\":\"https:\\\/\\\/akunq.net\\\/tr\\\/\",\"name\":\"Bati Ermenistan Ve Bati Ermenileri Sorunlari Ara\u015ftirmalar Merkezi\",\"description\":\"\",\"potentialAction\":[{\"@type\":\"SearchAction\",\"target\":{\"@type\":\"EntryPoint\",\"urlTemplate\":\"https:\\\/\\\/akunq.net\\\/tr\\\/?s={search_term_string}\"},\"query-input\":{\"@type\":\"PropertyValueSpecification\",\"valueRequired\":true,\"valueName\":\"search_term_string\"}}],\"inLanguage\":\"en-US\"},{\"@type\":\"Person\",\"@id\":\"https:\\\/\\\/akunq.net\\\/tr\\\/#\\\/schema\\\/person\\\/096f1d38a12cce57fb855b485ed24c9e\",\"name\":\"admin\",\"url\":\"https:\\\/\\\/akunq.net\\\/tr\\\/?author=7\"}]}<\/script>\n<!-- \/ Yoast SEO plugin. -->","yoast_head_json":{"title":"Priene Antik Kenti\u2019nde yap\u0131lan ilk kiliseye ula\u015f\u0131ld\u0131 - Bati Ermenistan Ve Bati Ermenileri Sorunlari Ara\u015ftirmalar Merkezi","robots":{"index":"index","follow":"follow","max-snippet":"max-snippet:-1","max-image-preview":"max-image-preview:large","max-video-preview":"max-video-preview:-1"},"canonical":"https:\/\/akunq.net\/tr\/?p=65237","og_locale":"en_US","og_type":"article","og_title":"Priene Antik Kenti\u2019nde yap\u0131lan ilk kiliseye ula\u015f\u0131ld\u0131 - Bati Ermenistan Ve Bati Ermenileri Sorunlari Ara\u015ftirmalar Merkezi","og_description":"Ayd\u0131n\u2019\u0131n S\u00f6ke il\u00e7esindeki Priene Antik Kenti\u2019nde, ilk Hristiyan toplulu\u011fun yapt\u0131\u011f\u0131 1600 y\u0131l \u00f6ncesine ait kiliseye ula\u015f\u0131ld\u0131. \u0130yi korunmu\u015f yap\u0131lar\u0131 ve \u015fehir plan\u0131ndan dolay\u0131 \u201cAnadolu\u2019nun Pompeisi\u201d olarak bilinen antik kentteki kaz\u0131 \u00e7al\u0131\u015fmalar\u0131, K\u00fclt\u00fcr ve Turizm Bakanl\u0131\u011f\u0131n\u0131n katk\u0131lar\u0131yla, Uluda\u011f \u00dcniversitesi \u00d6\u011fretim \u00dcyesi Prof. Dr. \u0130brahim Hakan Mert ba\u015fkanl\u0131\u011f\u0131nda yap\u0131l\u0131yor. Y\u00fcksekte olmas\u0131ndan dolay\u0131 ziyaret\u00e7ilerine S\u00f6ke Ovas\u0131\u2019n\u0131n e\u015fsiz manzaras\u0131n\u0131 [&hellip;]","og_url":"https:\/\/akunq.net\/tr\/?p=65237","og_site_name":"Bati Ermenistan Ve Bati Ermenileri Sorunlari Ara\u015ftirmalar Merkezi","article_published_time":"2021-10-21T09:51:01+00:00","og_image":[{"width":960,"height":480,"url":"https:\/\/akunq.net\/tr\/wp-content\/uploads\/sites\/6\/2021\/10\/Priene-Antik-Kenti.jpg","type":"image\/jpeg"}],"author":"admin","twitter_card":"summary_large_image","twitter_misc":{"Written by":"admin","Est. reading time":"3 minutes"},"schema":{"@context":"https:\/\/schema.org","@graph":[{"@type":"Article","@id":"https:\/\/akunq.net\/tr\/?p=65237#article","isPartOf":{"@id":"https:\/\/akunq.net\/tr\/?p=65237"},"author":{"name":"admin","@id":"https:\/\/akunq.net\/tr\/#\/schema\/person\/096f1d38a12cce57fb855b485ed24c9e"},"headline":"Priene Antik Kenti\u2019nde yap\u0131lan ilk kiliseye ula\u015f\u0131ld\u0131","datePublished":"2021-10-21T09:51:01+00:00","mainEntityOfPage":{"@id":"https:\/\/akunq.net\/tr\/?p=65237"},"wordCount":569,"commentCount":0,"image":{"@id":"https:\/\/akunq.net\/tr\/?p=65237#primaryimage"},"thumbnailUrl":"https:\/\/akunq.net\/tr\/wp-content\/uploads\/sites\/6\/2021\/10\/Priene-Antik-Kenti.jpg","articleSection":["Haberler"],"inLanguage":"en-US","potentialAction":[{"@type":"CommentAction","name":"Comment","target":["https:\/\/akunq.net\/tr\/?p=65237#respond"]}]},{"@type":"WebPage","@id":"https:\/\/akunq.net\/tr\/?p=65237","url":"https:\/\/akunq.net\/tr\/?p=65237","name":"Priene Antik Kenti\u2019nde yap\u0131lan ilk kiliseye ula\u015f\u0131ld\u0131 - Bati Ermenistan Ve Bati Ermenileri Sorunlari Ara\u015ftirmalar Merkezi","isPartOf":{"@id":"https:\/\/akunq.net\/tr\/#website"},"primaryImageOfPage":{"@id":"https:\/\/akunq.net\/tr\/?p=65237#primaryimage"},"image":{"@id":"https:\/\/akunq.net\/tr\/?p=65237#primaryimage"},"thumbnailUrl":"https:\/\/akunq.net\/tr\/wp-content\/uploads\/sites\/6\/2021\/10\/Priene-Antik-Kenti.jpg","datePublished":"2021-10-21T09:51:01+00:00","author":{"@id":"https:\/\/akunq.net\/tr\/#\/schema\/person\/096f1d38a12cce57fb855b485ed24c9e"},"breadcrumb":{"@id":"https:\/\/akunq.net\/tr\/?p=65237#breadcrumb"},"inLanguage":"en-US","potentialAction":[{"@type":"ReadAction","target":["https:\/\/akunq.net\/tr\/?p=65237"]}]},{"@type":"ImageObject","inLanguage":"en-US","@id":"https:\/\/akunq.net\/tr\/?p=65237#primaryimage","url":"https:\/\/akunq.net\/tr\/wp-content\/uploads\/sites\/6\/2021\/10\/Priene-Antik-Kenti.jpg","contentUrl":"https:\/\/akunq.net\/tr\/wp-content\/uploads\/sites\/6\/2021\/10\/Priene-Antik-Kenti.jpg","width":960,"height":480},{"@type":"BreadcrumbList","@id":"https:\/\/akunq.net\/tr\/?p=65237#breadcrumb","itemListElement":[{"@type":"ListItem","position":1,"name":"Home","item":"https:\/\/akunq.net\/tr"},{"@type":"ListItem","position":2,"name":"Priene Antik Kenti\u2019nde yap\u0131lan ilk kiliseye ula\u015f\u0131ld\u0131"}]},{"@type":"WebSite","@id":"https:\/\/akunq.net\/tr\/#website","url":"https:\/\/akunq.net\/tr\/","name":"Bati Ermenistan Ve Bati Ermenileri Sorunlari Ara\u015ftirmalar Merkezi","description":"","potentialAction":[{"@type":"SearchAction","target":{"@type":"EntryPoint","urlTemplate":"https:\/\/akunq.net\/tr\/?s={search_term_string}"},"query-input":{"@type":"PropertyValueSpecification","valueRequired":true,"valueName":"search_term_string"}}],"inLanguage":"en-US"},{"@type":"Person","@id":"https:\/\/akunq.net\/tr\/#\/schema\/person\/096f1d38a12cce57fb855b485ed24c9e","name":"admin","url":"https:\/\/akunq.net\/tr\/?author=7"}]}},"_links":{"self":[{"href":"https:\/\/akunq.net\/tr\/index.php?rest_route=\/wp\/v2\/posts\/65237","targetHints":{"allow":["GET"]}}],"collection":[{"href":"https:\/\/akunq.net\/tr\/index.php?rest_route=\/wp\/v2\/posts"}],"about":[{"href":"https:\/\/akunq.net\/tr\/index.php?rest_route=\/wp\/v2\/types\/post"}],"author":[{"embeddable":true,"href":"https:\/\/akunq.net\/tr\/index.php?rest_route=\/wp\/v2\/users\/7"}],"replies":[{"embeddable":true,"href":"https:\/\/akunq.net\/tr\/index.php?rest_route=%2Fwp%2Fv2%2Fcomments&post=65237"}],"version-history":[{"count":1,"href":"https:\/\/akunq.net\/tr\/index.php?rest_route=\/wp\/v2\/posts\/65237\/revisions"}],"predecessor-version":[{"id":65239,"href":"https:\/\/akunq.net\/tr\/index.php?rest_route=\/wp\/v2\/posts\/65237\/revisions\/65239"}],"wp:featuredmedia":[{"embeddable":true,"href":"https:\/\/akunq.net\/tr\/index.php?rest_route=\/wp\/v2\/media\/65238"}],"wp:attachment":[{"href":"https:\/\/akunq.net\/tr\/index.php?rest_route=%2Fwp%2Fv2%2Fmedia&parent=65237"}],"wp:term":[{"taxonomy":"category","embeddable":true,"href":"https:\/\/akunq.net\/tr\/index.php?rest_route=%2Fwp%2Fv2%2Fcategories&post=65237"},{"taxonomy":"post_tag","embeddable":true,"href":"https:\/\/akunq.net\/tr\/index.php?rest_route=%2Fwp%2Fv2%2Ftags&post=65237"}],"curies":[{"name":"wp","href":"https:\/\/api.w.org\/{rel}","templated":true}]}}