{"id":65224,"date":"2021-10-21T02:26:20","date_gmt":"2021-10-21T07:26:20","guid":{"rendered":"https:\/\/akunq.net\/tr\/?p=65224"},"modified":"2021-10-21T02:26:20","modified_gmt":"2021-10-21T07:26:20","slug":"cemaat-vakiflarimizin-gelecegi-ve-secimler","status":"publish","type":"post","link":"https:\/\/akunq.net\/tr\/?p=65224","title":{"rendered":"Cemaat Vak\u0131flar\u0131m\u0131z\u0131n gelece\u011fi ve se\u00e7imler"},"content":{"rendered":"<div><img loading=\"lazy\" decoding=\"async\" class=\"aligncenter size-medium wp-image-65225\" src=\"https:\/\/akunq.net\/tr\/wp-content\/uploads\/2021\/10\/Adalet-Bakan\u0131-Abd\u00fclhamit-G\u00fcl-ve-Cumhurba\u015fkanl\u0131\u011f\u0131-S\u00f6zc\u00fcs\u00fc-\u0130brahim-Kal\u0131n-360x203.jpeg\" alt=\"\" width=\"360\" height=\"203\" srcset=\"https:\/\/akunq.net\/tr\/wp-content\/uploads\/sites\/6\/2021\/10\/Adalet-Bakan\u0131-Abd\u00fclhamit-G\u00fcl-ve-Cumhurba\u015fkanl\u0131\u011f\u0131-S\u00f6zc\u00fcs\u00fc-\u0130brahim-Kal\u0131n-360x203.jpeg 360w, https:\/\/akunq.net\/tr\/wp-content\/uploads\/sites\/6\/2021\/10\/Adalet-Bakan\u0131-Abd\u00fclhamit-G\u00fcl-ve-Cumhurba\u015fkanl\u0131\u011f\u0131-S\u00f6zc\u00fcs\u00fc-\u0130brahim-Kal\u0131n-768x432.jpeg 768w, https:\/\/akunq.net\/tr\/wp-content\/uploads\/sites\/6\/2021\/10\/Adalet-Bakan\u0131-Abd\u00fclhamit-G\u00fcl-ve-Cumhurba\u015fkanl\u0131\u011f\u0131-S\u00f6zc\u00fcs\u00fc-\u0130brahim-Kal\u0131n-560x315.jpeg 560w, https:\/\/akunq.net\/tr\/wp-content\/uploads\/sites\/6\/2021\/10\/Adalet-Bakan\u0131-Abd\u00fclhamit-G\u00fcl-ve-Cumhurba\u015fkanl\u0131\u011f\u0131-S\u00f6zc\u00fcs\u00fc-\u0130brahim-Kal\u0131n-260x146.jpeg 260w, https:\/\/akunq.net\/tr\/wp-content\/uploads\/sites\/6\/2021\/10\/Adalet-Bakan\u0131-Abd\u00fclhamit-G\u00fcl-ve-Cumhurba\u015fkanl\u0131\u011f\u0131-S\u00f6zc\u00fcs\u00fc-\u0130brahim-Kal\u0131n-160x90.jpeg 160w, https:\/\/akunq.net\/tr\/wp-content\/uploads\/sites\/6\/2021\/10\/Adalet-Bakan\u0131-Abd\u00fclhamit-G\u00fcl-ve-Cumhurba\u015fkanl\u0131\u011f\u0131-S\u00f6zc\u00fcs\u00fc-\u0130brahim-Kal\u0131n.jpeg 864w\" sizes=\"auto, (max-width: 360px) 100vw, 360px\" \/><\/div>\n<div class=\"post-meta\"><strong><span class=\"posted-by\"><span class=\"reviewer\"><a title=\"Laki Vingas\" href=\"http:\/\/www.agos.com.tr\/tr\/yazar\/385\/laki-vingas\" rel=\"author\">Laki Vingas<\/a><\/span> \u00a0<\/span><\/strong><\/div>\n<div class=\"post-meta\"><em><span style=\"color: #333333; font-family: 'Cantata One', serif; letter-spacing: 0.05em;\">Bu sanc\u0131l\u0131 s\u00fcre\u00e7lerin uzamas\u0131 gen\u00e7lerimizin vak\u0131flardan kopmas\u0131na sebep olurken g\u00f6n\u00fcll\u00fcl\u00fck esas\u0131yla y\u00fcr\u00fct\u00fclen bu \u00e7al\u0131\u015fmalar da maalesef kesintiye u\u011framaktad\u0131r. 10-20 y\u0131l boyunca de\u011fi\u015fmeyen y\u00f6netimlerin gayriihtiyari de olsa anlay\u0131\u015f\u0131 kayy\u0131m zihniyetine evrilmektedir.<\/span><\/em><\/div>\n<div class=\"post-container cf\">\n<div class=\"post-content-right\">\n<div class=\"post-content description \">\n<p>Ocak 2013 y\u0131l\u0131nda benim de mensubu oldu\u011fum Vak\u0131flar Meclisi y\u00fcr\u00fcrl\u00fckte bulunan Se\u00e7im Y\u00f6netmeli\u011fini iptal etti.<\/p>\n<p>5737 say\u0131l\u0131 Vak\u0131flar Kanunu \u00e7er\u00e7evesinde 2008 y\u0131l\u0131nda yenilenmi\u015f olan se\u00e7im y\u00f6netmeli\u011finin tart\u0131\u015fmaya a\u00e7\u0131k, yetersiz ve uygulamada t\u00fcm ihtiyac\u0131 kar\u015f\u0131lamayacak nitelikte olmas\u0131 nedeniyle ve yenisinin daha kapsaml\u0131 olaca\u011f\u0131 varsay\u0131m\u0131 ile iptali hi\u00e7birimizi rahats\u0131z etmedi.<\/p>\n<p>Ne de olsa 2004\u2019te sa\u011flanan iyile\u015ftirici d\u00fczenlemeler ve yay\u0131nlanan yeni y\u00f6netmelik (Resmi Gazete say\u0131 25585) Cemaat Vak\u0131flar\u0131\u2019n\u0131n se\u00e7im i\u015flemlerini hukuki bir zemine oturtmu\u015ftu. 2008 y\u0131l\u0131nda ise Se\u00e7im Y\u00f6netmeli\u011fi yine bir iptal s\u00fcreci ge\u00e7irmi\u015f ve hemen yenisi y\u00fcr\u00fcrl\u00fc\u011fe girmi\u015fti.<\/p>\n<p>S\u00f6z konusu kanuna se\u00e7im konusunun dahil edilmesi en b\u00fcy\u00fck ink\u0131talar\u0131 ve ma\u011fduriyetleri ya\u015fayan Rum Vak\u0131flar\u0131n\u0131 \u00f6zellikle rahatlatm\u0131\u015ft\u0131. Art\u0131k yirmi y\u0131lda bir izin almak i\u00e7in \u00e7\u0131rp\u0131nmayacak, h\u0131rpalanmayacakt\u0131.<\/p>\n<p>2008\u2019den beri tesis edilen Cemaat Vak\u0131flar\u0131 Temsilcili\u011fi ise faaliyetine ba\u015flam\u0131\u015f, kamuoyundan ilgi ve destek bulmu\u015ftu. H\u00fck\u00fcmetin sa\u011flad\u0131\u011f\u0131 a\u00e7\u0131l\u0131mlarla m\u00fclkiyet problemleri sonu\u00e7 verirken, kurumlar aras\u0131nda diyalog, toplumlar aras\u0131nda i\u015fbirli\u011fi konular\u0131 geli\u015fiyordu. Ancak y\u00fcr\u00fcrl\u00fckte olan se\u00e7im y\u00f6netmeli\u011finin bo\u015fluklar\u0131 toplum i\u00e7inde yeni s\u0131k\u0131nt\u0131lara, sosyal problemlere, hukuka yans\u0131yan yanl\u0131\u015f uygulamalara sebep olunca \u015fikayetler ve tepkiler y\u00fckselmeye ba\u015flad\u0131.<\/p>\n<p>\u0130htilaflar ya\u015fayan vak\u0131f ve mensuplar\u0131n\u0131n \u00f6zellikle y\u00f6netmelikteki yetersizlikleri tamamlamak \u00fczere talepleri yo\u011funla\u015ft\u0131. G\u00fcndeme getirdi\u011fimiz bu sorunla ilgili d\u00f6nemin Vak\u0131flar Genel M\u00fcd\u00fcr\u00fc Dr. Adnan Ertem ile g\u00f6r\u00fc\u015f\u00fcl\u00fcyor, bu y\u00f6nde toplant\u0131lar yap\u0131l\u0131yor ve iyi niyetle ihtiyac\u0131 giderecek ad\u0131mlar sergileniyor, toplumlardan g\u00f6r\u00fc\u015flerini belirtecekleri teklifler isteniyordu. B\u00f6yle bir ortamda se\u00e7im y\u00f6netmeli\u011finin iptali ve sonras\u0131nda yenisinin y\u00fcr\u00fcrl\u00fc\u011fe girece\u011fi beklentisi gayet makul g\u00f6r\u00fcn\u00fcyordu.<\/p>\n<p><strong>O g\u00fcnden bug\u00fcne<\/strong><br \/>\nAncak bu olmad\u0131 veya olamad\u0131. O g\u00fcnden bug\u00fcne 3 ba\u015fbakan 7-8 bakan de\u011fi\u015fti. Benim g\u00f6rev s\u00fcremden sonra s\u0131ras\u0131yla Sn. Prof. Dr. Toros Alcan, Sn. Moris Levi ve bu d\u00f6nemdeki temsilcimiz Sn. Can Ustaba\u015f\u0131 konuyu devaml\u0131 g\u00fcndemde tutmaya devam ettiler.<\/p>\n<p>Toplant\u0131lar, davalar, bilirki\u015fi raporlar\u0131, hukuki m\u00fctalaalar, konferanslar, makaleler, \u00fcst d\u00fczeyde g\u00f6r\u00fc\u015fmeler, kurumsal ve bireysel temaslar bu \u00f6nemli konuyu sonu\u00e7land\u0131rmaya yetmedi.<br \/>\nSiyasi yetkililer ve yetkili b\u00fcrokratlar bu ihtiyac\u0131m\u0131z\u0131n ne denli \u00f6nemli oldu\u011funun fark\u0131nda olduklar\u0131n\u0131 ve gerekli \u00e7al\u0131\u015fmalar\u0131 yapt\u0131klar\u0131n\u0131 hep s\u00f6ylediler.<\/p>\n<p><strong>Neden bu kadar \u00f6nemli?<\/strong><br \/>\nPeki, bu konu neden bu kadar \u00f6nemli? Ve neden \u00e7\u00f6z\u00fcme ula\u015ft\u0131r\u0131lamad\u0131?<\/p>\n<p>Birinci soruya cevap vermek kolay; var olma m\u00fccadelesi veren M\u00fcsl\u00fcman olmayan kadim toplumlar\u0131m\u0131z\u0131n en temel ve de\u011ferli organlar\u0131 olan vak\u0131flar\u0131n do\u011fru y\u00f6netimi ve geli\u015fimi toplumlar\u0131n gelece\u011finin esenli\u011fi ile do\u011frudan irtibatl\u0131d\u0131r ve ba\u011flant\u0131l\u0131d\u0131r.<\/p>\n<p>Vak\u0131flar\u0131m\u0131z tarih, e\u011fitim, ibadet, sa\u011fl\u0131k, sosyal, ekonomik ve filantropik de\u011ferleri b\u00fcnyesinde toplayan, g\u00fcn\u00fcm\u00fcze ta\u015f\u0131yan ve gelirlerimizi sa\u011flayan t\u00fczel ki\u015filiklerdir.<\/p>\n<p>20 yy.\u2019\u0131n ilk y\u0131llar\u0131ndan itibaren m\u00fclkiyet ve se\u00e7im kanunlar\u0131yla me\u015fgul olan toplumlar\u0131m\u0131z\u0131n 21. yy.\u2019 \u0131n ikinci \u00e7eyre\u011finin arifesinde ayn\u0131 kayg\u0131larla ve endi\u015felerle bo\u011fu\u015fmas\u0131 son derece y\u0131prat\u0131c\u0131d\u0131r.<br \/>\nBu sanc\u0131l\u0131 s\u00fcre\u00e7lerin uzamas\u0131 gen\u00e7lerimizin vak\u0131flardan kopmas\u0131na sebep olurken g\u00f6n\u00fcll\u00fcl\u00fck esas\u0131yla y\u00fcr\u00fct\u00fclen bu \u00e7al\u0131\u015fmalar da maalesef kesintiye u\u011framaktad\u0131r.<\/p>\n<p>10-20 y\u0131l boyunca de\u011fi\u015fmeyen y\u00f6netimlerin gayriihtiyari de olsa anlay\u0131\u015f\u0131 kayy\u0131m zihniyetine evrilmektedir. Kurum ba\u015fkan\u0131n\u0131n ad\u0131 vakf\u0131n unvan\u0131n\u0131n \u00f6n\u00fcne ge\u00e7mektedir.\u00a0 B\u00f6ylece kurumsal ili\u015fkiler bertaraf olup bireysel ili\u015fkiler \u00f6ne \u00e7\u0131kmaktad\u0131r.<\/p>\n<p>Kal\u0131pla\u015fm\u0131\u015f ve sorgulanmayan y\u00f6netim anlay\u0131\u015flar\u0131n\u0131 geli\u015ftiren bu s\u00fcre\u00e7, y\u0131llar\u0131n yaratt\u0131\u011f\u0131 yorgunluk, bezginlik, yetersizlik ve makam kapt\u0131rma korkusuyla birle\u015fince toplumlar\u0131n sosyal b\u00fct\u00fcnl\u00fc\u011f\u00fc zarar g\u00f6rmektedir. Halbuki d\u00f6rt y\u0131lda bir yap\u0131lacak se\u00e7imler do\u011fal olarak bir disiplin ve denetleme mekanizmas\u0131n\u0131 da olu\u015fturmay\u0131 hedeflemektedir.<\/p>\n<p><strong>Neden \u00e7\u00f6z\u00fclemiyor?<\/strong><br \/>\nY\u0131llarca g\u00fcndemde olan bu konu neden \u00e7\u00f6z\u00fclemiyor?<\/p>\n<p>Muhtelif g\u00f6r\u00fc\u015fler, yorum ve spek\u00fclasyonlar yap\u0131lmaya devam ediliyor olsa da \u015fahsen varsay\u0131mlar\u0131n \u00f6tesinde ikna edici bir gerek\u00e7e tespit edemedim. Y\u00f6neticisi ve mensubunun se\u00e7me ve se\u00e7ilme hakk\u0131n\u0131n bu kadar tart\u0131\u015fmal\u0131 oldu\u011fu ba\u015fka bir t\u00fczel ki\u015filik grubunun \u00fclkemizde olmad\u0131\u011f\u0131 d\u00fc\u015f\u00fcn\u00fcyorum.<\/p>\n<p>Demokratik de\u011ferleri savunan, toplumlar\u0131m\u0131z\u0131n gelece\u011fine emek veren, gen\u00e7lerimizi sisteme d\u00e2hil etmek isteyen herkes gibi ben de er ya da ge\u00e7 cemaat vak\u0131flar\u0131n\u0131n se\u00e7imlerinin yap\u0131laca\u011f\u0131na inan\u0131yorum, inanmak istiyorum.<\/p>\n<p>Bununla birlikte \u015fu hususu da g\u00f6z \u00f6n\u00fcnde bulundurmam\u0131z gerekti\u011fine inan\u0131yorum; \u00e7\u0131kacak olan yeni bir kanun mu veya bir y\u00f6netmelik mi olacak ve \u015fartlar\u0131 ne olacak, ihtiyaca cevap verecek mi ve bizi i\u00e7inde bulundu\u011fumuz bu darbo\u011fazdan \u00e7\u0131karabilecek mi?<\/p>\n<p>Son 10 y\u0131lda az\u0131nl\u0131k toplumlar\u0131m\u0131z\u0131n durumlar\u0131 de\u011fi\u015fti, ihtiya\u00e7lar \u00e7e\u015fitlendi, ortak evlilikler artt\u0131, toplumlar\u0131m\u0131za yeni bireyler kat\u0131ld\u0131, genel n\u00fcfus oranlar\u0131 azald\u0131, mahalle ve g\u00f6n\u00fcll\u00fcl\u00fck k\u00fclt\u00fcr\u00fc, sosyolojik yap\u0131lar farkl\u0131la\u015ft\u0131. D\u00f6nemimiz 1970-90\u2019lara benzemiyor. T\u00fcm bu de\u011fi\u015fimleri ve yeni \u015fartlar\u0131 karar vericilerin \u00f6n\u00fcnde tart\u0131\u015fmam\u0131z ve bilgilendirmemizin gerekli oldu\u011funu d\u00fc\u015f\u00fcn\u00fcyorum.<\/p>\n<p><strong>Yeni bir model<\/strong><br \/>\nYeni bir y\u00f6netim modelini tart\u0131\u015fmak \u00fczere cemaat vak\u0131flar\u0131 temsilcili\u011fimizin koordinasyonunda devlet kurumlar\u0131 yetkililerinin de kat\u0131laca\u011f\u0131 bir sempozyum veya arama konferans\u0131 d\u00fczenlenebilir; b\u00f6ylece hukuki ve idari denetim mekanizmalar\u0131n\u0131n daha verimli ve sonu\u00e7 odakl\u0131 neticeler elde edilebilece\u011fi, ilkeler b\u00fct\u00fcnl\u00fc\u011f\u00fcn\u00fc sa\u011flayacak bir modeli geli\u015ftirmeyi ama\u00e7layabiliriz.<\/p>\n<p>Bu, cemaat vak\u0131flar\u0131n\u0131n gelece\u011fine dokunacak hukuki mevzuatlar\u0131 olu\u015fturacak olan siyasetin ve b\u00fcrokrasinin temsilcilerinin daha rasyonel bir \u00f6rg\u00fctlenme modeli olu\u015fturmas\u0131n\u0131n \u00f6n\u00fcn\u00fc a\u00e7acakt\u0131r. T\u00fcm payda\u015flar\u0131n kat\u0131laca\u011f\u0131 ve konu\u015faca\u011f\u0131 bu bulu\u015fmada gelece\u011fin sahibi olan gen\u00e7lerin sesine \u00f6zellikle \u00f6nem vermemiz gerekmektedir. Vak\u0131flar\u0131m\u0131z\u0131n y\u00f6netimlerini yeni kadrolarla g\u00fc\u00e7lendirmemiz elzemdir.<\/p>\n<p>Diyalog, empati ve anlay\u0131\u015f k\u00f6pr\u00fcs\u00fcn\u00fc sa\u011fl\u0131kl\u0131 bir \u015fekilde kurmaz isek \u00e7\u0131kar\u0131lacak olan uygulamalar\u0131n yetersizli\u011fi ile bo\u011fu\u015faca\u011f\u0131z ya da toplum \u00e7o\u011funlu\u011fundan mahrum bir \u015fekilde faaliyet g\u00f6steren tabela vak\u0131flar\u0131na d\u00f6n\u00fc\u015fece\u011fiz.<\/p>\n<p>Toplumlar\u0131m\u0131z\u0131n miras\u0131n\u0131, kimliklerini ve geleneklerini koruyarak ge\u00e7mi\u015ften gelece\u011fe ta\u015f\u0131yan vak\u0131flar\u0131m\u0131z\u0131n misyonlar\u0131na, g\u00fcven veren bir y\u00f6netim modeli ile yollar\u0131na devam etmeleri \u00f6nceli\u011fimiz olmal\u0131d\u0131r.<\/p>\n<p>Dile\u011fim, bu darbo\u011fazdan bir an evvel \u00e7\u0131k\u0131lmas\u0131 ve toplumlar\u0131m\u0131z\u0131n ihtiya\u00e7lar\u0131n\u0131 kapsayacak yeni bir mevzuatla, vak\u0131flar\u0131m\u0131z\u0131 gelece\u011fe ta\u015f\u0131yacak s\u00fcrd\u00fcr\u00fclebilir y\u00f6netimlerin se\u00e7imle bir an evvel i\u015fba\u015f\u0131 yapmas\u0131d\u0131r.<\/p>\n<p><em>(Laki Vingas, Cemaat Vak\u0131flar\u0131 1. ve 2. d\u00f6nem temsilcisi olarak g\u00f6rev yapm\u0131\u015ft\u0131r)<\/em><\/p>\n<p><em><strong>http:\/\/www.agos.com.tr\/tr\/yazi\/26294\/cemaat-vakiflarimizin-gelecegi-ve-secimler\u00a0<\/strong><\/em><\/p>\n<\/div>\n<\/div>\n<\/div>\n","protected":false},"excerpt":{"rendered":"<p>Laki Vingas \u00a0 Bu sanc\u0131l\u0131 s\u00fcre\u00e7lerin uzamas\u0131 gen\u00e7lerimizin vak\u0131flardan kopmas\u0131na sebep olurken g\u00f6n\u00fcll\u00fcl\u00fck esas\u0131yla y\u00fcr\u00fct\u00fclen bu \u00e7al\u0131\u015fmalar da maalesef kesintiye u\u011framaktad\u0131r. 10-20 y\u0131l boyunca de\u011fi\u015fmeyen y\u00f6netimlerin gayriihtiyari de olsa anlay\u0131\u015f\u0131 kayy\u0131m zihniyetine evrilmektedir. Ocak 2013 y\u0131l\u0131nda benim de mensubu oldu\u011fum Vak\u0131flar Meclisi y\u00fcr\u00fcrl\u00fckte bulunan Se\u00e7im Y\u00f6netmeli\u011fini iptal etti. 5737 say\u0131l\u0131 Vak\u0131flar Kanunu \u00e7er\u00e7evesinde 2008 y\u0131l\u0131nda [&hellip;]<\/p>\n","protected":false},"author":7,"featured_media":65225,"comment_status":"open","ping_status":"open","sticky":false,"template":"","format":"standard","meta":{"footnotes":""},"categories":[1,53],"tags":[],"class_list":["post-65224","post","type-post","status-publish","format-standard","has-post-thumbnail","hentry","category-haberler","category-turkiyede-azinliklar"],"yoast_head":"<!-- This site is optimized with the Yoast SEO plugin v27.4 - https:\/\/yoast.com\/product\/yoast-seo-wordpress\/ -->\n<title>Cemaat Vak\u0131flar\u0131m\u0131z\u0131n gelece\u011fi ve se\u00e7imler - Bati Ermenistan Ve Bati Ermenileri Sorunlari Ara\u015ftirmalar Merkezi<\/title>\n<meta name=\"robots\" content=\"index, follow, max-snippet:-1, max-image-preview:large, max-video-preview:-1\" \/>\n<link rel=\"canonical\" href=\"https:\/\/akunq.net\/tr\/?p=65224\" \/>\n<meta property=\"og:locale\" content=\"en_US\" \/>\n<meta property=\"og:type\" content=\"article\" \/>\n<meta property=\"og:title\" content=\"Cemaat Vak\u0131flar\u0131m\u0131z\u0131n gelece\u011fi ve se\u00e7imler - Bati Ermenistan Ve Bati Ermenileri Sorunlari Ara\u015ftirmalar Merkezi\" \/>\n<meta property=\"og:description\" content=\"Laki Vingas \u00a0 Bu sanc\u0131l\u0131 s\u00fcre\u00e7lerin uzamas\u0131 gen\u00e7lerimizin vak\u0131flardan kopmas\u0131na sebep olurken g\u00f6n\u00fcll\u00fcl\u00fck esas\u0131yla y\u00fcr\u00fct\u00fclen bu \u00e7al\u0131\u015fmalar da maalesef kesintiye u\u011framaktad\u0131r. 10-20 y\u0131l boyunca de\u011fi\u015fmeyen y\u00f6netimlerin gayriihtiyari de olsa anlay\u0131\u015f\u0131 kayy\u0131m zihniyetine evrilmektedir. Ocak 2013 y\u0131l\u0131nda benim de mensubu oldu\u011fum Vak\u0131flar Meclisi y\u00fcr\u00fcrl\u00fckte bulunan Se\u00e7im Y\u00f6netmeli\u011fini iptal etti. 5737 say\u0131l\u0131 Vak\u0131flar Kanunu \u00e7er\u00e7evesinde 2008 y\u0131l\u0131nda [&hellip;]\" \/>\n<meta property=\"og:url\" content=\"https:\/\/akunq.net\/tr\/?p=65224\" \/>\n<meta property=\"og:site_name\" content=\"Bati Ermenistan Ve Bati Ermenileri Sorunlari Ara\u015ftirmalar Merkezi\" \/>\n<meta property=\"article:published_time\" content=\"2021-10-21T07:26:20+00:00\" \/>\n<meta property=\"og:image\" content=\"https:\/\/akunq.net\/tr\/wp-content\/uploads\/sites\/6\/2021\/10\/Adalet-Bakan\u0131-Abd\u00fclhamit-G\u00fcl-ve-Cumhurba\u015fkanl\u0131\u011f\u0131-S\u00f6zc\u00fcs\u00fc-\u0130brahim-Kal\u0131n.jpeg\" \/>\n\t<meta property=\"og:image:width\" content=\"864\" \/>\n\t<meta property=\"og:image:height\" content=\"486\" \/>\n\t<meta property=\"og:image:type\" content=\"image\/jpeg\" \/>\n<meta name=\"author\" content=\"admin\" \/>\n<meta name=\"twitter:card\" content=\"summary_large_image\" \/>\n<meta name=\"twitter:label1\" content=\"Written by\" \/>\n\t<meta name=\"twitter:data1\" content=\"admin\" \/>\n\t<meta name=\"twitter:label2\" content=\"Est. reading time\" \/>\n\t<meta name=\"twitter:data2\" content=\"7 minutes\" \/>\n<script type=\"application\/ld+json\" class=\"yoast-schema-graph\">{\"@context\":\"https:\\\/\\\/schema.org\",\"@graph\":[{\"@type\":\"Article\",\"@id\":\"https:\\\/\\\/akunq.net\\\/tr\\\/?p=65224#article\",\"isPartOf\":{\"@id\":\"https:\\\/\\\/akunq.net\\\/tr\\\/?p=65224\"},\"author\":{\"name\":\"admin\",\"@id\":\"https:\\\/\\\/akunq.net\\\/tr\\\/#\\\/schema\\\/person\\\/096f1d38a12cce57fb855b485ed24c9e\"},\"headline\":\"Cemaat Vak\u0131flar\u0131m\u0131z\u0131n gelece\u011fi ve se\u00e7imler\",\"datePublished\":\"2021-10-21T07:26:20+00:00\",\"mainEntityOfPage\":{\"@id\":\"https:\\\/\\\/akunq.net\\\/tr\\\/?p=65224\"},\"wordCount\":1334,\"commentCount\":0,\"image\":{\"@id\":\"https:\\\/\\\/akunq.net\\\/tr\\\/?p=65224#primaryimage\"},\"thumbnailUrl\":\"https:\\\/\\\/akunq.net\\\/tr\\\/wp-content\\\/uploads\\\/sites\\\/6\\\/2021\\\/10\\\/Adalet-Bakan\u0131-Abd\u00fclhamit-G\u00fcl-ve-Cumhurba\u015fkanl\u0131\u011f\u0131-S\u00f6zc\u00fcs\u00fc-\u0130brahim-Kal\u0131n.jpeg\",\"articleSection\":[\"Haberler\",\"T\u00fcrkiye\u2019de Az\u0131nl\u0131klar\"],\"inLanguage\":\"en-US\",\"potentialAction\":[{\"@type\":\"CommentAction\",\"name\":\"Comment\",\"target\":[\"https:\\\/\\\/akunq.net\\\/tr\\\/?p=65224#respond\"]}]},{\"@type\":\"WebPage\",\"@id\":\"https:\\\/\\\/akunq.net\\\/tr\\\/?p=65224\",\"url\":\"https:\\\/\\\/akunq.net\\\/tr\\\/?p=65224\",\"name\":\"Cemaat Vak\u0131flar\u0131m\u0131z\u0131n gelece\u011fi ve se\u00e7imler - Bati Ermenistan Ve Bati Ermenileri Sorunlari Ara\u015ftirmalar Merkezi\",\"isPartOf\":{\"@id\":\"https:\\\/\\\/akunq.net\\\/tr\\\/#website\"},\"primaryImageOfPage\":{\"@id\":\"https:\\\/\\\/akunq.net\\\/tr\\\/?p=65224#primaryimage\"},\"image\":{\"@id\":\"https:\\\/\\\/akunq.net\\\/tr\\\/?p=65224#primaryimage\"},\"thumbnailUrl\":\"https:\\\/\\\/akunq.net\\\/tr\\\/wp-content\\\/uploads\\\/sites\\\/6\\\/2021\\\/10\\\/Adalet-Bakan\u0131-Abd\u00fclhamit-G\u00fcl-ve-Cumhurba\u015fkanl\u0131\u011f\u0131-S\u00f6zc\u00fcs\u00fc-\u0130brahim-Kal\u0131n.jpeg\",\"datePublished\":\"2021-10-21T07:26:20+00:00\",\"author\":{\"@id\":\"https:\\\/\\\/akunq.net\\\/tr\\\/#\\\/schema\\\/person\\\/096f1d38a12cce57fb855b485ed24c9e\"},\"breadcrumb\":{\"@id\":\"https:\\\/\\\/akunq.net\\\/tr\\\/?p=65224#breadcrumb\"},\"inLanguage\":\"en-US\",\"potentialAction\":[{\"@type\":\"ReadAction\",\"target\":[\"https:\\\/\\\/akunq.net\\\/tr\\\/?p=65224\"]}]},{\"@type\":\"ImageObject\",\"inLanguage\":\"en-US\",\"@id\":\"https:\\\/\\\/akunq.net\\\/tr\\\/?p=65224#primaryimage\",\"url\":\"https:\\\/\\\/akunq.net\\\/tr\\\/wp-content\\\/uploads\\\/sites\\\/6\\\/2021\\\/10\\\/Adalet-Bakan\u0131-Abd\u00fclhamit-G\u00fcl-ve-Cumhurba\u015fkanl\u0131\u011f\u0131-S\u00f6zc\u00fcs\u00fc-\u0130brahim-Kal\u0131n.jpeg\",\"contentUrl\":\"https:\\\/\\\/akunq.net\\\/tr\\\/wp-content\\\/uploads\\\/sites\\\/6\\\/2021\\\/10\\\/Adalet-Bakan\u0131-Abd\u00fclhamit-G\u00fcl-ve-Cumhurba\u015fkanl\u0131\u011f\u0131-S\u00f6zc\u00fcs\u00fc-\u0130brahim-Kal\u0131n.jpeg\",\"width\":864,\"height\":486},{\"@type\":\"BreadcrumbList\",\"@id\":\"https:\\\/\\\/akunq.net\\\/tr\\\/?p=65224#breadcrumb\",\"itemListElement\":[{\"@type\":\"ListItem\",\"position\":1,\"name\":\"Home\",\"item\":\"https:\\\/\\\/akunq.net\\\/tr\"},{\"@type\":\"ListItem\",\"position\":2,\"name\":\"Cemaat Vak\u0131flar\u0131m\u0131z\u0131n gelece\u011fi ve se\u00e7imler\"}]},{\"@type\":\"WebSite\",\"@id\":\"https:\\\/\\\/akunq.net\\\/tr\\\/#website\",\"url\":\"https:\\\/\\\/akunq.net\\\/tr\\\/\",\"name\":\"Bati Ermenistan Ve Bati Ermenileri Sorunlari Ara\u015ftirmalar Merkezi\",\"description\":\"\",\"potentialAction\":[{\"@type\":\"SearchAction\",\"target\":{\"@type\":\"EntryPoint\",\"urlTemplate\":\"https:\\\/\\\/akunq.net\\\/tr\\\/?s={search_term_string}\"},\"query-input\":{\"@type\":\"PropertyValueSpecification\",\"valueRequired\":true,\"valueName\":\"search_term_string\"}}],\"inLanguage\":\"en-US\"},{\"@type\":\"Person\",\"@id\":\"https:\\\/\\\/akunq.net\\\/tr\\\/#\\\/schema\\\/person\\\/096f1d38a12cce57fb855b485ed24c9e\",\"name\":\"admin\",\"url\":\"https:\\\/\\\/akunq.net\\\/tr\\\/?author=7\"}]}<\/script>\n<!-- \/ Yoast SEO plugin. -->","yoast_head_json":{"title":"Cemaat Vak\u0131flar\u0131m\u0131z\u0131n gelece\u011fi ve se\u00e7imler - Bati Ermenistan Ve Bati Ermenileri Sorunlari Ara\u015ftirmalar Merkezi","robots":{"index":"index","follow":"follow","max-snippet":"max-snippet:-1","max-image-preview":"max-image-preview:large","max-video-preview":"max-video-preview:-1"},"canonical":"https:\/\/akunq.net\/tr\/?p=65224","og_locale":"en_US","og_type":"article","og_title":"Cemaat Vak\u0131flar\u0131m\u0131z\u0131n gelece\u011fi ve se\u00e7imler - Bati Ermenistan Ve Bati Ermenileri Sorunlari Ara\u015ftirmalar Merkezi","og_description":"Laki Vingas \u00a0 Bu sanc\u0131l\u0131 s\u00fcre\u00e7lerin uzamas\u0131 gen\u00e7lerimizin vak\u0131flardan kopmas\u0131na sebep olurken g\u00f6n\u00fcll\u00fcl\u00fck esas\u0131yla y\u00fcr\u00fct\u00fclen bu \u00e7al\u0131\u015fmalar da maalesef kesintiye u\u011framaktad\u0131r. 10-20 y\u0131l boyunca de\u011fi\u015fmeyen y\u00f6netimlerin gayriihtiyari de olsa anlay\u0131\u015f\u0131 kayy\u0131m zihniyetine evrilmektedir. Ocak 2013 y\u0131l\u0131nda benim de mensubu oldu\u011fum Vak\u0131flar Meclisi y\u00fcr\u00fcrl\u00fckte bulunan Se\u00e7im Y\u00f6netmeli\u011fini iptal etti. 5737 say\u0131l\u0131 Vak\u0131flar Kanunu \u00e7er\u00e7evesinde 2008 y\u0131l\u0131nda [&hellip;]","og_url":"https:\/\/akunq.net\/tr\/?p=65224","og_site_name":"Bati Ermenistan Ve Bati Ermenileri Sorunlari Ara\u015ftirmalar Merkezi","article_published_time":"2021-10-21T07:26:20+00:00","og_image":[{"width":864,"height":486,"url":"https:\/\/akunq.net\/tr\/wp-content\/uploads\/sites\/6\/2021\/10\/Adalet-Bakan\u0131-Abd\u00fclhamit-G\u00fcl-ve-Cumhurba\u015fkanl\u0131\u011f\u0131-S\u00f6zc\u00fcs\u00fc-\u0130brahim-Kal\u0131n.jpeg","type":"image\/jpeg"}],"author":"admin","twitter_card":"summary_large_image","twitter_misc":{"Written by":"admin","Est. reading time":"7 minutes"},"schema":{"@context":"https:\/\/schema.org","@graph":[{"@type":"Article","@id":"https:\/\/akunq.net\/tr\/?p=65224#article","isPartOf":{"@id":"https:\/\/akunq.net\/tr\/?p=65224"},"author":{"name":"admin","@id":"https:\/\/akunq.net\/tr\/#\/schema\/person\/096f1d38a12cce57fb855b485ed24c9e"},"headline":"Cemaat Vak\u0131flar\u0131m\u0131z\u0131n gelece\u011fi ve se\u00e7imler","datePublished":"2021-10-21T07:26:20+00:00","mainEntityOfPage":{"@id":"https:\/\/akunq.net\/tr\/?p=65224"},"wordCount":1334,"commentCount":0,"image":{"@id":"https:\/\/akunq.net\/tr\/?p=65224#primaryimage"},"thumbnailUrl":"https:\/\/akunq.net\/tr\/wp-content\/uploads\/sites\/6\/2021\/10\/Adalet-Bakan\u0131-Abd\u00fclhamit-G\u00fcl-ve-Cumhurba\u015fkanl\u0131\u011f\u0131-S\u00f6zc\u00fcs\u00fc-\u0130brahim-Kal\u0131n.jpeg","articleSection":["Haberler","T\u00fcrkiye\u2019de Az\u0131nl\u0131klar"],"inLanguage":"en-US","potentialAction":[{"@type":"CommentAction","name":"Comment","target":["https:\/\/akunq.net\/tr\/?p=65224#respond"]}]},{"@type":"WebPage","@id":"https:\/\/akunq.net\/tr\/?p=65224","url":"https:\/\/akunq.net\/tr\/?p=65224","name":"Cemaat Vak\u0131flar\u0131m\u0131z\u0131n gelece\u011fi ve se\u00e7imler - Bati Ermenistan Ve Bati Ermenileri Sorunlari Ara\u015ftirmalar Merkezi","isPartOf":{"@id":"https:\/\/akunq.net\/tr\/#website"},"primaryImageOfPage":{"@id":"https:\/\/akunq.net\/tr\/?p=65224#primaryimage"},"image":{"@id":"https:\/\/akunq.net\/tr\/?p=65224#primaryimage"},"thumbnailUrl":"https:\/\/akunq.net\/tr\/wp-content\/uploads\/sites\/6\/2021\/10\/Adalet-Bakan\u0131-Abd\u00fclhamit-G\u00fcl-ve-Cumhurba\u015fkanl\u0131\u011f\u0131-S\u00f6zc\u00fcs\u00fc-\u0130brahim-Kal\u0131n.jpeg","datePublished":"2021-10-21T07:26:20+00:00","author":{"@id":"https:\/\/akunq.net\/tr\/#\/schema\/person\/096f1d38a12cce57fb855b485ed24c9e"},"breadcrumb":{"@id":"https:\/\/akunq.net\/tr\/?p=65224#breadcrumb"},"inLanguage":"en-US","potentialAction":[{"@type":"ReadAction","target":["https:\/\/akunq.net\/tr\/?p=65224"]}]},{"@type":"ImageObject","inLanguage":"en-US","@id":"https:\/\/akunq.net\/tr\/?p=65224#primaryimage","url":"https:\/\/akunq.net\/tr\/wp-content\/uploads\/sites\/6\/2021\/10\/Adalet-Bakan\u0131-Abd\u00fclhamit-G\u00fcl-ve-Cumhurba\u015fkanl\u0131\u011f\u0131-S\u00f6zc\u00fcs\u00fc-\u0130brahim-Kal\u0131n.jpeg","contentUrl":"https:\/\/akunq.net\/tr\/wp-content\/uploads\/sites\/6\/2021\/10\/Adalet-Bakan\u0131-Abd\u00fclhamit-G\u00fcl-ve-Cumhurba\u015fkanl\u0131\u011f\u0131-S\u00f6zc\u00fcs\u00fc-\u0130brahim-Kal\u0131n.jpeg","width":864,"height":486},{"@type":"BreadcrumbList","@id":"https:\/\/akunq.net\/tr\/?p=65224#breadcrumb","itemListElement":[{"@type":"ListItem","position":1,"name":"Home","item":"https:\/\/akunq.net\/tr"},{"@type":"ListItem","position":2,"name":"Cemaat Vak\u0131flar\u0131m\u0131z\u0131n gelece\u011fi ve se\u00e7imler"}]},{"@type":"WebSite","@id":"https:\/\/akunq.net\/tr\/#website","url":"https:\/\/akunq.net\/tr\/","name":"Bati Ermenistan Ve Bati Ermenileri Sorunlari Ara\u015ftirmalar Merkezi","description":"","potentialAction":[{"@type":"SearchAction","target":{"@type":"EntryPoint","urlTemplate":"https:\/\/akunq.net\/tr\/?s={search_term_string}"},"query-input":{"@type":"PropertyValueSpecification","valueRequired":true,"valueName":"search_term_string"}}],"inLanguage":"en-US"},{"@type":"Person","@id":"https:\/\/akunq.net\/tr\/#\/schema\/person\/096f1d38a12cce57fb855b485ed24c9e","name":"admin","url":"https:\/\/akunq.net\/tr\/?author=7"}]}},"_links":{"self":[{"href":"https:\/\/akunq.net\/tr\/index.php?rest_route=\/wp\/v2\/posts\/65224","targetHints":{"allow":["GET"]}}],"collection":[{"href":"https:\/\/akunq.net\/tr\/index.php?rest_route=\/wp\/v2\/posts"}],"about":[{"href":"https:\/\/akunq.net\/tr\/index.php?rest_route=\/wp\/v2\/types\/post"}],"author":[{"embeddable":true,"href":"https:\/\/akunq.net\/tr\/index.php?rest_route=\/wp\/v2\/users\/7"}],"replies":[{"embeddable":true,"href":"https:\/\/akunq.net\/tr\/index.php?rest_route=%2Fwp%2Fv2%2Fcomments&post=65224"}],"version-history":[{"count":1,"href":"https:\/\/akunq.net\/tr\/index.php?rest_route=\/wp\/v2\/posts\/65224\/revisions"}],"predecessor-version":[{"id":65226,"href":"https:\/\/akunq.net\/tr\/index.php?rest_route=\/wp\/v2\/posts\/65224\/revisions\/65226"}],"wp:featuredmedia":[{"embeddable":true,"href":"https:\/\/akunq.net\/tr\/index.php?rest_route=\/wp\/v2\/media\/65225"}],"wp:attachment":[{"href":"https:\/\/akunq.net\/tr\/index.php?rest_route=%2Fwp%2Fv2%2Fmedia&parent=65224"}],"wp:term":[{"taxonomy":"category","embeddable":true,"href":"https:\/\/akunq.net\/tr\/index.php?rest_route=%2Fwp%2Fv2%2Fcategories&post=65224"},{"taxonomy":"post_tag","embeddable":true,"href":"https:\/\/akunq.net\/tr\/index.php?rest_route=%2Fwp%2Fv2%2Ftags&post=65224"}],"curies":[{"name":"wp","href":"https:\/\/api.w.org\/{rel}","templated":true}]}}