{"id":65198,"date":"2021-10-15T04:30:05","date_gmt":"2021-10-15T09:30:05","guid":{"rendered":"https:\/\/akunq.net\/tr\/?p=65198"},"modified":"2021-10-15T04:30:05","modified_gmt":"2021-10-15T09:30:05","slug":"kiliselerin-yikildigi-koy-til","status":"publish","type":"post","link":"https:\/\/akunq.net\/tr\/?p=65198","title":{"rendered":"Kiliselerin y\u0131k\u0131ld\u0131\u011f\u0131 k\u00f6y: T\u0130L"},"content":{"rendered":"<p><img loading=\"lazy\" decoding=\"async\" class=\"aligncenter size-medium wp-image-65199\" src=\"https:\/\/akunq.net\/tr\/wp-content\/uploads\/2021\/10\/T\u0130L-360x227.jpeg\" alt=\"\" width=\"360\" height=\"227\" srcset=\"https:\/\/akunq.net\/tr\/wp-content\/uploads\/sites\/6\/2021\/10\/T\u0130L-360x227.jpeg 360w, https:\/\/akunq.net\/tr\/wp-content\/uploads\/sites\/6\/2021\/10\/T\u0130L-768x485.jpeg 768w, https:\/\/akunq.net\/tr\/wp-content\/uploads\/sites\/6\/2021\/10\/T\u0130L-1536x970.jpeg 1536w, https:\/\/akunq.net\/tr\/wp-content\/uploads\/sites\/6\/2021\/10\/T\u0130L-560x354.jpeg 560w, https:\/\/akunq.net\/tr\/wp-content\/uploads\/sites\/6\/2021\/10\/T\u0130L-260x164.jpeg 260w, https:\/\/akunq.net\/tr\/wp-content\/uploads\/sites\/6\/2021\/10\/T\u0130L-160x101.jpeg 160w, https:\/\/akunq.net\/tr\/wp-content\/uploads\/sites\/6\/2021\/10\/T\u0130L.jpeg 2048w\" sizes=\"auto, (max-width: 360px) 100vw, 360px\" \/><\/p>\n<p><em><strong>Bizanslara kadar dayanan ge\u00e7mi\u015fi ile g\u00f6z kama\u015ft\u0131ran Til k\u00f6y\u00fcnde ki kiliseler, bundan 40 y\u0131l \u00f6nce insanlarca y\u0131k\u0131ld\u0131\u011f\u0131 biliniyor.<\/strong><\/em><\/p>\n<p><a href=\"https:\/\/www.nevsehirkenthaber.com\/haberleri\/nevsehir\" target=\"_blank\" rel=\"noreferrer noopener\">Nev\u015fehir<\/a>\u00a0Kent\u00a0<a href=\"https:\/\/www.nevsehirkenthaber.com\/haberleri\/haber\" target=\"_blank\" rel=\"noreferrer noopener\">Haber<\/a>\u00a0Gazetesi olarak \u201c\u00a0<a href=\"https:\/\/www.nevsehirkenthaber.com\/haberleri\/koyleri-taniyalim\" target=\"_blank\" rel=\"noreferrer noopener\">k\u00f6yleri tan\u0131yal\u0131m<\/a>\u201d k\u00f6\u015femizde tarihe \u0131\u015f\u0131k tutmaya devam ediyoruz. K\u00f6ylerin ge\u00e7mi\u015f ve \u015fimdiki d\u00f6nemlerde ya\u015fam \u015feklinden bahsedilen k\u00f6\u015femizde de bug\u00fcn\u00a0<a href=\"https:\/\/www.nevsehirkenthaber.com\/haberleri\/derinkuyu\" target=\"_blank\" rel=\"noreferrer noopener\">Derinkuyu<\/a>\u00a0il\u00e7esine ba\u011fl\u0131 T\u0130lk\u00f6y\u2019den bahsedece\u011fiz.<\/p>\n<p>Tilk\u00f6y, Nev\u015fehir ilinin Derinkuyu il\u00e7esine ba\u011fl\u0131 bir 569 n\u00fcfuslu bir k\u00f6y.\u00a0 K\u00f6y\u00fcn kimler taraf\u0131ndan kuruldu\u011fu kesin olarak bilinmiyor. Rivayetlere\u00a0<a href=\"https:\/\/www.nevsehirkenthaber.com\/haberleri\/gore\" target=\"_blank\" rel=\"noreferrer noopener\">g\u00f6re<\/a>\u00a0k\u00f6y\u00fcn ,Bizans imparatorlu\u011fu zaman\u0131nda var oldu\u011fu Rumlardan kalan iki kiliseden anla\u015f\u0131l\u0131yor. Yaln\u0131z ad\u0131 ge\u00e7en kiliseler T\u00fcrkler taraf\u0131ndan bundan 40- 50 y\u0131l evvel tepkiden dolay\u0131 y\u0131kt\u0131\u011f\u0131 \u00f6ne s\u00fcr\u00fcl\u00fcyor.<\/p>\n<p><strong>SARAY YAPARKEN YERLE\u015eT\u0130LER<\/strong><\/p>\n<p>Baz\u0131 kaynaklara g\u00f6re k\u00f6y hakk\u0131nda \u015fu bilgilere yer veriliyor; \u201cAnadolu Sel\u00e7uklu Devletinin kurulu\u015fu ile buras\u0131 T\u00fcrkler taraf\u0131ndan fetih edilince Bizans Rumlar\u0131 da k\u00f6y\u00fc terk ederek ba\u015fka yerlere gitmi\u015flerdir. Daha sonra\u201d Dervi\u015f U\u015fa\u011f\u0131\u201d denilen bir kabile gelerek k\u00f6y\u00fc yerle\u015fmi\u015flerdir.Dervi\u015f U\u015fa\u011f\u0131 kabilesinin nereden geldi\u011fi kesin bilinmemektedirler. Yaln\u0131z k\u00f6y\u00fcn G\u00fcney do\u011fusundaki DOLAYHAN ad\u0131ndaki kervan saray\u0131n Anadolu Sel\u00e7uklular\u0131 taraf\u0131ndan yap\u0131ld\u0131\u011f\u0131 s\u0131ralarda, buraya gelerek yerle\u015ftikleri bilinmese de zannedilmektedir.<\/p>\n<p><strong>1328\u2019DE NEV\u015eEH\u0130R\u2019E BA\u011eLANDI<\/strong><\/p>\n<p>Til k\u00f6y\u00fc Hicri 1328 y\u0131l\u0131na kadar \u0130ncesu kazas\u0131na ba\u011fl\u0131 iken Hicri 1328 y\u0131l\u0131nda k\u00f6y ahalisinin giri\u015fimleri ve dilek\u00e7elerine binaen Nev\u015fehir kazas\u0131na ba\u011flanm\u0131\u015fd\u0131r. Cumhuriyetin ilk y\u0131llar\u0131nda k\u00f6y halk\u0131n\u0131n idari ve adli i\u015flerden dolay\u0131 \u0130ncesi il\u00e7esine s\u0131k s\u0131k gittikleri olurdu.<\/p>\n<p>Daha sonra nereden geldi\u011fi bilinmeyen Nizamlar, K\u00f6seler, Arifo\u011fullar\u0131 Har\u0131 kabileleri gelerek buraya yerle\u015ftiler. Tahmini olarak zaman\u0131m\u0131zdan 200 y\u0131l evvelde Ani\u015fo\u011fullar\u0131 ile Lomeno\u011fullar\u0131\u2019n\u0131n Melendiz\u2019den, \u00c7ift\u00e7iu\u015fa\u011f\u0131 da Kale\u2019den gelip yerle\u015fmi\u015flerdir. Sonralar\u0131 Misli ve Hasakoy\u2019dcn 3 hane Rum gelerek k\u00f6ye yerle\u015fmi\u015flerdir.Daha sonralar\u0131 da \u00e7e\u015fitli yerden yine Rumlar gelerek k\u00f6y\u00fcn Rum n\u00fcfusunu artt\u0131rm\u0131\u015flard\u0131r. 20-30 haneyi bular\u0131 Rumlar istiklal Sava\u015f\u0131ndan sonra Yunanl\u0131larla yap\u0131lan m\u00fcbadele ile k\u00f6y\u00fc terketmi\u015fler. Onlar\u0131n yerine Arnavutluktan g\u00f6\u00e7 ederek gelen T\u00fcrkler buraya yerle\u015fmi\u015flerdir Bu kimseler k\u00f6yde Arnavut ve muhacir mimlen ile an\u0131lmaktad\u0131r.Muhacirlerin b\u00fcy\u00fck bir k\u0131sm\u0131 da 1980 y\u0131l\u0131ndan sonra Ekonomik \u015farlardan dolay\u0131\u00a0<a href=\"https:\/\/www.nevsehirkenthaber.com\/haberleri\/ankara\" target=\"_blank\" rel=\"noreferrer noopener\">Ankara<\/a>\u00a0ve\u00a0<a href=\"https:\/\/www.nevsehirkenthaber.com\/haberleri\/izmir\" target=\"_blank\" rel=\"noreferrer noopener\">\u0130zmir<\/a>\u2019e g\u00f6\u00e7 etmi\u015flerdir.<\/p>\n<p>K\u00f6y\u00fcm\u00fcz\u00fcn halk\u0131 \u00e7e\u015fitli yerlerden gelmi\u015f, zamanla kayna\u015farak bug\u00fcnk\u00fc toplum meydana gelmi\u015ftir.<\/p>\n<p>K\u00f6y \u00f6nce Rumlar sonra T\u00fcrkler ve Rumlar, \u015fimdi de kurulu\u015fundaki T\u00fcrklerle Arnavutluk\u2019tan gelme g\u00f6\u00e7men T\u00fcrkler(Muhacirler) bulunmaktad\u0131r\u201d<\/p>\n<p>K\u00f6y\u00fcm\u00fcz\u00fcn Til K\u00f6y\u00fc oldu\u011fu \u015f\u00f6yle rivayet edilir: \u201cK\u00f6y ve \u00e7evresi bo\u015f iken sadece yaylad\u0131r. Buraya gelen yaylac\u0131lar k\u00f6y\u00fcn bulundu\u011fu yerdeki bir kuyudan telin ucuna ba\u011fl\u0131 tulumla su \u00e7ekerek koyunlar\u0131m sularlarm\u0131\u015f. Bu yaylac\u0131 y\u00f6r\u00fckler memleketlerine d\u00f6nd\u00fc\u011f\u00fcnde \u201cNerede yaylad\u0131n\u0131z?&#8217;\u201d denildi\u011finde Telli kuyuda diye cevap verirlermi\u015f. Telli kuyu, zamanla yerle\u015fme olunca ,Til k\u00f6y\u00fc olarak isim de\u011fi\u015ftirmi\u015ftir, B\u00f6ylece k\u00f6y\u00fcn ismi Til K\u00f6y\u00fc olarak an\u0131la gelmi\u015ftir.<\/p>\n<p><strong>TAR\u0130H\u0130 B\u0130NALAR G\u00d6Z KAMA\u015eTIRIYOR<\/strong><\/p>\n<p>K\u00f6yde ge\u00e7mi\u015ften g\u00fcn\u00fcm\u00fcze kadar ayakta duran baz\u0131 tarihi binalar var. G\u00f6r\u00fclmeye de\u011fer bir binalar herhangi bir kurum taraf\u0131ndan korunmasa da halen ayakta kalmay\u0131 ba\u015farm\u0131\u015f.<\/p>\n<p>KERVANSARAY (DOIAYHAN) :Sel\u00e7uklular taraf\u0131ndan yapt\u0131r\u0131lm\u0131\u015ft\u0131r. Bug\u00fcn i\u00e7in bir k\u0131sm\u0131 y\u0131k\u0131lm\u0131\u015f durumdad\u0131r.<\/p>\n<p>RUMLAR\u2019A A\u0130T \u0130LKOKUL: (\u00dcsg\u00fclya): Rumlar taraf\u0131ndan 1870 y\u0131l\u0131nda yapt\u0131r\u0131lm\u0131\u015ft\u0131r. Bug\u00fcn ise ev sahipleri taraf\u0131ndan ardiya olarak kulllan\u0131lmatad\u0131r.<\/p>\n<p>K\u0130L\u0130SE: Dolayhan yak\u0131nlar\u0131nda bulunan kilise Rumlardan kalm\u0131\u015fd\u0131r.Esas\u0131nda kilise ile Han\u0131n yap\u0131s\u0131na ve yak\u0131nl\u0131\u011f\u0131na bak\u0131l\u0131rsa Dolayhan\u2019\u0131n Sel\u00e7uklular d\u00f6nemine ait de\u011fil de Rumlar d\u00f6nemine ait oldu\u011fu tezi de a\u011f\u0131rl\u0131k basmaktad\u0131r.<\/p>\n<p>ESK\u0130 CAM\u0130: Bug\u00fcn i\u00e7in kullan\u0131lmamaktad\u0131r.<\/p>\n<p>YERALTI \u015eEHR\u0130: Kimler taraf\u0131ndan yap\u0131l\u0131\u011f\u0131 bilinmemektedir.Fakat herkes de bilmektedir ki K\u00f6ydeki yer alt\u0131 \u015fehrinin uzunlu\u011fu ve yap\u0131s\u0131 \u00e7evrede ki yer alt\u0131 \u015fehirlerinden daha farkl\u0131 ve b\u00fcy\u00fckt\u00fcr.Maalesef Turizme a\u00e7\u0131lmay\u0131nca buralar \u00f6nce patates depolar\u0131 olarak kullan\u0131lmaya ba\u015flanm\u0131\u015f,sonra da yava\u015f yava\u015f giri\u015f a\u011f\u0131zlar\u0131 toprakla doldurulmu\u015ftur.<\/p>\n<p>MANAY: Manay k\u00f6y\u00fcn ortas\u0131nda bulunan yine yap\u0131m\u0131 \u00e7ok eskilere dayanan sonradan y\u0131\u011fma tepedir.1980y\u0131l\u0131ndan sonra yap\u0131lan k\u00f6ydeki a\u011fa\u00e7land\u0131rma kampanyas\u0131 s\u0131ras\u0131nda Manay tepesi de a\u011fa\u00e7land\u0131r\u0131lmaya \u00e7al\u0131\u015f\u0131lm\u0131\u015ft\u0131r.Bu s\u0131rada bu tepenin esas\u0131nda \u00e7ok eski bir ecnebi mezarl\u0131k oldu\u011fu ortaya \u00e7\u0131km\u0131\u015ft\u0131r. A\u011fa\u00e7land\u0131rma \u00e7al\u0131\u015fmalar\u0131 gere\u011fi tepeye su \u00e7\u0131kar\u0131lm\u0131\u015f ve zamanla tepenin ortas\u0131nda g\u00f6\u00e7meler ortaya \u00e7\u0131km\u0131\u015ft\u0131r.Manay tepesi,k\u00f6ye hakim bir noktada yap\u0131lm\u0131\u015ft\u0131r.1980 y\u0131llara kadar Tv lerin ve teknolojinin fazla olmad\u0131\u011f\u0131 zamanlarda buras\u0131 k\u00f6y\u00fcn gen\u00e7lerinin en g\u00f6zde yeriydi.25 sene \u00f6nce dikilen \u00e7amlarla biraz daha g\u00fczel bir konuma kavu\u015fan tepe K\u00f6y\u00fcn ileriki y\u0131llarda bir mesire ve piknik alan\u0131n\u0131 olacakt\u0131r.<\/p>\n<p><strong>\u0130L\u00c7EYE YAKIN MESAFEDE<\/strong><\/p>\n<p>K\u00f6y\u00fcn kom\u015fular\u0131, k\u00f6y\u00fcn kuzeyinde Maz\u0131 K\u00f6y\u00fc; bat\u0131s\u0131nda Derinkuyu il\u00e7esi: kuzeybat\u0131s\u0131nda Kaymakl\u0131: g\u00fcneydo\u011fusunda Ye\u015filhisar\u2019a ba\u011fl\u0131 Ba\u015fk\u00f6y: g\u00fcneyinde; Derinkuyu\u2019nun yaylas\u0131 vard\u0131r. K\u00f6y Nev\u015fehir\u2019in g\u00fcneyinde, Derinkuyu\u2019nun do\u011fusunda bulunur. Nev\u015fehir\u2019e olan uzakl\u0131\u011f\u0131 40 km. Derinkuyu\u2019ya olan uzakl\u0131\u011f\u0131 9 km\u2019dir.<\/p>\n<p>\u00c7evresindeki Ova ve Da\u011flar: K\u00f6y\u00fcn kuzeybat\u0131s\u0131nda Manay ad\u0131nda y\u0131\u011fma bir tepe vard\u0131r. K\u00f6y\u00fcn do\u011fusunda Yass\u0131 Da\u011f, bat\u0131s\u0131nda (il\u00e7eyle aras\u0131nda) Sivri ad\u0131nda bir tepe vard\u0131r. K\u00f6y, Yass\u0131 Da\u011f\u2019\u0131n g\u00fcney ve bat\u0131 ete\u011fine kurulmu\u015ftur.<\/p>\n<p><strong>TARIM GEL\u0130\u015eM\u0130\u015e<\/strong><\/p>\n<p>K\u00f6y\u00fcn iklim ve bitki \u00f6rt\u00fcs\u00fc \u0130\u00e7 Anadolu B\u00f6lgesi\u2019nde g\u00f6r\u00fclen karasal iklim hakimdir. Yazlar\u0131 s\u0131cak ve kurak, k\u0131\u015flar\u0131 so\u011fuk ve kar ya\u011f\u0131\u015fl\u0131d\u0131r. Ya\u011fmur genellikle ilkbahar ve sonbahar aylar\u0131nda ya\u011far. Rak\u0131m y\u00f6n\u00fcnden y\u00fcksek oldu\u011fundan yaz mevsiminde\u00a0<a href=\"https:\/\/www.nevsehirkenthaber.com\/haberleri\/saglik\" target=\"_blank\" rel=\"noreferrer noopener\">sa\u011fl\u0131k<\/a>\u00a0y\u00f6n\u00fcnden elveri\u015fli bir havaya sahiptir. Bitki \u00f6rt\u00fcs\u00fc yok denecek kadar azd\u0131r. Bozk\u0131r say\u0131labilir.<\/p>\n<p>K\u00f6y\u00fcn arazi yap\u0131s\u0131 d\u00fcz say\u0131labilecek kadar engebesizdir. Toprak kumlu ve humusludur. K\u00f6yde patates ve bu\u011fday ba\u015fta olmak \u00fczere arpa, \u00e7avdar ve kabak ekimi yap\u0131lmaktad\u0131r.<\/p>\n<p><em><strong>Haz\u0131rlayan: \u00c7a\u011fla Akt\u00fcrk Ba\u015f<\/strong><\/em><\/p>\n<p><em><strong><a href=\"https:\/\/www.nevsehirkenthaber.com\/haber\/7972949\/kiliselerin-yikildigi-koy-til\">https:\/\/www.nevsehirkenthaber.com\/haber\/7972949\/kiliselerin-yikildigi-koy-til<\/a>\u00a0<\/strong><\/em><\/p>\n","protected":false},"excerpt":{"rendered":"<p>Bizanslara kadar dayanan ge\u00e7mi\u015fi ile g\u00f6z kama\u015ft\u0131ran Til k\u00f6y\u00fcnde ki kiliseler, bundan 40 y\u0131l \u00f6nce insanlarca y\u0131k\u0131ld\u0131\u011f\u0131 biliniyor. Nev\u015fehir\u00a0Kent\u00a0Haber\u00a0Gazetesi olarak \u201c\u00a0k\u00f6yleri tan\u0131yal\u0131m\u201d k\u00f6\u015femizde tarihe \u0131\u015f\u0131k tutmaya devam ediyoruz. K\u00f6ylerin ge\u00e7mi\u015f ve \u015fimdiki d\u00f6nemlerde ya\u015fam \u015feklinden bahsedilen k\u00f6\u015femizde de bug\u00fcn\u00a0Derinkuyu\u00a0il\u00e7esine ba\u011fl\u0131 T\u0130lk\u00f6y\u2019den bahsedece\u011fiz. Tilk\u00f6y, Nev\u015fehir ilinin Derinkuyu il\u00e7esine ba\u011fl\u0131 bir 569 n\u00fcfuslu bir k\u00f6y.\u00a0 K\u00f6y\u00fcn kimler [&hellip;]<\/p>\n","protected":false},"author":7,"featured_media":65199,"comment_status":"open","ping_status":"open","sticky":false,"template":"","format":"standard","meta":{"footnotes":""},"categories":[1],"tags":[],"class_list":["post-65198","post","type-post","status-publish","format-standard","has-post-thumbnail","hentry","category-haberler"],"yoast_head":"<!-- This site is optimized with the Yoast SEO plugin v27.4 - https:\/\/yoast.com\/product\/yoast-seo-wordpress\/ -->\n<title>Kiliselerin y\u0131k\u0131ld\u0131\u011f\u0131 k\u00f6y: T\u0130L - Bati Ermenistan Ve Bati Ermenileri Sorunlari Ara\u015ftirmalar Merkezi<\/title>\n<meta name=\"robots\" content=\"index, follow, max-snippet:-1, max-image-preview:large, max-video-preview:-1\" \/>\n<link rel=\"canonical\" href=\"https:\/\/akunq.net\/tr\/?p=65198\" \/>\n<meta property=\"og:locale\" content=\"en_US\" \/>\n<meta property=\"og:type\" content=\"article\" \/>\n<meta property=\"og:title\" content=\"Kiliselerin y\u0131k\u0131ld\u0131\u011f\u0131 k\u00f6y: T\u0130L - Bati Ermenistan Ve Bati Ermenileri Sorunlari Ara\u015ftirmalar Merkezi\" \/>\n<meta property=\"og:description\" content=\"Bizanslara kadar dayanan ge\u00e7mi\u015fi ile g\u00f6z kama\u015ft\u0131ran Til k\u00f6y\u00fcnde ki kiliseler, bundan 40 y\u0131l \u00f6nce insanlarca y\u0131k\u0131ld\u0131\u011f\u0131 biliniyor. Nev\u015fehir\u00a0Kent\u00a0Haber\u00a0Gazetesi olarak \u201c\u00a0k\u00f6yleri tan\u0131yal\u0131m\u201d k\u00f6\u015femizde tarihe \u0131\u015f\u0131k tutmaya devam ediyoruz. K\u00f6ylerin ge\u00e7mi\u015f ve \u015fimdiki d\u00f6nemlerde ya\u015fam \u015feklinden bahsedilen k\u00f6\u015femizde de bug\u00fcn\u00a0Derinkuyu\u00a0il\u00e7esine ba\u011fl\u0131 T\u0130lk\u00f6y\u2019den bahsedece\u011fiz. Tilk\u00f6y, Nev\u015fehir ilinin Derinkuyu il\u00e7esine ba\u011fl\u0131 bir 569 n\u00fcfuslu bir k\u00f6y.\u00a0 K\u00f6y\u00fcn kimler [&hellip;]\" \/>\n<meta property=\"og:url\" content=\"https:\/\/akunq.net\/tr\/?p=65198\" \/>\n<meta property=\"og:site_name\" content=\"Bati Ermenistan Ve Bati Ermenileri Sorunlari Ara\u015ftirmalar Merkezi\" \/>\n<meta property=\"article:published_time\" content=\"2021-10-15T09:30:05+00:00\" \/>\n<meta property=\"og:image\" content=\"https:\/\/akunq.net\/tr\/wp-content\/uploads\/sites\/6\/2021\/10\/T\u0130L.jpeg\" \/>\n\t<meta property=\"og:image:width\" content=\"2048\" \/>\n\t<meta property=\"og:image:height\" content=\"1293\" \/>\n\t<meta property=\"og:image:type\" content=\"image\/jpeg\" \/>\n<meta name=\"author\" content=\"admin\" \/>\n<meta name=\"twitter:card\" content=\"summary_large_image\" \/>\n<meta name=\"twitter:label1\" content=\"Written by\" \/>\n\t<meta name=\"twitter:data1\" content=\"admin\" \/>\n\t<meta name=\"twitter:label2\" content=\"Est. reading time\" \/>\n\t<meta name=\"twitter:data2\" content=\"6 minutes\" \/>\n<script type=\"application\/ld+json\" class=\"yoast-schema-graph\">{\"@context\":\"https:\\\/\\\/schema.org\",\"@graph\":[{\"@type\":\"Article\",\"@id\":\"https:\\\/\\\/akunq.net\\\/tr\\\/?p=65198#article\",\"isPartOf\":{\"@id\":\"https:\\\/\\\/akunq.net\\\/tr\\\/?p=65198\"},\"author\":{\"name\":\"admin\",\"@id\":\"https:\\\/\\\/akunq.net\\\/tr\\\/#\\\/schema\\\/person\\\/096f1d38a12cce57fb855b485ed24c9e\"},\"headline\":\"Kiliselerin y\u0131k\u0131ld\u0131\u011f\u0131 k\u00f6y: T\u0130L\",\"datePublished\":\"2021-10-15T09:30:05+00:00\",\"mainEntityOfPage\":{\"@id\":\"https:\\\/\\\/akunq.net\\\/tr\\\/?p=65198\"},\"wordCount\":1209,\"commentCount\":0,\"image\":{\"@id\":\"https:\\\/\\\/akunq.net\\\/tr\\\/?p=65198#primaryimage\"},\"thumbnailUrl\":\"https:\\\/\\\/akunq.net\\\/tr\\\/wp-content\\\/uploads\\\/sites\\\/6\\\/2021\\\/10\\\/T\u0130L.jpeg\",\"articleSection\":[\"Haberler\"],\"inLanguage\":\"en-US\",\"potentialAction\":[{\"@type\":\"CommentAction\",\"name\":\"Comment\",\"target\":[\"https:\\\/\\\/akunq.net\\\/tr\\\/?p=65198#respond\"]}]},{\"@type\":\"WebPage\",\"@id\":\"https:\\\/\\\/akunq.net\\\/tr\\\/?p=65198\",\"url\":\"https:\\\/\\\/akunq.net\\\/tr\\\/?p=65198\",\"name\":\"Kiliselerin y\u0131k\u0131ld\u0131\u011f\u0131 k\u00f6y: T\u0130L - Bati Ermenistan Ve Bati Ermenileri Sorunlari Ara\u015ftirmalar Merkezi\",\"isPartOf\":{\"@id\":\"https:\\\/\\\/akunq.net\\\/tr\\\/#website\"},\"primaryImageOfPage\":{\"@id\":\"https:\\\/\\\/akunq.net\\\/tr\\\/?p=65198#primaryimage\"},\"image\":{\"@id\":\"https:\\\/\\\/akunq.net\\\/tr\\\/?p=65198#primaryimage\"},\"thumbnailUrl\":\"https:\\\/\\\/akunq.net\\\/tr\\\/wp-content\\\/uploads\\\/sites\\\/6\\\/2021\\\/10\\\/T\u0130L.jpeg\",\"datePublished\":\"2021-10-15T09:30:05+00:00\",\"author\":{\"@id\":\"https:\\\/\\\/akunq.net\\\/tr\\\/#\\\/schema\\\/person\\\/096f1d38a12cce57fb855b485ed24c9e\"},\"breadcrumb\":{\"@id\":\"https:\\\/\\\/akunq.net\\\/tr\\\/?p=65198#breadcrumb\"},\"inLanguage\":\"en-US\",\"potentialAction\":[{\"@type\":\"ReadAction\",\"target\":[\"https:\\\/\\\/akunq.net\\\/tr\\\/?p=65198\"]}]},{\"@type\":\"ImageObject\",\"inLanguage\":\"en-US\",\"@id\":\"https:\\\/\\\/akunq.net\\\/tr\\\/?p=65198#primaryimage\",\"url\":\"https:\\\/\\\/akunq.net\\\/tr\\\/wp-content\\\/uploads\\\/sites\\\/6\\\/2021\\\/10\\\/T\u0130L.jpeg\",\"contentUrl\":\"https:\\\/\\\/akunq.net\\\/tr\\\/wp-content\\\/uploads\\\/sites\\\/6\\\/2021\\\/10\\\/T\u0130L.jpeg\",\"width\":2048,\"height\":1293},{\"@type\":\"BreadcrumbList\",\"@id\":\"https:\\\/\\\/akunq.net\\\/tr\\\/?p=65198#breadcrumb\",\"itemListElement\":[{\"@type\":\"ListItem\",\"position\":1,\"name\":\"Home\",\"item\":\"https:\\\/\\\/akunq.net\\\/tr\"},{\"@type\":\"ListItem\",\"position\":2,\"name\":\"Kiliselerin y\u0131k\u0131ld\u0131\u011f\u0131 k\u00f6y: T\u0130L\"}]},{\"@type\":\"WebSite\",\"@id\":\"https:\\\/\\\/akunq.net\\\/tr\\\/#website\",\"url\":\"https:\\\/\\\/akunq.net\\\/tr\\\/\",\"name\":\"Bati Ermenistan Ve Bati Ermenileri Sorunlari Ara\u015ftirmalar Merkezi\",\"description\":\"\",\"potentialAction\":[{\"@type\":\"SearchAction\",\"target\":{\"@type\":\"EntryPoint\",\"urlTemplate\":\"https:\\\/\\\/akunq.net\\\/tr\\\/?s={search_term_string}\"},\"query-input\":{\"@type\":\"PropertyValueSpecification\",\"valueRequired\":true,\"valueName\":\"search_term_string\"}}],\"inLanguage\":\"en-US\"},{\"@type\":\"Person\",\"@id\":\"https:\\\/\\\/akunq.net\\\/tr\\\/#\\\/schema\\\/person\\\/096f1d38a12cce57fb855b485ed24c9e\",\"name\":\"admin\",\"url\":\"https:\\\/\\\/akunq.net\\\/tr\\\/?author=7\"}]}<\/script>\n<!-- \/ Yoast SEO plugin. -->","yoast_head_json":{"title":"Kiliselerin y\u0131k\u0131ld\u0131\u011f\u0131 k\u00f6y: T\u0130L - Bati Ermenistan Ve Bati Ermenileri Sorunlari Ara\u015ftirmalar Merkezi","robots":{"index":"index","follow":"follow","max-snippet":"max-snippet:-1","max-image-preview":"max-image-preview:large","max-video-preview":"max-video-preview:-1"},"canonical":"https:\/\/akunq.net\/tr\/?p=65198","og_locale":"en_US","og_type":"article","og_title":"Kiliselerin y\u0131k\u0131ld\u0131\u011f\u0131 k\u00f6y: T\u0130L - Bati Ermenistan Ve Bati Ermenileri Sorunlari Ara\u015ftirmalar Merkezi","og_description":"Bizanslara kadar dayanan ge\u00e7mi\u015fi ile g\u00f6z kama\u015ft\u0131ran Til k\u00f6y\u00fcnde ki kiliseler, bundan 40 y\u0131l \u00f6nce insanlarca y\u0131k\u0131ld\u0131\u011f\u0131 biliniyor. Nev\u015fehir\u00a0Kent\u00a0Haber\u00a0Gazetesi olarak \u201c\u00a0k\u00f6yleri tan\u0131yal\u0131m\u201d k\u00f6\u015femizde tarihe \u0131\u015f\u0131k tutmaya devam ediyoruz. K\u00f6ylerin ge\u00e7mi\u015f ve \u015fimdiki d\u00f6nemlerde ya\u015fam \u015feklinden bahsedilen k\u00f6\u015femizde de bug\u00fcn\u00a0Derinkuyu\u00a0il\u00e7esine ba\u011fl\u0131 T\u0130lk\u00f6y\u2019den bahsedece\u011fiz. Tilk\u00f6y, Nev\u015fehir ilinin Derinkuyu il\u00e7esine ba\u011fl\u0131 bir 569 n\u00fcfuslu bir k\u00f6y.\u00a0 K\u00f6y\u00fcn kimler [&hellip;]","og_url":"https:\/\/akunq.net\/tr\/?p=65198","og_site_name":"Bati Ermenistan Ve Bati Ermenileri Sorunlari Ara\u015ftirmalar Merkezi","article_published_time":"2021-10-15T09:30:05+00:00","og_image":[{"width":2048,"height":1293,"url":"https:\/\/akunq.net\/tr\/wp-content\/uploads\/sites\/6\/2021\/10\/T\u0130L.jpeg","type":"image\/jpeg"}],"author":"admin","twitter_card":"summary_large_image","twitter_misc":{"Written by":"admin","Est. reading time":"6 minutes"},"schema":{"@context":"https:\/\/schema.org","@graph":[{"@type":"Article","@id":"https:\/\/akunq.net\/tr\/?p=65198#article","isPartOf":{"@id":"https:\/\/akunq.net\/tr\/?p=65198"},"author":{"name":"admin","@id":"https:\/\/akunq.net\/tr\/#\/schema\/person\/096f1d38a12cce57fb855b485ed24c9e"},"headline":"Kiliselerin y\u0131k\u0131ld\u0131\u011f\u0131 k\u00f6y: T\u0130L","datePublished":"2021-10-15T09:30:05+00:00","mainEntityOfPage":{"@id":"https:\/\/akunq.net\/tr\/?p=65198"},"wordCount":1209,"commentCount":0,"image":{"@id":"https:\/\/akunq.net\/tr\/?p=65198#primaryimage"},"thumbnailUrl":"https:\/\/akunq.net\/tr\/wp-content\/uploads\/sites\/6\/2021\/10\/T\u0130L.jpeg","articleSection":["Haberler"],"inLanguage":"en-US","potentialAction":[{"@type":"CommentAction","name":"Comment","target":["https:\/\/akunq.net\/tr\/?p=65198#respond"]}]},{"@type":"WebPage","@id":"https:\/\/akunq.net\/tr\/?p=65198","url":"https:\/\/akunq.net\/tr\/?p=65198","name":"Kiliselerin y\u0131k\u0131ld\u0131\u011f\u0131 k\u00f6y: T\u0130L - Bati Ermenistan Ve Bati Ermenileri Sorunlari Ara\u015ftirmalar Merkezi","isPartOf":{"@id":"https:\/\/akunq.net\/tr\/#website"},"primaryImageOfPage":{"@id":"https:\/\/akunq.net\/tr\/?p=65198#primaryimage"},"image":{"@id":"https:\/\/akunq.net\/tr\/?p=65198#primaryimage"},"thumbnailUrl":"https:\/\/akunq.net\/tr\/wp-content\/uploads\/sites\/6\/2021\/10\/T\u0130L.jpeg","datePublished":"2021-10-15T09:30:05+00:00","author":{"@id":"https:\/\/akunq.net\/tr\/#\/schema\/person\/096f1d38a12cce57fb855b485ed24c9e"},"breadcrumb":{"@id":"https:\/\/akunq.net\/tr\/?p=65198#breadcrumb"},"inLanguage":"en-US","potentialAction":[{"@type":"ReadAction","target":["https:\/\/akunq.net\/tr\/?p=65198"]}]},{"@type":"ImageObject","inLanguage":"en-US","@id":"https:\/\/akunq.net\/tr\/?p=65198#primaryimage","url":"https:\/\/akunq.net\/tr\/wp-content\/uploads\/sites\/6\/2021\/10\/T\u0130L.jpeg","contentUrl":"https:\/\/akunq.net\/tr\/wp-content\/uploads\/sites\/6\/2021\/10\/T\u0130L.jpeg","width":2048,"height":1293},{"@type":"BreadcrumbList","@id":"https:\/\/akunq.net\/tr\/?p=65198#breadcrumb","itemListElement":[{"@type":"ListItem","position":1,"name":"Home","item":"https:\/\/akunq.net\/tr"},{"@type":"ListItem","position":2,"name":"Kiliselerin y\u0131k\u0131ld\u0131\u011f\u0131 k\u00f6y: T\u0130L"}]},{"@type":"WebSite","@id":"https:\/\/akunq.net\/tr\/#website","url":"https:\/\/akunq.net\/tr\/","name":"Bati Ermenistan Ve Bati Ermenileri Sorunlari Ara\u015ftirmalar Merkezi","description":"","potentialAction":[{"@type":"SearchAction","target":{"@type":"EntryPoint","urlTemplate":"https:\/\/akunq.net\/tr\/?s={search_term_string}"},"query-input":{"@type":"PropertyValueSpecification","valueRequired":true,"valueName":"search_term_string"}}],"inLanguage":"en-US"},{"@type":"Person","@id":"https:\/\/akunq.net\/tr\/#\/schema\/person\/096f1d38a12cce57fb855b485ed24c9e","name":"admin","url":"https:\/\/akunq.net\/tr\/?author=7"}]}},"_links":{"self":[{"href":"https:\/\/akunq.net\/tr\/index.php?rest_route=\/wp\/v2\/posts\/65198","targetHints":{"allow":["GET"]}}],"collection":[{"href":"https:\/\/akunq.net\/tr\/index.php?rest_route=\/wp\/v2\/posts"}],"about":[{"href":"https:\/\/akunq.net\/tr\/index.php?rest_route=\/wp\/v2\/types\/post"}],"author":[{"embeddable":true,"href":"https:\/\/akunq.net\/tr\/index.php?rest_route=\/wp\/v2\/users\/7"}],"replies":[{"embeddable":true,"href":"https:\/\/akunq.net\/tr\/index.php?rest_route=%2Fwp%2Fv2%2Fcomments&post=65198"}],"version-history":[{"count":1,"href":"https:\/\/akunq.net\/tr\/index.php?rest_route=\/wp\/v2\/posts\/65198\/revisions"}],"predecessor-version":[{"id":65200,"href":"https:\/\/akunq.net\/tr\/index.php?rest_route=\/wp\/v2\/posts\/65198\/revisions\/65200"}],"wp:featuredmedia":[{"embeddable":true,"href":"https:\/\/akunq.net\/tr\/index.php?rest_route=\/wp\/v2\/media\/65199"}],"wp:attachment":[{"href":"https:\/\/akunq.net\/tr\/index.php?rest_route=%2Fwp%2Fv2%2Fmedia&parent=65198"}],"wp:term":[{"taxonomy":"category","embeddable":true,"href":"https:\/\/akunq.net\/tr\/index.php?rest_route=%2Fwp%2Fv2%2Fcategories&post=65198"},{"taxonomy":"post_tag","embeddable":true,"href":"https:\/\/akunq.net\/tr\/index.php?rest_route=%2Fwp%2Fv2%2Ftags&post=65198"}],"curies":[{"name":"wp","href":"https:\/\/api.w.org\/{rel}","templated":true}]}}