{"id":65175,"date":"2021-10-14T05:03:27","date_gmt":"2021-10-14T10:03:27","guid":{"rendered":"https:\/\/akunq.net\/tr\/?p=65175"},"modified":"2021-10-14T05:03:27","modified_gmt":"2021-10-14T10:03:27","slug":"turkiye-jeopolitik-kimlik-arayisinda-cikmazda-mi","status":"publish","type":"post","link":"https:\/\/akunq.net\/tr\/?p=65175","title":{"rendered":"T\u00fcrkiye jeopolitik kimlik aray\u0131\u015f\u0131nda \u00e7\u0131kmazda m\u0131?"},"content":{"rendered":"<p class=\"intro\"><strong><em>ABD ile m\u00fcttefiklik ili\u015fkileri h\u0131zla zemin kaybeden T\u00fcrkiye, Rusya ile stratejik alanlarda i\u015fbirli\u011fine gidiyor. T\u00fcrkiye iddial\u0131 jeopolitik kimlik aray\u0131\u015f\u0131nda \u00e7\u0131kmaza m\u0131 girdi? Uzmanlar, DW T\u00fcrk\u00e7e&#8217;nin sorular\u0131n\u0131 yan\u0131tlad\u0131:<\/em><\/strong><\/p>\n<div class=\"picBox full\"><a class=\"overlayLink init\" href=\"https:\/\/www.dw.com\/tr\/t%C3%BCrkiye-jeopolitik-kimlik-aray%C4%B1%C5%9F%C4%B1nda-%C3%A7%C4%B1kmazda-m%C4%B1\/a-59437763#\" rel=\"nofollow\"><img decoding=\"async\" title=\"default\" src=\"https:\/\/static.dw.com\/image\/57890859_303.jpeg\" alt=\"default\" \/><\/a><\/div>\n<div class=\"group\">\n<div class=\"longText\">\n<p>Son aylarda T\u00fcrkiye Cumhurba\u015fkan\u0131 Recep Tayyip Erdo\u011fan&#8217;\u0131n \u00f6nce ABD y\u00f6netimi ile ili\u015fkileri d\u00fczeltme \u00e7abas\u0131na girmesi, hamlelerinde ba\u015far\u0131s\u0131z olunca yeniden Rusya ile yak\u0131n i\u015fbirli\u011fine y\u00f6nelmesi, uluslararas\u0131 toplum taraf\u0131ndan yak\u0131ndan izleniyor.<\/p>\n<p>Bir\u00e7ok uzman, Erdo\u011fan&#8217;\u0131n ABD ile Rusya&#8217;y\u0131 birbirine kar\u015f\u0131 kullanarak kendi elini g\u00fc\u00e7lendirme stratejisi izledi\u011fini belirtirken, son haftalarda ya\u015fanan geli\u015fmelerin T\u00fcrkiye&#8217;yi Rusya&#8217;ya daha fazla taviz vermek zorunda b\u0131rakabilece\u011fi\u00a0dile getiriliyor.<\/p>\n<h2>Putin&#8217;den ince diplomasi<\/h2>\n<p>ABD Ba\u015fkan\u0131 Joe Biden, Erdo\u011fan&#8217;a kar\u015f\u0131 tavr\u0131n\u0131 yumu\u015fatm\u0131yor, T\u00fcrkiye&#8217;nin yaln\u0131zla\u015ft\u0131\u011f\u0131n\u0131 g\u00f6ren Rusya&#8217;n\u0131n ise T\u00fcrkiye&#8217;ye kar\u015f\u0131 elinin daha da g\u00fc\u00e7lendi\u011fi d\u00fc\u015f\u00fcncesiyle hareket etti\u011fi ve daha fazla taviz bekledi\u011fi izlenimi yarat\u0131yor.<\/p>\n<p>Erdo\u011fan&#8217;\u0131n So\u00e7i&#8217;de Rusya Devlet Ba\u015fkan\u0131 Putin ile bir araya geldi\u011fi son g\u00f6r\u00fc\u015fme, b\u00f6yle bir arka planda ve son d\u00f6nemdeki gerilimlerin g\u00f6lgesinde ger\u00e7ekle\u015fti.<\/p>\n<div class=\"picBox medium\n\"><a class=\"overlayLink init\" href=\"https:\/\/www.dw.com\/tr\/t%C3%BCrkiye-jeopolitik-kimlik-aray%C4%B1%C5%9F%C4%B1nda-%C3%A7%C4%B1kmazda-m%C4%B1\/a-59437763#\" rel=\"nofollow\"><img decoding=\"async\" title=\"Putin empf\u00e4ngt Erdogan in Sotschi\" src=\"https:\/\/static.dw.com\/image\/59354111_404.jpg\" alt=\"Putin empf\u00e4ngt Erdogan in Sotschi\" \/><\/a><\/div>\n<p>T\u00fcrkiye&#8217;nin Ukrayna&#8217;ya askeri deste\u011fi, K\u0131r\u0131m konusunda yapt\u0131\u011f\u0131 son a\u00e7\u0131klamalar, \u0130dlib&#8217;te t\u0131rmanan gerilim, Putin ile Erdo\u011fan aras\u0131nda ba\u015f ba\u015fa g\u00f6r\u00fc\u015fmede ele al\u0131nd\u0131. Toplant\u0131 sonras\u0131nda yap\u0131lan a\u00e7\u0131klamalar, Moskova-Ankara hatt\u0131nda gerilimin s\u00fcrd\u00fc\u011f\u00fcn\u00fc, ili\u015fkilerinin seyrinin \u00f6n\u00fcm\u00fczdeki g\u00fcnlerde Ankara&#8217;n\u0131n ataca\u011f\u0131 ad\u0131mlara ba\u011fl\u0131 olaca\u011f\u0131n\u0131 g\u00f6sterdi.<\/p>\n<p>Putin&#8217;in T\u00fcrkiye ile b\u00fcy\u00fck krizlerin ya\u015fand\u0131\u011f\u0131 d\u00f6nemlerde bile so\u011fukkanl\u0131 hareket etmesi, T\u00fcrkiye kamuoyunu kar\u015f\u0131s\u0131na almamaya \u00f6zen g\u00f6stermesi ve taleplerini Erdo\u011fan ile g\u00f6r\u00fc\u015fmelerinde masaya getirerek Rusya&#8217;n\u0131n lehine sonu\u00e7lar i\u00e7eren diplomatik \u00e7\u00f6z\u00fcmlerle ili\u015fkileri s\u00fcrd\u00fcrmesi dikkat \u00e7ekiyor.<\/p>\n<h2>&#8220;Uzla\u015f\u0131 bulmay\u0131 \u00f6\u011frendiler&#8221;<\/h2>\n<p>T\u00fcrkiye-Rusya ili\u015fkilerini yak\u0131ndan takip eden uzmanlardan Daria Isachenko, yak\u0131n d\u00f6nemde her iki taraf\u0131n da derin ihtilaflar ve g\u00f6r\u00fc\u015f ayr\u0131l\u0131klar\u0131 ya\u015famalar\u0131na ra\u011fmen &#8220;uzla\u015f\u0131lar&#8221; yoluyla ili\u015fkileri s\u00fcrd\u00fcrd\u00fckleri, son So\u00e7i bulu\u015fmas\u0131n\u0131n da bunun yeni bir \u00f6rne\u011fi oldu\u011fu g\u00f6r\u00fc\u015f\u00fcnde.<\/p>\n<p>Berlin merkezli Uygulamal\u0131 T\u00fcrkiye Ara\u015ft\u0131rmalar\u0131 Merkezi (CATS) uzmanlar\u0131ndan olan Isachenko, T\u00fcrkiye ile Rusya aras\u0131nda en gergin d\u00f6nemlerde bile g\u00f6r\u00fc\u015fmelerin kopmad\u0131\u011f\u0131n\u0131 belirterek 1990&#8217;l\u0131 y\u0131llar\u0131n ortas\u0131nda, Rusya&#8217;n\u0131n Ankara B\u00fcy\u00fckel\u00e7isi olarak g\u00f6rev yapanAlbert \u00c7erni\u015fev&#8217;in &#8220;T\u00fcrkiye ve Rusya ayn\u0131 gemide. Gemi batarsa ikimiz de batar\u0131z. Bu nedenle suyun \u00fcstende kalabilmenin yolunu bulmak zorunday\u0131z&#8221; \u015feklindeki s\u00f6zlerini hat\u0131rlat\u0131yor.<\/p>\n<p>Isachenko, &#8220;Putin de asl\u0131nda So\u00e7i&#8217;deki g\u00f6r\u00fc\u015fme sonras\u0131nda, benzer bir \u015fekilde Erdo\u011fan ile her zaman ayn\u0131 g\u00f6r\u00fc\u015flere sahip olmad\u0131klar\u0131n\u0131, g\u00f6r\u00fc\u015fmelerin kimi zaman zor ge\u00e7ti\u011fini ancak uzla\u015f\u0131 bulmay\u0131 \u00f6\u011frendiklerini vurgulad\u0131. Bu uzla\u015f\u0131lardan her iki taraf da kazan\u00e7 sa\u011fl\u0131yor denebilir&#8221; diyor.<\/p>\n<h2>Rusya&#8217;n\u0131n Ukrayna hassasiyeti<\/h2>\n<p>T\u00fcrkiye&#8217;nin son d\u00f6nemde Ukrayna ile savunma sanayi ve teknolojileri alan\u0131nda i\u015fbirli\u011fini geli\u015ftirmeye \u00e7abalamas\u0131, di\u011fer taraftan Ukrayna&#8217;ya \u0130HA&#8217;lar satmas\u0131, K\u0131r\u0131m&#8217;\u0131n ilhak\u0131n\u0131n tan\u0131nmad\u0131\u011f\u0131 \u015feklindeki a\u00e7\u0131klamalar, Rusya&#8217;da b\u00fcy\u00fck tepki yaratm\u0131\u015f g\u00f6z\u00fck\u00fcyor.<\/p>\n<p>Ancak Rusya, bu konuda uyar\u0131lar\u0131n\u0131 iletirken di\u011fer yandan T\u00fcrkiye&#8217;ye yeni \u00f6neriler de getiriyor. Daria Isachenko&#8217;ya g\u00f6re Rusya&#8217;n\u0131n askeri teknoloji, silah sanayi gibi alanlarda i\u015fbirli\u011fi \u00f6nerileri hem ticari a\u00e7\u0131dan Rusya i\u00e7in \u00f6nemli hem de ba\u015fka siyasi hedefleri i\u00e7erebilir.<\/p>\n<div class=\"picBox medium\nrechts\n\"><a class=\"overlayLink init\" href=\"https:\/\/www.dw.com\/tr\/t%C3%BCrkiye-jeopolitik-kimlik-aray%C4%B1%C5%9F%C4%B1nda-%C3%A7%C4%B1kmazda-m%C4%B1\/a-59437763#\" rel=\"nofollow\"><img decoding=\"async\" title=\"Daria Isachenko von der Stiftung Wissenschaft und Politik\" src=\"https:\/\/static.dw.com\/image\/54300592_404.jpg\" alt=\"Daria Isachenko von der Stiftung Wissenschaft und Politik\" \/><\/a>Berlin merkezli Uygulamal\u0131 T\u00fcrkiye Ara\u015ft\u0131rmalar\u0131 Merkezi (CATS) uzman\u0131 Daria Isachenko.<\/p>\n<\/div>\n<p>Isachenko, &#8220;Belki Rusya, T\u00fcrkiye&#8217;ye savunma sanayi alan\u0131nda ihtiya\u00e7 duyduklar\u0131n\u0131 vermesi halinde, Ukrayna&#8217;ya askeri deste\u011fini s\u0131n\u0131rland\u0131rabilece\u011fini d\u00fc\u015f\u00fcn\u00fcyor olabilir. T\u00fcrkiye&#8217;nin Ukrayna ile g\u00fc\u00e7lendirdi\u011fi askeri i\u015fbirli\u011finden Rusya\u2019n\u0131n son derece rahats\u0131z oldu\u011fu biliniyor. Ya havu\u00e7 ya sopa g\u00f6sterecek. Ancak bana g\u00f6re \u015fu anda T\u00fcrkiye&#8217;yi vazge\u00e7irmek i\u00e7in iknaya \u00e7al\u0131\u015facak&#8221; \u015feklinde konu\u015fuyor.<\/p>\n<h2>Has\u0131m m\u0131, partner mi?<\/h2>\n<p>Kimi uzmanlar, T\u00fcrkiye ve Rusya&#8217;y\u0131 &#8220;iyi has\u0131mlar&#8221; olarak tan\u0131ml\u0131yor, di\u011ferleri ise &#8220;i\u015fbirli\u011fi yapan iki d\u00fc\u015fman&#8221;, &#8220;rekabet\u00e7i i\u015fbirli\u011fi&#8221; veya &#8220;konforlu has\u0131ml\u0131k&#8221; kavramlar\u0131n\u0131 kullan\u0131yor.<\/p>\n<p>Ukrayna, Suriye ve Libya&#8217;da oldu\u011fu gibi pek \u00e7ok b\u00f6lgesel ihtilafta kar\u015f\u0131 cephelerde yer alan T\u00fcrkiye ve Rusya, di\u011fer yandan Da\u011fl\u0131k Karaba\u011f&#8217;da ya\u015fand\u0131\u011f\u0131 gibi gibi diplomatik \u00e7\u00f6z\u00fcmlere de ula\u015fabiliyor, do\u011falgaz, n\u00fckleer santraller ya da savunma sanayi gibi alanlarda i\u015fbirli\u011fi yapabiliyor.<\/p>\n<div class=\"picBox medium\n\"><a class=\"overlayLink init\" href=\"https:\/\/www.dw.com\/tr\/t%C3%BCrkiye-jeopolitik-kimlik-aray%C4%B1%C5%9F%C4%B1nda-%C3%A7%C4%B1kmazda-m%C4%B1\/a-59437763#\" rel=\"nofollow\"><img decoding=\"async\" title=\"T\u00fcrkei Dr. Aylin \u00dcnver Noi\" src=\"https:\/\/static.dw.com\/image\/53081186_404.jpg\" alt=\"T\u00fcrkei Dr. Aylin \u00dcnver Noi\" \/><\/a>Hali\u00e7 \u00dcniversitesi Uluslararas\u0131 \u0130li\u015fkiler B\u00f6l\u00fcm\u00fc \u00f6\u011fretim \u00fcyesi olan Do\u00e7. Dr. Aylin \u00dcnver Noi.<\/p>\n<\/div>\n<p>Do\u00e7. Dr. Aylin \u00dcnver Noi&#8217;ye g\u00f6re T\u00fcrkiye ve Rusya aras\u0131nda tarihsel sorunlar ve rekabet bulunmas\u0131na ra\u011fmen iki \u00fclke aras\u0131nda artan kar\u015f\u0131l\u0131kl\u0131 ba\u011f\u0131ml\u0131l\u0131k, Moskova ve Ankara&#8217;n\u0131n belirli alanlarda i\u015fbirli\u011fi yapmas\u0131n\u0131 ka\u00e7\u0131n\u0131lmaz hale getiriyor.<\/p>\n<h2>&#8220;Jeopolitik rakip&#8221;<\/h2>\n<p>Hali\u00e7 \u00dcniversitesi Uluslararas\u0131 \u0130li\u015fkiler B\u00f6l\u00fcm\u00fc \u00f6\u011fretim \u00fcyesi olan Noi, T\u00fcrkiye ve Rusya&#8217;n\u0131n &#8220;uzun bir \u00e7at\u0131\u015fma tarihi olan iki jeopolitik rakip&#8221; olduklar\u0131n\u0131 s\u00f6ylerken ili\u015fkilerde son d\u00f6nemde ya\u015fananlar\u0131 \u015f\u00f6yle yorumluyor:<\/p>\n<p>&#8220;Suriye ve Libya&#8217;da etki alan\u0131n\u0131 artt\u0131rma stratejisi, Rusya&#8217;n\u0131n ge\u00e7mi\u015ften gelen Akdeniz&#8217;e inme politikas\u0131, K\u0131r\u0131m&#8217;\u0131n ilhak\u0131, 1768&#8217;den beri Osmanl\u0131 ile aras\u0131nda \u00f6nemli sava\u015flara neden olan Karadeniz&#8217;in kuzeyini kontrol etme stratejisinden \u00e7ok da farkl\u0131 de\u011fil. En \u00f6nemli fark ise bu stratejileri uygulamada Rusya&#8217;n\u0131n T\u00fcrkiye ile do\u011frudan \u00e7at\u0131\u015fma yerine rekabetin s\u00fcrd\u00fc\u011f\u00fc bir i\u015fbirli\u011fine y\u00f6nelmesi. \u0130ki \u00fclke aras\u0131nda \u00e7at\u0131\u015fma \u00e7\u0131kmas\u0131n\u0131, ekonomi ve enerji konusunda iki \u00fclke aras\u0131nda artan birbirine ba\u011f\u0131ml\u0131l\u0131k engelliyor.&#8221;<\/p>\n<p>CATS uzman\u0131 Daria Isachenko da Rusya-T\u00fcrkiye ili\u015fkilerinde sorunlara ve zaman zaman ya\u015fanan b\u00fcy\u00fck krizlere ra\u011fmen &#8220;partnerlik, koordinasyon ve isti\u015fare&#8221; anlay\u0131\u015f\u0131n\u0131n devam ettirildi\u011fi g\u00f6r\u00fc\u015f\u00fcnde.<\/p>\n<p>Isachenko, &#8220;\u0130ki \u00fclke, ciddi ihtilaflar dahil meseleleri koordine ve isti\u015fare etmeyi \u00f6\u011frendi ve Putin\u2019in So\u00e7i sonras\u0131 a\u00e7\u0131klamalar\u0131na bakacak olursan\u0131z, Suriye, Libya ve t\u00fcm ihtilaflara ili\u015fkin s\u00fcrekli koordinasyon ve isti\u015fare vurgusu yapmas\u0131 dikkat \u00e7ekiyor&#8221; yorumunu yap\u0131yor.<\/p>\n<h2>Yeni askeri al\u0131mlar yolda<\/h2>\n<p>Bu arada So\u00e7i g\u00f6r\u00fc\u015fmesinden sonra Erdo\u011fan&#8217;\u0131n ABD&#8217;nin yapt\u0131r\u0131m uyar\u0131lar\u0131na ra\u011fmen Rusya ile savunma sanayi alan\u0131nda i\u015fbirli\u011fini daha da geli\u015ftireceklerini s\u00f6ylemesi dikkat \u00e7ekti.<\/p>\n<p>Erdo\u011fan&#8217;\u0131n &#8220;Rusya ile S-400&#8217;lerde geri ad\u0131m yok, uzaya roket f\u0131rlatma, sava\u015f u\u00e7aklar\u0131 ve denizalt\u0131 ad\u0131mlar\u0131m\u0131z olacak&#8221; \u015feklindeki a\u00e7\u0131klamas\u0131 \u00f6zellikle Bat\u0131l\u0131 ba\u015fkentlerde b\u00fcy\u00fck yank\u0131 buldu.<\/p>\n<p>NATO m\u00fcttefikleri, T\u00fcrkiye\u2019nin Rusya ile savunma sanayi alan\u0131nda i\u015fbirli\u011fi ad\u0131mlar\u0131ndan rahats\u0131zl\u0131k duyarken, geli\u015fmeler Bat\u0131&#8217;da Erdo\u011fan&#8217;\u0131n d\u0131\u015f politika y\u00f6nelimi ve hedefleri hakk\u0131nda ku\u015fkular\u0131 daha da art\u0131r\u0131yor.<\/p>\n<p>Do\u00e7. Dr. Aylin \u00dcnver Noi&#8217;ye g\u00f6re ise T\u00fcrkiye&#8217;nin Rusya ile savunma sanayi alan\u0131nda i\u015fbirli\u011fine girmesinde, pragmatik nedenler daha b\u00fcy\u00fck rol oynuyor. T\u00fcrkiye&#8217;nin siyasi sorunlar nedeniyle ABD&#8217;den ya da Avrupal\u0131 m\u00fcttefiklerinden savunma sanayi alan\u0131nda beklentilerine kar\u015f\u0131l\u0131k bulamad\u0131\u011f\u0131n\u0131 belirten Noi, \u015fu de\u011ferlendirmeyi yap\u0131yor:<\/p>\n<p>&#8220;T\u00fcrkiye&#8217;ye sat\u0131n almak istedi\u011fi silahlar\u0131n sat\u0131lmamas\u0131, teknoloji transferi yap\u0131lmamas\u0131, T\u00fcrkiye&#8217;nin drone teknolojisinde kullan\u0131lan par\u00e7alar sat\u0131lmas\u0131n diye ABD&#8217;de lobi faaliyetlerinin yap\u0131lmas\u0131, ABD&#8217;nin G\u00fcney K\u0131br\u0131s Rum Y\u00f6netimi&#8217;ne uygulad\u0131\u011f\u0131 silah ambargosunu kald\u0131rmas\u0131, silahs\u0131z olmas\u0131 gereken Yunan adalar\u0131n\u0131n silahland\u0131r\u0131lmas\u0131 gibi son y\u0131llarda ger\u00e7ekle\u015fen geli\u015fmeler zaten mevcut olan g\u00fcven bunal\u0131m\u0131n\u0131 derinle\u015ftirerek T\u00fcrkiye&#8217;yi kendi savunma sanayisini geli\u015ftirmesine ve Rusya ile savunma sanayi i\u015fbirli\u011fini derinle\u015ftirme s\u00fcrecine girmesine neden olmu\u015ftur.&#8221;<\/p>\n<h2>Ufukta yeni ABD yapt\u0131r\u0131mlar\u0131 g\u00f6r\u00fcn\u00fcyor<\/h2>\n<p>S-400 geriliminin s\u00fcrmesi, T\u00fcrkiye\u2019nin Rusya ile yeni silah anla\u015fmalar\u0131 yapmas\u0131, Biden y\u00f6netiminin Erdo\u011fan&#8217;a kar\u015f\u0131 tutumunu daha da sertle\u015ftirebilecek bir geli\u015fme olarak g\u00f6r\u00fcl\u00fcyor.<\/p>\n<p>Cumhurba\u015fkan\u0131 Erdo\u011fan, BM Genel Kurulu i\u00e7in gitti\u011fi New York&#8217;ta ABD Ba\u015fkan\u0131 Biden ile ayak\u00fcst\u00fc de olsa bir g\u00f6r\u00fc\u015fme ger\u00e7ekle\u015ftirmeyi umut etmi\u015f, ancak Ankara&#8217;ye eli bo\u015f d\u00f6nm\u00fc\u015ft\u00fc.<\/p>\n<p>Erdo\u011fan, &#8220;\u0130ki NATO \u00fclkesi olarak \u015fu andaki gidi\u015f pek\u00a0hayra alamet de\u011fil&#8221; yorumunu yapm\u0131\u015f, &#8220;Amerika ile olan m\u00fcnasebetlerimde geldi\u011fimiz nokta maalesef iyi bir nokta de\u011fil&#8221; demi\u015fti.<\/p>\n<p>G\u00f6zler \u015fimde, Ekim ay\u0131 sonunda Roma&#8217;da yap\u0131lacak G20 Zirvesi&#8217;nde Biden ile Erdo\u011fan&#8217;\u0131n ikili bir g\u00f6r\u00fc\u015fme ger\u00e7ekle\u015ftirip ger\u00e7ekle\u015ftirmeyece\u011fine \u00e7evrildi.<\/p>\n<p>Rusya&#8217;dan savunma sanayi alan\u0131nda yeni al\u0131mlar, ABD\u2019nin S-400 yapt\u0131r\u0131mlar\u0131na ilave yeni yapt\u0131r\u0131m kararlar\u0131 alaca\u011f\u0131 anlam\u0131na geliyor.<\/p>\n<h2>Zikzaklar\u0131 T\u00fcrkiye\u2019yi zay\u0131flat\u0131yor<\/h2>\n<p>Erdo\u011fan&#8217;\u0131n d\u0131\u015f politikadaki zikzaklar\u0131, sadece ABD de\u011fil, Avrupal\u0131 m\u00fcttefiklerinin g\u00f6z\u00fcnde de T\u00fcrkiye&#8217;yi \u00f6ng\u00f6r\u00fclemeyen tehlikeli krizlere ve ihtilaflara yol a\u00e7abilecek, riskli bir partner haline getiriyor.<\/p>\n<p>Do\u00e7. Dr. Aylin \u00dcnver Noi ise son geli\u015fmelere ra\u011fmen, T\u00fcrkiye&#8217;nin Avrupa \u00fclkeleriyle ve ABD ile gerilimleri azaltma aray\u0131\u015flar\u0131n\u0131n s\u00fcrece\u011fi g\u00f6r\u00fc\u015f\u00fcnde.<\/p>\n<p>Biden y\u00f6netiminin i\u015f ba\u015f\u0131na gelmesinden sonra Erdo\u011fan ile ili\u015fkilerin zaten gergin ba\u015flad\u0131\u011f\u0131n\u0131 hat\u0131rlatan Noi, \u015fu de\u011ferlendirmeyi yap\u0131yor:<\/p>\n<div class=\"picBox medium\nrechts\n\"><a class=\"overlayLink init\" href=\"https:\/\/www.dw.com\/tr\/t%C3%BCrkiye-jeopolitik-kimlik-aray%C4%B1%C5%9F%C4%B1nda-%C3%A7%C4%B1kmazda-m%C4%B1\/a-59437763#\" rel=\"nofollow\"><img decoding=\"async\" title=\"Weltspiegel 15.06.2021 NATO Gipfel in Br\u00fcssel\" src=\"https:\/\/static.dw.com\/image\/57894754_404.jpg\" alt=\"Weltspiegel 15.06.2021 NATO Gipfel in Br\u00fcssel\" \/><\/a><\/div>\n<p>&#8220;Biden y\u00f6netiminin Erdo\u011fan ile ilk telefon konu\u015fmas\u0131 bile s\u00f6zde Ermeni soyk\u0131r\u0131m\u0131n\u0131 tan\u0131yaca\u011f\u0131n\u0131 s\u00f6yledi\u011fi konu\u015fma oldu. T\u00fcrk-Amerikan ili\u015fkilerinin Biden d\u00f6nemine olumlu bir \u015fekilde ba\u015flamad\u0131\u011f\u0131n\u0131 hat\u0131rlatmak gerekiyor. Bu mesajlardan ABD ile olan ili\u015fkilerin beklenildi\u011fi \u015fekilde gitmedi\u011fi ama Erdo\u011fan&#8217;\u0131n ABD ile olumlu g\u00fcndem olu\u015fturma \u00e7abalar\u0131n\u0131n devam etti\u011fi y\u00f6n\u00fcnde okumak gerek.\u00a0Asl\u0131nda bu son d\u00f6nem d\u0131\u015f politika stratejisi\u00a0hem AB ile olu\u015fturulan pozitif g\u00fcndem ile ba\u015flayan hem de di\u011fer sorunlu ili\u015fki ya\u015fan\u0131lan \u00fclkelerle normalle\u015fme s\u00fcrecini ba\u015flatarak devam eden s\u00fcrecin bir par\u00e7as\u0131.&#8221;<\/p>\n<h2>&#8220;Kimse T\u00fcrkiye&#8217;nin nereye yol ald\u0131\u011f\u0131n\u0131 bilmiyor&#8221;<\/h2>\n<p>Ancak Bat\u0131 ittifak\u0131 ile T\u00fcrkiye aras\u0131nda u\u00e7urum daha da derinle\u015fiyor. T\u00fcrkiye&#8217;nin NATO \u00fcyeli\u011fi sorgulanmaya devam ediliyor.<\/p>\n<p>CATS uzman\u0131 Daria Isachenko ise ge\u00e7mi\u015fte T\u00fcrkiye\u2019nin Bat\u0131 \u0130ttifak\u0131 b\u00fcnyesinde, stratejik konumu itibariyle, hep \u00fcstlenebilece\u011fi bir rol oldu\u011funa i\u015faret ederek \u015fu g\u00f6zlemini aktar\u0131yor:<\/p>\n<p>&#8220;So\u011fuk Sava\u015f d\u00f6neminde NATO&#8217;nun g\u00fcneydo\u011fu kanad\u0131n\u0131 koruyan T\u00fcrkiye, 90&#8217;l\u0131 y\u0131llarda Orta Asya \u00fclkelerinin entegrasyonu i\u00e7in model oldu. Daha sonra Arap Bahar\u0131&#8217;nda rol modeldi\u2026 Gelinen noktada ise T\u00fcrkiye&#8217;nin rol model olarak \u00fcstlenebilece\u011fi bir misyon g\u00f6r\u00fcnm\u00fcyor ve T\u00fcrkiye\u2019nin ger\u00e7ekten Bat\u0131n\u0131n bir par\u00e7as\u0131 olup olmad\u0131\u011f\u0131 sorgulan\u0131yor. \u00c7\u00fcnk\u00fc kimse T\u00fcrkiye&#8217;nin nereye do\u011fru yol ald\u0131\u011f\u0131, hedefinin ne oldu\u011funu bilmiyor.&#8221;<\/p>\n<p><em><strong>De\u011fer Akal<\/strong><\/em><\/p>\n<p><em><strong>https:\/\/www.dw.com\/tr\/t%C3%BCrkiye-jeopolitik-kimlik-aray%C4%B1%C5%9F%C4%B1nda-%C3%A7%C4%B1kmazda-m%C4%B1\/a-59437763\u00a0<\/strong><\/em><\/p>\n<\/div>\n<\/div>\n","protected":false},"excerpt":{"rendered":"<p>ABD ile m\u00fcttefiklik ili\u015fkileri h\u0131zla zemin kaybeden T\u00fcrkiye, Rusya ile stratejik alanlarda i\u015fbirli\u011fine gidiyor. T\u00fcrkiye iddial\u0131 jeopolitik kimlik aray\u0131\u015f\u0131nda \u00e7\u0131kmaza m\u0131 girdi? Uzmanlar, DW T\u00fcrk\u00e7e&#8217;nin sorular\u0131n\u0131 yan\u0131tlad\u0131: Son aylarda T\u00fcrkiye Cumhurba\u015fkan\u0131 Recep Tayyip Erdo\u011fan&#8217;\u0131n \u00f6nce ABD y\u00f6netimi ile ili\u015fkileri d\u00fczeltme \u00e7abas\u0131na girmesi, hamlelerinde ba\u015far\u0131s\u0131z olunca yeniden Rusya ile yak\u0131n i\u015fbirli\u011fine y\u00f6nelmesi, uluslararas\u0131 toplum taraf\u0131ndan yak\u0131ndan [&hellip;]<\/p>\n","protected":false},"author":7,"featured_media":65176,"comment_status":"open","ping_status":"open","sticky":false,"template":"","format":"standard","meta":{"footnotes":""},"categories":[1],"tags":[],"class_list":["post-65175","post","type-post","status-publish","format-standard","has-post-thumbnail","hentry","category-haberler"],"yoast_head":"<!-- This site is optimized with the Yoast SEO plugin v27.4 - https:\/\/yoast.com\/product\/yoast-seo-wordpress\/ -->\n<title>T\u00fcrkiye jeopolitik kimlik aray\u0131\u015f\u0131nda \u00e7\u0131kmazda m\u0131? - Bati Ermenistan Ve Bati Ermenileri Sorunlari Ara\u015ftirmalar Merkezi<\/title>\n<meta name=\"robots\" content=\"index, follow, max-snippet:-1, max-image-preview:large, max-video-preview:-1\" \/>\n<link rel=\"canonical\" href=\"https:\/\/akunq.net\/tr\/?p=65175\" \/>\n<meta property=\"og:locale\" content=\"en_US\" \/>\n<meta property=\"og:type\" content=\"article\" \/>\n<meta property=\"og:title\" content=\"T\u00fcrkiye jeopolitik kimlik aray\u0131\u015f\u0131nda \u00e7\u0131kmazda m\u0131? - Bati Ermenistan Ve Bati Ermenileri Sorunlari Ara\u015ftirmalar Merkezi\" \/>\n<meta property=\"og:description\" content=\"ABD ile m\u00fcttefiklik ili\u015fkileri h\u0131zla zemin kaybeden T\u00fcrkiye, Rusya ile stratejik alanlarda i\u015fbirli\u011fine gidiyor. T\u00fcrkiye iddial\u0131 jeopolitik kimlik aray\u0131\u015f\u0131nda \u00e7\u0131kmaza m\u0131 girdi? Uzmanlar, DW T\u00fcrk\u00e7e&#8217;nin sorular\u0131n\u0131 yan\u0131tlad\u0131: Son aylarda T\u00fcrkiye Cumhurba\u015fkan\u0131 Recep Tayyip Erdo\u011fan&#8217;\u0131n \u00f6nce ABD y\u00f6netimi ile ili\u015fkileri d\u00fczeltme \u00e7abas\u0131na girmesi, hamlelerinde ba\u015far\u0131s\u0131z olunca yeniden Rusya ile yak\u0131n i\u015fbirli\u011fine y\u00f6nelmesi, uluslararas\u0131 toplum taraf\u0131ndan yak\u0131ndan [&hellip;]\" \/>\n<meta property=\"og:url\" content=\"https:\/\/akunq.net\/tr\/?p=65175\" \/>\n<meta property=\"og:site_name\" content=\"Bati Ermenistan Ve Bati Ermenileri Sorunlari Ara\u015ftirmalar Merkezi\" \/>\n<meta property=\"article:published_time\" content=\"2021-10-14T10:03:27+00:00\" \/>\n<meta property=\"og:image\" content=\"https:\/\/akunq.net\/tr\/wp-content\/uploads\/sites\/6\/2021\/10\/Erdogan-1.jpeg\" \/>\n\t<meta property=\"og:image:width\" content=\"700\" \/>\n\t<meta property=\"og:image:height\" content=\"394\" \/>\n\t<meta property=\"og:image:type\" content=\"image\/jpeg\" \/>\n<meta name=\"author\" content=\"admin\" \/>\n<meta name=\"twitter:card\" content=\"summary_large_image\" \/>\n<meta name=\"twitter:label1\" content=\"Written by\" \/>\n\t<meta name=\"twitter:data1\" content=\"admin\" \/>\n\t<meta name=\"twitter:label2\" content=\"Est. reading time\" \/>\n\t<meta name=\"twitter:data2\" content=\"10 minutes\" \/>\n<script type=\"application\/ld+json\" class=\"yoast-schema-graph\">{\"@context\":\"https:\\\/\\\/schema.org\",\"@graph\":[{\"@type\":\"Article\",\"@id\":\"https:\\\/\\\/akunq.net\\\/tr\\\/?p=65175#article\",\"isPartOf\":{\"@id\":\"https:\\\/\\\/akunq.net\\\/tr\\\/?p=65175\"},\"author\":{\"name\":\"admin\",\"@id\":\"https:\\\/\\\/akunq.net\\\/tr\\\/#\\\/schema\\\/person\\\/096f1d38a12cce57fb855b485ed24c9e\"},\"headline\":\"T\u00fcrkiye jeopolitik kimlik aray\u0131\u015f\u0131nda \u00e7\u0131kmazda m\u0131?\",\"datePublished\":\"2021-10-14T10:03:27+00:00\",\"mainEntityOfPage\":{\"@id\":\"https:\\\/\\\/akunq.net\\\/tr\\\/?p=65175\"},\"wordCount\":1922,\"commentCount\":0,\"image\":{\"@id\":\"https:\\\/\\\/akunq.net\\\/tr\\\/?p=65175#primaryimage\"},\"thumbnailUrl\":\"https:\\\/\\\/akunq.net\\\/tr\\\/wp-content\\\/uploads\\\/sites\\\/6\\\/2021\\\/10\\\/Erdogan-1.jpeg\",\"articleSection\":[\"Haberler\"],\"inLanguage\":\"en-US\",\"potentialAction\":[{\"@type\":\"CommentAction\",\"name\":\"Comment\",\"target\":[\"https:\\\/\\\/akunq.net\\\/tr\\\/?p=65175#respond\"]}]},{\"@type\":\"WebPage\",\"@id\":\"https:\\\/\\\/akunq.net\\\/tr\\\/?p=65175\",\"url\":\"https:\\\/\\\/akunq.net\\\/tr\\\/?p=65175\",\"name\":\"T\u00fcrkiye jeopolitik kimlik aray\u0131\u015f\u0131nda \u00e7\u0131kmazda m\u0131? - Bati Ermenistan Ve Bati Ermenileri Sorunlari Ara\u015ftirmalar Merkezi\",\"isPartOf\":{\"@id\":\"https:\\\/\\\/akunq.net\\\/tr\\\/#website\"},\"primaryImageOfPage\":{\"@id\":\"https:\\\/\\\/akunq.net\\\/tr\\\/?p=65175#primaryimage\"},\"image\":{\"@id\":\"https:\\\/\\\/akunq.net\\\/tr\\\/?p=65175#primaryimage\"},\"thumbnailUrl\":\"https:\\\/\\\/akunq.net\\\/tr\\\/wp-content\\\/uploads\\\/sites\\\/6\\\/2021\\\/10\\\/Erdogan-1.jpeg\",\"datePublished\":\"2021-10-14T10:03:27+00:00\",\"author\":{\"@id\":\"https:\\\/\\\/akunq.net\\\/tr\\\/#\\\/schema\\\/person\\\/096f1d38a12cce57fb855b485ed24c9e\"},\"breadcrumb\":{\"@id\":\"https:\\\/\\\/akunq.net\\\/tr\\\/?p=65175#breadcrumb\"},\"inLanguage\":\"en-US\",\"potentialAction\":[{\"@type\":\"ReadAction\",\"target\":[\"https:\\\/\\\/akunq.net\\\/tr\\\/?p=65175\"]}]},{\"@type\":\"ImageObject\",\"inLanguage\":\"en-US\",\"@id\":\"https:\\\/\\\/akunq.net\\\/tr\\\/?p=65175#primaryimage\",\"url\":\"https:\\\/\\\/akunq.net\\\/tr\\\/wp-content\\\/uploads\\\/sites\\\/6\\\/2021\\\/10\\\/Erdogan-1.jpeg\",\"contentUrl\":\"https:\\\/\\\/akunq.net\\\/tr\\\/wp-content\\\/uploads\\\/sites\\\/6\\\/2021\\\/10\\\/Erdogan-1.jpeg\",\"width\":700,\"height\":394},{\"@type\":\"BreadcrumbList\",\"@id\":\"https:\\\/\\\/akunq.net\\\/tr\\\/?p=65175#breadcrumb\",\"itemListElement\":[{\"@type\":\"ListItem\",\"position\":1,\"name\":\"Home\",\"item\":\"https:\\\/\\\/akunq.net\\\/tr\"},{\"@type\":\"ListItem\",\"position\":2,\"name\":\"T\u00fcrkiye jeopolitik kimlik aray\u0131\u015f\u0131nda \u00e7\u0131kmazda m\u0131?\"}]},{\"@type\":\"WebSite\",\"@id\":\"https:\\\/\\\/akunq.net\\\/tr\\\/#website\",\"url\":\"https:\\\/\\\/akunq.net\\\/tr\\\/\",\"name\":\"Bati Ermenistan Ve Bati Ermenileri Sorunlari Ara\u015ftirmalar Merkezi\",\"description\":\"\",\"potentialAction\":[{\"@type\":\"SearchAction\",\"target\":{\"@type\":\"EntryPoint\",\"urlTemplate\":\"https:\\\/\\\/akunq.net\\\/tr\\\/?s={search_term_string}\"},\"query-input\":{\"@type\":\"PropertyValueSpecification\",\"valueRequired\":true,\"valueName\":\"search_term_string\"}}],\"inLanguage\":\"en-US\"},{\"@type\":\"Person\",\"@id\":\"https:\\\/\\\/akunq.net\\\/tr\\\/#\\\/schema\\\/person\\\/096f1d38a12cce57fb855b485ed24c9e\",\"name\":\"admin\",\"url\":\"https:\\\/\\\/akunq.net\\\/tr\\\/?author=7\"}]}<\/script>\n<!-- \/ Yoast SEO plugin. -->","yoast_head_json":{"title":"T\u00fcrkiye jeopolitik kimlik aray\u0131\u015f\u0131nda \u00e7\u0131kmazda m\u0131? - Bati Ermenistan Ve Bati Ermenileri Sorunlari Ara\u015ftirmalar Merkezi","robots":{"index":"index","follow":"follow","max-snippet":"max-snippet:-1","max-image-preview":"max-image-preview:large","max-video-preview":"max-video-preview:-1"},"canonical":"https:\/\/akunq.net\/tr\/?p=65175","og_locale":"en_US","og_type":"article","og_title":"T\u00fcrkiye jeopolitik kimlik aray\u0131\u015f\u0131nda \u00e7\u0131kmazda m\u0131? - Bati Ermenistan Ve Bati Ermenileri Sorunlari Ara\u015ftirmalar Merkezi","og_description":"ABD ile m\u00fcttefiklik ili\u015fkileri h\u0131zla zemin kaybeden T\u00fcrkiye, Rusya ile stratejik alanlarda i\u015fbirli\u011fine gidiyor. T\u00fcrkiye iddial\u0131 jeopolitik kimlik aray\u0131\u015f\u0131nda \u00e7\u0131kmaza m\u0131 girdi? Uzmanlar, DW T\u00fcrk\u00e7e&#8217;nin sorular\u0131n\u0131 yan\u0131tlad\u0131: Son aylarda T\u00fcrkiye Cumhurba\u015fkan\u0131 Recep Tayyip Erdo\u011fan&#8217;\u0131n \u00f6nce ABD y\u00f6netimi ile ili\u015fkileri d\u00fczeltme \u00e7abas\u0131na girmesi, hamlelerinde ba\u015far\u0131s\u0131z olunca yeniden Rusya ile yak\u0131n i\u015fbirli\u011fine y\u00f6nelmesi, uluslararas\u0131 toplum taraf\u0131ndan yak\u0131ndan [&hellip;]","og_url":"https:\/\/akunq.net\/tr\/?p=65175","og_site_name":"Bati Ermenistan Ve Bati Ermenileri Sorunlari Ara\u015ftirmalar Merkezi","article_published_time":"2021-10-14T10:03:27+00:00","og_image":[{"width":700,"height":394,"url":"https:\/\/akunq.net\/tr\/wp-content\/uploads\/sites\/6\/2021\/10\/Erdogan-1.jpeg","type":"image\/jpeg"}],"author":"admin","twitter_card":"summary_large_image","twitter_misc":{"Written by":"admin","Est. reading time":"10 minutes"},"schema":{"@context":"https:\/\/schema.org","@graph":[{"@type":"Article","@id":"https:\/\/akunq.net\/tr\/?p=65175#article","isPartOf":{"@id":"https:\/\/akunq.net\/tr\/?p=65175"},"author":{"name":"admin","@id":"https:\/\/akunq.net\/tr\/#\/schema\/person\/096f1d38a12cce57fb855b485ed24c9e"},"headline":"T\u00fcrkiye jeopolitik kimlik aray\u0131\u015f\u0131nda \u00e7\u0131kmazda m\u0131?","datePublished":"2021-10-14T10:03:27+00:00","mainEntityOfPage":{"@id":"https:\/\/akunq.net\/tr\/?p=65175"},"wordCount":1922,"commentCount":0,"image":{"@id":"https:\/\/akunq.net\/tr\/?p=65175#primaryimage"},"thumbnailUrl":"https:\/\/akunq.net\/tr\/wp-content\/uploads\/sites\/6\/2021\/10\/Erdogan-1.jpeg","articleSection":["Haberler"],"inLanguage":"en-US","potentialAction":[{"@type":"CommentAction","name":"Comment","target":["https:\/\/akunq.net\/tr\/?p=65175#respond"]}]},{"@type":"WebPage","@id":"https:\/\/akunq.net\/tr\/?p=65175","url":"https:\/\/akunq.net\/tr\/?p=65175","name":"T\u00fcrkiye jeopolitik kimlik aray\u0131\u015f\u0131nda \u00e7\u0131kmazda m\u0131? - Bati Ermenistan Ve Bati Ermenileri Sorunlari Ara\u015ftirmalar Merkezi","isPartOf":{"@id":"https:\/\/akunq.net\/tr\/#website"},"primaryImageOfPage":{"@id":"https:\/\/akunq.net\/tr\/?p=65175#primaryimage"},"image":{"@id":"https:\/\/akunq.net\/tr\/?p=65175#primaryimage"},"thumbnailUrl":"https:\/\/akunq.net\/tr\/wp-content\/uploads\/sites\/6\/2021\/10\/Erdogan-1.jpeg","datePublished":"2021-10-14T10:03:27+00:00","author":{"@id":"https:\/\/akunq.net\/tr\/#\/schema\/person\/096f1d38a12cce57fb855b485ed24c9e"},"breadcrumb":{"@id":"https:\/\/akunq.net\/tr\/?p=65175#breadcrumb"},"inLanguage":"en-US","potentialAction":[{"@type":"ReadAction","target":["https:\/\/akunq.net\/tr\/?p=65175"]}]},{"@type":"ImageObject","inLanguage":"en-US","@id":"https:\/\/akunq.net\/tr\/?p=65175#primaryimage","url":"https:\/\/akunq.net\/tr\/wp-content\/uploads\/sites\/6\/2021\/10\/Erdogan-1.jpeg","contentUrl":"https:\/\/akunq.net\/tr\/wp-content\/uploads\/sites\/6\/2021\/10\/Erdogan-1.jpeg","width":700,"height":394},{"@type":"BreadcrumbList","@id":"https:\/\/akunq.net\/tr\/?p=65175#breadcrumb","itemListElement":[{"@type":"ListItem","position":1,"name":"Home","item":"https:\/\/akunq.net\/tr"},{"@type":"ListItem","position":2,"name":"T\u00fcrkiye jeopolitik kimlik aray\u0131\u015f\u0131nda \u00e7\u0131kmazda m\u0131?"}]},{"@type":"WebSite","@id":"https:\/\/akunq.net\/tr\/#website","url":"https:\/\/akunq.net\/tr\/","name":"Bati Ermenistan Ve Bati Ermenileri Sorunlari Ara\u015ftirmalar Merkezi","description":"","potentialAction":[{"@type":"SearchAction","target":{"@type":"EntryPoint","urlTemplate":"https:\/\/akunq.net\/tr\/?s={search_term_string}"},"query-input":{"@type":"PropertyValueSpecification","valueRequired":true,"valueName":"search_term_string"}}],"inLanguage":"en-US"},{"@type":"Person","@id":"https:\/\/akunq.net\/tr\/#\/schema\/person\/096f1d38a12cce57fb855b485ed24c9e","name":"admin","url":"https:\/\/akunq.net\/tr\/?author=7"}]}},"_links":{"self":[{"href":"https:\/\/akunq.net\/tr\/index.php?rest_route=\/wp\/v2\/posts\/65175","targetHints":{"allow":["GET"]}}],"collection":[{"href":"https:\/\/akunq.net\/tr\/index.php?rest_route=\/wp\/v2\/posts"}],"about":[{"href":"https:\/\/akunq.net\/tr\/index.php?rest_route=\/wp\/v2\/types\/post"}],"author":[{"embeddable":true,"href":"https:\/\/akunq.net\/tr\/index.php?rest_route=\/wp\/v2\/users\/7"}],"replies":[{"embeddable":true,"href":"https:\/\/akunq.net\/tr\/index.php?rest_route=%2Fwp%2Fv2%2Fcomments&post=65175"}],"version-history":[{"count":1,"href":"https:\/\/akunq.net\/tr\/index.php?rest_route=\/wp\/v2\/posts\/65175\/revisions"}],"predecessor-version":[{"id":65177,"href":"https:\/\/akunq.net\/tr\/index.php?rest_route=\/wp\/v2\/posts\/65175\/revisions\/65177"}],"wp:featuredmedia":[{"embeddable":true,"href":"https:\/\/akunq.net\/tr\/index.php?rest_route=\/wp\/v2\/media\/65176"}],"wp:attachment":[{"href":"https:\/\/akunq.net\/tr\/index.php?rest_route=%2Fwp%2Fv2%2Fmedia&parent=65175"}],"wp:term":[{"taxonomy":"category","embeddable":true,"href":"https:\/\/akunq.net\/tr\/index.php?rest_route=%2Fwp%2Fv2%2Fcategories&post=65175"},{"taxonomy":"post_tag","embeddable":true,"href":"https:\/\/akunq.net\/tr\/index.php?rest_route=%2Fwp%2Fv2%2Ftags&post=65175"}],"curies":[{"name":"wp","href":"https:\/\/api.w.org\/{rel}","templated":true}]}}