{"id":65153,"date":"2021-10-13T03:20:56","date_gmt":"2021-10-13T08:20:56","guid":{"rendered":"https:\/\/akunq.net\/tr\/?p=65153"},"modified":"2021-10-13T03:20:56","modified_gmt":"2021-10-13T08:20:56","slug":"mardinde-kurtce-soylesiye-pandemi-yasagi","status":"publish","type":"post","link":"https:\/\/akunq.net\/tr\/?p=65153","title":{"rendered":"Mardin&#8217;de K\u00fcrt\u00e7e s\u00f6yle\u015fiye \u2018pandemi\u2019 yasa\u011f\u0131"},"content":{"rendered":"<header><img loading=\"lazy\" decoding=\"async\" class=\"aligncenter size-medium wp-image-65154\" src=\"https:\/\/akunq.net\/tr\/wp-content\/uploads\/2021\/10\/K\u00fcrt\u00e7e-s\u00f6yle\u015fiye-\u2018pandemi\u2019-yasa\u011f\u0131-360x242.jpg\" alt=\"\" width=\"360\" height=\"242\" srcset=\"https:\/\/akunq.net\/tr\/wp-content\/uploads\/sites\/6\/2021\/10\/K\u00fcrt\u00e7e-s\u00f6yle\u015fiye-\u2018pandemi\u2019-yasa\u011f\u0131-360x242.jpg 360w, https:\/\/akunq.net\/tr\/wp-content\/uploads\/sites\/6\/2021\/10\/K\u00fcrt\u00e7e-s\u00f6yle\u015fiye-\u2018pandemi\u2019-yasa\u011f\u0131-560x376.jpg 560w, https:\/\/akunq.net\/tr\/wp-content\/uploads\/sites\/6\/2021\/10\/K\u00fcrt\u00e7e-s\u00f6yle\u015fiye-\u2018pandemi\u2019-yasa\u011f\u0131-260x175.jpg 260w, https:\/\/akunq.net\/tr\/wp-content\/uploads\/sites\/6\/2021\/10\/K\u00fcrt\u00e7e-s\u00f6yle\u015fiye-\u2018pandemi\u2019-yasa\u011f\u0131-160x107.jpg 160w, https:\/\/akunq.net\/tr\/wp-content\/uploads\/sites\/6\/2021\/10\/K\u00fcrt\u00e7e-s\u00f6yle\u015fiye-\u2018pandemi\u2019-yasa\u011f\u0131.jpg 670w\" sizes=\"auto, (max-width: 360px) 100vw, 360px\" \/><\/p>\n<p><em><strong>Avesta Yay\u0131nlar\u0131 taraf\u0131ndan Mardin\u2019de ger\u00e7ekle\u015ftirilmek istenen K\u00fcrt\u00e7e edebi s\u00f6yle\u015fi, polislerin pandemi ko\u015fullar\u0131n\u0131 gerek\u00e7e g\u00f6stermesinin ard\u0131ndan sona erdirildi.<\/strong><\/em><\/p>\n<\/header>\n<div class=\"content-side\">\n<div class=\"content-text ads-iys6j\">\n<p><strong>DUVAR<\/strong>\u00a0&#8211; Avesta Yay\u0131nlar\u0131\u2019n\u0131n Mardin\u2019de K\u00fcrt tiyatrosu ile ilgili ger\u00e7ekle\u015ftirmek istedi\u011fi edebi s\u00f6yle\u015fiye gelen polisler, pandemi gerek\u00e7esiyle etkinli\u011fin yap\u0131lamayaca\u011f\u0131n\u0131 belirtti.<\/p>\n<p>Konuyla ilgili a\u00e7\u0131klama yapan Avesta Yay\u0131nlar\u0131 Genel Yay\u0131n Y\u00f6netmeni Abdullah Keskin, \u015funlar\u0131 s\u00f6yledi:<\/p>\n<p>\u201cMardin\u2019de K\u00fcrt tiyatrosu \u00fczerine okurlar ile bulu\u015facak olan tiyatrocu yazar Mirza Metin\u2019in s\u00f6yle\u015fisine gelen polisler, burada ne yap\u0131ld\u0131\u011f\u0131n\u0131 sordular. Orada bulunan arkada\u015flar\u0131m\u0131z K\u00fcrt\u00e7e edebi bir s\u00f6yle\u015fi ger\u00e7ekle\u015ftireceklerini s\u00f6ylediler. Foto\u011fraf \u00e7eken polisler, pandemi ko\u015fullar\u0131ndan dolay\u0131 b\u00f6yle bir s\u00f6yle\u015fiye izin veremeyeceklerini belirttiler.\u201d<\/p>\n<p>Keskin, engelin K\u00fcrt\u00e7eye y\u00f6nelik oldu\u011funu belirterek, \u201cBirka\u00e7 sene \u00f6nce d\u00f6nemin ba\u015fbakan\u0131 taraf\u0131ndan K\u00fcrt\u00e7e Kur\u2019an mealinin meydanlarda salland\u0131\u011f\u0131, K\u00fcrt\u00e7e mevlidin okutuldu\u011fu bir \u015fehirde K\u00fcrt\u00e7e edebi panel, s\u00f6yle\u015fi ger\u00e7ekle\u015ftiremiyoruz. Bunun kabul edilebilir hi\u00e7bir taraf\u0131 yok. Daha \u00f6nceki y\u0131llarda da K\u00fcrt\u00e7e edebi etkinliklere y\u00f6nelik s\u0131n\u0131rlamalar oldu ama ne olursa olsun biz K\u00fcrt\u00e7e panel ve s\u00f6yle\u015filerimizi ger\u00e7ekle\u015ftirmeye devam edece\u011fiz\u201d ifadelerini kulland\u0131.<\/p>\n<p><em><strong>https:\/\/www.gazeteduvar.com.tr\/mardinde-kurtce-soylesiye-pandemi-yasagi-haber-1538353\u00a0<\/strong><\/em><\/p>\n<div class=\"mceNonEditable\"><\/div>\n<\/div>\n<\/div>\n","protected":false},"excerpt":{"rendered":"<p>Avesta Yay\u0131nlar\u0131 taraf\u0131ndan Mardin\u2019de ger\u00e7ekle\u015ftirilmek istenen K\u00fcrt\u00e7e edebi s\u00f6yle\u015fi, polislerin pandemi ko\u015fullar\u0131n\u0131 gerek\u00e7e g\u00f6stermesinin ard\u0131ndan sona erdirildi. DUVAR\u00a0&#8211; Avesta Yay\u0131nlar\u0131\u2019n\u0131n Mardin\u2019de K\u00fcrt tiyatrosu ile ilgili ger\u00e7ekle\u015ftirmek istedi\u011fi edebi s\u00f6yle\u015fiye gelen polisler, pandemi gerek\u00e7esiyle etkinli\u011fin yap\u0131lamayaca\u011f\u0131n\u0131 belirtti. Konuyla ilgili a\u00e7\u0131klama yapan Avesta Yay\u0131nlar\u0131 Genel Yay\u0131n Y\u00f6netmeni Abdullah Keskin, \u015funlar\u0131 s\u00f6yledi: \u201cMardin\u2019de K\u00fcrt tiyatrosu \u00fczerine okurlar ile [&hellip;]<\/p>\n","protected":false},"author":7,"featured_media":65154,"comment_status":"open","ping_status":"open","sticky":false,"template":"","format":"standard","meta":{"footnotes":""},"categories":[1,53],"tags":[],"class_list":["post-65153","post","type-post","status-publish","format-standard","has-post-thumbnail","hentry","category-haberler","category-turkiyede-azinliklar"],"yoast_head":"<!-- This site is optimized with the Yoast SEO plugin v27.4 - https:\/\/yoast.com\/product\/yoast-seo-wordpress\/ -->\n<title>Mardin&#039;de K\u00fcrt\u00e7e s\u00f6yle\u015fiye \u2018pandemi\u2019 yasa\u011f\u0131 - Bati Ermenistan Ve Bati Ermenileri Sorunlari Ara\u015ftirmalar Merkezi<\/title>\n<meta name=\"robots\" content=\"index, follow, max-snippet:-1, max-image-preview:large, max-video-preview:-1\" \/>\n<link rel=\"canonical\" href=\"https:\/\/akunq.net\/tr\/?p=65153\" \/>\n<meta property=\"og:locale\" content=\"en_US\" \/>\n<meta property=\"og:type\" content=\"article\" \/>\n<meta property=\"og:title\" content=\"Mardin&#039;de K\u00fcrt\u00e7e s\u00f6yle\u015fiye \u2018pandemi\u2019 yasa\u011f\u0131 - Bati Ermenistan Ve Bati Ermenileri Sorunlari Ara\u015ftirmalar Merkezi\" \/>\n<meta property=\"og:description\" content=\"Avesta Yay\u0131nlar\u0131 taraf\u0131ndan Mardin\u2019de ger\u00e7ekle\u015ftirilmek istenen K\u00fcrt\u00e7e edebi s\u00f6yle\u015fi, polislerin pandemi ko\u015fullar\u0131n\u0131 gerek\u00e7e g\u00f6stermesinin ard\u0131ndan sona erdirildi. DUVAR\u00a0&#8211; Avesta Yay\u0131nlar\u0131\u2019n\u0131n Mardin\u2019de K\u00fcrt tiyatrosu ile ilgili ger\u00e7ekle\u015ftirmek istedi\u011fi edebi s\u00f6yle\u015fiye gelen polisler, pandemi gerek\u00e7esiyle etkinli\u011fin yap\u0131lamayaca\u011f\u0131n\u0131 belirtti. Konuyla ilgili a\u00e7\u0131klama yapan Avesta Yay\u0131nlar\u0131 Genel Yay\u0131n Y\u00f6netmeni Abdullah Keskin, \u015funlar\u0131 s\u00f6yledi: \u201cMardin\u2019de K\u00fcrt tiyatrosu \u00fczerine okurlar ile [&hellip;]\" \/>\n<meta property=\"og:url\" content=\"https:\/\/akunq.net\/tr\/?p=65153\" \/>\n<meta property=\"og:site_name\" content=\"Bati Ermenistan Ve Bati Ermenileri Sorunlari Ara\u015ftirmalar Merkezi\" \/>\n<meta property=\"article:published_time\" content=\"2021-10-13T08:20:56+00:00\" \/>\n<meta property=\"og:image\" content=\"https:\/\/akunq.net\/tr\/wp-content\/uploads\/sites\/6\/2021\/10\/K\u00fcrt\u00e7e-s\u00f6yle\u015fiye-\u2018pandemi\u2019-yasa\u011f\u0131.jpg\" \/>\n\t<meta property=\"og:image:width\" content=\"670\" \/>\n\t<meta property=\"og:image:height\" content=\"450\" \/>\n\t<meta property=\"og:image:type\" content=\"image\/jpeg\" \/>\n<meta name=\"author\" content=\"admin\" \/>\n<meta name=\"twitter:card\" content=\"summary_large_image\" \/>\n<meta name=\"twitter:label1\" content=\"Written by\" \/>\n\t<meta name=\"twitter:data1\" content=\"admin\" \/>\n\t<meta name=\"twitter:label2\" content=\"Est. reading time\" \/>\n\t<meta name=\"twitter:data2\" content=\"1 minute\" \/>\n<script type=\"application\/ld+json\" class=\"yoast-schema-graph\">{\"@context\":\"https:\\\/\\\/schema.org\",\"@graph\":[{\"@type\":\"Article\",\"@id\":\"https:\\\/\\\/akunq.net\\\/tr\\\/?p=65153#article\",\"isPartOf\":{\"@id\":\"https:\\\/\\\/akunq.net\\\/tr\\\/?p=65153\"},\"author\":{\"name\":\"admin\",\"@id\":\"https:\\\/\\\/akunq.net\\\/tr\\\/#\\\/schema\\\/person\\\/096f1d38a12cce57fb855b485ed24c9e\"},\"headline\":\"Mardin&#8217;de K\u00fcrt\u00e7e s\u00f6yle\u015fiye \u2018pandemi\u2019 yasa\u011f\u0131\",\"datePublished\":\"2021-10-13T08:20:56+00:00\",\"mainEntityOfPage\":{\"@id\":\"https:\\\/\\\/akunq.net\\\/tr\\\/?p=65153\"},\"wordCount\":252,\"commentCount\":0,\"image\":{\"@id\":\"https:\\\/\\\/akunq.net\\\/tr\\\/?p=65153#primaryimage\"},\"thumbnailUrl\":\"https:\\\/\\\/akunq.net\\\/tr\\\/wp-content\\\/uploads\\\/sites\\\/6\\\/2021\\\/10\\\/K\u00fcrt\u00e7e-s\u00f6yle\u015fiye-\u2018pandemi\u2019-yasa\u011f\u0131.jpg\",\"articleSection\":[\"Haberler\",\"T\u00fcrkiye\u2019de Az\u0131nl\u0131klar\"],\"inLanguage\":\"en-US\",\"potentialAction\":[{\"@type\":\"CommentAction\",\"name\":\"Comment\",\"target\":[\"https:\\\/\\\/akunq.net\\\/tr\\\/?p=65153#respond\"]}]},{\"@type\":\"WebPage\",\"@id\":\"https:\\\/\\\/akunq.net\\\/tr\\\/?p=65153\",\"url\":\"https:\\\/\\\/akunq.net\\\/tr\\\/?p=65153\",\"name\":\"Mardin'de K\u00fcrt\u00e7e s\u00f6yle\u015fiye \u2018pandemi\u2019 yasa\u011f\u0131 - Bati Ermenistan Ve Bati Ermenileri Sorunlari Ara\u015ftirmalar Merkezi\",\"isPartOf\":{\"@id\":\"https:\\\/\\\/akunq.net\\\/tr\\\/#website\"},\"primaryImageOfPage\":{\"@id\":\"https:\\\/\\\/akunq.net\\\/tr\\\/?p=65153#primaryimage\"},\"image\":{\"@id\":\"https:\\\/\\\/akunq.net\\\/tr\\\/?p=65153#primaryimage\"},\"thumbnailUrl\":\"https:\\\/\\\/akunq.net\\\/tr\\\/wp-content\\\/uploads\\\/sites\\\/6\\\/2021\\\/10\\\/K\u00fcrt\u00e7e-s\u00f6yle\u015fiye-\u2018pandemi\u2019-yasa\u011f\u0131.jpg\",\"datePublished\":\"2021-10-13T08:20:56+00:00\",\"author\":{\"@id\":\"https:\\\/\\\/akunq.net\\\/tr\\\/#\\\/schema\\\/person\\\/096f1d38a12cce57fb855b485ed24c9e\"},\"breadcrumb\":{\"@id\":\"https:\\\/\\\/akunq.net\\\/tr\\\/?p=65153#breadcrumb\"},\"inLanguage\":\"en-US\",\"potentialAction\":[{\"@type\":\"ReadAction\",\"target\":[\"https:\\\/\\\/akunq.net\\\/tr\\\/?p=65153\"]}]},{\"@type\":\"ImageObject\",\"inLanguage\":\"en-US\",\"@id\":\"https:\\\/\\\/akunq.net\\\/tr\\\/?p=65153#primaryimage\",\"url\":\"https:\\\/\\\/akunq.net\\\/tr\\\/wp-content\\\/uploads\\\/sites\\\/6\\\/2021\\\/10\\\/K\u00fcrt\u00e7e-s\u00f6yle\u015fiye-\u2018pandemi\u2019-yasa\u011f\u0131.jpg\",\"contentUrl\":\"https:\\\/\\\/akunq.net\\\/tr\\\/wp-content\\\/uploads\\\/sites\\\/6\\\/2021\\\/10\\\/K\u00fcrt\u00e7e-s\u00f6yle\u015fiye-\u2018pandemi\u2019-yasa\u011f\u0131.jpg\",\"width\":670,\"height\":450},{\"@type\":\"BreadcrumbList\",\"@id\":\"https:\\\/\\\/akunq.net\\\/tr\\\/?p=65153#breadcrumb\",\"itemListElement\":[{\"@type\":\"ListItem\",\"position\":1,\"name\":\"Home\",\"item\":\"https:\\\/\\\/akunq.net\\\/tr\"},{\"@type\":\"ListItem\",\"position\":2,\"name\":\"Mardin&#8217;de K\u00fcrt\u00e7e s\u00f6yle\u015fiye \u2018pandemi\u2019 yasa\u011f\u0131\"}]},{\"@type\":\"WebSite\",\"@id\":\"https:\\\/\\\/akunq.net\\\/tr\\\/#website\",\"url\":\"https:\\\/\\\/akunq.net\\\/tr\\\/\",\"name\":\"Bati Ermenistan Ve Bati Ermenileri Sorunlari Ara\u015ftirmalar Merkezi\",\"description\":\"\",\"potentialAction\":[{\"@type\":\"SearchAction\",\"target\":{\"@type\":\"EntryPoint\",\"urlTemplate\":\"https:\\\/\\\/akunq.net\\\/tr\\\/?s={search_term_string}\"},\"query-input\":{\"@type\":\"PropertyValueSpecification\",\"valueRequired\":true,\"valueName\":\"search_term_string\"}}],\"inLanguage\":\"en-US\"},{\"@type\":\"Person\",\"@id\":\"https:\\\/\\\/akunq.net\\\/tr\\\/#\\\/schema\\\/person\\\/096f1d38a12cce57fb855b485ed24c9e\",\"name\":\"admin\",\"url\":\"https:\\\/\\\/akunq.net\\\/tr\\\/?author=7\"}]}<\/script>\n<!-- \/ Yoast SEO plugin. -->","yoast_head_json":{"title":"Mardin'de K\u00fcrt\u00e7e s\u00f6yle\u015fiye \u2018pandemi\u2019 yasa\u011f\u0131 - Bati Ermenistan Ve Bati Ermenileri Sorunlari Ara\u015ftirmalar Merkezi","robots":{"index":"index","follow":"follow","max-snippet":"max-snippet:-1","max-image-preview":"max-image-preview:large","max-video-preview":"max-video-preview:-1"},"canonical":"https:\/\/akunq.net\/tr\/?p=65153","og_locale":"en_US","og_type":"article","og_title":"Mardin'de K\u00fcrt\u00e7e s\u00f6yle\u015fiye \u2018pandemi\u2019 yasa\u011f\u0131 - Bati Ermenistan Ve Bati Ermenileri Sorunlari Ara\u015ftirmalar Merkezi","og_description":"Avesta Yay\u0131nlar\u0131 taraf\u0131ndan Mardin\u2019de ger\u00e7ekle\u015ftirilmek istenen K\u00fcrt\u00e7e edebi s\u00f6yle\u015fi, polislerin pandemi ko\u015fullar\u0131n\u0131 gerek\u00e7e g\u00f6stermesinin ard\u0131ndan sona erdirildi. DUVAR\u00a0&#8211; Avesta Yay\u0131nlar\u0131\u2019n\u0131n Mardin\u2019de K\u00fcrt tiyatrosu ile ilgili ger\u00e7ekle\u015ftirmek istedi\u011fi edebi s\u00f6yle\u015fiye gelen polisler, pandemi gerek\u00e7esiyle etkinli\u011fin yap\u0131lamayaca\u011f\u0131n\u0131 belirtti. Konuyla ilgili a\u00e7\u0131klama yapan Avesta Yay\u0131nlar\u0131 Genel Yay\u0131n Y\u00f6netmeni Abdullah Keskin, \u015funlar\u0131 s\u00f6yledi: \u201cMardin\u2019de K\u00fcrt tiyatrosu \u00fczerine okurlar ile [&hellip;]","og_url":"https:\/\/akunq.net\/tr\/?p=65153","og_site_name":"Bati Ermenistan Ve Bati Ermenileri Sorunlari Ara\u015ftirmalar Merkezi","article_published_time":"2021-10-13T08:20:56+00:00","og_image":[{"width":670,"height":450,"url":"https:\/\/akunq.net\/tr\/wp-content\/uploads\/sites\/6\/2021\/10\/K\u00fcrt\u00e7e-s\u00f6yle\u015fiye-\u2018pandemi\u2019-yasa\u011f\u0131.jpg","type":"image\/jpeg"}],"author":"admin","twitter_card":"summary_large_image","twitter_misc":{"Written by":"admin","Est. reading time":"1 minute"},"schema":{"@context":"https:\/\/schema.org","@graph":[{"@type":"Article","@id":"https:\/\/akunq.net\/tr\/?p=65153#article","isPartOf":{"@id":"https:\/\/akunq.net\/tr\/?p=65153"},"author":{"name":"admin","@id":"https:\/\/akunq.net\/tr\/#\/schema\/person\/096f1d38a12cce57fb855b485ed24c9e"},"headline":"Mardin&#8217;de K\u00fcrt\u00e7e s\u00f6yle\u015fiye \u2018pandemi\u2019 yasa\u011f\u0131","datePublished":"2021-10-13T08:20:56+00:00","mainEntityOfPage":{"@id":"https:\/\/akunq.net\/tr\/?p=65153"},"wordCount":252,"commentCount":0,"image":{"@id":"https:\/\/akunq.net\/tr\/?p=65153#primaryimage"},"thumbnailUrl":"https:\/\/akunq.net\/tr\/wp-content\/uploads\/sites\/6\/2021\/10\/K\u00fcrt\u00e7e-s\u00f6yle\u015fiye-\u2018pandemi\u2019-yasa\u011f\u0131.jpg","articleSection":["Haberler","T\u00fcrkiye\u2019de Az\u0131nl\u0131klar"],"inLanguage":"en-US","potentialAction":[{"@type":"CommentAction","name":"Comment","target":["https:\/\/akunq.net\/tr\/?p=65153#respond"]}]},{"@type":"WebPage","@id":"https:\/\/akunq.net\/tr\/?p=65153","url":"https:\/\/akunq.net\/tr\/?p=65153","name":"Mardin'de K\u00fcrt\u00e7e s\u00f6yle\u015fiye \u2018pandemi\u2019 yasa\u011f\u0131 - Bati Ermenistan Ve Bati Ermenileri Sorunlari Ara\u015ftirmalar Merkezi","isPartOf":{"@id":"https:\/\/akunq.net\/tr\/#website"},"primaryImageOfPage":{"@id":"https:\/\/akunq.net\/tr\/?p=65153#primaryimage"},"image":{"@id":"https:\/\/akunq.net\/tr\/?p=65153#primaryimage"},"thumbnailUrl":"https:\/\/akunq.net\/tr\/wp-content\/uploads\/sites\/6\/2021\/10\/K\u00fcrt\u00e7e-s\u00f6yle\u015fiye-\u2018pandemi\u2019-yasa\u011f\u0131.jpg","datePublished":"2021-10-13T08:20:56+00:00","author":{"@id":"https:\/\/akunq.net\/tr\/#\/schema\/person\/096f1d38a12cce57fb855b485ed24c9e"},"breadcrumb":{"@id":"https:\/\/akunq.net\/tr\/?p=65153#breadcrumb"},"inLanguage":"en-US","potentialAction":[{"@type":"ReadAction","target":["https:\/\/akunq.net\/tr\/?p=65153"]}]},{"@type":"ImageObject","inLanguage":"en-US","@id":"https:\/\/akunq.net\/tr\/?p=65153#primaryimage","url":"https:\/\/akunq.net\/tr\/wp-content\/uploads\/sites\/6\/2021\/10\/K\u00fcrt\u00e7e-s\u00f6yle\u015fiye-\u2018pandemi\u2019-yasa\u011f\u0131.jpg","contentUrl":"https:\/\/akunq.net\/tr\/wp-content\/uploads\/sites\/6\/2021\/10\/K\u00fcrt\u00e7e-s\u00f6yle\u015fiye-\u2018pandemi\u2019-yasa\u011f\u0131.jpg","width":670,"height":450},{"@type":"BreadcrumbList","@id":"https:\/\/akunq.net\/tr\/?p=65153#breadcrumb","itemListElement":[{"@type":"ListItem","position":1,"name":"Home","item":"https:\/\/akunq.net\/tr"},{"@type":"ListItem","position":2,"name":"Mardin&#8217;de K\u00fcrt\u00e7e s\u00f6yle\u015fiye \u2018pandemi\u2019 yasa\u011f\u0131"}]},{"@type":"WebSite","@id":"https:\/\/akunq.net\/tr\/#website","url":"https:\/\/akunq.net\/tr\/","name":"Bati Ermenistan Ve Bati Ermenileri Sorunlari Ara\u015ftirmalar Merkezi","description":"","potentialAction":[{"@type":"SearchAction","target":{"@type":"EntryPoint","urlTemplate":"https:\/\/akunq.net\/tr\/?s={search_term_string}"},"query-input":{"@type":"PropertyValueSpecification","valueRequired":true,"valueName":"search_term_string"}}],"inLanguage":"en-US"},{"@type":"Person","@id":"https:\/\/akunq.net\/tr\/#\/schema\/person\/096f1d38a12cce57fb855b485ed24c9e","name":"admin","url":"https:\/\/akunq.net\/tr\/?author=7"}]}},"_links":{"self":[{"href":"https:\/\/akunq.net\/tr\/index.php?rest_route=\/wp\/v2\/posts\/65153","targetHints":{"allow":["GET"]}}],"collection":[{"href":"https:\/\/akunq.net\/tr\/index.php?rest_route=\/wp\/v2\/posts"}],"about":[{"href":"https:\/\/akunq.net\/tr\/index.php?rest_route=\/wp\/v2\/types\/post"}],"author":[{"embeddable":true,"href":"https:\/\/akunq.net\/tr\/index.php?rest_route=\/wp\/v2\/users\/7"}],"replies":[{"embeddable":true,"href":"https:\/\/akunq.net\/tr\/index.php?rest_route=%2Fwp%2Fv2%2Fcomments&post=65153"}],"version-history":[{"count":1,"href":"https:\/\/akunq.net\/tr\/index.php?rest_route=\/wp\/v2\/posts\/65153\/revisions"}],"predecessor-version":[{"id":65155,"href":"https:\/\/akunq.net\/tr\/index.php?rest_route=\/wp\/v2\/posts\/65153\/revisions\/65155"}],"wp:featuredmedia":[{"embeddable":true,"href":"https:\/\/akunq.net\/tr\/index.php?rest_route=\/wp\/v2\/media\/65154"}],"wp:attachment":[{"href":"https:\/\/akunq.net\/tr\/index.php?rest_route=%2Fwp%2Fv2%2Fmedia&parent=65153"}],"wp:term":[{"taxonomy":"category","embeddable":true,"href":"https:\/\/akunq.net\/tr\/index.php?rest_route=%2Fwp%2Fv2%2Fcategories&post=65153"},{"taxonomy":"post_tag","embeddable":true,"href":"https:\/\/akunq.net\/tr\/index.php?rest_route=%2Fwp%2Fv2%2Ftags&post=65153"}],"curies":[{"name":"wp","href":"https:\/\/api.w.org\/{rel}","templated":true}]}}