{"id":65102,"date":"2021-10-11T03:25:39","date_gmt":"2021-10-11T08:25:39","guid":{"rendered":"https:\/\/akunq.net\/tr\/?p=65102"},"modified":"2021-10-11T03:25:39","modified_gmt":"2021-10-11T08:25:39","slug":"10-ekim-katliami-adalet-talebi-suruyor","status":"publish","type":"post","link":"https:\/\/akunq.net\/tr\/?p=65102","title":{"rendered":"10 Ekim Katliam\u0131: Adalet talebi s\u00fcr\u00fcyor"},"content":{"rendered":"<div><img loading=\"lazy\" decoding=\"async\" class=\"aligncenter size-medium wp-image-65103\" src=\"https:\/\/akunq.net\/tr\/wp-content\/uploads\/2021\/10\/10-ekim-360x240.jpg\" alt=\"\" width=\"360\" height=\"240\" srcset=\"https:\/\/akunq.net\/tr\/wp-content\/uploads\/sites\/6\/2021\/10\/10-ekim-360x240.jpg 360w, https:\/\/akunq.net\/tr\/wp-content\/uploads\/sites\/6\/2021\/10\/10-ekim-560x373.jpg 560w, https:\/\/akunq.net\/tr\/wp-content\/uploads\/sites\/6\/2021\/10\/10-ekim-260x173.jpg 260w, https:\/\/akunq.net\/tr\/wp-content\/uploads\/sites\/6\/2021\/10\/10-ekim-160x107.jpg 160w, https:\/\/akunq.net\/tr\/wp-content\/uploads\/sites\/6\/2021\/10\/10-ekim.jpg 705w\" sizes=\"auto, (max-width: 360px) 100vw, 360px\" \/><\/div>\n<div class=\"post-meta\"><strong><span class=\"posted-by\"><span class=\"reviewer\"><a title=\"\u0130\u015fhan Erdin\u00e7\" href=\"http:\/\/www.agos.com.tr\/tr\/yazar\/264\/ishan-erdinc\" rel=\"author\">\u0130\u015fhan Erdin\u00e7<\/a><\/span> \u00a0<\/span><\/strong><\/div>\n<div class=\"post-meta\"><em><strong><span style=\"color: #333333; font-family: 'Cantata One', serif; letter-spacing: 0.05em;\">10 Ekim 2015\u2019te I\u015e\u0130D\u2019in Ankara Tren Gar\u0131 \u00f6n\u00fcnde d\u00fczenledi\u011fi canl\u0131 bomba sald\u0131r\u0131s\u0131 sonucunda ya\u015fam\u0131n\u0131 yitiren 104 ki\u015fi, sald\u0131r\u0131n\u0131n alt\u0131nc\u0131 y\u0131ld\u00f6n\u00fcm\u00fcnde etkinliklerle an\u0131l\u0131yor. 10 Ekim Ankara Bar\u0131\u015f Derne\u011fi y\u00f6neticisi Mehtap Sakinci yarg\u0131 s\u00fcrecinde ya\u015fanan sorunlar\u0131 anlatt\u0131.<\/span><\/strong><\/em><\/div>\n<div class=\"post-container cf\">\n<div class=\"post-content-right\">\n<div class=\"post-content description \">\n<p>500\u2019e yak\u0131n ki\u015finin yaraland\u0131\u011f\u0131 Ankara Katliam\u0131\u2019n\u0131 I\u015e\u0130D \u00fcstlenmi\u015fti. Katliamla ilgili hukuki s\u00fcre\u00e7 devam ederken, ge\u00e7ti\u011fimiz Eyl\u00fcl ay\u0131nda \u00f6rg\u00fct\u00fcn \u2018medya bakanl\u0131\u011f\u0131\u2019 \u00e7al\u0131\u015fan\u0131 \u00d6mer Yetek\u2019in ifadesi, Ankara\u2019daki 10 Ekim davas\u0131 dosyas\u0131na girdi. Yetek, ifadesinde, I\u015e\u0130D\u2019in T\u00fcrkiye\u2019de ger\u00e7ekle\u015ftirdi\u011fi sald\u0131r\u0131lara ili\u015fkin bilgiler verdi. Yetek\u2019in ifadesiyle ortaya \u00e7\u0131kan bilgiler \u015f\u00f6yle: \u201cSald\u0131r\u0131lar\u0131 yapanlar Antepli Cengiz\u2019in ketibesindendi (b\u00f6l\u00fck). 10 Ekim sald\u0131r\u0131s\u0131n\u0131 Ebu Zeynep yapt\u0131rd\u0131, I\u015e\u0130D \u00fcstlenmedi. 10 Ekim sald\u0131r\u0131s\u0131ndaki ikinci bombac\u0131 M\u0131s\u0131rl\u0131yd\u0131.\u201d<\/p>\n<p>Katliam sonras\u0131 kurulan 10 Ekim Bar\u0131\u015f Derne\u011fi\u2019nin Ba\u015fkan\u0131 Mehtap Sakinci, patlamada hayat\u0131n\u0131 kaybeden Avukat Uygar Co\u015fgun\u2019un e\u015fi. Agos\u2019a, dava s\u00fcreci hakk\u0131nda bilgi veren Sakinci, yarg\u0131lamalar\u0131n devam etti\u011fini, ceza davas\u0131 kapsam\u0131nda ilk etapta 19 tutuklu san\u0131\u011f\u0131n oldu\u011fu esas yarg\u0131laman\u0131n yap\u0131ld\u0131\u011f\u0131n\u0131 ve o su\u00e7lulara \u00e7e\u015fitli cezalar\u0131n verildi\u011fini s\u00f6yledi.<\/p>\n<p><strong>\u2018Dosya a\u011f\u0131r ilerliyor\u2019<\/strong><br \/>\nY\u0131llard\u0131r ceza dosyas\u0131 ile u\u011fra\u015ft\u0131klar\u0131n\u0131 s\u00f6yleyen Mehtap Sakinci, Ankara 4. A\u011f\u0131r Ceza Mahkemesi\u2019nde davan\u0131n devam etti\u011fini hat\u0131rlatt\u0131. Bir firari san\u0131\u011f\u0131n bulunup getirilmedi\u011fini s\u00f6yleyen Sakinci, \u015funlar\u0131 s\u00f6yledi:<\/p>\n<p>\u201cCeza dosyas\u0131 b\u00fcy\u00fck bir a\u00e7maza girmek \u00fczere \u00e7\u00fcnk\u00fc b\u00fct\u00fcn taleplerimiz reddeden bir mahkeme heyeti ile kar\u015f\u0131 kar\u015f\u0131ya b\u0131rak\u0131ld\u0131k. Tutuklu yarg\u0131lamay\u0131 yapan heyet Yarg\u0131tay\u2019a gitti. Mahkeme ba\u015fkan\u0131 FET\u00d6 \u00e7at\u0131 yap\u0131lanmas\u0131 dosyas\u0131na da bak\u0131yordu. Yeniden mahkeme konseptine ge\u00e7ildi, yeni bir bak\u0131\u015f a\u00e7\u0131s\u0131yla y\u0131llard\u0131r s\u00fcrd\u00fcrd\u00fc\u011f\u00fcm\u00fcz b\u00fct\u00fcn kazan\u0131mlar yeni heyetle birlikte tersy\u00fcz oldu. Yeni heyet b\u00fct\u00fcn taleplerimizi reddediyor. Ba\u015fka taleplerimiz vard\u0131, I\u015e\u0130D dosyalar\u0131ndaki kad\u0131nlar ile ailecek \u00f6rg\u00fct diye bir kavram var. Bu haliyle I\u015e\u0130D ba\u015fka bir \u00f6rg\u00fct olarak kar\u015f\u0131m\u0131za \u00e7\u0131k\u0131yor. O y\u00fczden kad\u0131nlar\u0131n tan\u0131kl\u0131klar\u0131na ba\u015fvurulmas\u0131 talebimiz vard\u0131. Biz bunu y\u0131llard\u0131r dile getirmi\u015ftik. Dosya \u00e7ok a\u011f\u0131r aksak ilerliyor. Katliam\u0131n alt\u0131nc\u0131 y\u0131l\u0131nday\u0131z, be\u015f bu\u00e7uk y\u0131lda kad\u0131nlar\u0131n tan\u0131k olarak dinletilmesi i\u00e7in u\u011fra\u015ft\u0131k. Bu kad\u0131nlar\u0131n zaten tutuklular varken dinlenilmesi gerekiyordu. Hukuk garabeti ile kar\u015f\u0131la\u015faca\u011f\u0131m\u0131z i\u00e7in \u00e7ok endi\u015feliyiz. Aileler, davan\u0131n teminat\u0131 olarak duru\u015fma salonlar\u0131n\u0131 dolduruyor. Kat\u0131l\u0131m\u0131 \u00e7ok y\u00fcksek bir dava. Fakat \u00e7ok fazla ses getirememenin \u00fcz\u00fcnt\u00fcs\u00fcn\u00fc ya\u015f\u0131yoruz. Herhangi bir Avrupa \u00fclkesinde olsa yer yerinden oynar ama bizim \u00fclkemizde ses getirilemiyor.\u201d<\/p>\n<p><strong>\u0130dari davalar<\/strong><br \/>\nDava s\u00fcrecinin ortak ak\u0131lla ilerledi\u011fini belirten Mehtap Sakinci, idari davalar da a\u00e7t\u0131klar\u0131n\u0131 s\u00f6yledi. Sakinci \u015f\u00f6yle konu\u015ftu:<\/p>\n<p>\u201cBiz devletin katliamdaki sorumlulu\u011fundan \u00f6t\u00fcr\u00fc bu davalar\u0131 a\u00e7m\u0131\u015ft\u0131k. Hi\u00e7bir aile tazminat talebiyle bakmad\u0131. Hatta baz\u0131 aileler \u2018Tazminat i\u00e7in mi dava s\u00fcrecine giriyoruz? Biz \u00e7ocuklar\u0131m\u0131z\u0131 kaybettik. Tazminat bunun kar\u015f\u0131l\u0131\u011f\u0131 olamaz\u2019 demi\u015flerdi. Dernek \u00fczerinden y\u00fcr\u00fcyen bir s\u00fcre\u00e7 var. Bizim derdimiz para olmamakla birlikte devletin sorumlu oldu\u011fu, kamusal sorumlulu\u011fu, hizmet kusuru sonucunda ortaya \u00e7\u0131kt\u0131\u011f\u0131n\u0131, katliam \u00f6nlenebilecekken \u00f6nlenemeyece\u011fi ger\u00e7e\u011fiyle idari davalar a\u00e7t\u0131k. Bunlar\u0131n baz\u0131lar\u0131nda devletin ilk derece mahkemesi devletin kusurlu oldu\u011funa ger\u00e7ekten h\u00fckmetti. Ben \u0130brahim-Veysel At\u0131lgan dosyalar\u0131na bakm\u0131\u015ft\u0131m. Veysel, katliamda kaybetti\u011fimiz en k\u00fc\u00e7\u00fck can\u0131m\u0131z. Devletin, ailelere hayat\u0131n\u0131 kaybedenler i\u00e7in 150\u2019\u015fer bin TL tazminat \u00f6denmesi karar\u0131 verildi. Ama istinaf mahkemesi bunu bozdu, \u2018devletin olsa olsa sosyal risk ilkesi vard\u0131r, kusursuz sorumlulu\u011fu vard\u0131r\u2019 dendi ve 30\u2019ar bin TL tazminat \u00f6denmesi karar\u0131 verildi. Manevi tazminat 150 bin TL\u2019den 30 bin TL\u2019ye d\u00fc\u015ft\u00fc. Yak\u0131n zamanda Dan\u0131\u015ftay\u2019\u0131n, bu karar\u0131 \u015fu gerek\u00e7eyle bozdu\u011funu biliyoruz; \u2018Devlet kusursuzdur. Devletin kusuru yokken bir de size tazminat m\u0131 \u00f6deyecek?\u2019 d\u00fc\u015f\u00fcncesiyle manevi tazminatlar\u0131 reddetti. Anneye evlad\u0131 i\u00e7in 30 bin TL veriliyor, e\u015fi i\u00e7in de\u011fil. S\u00fcre\u00e7 Anayasa Mahkemesi\u2019ne g\u00f6t\u00fcr\u00fclm\u00fc\u015f durumda. Bununla ilgili itirazlar\u0131 yapt\u0131m. Ama geldi\u011fimiz noktada devlete bor\u00e7lu \u00e7\u0131kart\u0131l\u0131yoruz. Devlet kusur ara\u015ft\u0131rmas\u0131na da gitmedi. O g\u00fcn yaral\u0131lara gaz s\u0131kan polis memurlar\u0131ndan bahsetti\u011fimizde dosya hemen kapat\u0131l\u0131yor. Biz sadece \u00f6fke de\u011filiz, farkl\u0131 duygular da bar\u0131nd\u0131r\u0131yoruz.\u201d<\/p>\n<p><strong>&#8220;CD&#8217;ler bo\u015f \u00e7\u0131k\u0131yor&#8221;<\/strong><\/p>\n<p>I\u015e\u0130D\u2019in \u2018medya bakanl\u0131\u011f\u0131\u2019 \u00e7al\u0131\u015fan\u0131 \u00d6mer Yetek\u2019in ifadesi, Ankara\u2019daki 10 Ekim davas\u0131 dosyas\u0131na girmi\u015fti. Yetek, ifadesinde, I\u015e\u0130D\u2019in T\u00fcrkiye\u2019de ger\u00e7ekle\u015ftirdi\u011fi sald\u0131r\u0131lara ili\u015fkin sald\u0131r\u0131y\u0131 Ebu Zeyneb\u2019in yapt\u0131rd\u0131\u011f\u0131n\u0131, ikinci bombac\u0131n\u0131n M\u0131s\u0131rl\u0131 oldu\u011funu bilgisini vermi\u015fti. Mehtap Sakinci, soru\u015fturma dosyas\u0131nda \u0130lhami Bal\u0131\u2019n\u0131n katliam programc\u0131s\u0131 oldu\u011fu, Gaziantep h\u00fccresindeki ekibi taraf\u0131ndan ger\u00e7ekle\u015ftirildi\u011fine dair kendilerini ikna edecek bir iddianamenin haz\u0131rland\u0131\u011f\u0131n\u0131 hat\u0131rlatt\u0131 ve itiraz ettiklerini s\u00f6yledi. Sakinci \u015f\u00f6yle konu\u015ftu:<\/p>\n<p>\u201c10 Ekim Katliam\u0131\u2019yla ilgili \u00e7ok \u00f6nemli klas\u00f6rler a\u00e7\u0131lmad\u0131 ve okunmad\u0131. D\u00f6nemin ba\u015fsavc\u0131 vekillerinden Ramazan Din\u00e7 hakk\u0131nda su\u00e7 duyurusunda bulunduk. A\u00e7\u0131lmam\u0131\u015f ve okunmam\u0131\u015f dosyalar vard\u0131 ve \u00f6n\u00fcm\u00fczde \u0130lhami Bal\u0131 adl\u0131 ki\u015fiyi \u00f6n\u00fcm\u00fcze b\u0131rak\u0131p \u2018budur\u2019 dediler. Ama bildi\u011fimiz bir \u015fey var; \u0130lhami Bal\u0131\u2019n\u0131n s\u0131n\u0131rdaki jandarma g\u00f6revlileriyle yapt\u0131\u011f\u0131 pazarl\u0131\u011f\u0131n tapeleri ortaya \u00e7\u0131kt\u0131. S\u00fcreci ilerleten herhangi bir I\u015e\u0130D \u00fcyesi oldu\u011fu ortaya \u00e7\u0131kt\u0131. Daha sonra dosyaya kazand\u0131r\u0131lan delillerle o ki\u015finin olmad\u0131\u011f\u0131n\u0131 g\u00f6rd\u00fck. Biz h\u00e2l\u00e2 Antep\u2019ten kay\u0131t getirtemiyoruz. Ankara 4. A\u011f\u0131r Ceza Mahkemesi \u00fczerinden defalarca yazd\u0131rmaya \u00e7al\u0131\u015ft\u0131k. Avukat komisyonundan arkada\u015flar\u0131m\u0131z da oraya gidip delilleri getirmeye \u00e7al\u0131\u015ft\u0131lar. Ama ne yaz\u0131k ki Gaziantep Emniyeti, hi\u00e7bir kamu kurumu Ankara 4. A\u011f\u0131r Ceza Mahkemesi\u2019nin talebine cevap vermedi. Mesela \u2018CD g\u00f6nderiyoruz\u2019 diyorlar, CD bo\u015f \u00e7\u0131k\u0131yor; kay\u0131t g\u00f6nderiyoruz diyorlar halbuki o kayd\u0131 daha \u00f6nce de g\u00f6ndermi\u015flerdi. Ceza dosyas\u0131 bizi \u00e7ok yordu.\u201d<\/p>\n<p><strong>An\u0131tta belirsizlik<\/strong><\/p>\n<p>Ankara B\u00fcy\u00fck\u015fehir Belediye Ba\u015fkan\u0131 Mansur Yava\u015f, katliamda hayat\u0131n\u0131 kaybeden 104 ki\u015finin an\u0131s\u0131na an\u0131t dikilmesi s\u00f6z\u00fcn\u00fc vermi\u015fti. TTB, KESK, TMMOB, D\u0130SK ve 10 Ekim Bar\u0131\u015f ve Dayan\u0131\u015fma Derne\u011fi taraf\u0131ndan d\u00fczenlenen Emek, Bar\u0131\u015f ve Demokrasi An\u0131t Meydan\u0131 ve Anma Yeri Uluslararas\u0131 Fikir ve Tasar\u0131m Projesi Yar\u0131\u015fmas\u0131\u2019nda derece alan projeler, Ankara B\u00fcy\u00fck\u015fehir Belediye Ba\u015fkan\u0131 Mansur Yava\u015f\u2019a iletildi. 10 Ekim Bar\u0131\u015f Derne\u011fi Ba\u015fkan\u0131 Mehtap Sakinci, konuyla ilgili ise \u015funlar\u0131 s\u00f6yledi.<\/p>\n<p>\u201cKatliamdan be\u015f g\u00fcn sonra d\u00f6nemin ba\u015fkan\u0131 Melih G\u00f6k\u00e7ek\u2019e ra\u011fmen belediye meclisinde oran\u0131n anma alan\u0131 olarak yeniden d\u00fczenlenmesine y\u00f6nelik karar \u00e7\u0131k\u0131yor. Biz dernekle\u015fme s\u00fcrecine girmemi\u015f olsayd\u0131k, biz bu karar\u0131 \u00f6\u011frenemeyecektik. Biz \u00f6\u011frendi\u011fimizde iki y\u0131l ge\u00e7mi\u015fti. At\u0131l\u0131mlarda bulunduk, K\u0131l\u0131\u00e7daro\u011flu\u2019na gittik, HDP e\u015f ba\u015fkanlar\u0131 ile g\u00f6r\u00fc\u015ft\u00fck. Mevcut belediye ba\u015fkan\u0131 bize randevu vermiyordu ve bizi zorluyordu. Yerel se\u00e7imlerden sonra Ankara\u2019da iklim de\u011fi\u015fti. Mansur beyle de bir t\u00fcrl\u00fc g\u00f6r\u00fc\u015femedik. K\u0131l\u0131\u00e7daro\u011flu bize \u015fahsen s\u00f6z verdi. Ankara\u2019da iki tane daha katliam oldu. G\u00fcvenpark ve Merasim Sokak\u2019ta da bombalar patlad\u0131. Dernek olarak biz \u015funun alt\u0131n\u0131 \u00e7iziyoruz; ya\u015fam\u0131n\u0131 bu \u015fekilde yitiren herkesin hat\u0131ras\u0131 ya\u015fat\u0131lmal\u0131. Bu Ankara\u2019n\u0131n borcu. Bir yar\u0131\u015fma d\u00fczenlendi. Bu \u015fekilde de Mansur Yava\u015f ile g\u00f6r\u00fc\u015ft\u00fck. Eyl\u00fcl 2020\u2019ye kadar Mansur Bey ile g\u00f6r\u00fc\u015femedik. ABB taraf\u0131ndan kabul g\u00f6rd\u00fc fakat bir y\u0131ld\u0131r bir \u015fey yap\u0131lmad\u0131. B\u00fcrokratik s\u0131k\u0131nt\u0131lar\u0131n oldu\u011funu dair bilgiler edindik.\u201d<\/p>\n<p><em><strong>http:\/\/www.agos.com.tr\/tr\/yazi\/26267\/10-ekim-katliami-adalet-talebi-suruyor\u00a0<\/strong><\/em><\/p>\n<\/div>\n<\/div>\n<\/div>\n","protected":false},"excerpt":{"rendered":"<p>\u0130\u015fhan Erdin\u00e7 \u00a0 10 Ekim 2015\u2019te I\u015e\u0130D\u2019in Ankara Tren Gar\u0131 \u00f6n\u00fcnde d\u00fczenledi\u011fi canl\u0131 bomba sald\u0131r\u0131s\u0131 sonucunda ya\u015fam\u0131n\u0131 yitiren 104 ki\u015fi, sald\u0131r\u0131n\u0131n alt\u0131nc\u0131 y\u0131ld\u00f6n\u00fcm\u00fcnde etkinliklerle an\u0131l\u0131yor. 10 Ekim Ankara Bar\u0131\u015f Derne\u011fi y\u00f6neticisi Mehtap Sakinci yarg\u0131 s\u00fcrecinde ya\u015fanan sorunlar\u0131 anlatt\u0131. 500\u2019e yak\u0131n ki\u015finin yaraland\u0131\u011f\u0131 Ankara Katliam\u0131\u2019n\u0131 I\u015e\u0130D \u00fcstlenmi\u015fti. Katliamla ilgili hukuki s\u00fcre\u00e7 devam ederken, ge\u00e7ti\u011fimiz Eyl\u00fcl ay\u0131nda [&hellip;]<\/p>\n","protected":false},"author":7,"featured_media":65103,"comment_status":"open","ping_status":"open","sticky":false,"template":"","format":"standard","meta":{"footnotes":""},"categories":[1],"tags":[],"class_list":["post-65102","post","type-post","status-publish","format-standard","has-post-thumbnail","hentry","category-haberler"],"yoast_head":"<!-- This site is optimized with the Yoast SEO plugin v27.4 - https:\/\/yoast.com\/product\/yoast-seo-wordpress\/ -->\n<title>10 Ekim Katliam\u0131: Adalet talebi s\u00fcr\u00fcyor - Bati Ermenistan Ve Bati Ermenileri Sorunlari Ara\u015ftirmalar Merkezi<\/title>\n<meta name=\"robots\" content=\"index, follow, max-snippet:-1, max-image-preview:large, max-video-preview:-1\" \/>\n<link rel=\"canonical\" href=\"https:\/\/akunq.net\/tr\/?p=65102\" \/>\n<meta property=\"og:locale\" content=\"en_US\" \/>\n<meta property=\"og:type\" content=\"article\" \/>\n<meta property=\"og:title\" content=\"10 Ekim Katliam\u0131: Adalet talebi s\u00fcr\u00fcyor - Bati Ermenistan Ve Bati Ermenileri Sorunlari Ara\u015ftirmalar Merkezi\" \/>\n<meta property=\"og:description\" content=\"\u0130\u015fhan Erdin\u00e7 \u00a0 10 Ekim 2015\u2019te I\u015e\u0130D\u2019in Ankara Tren Gar\u0131 \u00f6n\u00fcnde d\u00fczenledi\u011fi canl\u0131 bomba sald\u0131r\u0131s\u0131 sonucunda ya\u015fam\u0131n\u0131 yitiren 104 ki\u015fi, sald\u0131r\u0131n\u0131n alt\u0131nc\u0131 y\u0131ld\u00f6n\u00fcm\u00fcnde etkinliklerle an\u0131l\u0131yor. 10 Ekim Ankara Bar\u0131\u015f Derne\u011fi y\u00f6neticisi Mehtap Sakinci yarg\u0131 s\u00fcrecinde ya\u015fanan sorunlar\u0131 anlatt\u0131. 500\u2019e yak\u0131n ki\u015finin yaraland\u0131\u011f\u0131 Ankara Katliam\u0131\u2019n\u0131 I\u015e\u0130D \u00fcstlenmi\u015fti. Katliamla ilgili hukuki s\u00fcre\u00e7 devam ederken, ge\u00e7ti\u011fimiz Eyl\u00fcl ay\u0131nda [&hellip;]\" \/>\n<meta property=\"og:url\" content=\"https:\/\/akunq.net\/tr\/?p=65102\" \/>\n<meta property=\"og:site_name\" content=\"Bati Ermenistan Ve Bati Ermenileri Sorunlari Ara\u015ftirmalar Merkezi\" \/>\n<meta property=\"article:published_time\" content=\"2021-10-11T08:25:39+00:00\" \/>\n<meta property=\"og:image\" content=\"https:\/\/akunq.net\/tr\/wp-content\/uploads\/sites\/6\/2021\/10\/10-ekim.jpg\" \/>\n\t<meta property=\"og:image:width\" content=\"705\" \/>\n\t<meta property=\"og:image:height\" content=\"470\" \/>\n\t<meta property=\"og:image:type\" content=\"image\/jpeg\" \/>\n<meta name=\"author\" content=\"admin\" \/>\n<meta name=\"twitter:card\" content=\"summary_large_image\" \/>\n<meta name=\"twitter:label1\" content=\"Written by\" \/>\n\t<meta name=\"twitter:data1\" content=\"admin\" \/>\n\t<meta name=\"twitter:label2\" content=\"Est. reading time\" \/>\n\t<meta name=\"twitter:data2\" content=\"7 minutes\" \/>\n<script type=\"application\/ld+json\" class=\"yoast-schema-graph\">{\"@context\":\"https:\\\/\\\/schema.org\",\"@graph\":[{\"@type\":\"Article\",\"@id\":\"https:\\\/\\\/akunq.net\\\/tr\\\/?p=65102#article\",\"isPartOf\":{\"@id\":\"https:\\\/\\\/akunq.net\\\/tr\\\/?p=65102\"},\"author\":{\"name\":\"admin\",\"@id\":\"https:\\\/\\\/akunq.net\\\/tr\\\/#\\\/schema\\\/person\\\/096f1d38a12cce57fb855b485ed24c9e\"},\"headline\":\"10 Ekim Katliam\u0131: Adalet talebi s\u00fcr\u00fcyor\",\"datePublished\":\"2021-10-11T08:25:39+00:00\",\"mainEntityOfPage\":{\"@id\":\"https:\\\/\\\/akunq.net\\\/tr\\\/?p=65102\"},\"wordCount\":1408,\"commentCount\":0,\"image\":{\"@id\":\"https:\\\/\\\/akunq.net\\\/tr\\\/?p=65102#primaryimage\"},\"thumbnailUrl\":\"https:\\\/\\\/akunq.net\\\/tr\\\/wp-content\\\/uploads\\\/sites\\\/6\\\/2021\\\/10\\\/10-ekim.jpg\",\"articleSection\":[\"Haberler\"],\"inLanguage\":\"en-US\",\"potentialAction\":[{\"@type\":\"CommentAction\",\"name\":\"Comment\",\"target\":[\"https:\\\/\\\/akunq.net\\\/tr\\\/?p=65102#respond\"]}]},{\"@type\":\"WebPage\",\"@id\":\"https:\\\/\\\/akunq.net\\\/tr\\\/?p=65102\",\"url\":\"https:\\\/\\\/akunq.net\\\/tr\\\/?p=65102\",\"name\":\"10 Ekim Katliam\u0131: Adalet talebi s\u00fcr\u00fcyor - Bati Ermenistan Ve Bati Ermenileri Sorunlari Ara\u015ftirmalar Merkezi\",\"isPartOf\":{\"@id\":\"https:\\\/\\\/akunq.net\\\/tr\\\/#website\"},\"primaryImageOfPage\":{\"@id\":\"https:\\\/\\\/akunq.net\\\/tr\\\/?p=65102#primaryimage\"},\"image\":{\"@id\":\"https:\\\/\\\/akunq.net\\\/tr\\\/?p=65102#primaryimage\"},\"thumbnailUrl\":\"https:\\\/\\\/akunq.net\\\/tr\\\/wp-content\\\/uploads\\\/sites\\\/6\\\/2021\\\/10\\\/10-ekim.jpg\",\"datePublished\":\"2021-10-11T08:25:39+00:00\",\"author\":{\"@id\":\"https:\\\/\\\/akunq.net\\\/tr\\\/#\\\/schema\\\/person\\\/096f1d38a12cce57fb855b485ed24c9e\"},\"breadcrumb\":{\"@id\":\"https:\\\/\\\/akunq.net\\\/tr\\\/?p=65102#breadcrumb\"},\"inLanguage\":\"en-US\",\"potentialAction\":[{\"@type\":\"ReadAction\",\"target\":[\"https:\\\/\\\/akunq.net\\\/tr\\\/?p=65102\"]}]},{\"@type\":\"ImageObject\",\"inLanguage\":\"en-US\",\"@id\":\"https:\\\/\\\/akunq.net\\\/tr\\\/?p=65102#primaryimage\",\"url\":\"https:\\\/\\\/akunq.net\\\/tr\\\/wp-content\\\/uploads\\\/sites\\\/6\\\/2021\\\/10\\\/10-ekim.jpg\",\"contentUrl\":\"https:\\\/\\\/akunq.net\\\/tr\\\/wp-content\\\/uploads\\\/sites\\\/6\\\/2021\\\/10\\\/10-ekim.jpg\",\"width\":705,\"height\":470},{\"@type\":\"BreadcrumbList\",\"@id\":\"https:\\\/\\\/akunq.net\\\/tr\\\/?p=65102#breadcrumb\",\"itemListElement\":[{\"@type\":\"ListItem\",\"position\":1,\"name\":\"Home\",\"item\":\"https:\\\/\\\/akunq.net\\\/tr\"},{\"@type\":\"ListItem\",\"position\":2,\"name\":\"10 Ekim Katliam\u0131: Adalet talebi s\u00fcr\u00fcyor\"}]},{\"@type\":\"WebSite\",\"@id\":\"https:\\\/\\\/akunq.net\\\/tr\\\/#website\",\"url\":\"https:\\\/\\\/akunq.net\\\/tr\\\/\",\"name\":\"Bati Ermenistan Ve Bati Ermenileri Sorunlari Ara\u015ftirmalar Merkezi\",\"description\":\"\",\"potentialAction\":[{\"@type\":\"SearchAction\",\"target\":{\"@type\":\"EntryPoint\",\"urlTemplate\":\"https:\\\/\\\/akunq.net\\\/tr\\\/?s={search_term_string}\"},\"query-input\":{\"@type\":\"PropertyValueSpecification\",\"valueRequired\":true,\"valueName\":\"search_term_string\"}}],\"inLanguage\":\"en-US\"},{\"@type\":\"Person\",\"@id\":\"https:\\\/\\\/akunq.net\\\/tr\\\/#\\\/schema\\\/person\\\/096f1d38a12cce57fb855b485ed24c9e\",\"name\":\"admin\",\"url\":\"https:\\\/\\\/akunq.net\\\/tr\\\/?author=7\"}]}<\/script>\n<!-- \/ Yoast SEO plugin. -->","yoast_head_json":{"title":"10 Ekim Katliam\u0131: Adalet talebi s\u00fcr\u00fcyor - Bati Ermenistan Ve Bati Ermenileri Sorunlari Ara\u015ftirmalar Merkezi","robots":{"index":"index","follow":"follow","max-snippet":"max-snippet:-1","max-image-preview":"max-image-preview:large","max-video-preview":"max-video-preview:-1"},"canonical":"https:\/\/akunq.net\/tr\/?p=65102","og_locale":"en_US","og_type":"article","og_title":"10 Ekim Katliam\u0131: Adalet talebi s\u00fcr\u00fcyor - Bati Ermenistan Ve Bati Ermenileri Sorunlari Ara\u015ftirmalar Merkezi","og_description":"\u0130\u015fhan Erdin\u00e7 \u00a0 10 Ekim 2015\u2019te I\u015e\u0130D\u2019in Ankara Tren Gar\u0131 \u00f6n\u00fcnde d\u00fczenledi\u011fi canl\u0131 bomba sald\u0131r\u0131s\u0131 sonucunda ya\u015fam\u0131n\u0131 yitiren 104 ki\u015fi, sald\u0131r\u0131n\u0131n alt\u0131nc\u0131 y\u0131ld\u00f6n\u00fcm\u00fcnde etkinliklerle an\u0131l\u0131yor. 10 Ekim Ankara Bar\u0131\u015f Derne\u011fi y\u00f6neticisi Mehtap Sakinci yarg\u0131 s\u00fcrecinde ya\u015fanan sorunlar\u0131 anlatt\u0131. 500\u2019e yak\u0131n ki\u015finin yaraland\u0131\u011f\u0131 Ankara Katliam\u0131\u2019n\u0131 I\u015e\u0130D \u00fcstlenmi\u015fti. Katliamla ilgili hukuki s\u00fcre\u00e7 devam ederken, ge\u00e7ti\u011fimiz Eyl\u00fcl ay\u0131nda [&hellip;]","og_url":"https:\/\/akunq.net\/tr\/?p=65102","og_site_name":"Bati Ermenistan Ve Bati Ermenileri Sorunlari Ara\u015ftirmalar Merkezi","article_published_time":"2021-10-11T08:25:39+00:00","og_image":[{"width":705,"height":470,"url":"https:\/\/akunq.net\/tr\/wp-content\/uploads\/sites\/6\/2021\/10\/10-ekim.jpg","type":"image\/jpeg"}],"author":"admin","twitter_card":"summary_large_image","twitter_misc":{"Written by":"admin","Est. reading time":"7 minutes"},"schema":{"@context":"https:\/\/schema.org","@graph":[{"@type":"Article","@id":"https:\/\/akunq.net\/tr\/?p=65102#article","isPartOf":{"@id":"https:\/\/akunq.net\/tr\/?p=65102"},"author":{"name":"admin","@id":"https:\/\/akunq.net\/tr\/#\/schema\/person\/096f1d38a12cce57fb855b485ed24c9e"},"headline":"10 Ekim Katliam\u0131: Adalet talebi s\u00fcr\u00fcyor","datePublished":"2021-10-11T08:25:39+00:00","mainEntityOfPage":{"@id":"https:\/\/akunq.net\/tr\/?p=65102"},"wordCount":1408,"commentCount":0,"image":{"@id":"https:\/\/akunq.net\/tr\/?p=65102#primaryimage"},"thumbnailUrl":"https:\/\/akunq.net\/tr\/wp-content\/uploads\/sites\/6\/2021\/10\/10-ekim.jpg","articleSection":["Haberler"],"inLanguage":"en-US","potentialAction":[{"@type":"CommentAction","name":"Comment","target":["https:\/\/akunq.net\/tr\/?p=65102#respond"]}]},{"@type":"WebPage","@id":"https:\/\/akunq.net\/tr\/?p=65102","url":"https:\/\/akunq.net\/tr\/?p=65102","name":"10 Ekim Katliam\u0131: Adalet talebi s\u00fcr\u00fcyor - Bati Ermenistan Ve Bati Ermenileri Sorunlari Ara\u015ftirmalar Merkezi","isPartOf":{"@id":"https:\/\/akunq.net\/tr\/#website"},"primaryImageOfPage":{"@id":"https:\/\/akunq.net\/tr\/?p=65102#primaryimage"},"image":{"@id":"https:\/\/akunq.net\/tr\/?p=65102#primaryimage"},"thumbnailUrl":"https:\/\/akunq.net\/tr\/wp-content\/uploads\/sites\/6\/2021\/10\/10-ekim.jpg","datePublished":"2021-10-11T08:25:39+00:00","author":{"@id":"https:\/\/akunq.net\/tr\/#\/schema\/person\/096f1d38a12cce57fb855b485ed24c9e"},"breadcrumb":{"@id":"https:\/\/akunq.net\/tr\/?p=65102#breadcrumb"},"inLanguage":"en-US","potentialAction":[{"@type":"ReadAction","target":["https:\/\/akunq.net\/tr\/?p=65102"]}]},{"@type":"ImageObject","inLanguage":"en-US","@id":"https:\/\/akunq.net\/tr\/?p=65102#primaryimage","url":"https:\/\/akunq.net\/tr\/wp-content\/uploads\/sites\/6\/2021\/10\/10-ekim.jpg","contentUrl":"https:\/\/akunq.net\/tr\/wp-content\/uploads\/sites\/6\/2021\/10\/10-ekim.jpg","width":705,"height":470},{"@type":"BreadcrumbList","@id":"https:\/\/akunq.net\/tr\/?p=65102#breadcrumb","itemListElement":[{"@type":"ListItem","position":1,"name":"Home","item":"https:\/\/akunq.net\/tr"},{"@type":"ListItem","position":2,"name":"10 Ekim Katliam\u0131: Adalet talebi s\u00fcr\u00fcyor"}]},{"@type":"WebSite","@id":"https:\/\/akunq.net\/tr\/#website","url":"https:\/\/akunq.net\/tr\/","name":"Bati Ermenistan Ve Bati Ermenileri Sorunlari Ara\u015ftirmalar Merkezi","description":"","potentialAction":[{"@type":"SearchAction","target":{"@type":"EntryPoint","urlTemplate":"https:\/\/akunq.net\/tr\/?s={search_term_string}"},"query-input":{"@type":"PropertyValueSpecification","valueRequired":true,"valueName":"search_term_string"}}],"inLanguage":"en-US"},{"@type":"Person","@id":"https:\/\/akunq.net\/tr\/#\/schema\/person\/096f1d38a12cce57fb855b485ed24c9e","name":"admin","url":"https:\/\/akunq.net\/tr\/?author=7"}]}},"_links":{"self":[{"href":"https:\/\/akunq.net\/tr\/index.php?rest_route=\/wp\/v2\/posts\/65102","targetHints":{"allow":["GET"]}}],"collection":[{"href":"https:\/\/akunq.net\/tr\/index.php?rest_route=\/wp\/v2\/posts"}],"about":[{"href":"https:\/\/akunq.net\/tr\/index.php?rest_route=\/wp\/v2\/types\/post"}],"author":[{"embeddable":true,"href":"https:\/\/akunq.net\/tr\/index.php?rest_route=\/wp\/v2\/users\/7"}],"replies":[{"embeddable":true,"href":"https:\/\/akunq.net\/tr\/index.php?rest_route=%2Fwp%2Fv2%2Fcomments&post=65102"}],"version-history":[{"count":1,"href":"https:\/\/akunq.net\/tr\/index.php?rest_route=\/wp\/v2\/posts\/65102\/revisions"}],"predecessor-version":[{"id":65104,"href":"https:\/\/akunq.net\/tr\/index.php?rest_route=\/wp\/v2\/posts\/65102\/revisions\/65104"}],"wp:featuredmedia":[{"embeddable":true,"href":"https:\/\/akunq.net\/tr\/index.php?rest_route=\/wp\/v2\/media\/65103"}],"wp:attachment":[{"href":"https:\/\/akunq.net\/tr\/index.php?rest_route=%2Fwp%2Fv2%2Fmedia&parent=65102"}],"wp:term":[{"taxonomy":"category","embeddable":true,"href":"https:\/\/akunq.net\/tr\/index.php?rest_route=%2Fwp%2Fv2%2Fcategories&post=65102"},{"taxonomy":"post_tag","embeddable":true,"href":"https:\/\/akunq.net\/tr\/index.php?rest_route=%2Fwp%2Fv2%2Ftags&post=65102"}],"curies":[{"name":"wp","href":"https:\/\/api.w.org\/{rel}","templated":true}]}}