{"id":64943,"date":"2021-09-30T03:54:31","date_gmt":"2021-09-30T08:54:31","guid":{"rendered":"https:\/\/akunq.net\/tr\/?p=64943"},"modified":"2021-09-30T03:54:31","modified_gmt":"2021-09-30T08:54:31","slug":"oz-ve-dumanlinin-malvarliklarina-el-kondu","status":"publish","type":"post","link":"https:\/\/akunq.net\/tr\/?p=64943","title":{"rendered":"\u00d6z ve Dumanl\u0131&#8217;n\u0131n malvarl\u0131klar\u0131na el kondu"},"content":{"rendered":"<p><img loading=\"lazy\" decoding=\"async\" class=\"aligncenter size-medium wp-image-64944\" src=\"https:\/\/akunq.net\/tr\/wp-content\/uploads\/2021\/09\/Adalet-Sarayi-360x161.jpeg\" alt=\"\" width=\"360\" height=\"161\" srcset=\"https:\/\/akunq.net\/tr\/wp-content\/uploads\/sites\/6\/2021\/09\/Adalet-Sarayi-360x161.jpeg 360w, https:\/\/akunq.net\/tr\/wp-content\/uploads\/sites\/6\/2021\/09\/Adalet-Sarayi-768x344.jpeg 768w, https:\/\/akunq.net\/tr\/wp-content\/uploads\/sites\/6\/2021\/09\/Adalet-Sarayi-560x251.jpeg 560w, https:\/\/akunq.net\/tr\/wp-content\/uploads\/sites\/6\/2021\/09\/Adalet-Sarayi-260x116.jpeg 260w, https:\/\/akunq.net\/tr\/wp-content\/uploads\/sites\/6\/2021\/09\/Adalet-Sarayi-160x72.jpeg 160w, https:\/\/akunq.net\/tr\/wp-content\/uploads\/sites\/6\/2021\/09\/Adalet-Sarayi.jpeg 864w\" sizes=\"auto, (max-width: 360px) 100vw, 360px\" \/><\/p>\n<p><em><strong>Hrant Dink Cinayeti Davas\u0131&#8217;nda firari san\u0131klar Zekeriya \u00d6z ve Ekrem Dumanl\u0131&#8217;n\u0131n mal varl\u0131klar\u0131na el konulmas\u0131na karar verildi.<\/strong><\/em><\/p>\n<p>DHA&#8217;n\u0131n haberine g\u00f6re, Hrant Dink Cinayeti Davas\u0131&#8217;nda Zekeriya \u00d6z ve Ekrem Dumanl\u0131&#8217;n\u0131n ka\u00e7ak say\u0131lma \u015fartlar\u0131 olu\u015ftu\u011fu gerek\u00e7esiyle mal varl\u0131klar\u0131na el konulmas\u0131na karar verildi.<\/p>\n<p>\u0130stanbul 14. A\u011f\u0131r Ceza Mahkemesi&#8217;ndeki duru\u015fmaya kat\u0131lmayarak mazeret dilek\u00e7esi sunan avukatlar\u0131n mazeretini kabul eden mahkeme heyeti, duru\u015fmay\u0131 erteledi.<\/p>\n<p>Ayn\u0131 dava kapsam\u0131nda, firari san\u0131klar Fetullah G\u00fclen, Adem Yavuz Arslan, Co\u015fgun \u00c7akar, Halil \u0130brahim Koca, Mehmet Akif Y\u0131lmaz, Faruk Mercan, Metin Canbay, \u00d6mer Faruk Kartun, Serkan \u015eahan, Y\u0131lmaz Ang\u0131n ve Yunus Yazar&#8217;\u0131n ka\u00e7ak say\u0131lmalar\u0131na ve ka\u00e7ak say\u0131lan san\u0131klar\u0131n menkul ve gayri menkullerine el konulmas\u0131na karar verilmi\u015fti.<\/p>\n<p><strong><em>http:\/\/www.agos.com.tr\/tr\/yazi\/26224\/oz-ve-dumanli-nin-malvarliklarina-el-kondu\u00a0<\/em><\/strong><\/p>\n","protected":false},"excerpt":{"rendered":"<p>Hrant Dink Cinayeti Davas\u0131&#8217;nda firari san\u0131klar Zekeriya \u00d6z ve Ekrem Dumanl\u0131&#8217;n\u0131n mal varl\u0131klar\u0131na el konulmas\u0131na karar verildi. DHA&#8217;n\u0131n haberine g\u00f6re, Hrant Dink Cinayeti Davas\u0131&#8217;nda Zekeriya \u00d6z ve Ekrem Dumanl\u0131&#8217;n\u0131n ka\u00e7ak say\u0131lma \u015fartlar\u0131 olu\u015ftu\u011fu gerek\u00e7esiyle mal varl\u0131klar\u0131na el konulmas\u0131na karar verildi. \u0130stanbul 14. A\u011f\u0131r Ceza Mahkemesi&#8217;ndeki duru\u015fmaya kat\u0131lmayarak mazeret dilek\u00e7esi sunan avukatlar\u0131n mazeretini kabul eden mahkeme [&hellip;]<\/p>\n","protected":false},"author":7,"featured_media":64944,"comment_status":"open","ping_status":"open","sticky":false,"template":"","format":"standard","meta":{"footnotes":""},"categories":[1],"tags":[],"class_list":["post-64943","post","type-post","status-publish","format-standard","has-post-thumbnail","hentry","category-haberler"],"yoast_head":"<!-- This site is optimized with the Yoast SEO plugin v27.4 - https:\/\/yoast.com\/product\/yoast-seo-wordpress\/ -->\n<title>\u00d6z ve Dumanl\u0131&#039;n\u0131n malvarl\u0131klar\u0131na el kondu - Bati Ermenistan Ve Bati Ermenileri Sorunlari Ara\u015ftirmalar Merkezi<\/title>\n<meta name=\"robots\" content=\"index, follow, max-snippet:-1, max-image-preview:large, max-video-preview:-1\" \/>\n<link rel=\"canonical\" href=\"https:\/\/akunq.net\/tr\/?p=64943\" \/>\n<meta property=\"og:locale\" content=\"en_US\" \/>\n<meta property=\"og:type\" content=\"article\" \/>\n<meta property=\"og:title\" content=\"\u00d6z ve Dumanl\u0131&#039;n\u0131n malvarl\u0131klar\u0131na el kondu - Bati Ermenistan Ve Bati Ermenileri Sorunlari Ara\u015ftirmalar Merkezi\" \/>\n<meta property=\"og:description\" content=\"Hrant Dink Cinayeti Davas\u0131&#8217;nda firari san\u0131klar Zekeriya \u00d6z ve Ekrem Dumanl\u0131&#8217;n\u0131n mal varl\u0131klar\u0131na el konulmas\u0131na karar verildi. DHA&#8217;n\u0131n haberine g\u00f6re, Hrant Dink Cinayeti Davas\u0131&#8217;nda Zekeriya \u00d6z ve Ekrem Dumanl\u0131&#8217;n\u0131n ka\u00e7ak say\u0131lma \u015fartlar\u0131 olu\u015ftu\u011fu gerek\u00e7esiyle mal varl\u0131klar\u0131na el konulmas\u0131na karar verildi. \u0130stanbul 14. A\u011f\u0131r Ceza Mahkemesi&#8217;ndeki duru\u015fmaya kat\u0131lmayarak mazeret dilek\u00e7esi sunan avukatlar\u0131n mazeretini kabul eden mahkeme [&hellip;]\" \/>\n<meta property=\"og:url\" content=\"https:\/\/akunq.net\/tr\/?p=64943\" \/>\n<meta property=\"og:site_name\" content=\"Bati Ermenistan Ve Bati Ermenileri Sorunlari Ara\u015ftirmalar Merkezi\" \/>\n<meta property=\"article:published_time\" content=\"2021-09-30T08:54:31+00:00\" \/>\n<meta property=\"og:image\" content=\"https:\/\/akunq.net\/tr\/wp-content\/uploads\/sites\/6\/2021\/09\/Adalet-Sarayi.jpeg\" \/>\n\t<meta property=\"og:image:width\" content=\"864\" \/>\n\t<meta property=\"og:image:height\" content=\"387\" \/>\n\t<meta property=\"og:image:type\" content=\"image\/jpeg\" \/>\n<meta name=\"author\" content=\"admin\" \/>\n<meta name=\"twitter:card\" content=\"summary_large_image\" \/>\n<meta name=\"twitter:label1\" content=\"Written by\" \/>\n\t<meta name=\"twitter:data1\" content=\"admin\" \/>\n\t<meta name=\"twitter:label2\" content=\"Est. reading time\" \/>\n\t<meta name=\"twitter:data2\" content=\"1 minute\" \/>\n<script type=\"application\/ld+json\" class=\"yoast-schema-graph\">{\"@context\":\"https:\\\/\\\/schema.org\",\"@graph\":[{\"@type\":\"Article\",\"@id\":\"https:\\\/\\\/akunq.net\\\/tr\\\/?p=64943#article\",\"isPartOf\":{\"@id\":\"https:\\\/\\\/akunq.net\\\/tr\\\/?p=64943\"},\"author\":{\"name\":\"admin\",\"@id\":\"https:\\\/\\\/akunq.net\\\/tr\\\/#\\\/schema\\\/person\\\/096f1d38a12cce57fb855b485ed24c9e\"},\"headline\":\"\u00d6z ve Dumanl\u0131&#8217;n\u0131n malvarl\u0131klar\u0131na el kondu\",\"datePublished\":\"2021-09-30T08:54:31+00:00\",\"mainEntityOfPage\":{\"@id\":\"https:\\\/\\\/akunq.net\\\/tr\\\/?p=64943\"},\"wordCount\":164,\"commentCount\":0,\"image\":{\"@id\":\"https:\\\/\\\/akunq.net\\\/tr\\\/?p=64943#primaryimage\"},\"thumbnailUrl\":\"https:\\\/\\\/akunq.net\\\/tr\\\/wp-content\\\/uploads\\\/sites\\\/6\\\/2021\\\/09\\\/Adalet-Sarayi.jpeg\",\"articleSection\":[\"Haberler\"],\"inLanguage\":\"en-US\",\"potentialAction\":[{\"@type\":\"CommentAction\",\"name\":\"Comment\",\"target\":[\"https:\\\/\\\/akunq.net\\\/tr\\\/?p=64943#respond\"]}]},{\"@type\":\"WebPage\",\"@id\":\"https:\\\/\\\/akunq.net\\\/tr\\\/?p=64943\",\"url\":\"https:\\\/\\\/akunq.net\\\/tr\\\/?p=64943\",\"name\":\"\u00d6z ve Dumanl\u0131'n\u0131n malvarl\u0131klar\u0131na el kondu - Bati Ermenistan Ve Bati Ermenileri Sorunlari Ara\u015ftirmalar Merkezi\",\"isPartOf\":{\"@id\":\"https:\\\/\\\/akunq.net\\\/tr\\\/#website\"},\"primaryImageOfPage\":{\"@id\":\"https:\\\/\\\/akunq.net\\\/tr\\\/?p=64943#primaryimage\"},\"image\":{\"@id\":\"https:\\\/\\\/akunq.net\\\/tr\\\/?p=64943#primaryimage\"},\"thumbnailUrl\":\"https:\\\/\\\/akunq.net\\\/tr\\\/wp-content\\\/uploads\\\/sites\\\/6\\\/2021\\\/09\\\/Adalet-Sarayi.jpeg\",\"datePublished\":\"2021-09-30T08:54:31+00:00\",\"author\":{\"@id\":\"https:\\\/\\\/akunq.net\\\/tr\\\/#\\\/schema\\\/person\\\/096f1d38a12cce57fb855b485ed24c9e\"},\"breadcrumb\":{\"@id\":\"https:\\\/\\\/akunq.net\\\/tr\\\/?p=64943#breadcrumb\"},\"inLanguage\":\"en-US\",\"potentialAction\":[{\"@type\":\"ReadAction\",\"target\":[\"https:\\\/\\\/akunq.net\\\/tr\\\/?p=64943\"]}]},{\"@type\":\"ImageObject\",\"inLanguage\":\"en-US\",\"@id\":\"https:\\\/\\\/akunq.net\\\/tr\\\/?p=64943#primaryimage\",\"url\":\"https:\\\/\\\/akunq.net\\\/tr\\\/wp-content\\\/uploads\\\/sites\\\/6\\\/2021\\\/09\\\/Adalet-Sarayi.jpeg\",\"contentUrl\":\"https:\\\/\\\/akunq.net\\\/tr\\\/wp-content\\\/uploads\\\/sites\\\/6\\\/2021\\\/09\\\/Adalet-Sarayi.jpeg\",\"width\":864,\"height\":387},{\"@type\":\"BreadcrumbList\",\"@id\":\"https:\\\/\\\/akunq.net\\\/tr\\\/?p=64943#breadcrumb\",\"itemListElement\":[{\"@type\":\"ListItem\",\"position\":1,\"name\":\"Home\",\"item\":\"https:\\\/\\\/akunq.net\\\/tr\"},{\"@type\":\"ListItem\",\"position\":2,\"name\":\"\u00d6z ve Dumanl\u0131&#8217;n\u0131n malvarl\u0131klar\u0131na el kondu\"}]},{\"@type\":\"WebSite\",\"@id\":\"https:\\\/\\\/akunq.net\\\/tr\\\/#website\",\"url\":\"https:\\\/\\\/akunq.net\\\/tr\\\/\",\"name\":\"Bati Ermenistan Ve Bati Ermenileri Sorunlari Ara\u015ftirmalar Merkezi\",\"description\":\"\",\"potentialAction\":[{\"@type\":\"SearchAction\",\"target\":{\"@type\":\"EntryPoint\",\"urlTemplate\":\"https:\\\/\\\/akunq.net\\\/tr\\\/?s={search_term_string}\"},\"query-input\":{\"@type\":\"PropertyValueSpecification\",\"valueRequired\":true,\"valueName\":\"search_term_string\"}}],\"inLanguage\":\"en-US\"},{\"@type\":\"Person\",\"@id\":\"https:\\\/\\\/akunq.net\\\/tr\\\/#\\\/schema\\\/person\\\/096f1d38a12cce57fb855b485ed24c9e\",\"name\":\"admin\",\"url\":\"https:\\\/\\\/akunq.net\\\/tr\\\/?author=7\"}]}<\/script>\n<!-- \/ Yoast SEO plugin. -->","yoast_head_json":{"title":"\u00d6z ve Dumanl\u0131'n\u0131n malvarl\u0131klar\u0131na el kondu - Bati Ermenistan Ve Bati Ermenileri Sorunlari Ara\u015ftirmalar Merkezi","robots":{"index":"index","follow":"follow","max-snippet":"max-snippet:-1","max-image-preview":"max-image-preview:large","max-video-preview":"max-video-preview:-1"},"canonical":"https:\/\/akunq.net\/tr\/?p=64943","og_locale":"en_US","og_type":"article","og_title":"\u00d6z ve Dumanl\u0131'n\u0131n malvarl\u0131klar\u0131na el kondu - Bati Ermenistan Ve Bati Ermenileri Sorunlari Ara\u015ftirmalar Merkezi","og_description":"Hrant Dink Cinayeti Davas\u0131&#8217;nda firari san\u0131klar Zekeriya \u00d6z ve Ekrem Dumanl\u0131&#8217;n\u0131n mal varl\u0131klar\u0131na el konulmas\u0131na karar verildi. DHA&#8217;n\u0131n haberine g\u00f6re, Hrant Dink Cinayeti Davas\u0131&#8217;nda Zekeriya \u00d6z ve Ekrem Dumanl\u0131&#8217;n\u0131n ka\u00e7ak say\u0131lma \u015fartlar\u0131 olu\u015ftu\u011fu gerek\u00e7esiyle mal varl\u0131klar\u0131na el konulmas\u0131na karar verildi. \u0130stanbul 14. A\u011f\u0131r Ceza Mahkemesi&#8217;ndeki duru\u015fmaya kat\u0131lmayarak mazeret dilek\u00e7esi sunan avukatlar\u0131n mazeretini kabul eden mahkeme [&hellip;]","og_url":"https:\/\/akunq.net\/tr\/?p=64943","og_site_name":"Bati Ermenistan Ve Bati Ermenileri Sorunlari Ara\u015ftirmalar Merkezi","article_published_time":"2021-09-30T08:54:31+00:00","og_image":[{"width":864,"height":387,"url":"https:\/\/akunq.net\/tr\/wp-content\/uploads\/sites\/6\/2021\/09\/Adalet-Sarayi.jpeg","type":"image\/jpeg"}],"author":"admin","twitter_card":"summary_large_image","twitter_misc":{"Written by":"admin","Est. reading time":"1 minute"},"schema":{"@context":"https:\/\/schema.org","@graph":[{"@type":"Article","@id":"https:\/\/akunq.net\/tr\/?p=64943#article","isPartOf":{"@id":"https:\/\/akunq.net\/tr\/?p=64943"},"author":{"name":"admin","@id":"https:\/\/akunq.net\/tr\/#\/schema\/person\/096f1d38a12cce57fb855b485ed24c9e"},"headline":"\u00d6z ve Dumanl\u0131&#8217;n\u0131n malvarl\u0131klar\u0131na el kondu","datePublished":"2021-09-30T08:54:31+00:00","mainEntityOfPage":{"@id":"https:\/\/akunq.net\/tr\/?p=64943"},"wordCount":164,"commentCount":0,"image":{"@id":"https:\/\/akunq.net\/tr\/?p=64943#primaryimage"},"thumbnailUrl":"https:\/\/akunq.net\/tr\/wp-content\/uploads\/sites\/6\/2021\/09\/Adalet-Sarayi.jpeg","articleSection":["Haberler"],"inLanguage":"en-US","potentialAction":[{"@type":"CommentAction","name":"Comment","target":["https:\/\/akunq.net\/tr\/?p=64943#respond"]}]},{"@type":"WebPage","@id":"https:\/\/akunq.net\/tr\/?p=64943","url":"https:\/\/akunq.net\/tr\/?p=64943","name":"\u00d6z ve Dumanl\u0131'n\u0131n malvarl\u0131klar\u0131na el kondu - Bati Ermenistan Ve Bati Ermenileri Sorunlari Ara\u015ftirmalar Merkezi","isPartOf":{"@id":"https:\/\/akunq.net\/tr\/#website"},"primaryImageOfPage":{"@id":"https:\/\/akunq.net\/tr\/?p=64943#primaryimage"},"image":{"@id":"https:\/\/akunq.net\/tr\/?p=64943#primaryimage"},"thumbnailUrl":"https:\/\/akunq.net\/tr\/wp-content\/uploads\/sites\/6\/2021\/09\/Adalet-Sarayi.jpeg","datePublished":"2021-09-30T08:54:31+00:00","author":{"@id":"https:\/\/akunq.net\/tr\/#\/schema\/person\/096f1d38a12cce57fb855b485ed24c9e"},"breadcrumb":{"@id":"https:\/\/akunq.net\/tr\/?p=64943#breadcrumb"},"inLanguage":"en-US","potentialAction":[{"@type":"ReadAction","target":["https:\/\/akunq.net\/tr\/?p=64943"]}]},{"@type":"ImageObject","inLanguage":"en-US","@id":"https:\/\/akunq.net\/tr\/?p=64943#primaryimage","url":"https:\/\/akunq.net\/tr\/wp-content\/uploads\/sites\/6\/2021\/09\/Adalet-Sarayi.jpeg","contentUrl":"https:\/\/akunq.net\/tr\/wp-content\/uploads\/sites\/6\/2021\/09\/Adalet-Sarayi.jpeg","width":864,"height":387},{"@type":"BreadcrumbList","@id":"https:\/\/akunq.net\/tr\/?p=64943#breadcrumb","itemListElement":[{"@type":"ListItem","position":1,"name":"Home","item":"https:\/\/akunq.net\/tr"},{"@type":"ListItem","position":2,"name":"\u00d6z ve Dumanl\u0131&#8217;n\u0131n malvarl\u0131klar\u0131na el kondu"}]},{"@type":"WebSite","@id":"https:\/\/akunq.net\/tr\/#website","url":"https:\/\/akunq.net\/tr\/","name":"Bati Ermenistan Ve Bati Ermenileri Sorunlari Ara\u015ftirmalar Merkezi","description":"","potentialAction":[{"@type":"SearchAction","target":{"@type":"EntryPoint","urlTemplate":"https:\/\/akunq.net\/tr\/?s={search_term_string}"},"query-input":{"@type":"PropertyValueSpecification","valueRequired":true,"valueName":"search_term_string"}}],"inLanguage":"en-US"},{"@type":"Person","@id":"https:\/\/akunq.net\/tr\/#\/schema\/person\/096f1d38a12cce57fb855b485ed24c9e","name":"admin","url":"https:\/\/akunq.net\/tr\/?author=7"}]}},"_links":{"self":[{"href":"https:\/\/akunq.net\/tr\/index.php?rest_route=\/wp\/v2\/posts\/64943","targetHints":{"allow":["GET"]}}],"collection":[{"href":"https:\/\/akunq.net\/tr\/index.php?rest_route=\/wp\/v2\/posts"}],"about":[{"href":"https:\/\/akunq.net\/tr\/index.php?rest_route=\/wp\/v2\/types\/post"}],"author":[{"embeddable":true,"href":"https:\/\/akunq.net\/tr\/index.php?rest_route=\/wp\/v2\/users\/7"}],"replies":[{"embeddable":true,"href":"https:\/\/akunq.net\/tr\/index.php?rest_route=%2Fwp%2Fv2%2Fcomments&post=64943"}],"version-history":[{"count":1,"href":"https:\/\/akunq.net\/tr\/index.php?rest_route=\/wp\/v2\/posts\/64943\/revisions"}],"predecessor-version":[{"id":64945,"href":"https:\/\/akunq.net\/tr\/index.php?rest_route=\/wp\/v2\/posts\/64943\/revisions\/64945"}],"wp:featuredmedia":[{"embeddable":true,"href":"https:\/\/akunq.net\/tr\/index.php?rest_route=\/wp\/v2\/media\/64944"}],"wp:attachment":[{"href":"https:\/\/akunq.net\/tr\/index.php?rest_route=%2Fwp%2Fv2%2Fmedia&parent=64943"}],"wp:term":[{"taxonomy":"category","embeddable":true,"href":"https:\/\/akunq.net\/tr\/index.php?rest_route=%2Fwp%2Fv2%2Fcategories&post=64943"},{"taxonomy":"post_tag","embeddable":true,"href":"https:\/\/akunq.net\/tr\/index.php?rest_route=%2Fwp%2Fv2%2Ftags&post=64943"}],"curies":[{"name":"wp","href":"https:\/\/api.w.org\/{rel}","templated":true}]}}