{"id":64929,"date":"2021-09-29T02:55:45","date_gmt":"2021-09-29T07:55:45","guid":{"rendered":"https:\/\/akunq.net\/tr\/?p=64929"},"modified":"2021-09-29T02:55:45","modified_gmt":"2021-09-29T07:55:45","slug":"suryani-kadim-mor-barsavmo-manastiri","status":"publish","type":"post","link":"https:\/\/akunq.net\/tr\/?p=64929","title":{"rendered":"S\u00fcryani kadim Mor Barsavmo Manast\u0131r\u0131"},"content":{"rendered":"<p><img loading=\"lazy\" decoding=\"async\" class=\"aligncenter size-full wp-image-64930\" src=\"https:\/\/akunq.net\/tr\/wp-content\/uploads\/2021\/09\/Suryani-Manastir.jpeg\" alt=\"\" width=\"250\" height=\"252\" srcset=\"https:\/\/akunq.net\/tr\/wp-content\/uploads\/sites\/6\/2021\/09\/Suryani-Manastir.jpeg 250w, https:\/\/akunq.net\/tr\/wp-content\/uploads\/sites\/6\/2021\/09\/Suryani-Manastir-150x150.jpeg 150w, https:\/\/akunq.net\/tr\/wp-content\/uploads\/sites\/6\/2021\/09\/Suryani-Manastir-160x161.jpeg 160w\" sizes=\"auto, (max-width: 250px) 100vw, 250px\" \/><\/p>\n<p><strong>Fikri Demirta\u015f<\/strong><\/p>\n<p><em><strong>S\u00fcryaniler Mezopotamya\u2019da bu ilklerin milleti olman\u0131n hakl\u0131 gururunu ta\u015f\u0131yor. D\u00fcnyan\u0131n kitlesel olarak H\u0131ristiyanl\u0131\u011f\u0131 benimseyen ilk toplumudur. D\u00fcnyan\u0131n ilk \u00dcniversitesi olan Harran \u00dcniversitesi\u2019ni S\u00fcryani bilginler kurmu\u015ftur. D\u00f6nemin Yunan filozof ve bilginleri ile Arap bilginleri aras\u0131ndaki k\u00f6pr\u00fcy\u00fc kuran S\u00fcryani bilim adamlar\u0131d\u0131r. Yak\u0131n tarihe geldi\u011fimizde ise, G\u00fcneydo\u011fuya ilk matbaay\u0131 getirenler yine S\u00fcryanilerdir.\u201d Zeki Demir<\/strong><\/em><\/p>\n<p>Mor Barsavmo Manast\u0131r\u0131, yakla\u015f\u0131k 300 y\u0131l S\u00fcryaniler Patriklik makam\u0131 olarak kullan\u0131lm\u0131\u015ft\u0131r. Daha sonra Ermeniler kilise olarak kullanm\u0131\u015ft\u0131r. Manast\u0131r alan\u0131 defineciler y\u00fcz\u00fcnden delik de\u015fik edilmi\u015ftir. B\u00f6lge, 2010 y\u0131l\u0131nda 1. derecede arkeolojik sit alan\u0131 ilan edilmi\u015f ancak halen sahipsiz, korumas\u0131z olarak bulunmaktad\u0131r. B\u00fcy\u00fck S\u00fcryani Mihael\u2019in mezar yeri de halen burada sahipsiz durumdad\u0131r.<\/p>\n<p>S\u00fcryani Patrik Mor Mihael Rabo S\u00fcryani Kilisesi\u2019nin en \u00f6nemli isimlerinden birisidir. \u201cS\u00fcryani Mihael\u201d me\u015fhur kroni\u011finde d\u00fcnya tarihini yazm\u0131\u015ft\u0131r. Bu eser halen bilimsel \u00e7al\u0131\u015fmalarda d\u00f6neminin en \u00f6nemli referans kaynaklar\u0131ndan biri say\u0131l\u0131yor. Patrik Mor Mihael, yapt\u0131\u011f\u0131 b\u00fcy\u00fck hizmet ve \u00e7al\u0131\u015fmalardan sonra 73 ya\u015f\u0131nda vefat ederek 7 Kas\u0131m 1199\u2019da in\u015fa ettirdi\u011fi Mor Barsavmo Manast\u0131r\u0131\u2019ndaki kilisede defnedildi.\u00a0 Manast\u0131r\u0131\u2019n\u0131n yeri uzun bir s\u00fcre boyunca unutuldu. Tuhaf bir \u015fekilde bu yeri ara\u015ft\u0131ran, bulup ziyaret eden olmad\u0131. 1953 y\u0131l\u0131nda Andr\u00e9 Maricq (1925-1960) isimli Bel\u00e7ika\u2019l\u0131 ara\u015ft\u0131rmac\u0131, Komagenne topraklar\u0131na (Ad\u0131yaman\/Malatya) yapt\u0131\u011f\u0131 seyahati s\u0131ras\u0131nda tespit etti\u011fi bulgular\u0131 Polonyal\u0131 Bizans tarihi uzman\u0131 Ernest Honigmann (1892-1954) ile payla\u015ft\u0131. Honigmann, Maricq\u2019in bulgular\u0131na g\u00f6re unutulmu\u015f ve yeri bilinmeyen Mor Bar\u015fauma Manast\u0131r\u0131 ile ilgili bir kitap yay\u0131nlad\u0131. Fakat bu kitap dar bir bilim \u00e7evresi d\u0131\u015f\u0131nda Manast\u0131ra y\u00f6nelik ilgiyi gene de canland\u0131ramad\u0131. Bu g\u00fcn Katolik ve Ortodoks Hristiyanl\u0131ktaki en b\u00fcy\u00fck bayramlardan biri olan Meryem\u2019in G\u00f6\u011fe Al\u0131n\u0131\u015f\u0131 Bayram\u0131, kilise geleneklerine g\u00f6re, 15 A\u011fustos g\u00fcn\u00fc veya ona en yak\u0131n Pazar g\u00fcn\u00fc kutlan\u0131r.\u00a0 Bu bayram, \u0130sa Mesih \u0130manl\u0131lar\u0131n\u0131n \u00f6l\u00fcmden sonra Tanr\u0131\u2019yla birlikte g\u00f6\u011fe al\u0131nacaklar\u0131 ve sonsuz ya\u015fama kavu\u015facaklar\u0131 inanc\u0131n\u0131n da g\u00f6stergesi ve \u00f6rne\u011fi olarak kabul edilir. Kilise gelene\u011fine g\u00f6re Meryem Ana, \u00f6ld\u00fckten sonra \u0130sa Mesih annesinin bedeninin \u00e7\u00fcr\u00fcmesini istememi\u015f ve yery\u00fcz\u00fcne inerek onu g\u00f6\u011fe y\u00fckseltmi\u015ftir. Bu nedenle Meryem Ana\u2019n\u0131n \u00f6l\u00fcm y\u0131ld\u00f6n\u00fcm\u00fc, bir anma t\u00f6reni olarak de\u011fil, o\u011fluna kavu\u015fmas\u0131 ve g\u00f6\u011fe y\u00fckselmesi nedeniyle bayram olarak kutlanmaktad\u0131r.\u201d Muzaffer \u0130ris 15 A\u011fustos \u00fcz\u00fcm g\u00fcn\u00fcne ait\u00a0 dini a\u00e7\u0131klamalar yapt\u0131.\u00a0 Meryem ana ad\u0131na ayinler yap\u0131larak \u00fcz\u00fcm da\u011f\u0131t\u0131ld\u0131\u011f\u0131n\u0131 s\u00f6yledi. Muzaffer beyde bu kutsal g\u00fcnde manast\u0131r\u0131n yamac\u0131nda buldu\u011fu \u00fcz\u00fcm\u00fc \u00e7antas\u0131ndan \u00e7\u0131kard\u0131 . Bir kundak \u00fcz\u00fcm\u00fc aram\u0131zda pay etti.\u00a0 Manast\u0131r\u0131n zirvesinde \u00fcz\u00fcm\u00fc yedik. Hepimizin unutamayaca\u011f\u0131 bir an\u0131s\u0131 oldu.\u00a0 Anadoluda nice Medeniyetler, devletler kurulmu\u015f y\u0131k\u0131lm\u0131\u015f. Yunus Emre ne g\u00fczel demi\u015f<\/p>\n<p>\u201d \u2013 Mal sahibi, m\u00fclk sahibi,<\/p>\n<p>Hani bunun ilk sahibi.<\/p>\n<p>Mal da yalan, m\u00fclkte yalan,<\/p>\n<p>Var biraz da sen oyalan.<\/p>\n<p>Milletlerde b\u00f6yle oyalanm\u0131\u015f bu topraklarda. Bu co\u011frafyan\u0131n ilk sahibi acaba kim?<\/p>\n<p><strong>&gt;&gt; DEVAM EDECEK<\/strong><\/p>\n<p><em><strong><a href=\"https:\/\/malatyasonsoz.com.tr\/yazi\/suryani-kadim-mor-barsavmo-manastiri-peras-5-497.html\">https:\/\/malatyasonsoz.com.tr\/yazi\/suryani-kadim-mor-barsavmo-manastiri-peras-5-497.html<\/a>\u00a0<\/strong><\/em><\/p>\n","protected":false},"excerpt":{"rendered":"<p>Fikri Demirta\u015f S\u00fcryaniler Mezopotamya\u2019da bu ilklerin milleti olman\u0131n hakl\u0131 gururunu ta\u015f\u0131yor. D\u00fcnyan\u0131n kitlesel olarak H\u0131ristiyanl\u0131\u011f\u0131 benimseyen ilk toplumudur. D\u00fcnyan\u0131n ilk \u00dcniversitesi olan Harran \u00dcniversitesi\u2019ni S\u00fcryani bilginler kurmu\u015ftur. D\u00f6nemin Yunan filozof ve bilginleri ile Arap bilginleri aras\u0131ndaki k\u00f6pr\u00fcy\u00fc kuran S\u00fcryani bilim adamlar\u0131d\u0131r. Yak\u0131n tarihe geldi\u011fimizde ise, G\u00fcneydo\u011fuya ilk matbaay\u0131 getirenler yine S\u00fcryanilerdir.\u201d Zeki Demir Mor Barsavmo [&hellip;]<\/p>\n","protected":false},"author":7,"featured_media":64930,"comment_status":"open","ping_status":"open","sticky":false,"template":"","format":"standard","meta":{"footnotes":""},"categories":[1],"tags":[],"class_list":["post-64929","post","type-post","status-publish","format-standard","has-post-thumbnail","hentry","category-haberler"],"yoast_head":"<!-- This site is optimized with the Yoast SEO plugin v27.4 - https:\/\/yoast.com\/product\/yoast-seo-wordpress\/ -->\n<title>S\u00fcryani kadim Mor Barsavmo Manast\u0131r\u0131 - Bati Ermenistan Ve Bati Ermenileri Sorunlari Ara\u015ftirmalar Merkezi<\/title>\n<meta name=\"robots\" content=\"index, follow, max-snippet:-1, max-image-preview:large, max-video-preview:-1\" \/>\n<link rel=\"canonical\" href=\"https:\/\/akunq.net\/tr\/?p=64929\" \/>\n<meta property=\"og:locale\" content=\"en_US\" \/>\n<meta property=\"og:type\" content=\"article\" \/>\n<meta property=\"og:title\" content=\"S\u00fcryani kadim Mor Barsavmo Manast\u0131r\u0131 - Bati Ermenistan Ve Bati Ermenileri Sorunlari Ara\u015ftirmalar Merkezi\" \/>\n<meta property=\"og:description\" content=\"Fikri Demirta\u015f S\u00fcryaniler Mezopotamya\u2019da bu ilklerin milleti olman\u0131n hakl\u0131 gururunu ta\u015f\u0131yor. D\u00fcnyan\u0131n kitlesel olarak H\u0131ristiyanl\u0131\u011f\u0131 benimseyen ilk toplumudur. D\u00fcnyan\u0131n ilk \u00dcniversitesi olan Harran \u00dcniversitesi\u2019ni S\u00fcryani bilginler kurmu\u015ftur. D\u00f6nemin Yunan filozof ve bilginleri ile Arap bilginleri aras\u0131ndaki k\u00f6pr\u00fcy\u00fc kuran S\u00fcryani bilim adamlar\u0131d\u0131r. Yak\u0131n tarihe geldi\u011fimizde ise, G\u00fcneydo\u011fuya ilk matbaay\u0131 getirenler yine S\u00fcryanilerdir.\u201d Zeki Demir Mor Barsavmo [&hellip;]\" \/>\n<meta property=\"og:url\" content=\"https:\/\/akunq.net\/tr\/?p=64929\" \/>\n<meta property=\"og:site_name\" content=\"Bati Ermenistan Ve Bati Ermenileri Sorunlari Ara\u015ftirmalar Merkezi\" \/>\n<meta property=\"article:published_time\" content=\"2021-09-29T07:55:45+00:00\" \/>\n<meta property=\"og:image\" content=\"https:\/\/akunq.net\/tr\/wp-content\/uploads\/sites\/6\/2021\/09\/Suryani-Manastir.jpeg\" \/>\n\t<meta property=\"og:image:width\" content=\"250\" \/>\n\t<meta property=\"og:image:height\" content=\"252\" \/>\n\t<meta property=\"og:image:type\" content=\"image\/jpeg\" \/>\n<meta name=\"author\" content=\"admin\" \/>\n<meta name=\"twitter:card\" content=\"summary_large_image\" \/>\n<meta name=\"twitter:label1\" content=\"Written by\" \/>\n\t<meta name=\"twitter:data1\" content=\"admin\" \/>\n\t<meta name=\"twitter:label2\" content=\"Est. reading time\" \/>\n\t<meta name=\"twitter:data2\" content=\"3 minutes\" \/>\n<script type=\"application\/ld+json\" class=\"yoast-schema-graph\">{\"@context\":\"https:\\\/\\\/schema.org\",\"@graph\":[{\"@type\":\"Article\",\"@id\":\"https:\\\/\\\/akunq.net\\\/tr\\\/?p=64929#article\",\"isPartOf\":{\"@id\":\"https:\\\/\\\/akunq.net\\\/tr\\\/?p=64929\"},\"author\":{\"name\":\"admin\",\"@id\":\"https:\\\/\\\/akunq.net\\\/tr\\\/#\\\/schema\\\/person\\\/096f1d38a12cce57fb855b485ed24c9e\"},\"headline\":\"S\u00fcryani kadim Mor Barsavmo Manast\u0131r\u0131\",\"datePublished\":\"2021-09-29T07:55:45+00:00\",\"mainEntityOfPage\":{\"@id\":\"https:\\\/\\\/akunq.net\\\/tr\\\/?p=64929\"},\"wordCount\":595,\"commentCount\":0,\"image\":{\"@id\":\"https:\\\/\\\/akunq.net\\\/tr\\\/?p=64929#primaryimage\"},\"thumbnailUrl\":\"https:\\\/\\\/akunq.net\\\/tr\\\/wp-content\\\/uploads\\\/sites\\\/6\\\/2021\\\/09\\\/Suryani-Manastir.jpeg\",\"articleSection\":[\"Haberler\"],\"inLanguage\":\"en-US\",\"potentialAction\":[{\"@type\":\"CommentAction\",\"name\":\"Comment\",\"target\":[\"https:\\\/\\\/akunq.net\\\/tr\\\/?p=64929#respond\"]}]},{\"@type\":\"WebPage\",\"@id\":\"https:\\\/\\\/akunq.net\\\/tr\\\/?p=64929\",\"url\":\"https:\\\/\\\/akunq.net\\\/tr\\\/?p=64929\",\"name\":\"S\u00fcryani kadim Mor Barsavmo Manast\u0131r\u0131 - Bati Ermenistan Ve Bati Ermenileri Sorunlari Ara\u015ftirmalar Merkezi\",\"isPartOf\":{\"@id\":\"https:\\\/\\\/akunq.net\\\/tr\\\/#website\"},\"primaryImageOfPage\":{\"@id\":\"https:\\\/\\\/akunq.net\\\/tr\\\/?p=64929#primaryimage\"},\"image\":{\"@id\":\"https:\\\/\\\/akunq.net\\\/tr\\\/?p=64929#primaryimage\"},\"thumbnailUrl\":\"https:\\\/\\\/akunq.net\\\/tr\\\/wp-content\\\/uploads\\\/sites\\\/6\\\/2021\\\/09\\\/Suryani-Manastir.jpeg\",\"datePublished\":\"2021-09-29T07:55:45+00:00\",\"author\":{\"@id\":\"https:\\\/\\\/akunq.net\\\/tr\\\/#\\\/schema\\\/person\\\/096f1d38a12cce57fb855b485ed24c9e\"},\"breadcrumb\":{\"@id\":\"https:\\\/\\\/akunq.net\\\/tr\\\/?p=64929#breadcrumb\"},\"inLanguage\":\"en-US\",\"potentialAction\":[{\"@type\":\"ReadAction\",\"target\":[\"https:\\\/\\\/akunq.net\\\/tr\\\/?p=64929\"]}]},{\"@type\":\"ImageObject\",\"inLanguage\":\"en-US\",\"@id\":\"https:\\\/\\\/akunq.net\\\/tr\\\/?p=64929#primaryimage\",\"url\":\"https:\\\/\\\/akunq.net\\\/tr\\\/wp-content\\\/uploads\\\/sites\\\/6\\\/2021\\\/09\\\/Suryani-Manastir.jpeg\",\"contentUrl\":\"https:\\\/\\\/akunq.net\\\/tr\\\/wp-content\\\/uploads\\\/sites\\\/6\\\/2021\\\/09\\\/Suryani-Manastir.jpeg\",\"width\":250,\"height\":252},{\"@type\":\"BreadcrumbList\",\"@id\":\"https:\\\/\\\/akunq.net\\\/tr\\\/?p=64929#breadcrumb\",\"itemListElement\":[{\"@type\":\"ListItem\",\"position\":1,\"name\":\"Home\",\"item\":\"https:\\\/\\\/akunq.net\\\/tr\"},{\"@type\":\"ListItem\",\"position\":2,\"name\":\"S\u00fcryani kadim Mor Barsavmo Manast\u0131r\u0131\"}]},{\"@type\":\"WebSite\",\"@id\":\"https:\\\/\\\/akunq.net\\\/tr\\\/#website\",\"url\":\"https:\\\/\\\/akunq.net\\\/tr\\\/\",\"name\":\"Bati Ermenistan Ve Bati Ermenileri Sorunlari Ara\u015ftirmalar Merkezi\",\"description\":\"\",\"potentialAction\":[{\"@type\":\"SearchAction\",\"target\":{\"@type\":\"EntryPoint\",\"urlTemplate\":\"https:\\\/\\\/akunq.net\\\/tr\\\/?s={search_term_string}\"},\"query-input\":{\"@type\":\"PropertyValueSpecification\",\"valueRequired\":true,\"valueName\":\"search_term_string\"}}],\"inLanguage\":\"en-US\"},{\"@type\":\"Person\",\"@id\":\"https:\\\/\\\/akunq.net\\\/tr\\\/#\\\/schema\\\/person\\\/096f1d38a12cce57fb855b485ed24c9e\",\"name\":\"admin\",\"url\":\"https:\\\/\\\/akunq.net\\\/tr\\\/?author=7\"}]}<\/script>\n<!-- \/ Yoast SEO plugin. -->","yoast_head_json":{"title":"S\u00fcryani kadim Mor Barsavmo Manast\u0131r\u0131 - Bati Ermenistan Ve Bati Ermenileri Sorunlari Ara\u015ftirmalar Merkezi","robots":{"index":"index","follow":"follow","max-snippet":"max-snippet:-1","max-image-preview":"max-image-preview:large","max-video-preview":"max-video-preview:-1"},"canonical":"https:\/\/akunq.net\/tr\/?p=64929","og_locale":"en_US","og_type":"article","og_title":"S\u00fcryani kadim Mor Barsavmo Manast\u0131r\u0131 - Bati Ermenistan Ve Bati Ermenileri Sorunlari Ara\u015ftirmalar Merkezi","og_description":"Fikri Demirta\u015f S\u00fcryaniler Mezopotamya\u2019da bu ilklerin milleti olman\u0131n hakl\u0131 gururunu ta\u015f\u0131yor. D\u00fcnyan\u0131n kitlesel olarak H\u0131ristiyanl\u0131\u011f\u0131 benimseyen ilk toplumudur. D\u00fcnyan\u0131n ilk \u00dcniversitesi olan Harran \u00dcniversitesi\u2019ni S\u00fcryani bilginler kurmu\u015ftur. D\u00f6nemin Yunan filozof ve bilginleri ile Arap bilginleri aras\u0131ndaki k\u00f6pr\u00fcy\u00fc kuran S\u00fcryani bilim adamlar\u0131d\u0131r. Yak\u0131n tarihe geldi\u011fimizde ise, G\u00fcneydo\u011fuya ilk matbaay\u0131 getirenler yine S\u00fcryanilerdir.\u201d Zeki Demir Mor Barsavmo [&hellip;]","og_url":"https:\/\/akunq.net\/tr\/?p=64929","og_site_name":"Bati Ermenistan Ve Bati Ermenileri Sorunlari Ara\u015ftirmalar Merkezi","article_published_time":"2021-09-29T07:55:45+00:00","og_image":[{"width":250,"height":252,"url":"https:\/\/akunq.net\/tr\/wp-content\/uploads\/sites\/6\/2021\/09\/Suryani-Manastir.jpeg","type":"image\/jpeg"}],"author":"admin","twitter_card":"summary_large_image","twitter_misc":{"Written by":"admin","Est. reading time":"3 minutes"},"schema":{"@context":"https:\/\/schema.org","@graph":[{"@type":"Article","@id":"https:\/\/akunq.net\/tr\/?p=64929#article","isPartOf":{"@id":"https:\/\/akunq.net\/tr\/?p=64929"},"author":{"name":"admin","@id":"https:\/\/akunq.net\/tr\/#\/schema\/person\/096f1d38a12cce57fb855b485ed24c9e"},"headline":"S\u00fcryani kadim Mor Barsavmo Manast\u0131r\u0131","datePublished":"2021-09-29T07:55:45+00:00","mainEntityOfPage":{"@id":"https:\/\/akunq.net\/tr\/?p=64929"},"wordCount":595,"commentCount":0,"image":{"@id":"https:\/\/akunq.net\/tr\/?p=64929#primaryimage"},"thumbnailUrl":"https:\/\/akunq.net\/tr\/wp-content\/uploads\/sites\/6\/2021\/09\/Suryani-Manastir.jpeg","articleSection":["Haberler"],"inLanguage":"en-US","potentialAction":[{"@type":"CommentAction","name":"Comment","target":["https:\/\/akunq.net\/tr\/?p=64929#respond"]}]},{"@type":"WebPage","@id":"https:\/\/akunq.net\/tr\/?p=64929","url":"https:\/\/akunq.net\/tr\/?p=64929","name":"S\u00fcryani kadim Mor Barsavmo Manast\u0131r\u0131 - Bati Ermenistan Ve Bati Ermenileri Sorunlari Ara\u015ftirmalar Merkezi","isPartOf":{"@id":"https:\/\/akunq.net\/tr\/#website"},"primaryImageOfPage":{"@id":"https:\/\/akunq.net\/tr\/?p=64929#primaryimage"},"image":{"@id":"https:\/\/akunq.net\/tr\/?p=64929#primaryimage"},"thumbnailUrl":"https:\/\/akunq.net\/tr\/wp-content\/uploads\/sites\/6\/2021\/09\/Suryani-Manastir.jpeg","datePublished":"2021-09-29T07:55:45+00:00","author":{"@id":"https:\/\/akunq.net\/tr\/#\/schema\/person\/096f1d38a12cce57fb855b485ed24c9e"},"breadcrumb":{"@id":"https:\/\/akunq.net\/tr\/?p=64929#breadcrumb"},"inLanguage":"en-US","potentialAction":[{"@type":"ReadAction","target":["https:\/\/akunq.net\/tr\/?p=64929"]}]},{"@type":"ImageObject","inLanguage":"en-US","@id":"https:\/\/akunq.net\/tr\/?p=64929#primaryimage","url":"https:\/\/akunq.net\/tr\/wp-content\/uploads\/sites\/6\/2021\/09\/Suryani-Manastir.jpeg","contentUrl":"https:\/\/akunq.net\/tr\/wp-content\/uploads\/sites\/6\/2021\/09\/Suryani-Manastir.jpeg","width":250,"height":252},{"@type":"BreadcrumbList","@id":"https:\/\/akunq.net\/tr\/?p=64929#breadcrumb","itemListElement":[{"@type":"ListItem","position":1,"name":"Home","item":"https:\/\/akunq.net\/tr"},{"@type":"ListItem","position":2,"name":"S\u00fcryani kadim Mor Barsavmo Manast\u0131r\u0131"}]},{"@type":"WebSite","@id":"https:\/\/akunq.net\/tr\/#website","url":"https:\/\/akunq.net\/tr\/","name":"Bati Ermenistan Ve Bati Ermenileri Sorunlari Ara\u015ftirmalar Merkezi","description":"","potentialAction":[{"@type":"SearchAction","target":{"@type":"EntryPoint","urlTemplate":"https:\/\/akunq.net\/tr\/?s={search_term_string}"},"query-input":{"@type":"PropertyValueSpecification","valueRequired":true,"valueName":"search_term_string"}}],"inLanguage":"en-US"},{"@type":"Person","@id":"https:\/\/akunq.net\/tr\/#\/schema\/person\/096f1d38a12cce57fb855b485ed24c9e","name":"admin","url":"https:\/\/akunq.net\/tr\/?author=7"}]}},"_links":{"self":[{"href":"https:\/\/akunq.net\/tr\/index.php?rest_route=\/wp\/v2\/posts\/64929","targetHints":{"allow":["GET"]}}],"collection":[{"href":"https:\/\/akunq.net\/tr\/index.php?rest_route=\/wp\/v2\/posts"}],"about":[{"href":"https:\/\/akunq.net\/tr\/index.php?rest_route=\/wp\/v2\/types\/post"}],"author":[{"embeddable":true,"href":"https:\/\/akunq.net\/tr\/index.php?rest_route=\/wp\/v2\/users\/7"}],"replies":[{"embeddable":true,"href":"https:\/\/akunq.net\/tr\/index.php?rest_route=%2Fwp%2Fv2%2Fcomments&post=64929"}],"version-history":[{"count":1,"href":"https:\/\/akunq.net\/tr\/index.php?rest_route=\/wp\/v2\/posts\/64929\/revisions"}],"predecessor-version":[{"id":64931,"href":"https:\/\/akunq.net\/tr\/index.php?rest_route=\/wp\/v2\/posts\/64929\/revisions\/64931"}],"wp:featuredmedia":[{"embeddable":true,"href":"https:\/\/akunq.net\/tr\/index.php?rest_route=\/wp\/v2\/media\/64930"}],"wp:attachment":[{"href":"https:\/\/akunq.net\/tr\/index.php?rest_route=%2Fwp%2Fv2%2Fmedia&parent=64929"}],"wp:term":[{"taxonomy":"category","embeddable":true,"href":"https:\/\/akunq.net\/tr\/index.php?rest_route=%2Fwp%2Fv2%2Fcategories&post=64929"},{"taxonomy":"post_tag","embeddable":true,"href":"https:\/\/akunq.net\/tr\/index.php?rest_route=%2Fwp%2Fv2%2Ftags&post=64929"}],"curies":[{"name":"wp","href":"https:\/\/api.w.org\/{rel}","templated":true}]}}