{"id":64908,"date":"2021-09-28T02:23:02","date_gmt":"2021-09-28T07:23:02","guid":{"rendered":"https:\/\/akunq.net\/tr\/?p=64908"},"modified":"2021-09-28T02:23:02","modified_gmt":"2021-09-28T07:23:02","slug":"hdp-secimlere-yonelik-tutum-belgesini-acikladi","status":"publish","type":"post","link":"https:\/\/akunq.net\/tr\/?p=64908","title":{"rendered":"HDP se\u00e7imlere y\u00f6nelik tutum belgesini a\u00e7\u0131klad\u0131"},"content":{"rendered":"<p><img loading=\"lazy\" decoding=\"async\" class=\"aligncenter size-medium wp-image-64909\" src=\"https:\/\/akunq.net\/tr\/wp-content\/uploads\/2021\/09\/HDP-360x202.jpg\" alt=\"\" width=\"360\" height=\"202\" srcset=\"https:\/\/akunq.net\/tr\/wp-content\/uploads\/sites\/6\/2021\/09\/HDP-360x202.jpg 360w, https:\/\/akunq.net\/tr\/wp-content\/uploads\/sites\/6\/2021\/09\/HDP-768x431.jpg 768w, https:\/\/akunq.net\/tr\/wp-content\/uploads\/sites\/6\/2021\/09\/HDP-560x314.jpg 560w, https:\/\/akunq.net\/tr\/wp-content\/uploads\/sites\/6\/2021\/09\/HDP-260x146.jpg 260w, https:\/\/akunq.net\/tr\/wp-content\/uploads\/sites\/6\/2021\/09\/HDP-160x90.jpg 160w, https:\/\/akunq.net\/tr\/wp-content\/uploads\/sites\/6\/2021\/09\/HDP.jpg 1024w\" sizes=\"auto, (max-width: 360px) 100vw, 360px\" \/><\/p>\n<p><em><strong>Halklar\u0131n Demokratik Partisi (HDP), 2023 se\u00e7imleri \u00f6ncesi ve sonras\u0131na d\u00f6n\u00fck siyasetini, 11 maddelik deklarasyonla a\u00e7\u0131klad\u0131. Deklarasyonda HDP&#8217;nin bir se\u00e7im ittifak\u0131 aray\u0131\u015f\u0131nda olmad\u0131\u011f\u0131 ancak K\u00fcrt sorunu ve Cumhurba\u015fkanl\u0131\u011f\u0131 se\u00e7imi ba\u015fta olmak T\u00fcrkiye&#8217;nin \u00f6nemli sorunlar\u0131n\u0131n \u00e7\u00f6z\u00fcm\u00fc i\u00e7in m\u00fczakereye ve ortak y\u00f6netime haz\u0131r oldu\u011fu belirtildi.<\/strong><\/em><\/p>\n<p>HDP E\u015f Genel Ba\u015fkanlar\u0131 Pervin Buldan ve Mithat Sancar,\u00a0 se\u00e7imlere y\u00f6nelik partinin tutumunu 11 madden olu\u015fan &#8220;Hep beraber kazanal\u0131m&#8221; ba\u015fl\u0131kl\u0131 deklarasyonla kamuoyuna a\u00e7\u0131klad\u0131.<\/p>\n<p>Tutum belgesinin a\u00e7\u0131kland\u0131\u011f\u0131 toplant\u0131ya, yerlerine kayyum atanan Mardin B\u00fcy\u00fck\u015fehir Belediye Ba\u015fkan\u0131 Ahmet T\u00fcrk, A\u011fr\u0131 Belediye Ba\u015fkan\u0131 S\u0131rr\u0131 Sak\u0131k, \u00f6nceki d\u00f6nem miletvekillerinden S\u0131rr\u0131 S\u00fcreyya \u00d6nder de kat\u0131ld\u0131. Buldan ve Sancar deklarasyonu birlikte okudu.<\/p>\n<p>\u00d6n\u00fcm\u00fczdeki d\u00f6nemin ve se\u00e7imlerin demokratik cumhuriyetin olu\u015fmas\u0131 a\u00e7\u0131s\u0131ndan en \u00f6nemli d\u00f6neme\u00e7lerden biri olaca\u011f\u0131 kaydedilen deklarasyonda, HDP&#8217;nin m\u00fczakereci bir anlay\u0131\u015fla &#8220;yeni bir demokratik ba\u015flang\u0131c\u0131n anahtar\u0131 olarak&#8221; sorumluluk \u00fcstlenmesi gere\u011fine vurgu yap\u0131ld\u0131.<\/p>\n<p>Deklarasyonda, HDP&#8217;nin ittifaklara ili\u015fkin tutumu \u015f\u00f6yle a\u00e7\u0131kland\u0131:<\/p>\n<p>&#8220;Bizler, parlamento se\u00e7imleri i\u00e7in &#8216;Demokrasi \u0130ttifak\u0131&#8217; \u015fiar\u0131yla; halklar ve bar\u0131\u015f ittifak\u0131, kad\u0131n dayan\u0131\u015fmas\u0131 ve ittifak\u0131, ekoloji ittifak\u0131 anlay\u0131\u015f\u0131 temelinde, toplumsal ve siyasal muhalefet, emek, kad\u0131n ve gen\u00e7lik hareketleri ile en geni\u015f birlikteli\u011fi ve ortak m\u00fccadele zeminini b\u00fcy\u00fctme ve bu yoldaki g\u00fc\u00e7l\u00fc y\u00fcr\u00fcy\u00fc\u015f\u00fcm\u00fcz\u00fc s\u00fcrd\u00fcrme kararl\u0131l\u0131\u011f\u0131nday\u0131z. Bunun d\u0131\u015f\u0131nda herhangi bir ittifak i\u00e7inde yer alma aray\u0131\u015f\u0131m\u0131z\u0131n olmad\u0131\u011f\u0131n\u0131 a\u00e7\u0131kl\u0131kla vurguluyoruz.&#8221;<\/p>\n<p>Cumhurba\u015fkanl\u0131\u011f\u0131 H\u00fck\u00fcmet Sistemi&#8217;ni &#8220;de\u011fi\u015ftirme&#8221; hedefine yer verilen deklarasyonda, cumhurba\u015fkan\u0131 aday\u0131n\u0131n &#8220;ilkeler&#8221; etraf\u0131nda, m\u00fczakereyle belirlenmesi istendi:<\/p>\n<p>&#8220;\u0130ster HDP&#8217;li isterse ba\u015fka bir aday olsun, isimler yerine ilkelerin ve y\u00f6ntemlerin tart\u0131\u015f\u0131lmas\u0131n\u0131n gerekli oldu\u011fu inanc\u0131nday\u0131z. \u00c7\u00fcnk\u00fc demokratik d\u00f6n\u00fc\u015f\u00fcm \u015fah\u0131slar arac\u0131l\u0131\u011f\u0131yla de\u011fil, ilkeler ve y\u00f6ntemler \u00fczerinde m\u00fczakere ve mutabakat yoluyla ger\u00e7ekle\u015febilir. Se\u00e7ilecek Cumhurba\u015fkan\u0131 da rol\u00fcn\u00fc ve i\u015flevini ancak bu zeminde do\u011fru bir \u015fekilde yerine getirebilir.&#8221;<\/p>\n<p>Deklarasyonda, HDP&#8217;nin ilkeleri 11 maddelik, &#8220;G\u00fc\u00e7l\u00fc demokrasi&#8221;, &#8220;tarafs\u0131z ve ba\u011f\u0131ms\u0131z yarg\u0131&#8221;, &#8220;kayy\u0131m rejimi de\u011fil halk iradesi&#8221;, &#8220;K\u00fcrt sorununa demokratik \u00e7\u00f6z\u00fcm&#8221;, &#8220;ba\u015f\u0131\u015f\u00e7\u0131 d\u0131\u015f politika&#8221;, &#8220;kad\u0131na \u00f6zg\u00fcrl\u00fck ve e\u015fitlik&#8221;,&#8221;kamu y\u00f6netiminde liyakat&#8221;, &#8220;do\u011faya sayg\u0131&#8221;, &#8220;gen\u00e7ler i\u00e7in \u00f6zg\u00fcr ya\u015fam&#8221; ve &#8220;demokratik anayasa&#8221; ba\u015fl\u0131klar\u0131 alt\u0131nda s\u0131raland\u0131.<\/p>\n<p>&#8220;G\u00fc\u00e7l\u00fc demokrasi&#8221; ba\u015fl\u0131\u011f\u0131 alt\u0131nda, geni\u015f yetkilere sahip \u00e7o\u011fulcu parlamento ve kuvvetler ayr\u0131l\u0131\u011f\u0131n\u0131n i\u015fledi\u011fi, denge ve denetleme mekanizmalar\u0131n\u0131n etkili oldu\u011fu Demokratik Parlamenter Sistem&#8221; \u00f6nerilirken, g\u00fc\u00e7l\u00fc demokrasi i\u00e7in yerel y\u00f6netimlere yetki ve kaynak devrinin g\u00fcvence alt\u0131na al\u0131nmas\u0131 gerekti\u011fi ifade edildi.<\/p>\n<p>&#8220;Tarafs\u0131z ve ba\u011f\u0131ms\u0131z yarg\u0131&#8221; ba\u015fl\u0131\u011f\u0131 alt\u0131nda yarg\u0131 kurumunun y\u00fcr\u00fctmenin vesayeti alt\u0131nda oldu\u011fu ve muhalefeti tasfiye etme arac\u0131 olarak kullan\u0131ld\u0131\u011f\u0131 belirtilerek, &#8220;Bu nedenle t\u00fcm siyasi davalar\u0131n ve mahkumiyetlerin sonu\u00e7lar\u0131yla birlikte ortadan kald\u0131r\u0131lmas\u0131n\u0131, adaletin ve toplumsal bar\u0131\u015f\u0131n tesisi a\u00e7\u0131s\u0131ndan bir gereklilik olarak g\u00f6r\u00fcyoruz&#8221; g\u00f6r\u00fc\u015f\u00fcne yer verildi.<\/p>\n<p><strong>K\u00fcrt sorunu ve CHP&#8217;nin \u00e7\u0131k\u0131\u015f\u0131<\/strong><\/p>\n<p>Cumhuriyet Halk Partisi (CHP) Genel Ba\u015fkan\u0131 Kemal K\u0131l\u0131\u00e7daro\u011flu&#8217;nun K\u00fcrt sorununun \u00e7\u00f6z\u00fcm\u00fc i\u00e7in HDP&#8217;yi muhatap g\u00f6stermesi de\u00a0 tutum belgesinde yer buldu, Belgede \u015fu ifadelere yer verildi:<\/p>\n<p>&#8220;T\u00fcrkiye&#8217;nin \u00e7\u00f6zmesi gereken en k\u00f6kl\u00fc sorunu K\u00fcrt sorunudur. HDP, demokratik \u00e7\u00f6z\u00fcm ve bar\u0131\u015f konusunda \u00fczerine d\u00fc\u015fen her \u015feyi yapmaya, T\u00fcrkiye&#8217;deki b\u00fct\u00fcn toplumsal kesimlerin sorunlar\u0131n\u0131 ve kayg\u0131lar\u0131n\u0131 dikkate alan yap\u0131c\u0131 bir rol \u00fcstlenmeye haz\u0131rd\u0131r. Bu \u00e7er\u00e7evede, ba\u015fta anadili hakk\u0131 olmak \u00fczere t\u00fcm evrensel kimlik haklar\u0131n\u0131n tan\u0131nmas\u0131 i\u00e7in gerekli d\u00fczenlemelerin yap\u0131lmas\u0131 b\u00fcy\u00fck \u00f6nem ta\u015f\u0131maktad\u0131r.&#8221;<\/p>\n<p><strong>Silahs\u0131z \u00e7\u00f6z\u00fcm<\/strong><\/p>\n<p>Deklarasyonda t\u00fcm kesimlere y\u00f6nelik &#8220;silahs\u0131z \u00e7\u00f6z\u00fcm&#8221; \u00e7a\u011fr\u0131s\u0131 yap\u0131ld\u0131:<\/p>\n<p>&#8220;Sava\u015f politikalar\u0131, silah ve \u00e7at\u0131\u015fma y\u00f6ntemleri yerine, diyalog ve m\u00fczakere se\u00e7eneklerinin kendini tarihsel olarak dayatt\u0131\u011f\u0131 ve g\u00fcncel oldu\u011fu a\u015fik\u00e2rd\u0131r. Bunun i\u00e7in T\u00fcrkiye halklar\u0131n\u0131n t\u00fcm\u00fcn\u00fcn yarar\u0131n\u0131 ve gelece\u011fini d\u00fc\u015f\u00fcnerek herkes \u00f6zveride ve fedak\u00e2rl\u0131kta bulunarak ad\u0131m atmal\u0131d\u0131r. Sorunlar\u0131m\u0131z\u0131 \u015fiddet arac\u0131l\u0131\u011f\u0131yla de\u011fil; konu\u015farak, m\u00fczakere ederek, diyalog yoluyla \u00e7\u00f6zmek temel d\u00fcsturumuzdur.&#8221;<\/p>\n<p>Deklarasyonda, anayasan\u0131n &#8220;farkl\u0131 k\u00fclt\u00fcrlere, kimliklere, inan\u00e7lara anadillere ve ya\u015fam tarzlar\u0131na sayg\u0131ya dayal\u0131, e\u015fit yurtta\u015fl\u0131\u011f\u0131 esas alan&#8221; bir anlay\u0131\u015f i\u00e7ermesi gerekti\u011fi; haz\u0131rlanma s\u00fcrecinin deyine demokratik kat\u0131l\u0131m ve m\u00fczakereyle y\u00fcr\u00fct\u00fclmesi gerekti\u011fi ifade edildi.<\/p>\n<p>Deklarasyonda &#8220;demokrasiye, adalete, bar\u0131\u015fa \u00e7a\u011fr\u0131&#8221; yap\u0131l\u0131rken, partinin bunu ger\u00e7ekle\u015ftirmek i\u00e7in i\u00e7in t\u00fcm kesimlerle g\u00f6r\u00fc\u015ferek &#8220;ortak y\u00f6netme&#8221; sorumlulu\u011fu almaya haz\u0131r oldu\u011fu vurguland\u0131:<\/p>\n<p>&#8220;HDP olarak yukar\u0131da ifade etti\u011fimiz ilkelerin ya\u015fama ge\u00e7irilmesinden yana t\u00fcm toplumsal taraflarla ve siyasi akt\u00f6rlerle g\u00f6r\u00fc\u015fmeye ve m\u00fczakere etmeye, birlikte y\u00fcr\u00fcmeye, ortak m\u00fccadeleye ve ortak y\u00f6netime haz\u0131r oldu\u011fumuzu vurguluyoruz. T\u00fcrkiye&#8217;nin ayd\u0131nl\u0131k gelece\u011fini d\u00fc\u015f\u00fcnen t\u00fcm kurum, kurulu\u015f ve partilere, tek tek yurtta\u015flara \u00e7a\u011fr\u0131m\u0131zd\u0131r: Hep beraber sorumluluk alal\u0131m. Ki\u015fisel hesaplar, partizan faydac\u0131l\u0131k yerine ortak ak\u0131l ve birlikte in\u015fa anlay\u0131\u015f\u0131 esas olmal\u0131d\u0131r. T\u00fcrkiye halklar\u0131 \u00e7\u00f6z\u00fcm \u00fcretmeyen, ortak ak\u0131ldan uzakla\u015fan politikalara ve y\u00f6netimlere; ayr\u0131mc\u0131l\u0131k, nefret s\u00f6ylemi ve toplumsal kutupla\u015fmaya mahk\u00fbm de\u011fildir. Hep beraber demokrasi, hep beraber adalet, hep beraber bar\u0131\u015f!&#8221;<\/p>\n<p>Deklarasyonun a\u00e7\u0131klanmas\u0131n\u0131n ard\u0131ndan gazetecilerin sorular\u0131n\u0131 yan\u0131tlayan Ahmet T\u00fcrk, bar\u0131\u015f\u00e7\u0131l \u00e7\u00f6z\u00fcm i\u00e7in &#8220;ortak ak\u0131lla hareket edilmesi gerekti\u011fini s\u00f6yledi.<\/p>\n<p>CHP lideri Kemal K\u0131l\u0131\u00e7daro\u011flu&#8217;nun K\u00fcrt sorunu konusunda yapt\u0131\u011f\u0131 a\u00e7\u0131klaman\u0131n \u00f6nemli oldu\u011funu belirten T\u00fcrk, ancak bu konuda daha geni\u015f mutabakata gereksinim oldu\u011funu s\u00f6yledi:<\/p>\n<p>&#8220;B\u00fcy\u00fck ac\u0131lar\u0131n ya\u015fand\u0131\u011f\u0131, \u00e7at\u0131\u015fmalar\u0131n ya\u015fand\u0131\u011f\u0131, toplumun adeta kar\u015f\u0131 kar\u015f\u0131ya geldi\u011fi s\u00fcre\u00e7ler ya\u015fad\u0131k. T\u00fcrkiye&#8217;nin bu s\u00fcrece tahamm\u00fcl\u00fc kalmad\u0131. Bunun \u00e7\u00f6z\u00fcm\u00fc ancak diyalogla olur, demokratik hak ve \u00f6zg\u00fcrl\u00fcklerin g\u00fcndeme getirilmesi ile olur. Burada CHP&#8221; nin a\u00e7\u0131klamas\u0131n\u0131 baz\u0131 partilerin yapt\u0131\u011f\u0131 a\u00e7\u0131klamay\u0131 de\u011ferli g\u00f6r\u00fcyoruz. Ama b\u00f6yle bir meselede bunu daha geni\u015f bir mutabakatla T\u00fcrkiye g\u00fcndemine getirmek \u00e7\u00f6z\u00fcm konusundaki aray\u0131\u015flar\u0131n \u00f6nemli oldu\u011funu g\u00f6r\u00fcyoruz. Bu konuda e\u011fer ger\u00e7ekten bar\u0131\u015f\u00e7\u0131 bir s\u00fcrecin geli\u015fmesini istiyorsak, ortak ak\u0131lla hareket etmenin d\u00f6nemidir diye d\u00fc\u015f\u00fcn\u00fcyoruz.&#8221;<\/p>\n<p>&#8220;Mesaj \u00e7ok a\u00e7\u0131kt\u0131r; yani biz haz\u0131r\u0131z, bar\u0131\u015f i\u00e7in, e\u015fitlik i\u00e7in her t\u00fcrl\u00fc \u00e7al\u0131\u015fman\u0131n i\u00e7inde bulunuruz meseaj\u0131 ortaya \u00e7\u0131kt\u0131 bence en \u00f6nemli mesaj buydu. T\u00fcrkiye kamuoyunun siyaset yapan siyasi partiler, sivil toplum \u00f6rg\u00fct\u00fcn\u00fcn bizim art\u0131k bu sorunun \u00e7\u00f6z\u00fcm\u00fc konusunda diyalogdan yana oldu\u011fumuzu, ,demokratik siyasetin asl\u0131nda muhatab\u0131 oldu\u011funun a\u00e7\u0131klamas\u0131 olarak de\u011ferlendirilmeli.&#8221;<\/p>\n<p><em><strong>(Ajanslar, BBC T\u00fcrk\u00e7e, HDP)<\/strong><\/em><\/p>\n<p><strong><em>http:\/\/www.agos.com.tr\/tr\/yazi\/26207\/hdp-secimlere-yonelik-tutum-belgesini-acikladi\u00a0<\/em><\/strong><\/p>\n","protected":false},"excerpt":{"rendered":"<p>Halklar\u0131n Demokratik Partisi (HDP), 2023 se\u00e7imleri \u00f6ncesi ve sonras\u0131na d\u00f6n\u00fck siyasetini, 11 maddelik deklarasyonla a\u00e7\u0131klad\u0131. Deklarasyonda HDP&#8217;nin bir se\u00e7im ittifak\u0131 aray\u0131\u015f\u0131nda olmad\u0131\u011f\u0131 ancak K\u00fcrt sorunu ve Cumhurba\u015fkanl\u0131\u011f\u0131 se\u00e7imi ba\u015fta olmak T\u00fcrkiye&#8217;nin \u00f6nemli sorunlar\u0131n\u0131n \u00e7\u00f6z\u00fcm\u00fc i\u00e7in m\u00fczakereye ve ortak y\u00f6netime haz\u0131r oldu\u011fu belirtildi. HDP E\u015f Genel Ba\u015fkanlar\u0131 Pervin Buldan ve Mithat Sancar,\u00a0 se\u00e7imlere y\u00f6nelik partinin tutumunu [&hellip;]<\/p>\n","protected":false},"author":7,"featured_media":64909,"comment_status":"open","ping_status":"open","sticky":false,"template":"","format":"standard","meta":{"footnotes":""},"categories":[1],"tags":[],"class_list":["post-64908","post","type-post","status-publish","format-standard","has-post-thumbnail","hentry","category-haberler"],"yoast_head":"<!-- This site is optimized with the Yoast SEO plugin v27.4 - https:\/\/yoast.com\/product\/yoast-seo-wordpress\/ -->\n<title>HDP se\u00e7imlere y\u00f6nelik tutum belgesini a\u00e7\u0131klad\u0131 - Bati Ermenistan Ve Bati Ermenileri Sorunlari Ara\u015ftirmalar Merkezi<\/title>\n<meta name=\"robots\" content=\"index, follow, max-snippet:-1, max-image-preview:large, max-video-preview:-1\" \/>\n<link rel=\"canonical\" href=\"https:\/\/akunq.net\/tr\/?p=64908\" \/>\n<meta property=\"og:locale\" content=\"en_US\" \/>\n<meta property=\"og:type\" content=\"article\" \/>\n<meta property=\"og:title\" content=\"HDP se\u00e7imlere y\u00f6nelik tutum belgesini a\u00e7\u0131klad\u0131 - Bati Ermenistan Ve Bati Ermenileri Sorunlari Ara\u015ftirmalar Merkezi\" \/>\n<meta property=\"og:description\" content=\"Halklar\u0131n Demokratik Partisi (HDP), 2023 se\u00e7imleri \u00f6ncesi ve sonras\u0131na d\u00f6n\u00fck siyasetini, 11 maddelik deklarasyonla a\u00e7\u0131klad\u0131. Deklarasyonda HDP&#8217;nin bir se\u00e7im ittifak\u0131 aray\u0131\u015f\u0131nda olmad\u0131\u011f\u0131 ancak K\u00fcrt sorunu ve Cumhurba\u015fkanl\u0131\u011f\u0131 se\u00e7imi ba\u015fta olmak T\u00fcrkiye&#8217;nin \u00f6nemli sorunlar\u0131n\u0131n \u00e7\u00f6z\u00fcm\u00fc i\u00e7in m\u00fczakereye ve ortak y\u00f6netime haz\u0131r oldu\u011fu belirtildi. HDP E\u015f Genel Ba\u015fkanlar\u0131 Pervin Buldan ve Mithat Sancar,\u00a0 se\u00e7imlere y\u00f6nelik partinin tutumunu [&hellip;]\" \/>\n<meta property=\"og:url\" content=\"https:\/\/akunq.net\/tr\/?p=64908\" \/>\n<meta property=\"og:site_name\" content=\"Bati Ermenistan Ve Bati Ermenileri Sorunlari Ara\u015ftirmalar Merkezi\" \/>\n<meta property=\"article:published_time\" content=\"2021-09-28T07:23:02+00:00\" \/>\n<meta property=\"og:image\" content=\"https:\/\/akunq.net\/tr\/wp-content\/uploads\/sites\/6\/2021\/09\/HDP.jpg\" \/>\n\t<meta property=\"og:image:width\" content=\"1024\" \/>\n\t<meta property=\"og:image:height\" content=\"575\" \/>\n\t<meta property=\"og:image:type\" content=\"image\/jpeg\" \/>\n<meta name=\"author\" content=\"admin\" \/>\n<meta name=\"twitter:card\" content=\"summary_large_image\" \/>\n<meta name=\"twitter:label1\" content=\"Written by\" \/>\n\t<meta name=\"twitter:data1\" content=\"admin\" \/>\n\t<meta name=\"twitter:label2\" content=\"Est. reading time\" \/>\n\t<meta name=\"twitter:data2\" content=\"6 minutes\" \/>\n<script type=\"application\/ld+json\" class=\"yoast-schema-graph\">{\"@context\":\"https:\\\/\\\/schema.org\",\"@graph\":[{\"@type\":\"Article\",\"@id\":\"https:\\\/\\\/akunq.net\\\/tr\\\/?p=64908#article\",\"isPartOf\":{\"@id\":\"https:\\\/\\\/akunq.net\\\/tr\\\/?p=64908\"},\"author\":{\"name\":\"admin\",\"@id\":\"https:\\\/\\\/akunq.net\\\/tr\\\/#\\\/schema\\\/person\\\/096f1d38a12cce57fb855b485ed24c9e\"},\"headline\":\"HDP se\u00e7imlere y\u00f6nelik tutum belgesini a\u00e7\u0131klad\u0131\",\"datePublished\":\"2021-09-28T07:23:02+00:00\",\"mainEntityOfPage\":{\"@id\":\"https:\\\/\\\/akunq.net\\\/tr\\\/?p=64908\"},\"wordCount\":1269,\"commentCount\":0,\"image\":{\"@id\":\"https:\\\/\\\/akunq.net\\\/tr\\\/?p=64908#primaryimage\"},\"thumbnailUrl\":\"https:\\\/\\\/akunq.net\\\/tr\\\/wp-content\\\/uploads\\\/sites\\\/6\\\/2021\\\/09\\\/HDP.jpg\",\"articleSection\":[\"Haberler\"],\"inLanguage\":\"en-US\",\"potentialAction\":[{\"@type\":\"CommentAction\",\"name\":\"Comment\",\"target\":[\"https:\\\/\\\/akunq.net\\\/tr\\\/?p=64908#respond\"]}]},{\"@type\":\"WebPage\",\"@id\":\"https:\\\/\\\/akunq.net\\\/tr\\\/?p=64908\",\"url\":\"https:\\\/\\\/akunq.net\\\/tr\\\/?p=64908\",\"name\":\"HDP se\u00e7imlere y\u00f6nelik tutum belgesini a\u00e7\u0131klad\u0131 - Bati Ermenistan Ve Bati Ermenileri Sorunlari Ara\u015ftirmalar Merkezi\",\"isPartOf\":{\"@id\":\"https:\\\/\\\/akunq.net\\\/tr\\\/#website\"},\"primaryImageOfPage\":{\"@id\":\"https:\\\/\\\/akunq.net\\\/tr\\\/?p=64908#primaryimage\"},\"image\":{\"@id\":\"https:\\\/\\\/akunq.net\\\/tr\\\/?p=64908#primaryimage\"},\"thumbnailUrl\":\"https:\\\/\\\/akunq.net\\\/tr\\\/wp-content\\\/uploads\\\/sites\\\/6\\\/2021\\\/09\\\/HDP.jpg\",\"datePublished\":\"2021-09-28T07:23:02+00:00\",\"author\":{\"@id\":\"https:\\\/\\\/akunq.net\\\/tr\\\/#\\\/schema\\\/person\\\/096f1d38a12cce57fb855b485ed24c9e\"},\"breadcrumb\":{\"@id\":\"https:\\\/\\\/akunq.net\\\/tr\\\/?p=64908#breadcrumb\"},\"inLanguage\":\"en-US\",\"potentialAction\":[{\"@type\":\"ReadAction\",\"target\":[\"https:\\\/\\\/akunq.net\\\/tr\\\/?p=64908\"]}]},{\"@type\":\"ImageObject\",\"inLanguage\":\"en-US\",\"@id\":\"https:\\\/\\\/akunq.net\\\/tr\\\/?p=64908#primaryimage\",\"url\":\"https:\\\/\\\/akunq.net\\\/tr\\\/wp-content\\\/uploads\\\/sites\\\/6\\\/2021\\\/09\\\/HDP.jpg\",\"contentUrl\":\"https:\\\/\\\/akunq.net\\\/tr\\\/wp-content\\\/uploads\\\/sites\\\/6\\\/2021\\\/09\\\/HDP.jpg\",\"width\":1024,\"height\":575},{\"@type\":\"BreadcrumbList\",\"@id\":\"https:\\\/\\\/akunq.net\\\/tr\\\/?p=64908#breadcrumb\",\"itemListElement\":[{\"@type\":\"ListItem\",\"position\":1,\"name\":\"Home\",\"item\":\"https:\\\/\\\/akunq.net\\\/tr\"},{\"@type\":\"ListItem\",\"position\":2,\"name\":\"HDP se\u00e7imlere y\u00f6nelik tutum belgesini a\u00e7\u0131klad\u0131\"}]},{\"@type\":\"WebSite\",\"@id\":\"https:\\\/\\\/akunq.net\\\/tr\\\/#website\",\"url\":\"https:\\\/\\\/akunq.net\\\/tr\\\/\",\"name\":\"Bati Ermenistan Ve Bati Ermenileri Sorunlari Ara\u015ftirmalar Merkezi\",\"description\":\"\",\"potentialAction\":[{\"@type\":\"SearchAction\",\"target\":{\"@type\":\"EntryPoint\",\"urlTemplate\":\"https:\\\/\\\/akunq.net\\\/tr\\\/?s={search_term_string}\"},\"query-input\":{\"@type\":\"PropertyValueSpecification\",\"valueRequired\":true,\"valueName\":\"search_term_string\"}}],\"inLanguage\":\"en-US\"},{\"@type\":\"Person\",\"@id\":\"https:\\\/\\\/akunq.net\\\/tr\\\/#\\\/schema\\\/person\\\/096f1d38a12cce57fb855b485ed24c9e\",\"name\":\"admin\",\"url\":\"https:\\\/\\\/akunq.net\\\/tr\\\/?author=7\"}]}<\/script>\n<!-- \/ Yoast SEO plugin. -->","yoast_head_json":{"title":"HDP se\u00e7imlere y\u00f6nelik tutum belgesini a\u00e7\u0131klad\u0131 - Bati Ermenistan Ve Bati Ermenileri Sorunlari Ara\u015ftirmalar Merkezi","robots":{"index":"index","follow":"follow","max-snippet":"max-snippet:-1","max-image-preview":"max-image-preview:large","max-video-preview":"max-video-preview:-1"},"canonical":"https:\/\/akunq.net\/tr\/?p=64908","og_locale":"en_US","og_type":"article","og_title":"HDP se\u00e7imlere y\u00f6nelik tutum belgesini a\u00e7\u0131klad\u0131 - Bati Ermenistan Ve Bati Ermenileri Sorunlari Ara\u015ftirmalar Merkezi","og_description":"Halklar\u0131n Demokratik Partisi (HDP), 2023 se\u00e7imleri \u00f6ncesi ve sonras\u0131na d\u00f6n\u00fck siyasetini, 11 maddelik deklarasyonla a\u00e7\u0131klad\u0131. Deklarasyonda HDP&#8217;nin bir se\u00e7im ittifak\u0131 aray\u0131\u015f\u0131nda olmad\u0131\u011f\u0131 ancak K\u00fcrt sorunu ve Cumhurba\u015fkanl\u0131\u011f\u0131 se\u00e7imi ba\u015fta olmak T\u00fcrkiye&#8217;nin \u00f6nemli sorunlar\u0131n\u0131n \u00e7\u00f6z\u00fcm\u00fc i\u00e7in m\u00fczakereye ve ortak y\u00f6netime haz\u0131r oldu\u011fu belirtildi. HDP E\u015f Genel Ba\u015fkanlar\u0131 Pervin Buldan ve Mithat Sancar,\u00a0 se\u00e7imlere y\u00f6nelik partinin tutumunu [&hellip;]","og_url":"https:\/\/akunq.net\/tr\/?p=64908","og_site_name":"Bati Ermenistan Ve Bati Ermenileri Sorunlari Ara\u015ftirmalar Merkezi","article_published_time":"2021-09-28T07:23:02+00:00","og_image":[{"width":1024,"height":575,"url":"https:\/\/akunq.net\/tr\/wp-content\/uploads\/sites\/6\/2021\/09\/HDP.jpg","type":"image\/jpeg"}],"author":"admin","twitter_card":"summary_large_image","twitter_misc":{"Written by":"admin","Est. reading time":"6 minutes"},"schema":{"@context":"https:\/\/schema.org","@graph":[{"@type":"Article","@id":"https:\/\/akunq.net\/tr\/?p=64908#article","isPartOf":{"@id":"https:\/\/akunq.net\/tr\/?p=64908"},"author":{"name":"admin","@id":"https:\/\/akunq.net\/tr\/#\/schema\/person\/096f1d38a12cce57fb855b485ed24c9e"},"headline":"HDP se\u00e7imlere y\u00f6nelik tutum belgesini a\u00e7\u0131klad\u0131","datePublished":"2021-09-28T07:23:02+00:00","mainEntityOfPage":{"@id":"https:\/\/akunq.net\/tr\/?p=64908"},"wordCount":1269,"commentCount":0,"image":{"@id":"https:\/\/akunq.net\/tr\/?p=64908#primaryimage"},"thumbnailUrl":"https:\/\/akunq.net\/tr\/wp-content\/uploads\/sites\/6\/2021\/09\/HDP.jpg","articleSection":["Haberler"],"inLanguage":"en-US","potentialAction":[{"@type":"CommentAction","name":"Comment","target":["https:\/\/akunq.net\/tr\/?p=64908#respond"]}]},{"@type":"WebPage","@id":"https:\/\/akunq.net\/tr\/?p=64908","url":"https:\/\/akunq.net\/tr\/?p=64908","name":"HDP se\u00e7imlere y\u00f6nelik tutum belgesini a\u00e7\u0131klad\u0131 - Bati Ermenistan Ve Bati Ermenileri Sorunlari Ara\u015ftirmalar Merkezi","isPartOf":{"@id":"https:\/\/akunq.net\/tr\/#website"},"primaryImageOfPage":{"@id":"https:\/\/akunq.net\/tr\/?p=64908#primaryimage"},"image":{"@id":"https:\/\/akunq.net\/tr\/?p=64908#primaryimage"},"thumbnailUrl":"https:\/\/akunq.net\/tr\/wp-content\/uploads\/sites\/6\/2021\/09\/HDP.jpg","datePublished":"2021-09-28T07:23:02+00:00","author":{"@id":"https:\/\/akunq.net\/tr\/#\/schema\/person\/096f1d38a12cce57fb855b485ed24c9e"},"breadcrumb":{"@id":"https:\/\/akunq.net\/tr\/?p=64908#breadcrumb"},"inLanguage":"en-US","potentialAction":[{"@type":"ReadAction","target":["https:\/\/akunq.net\/tr\/?p=64908"]}]},{"@type":"ImageObject","inLanguage":"en-US","@id":"https:\/\/akunq.net\/tr\/?p=64908#primaryimage","url":"https:\/\/akunq.net\/tr\/wp-content\/uploads\/sites\/6\/2021\/09\/HDP.jpg","contentUrl":"https:\/\/akunq.net\/tr\/wp-content\/uploads\/sites\/6\/2021\/09\/HDP.jpg","width":1024,"height":575},{"@type":"BreadcrumbList","@id":"https:\/\/akunq.net\/tr\/?p=64908#breadcrumb","itemListElement":[{"@type":"ListItem","position":1,"name":"Home","item":"https:\/\/akunq.net\/tr"},{"@type":"ListItem","position":2,"name":"HDP se\u00e7imlere y\u00f6nelik tutum belgesini a\u00e7\u0131klad\u0131"}]},{"@type":"WebSite","@id":"https:\/\/akunq.net\/tr\/#website","url":"https:\/\/akunq.net\/tr\/","name":"Bati Ermenistan Ve Bati Ermenileri Sorunlari Ara\u015ftirmalar Merkezi","description":"","potentialAction":[{"@type":"SearchAction","target":{"@type":"EntryPoint","urlTemplate":"https:\/\/akunq.net\/tr\/?s={search_term_string}"},"query-input":{"@type":"PropertyValueSpecification","valueRequired":true,"valueName":"search_term_string"}}],"inLanguage":"en-US"},{"@type":"Person","@id":"https:\/\/akunq.net\/tr\/#\/schema\/person\/096f1d38a12cce57fb855b485ed24c9e","name":"admin","url":"https:\/\/akunq.net\/tr\/?author=7"}]}},"_links":{"self":[{"href":"https:\/\/akunq.net\/tr\/index.php?rest_route=\/wp\/v2\/posts\/64908","targetHints":{"allow":["GET"]}}],"collection":[{"href":"https:\/\/akunq.net\/tr\/index.php?rest_route=\/wp\/v2\/posts"}],"about":[{"href":"https:\/\/akunq.net\/tr\/index.php?rest_route=\/wp\/v2\/types\/post"}],"author":[{"embeddable":true,"href":"https:\/\/akunq.net\/tr\/index.php?rest_route=\/wp\/v2\/users\/7"}],"replies":[{"embeddable":true,"href":"https:\/\/akunq.net\/tr\/index.php?rest_route=%2Fwp%2Fv2%2Fcomments&post=64908"}],"version-history":[{"count":1,"href":"https:\/\/akunq.net\/tr\/index.php?rest_route=\/wp\/v2\/posts\/64908\/revisions"}],"predecessor-version":[{"id":64910,"href":"https:\/\/akunq.net\/tr\/index.php?rest_route=\/wp\/v2\/posts\/64908\/revisions\/64910"}],"wp:featuredmedia":[{"embeddable":true,"href":"https:\/\/akunq.net\/tr\/index.php?rest_route=\/wp\/v2\/media\/64909"}],"wp:attachment":[{"href":"https:\/\/akunq.net\/tr\/index.php?rest_route=%2Fwp%2Fv2%2Fmedia&parent=64908"}],"wp:term":[{"taxonomy":"category","embeddable":true,"href":"https:\/\/akunq.net\/tr\/index.php?rest_route=%2Fwp%2Fv2%2Fcategories&post=64908"},{"taxonomy":"post_tag","embeddable":true,"href":"https:\/\/akunq.net\/tr\/index.php?rest_route=%2Fwp%2Fv2%2Ftags&post=64908"}],"curies":[{"name":"wp","href":"https:\/\/api.w.org\/{rel}","templated":true}]}}