{"id":64905,"date":"2021-09-28T02:11:54","date_gmt":"2021-09-28T07:11:54","guid":{"rendered":"https:\/\/akunq.net\/tr\/?p=64905"},"modified":"2021-09-28T02:11:54","modified_gmt":"2021-09-28T07:11:54","slug":"ermenistan-ombudsmani-etnik-temizlik-ve-soykirim-politikasi-uygulandi-suclular-henuz-cezalandirilmadi","status":"publish","type":"post","link":"https:\/\/akunq.net\/tr\/?p=64905","title":{"rendered":"Ermenistan Ombudsman\u0131: Etnik temizlik ve soyk\u0131r\u0131m politikas\u0131 uyguland\u0131, su\u00e7lular hen\u00fcz cezaland\u0131r\u0131lmad\u0131"},"content":{"rendered":"<p><img loading=\"lazy\" decoding=\"async\" class=\"aligncenter size-medium wp-image-64906\" src=\"https:\/\/akunq.net\/tr\/wp-content\/uploads\/2021\/09\/Etnik-temizlik-ve-soyk\u0131r\u0131m-360x242.jpg\" alt=\"\" width=\"360\" height=\"242\" srcset=\"https:\/\/akunq.net\/tr\/wp-content\/uploads\/sites\/6\/2021\/09\/Etnik-temizlik-ve-soyk\u0131r\u0131m-360x242.jpg 360w, https:\/\/akunq.net\/tr\/wp-content\/uploads\/sites\/6\/2021\/09\/Etnik-temizlik-ve-soyk\u0131r\u0131m-560x376.jpg 560w, https:\/\/akunq.net\/tr\/wp-content\/uploads\/sites\/6\/2021\/09\/Etnik-temizlik-ve-soyk\u0131r\u0131m-260x175.jpg 260w, https:\/\/akunq.net\/tr\/wp-content\/uploads\/sites\/6\/2021\/09\/Etnik-temizlik-ve-soyk\u0131r\u0131m-160x107.jpg 160w, https:\/\/akunq.net\/tr\/wp-content\/uploads\/sites\/6\/2021\/09\/Etnik-temizlik-ve-soyk\u0131r\u0131m.jpg 670w\" sizes=\"auto, (max-width: 360px) 100vw, 360px\" \/><\/p>\n<p><strong><em>Ermenistan Ombudsman\u0131 Arman Tatoyan 44 g\u00fcnl\u00fck Artsakh sava\u015f\u0131n\u0131n birinci y\u0131ld\u00f6n\u00fcm\u00fcnde bir mesaj yay\u0131nlad\u0131. Tatoyan&#8217;\u0131n mesaj\u0131nda \u00f6zellikle \u015fu ifadeler yer ald\u0131:<\/em><\/strong><\/p>\n<div id=\"adfox_150964129331380\" class=\"intext_adf \"><\/div>\n<p>&#8220;27 Eyl\u00fcl 2020 tarihinde Artsakh ve Ermenistan\u2019a kar\u015f\u0131 ba\u015flat\u0131lan geni\u015f \u00e7apl\u0131 sava\u015f s\u0131ras\u0131nda Azerbaycan \u00a0e\u015fi benzeri g\u00f6r\u00fclmemi\u015f sava\u015f su\u00e7lar\u0131 ve insanl\u0131\u011fa kar\u015f\u0131 su\u00e7lar i\u015fledi.<\/p>\n<p>Daha ilk g\u00fcn, Artsakh&#8217;\u0131n Martuni kentindeki evinin bombalanmas\u0131nda 9 ya\u015f\u0131ndaki Viktorya Gevorgyan \u00f6ld\u00fcr\u00fcld\u00fc.<\/p>\n<p>Artsakh sivillerinin Madata\u015fen yerle\u015fiiminden 69 ya\u015f\u0131ndaki Genadi Petrosyan ve Azokh yerle\u015fiminden 82 ya\u015f\u0131ndaki Yuri Asryan\u2019\u0131n kafalar\u0131n\u0131 vah\u015fice kestiler. T\u00fcm kafa kesme s\u00fcreci, Azerbaycan askerleri videoya \u00e7ekyiler ve \u015f\u00f6hret kazanmalar\u0131 i\u00e7in bu vah\u015fi g\u00f6r\u00fcnt\u00fcleri yay\u0131nlad\u0131lar.<\/p>\n<p>Sava\u015f s\u0131ras\u0131nda ve sonras\u0131nda cihat\u00e7\u0131lar\u0131n ve ter\u00f6ristlerin aktif kat\u0131l\u0131m\u0131yla sivillere ve askerlere vah\u015fice i\u015fkence yap\u0131ld\u0131. Sivil yerle\u015fim yerleri hedefli sald\u0131r\u0131lar ve yasakl\u0131 silahlar\u0131n kullan\u0131lmas\u0131yla yok edildi. Ermeni kiliselerine sayg\u0131s\u0131zl\u0131k edildi ve onlar\u0131 harabeye d\u00f6n\u00fc\u015ft\u00fcrd\u00fcler.<\/p>\n<div id=\"adfox_150430898033765\" class=\"intext_adf \"><\/div>\n<p>B\u00fct\u00fcn bunlara Ermeni sosyal medyas\u0131nda kas\u0131tl\u0131 olarak yay\u0131lan \u015fiddet sahneleri, \u00e7irkin ve alayc\u0131 davran\u0131\u015flar i\u00e7eren g\u00f6r\u00fcntg\u00fclerin yay\u0131lmas\u0131 e\u015flik ediyordu.<\/p>\n<p>COVID-19 pandemi \u015fartlar\u0131nda Azerbaycan\u2019\u0131n ger\u00e7ekle\u015ftirdi\u011fi sald\u0131r\u0131lar insanl\u0131\u011fa kar\u015f\u0131 i\u015flenen su\u00e7lard\u0131 ve \u00f6l\u00fcmlerin say\u0131s\u0131n\u0131 \u00f6nemli \u00f6l\u00e7\u00fcde art\u0131rarak Artsakh ve Ermenistan&#8217;\u0131n sa\u011fl\u0131k sistemlerini fel\u00e7 etti.<\/p>\n<p>B\u00fct\u00fcn bunlara, Azerbaycan devlet makamlar\u0131n\u0131n a\u00e7\u0131k bir \u015fekilde te\u015fvik etti\u011fi b\u00fcy\u00fck bir kin ve d\u00fc\u015fmanl\u0131k propagandas\u0131 e\u015flik etti.<\/p>\n<p>\u015eunu net bir \u015fekilde kaydedebiliriz ki Ermenilere kar\u015f\u0131 Etnik temizlik ve soyk\u0131r\u0131m politikas\u0131 uyguland\u0131.<\/p>\n<p>Bug\u00fcne kadar hi\u00e7bir sava\u015f su\u00e7u faili cezaland\u0131r\u0131lmad\u0131. Failler adalete teslim edilmedi\u011fi s\u00fcrece kin ve d\u00fc\u015fmanl\u0131k politikas\u0131 devam edecek, yeni vah\u015fetler tehlikesi hep mevcut olacak, insanlar\u0131n bar\u0131\u015f\u00e7\u0131l ve g\u00fcvenli ya\u015famlar\u0131 engellenecektir.&#8221;<\/p>\n<p><strong><em>https:\/\/armenpress.am\/tur\/news\/1064108.html\u00a0<\/em><\/strong><\/p>\n","protected":false},"excerpt":{"rendered":"<p>Ermenistan Ombudsman\u0131 Arman Tatoyan 44 g\u00fcnl\u00fck Artsakh sava\u015f\u0131n\u0131n birinci y\u0131ld\u00f6n\u00fcm\u00fcnde bir mesaj yay\u0131nlad\u0131. Tatoyan&#8217;\u0131n mesaj\u0131nda \u00f6zellikle \u015fu ifadeler yer ald\u0131: &#8220;27 Eyl\u00fcl 2020 tarihinde Artsakh ve Ermenistan\u2019a kar\u015f\u0131 ba\u015flat\u0131lan geni\u015f \u00e7apl\u0131 sava\u015f s\u0131ras\u0131nda Azerbaycan \u00a0e\u015fi benzeri g\u00f6r\u00fclmemi\u015f sava\u015f su\u00e7lar\u0131 ve insanl\u0131\u011fa kar\u015f\u0131 su\u00e7lar i\u015fledi. Daha ilk g\u00fcn, Artsakh&#8217;\u0131n Martuni kentindeki evinin bombalanmas\u0131nda 9 ya\u015f\u0131ndaki Viktorya [&hellip;]<\/p>\n","protected":false},"author":7,"featured_media":64906,"comment_status":"open","ping_status":"open","sticky":false,"template":"","format":"standard","meta":{"footnotes":""},"categories":[1],"tags":[],"class_list":["post-64905","post","type-post","status-publish","format-standard","has-post-thumbnail","hentry","category-haberler"],"yoast_head":"<!-- This site is optimized with the Yoast SEO plugin v27.4 - https:\/\/yoast.com\/product\/yoast-seo-wordpress\/ -->\n<title>Ermenistan Ombudsman\u0131: Etnik temizlik ve soyk\u0131r\u0131m politikas\u0131 uyguland\u0131, su\u00e7lular hen\u00fcz cezaland\u0131r\u0131lmad\u0131 - Bati Ermenistan Ve Bati Ermenileri Sorunlari Ara\u015ftirmalar Merkezi<\/title>\n<meta name=\"robots\" content=\"index, follow, max-snippet:-1, max-image-preview:large, max-video-preview:-1\" \/>\n<link rel=\"canonical\" href=\"https:\/\/akunq.net\/tr\/?p=64905\" \/>\n<meta property=\"og:locale\" content=\"en_US\" \/>\n<meta property=\"og:type\" content=\"article\" \/>\n<meta property=\"og:title\" content=\"Ermenistan Ombudsman\u0131: Etnik temizlik ve soyk\u0131r\u0131m politikas\u0131 uyguland\u0131, su\u00e7lular hen\u00fcz cezaland\u0131r\u0131lmad\u0131 - Bati Ermenistan Ve Bati Ermenileri Sorunlari Ara\u015ftirmalar Merkezi\" \/>\n<meta property=\"og:description\" content=\"Ermenistan Ombudsman\u0131 Arman Tatoyan 44 g\u00fcnl\u00fck Artsakh sava\u015f\u0131n\u0131n birinci y\u0131ld\u00f6n\u00fcm\u00fcnde bir mesaj yay\u0131nlad\u0131. Tatoyan&#8217;\u0131n mesaj\u0131nda \u00f6zellikle \u015fu ifadeler yer ald\u0131: &#8220;27 Eyl\u00fcl 2020 tarihinde Artsakh ve Ermenistan\u2019a kar\u015f\u0131 ba\u015flat\u0131lan geni\u015f \u00e7apl\u0131 sava\u015f s\u0131ras\u0131nda Azerbaycan \u00a0e\u015fi benzeri g\u00f6r\u00fclmemi\u015f sava\u015f su\u00e7lar\u0131 ve insanl\u0131\u011fa kar\u015f\u0131 su\u00e7lar i\u015fledi. Daha ilk g\u00fcn, Artsakh&#8217;\u0131n Martuni kentindeki evinin bombalanmas\u0131nda 9 ya\u015f\u0131ndaki Viktorya [&hellip;]\" \/>\n<meta property=\"og:url\" content=\"https:\/\/akunq.net\/tr\/?p=64905\" \/>\n<meta property=\"og:site_name\" content=\"Bati Ermenistan Ve Bati Ermenileri Sorunlari Ara\u015ftirmalar Merkezi\" \/>\n<meta property=\"article:published_time\" content=\"2021-09-28T07:11:54+00:00\" \/>\n<meta property=\"og:image\" content=\"https:\/\/akunq.net\/tr\/wp-content\/uploads\/sites\/6\/2021\/09\/Etnik-temizlik-ve-soyk\u0131r\u0131m.jpg\" \/>\n\t<meta property=\"og:image:width\" content=\"670\" \/>\n\t<meta property=\"og:image:height\" content=\"450\" \/>\n\t<meta property=\"og:image:type\" content=\"image\/jpeg\" \/>\n<meta name=\"author\" content=\"admin\" \/>\n<meta name=\"twitter:card\" content=\"summary_large_image\" \/>\n<meta name=\"twitter:label1\" content=\"Written by\" \/>\n\t<meta name=\"twitter:data1\" content=\"admin\" \/>\n\t<meta name=\"twitter:label2\" content=\"Est. reading time\" \/>\n\t<meta name=\"twitter:data2\" content=\"2 minutes\" \/>\n<script type=\"application\/ld+json\" class=\"yoast-schema-graph\">{\"@context\":\"https:\\\/\\\/schema.org\",\"@graph\":[{\"@type\":\"Article\",\"@id\":\"https:\\\/\\\/akunq.net\\\/tr\\\/?p=64905#article\",\"isPartOf\":{\"@id\":\"https:\\\/\\\/akunq.net\\\/tr\\\/?p=64905\"},\"author\":{\"name\":\"admin\",\"@id\":\"https:\\\/\\\/akunq.net\\\/tr\\\/#\\\/schema\\\/person\\\/096f1d38a12cce57fb855b485ed24c9e\"},\"headline\":\"Ermenistan Ombudsman\u0131: Etnik temizlik ve soyk\u0131r\u0131m politikas\u0131 uyguland\u0131, su\u00e7lular hen\u00fcz cezaland\u0131r\u0131lmad\u0131\",\"datePublished\":\"2021-09-28T07:11:54+00:00\",\"mainEntityOfPage\":{\"@id\":\"https:\\\/\\\/akunq.net\\\/tr\\\/?p=64905\"},\"wordCount\":376,\"commentCount\":0,\"image\":{\"@id\":\"https:\\\/\\\/akunq.net\\\/tr\\\/?p=64905#primaryimage\"},\"thumbnailUrl\":\"https:\\\/\\\/akunq.net\\\/tr\\\/wp-content\\\/uploads\\\/sites\\\/6\\\/2021\\\/09\\\/Etnik-temizlik-ve-soyk\u0131r\u0131m.jpg\",\"articleSection\":[\"Haberler\"],\"inLanguage\":\"en-US\",\"potentialAction\":[{\"@type\":\"CommentAction\",\"name\":\"Comment\",\"target\":[\"https:\\\/\\\/akunq.net\\\/tr\\\/?p=64905#respond\"]}]},{\"@type\":\"WebPage\",\"@id\":\"https:\\\/\\\/akunq.net\\\/tr\\\/?p=64905\",\"url\":\"https:\\\/\\\/akunq.net\\\/tr\\\/?p=64905\",\"name\":\"Ermenistan Ombudsman\u0131: Etnik temizlik ve soyk\u0131r\u0131m politikas\u0131 uyguland\u0131, su\u00e7lular hen\u00fcz cezaland\u0131r\u0131lmad\u0131 - Bati Ermenistan Ve Bati Ermenileri Sorunlari Ara\u015ftirmalar Merkezi\",\"isPartOf\":{\"@id\":\"https:\\\/\\\/akunq.net\\\/tr\\\/#website\"},\"primaryImageOfPage\":{\"@id\":\"https:\\\/\\\/akunq.net\\\/tr\\\/?p=64905#primaryimage\"},\"image\":{\"@id\":\"https:\\\/\\\/akunq.net\\\/tr\\\/?p=64905#primaryimage\"},\"thumbnailUrl\":\"https:\\\/\\\/akunq.net\\\/tr\\\/wp-content\\\/uploads\\\/sites\\\/6\\\/2021\\\/09\\\/Etnik-temizlik-ve-soyk\u0131r\u0131m.jpg\",\"datePublished\":\"2021-09-28T07:11:54+00:00\",\"author\":{\"@id\":\"https:\\\/\\\/akunq.net\\\/tr\\\/#\\\/schema\\\/person\\\/096f1d38a12cce57fb855b485ed24c9e\"},\"breadcrumb\":{\"@id\":\"https:\\\/\\\/akunq.net\\\/tr\\\/?p=64905#breadcrumb\"},\"inLanguage\":\"en-US\",\"potentialAction\":[{\"@type\":\"ReadAction\",\"target\":[\"https:\\\/\\\/akunq.net\\\/tr\\\/?p=64905\"]}]},{\"@type\":\"ImageObject\",\"inLanguage\":\"en-US\",\"@id\":\"https:\\\/\\\/akunq.net\\\/tr\\\/?p=64905#primaryimage\",\"url\":\"https:\\\/\\\/akunq.net\\\/tr\\\/wp-content\\\/uploads\\\/sites\\\/6\\\/2021\\\/09\\\/Etnik-temizlik-ve-soyk\u0131r\u0131m.jpg\",\"contentUrl\":\"https:\\\/\\\/akunq.net\\\/tr\\\/wp-content\\\/uploads\\\/sites\\\/6\\\/2021\\\/09\\\/Etnik-temizlik-ve-soyk\u0131r\u0131m.jpg\",\"width\":670,\"height\":450},{\"@type\":\"BreadcrumbList\",\"@id\":\"https:\\\/\\\/akunq.net\\\/tr\\\/?p=64905#breadcrumb\",\"itemListElement\":[{\"@type\":\"ListItem\",\"position\":1,\"name\":\"Home\",\"item\":\"https:\\\/\\\/akunq.net\\\/tr\"},{\"@type\":\"ListItem\",\"position\":2,\"name\":\"Ermenistan Ombudsman\u0131: Etnik temizlik ve soyk\u0131r\u0131m politikas\u0131 uyguland\u0131, su\u00e7lular hen\u00fcz cezaland\u0131r\u0131lmad\u0131\"}]},{\"@type\":\"WebSite\",\"@id\":\"https:\\\/\\\/akunq.net\\\/tr\\\/#website\",\"url\":\"https:\\\/\\\/akunq.net\\\/tr\\\/\",\"name\":\"Bati Ermenistan Ve Bati Ermenileri Sorunlari Ara\u015ftirmalar Merkezi\",\"description\":\"\",\"potentialAction\":[{\"@type\":\"SearchAction\",\"target\":{\"@type\":\"EntryPoint\",\"urlTemplate\":\"https:\\\/\\\/akunq.net\\\/tr\\\/?s={search_term_string}\"},\"query-input\":{\"@type\":\"PropertyValueSpecification\",\"valueRequired\":true,\"valueName\":\"search_term_string\"}}],\"inLanguage\":\"en-US\"},{\"@type\":\"Person\",\"@id\":\"https:\\\/\\\/akunq.net\\\/tr\\\/#\\\/schema\\\/person\\\/096f1d38a12cce57fb855b485ed24c9e\",\"name\":\"admin\",\"url\":\"https:\\\/\\\/akunq.net\\\/tr\\\/?author=7\"}]}<\/script>\n<!-- \/ Yoast SEO plugin. -->","yoast_head_json":{"title":"Ermenistan Ombudsman\u0131: Etnik temizlik ve soyk\u0131r\u0131m politikas\u0131 uyguland\u0131, su\u00e7lular hen\u00fcz cezaland\u0131r\u0131lmad\u0131 - Bati Ermenistan Ve Bati Ermenileri Sorunlari Ara\u015ftirmalar Merkezi","robots":{"index":"index","follow":"follow","max-snippet":"max-snippet:-1","max-image-preview":"max-image-preview:large","max-video-preview":"max-video-preview:-1"},"canonical":"https:\/\/akunq.net\/tr\/?p=64905","og_locale":"en_US","og_type":"article","og_title":"Ermenistan Ombudsman\u0131: Etnik temizlik ve soyk\u0131r\u0131m politikas\u0131 uyguland\u0131, su\u00e7lular hen\u00fcz cezaland\u0131r\u0131lmad\u0131 - Bati Ermenistan Ve Bati Ermenileri Sorunlari Ara\u015ftirmalar Merkezi","og_description":"Ermenistan Ombudsman\u0131 Arman Tatoyan 44 g\u00fcnl\u00fck Artsakh sava\u015f\u0131n\u0131n birinci y\u0131ld\u00f6n\u00fcm\u00fcnde bir mesaj yay\u0131nlad\u0131. Tatoyan&#8217;\u0131n mesaj\u0131nda \u00f6zellikle \u015fu ifadeler yer ald\u0131: &#8220;27 Eyl\u00fcl 2020 tarihinde Artsakh ve Ermenistan\u2019a kar\u015f\u0131 ba\u015flat\u0131lan geni\u015f \u00e7apl\u0131 sava\u015f s\u0131ras\u0131nda Azerbaycan \u00a0e\u015fi benzeri g\u00f6r\u00fclmemi\u015f sava\u015f su\u00e7lar\u0131 ve insanl\u0131\u011fa kar\u015f\u0131 su\u00e7lar i\u015fledi. Daha ilk g\u00fcn, Artsakh&#8217;\u0131n Martuni kentindeki evinin bombalanmas\u0131nda 9 ya\u015f\u0131ndaki Viktorya [&hellip;]","og_url":"https:\/\/akunq.net\/tr\/?p=64905","og_site_name":"Bati Ermenistan Ve Bati Ermenileri Sorunlari Ara\u015ftirmalar Merkezi","article_published_time":"2021-09-28T07:11:54+00:00","og_image":[{"width":670,"height":450,"url":"https:\/\/akunq.net\/tr\/wp-content\/uploads\/sites\/6\/2021\/09\/Etnik-temizlik-ve-soyk\u0131r\u0131m.jpg","type":"image\/jpeg"}],"author":"admin","twitter_card":"summary_large_image","twitter_misc":{"Written by":"admin","Est. reading time":"2 minutes"},"schema":{"@context":"https:\/\/schema.org","@graph":[{"@type":"Article","@id":"https:\/\/akunq.net\/tr\/?p=64905#article","isPartOf":{"@id":"https:\/\/akunq.net\/tr\/?p=64905"},"author":{"name":"admin","@id":"https:\/\/akunq.net\/tr\/#\/schema\/person\/096f1d38a12cce57fb855b485ed24c9e"},"headline":"Ermenistan Ombudsman\u0131: Etnik temizlik ve soyk\u0131r\u0131m politikas\u0131 uyguland\u0131, su\u00e7lular hen\u00fcz cezaland\u0131r\u0131lmad\u0131","datePublished":"2021-09-28T07:11:54+00:00","mainEntityOfPage":{"@id":"https:\/\/akunq.net\/tr\/?p=64905"},"wordCount":376,"commentCount":0,"image":{"@id":"https:\/\/akunq.net\/tr\/?p=64905#primaryimage"},"thumbnailUrl":"https:\/\/akunq.net\/tr\/wp-content\/uploads\/sites\/6\/2021\/09\/Etnik-temizlik-ve-soyk\u0131r\u0131m.jpg","articleSection":["Haberler"],"inLanguage":"en-US","potentialAction":[{"@type":"CommentAction","name":"Comment","target":["https:\/\/akunq.net\/tr\/?p=64905#respond"]}]},{"@type":"WebPage","@id":"https:\/\/akunq.net\/tr\/?p=64905","url":"https:\/\/akunq.net\/tr\/?p=64905","name":"Ermenistan Ombudsman\u0131: Etnik temizlik ve soyk\u0131r\u0131m politikas\u0131 uyguland\u0131, su\u00e7lular hen\u00fcz cezaland\u0131r\u0131lmad\u0131 - Bati Ermenistan Ve Bati Ermenileri Sorunlari Ara\u015ftirmalar Merkezi","isPartOf":{"@id":"https:\/\/akunq.net\/tr\/#website"},"primaryImageOfPage":{"@id":"https:\/\/akunq.net\/tr\/?p=64905#primaryimage"},"image":{"@id":"https:\/\/akunq.net\/tr\/?p=64905#primaryimage"},"thumbnailUrl":"https:\/\/akunq.net\/tr\/wp-content\/uploads\/sites\/6\/2021\/09\/Etnik-temizlik-ve-soyk\u0131r\u0131m.jpg","datePublished":"2021-09-28T07:11:54+00:00","author":{"@id":"https:\/\/akunq.net\/tr\/#\/schema\/person\/096f1d38a12cce57fb855b485ed24c9e"},"breadcrumb":{"@id":"https:\/\/akunq.net\/tr\/?p=64905#breadcrumb"},"inLanguage":"en-US","potentialAction":[{"@type":"ReadAction","target":["https:\/\/akunq.net\/tr\/?p=64905"]}]},{"@type":"ImageObject","inLanguage":"en-US","@id":"https:\/\/akunq.net\/tr\/?p=64905#primaryimage","url":"https:\/\/akunq.net\/tr\/wp-content\/uploads\/sites\/6\/2021\/09\/Etnik-temizlik-ve-soyk\u0131r\u0131m.jpg","contentUrl":"https:\/\/akunq.net\/tr\/wp-content\/uploads\/sites\/6\/2021\/09\/Etnik-temizlik-ve-soyk\u0131r\u0131m.jpg","width":670,"height":450},{"@type":"BreadcrumbList","@id":"https:\/\/akunq.net\/tr\/?p=64905#breadcrumb","itemListElement":[{"@type":"ListItem","position":1,"name":"Home","item":"https:\/\/akunq.net\/tr"},{"@type":"ListItem","position":2,"name":"Ermenistan Ombudsman\u0131: Etnik temizlik ve soyk\u0131r\u0131m politikas\u0131 uyguland\u0131, su\u00e7lular hen\u00fcz cezaland\u0131r\u0131lmad\u0131"}]},{"@type":"WebSite","@id":"https:\/\/akunq.net\/tr\/#website","url":"https:\/\/akunq.net\/tr\/","name":"Bati Ermenistan Ve Bati Ermenileri Sorunlari Ara\u015ftirmalar Merkezi","description":"","potentialAction":[{"@type":"SearchAction","target":{"@type":"EntryPoint","urlTemplate":"https:\/\/akunq.net\/tr\/?s={search_term_string}"},"query-input":{"@type":"PropertyValueSpecification","valueRequired":true,"valueName":"search_term_string"}}],"inLanguage":"en-US"},{"@type":"Person","@id":"https:\/\/akunq.net\/tr\/#\/schema\/person\/096f1d38a12cce57fb855b485ed24c9e","name":"admin","url":"https:\/\/akunq.net\/tr\/?author=7"}]}},"_links":{"self":[{"href":"https:\/\/akunq.net\/tr\/index.php?rest_route=\/wp\/v2\/posts\/64905","targetHints":{"allow":["GET"]}}],"collection":[{"href":"https:\/\/akunq.net\/tr\/index.php?rest_route=\/wp\/v2\/posts"}],"about":[{"href":"https:\/\/akunq.net\/tr\/index.php?rest_route=\/wp\/v2\/types\/post"}],"author":[{"embeddable":true,"href":"https:\/\/akunq.net\/tr\/index.php?rest_route=\/wp\/v2\/users\/7"}],"replies":[{"embeddable":true,"href":"https:\/\/akunq.net\/tr\/index.php?rest_route=%2Fwp%2Fv2%2Fcomments&post=64905"}],"version-history":[{"count":1,"href":"https:\/\/akunq.net\/tr\/index.php?rest_route=\/wp\/v2\/posts\/64905\/revisions"}],"predecessor-version":[{"id":64907,"href":"https:\/\/akunq.net\/tr\/index.php?rest_route=\/wp\/v2\/posts\/64905\/revisions\/64907"}],"wp:featuredmedia":[{"embeddable":true,"href":"https:\/\/akunq.net\/tr\/index.php?rest_route=\/wp\/v2\/media\/64906"}],"wp:attachment":[{"href":"https:\/\/akunq.net\/tr\/index.php?rest_route=%2Fwp%2Fv2%2Fmedia&parent=64905"}],"wp:term":[{"taxonomy":"category","embeddable":true,"href":"https:\/\/akunq.net\/tr\/index.php?rest_route=%2Fwp%2Fv2%2Fcategories&post=64905"},{"taxonomy":"post_tag","embeddable":true,"href":"https:\/\/akunq.net\/tr\/index.php?rest_route=%2Fwp%2Fv2%2Ftags&post=64905"}],"curies":[{"name":"wp","href":"https:\/\/api.w.org\/{rel}","templated":true}]}}