{"id":64895,"date":"2021-09-27T04:33:19","date_gmt":"2021-09-27T09:33:19","guid":{"rendered":"https:\/\/akunq.net\/tr\/?p=64895"},"modified":"2021-09-27T04:33:19","modified_gmt":"2021-09-27T09:33:19","slug":"abdde-ulku-ocaklarinin-teror-orgutu-olup-olmadigi-arastirilacak","status":"publish","type":"post","link":"https:\/\/akunq.net\/tr\/?p=64895","title":{"rendered":"ABD\u2019de \u00dclk\u00fc Ocaklar\u0131\u2019n\u0131n \u201cter\u00f6r \u00f6rg\u00fct\u00fc\u201d olup olmad\u0131\u011f\u0131 ara\u015ft\u0131r\u0131lacak"},"content":{"rendered":"<p><img loading=\"lazy\" decoding=\"async\" class=\"aligncenter size-medium wp-image-64896\" src=\"https:\/\/akunq.net\/tr\/wp-content\/uploads\/2021\/09\/ABD-Disisleri-270x270.png\" alt=\"\" width=\"270\" height=\"270\" srcset=\"https:\/\/akunq.net\/tr\/wp-content\/uploads\/sites\/6\/2021\/09\/ABD-Disisleri-270x270.png 270w, https:\/\/akunq.net\/tr\/wp-content\/uploads\/sites\/6\/2021\/09\/ABD-Disisleri-150x150.png 150w, https:\/\/akunq.net\/tr\/wp-content\/uploads\/sites\/6\/2021\/09\/ABD-Disisleri-768x768.png 768w, https:\/\/akunq.net\/tr\/wp-content\/uploads\/sites\/6\/2021\/09\/ABD-Disisleri-560x560.png 560w, https:\/\/akunq.net\/tr\/wp-content\/uploads\/sites\/6\/2021\/09\/ABD-Disisleri-260x260.png 260w, https:\/\/akunq.net\/tr\/wp-content\/uploads\/sites\/6\/2021\/09\/ABD-Disisleri-160x160.png 160w, https:\/\/akunq.net\/tr\/wp-content\/uploads\/sites\/6\/2021\/09\/ABD-Disisleri.png 1200w\" sizes=\"auto, (max-width: 270px) 100vw, 270px\" \/><\/p>\n<p><em><strong>Haber Merkezi &#8211;<\/strong>\u00a0<strong>ABD\u2019de,\u00a0Irk\u00e7\u0131 T\u00fcrk milliyet\u00e7ili\u011fini benimseyen ve ba\u015fta MHP olmak \u00fczere kat\u0131 milliyet\u00e7i \u00e7izgideki siyasi partilerle an\u0131lan \u00dclk\u00fc Ocaklar\u0131\u2019n\u0131n \u201cter\u00f6r \u00f6rg\u00fct\u00fc\u201d olup olamad\u0131\u011f\u0131n\u0131n ara\u015ft\u0131r\u0131lmas\u0131 i\u00e7in bir yasa tasar\u0131s\u0131 haz\u0131rland\u0131. Temsilciler Meclisi, s\u00f6z konusu talebinin de yer ald\u0131\u011f\u0131 maddeyi de i\u00e7eren 2022 Savunma B\u00fct\u00e7e tasar\u0131s\u0131n\u0131 kabul etti.<\/strong><\/em><\/p>\n<p>Demokrat Nevada Vekili Dina Titus taraf\u0131ndan 2022 Savunma B\u00fct\u00e7e tasar\u0131s\u0131na (NDAA) eklenen bir madde, D\u0131\u015fi\u015fleri Bakanl\u0131\u011f\u0131&#8217;n\u0131n &#8220;\u00dclk\u00fc Ocaklar\u0131\u2019n\u0131n yabanc\u0131 bir ter\u00f6r \u00f6rg\u00fct\u00fc olma kriterlerini kar\u015f\u0131lay\u0131p kar\u015f\u0131lamad\u0131\u011f\u0131n\u0131n&#8221; ara\u015ft\u0131r\u0131lmas\u0131n\u0131n \u00f6ng\u00f6r\u00fcyor.<\/p>\n<p>\u00d6nceki g\u00fcn Temsilciler Meclisi Kurallar Komitesince kabul edilerek NDAA metnine eklenen madde, tasar\u0131n\u0131n yasala\u015fmas\u0131n\u0131n ard\u0131ndan 180 g\u00fcn i\u00e7inde D\u0131\u015fi\u015fleri Bakanl\u0131\u011f\u0131\u2019n\u0131n konuya ili\u015fkin bir rapor haz\u0131rlayarak Kongre&#8217;ye sunmas\u0131n\u0131 talep ediyor. Bakanl\u0131\u011f\u0131n raporunda, \u00dclk\u00fc Ocaklar\u0131n\u0131n yabanc\u0131 ter\u00f6r \u00f6rg\u00fct\u00fc kriterlerini neden kar\u015f\u0131lad\u0131\u011f\u0131 ya da kar\u015f\u0131lamad\u0131\u011f\u0131n\u0131 de\u011ferlendirmesi de bekleniyor.<\/p>\n<p>S\u00f6z konusu maddenin ba\u011flay\u0131c\u0131 olabilmesi i\u00e7in savunma b\u00fct\u00e7e yasa tasar\u0131s\u0131n\u0131n Senato&#8217;da da ayn\u0131 \u015fekilde kabul edilmesi ve Ba\u015fkan Joe Biden taraf\u0131ndan imzalanarak yasala\u015fmas\u0131 gerekiyor.<\/p>\n<p><strong><em>https:\/\/www.rudaw.net\/turkish\/world\/250920213\u00a0<\/em><\/strong><\/p>\n","protected":false},"excerpt":{"rendered":"<p>Haber Merkezi &#8211;\u00a0ABD\u2019de,\u00a0Irk\u00e7\u0131 T\u00fcrk milliyet\u00e7ili\u011fini benimseyen ve ba\u015fta MHP olmak \u00fczere kat\u0131 milliyet\u00e7i \u00e7izgideki siyasi partilerle an\u0131lan \u00dclk\u00fc Ocaklar\u0131\u2019n\u0131n \u201cter\u00f6r \u00f6rg\u00fct\u00fc\u201d olup olamad\u0131\u011f\u0131n\u0131n ara\u015ft\u0131r\u0131lmas\u0131 i\u00e7in bir yasa tasar\u0131s\u0131 haz\u0131rland\u0131. Temsilciler Meclisi, s\u00f6z konusu talebinin de yer ald\u0131\u011f\u0131 maddeyi de i\u00e7eren 2022 Savunma B\u00fct\u00e7e tasar\u0131s\u0131n\u0131 kabul etti. Demokrat Nevada Vekili Dina Titus taraf\u0131ndan 2022 Savunma B\u00fct\u00e7e [&hellip;]<\/p>\n","protected":false},"author":7,"featured_media":64896,"comment_status":"open","ping_status":"open","sticky":false,"template":"","format":"standard","meta":{"footnotes":""},"categories":[1],"tags":[],"class_list":["post-64895","post","type-post","status-publish","format-standard","has-post-thumbnail","hentry","category-haberler"],"yoast_head":"<!-- This site is optimized with the Yoast SEO plugin v27.4 - https:\/\/yoast.com\/product\/yoast-seo-wordpress\/ -->\n<title>ABD\u2019de \u00dclk\u00fc Ocaklar\u0131\u2019n\u0131n \u201cter\u00f6r \u00f6rg\u00fct\u00fc\u201d olup olmad\u0131\u011f\u0131 ara\u015ft\u0131r\u0131lacak - Bati Ermenistan Ve Bati Ermenileri Sorunlari Ara\u015ftirmalar Merkezi<\/title>\n<meta name=\"robots\" content=\"index, follow, max-snippet:-1, max-image-preview:large, max-video-preview:-1\" \/>\n<link rel=\"canonical\" href=\"https:\/\/akunq.net\/tr\/?p=64895\" \/>\n<meta property=\"og:locale\" content=\"en_US\" \/>\n<meta property=\"og:type\" content=\"article\" \/>\n<meta property=\"og:title\" content=\"ABD\u2019de \u00dclk\u00fc Ocaklar\u0131\u2019n\u0131n \u201cter\u00f6r \u00f6rg\u00fct\u00fc\u201d olup olmad\u0131\u011f\u0131 ara\u015ft\u0131r\u0131lacak - Bati Ermenistan Ve Bati Ermenileri Sorunlari Ara\u015ftirmalar Merkezi\" \/>\n<meta property=\"og:description\" content=\"Haber Merkezi &#8211;\u00a0ABD\u2019de,\u00a0Irk\u00e7\u0131 T\u00fcrk milliyet\u00e7ili\u011fini benimseyen ve ba\u015fta MHP olmak \u00fczere kat\u0131 milliyet\u00e7i \u00e7izgideki siyasi partilerle an\u0131lan \u00dclk\u00fc Ocaklar\u0131\u2019n\u0131n \u201cter\u00f6r \u00f6rg\u00fct\u00fc\u201d olup olamad\u0131\u011f\u0131n\u0131n ara\u015ft\u0131r\u0131lmas\u0131 i\u00e7in bir yasa tasar\u0131s\u0131 haz\u0131rland\u0131. Temsilciler Meclisi, s\u00f6z konusu talebinin de yer ald\u0131\u011f\u0131 maddeyi de i\u00e7eren 2022 Savunma B\u00fct\u00e7e tasar\u0131s\u0131n\u0131 kabul etti. Demokrat Nevada Vekili Dina Titus taraf\u0131ndan 2022 Savunma B\u00fct\u00e7e [&hellip;]\" \/>\n<meta property=\"og:url\" content=\"https:\/\/akunq.net\/tr\/?p=64895\" \/>\n<meta property=\"og:site_name\" content=\"Bati Ermenistan Ve Bati Ermenileri Sorunlari Ara\u015ftirmalar Merkezi\" \/>\n<meta property=\"article:published_time\" content=\"2021-09-27T09:33:19+00:00\" \/>\n<meta property=\"og:image\" content=\"https:\/\/akunq.net\/tr\/wp-content\/uploads\/sites\/6\/2021\/09\/ABD-Disisleri.png\" \/>\n\t<meta property=\"og:image:width\" content=\"1200\" \/>\n\t<meta property=\"og:image:height\" content=\"1200\" \/>\n\t<meta property=\"og:image:type\" content=\"image\/png\" \/>\n<meta name=\"author\" content=\"admin\" \/>\n<meta name=\"twitter:card\" content=\"summary_large_image\" \/>\n<meta name=\"twitter:label1\" content=\"Written by\" \/>\n\t<meta name=\"twitter:data1\" content=\"admin\" \/>\n\t<meta name=\"twitter:label2\" content=\"Est. reading time\" \/>\n\t<meta name=\"twitter:data2\" content=\"1 minute\" \/>\n<script type=\"application\/ld+json\" class=\"yoast-schema-graph\">{\"@context\":\"https:\\\/\\\/schema.org\",\"@graph\":[{\"@type\":\"Article\",\"@id\":\"https:\\\/\\\/akunq.net\\\/tr\\\/?p=64895#article\",\"isPartOf\":{\"@id\":\"https:\\\/\\\/akunq.net\\\/tr\\\/?p=64895\"},\"author\":{\"name\":\"admin\",\"@id\":\"https:\\\/\\\/akunq.net\\\/tr\\\/#\\\/schema\\\/person\\\/096f1d38a12cce57fb855b485ed24c9e\"},\"headline\":\"ABD\u2019de \u00dclk\u00fc Ocaklar\u0131\u2019n\u0131n \u201cter\u00f6r \u00f6rg\u00fct\u00fc\u201d olup olmad\u0131\u011f\u0131 ara\u015ft\u0131r\u0131lacak\",\"datePublished\":\"2021-09-27T09:33:19+00:00\",\"mainEntityOfPage\":{\"@id\":\"https:\\\/\\\/akunq.net\\\/tr\\\/?p=64895\"},\"wordCount\":251,\"commentCount\":0,\"image\":{\"@id\":\"https:\\\/\\\/akunq.net\\\/tr\\\/?p=64895#primaryimage\"},\"thumbnailUrl\":\"https:\\\/\\\/akunq.net\\\/tr\\\/wp-content\\\/uploads\\\/sites\\\/6\\\/2021\\\/09\\\/ABD-Disisleri.png\",\"articleSection\":[\"Haberler\"],\"inLanguage\":\"en-US\",\"potentialAction\":[{\"@type\":\"CommentAction\",\"name\":\"Comment\",\"target\":[\"https:\\\/\\\/akunq.net\\\/tr\\\/?p=64895#respond\"]}]},{\"@type\":\"WebPage\",\"@id\":\"https:\\\/\\\/akunq.net\\\/tr\\\/?p=64895\",\"url\":\"https:\\\/\\\/akunq.net\\\/tr\\\/?p=64895\",\"name\":\"ABD\u2019de \u00dclk\u00fc Ocaklar\u0131\u2019n\u0131n \u201cter\u00f6r \u00f6rg\u00fct\u00fc\u201d olup olmad\u0131\u011f\u0131 ara\u015ft\u0131r\u0131lacak - Bati Ermenistan Ve Bati Ermenileri Sorunlari Ara\u015ftirmalar Merkezi\",\"isPartOf\":{\"@id\":\"https:\\\/\\\/akunq.net\\\/tr\\\/#website\"},\"primaryImageOfPage\":{\"@id\":\"https:\\\/\\\/akunq.net\\\/tr\\\/?p=64895#primaryimage\"},\"image\":{\"@id\":\"https:\\\/\\\/akunq.net\\\/tr\\\/?p=64895#primaryimage\"},\"thumbnailUrl\":\"https:\\\/\\\/akunq.net\\\/tr\\\/wp-content\\\/uploads\\\/sites\\\/6\\\/2021\\\/09\\\/ABD-Disisleri.png\",\"datePublished\":\"2021-09-27T09:33:19+00:00\",\"author\":{\"@id\":\"https:\\\/\\\/akunq.net\\\/tr\\\/#\\\/schema\\\/person\\\/096f1d38a12cce57fb855b485ed24c9e\"},\"breadcrumb\":{\"@id\":\"https:\\\/\\\/akunq.net\\\/tr\\\/?p=64895#breadcrumb\"},\"inLanguage\":\"en-US\",\"potentialAction\":[{\"@type\":\"ReadAction\",\"target\":[\"https:\\\/\\\/akunq.net\\\/tr\\\/?p=64895\"]}]},{\"@type\":\"ImageObject\",\"inLanguage\":\"en-US\",\"@id\":\"https:\\\/\\\/akunq.net\\\/tr\\\/?p=64895#primaryimage\",\"url\":\"https:\\\/\\\/akunq.net\\\/tr\\\/wp-content\\\/uploads\\\/sites\\\/6\\\/2021\\\/09\\\/ABD-Disisleri.png\",\"contentUrl\":\"https:\\\/\\\/akunq.net\\\/tr\\\/wp-content\\\/uploads\\\/sites\\\/6\\\/2021\\\/09\\\/ABD-Disisleri.png\",\"width\":1200,\"height\":1200},{\"@type\":\"BreadcrumbList\",\"@id\":\"https:\\\/\\\/akunq.net\\\/tr\\\/?p=64895#breadcrumb\",\"itemListElement\":[{\"@type\":\"ListItem\",\"position\":1,\"name\":\"Home\",\"item\":\"https:\\\/\\\/akunq.net\\\/tr\"},{\"@type\":\"ListItem\",\"position\":2,\"name\":\"ABD\u2019de \u00dclk\u00fc Ocaklar\u0131\u2019n\u0131n \u201cter\u00f6r \u00f6rg\u00fct\u00fc\u201d olup olmad\u0131\u011f\u0131 ara\u015ft\u0131r\u0131lacak\"}]},{\"@type\":\"WebSite\",\"@id\":\"https:\\\/\\\/akunq.net\\\/tr\\\/#website\",\"url\":\"https:\\\/\\\/akunq.net\\\/tr\\\/\",\"name\":\"Bati Ermenistan Ve Bati Ermenileri Sorunlari Ara\u015ftirmalar Merkezi\",\"description\":\"\",\"potentialAction\":[{\"@type\":\"SearchAction\",\"target\":{\"@type\":\"EntryPoint\",\"urlTemplate\":\"https:\\\/\\\/akunq.net\\\/tr\\\/?s={search_term_string}\"},\"query-input\":{\"@type\":\"PropertyValueSpecification\",\"valueRequired\":true,\"valueName\":\"search_term_string\"}}],\"inLanguage\":\"en-US\"},{\"@type\":\"Person\",\"@id\":\"https:\\\/\\\/akunq.net\\\/tr\\\/#\\\/schema\\\/person\\\/096f1d38a12cce57fb855b485ed24c9e\",\"name\":\"admin\",\"url\":\"https:\\\/\\\/akunq.net\\\/tr\\\/?author=7\"}]}<\/script>\n<!-- \/ Yoast SEO plugin. -->","yoast_head_json":{"title":"ABD\u2019de \u00dclk\u00fc Ocaklar\u0131\u2019n\u0131n \u201cter\u00f6r \u00f6rg\u00fct\u00fc\u201d olup olmad\u0131\u011f\u0131 ara\u015ft\u0131r\u0131lacak - Bati Ermenistan Ve Bati Ermenileri Sorunlari Ara\u015ftirmalar Merkezi","robots":{"index":"index","follow":"follow","max-snippet":"max-snippet:-1","max-image-preview":"max-image-preview:large","max-video-preview":"max-video-preview:-1"},"canonical":"https:\/\/akunq.net\/tr\/?p=64895","og_locale":"en_US","og_type":"article","og_title":"ABD\u2019de \u00dclk\u00fc Ocaklar\u0131\u2019n\u0131n \u201cter\u00f6r \u00f6rg\u00fct\u00fc\u201d olup olmad\u0131\u011f\u0131 ara\u015ft\u0131r\u0131lacak - Bati Ermenistan Ve Bati Ermenileri Sorunlari Ara\u015ftirmalar Merkezi","og_description":"Haber Merkezi &#8211;\u00a0ABD\u2019de,\u00a0Irk\u00e7\u0131 T\u00fcrk milliyet\u00e7ili\u011fini benimseyen ve ba\u015fta MHP olmak \u00fczere kat\u0131 milliyet\u00e7i \u00e7izgideki siyasi partilerle an\u0131lan \u00dclk\u00fc Ocaklar\u0131\u2019n\u0131n \u201cter\u00f6r \u00f6rg\u00fct\u00fc\u201d olup olamad\u0131\u011f\u0131n\u0131n ara\u015ft\u0131r\u0131lmas\u0131 i\u00e7in bir yasa tasar\u0131s\u0131 haz\u0131rland\u0131. Temsilciler Meclisi, s\u00f6z konusu talebinin de yer ald\u0131\u011f\u0131 maddeyi de i\u00e7eren 2022 Savunma B\u00fct\u00e7e tasar\u0131s\u0131n\u0131 kabul etti. Demokrat Nevada Vekili Dina Titus taraf\u0131ndan 2022 Savunma B\u00fct\u00e7e [&hellip;]","og_url":"https:\/\/akunq.net\/tr\/?p=64895","og_site_name":"Bati Ermenistan Ve Bati Ermenileri Sorunlari Ara\u015ftirmalar Merkezi","article_published_time":"2021-09-27T09:33:19+00:00","og_image":[{"width":1200,"height":1200,"url":"https:\/\/akunq.net\/tr\/wp-content\/uploads\/sites\/6\/2021\/09\/ABD-Disisleri.png","type":"image\/png"}],"author":"admin","twitter_card":"summary_large_image","twitter_misc":{"Written by":"admin","Est. reading time":"1 minute"},"schema":{"@context":"https:\/\/schema.org","@graph":[{"@type":"Article","@id":"https:\/\/akunq.net\/tr\/?p=64895#article","isPartOf":{"@id":"https:\/\/akunq.net\/tr\/?p=64895"},"author":{"name":"admin","@id":"https:\/\/akunq.net\/tr\/#\/schema\/person\/096f1d38a12cce57fb855b485ed24c9e"},"headline":"ABD\u2019de \u00dclk\u00fc Ocaklar\u0131\u2019n\u0131n \u201cter\u00f6r \u00f6rg\u00fct\u00fc\u201d olup olmad\u0131\u011f\u0131 ara\u015ft\u0131r\u0131lacak","datePublished":"2021-09-27T09:33:19+00:00","mainEntityOfPage":{"@id":"https:\/\/akunq.net\/tr\/?p=64895"},"wordCount":251,"commentCount":0,"image":{"@id":"https:\/\/akunq.net\/tr\/?p=64895#primaryimage"},"thumbnailUrl":"https:\/\/akunq.net\/tr\/wp-content\/uploads\/sites\/6\/2021\/09\/ABD-Disisleri.png","articleSection":["Haberler"],"inLanguage":"en-US","potentialAction":[{"@type":"CommentAction","name":"Comment","target":["https:\/\/akunq.net\/tr\/?p=64895#respond"]}]},{"@type":"WebPage","@id":"https:\/\/akunq.net\/tr\/?p=64895","url":"https:\/\/akunq.net\/tr\/?p=64895","name":"ABD\u2019de \u00dclk\u00fc Ocaklar\u0131\u2019n\u0131n \u201cter\u00f6r \u00f6rg\u00fct\u00fc\u201d olup olmad\u0131\u011f\u0131 ara\u015ft\u0131r\u0131lacak - Bati Ermenistan Ve Bati Ermenileri Sorunlari Ara\u015ftirmalar Merkezi","isPartOf":{"@id":"https:\/\/akunq.net\/tr\/#website"},"primaryImageOfPage":{"@id":"https:\/\/akunq.net\/tr\/?p=64895#primaryimage"},"image":{"@id":"https:\/\/akunq.net\/tr\/?p=64895#primaryimage"},"thumbnailUrl":"https:\/\/akunq.net\/tr\/wp-content\/uploads\/sites\/6\/2021\/09\/ABD-Disisleri.png","datePublished":"2021-09-27T09:33:19+00:00","author":{"@id":"https:\/\/akunq.net\/tr\/#\/schema\/person\/096f1d38a12cce57fb855b485ed24c9e"},"breadcrumb":{"@id":"https:\/\/akunq.net\/tr\/?p=64895#breadcrumb"},"inLanguage":"en-US","potentialAction":[{"@type":"ReadAction","target":["https:\/\/akunq.net\/tr\/?p=64895"]}]},{"@type":"ImageObject","inLanguage":"en-US","@id":"https:\/\/akunq.net\/tr\/?p=64895#primaryimage","url":"https:\/\/akunq.net\/tr\/wp-content\/uploads\/sites\/6\/2021\/09\/ABD-Disisleri.png","contentUrl":"https:\/\/akunq.net\/tr\/wp-content\/uploads\/sites\/6\/2021\/09\/ABD-Disisleri.png","width":1200,"height":1200},{"@type":"BreadcrumbList","@id":"https:\/\/akunq.net\/tr\/?p=64895#breadcrumb","itemListElement":[{"@type":"ListItem","position":1,"name":"Home","item":"https:\/\/akunq.net\/tr"},{"@type":"ListItem","position":2,"name":"ABD\u2019de \u00dclk\u00fc Ocaklar\u0131\u2019n\u0131n \u201cter\u00f6r \u00f6rg\u00fct\u00fc\u201d olup olmad\u0131\u011f\u0131 ara\u015ft\u0131r\u0131lacak"}]},{"@type":"WebSite","@id":"https:\/\/akunq.net\/tr\/#website","url":"https:\/\/akunq.net\/tr\/","name":"Bati Ermenistan Ve Bati Ermenileri Sorunlari Ara\u015ftirmalar Merkezi","description":"","potentialAction":[{"@type":"SearchAction","target":{"@type":"EntryPoint","urlTemplate":"https:\/\/akunq.net\/tr\/?s={search_term_string}"},"query-input":{"@type":"PropertyValueSpecification","valueRequired":true,"valueName":"search_term_string"}}],"inLanguage":"en-US"},{"@type":"Person","@id":"https:\/\/akunq.net\/tr\/#\/schema\/person\/096f1d38a12cce57fb855b485ed24c9e","name":"admin","url":"https:\/\/akunq.net\/tr\/?author=7"}]}},"_links":{"self":[{"href":"https:\/\/akunq.net\/tr\/index.php?rest_route=\/wp\/v2\/posts\/64895","targetHints":{"allow":["GET"]}}],"collection":[{"href":"https:\/\/akunq.net\/tr\/index.php?rest_route=\/wp\/v2\/posts"}],"about":[{"href":"https:\/\/akunq.net\/tr\/index.php?rest_route=\/wp\/v2\/types\/post"}],"author":[{"embeddable":true,"href":"https:\/\/akunq.net\/tr\/index.php?rest_route=\/wp\/v2\/users\/7"}],"replies":[{"embeddable":true,"href":"https:\/\/akunq.net\/tr\/index.php?rest_route=%2Fwp%2Fv2%2Fcomments&post=64895"}],"version-history":[{"count":1,"href":"https:\/\/akunq.net\/tr\/index.php?rest_route=\/wp\/v2\/posts\/64895\/revisions"}],"predecessor-version":[{"id":64897,"href":"https:\/\/akunq.net\/tr\/index.php?rest_route=\/wp\/v2\/posts\/64895\/revisions\/64897"}],"wp:featuredmedia":[{"embeddable":true,"href":"https:\/\/akunq.net\/tr\/index.php?rest_route=\/wp\/v2\/media\/64896"}],"wp:attachment":[{"href":"https:\/\/akunq.net\/tr\/index.php?rest_route=%2Fwp%2Fv2%2Fmedia&parent=64895"}],"wp:term":[{"taxonomy":"category","embeddable":true,"href":"https:\/\/akunq.net\/tr\/index.php?rest_route=%2Fwp%2Fv2%2Fcategories&post=64895"},{"taxonomy":"post_tag","embeddable":true,"href":"https:\/\/akunq.net\/tr\/index.php?rest_route=%2Fwp%2Fv2%2Ftags&post=64895"}],"curies":[{"name":"wp","href":"https:\/\/api.w.org\/{rel}","templated":true}]}}