{"id":64882,"date":"2021-09-27T01:11:31","date_gmt":"2021-09-27T06:11:31","guid":{"rendered":"https:\/\/akunq.net\/tr\/?p=64882"},"modified":"2021-09-27T01:11:31","modified_gmt":"2021-09-27T06:11:31","slug":"27-eylulde-ermenistandaki-kiliselerde-44-gunluk-savasin-sehitlerinin-ruhlari-icin-dualar-okunacak","status":"publish","type":"post","link":"https:\/\/akunq.net\/tr\/?p=64882","title":{"rendered":"27 Eyl\u00fcl&#8217;de Ermenistan\u2019daki kiliselerde 44 g\u00fcnl\u00fck sava\u015f\u0131n \u015fehitlerinin ruhlar\u0131 i\u00e7in dualar okunacak"},"content":{"rendered":"<p><img loading=\"lazy\" decoding=\"async\" class=\"aligncenter size-medium wp-image-64883\" src=\"https:\/\/akunq.net\/tr\/wp-content\/uploads\/2021\/09\/T\u00fcm-Ermeniler-Katolikosu-II.-Karekin-360x242.jpg\" alt=\"\" width=\"360\" height=\"242\" srcset=\"https:\/\/akunq.net\/tr\/wp-content\/uploads\/sites\/6\/2021\/09\/T\u00fcm-Ermeniler-Katolikosu-II.-Karekin-360x242.jpg 360w, https:\/\/akunq.net\/tr\/wp-content\/uploads\/sites\/6\/2021\/09\/T\u00fcm-Ermeniler-Katolikosu-II.-Karekin-560x376.jpg 560w, https:\/\/akunq.net\/tr\/wp-content\/uploads\/sites\/6\/2021\/09\/T\u00fcm-Ermeniler-Katolikosu-II.-Karekin-260x175.jpg 260w, https:\/\/akunq.net\/tr\/wp-content\/uploads\/sites\/6\/2021\/09\/T\u00fcm-Ermeniler-Katolikosu-II.-Karekin-160x107.jpg 160w, https:\/\/akunq.net\/tr\/wp-content\/uploads\/sites\/6\/2021\/09\/T\u00fcm-Ermeniler-Katolikosu-II.-Karekin.jpg 670w\" sizes=\"auto, (max-width: 360px) 100vw, 360px\" \/><\/p>\n<p><strong><em>27 Eyl\u00fcl g\u00fcn\u00fc saat 10:00\u2019da E\u00e7miadzin Katedrali\u2019nde ve Ermeni Apostolik Kilisesi\u2019nin b\u00fct\u00fcn diyakosluklar\u0131n\u0131n ana kiliselerinde 44 g\u00fcn s\u00fcrm\u00fc\u015f olan Artsakh sava\u015f\u0131nda \u015fehit olan vatan savunucular\u0131n\u0131n ruhlar\u0131n\u0131n huzuru i\u00e7in Hokehankist (Ayin-i Ruhani) ayini d\u00fczenlenecektir.<\/em><\/strong><\/p>\n<p>Kutsal E\u00e7miadzin Ana Makam\u0131\u2019ndan Armenpress\u2019in edindi\u011fi bilgilere g\u00f6re T\u00fcm Ermeniler Katolikosu II. Karekin, Hokehankist ayini Surb Gayane Kilisesi\u2019nde y\u00f6netecektir.<\/p>\n<p><strong><em>https:\/\/armenpress.am\/tur\/news\/1064044.html\u00a0<\/em><\/strong><\/p>\n","protected":false},"excerpt":{"rendered":"<p>27 Eyl\u00fcl g\u00fcn\u00fc saat 10:00\u2019da E\u00e7miadzin Katedrali\u2019nde ve Ermeni Apostolik Kilisesi\u2019nin b\u00fct\u00fcn diyakosluklar\u0131n\u0131n ana kiliselerinde 44 g\u00fcn s\u00fcrm\u00fc\u015f olan Artsakh sava\u015f\u0131nda \u015fehit olan vatan savunucular\u0131n\u0131n ruhlar\u0131n\u0131n huzuru i\u00e7in Hokehankist (Ayin-i Ruhani) ayini d\u00fczenlenecektir. Kutsal E\u00e7miadzin Ana Makam\u0131\u2019ndan Armenpress\u2019in edindi\u011fi bilgilere g\u00f6re T\u00fcm Ermeniler Katolikosu II. Karekin, Hokehankist ayini Surb Gayane Kilisesi\u2019nde y\u00f6netecektir. https:\/\/armenpress.am\/tur\/news\/1064044.html\u00a0<\/p>\n","protected":false},"author":7,"featured_media":64883,"comment_status":"open","ping_status":"open","sticky":false,"template":"","format":"standard","meta":{"footnotes":""},"categories":[1],"tags":[],"class_list":["post-64882","post","type-post","status-publish","format-standard","has-post-thumbnail","hentry","category-haberler"],"yoast_head":"<!-- This site is optimized with the Yoast SEO plugin v27.4 - https:\/\/yoast.com\/product\/yoast-seo-wordpress\/ -->\n<title>27 Eyl\u00fcl&#039;de Ermenistan\u2019daki kiliselerde 44 g\u00fcnl\u00fck sava\u015f\u0131n \u015fehitlerinin ruhlar\u0131 i\u00e7in dualar okunacak - Bati Ermenistan Ve Bati Ermenileri Sorunlari Ara\u015ftirmalar Merkezi<\/title>\n<meta name=\"robots\" content=\"index, follow, max-snippet:-1, max-image-preview:large, max-video-preview:-1\" \/>\n<link rel=\"canonical\" href=\"https:\/\/akunq.net\/tr\/?p=64882\" \/>\n<meta property=\"og:locale\" content=\"en_US\" \/>\n<meta property=\"og:type\" content=\"article\" \/>\n<meta property=\"og:title\" content=\"27 Eyl\u00fcl&#039;de Ermenistan\u2019daki kiliselerde 44 g\u00fcnl\u00fck sava\u015f\u0131n \u015fehitlerinin ruhlar\u0131 i\u00e7in dualar okunacak - Bati Ermenistan Ve Bati Ermenileri Sorunlari Ara\u015ftirmalar Merkezi\" \/>\n<meta property=\"og:description\" content=\"27 Eyl\u00fcl g\u00fcn\u00fc saat 10:00\u2019da E\u00e7miadzin Katedrali\u2019nde ve Ermeni Apostolik Kilisesi\u2019nin b\u00fct\u00fcn diyakosluklar\u0131n\u0131n ana kiliselerinde 44 g\u00fcn s\u00fcrm\u00fc\u015f olan Artsakh sava\u015f\u0131nda \u015fehit olan vatan savunucular\u0131n\u0131n ruhlar\u0131n\u0131n huzuru i\u00e7in Hokehankist (Ayin-i Ruhani) ayini d\u00fczenlenecektir. Kutsal E\u00e7miadzin Ana Makam\u0131\u2019ndan Armenpress\u2019in edindi\u011fi bilgilere g\u00f6re T\u00fcm Ermeniler Katolikosu II. Karekin, Hokehankist ayini Surb Gayane Kilisesi\u2019nde y\u00f6netecektir. https:\/\/armenpress.am\/tur\/news\/1064044.html\u00a0\" \/>\n<meta property=\"og:url\" content=\"https:\/\/akunq.net\/tr\/?p=64882\" \/>\n<meta property=\"og:site_name\" content=\"Bati Ermenistan Ve Bati Ermenileri Sorunlari Ara\u015ftirmalar Merkezi\" \/>\n<meta property=\"article:published_time\" content=\"2021-09-27T06:11:31+00:00\" \/>\n<meta property=\"og:image\" content=\"https:\/\/akunq.net\/tr\/wp-content\/uploads\/sites\/6\/2021\/09\/T\u00fcm-Ermeniler-Katolikosu-II.-Karekin.jpg\" \/>\n\t<meta property=\"og:image:width\" content=\"670\" \/>\n\t<meta property=\"og:image:height\" content=\"450\" \/>\n\t<meta property=\"og:image:type\" content=\"image\/jpeg\" \/>\n<meta name=\"author\" content=\"admin\" \/>\n<meta name=\"twitter:card\" content=\"summary_large_image\" \/>\n<meta name=\"twitter:label1\" content=\"Written by\" \/>\n\t<meta name=\"twitter:data1\" content=\"admin\" \/>\n<script type=\"application\/ld+json\" class=\"yoast-schema-graph\">{\"@context\":\"https:\\\/\\\/schema.org\",\"@graph\":[{\"@type\":\"Article\",\"@id\":\"https:\\\/\\\/akunq.net\\\/tr\\\/?p=64882#article\",\"isPartOf\":{\"@id\":\"https:\\\/\\\/akunq.net\\\/tr\\\/?p=64882\"},\"author\":{\"name\":\"admin\",\"@id\":\"https:\\\/\\\/akunq.net\\\/tr\\\/#\\\/schema\\\/person\\\/096f1d38a12cce57fb855b485ed24c9e\"},\"headline\":\"27 Eyl\u00fcl&#8217;de Ermenistan\u2019daki kiliselerde 44 g\u00fcnl\u00fck sava\u015f\u0131n \u015fehitlerinin ruhlar\u0131 i\u00e7in dualar okunacak\",\"datePublished\":\"2021-09-27T06:11:31+00:00\",\"mainEntityOfPage\":{\"@id\":\"https:\\\/\\\/akunq.net\\\/tr\\\/?p=64882\"},\"wordCount\":98,\"commentCount\":0,\"image\":{\"@id\":\"https:\\\/\\\/akunq.net\\\/tr\\\/?p=64882#primaryimage\"},\"thumbnailUrl\":\"https:\\\/\\\/akunq.net\\\/tr\\\/wp-content\\\/uploads\\\/sites\\\/6\\\/2021\\\/09\\\/T\u00fcm-Ermeniler-Katolikosu-II.-Karekin.jpg\",\"articleSection\":[\"Haberler\"],\"inLanguage\":\"en-US\",\"potentialAction\":[{\"@type\":\"CommentAction\",\"name\":\"Comment\",\"target\":[\"https:\\\/\\\/akunq.net\\\/tr\\\/?p=64882#respond\"]}]},{\"@type\":\"WebPage\",\"@id\":\"https:\\\/\\\/akunq.net\\\/tr\\\/?p=64882\",\"url\":\"https:\\\/\\\/akunq.net\\\/tr\\\/?p=64882\",\"name\":\"27 Eyl\u00fcl'de Ermenistan\u2019daki kiliselerde 44 g\u00fcnl\u00fck sava\u015f\u0131n \u015fehitlerinin ruhlar\u0131 i\u00e7in dualar okunacak - Bati Ermenistan Ve Bati Ermenileri Sorunlari Ara\u015ftirmalar Merkezi\",\"isPartOf\":{\"@id\":\"https:\\\/\\\/akunq.net\\\/tr\\\/#website\"},\"primaryImageOfPage\":{\"@id\":\"https:\\\/\\\/akunq.net\\\/tr\\\/?p=64882#primaryimage\"},\"image\":{\"@id\":\"https:\\\/\\\/akunq.net\\\/tr\\\/?p=64882#primaryimage\"},\"thumbnailUrl\":\"https:\\\/\\\/akunq.net\\\/tr\\\/wp-content\\\/uploads\\\/sites\\\/6\\\/2021\\\/09\\\/T\u00fcm-Ermeniler-Katolikosu-II.-Karekin.jpg\",\"datePublished\":\"2021-09-27T06:11:31+00:00\",\"author\":{\"@id\":\"https:\\\/\\\/akunq.net\\\/tr\\\/#\\\/schema\\\/person\\\/096f1d38a12cce57fb855b485ed24c9e\"},\"breadcrumb\":{\"@id\":\"https:\\\/\\\/akunq.net\\\/tr\\\/?p=64882#breadcrumb\"},\"inLanguage\":\"en-US\",\"potentialAction\":[{\"@type\":\"ReadAction\",\"target\":[\"https:\\\/\\\/akunq.net\\\/tr\\\/?p=64882\"]}]},{\"@type\":\"ImageObject\",\"inLanguage\":\"en-US\",\"@id\":\"https:\\\/\\\/akunq.net\\\/tr\\\/?p=64882#primaryimage\",\"url\":\"https:\\\/\\\/akunq.net\\\/tr\\\/wp-content\\\/uploads\\\/sites\\\/6\\\/2021\\\/09\\\/T\u00fcm-Ermeniler-Katolikosu-II.-Karekin.jpg\",\"contentUrl\":\"https:\\\/\\\/akunq.net\\\/tr\\\/wp-content\\\/uploads\\\/sites\\\/6\\\/2021\\\/09\\\/T\u00fcm-Ermeniler-Katolikosu-II.-Karekin.jpg\",\"width\":670,\"height\":450},{\"@type\":\"BreadcrumbList\",\"@id\":\"https:\\\/\\\/akunq.net\\\/tr\\\/?p=64882#breadcrumb\",\"itemListElement\":[{\"@type\":\"ListItem\",\"position\":1,\"name\":\"Home\",\"item\":\"https:\\\/\\\/akunq.net\\\/tr\"},{\"@type\":\"ListItem\",\"position\":2,\"name\":\"27 Eyl\u00fcl&#8217;de Ermenistan\u2019daki kiliselerde 44 g\u00fcnl\u00fck sava\u015f\u0131n \u015fehitlerinin ruhlar\u0131 i\u00e7in dualar okunacak\"}]},{\"@type\":\"WebSite\",\"@id\":\"https:\\\/\\\/akunq.net\\\/tr\\\/#website\",\"url\":\"https:\\\/\\\/akunq.net\\\/tr\\\/\",\"name\":\"Bati Ermenistan Ve Bati Ermenileri Sorunlari Ara\u015ftirmalar Merkezi\",\"description\":\"\",\"potentialAction\":[{\"@type\":\"SearchAction\",\"target\":{\"@type\":\"EntryPoint\",\"urlTemplate\":\"https:\\\/\\\/akunq.net\\\/tr\\\/?s={search_term_string}\"},\"query-input\":{\"@type\":\"PropertyValueSpecification\",\"valueRequired\":true,\"valueName\":\"search_term_string\"}}],\"inLanguage\":\"en-US\"},{\"@type\":\"Person\",\"@id\":\"https:\\\/\\\/akunq.net\\\/tr\\\/#\\\/schema\\\/person\\\/096f1d38a12cce57fb855b485ed24c9e\",\"name\":\"admin\",\"url\":\"https:\\\/\\\/akunq.net\\\/tr\\\/?author=7\"}]}<\/script>\n<!-- \/ Yoast SEO plugin. -->","yoast_head_json":{"title":"27 Eyl\u00fcl'de Ermenistan\u2019daki kiliselerde 44 g\u00fcnl\u00fck sava\u015f\u0131n \u015fehitlerinin ruhlar\u0131 i\u00e7in dualar okunacak - Bati Ermenistan Ve Bati Ermenileri Sorunlari Ara\u015ftirmalar Merkezi","robots":{"index":"index","follow":"follow","max-snippet":"max-snippet:-1","max-image-preview":"max-image-preview:large","max-video-preview":"max-video-preview:-1"},"canonical":"https:\/\/akunq.net\/tr\/?p=64882","og_locale":"en_US","og_type":"article","og_title":"27 Eyl\u00fcl'de Ermenistan\u2019daki kiliselerde 44 g\u00fcnl\u00fck sava\u015f\u0131n \u015fehitlerinin ruhlar\u0131 i\u00e7in dualar okunacak - Bati Ermenistan Ve Bati Ermenileri Sorunlari Ara\u015ftirmalar Merkezi","og_description":"27 Eyl\u00fcl g\u00fcn\u00fc saat 10:00\u2019da E\u00e7miadzin Katedrali\u2019nde ve Ermeni Apostolik Kilisesi\u2019nin b\u00fct\u00fcn diyakosluklar\u0131n\u0131n ana kiliselerinde 44 g\u00fcn s\u00fcrm\u00fc\u015f olan Artsakh sava\u015f\u0131nda \u015fehit olan vatan savunucular\u0131n\u0131n ruhlar\u0131n\u0131n huzuru i\u00e7in Hokehankist (Ayin-i Ruhani) ayini d\u00fczenlenecektir. Kutsal E\u00e7miadzin Ana Makam\u0131\u2019ndan Armenpress\u2019in edindi\u011fi bilgilere g\u00f6re T\u00fcm Ermeniler Katolikosu II. Karekin, Hokehankist ayini Surb Gayane Kilisesi\u2019nde y\u00f6netecektir. https:\/\/armenpress.am\/tur\/news\/1064044.html\u00a0","og_url":"https:\/\/akunq.net\/tr\/?p=64882","og_site_name":"Bati Ermenistan Ve Bati Ermenileri Sorunlari Ara\u015ftirmalar Merkezi","article_published_time":"2021-09-27T06:11:31+00:00","og_image":[{"width":670,"height":450,"url":"https:\/\/akunq.net\/tr\/wp-content\/uploads\/sites\/6\/2021\/09\/T\u00fcm-Ermeniler-Katolikosu-II.-Karekin.jpg","type":"image\/jpeg"}],"author":"admin","twitter_card":"summary_large_image","twitter_misc":{"Written by":"admin"},"schema":{"@context":"https:\/\/schema.org","@graph":[{"@type":"Article","@id":"https:\/\/akunq.net\/tr\/?p=64882#article","isPartOf":{"@id":"https:\/\/akunq.net\/tr\/?p=64882"},"author":{"name":"admin","@id":"https:\/\/akunq.net\/tr\/#\/schema\/person\/096f1d38a12cce57fb855b485ed24c9e"},"headline":"27 Eyl\u00fcl&#8217;de Ermenistan\u2019daki kiliselerde 44 g\u00fcnl\u00fck sava\u015f\u0131n \u015fehitlerinin ruhlar\u0131 i\u00e7in dualar okunacak","datePublished":"2021-09-27T06:11:31+00:00","mainEntityOfPage":{"@id":"https:\/\/akunq.net\/tr\/?p=64882"},"wordCount":98,"commentCount":0,"image":{"@id":"https:\/\/akunq.net\/tr\/?p=64882#primaryimage"},"thumbnailUrl":"https:\/\/akunq.net\/tr\/wp-content\/uploads\/sites\/6\/2021\/09\/T\u00fcm-Ermeniler-Katolikosu-II.-Karekin.jpg","articleSection":["Haberler"],"inLanguage":"en-US","potentialAction":[{"@type":"CommentAction","name":"Comment","target":["https:\/\/akunq.net\/tr\/?p=64882#respond"]}]},{"@type":"WebPage","@id":"https:\/\/akunq.net\/tr\/?p=64882","url":"https:\/\/akunq.net\/tr\/?p=64882","name":"27 Eyl\u00fcl'de Ermenistan\u2019daki kiliselerde 44 g\u00fcnl\u00fck sava\u015f\u0131n \u015fehitlerinin ruhlar\u0131 i\u00e7in dualar okunacak - Bati Ermenistan Ve Bati Ermenileri Sorunlari Ara\u015ftirmalar Merkezi","isPartOf":{"@id":"https:\/\/akunq.net\/tr\/#website"},"primaryImageOfPage":{"@id":"https:\/\/akunq.net\/tr\/?p=64882#primaryimage"},"image":{"@id":"https:\/\/akunq.net\/tr\/?p=64882#primaryimage"},"thumbnailUrl":"https:\/\/akunq.net\/tr\/wp-content\/uploads\/sites\/6\/2021\/09\/T\u00fcm-Ermeniler-Katolikosu-II.-Karekin.jpg","datePublished":"2021-09-27T06:11:31+00:00","author":{"@id":"https:\/\/akunq.net\/tr\/#\/schema\/person\/096f1d38a12cce57fb855b485ed24c9e"},"breadcrumb":{"@id":"https:\/\/akunq.net\/tr\/?p=64882#breadcrumb"},"inLanguage":"en-US","potentialAction":[{"@type":"ReadAction","target":["https:\/\/akunq.net\/tr\/?p=64882"]}]},{"@type":"ImageObject","inLanguage":"en-US","@id":"https:\/\/akunq.net\/tr\/?p=64882#primaryimage","url":"https:\/\/akunq.net\/tr\/wp-content\/uploads\/sites\/6\/2021\/09\/T\u00fcm-Ermeniler-Katolikosu-II.-Karekin.jpg","contentUrl":"https:\/\/akunq.net\/tr\/wp-content\/uploads\/sites\/6\/2021\/09\/T\u00fcm-Ermeniler-Katolikosu-II.-Karekin.jpg","width":670,"height":450},{"@type":"BreadcrumbList","@id":"https:\/\/akunq.net\/tr\/?p=64882#breadcrumb","itemListElement":[{"@type":"ListItem","position":1,"name":"Home","item":"https:\/\/akunq.net\/tr"},{"@type":"ListItem","position":2,"name":"27 Eyl\u00fcl&#8217;de Ermenistan\u2019daki kiliselerde 44 g\u00fcnl\u00fck sava\u015f\u0131n \u015fehitlerinin ruhlar\u0131 i\u00e7in dualar okunacak"}]},{"@type":"WebSite","@id":"https:\/\/akunq.net\/tr\/#website","url":"https:\/\/akunq.net\/tr\/","name":"Bati Ermenistan Ve Bati Ermenileri Sorunlari Ara\u015ftirmalar Merkezi","description":"","potentialAction":[{"@type":"SearchAction","target":{"@type":"EntryPoint","urlTemplate":"https:\/\/akunq.net\/tr\/?s={search_term_string}"},"query-input":{"@type":"PropertyValueSpecification","valueRequired":true,"valueName":"search_term_string"}}],"inLanguage":"en-US"},{"@type":"Person","@id":"https:\/\/akunq.net\/tr\/#\/schema\/person\/096f1d38a12cce57fb855b485ed24c9e","name":"admin","url":"https:\/\/akunq.net\/tr\/?author=7"}]}},"_links":{"self":[{"href":"https:\/\/akunq.net\/tr\/index.php?rest_route=\/wp\/v2\/posts\/64882","targetHints":{"allow":["GET"]}}],"collection":[{"href":"https:\/\/akunq.net\/tr\/index.php?rest_route=\/wp\/v2\/posts"}],"about":[{"href":"https:\/\/akunq.net\/tr\/index.php?rest_route=\/wp\/v2\/types\/post"}],"author":[{"embeddable":true,"href":"https:\/\/akunq.net\/tr\/index.php?rest_route=\/wp\/v2\/users\/7"}],"replies":[{"embeddable":true,"href":"https:\/\/akunq.net\/tr\/index.php?rest_route=%2Fwp%2Fv2%2Fcomments&post=64882"}],"version-history":[{"count":1,"href":"https:\/\/akunq.net\/tr\/index.php?rest_route=\/wp\/v2\/posts\/64882\/revisions"}],"predecessor-version":[{"id":64884,"href":"https:\/\/akunq.net\/tr\/index.php?rest_route=\/wp\/v2\/posts\/64882\/revisions\/64884"}],"wp:featuredmedia":[{"embeddable":true,"href":"https:\/\/akunq.net\/tr\/index.php?rest_route=\/wp\/v2\/media\/64883"}],"wp:attachment":[{"href":"https:\/\/akunq.net\/tr\/index.php?rest_route=%2Fwp%2Fv2%2Fmedia&parent=64882"}],"wp:term":[{"taxonomy":"category","embeddable":true,"href":"https:\/\/akunq.net\/tr\/index.php?rest_route=%2Fwp%2Fv2%2Fcategories&post=64882"},{"taxonomy":"post_tag","embeddable":true,"href":"https:\/\/akunq.net\/tr\/index.php?rest_route=%2Fwp%2Fv2%2Ftags&post=64882"}],"curies":[{"name":"wp","href":"https:\/\/api.w.org\/{rel}","templated":true}]}}