{"id":64872,"date":"2021-09-25T03:47:22","date_gmt":"2021-09-25T08:47:22","guid":{"rendered":"https:\/\/akunq.net\/tr\/?p=64872"},"modified":"2021-09-25T03:47:22","modified_gmt":"2021-09-25T08:47:22","slug":"erdogan-new-york-donusu-konustu-kurt-sorununu-coktan-cozduk-biden-ile-iyi-basladik-diyemem","status":"publish","type":"post","link":"https:\/\/akunq.net\/tr\/?p=64872","title":{"rendered":"Erdo\u011fan New York d\u00f6n\u00fc\u015f\u00fc konu\u015ftu: &#8216;K\u00fcrt sorununu \u00e7oktan \u00e7\u00f6zd\u00fck, Biden ile iyi ba\u015flad\u0131k diyemem&#8230;&#8217;"},"content":{"rendered":"<div class=\"c-article-content js-article-content article__content \">\n<p><img loading=\"lazy\" decoding=\"async\" class=\"aligncenter size-medium wp-image-64873\" src=\"https:\/\/akunq.net\/tr\/wp-content\/uploads\/2021\/09\/Erdogan-360x203.jpg\" alt=\"\" width=\"360\" height=\"203\" srcset=\"https:\/\/akunq.net\/tr\/wp-content\/uploads\/sites\/6\/2021\/09\/Erdogan-360x203.jpg 360w, https:\/\/akunq.net\/tr\/wp-content\/uploads\/sites\/6\/2021\/09\/Erdogan-768x432.jpg 768w, https:\/\/akunq.net\/tr\/wp-content\/uploads\/sites\/6\/2021\/09\/Erdogan-560x315.jpg 560w, https:\/\/akunq.net\/tr\/wp-content\/uploads\/sites\/6\/2021\/09\/Erdogan-260x146.jpg 260w, https:\/\/akunq.net\/tr\/wp-content\/uploads\/sites\/6\/2021\/09\/Erdogan-160x90.jpg 160w, https:\/\/akunq.net\/tr\/wp-content\/uploads\/sites\/6\/2021\/09\/Erdogan.jpg 800w\" sizes=\"auto, (max-width: 360px) 100vw, 360px\" \/><\/p>\n<p><strong><em>Cumhurba\u015fkan\u0131 Recep Tayyip Erdo\u011fan, T\u00fcrkiye&#8217;de &#8220;K\u00fcrt sorununun&#8221; bulunmad\u0131\u011f\u0131n\u0131 belirterek &#8220;Biz bu i\u015fi \u00e7oktan \u00e7\u00f6zd\u00fck, a\u015ft\u0131k, bitirdik&#8221; ifadesini kulland\u0131.<\/em><\/strong><\/p>\n<p>Cumhurba\u015fkan\u0131 Erdo\u011fan, Birle\u015fmi\u015f Milletler (BM) 76&#8217;nc\u0131 Genel Kurulu toplant\u0131s\u0131na kat\u0131lmak \u00fczere bulundu\u011fu ABD&#8217;nin New York kentinden ayr\u0131lmadan \u00f6nce T\u00fcrkevi&#8217;nde gazetecilerin sorular\u0131n\u0131 yan\u0131tlad\u0131.<\/p>\n<p>Erdo\u011fan, HDP eski E\u015f Genel Ba\u015fkan\u0131 Sezai Temelli&#8217;nin &#8216;K\u00fcrt sorununda \u00e7\u00f6z\u00fcm\u00fcn adresi \u0130mral\u0131&#8217;d\u0131r&#8217; \u015feklindeki a\u00e7\u0131klamas\u0131 sonras\u0131 g\u00fcndem olan konuyla ile ilgili de\u011ferlendirmelerde bulundu: &#8220;Yani (Muhatap) \u0130mral\u0131 m\u0131d\u0131r, de\u011fil midir, onlar\u0131n sorunu. Vars\u0131n onlar bu \u015fekilde yola devam etsinler; yani HDP midir, \u015fu mudur, bu mudur\u2026 Biz diyoruz ki bu \u00fclkede \u015fu anda Cumhur \u0130ttifak\u0131 bu i\u015fin tek \u00e7\u00f6z\u00fcm noktas\u0131d\u0131r ve Cumhur \u0130ttifak\u0131 olarak da biz bu \u00e7\u00f6z\u00fcm\u00fcn m\u00fccadelesini s\u00fcrd\u00fcr\u00fcyoruz. \u00c7\u00fcnk\u00fc bizim \u015fu anda kitab\u0131m\u0131zda birlik var, beraberlik var, karde\u015flik var ve bununla da bu yolda devam ediyoruz. &#8216;Yok K\u00fcrt sorununu \u00e7\u00f6zmektir, yok \u015fudur, yok budur\u2026&#8217; T\u00fcrkiye\u2019de b\u00f6yle bir sorun yok. Biz bu i\u015fi \u00e7oktan \u00e7\u00f6zd\u00fck, a\u015ft\u0131k, bitirdik. E\u011fer birli\u011fe, beraberli\u011fe, karde\u015fli\u011fe inananlar varsa buyursunlar hep beraber yola devam edelim.&#8221;<\/p>\n<h2>Erdo\u011fan: &#8216;Biden ile iyi ba\u015flad\u0131k diyemem, \u015fu andaki gidi\u015f pek hayra alamet de\u011fil&#8230;&#8217;<\/h2>\n<p>Afganistan ve Suriye ba\u011flam\u0131nda T\u00fcrkiye-ABD ili\u015fkilerinin seyrini nas\u0131l g\u00f6rd\u00fc\u011f\u00fcn\u00fcn sorulmas\u0131 \u00fczerine ise Erdo\u011fan, &#8220;T\u00fcrk-Amerikan ili\u015fkilerinde sa\u011fl\u0131kl\u0131 bir s\u00fcrecin i\u015fledi\u011fini do\u011frusu s\u00f6yleyemem. Niye? Bak\u0131n biz F-35&#8217;leri ald\u0131k, 1 milyar 400 milyon dolar \u00f6deme yapt\u0131k ve bu F-35&#8217;ler bize teslim edilmedi. Amerika \u00f6nce bunu bir defa halletmeli. Bize S-400 konusunu bahane edip F-35&#8217;leri vermemek, her \u015feyden \u00f6nce bir defa devletler aras\u0131 ili\u015fkilerde ne diplomasi noktas\u0131nda ne de m\u00fcnasebetler noktas\u0131nda bir kimlik ortaya koymakt\u0131r. Amerika&#8217;n\u0131n \u00f6nce bunu bir defa d\u00fczeltmesi laz\u0131m.&#8221; dedi.<\/p>\n<p data-min-tv-running=\"true\">Erdo\u011fan, uluslararas\u0131 hukuka dayal\u0131 olarak ne yap\u0131lmas\u0131 gerekiyorsa yapacaklar\u0131n\u0131 vurgulayarak, &#8220;Bize s\u00fcrekli S-400&#8217;\u00fc dayatmalar\u0131n\u0131 bir defa bizim kabul etmemiz m\u00fcmk\u00fcn de\u011fil. Bizim i\u00e7in S-400 i\u015fi bitmi\u015ftir. Buradan geri ad\u0131m atmam\u0131z da m\u00fcmk\u00fcn de\u011fil. Amerika&#8217;n\u0131n bunu uluslararas\u0131 diplomaside, ili\u015fkilerde do\u011fru bir yere oturtmas\u0131 gerekir. Ama \u015fu ana kadar bunu oturtamad\u0131lar. Biz T\u00fcrkiye olarak d\u00fcr\u00fcst davran\u0131yoruz, duru\u015fumuz d\u00fcr\u00fcstt\u00fcr ama Amerika maalesef d\u00fcr\u00fcst davranmad\u0131, davranm\u0131yor.&#8221; diye konu\u015ftu.<\/p>\n<p>&#8220;\u015eunu da bilmeleri gerekir ki art\u0131k eski T\u00fcrkiye de yok. Bu T\u00fcrkiye ba\u015fka bir T\u00fcrkiye. Savunma sanayisinde de biz her ge\u00e7en g\u00fcn daha ileri gidiyoruz, daha ileri gidece\u011fiz. Ama yar\u0131n &#8216;Ni\u00e7in F-35&#8217;i alm\u0131yorsun?&#8217; diyemezler. Vermezsen almay\u0131z. O zaman biz daha ba\u015fka kap\u0131lara da m\u00fcracaat ederiz. Burada CBS ile yapt\u0131\u011f\u0131m r\u00f6portajda onlara da onu s\u00f6yledim. &#8216;Yani ba\u015fka yerlerden almay\u0131 m\u0131 d\u00fc\u015f\u00fcn\u00fcyorsunuz?&#8217; diye sordu. &#8216;Gerekirse al\u0131r\u0131z&#8217; dedim. Sen bana \u015fimdi Patriot vermeyeceksin, ondan sonra biz S-400&#8217;\u00fc ald\u0131\u011f\u0131m\u0131zda &#8216;Niye S-400&#8217;\u00fc ald\u0131n?&#8217; diyeceksin. T\u00fcrkiye, kendi savunmas\u0131na y\u00f6nelik ne gerekiyorsa onu al\u0131r. Gerekirse bunlar\u0131 \u00fcretmeye de ba\u015flar. Zaten \u015fu anda ba\u015flad\u0131k. Bundan sonra bunu daha da ileri safhalara ta\u015f\u0131yaca\u011f\u0131z. \u0130n\u015fallah kendi insans\u0131z sava\u015f u\u00e7aklar\u0131m\u0131z\u0131 da \u00fcretece\u011fiz. Bunu da g\u00f6recekler. Bu ad\u0131mlar\u0131 da in\u015fallah at\u0131yoruz. Temennim odur ki iki NATO \u00fclkesi olarak birbirimize hasmane de\u011fil, dostane davranal\u0131m. Ama iki NATO \u00fclkesi olarak \u015fu andaki gidi\u015f pek hayra alamet de\u011fil. Benim Ba\u015fbakan, Cumhurba\u015fkan\u0131 olarak yakla\u015f\u0131k 19 y\u0131ll\u0131k y\u00f6neticilik hayat\u0131mda Amerika ile olan m\u00fcnasebetlerimde geldi\u011fimiz nokta maalesef iyi bir nokta de\u011fil. Ben o\u011ful Bush ile iyi \u00e7al\u0131\u015ft\u0131m, say\u0131n Obama ile iyi \u00e7al\u0131\u015ft\u0131m, say\u0131n Trump ile iyi \u00e7al\u0131\u015ft\u0131m ama say\u0131n Biden ile iyi ba\u015flad\u0131k diyemem.&#8221;<\/p>\n<h2>&#8220;Amerika Afganistan&#8217;a ni\u00e7in girdi? Afganistan&#8217;da ne i\u015fi vard\u0131 ve \u015fimdi Afganistan&#8217;dan niye \u00e7\u0131k\u0131yor?&#8221;<\/h2>\n<p>T\u00fcrkiye&#8217;nin Afganistan&#8217;daki rol\u00fc ve stratejisinin ne olaca\u011f\u0131na ili\u015fkin soru \u00fczerine Erdo\u011fan, &#8220;Burada \u00f6nceki g\u00fcn Amerika&#8217;n\u0131n \u00f6nemli bir yay\u0131n organ\u0131yla yapt\u0131\u011f\u0131m\u0131z m\u00fclakatta da s\u00f6yledim; 20 y\u0131l \u00f6nce Amerika Afganistan&#8217;a ni\u00e7in girdi? Afganistan&#8217;da ne i\u015fi vard\u0131 ve \u015fimdi Afganistan&#8217;dan niye \u00e7\u0131k\u0131yor? Herhalde bunun bir bedelinin olmas\u0131 laz\u0131m? Ve bunca m\u00fclteci \u015fu anda nereye gidecek? T\u00fcrkiye&#8217;nin kap\u0131lar\u0131 a\u00e7mas\u0131 ve bunlar\u0131 kabul etmesi d\u00fc\u015f\u00fcn\u00fclemez. Buras\u0131 bizim i\u00e7in bir a\u00e7\u0131k hava koridoru de\u011fil.&#8221; dedi.<\/p>\n<div class=\"widget widget--type-related widget--size-fullwidth widget--align-center\" data-stories-id=\"6092648\" data-event=\"widget_related\">\n<div class=\"widget__wrapper\">\n<div class=\"widget__ratio widget__ratio--auto\">\n<div class=\"widget__contents\">\n<p>B\u00f6yle bir \u015feyi kabullenmenin kolay olmad\u0131\u011f\u0131n\u0131, bunun bir maliyeti ve bedelinin oldu\u011funu dile getiren Erdo\u011fan, s\u00f6zlerini \u015f\u00f6yle s\u00fcrd\u00fcrd\u00fc:<\/p>\n<\/div>\n<\/div>\n<\/div>\n<\/div>\n<p>&#8220;Amerika burada &#8216;Kap\u0131lar a\u00e7\u0131ls\u0131n ve Afgan halk\u0131 T\u00fcrkiye&#8217;ye girsin&#8217; diyemez. Nitekim b\u00f6yle bir \u015feye biz, a\u00e7\u0131k da de\u011filiz, m\u00fcsaade de etmeyiz. Afgan halk\u0131 bizim i\u00e7in karde\u015f halkt\u0131r. Tarihe dayal\u0131 bir ge\u00e7mi\u015fimiz var fakat bu kuru kuruya bir karde\u015flik olmuyor. Ayn\u0131 \u015feyi biz Suriye&#8217;de de yapt\u0131k. Ayn\u0131 durum Irak&#8217;ta oldu. Bunlar\u0131 b\u00f6yle toparlad\u0131\u011f\u0131m\u0131z zaman, ge\u00e7mi\u015ften al\u0131rsak girip \u00e7\u0131kanla neredeyse 10 milyona varan bir say\u0131 s\u00f6z konusu. \u015eu anda bunun 5 milyonu T\u00fcrkiye&#8217;de kald\u0131. Burada bu bedeli \u00f6demesi gereken Amerika&#8217;d\u0131r. Amerika&#8217;n\u0131n bununla ilgili ad\u0131mlar atmas\u0131 laz\u0131m. Fakat \u015fu ana kadar b\u00f6yle bir hava g\u00f6r\u00fcnm\u00fcyor. Amerika&#8217;n\u0131n bu noktada kap\u0131lar\u0131 a\u00e7mak gibi bir derdi \u015fu anda yok gibi. Fakat kapsay\u0131c\u0131, ku\u015fat\u0131c\u0131 bir y\u00f6netim Afganistan&#8217;da olu\u015fursa, bu y\u00f6netimle baz\u0131 g\u00f6r\u00fc\u015fmelerimiz olabilirse ve ger\u00e7ekten sa\u011fl\u0131kl\u0131 bir ileti\u015fim kurabilirsek, bundan sonra ne olabilece\u011finin ad\u0131mlar\u0131n\u0131 bu g\u00f6r\u00fc\u015fmelerden sonra atabiliriz.&#8221;<\/p>\n<p>T\u00fcrkiye&#8217;nin Afganistan&#8217;da altyap\u0131 ve \u00fcstyap\u0131 yat\u0131r\u0131mlar\u0131n\u0131n oldu\u011funu ve bu yat\u0131r\u0131mlardan rahats\u0131z olmad\u0131klar\u0131n\u0131, bundan sonraki s\u00fcre\u00e7te de bu t\u00fcr ad\u0131mlar\u0131 atabileceklerini s\u00f6yleyen Erdo\u011fan, &#8220;Ama Taliban&#8217;\u0131n \u015fu andaki yakla\u015f\u0131m tarz\u0131na bak\u0131ld\u0131\u011f\u0131nda kucaklay\u0131c\u0131, ku\u015fat\u0131c\u0131 bir y\u00f6netim maalesef olu\u015fmad\u0131. \u015eu anda sadece baz\u0131 sinyaller geliyor; baz\u0131 de\u011fi\u015fikliklerin olabilece\u011fi, y\u00f6netimde baz\u0131 ku\u015fat\u0131c\u0131, kapsay\u0131c\u0131 bir havan\u0131n olu\u015faca\u011f\u0131 istikametinde. Bunu tabii daha hen\u00fcz g\u00f6rm\u00fc\u015f de\u011filiz. E\u011fer b\u00f6yle bir ad\u0131m at\u0131labilirse o zaman birlikte neler yapabilece\u011fimizi kendileriyle g\u00f6r\u00fc\u015fme, konu\u015fma noktas\u0131na gidebiliriz. Kald\u0131 ki kendi i\u00e7lerinde de \u015fu anda baz\u0131 s\u0131k\u0131nt\u0131lar ya\u015fan\u0131yor. Bu s\u0131k\u0131nt\u0131lar\u0131 a\u015fabilirlerse ve ondan sonra T\u00fcrkiye ile baz\u0131 g\u00f6r\u00fc\u015fmeler olursa, ad\u0131mlar at\u0131labilirse bunlar\u0131 nas\u0131l ger\u00e7ekle\u015ftiririz, nas\u0131l bir yol haritas\u0131 belirleriz, ona bakar, ona g\u00f6re de Afganistan&#8217;la b\u00f6yle bir ad\u0131m\u0131 ger\u00e7ekle\u015ftirmi\u015f oluruz.&#8221; de\u011ferlendirmesinde bulundu.<\/p>\n<h2>&#8220;Putin ile T\u00fcrkiye-Rusya ili\u015fkilerinde \u00f6nemli bir karara da varaca\u011f\u0131z&#8221;<\/h2>\n<p>Erdo\u011fan, \u0130dlib Gerginli\u011fi Azaltma B\u00f6lgesi&#8217;nde son d\u00f6nemdeki sald\u0131r\u0131lar ve 29 Eyl\u00fcl&#8217;de Rusya Devlet Ba\u015fkan\u0131 Vladimir Putin ile g\u00f6r\u00fc\u015fece\u011fi hat\u0131rlat\u0131larak, &#8220;Bu konuda nas\u0131l mesajlar vermeyi d\u00fc\u015f\u00fcn\u00fcyorsunuz? Bu zirveden herhangi bir sonu\u00e7 bekliyor muyuz?&#8221; sorusunun y\u00f6neltilmesi \u00fczerine Putin ile yapacaklar\u0131 ikili g\u00f6r\u00fc\u015fmenin \u00f6nem arz etti\u011fini bildirdi.<\/p>\n<p>Heyetler aras\u0131 g\u00f6r\u00fc\u015fmenin olmayaca\u011f\u0131n\u0131 yaln\u0131zca Putin&#8217;le ikili g\u00f6r\u00fc\u015fme yapacaklar\u0131n\u0131 belirten Erdo\u011fan, &#8220;Bu tabii sadece \u0130dlib&#8217;i i\u00e7eren bir g\u00f6r\u00fc\u015fme olmayacak. Ayn\u0131 zamanda T\u00fcrkiye-Rusya ikili ili\u015fkilerini ve Suriye&#8217;deki durumu masaya yat\u0131raca\u011f\u0131z. Suriye&#8217;de nereye geldi\u011fimizi, bundan sonraki s\u00fcre\u00e7te de nereye gelece\u011fimizi kendileriyle konu\u015faca\u011f\u0131z. Kimseyi \u00fc\u00e7\u00fcnc\u00fc bir \u015fah\u0131s olarak yan\u0131m\u0131za almadan bu g\u00f6r\u00fc\u015fmeyi yaparken orada tabii T\u00fcrkiye-Rusya ili\u015fkilerinde \u00f6nemli bir karara da varaca\u011f\u0131z.&#8221; dedi.<\/p>\n<p>T\u00fcrkiye ve Rusya&#8217;n\u0131n b\u00f6lgede \u00f6nemli iki \u00fclke oldu\u011funa dikkati \u00e7eken Erdo\u011fan, &#8220;\u00d6nemli iki \u00fclke derken bir \u015feyi daha ifade etmem laz\u0131m; biz Rusya ile ili\u015fkilerde \u015fu ana kadar herhangi bir yanl\u0131\u015f g\u00f6rmedik. Ticaret hacmine bakt\u0131\u011f\u0131m\u0131z zaman iyi bir konumday\u0131z ve s\u00fcrekli ilerleyen bir ticaret hacmi var. Suriye&#8217;deki geli\u015fmeleri daha iyi bir konuma ta\u015f\u0131ma noktas\u0131nda zaman zaman baz\u0131 s\u0131k\u0131nt\u0131lar ya\u015fam\u0131yor de\u011filiz. Ama bunu da gerek \u015fahs\u0131m gerek Savunma Bakan\u0131&#8217;m, gerek D\u0131\u015fi\u015fleri Bakan\u0131&#8217;m, att\u0131\u011f\u0131m\u0131z ad\u0131mlarla hemen telafi edebiliyoruz. \u00d6rne\u011fin say\u0131n Putin, Azerbaycan\u2019da e\u011fer devlet adaml\u0131\u011f\u0131n\u0131 tam manas\u0131yla ortaya koymam\u0131\u015f olsayd\u0131, Azerbaycan&#8217;dan bu \u015fekilde \u00e7\u0131k\u0131lmazd\u0131. Ama bunu ortaya isabetli kararlarla koydu\u011fu i\u00e7in Azerbaycan&#8217;dan \u00e7ok \u00e7ok olumlu bir \u015fekilde \u00e7\u0131kma \u015fans\u0131n\u0131 yakalad\u0131k.&#8221; de\u011ferlendirmesinde bulundu.<\/p>\n<div class=\"widget widget--type-related widget--size-fullwidth widget--align-center\" data-stories-id=\"5689858\" data-event=\"widget_related\">\n<div class=\"widget__wrapper\">\n<div class=\"widget__ratio widget__ratio--auto\">\n<div class=\"widget__contents\"><\/div>\n<\/div>\n<\/div>\n<\/div>\n<p>Erdo\u011fan, Almanya&#8217;da pazar g\u00fcn\u00fc se\u00e7imlerin yap\u0131laca\u011f\u0131 belirtilerek Ba\u015fbakan Merkel&#8217;in T\u00fcrkiye ve Avrupa \u00fczerindeki ili\u015fkilerdeki etkisini nas\u0131l de\u011ferlendirdi\u011fine y\u00f6nelik bir soru \u00fczerine Erdo\u011fan \u015f\u00f6yle devam etti:<\/p>\n<p>Temennim odur ki ger\u00e7ekten gerek Almanya&#8217;da ya\u015fayan T\u00fcrk vatanda\u015flar\u0131 ile alakal\u0131 gerekse T\u00fcrkiye-Almanya ili\u015fkilerindeki bundan sonraki s\u00fcreci zengin k\u0131lacak bir iktidar i\u015f ba\u015f\u0131na gelsin. \u00c7\u00fcnk\u00fc bizim orada \u00e7ok ciddi say\u0131da bir insan potansiyelimiz var ve bu insanlar orada \u00e7ile \u00e7ekmesinler. B\u00f6ylece yeni bir s\u00fcreci T\u00fcrkiye-Almanya ili\u015fkilerinde in\u015fallah g\u00fc\u00e7l\u00fc k\u0131lacak bir iktidarla devam ettirelim. Bu konuda da kim olursa biz onunla her zaman ili\u015fkilerimizi, gelece\u011fe \u00e7ok \u00e7ok g\u00fc\u00e7l\u00fc \u015fekilde s\u00fcrd\u00fcrm\u00fc\u015f oluruz. Mesela att\u0131\u011f\u0131m\u0131z baz\u0131 ad\u0131mlar vard\u0131. Savunma sanayisine y\u00f6nelik Almanya&#8217;yla ili\u015fkilerimiz vard\u0131. Daha da \u00f6nemlisi \u015fu anda denizalt\u0131 gemilerinin makinelerinin aksam\u0131yla alakal\u0131 att\u0131\u011f\u0131m\u0131z ad\u0131mlar vard\u0131. \u015eimdi bu ad\u0131mlar\u0131n ba\u015far\u0131l\u0131 bir \u015fekilde s\u00fcrmesi ve savunma sanayisinde de bunlarla beraber bizim g\u00fc\u00e7l\u00fc y\u00fcr\u00fcmemiz, T\u00fcrkiye-Almanya ili\u015fkilerinde \u00e7ok farkl\u0131 bir yere isabet edecektir diye d\u00fc\u015f\u00fcn\u00fcyorum. &#8216;Her iki \u00fclke i\u00e7in hay\u0131rl\u0131 olan iktidar hangisi ise o i\u015f ba\u015f\u0131na gelsin.&#8217; diyorum.&#8221;<\/p>\n<h2>&#8220;Sosyal medyan\u0131n maalesef tahribat\u0131 \u00e7ok a\u00e7\u0131k ve net ortada&#8221;<\/h2>\n<p>Sosyal medya d\u00fczenlemesine y\u00f6nelik \u00e7al\u0131\u015fman\u0131n hangi a\u015famada oldu\u011fu ve hangi ad\u0131mlar\u0131n at\u0131lmas\u0131n\u0131n planland\u0131\u011f\u0131na ili\u015fkin soru \u00fczerine Erdo\u011fan, bununla ilgili \u00e7al\u0131\u015fmalar\u0131n s\u00fcrd\u00fc\u011f\u00fcn\u00fc, Meclisin a\u00e7\u0131lmas\u0131yla birlikte de TBMM&#8217;ye sunulaca\u011f\u0131n\u0131 bildirdi.<\/p>\n<p>Erdo\u011fan, &#8220;B\u00f6ylece sosyal medya konusundaki ataca\u011f\u0131m\u0131z ad\u0131mlar\u0131n \u00fclkemiz i\u00e7in, milletimiz i\u00e7in hay\u0131rl\u0131 olmas\u0131n\u0131 temenni ediyorum. \u00c7\u00fcnk\u00fc sosyal medyan\u0131n maalesef tahribat\u0131 \u00e7ok a\u00e7\u0131k ve net ortada. Bu tahribat\u0131n art\u0131k bitmesinden yanay\u0131m. Art\u0131k bu tahribat\u0131 bitirmenin vaktinin geldi\u011fine inan\u0131yorum.&#8221; diye konu\u015ftu.<\/p>\n<p><strong><em>https:\/\/tr.euronews.com\/2021\/09\/23\/erdogan-kurt-sorununu-coktan-cozduk-ast-k-bitirdik\u00a0<\/em><\/strong><\/p>\n<\/div>\n<footer class=\"c-article-footer__section c-article-contributors-footer u-margin-top-4 u-padding-top-5\">&nbsp;<\/p>\n<\/footer>\n","protected":false},"excerpt":{"rendered":"<p>Cumhurba\u015fkan\u0131 Recep Tayyip Erdo\u011fan, T\u00fcrkiye&#8217;de &#8220;K\u00fcrt sorununun&#8221; bulunmad\u0131\u011f\u0131n\u0131 belirterek &#8220;Biz bu i\u015fi \u00e7oktan \u00e7\u00f6zd\u00fck, a\u015ft\u0131k, bitirdik&#8221; ifadesini kulland\u0131. Cumhurba\u015fkan\u0131 Erdo\u011fan, Birle\u015fmi\u015f Milletler (BM) 76&#8217;nc\u0131 Genel Kurulu toplant\u0131s\u0131na kat\u0131lmak \u00fczere bulundu\u011fu ABD&#8217;nin New York kentinden ayr\u0131lmadan \u00f6nce T\u00fcrkevi&#8217;nde gazetecilerin sorular\u0131n\u0131 yan\u0131tlad\u0131. Erdo\u011fan, HDP eski E\u015f Genel Ba\u015fkan\u0131 Sezai Temelli&#8217;nin &#8216;K\u00fcrt sorununda \u00e7\u00f6z\u00fcm\u00fcn adresi \u0130mral\u0131&#8217;d\u0131r&#8217; \u015feklindeki a\u00e7\u0131klamas\u0131 [&hellip;]<\/p>\n","protected":false},"author":7,"featured_media":64873,"comment_status":"open","ping_status":"open","sticky":false,"template":"","format":"standard","meta":{"footnotes":""},"categories":[1,53],"tags":[],"class_list":["post-64872","post","type-post","status-publish","format-standard","has-post-thumbnail","hentry","category-haberler","category-turkiyede-azinliklar"],"yoast_head":"<!-- This site is optimized with the Yoast SEO plugin v27.4 - https:\/\/yoast.com\/product\/yoast-seo-wordpress\/ -->\n<title>Erdo\u011fan New York d\u00f6n\u00fc\u015f\u00fc konu\u015ftu: &#039;K\u00fcrt sorununu \u00e7oktan \u00e7\u00f6zd\u00fck, Biden ile iyi ba\u015flad\u0131k diyemem...&#039; - Bati Ermenistan Ve Bati Ermenileri Sorunlari Ara\u015ftirmalar Merkezi<\/title>\n<meta name=\"robots\" content=\"index, follow, max-snippet:-1, max-image-preview:large, max-video-preview:-1\" \/>\n<link rel=\"canonical\" href=\"https:\/\/akunq.net\/tr\/?p=64872\" \/>\n<meta property=\"og:locale\" content=\"en_US\" \/>\n<meta property=\"og:type\" content=\"article\" \/>\n<meta property=\"og:title\" content=\"Erdo\u011fan New York d\u00f6n\u00fc\u015f\u00fc konu\u015ftu: &#039;K\u00fcrt sorununu \u00e7oktan \u00e7\u00f6zd\u00fck, Biden ile iyi ba\u015flad\u0131k diyemem...&#039; - Bati Ermenistan Ve Bati Ermenileri Sorunlari Ara\u015ftirmalar Merkezi\" \/>\n<meta property=\"og:description\" content=\"Cumhurba\u015fkan\u0131 Recep Tayyip Erdo\u011fan, T\u00fcrkiye&#8217;de &#8220;K\u00fcrt sorununun&#8221; bulunmad\u0131\u011f\u0131n\u0131 belirterek &#8220;Biz bu i\u015fi \u00e7oktan \u00e7\u00f6zd\u00fck, a\u015ft\u0131k, bitirdik&#8221; ifadesini kulland\u0131. Cumhurba\u015fkan\u0131 Erdo\u011fan, Birle\u015fmi\u015f Milletler (BM) 76&#8217;nc\u0131 Genel Kurulu toplant\u0131s\u0131na kat\u0131lmak \u00fczere bulundu\u011fu ABD&#8217;nin New York kentinden ayr\u0131lmadan \u00f6nce T\u00fcrkevi&#8217;nde gazetecilerin sorular\u0131n\u0131 yan\u0131tlad\u0131. Erdo\u011fan, HDP eski E\u015f Genel Ba\u015fkan\u0131 Sezai Temelli&#8217;nin &#8216;K\u00fcrt sorununda \u00e7\u00f6z\u00fcm\u00fcn adresi \u0130mral\u0131&#8217;d\u0131r&#8217; \u015feklindeki a\u00e7\u0131klamas\u0131 [&hellip;]\" \/>\n<meta property=\"og:url\" content=\"https:\/\/akunq.net\/tr\/?p=64872\" \/>\n<meta property=\"og:site_name\" content=\"Bati Ermenistan Ve Bati Ermenileri Sorunlari Ara\u015ftirmalar Merkezi\" \/>\n<meta property=\"article:published_time\" content=\"2021-09-25T08:47:22+00:00\" \/>\n<meta property=\"og:image\" content=\"https:\/\/akunq.net\/tr\/wp-content\/uploads\/sites\/6\/2021\/09\/Erdogan.jpg\" \/>\n\t<meta property=\"og:image:width\" content=\"800\" \/>\n\t<meta property=\"og:image:height\" content=\"450\" \/>\n\t<meta property=\"og:image:type\" content=\"image\/jpeg\" \/>\n<meta name=\"author\" content=\"admin\" \/>\n<meta name=\"twitter:card\" content=\"summary_large_image\" \/>\n<meta name=\"twitter:label1\" content=\"Written by\" \/>\n\t<meta name=\"twitter:data1\" content=\"admin\" \/>\n\t<meta name=\"twitter:label2\" content=\"Est. reading time\" \/>\n\t<meta name=\"twitter:data2\" content=\"9 minutes\" \/>\n<script type=\"application\/ld+json\" class=\"yoast-schema-graph\">{\"@context\":\"https:\\\/\\\/schema.org\",\"@graph\":[{\"@type\":\"Article\",\"@id\":\"https:\\\/\\\/akunq.net\\\/tr\\\/?p=64872#article\",\"isPartOf\":{\"@id\":\"https:\\\/\\\/akunq.net\\\/tr\\\/?p=64872\"},\"author\":{\"name\":\"admin\",\"@id\":\"https:\\\/\\\/akunq.net\\\/tr\\\/#\\\/schema\\\/person\\\/096f1d38a12cce57fb855b485ed24c9e\"},\"headline\":\"Erdo\u011fan New York d\u00f6n\u00fc\u015f\u00fc konu\u015ftu: &#8216;K\u00fcrt sorununu \u00e7oktan \u00e7\u00f6zd\u00fck, Biden ile iyi ba\u015flad\u0131k diyemem&#8230;&#8217;\",\"datePublished\":\"2021-09-25T08:47:22+00:00\",\"mainEntityOfPage\":{\"@id\":\"https:\\\/\\\/akunq.net\\\/tr\\\/?p=64872\"},\"wordCount\":1889,\"commentCount\":0,\"image\":{\"@id\":\"https:\\\/\\\/akunq.net\\\/tr\\\/?p=64872#primaryimage\"},\"thumbnailUrl\":\"https:\\\/\\\/akunq.net\\\/tr\\\/wp-content\\\/uploads\\\/sites\\\/6\\\/2021\\\/09\\\/Erdogan.jpg\",\"articleSection\":[\"Haberler\",\"T\u00fcrkiye\u2019de Az\u0131nl\u0131klar\"],\"inLanguage\":\"en-US\",\"potentialAction\":[{\"@type\":\"CommentAction\",\"name\":\"Comment\",\"target\":[\"https:\\\/\\\/akunq.net\\\/tr\\\/?p=64872#respond\"]}]},{\"@type\":\"WebPage\",\"@id\":\"https:\\\/\\\/akunq.net\\\/tr\\\/?p=64872\",\"url\":\"https:\\\/\\\/akunq.net\\\/tr\\\/?p=64872\",\"name\":\"Erdo\u011fan New York d\u00f6n\u00fc\u015f\u00fc konu\u015ftu: 'K\u00fcrt sorununu \u00e7oktan \u00e7\u00f6zd\u00fck, Biden ile iyi ba\u015flad\u0131k diyemem...' - Bati Ermenistan Ve Bati Ermenileri Sorunlari Ara\u015ftirmalar Merkezi\",\"isPartOf\":{\"@id\":\"https:\\\/\\\/akunq.net\\\/tr\\\/#website\"},\"primaryImageOfPage\":{\"@id\":\"https:\\\/\\\/akunq.net\\\/tr\\\/?p=64872#primaryimage\"},\"image\":{\"@id\":\"https:\\\/\\\/akunq.net\\\/tr\\\/?p=64872#primaryimage\"},\"thumbnailUrl\":\"https:\\\/\\\/akunq.net\\\/tr\\\/wp-content\\\/uploads\\\/sites\\\/6\\\/2021\\\/09\\\/Erdogan.jpg\",\"datePublished\":\"2021-09-25T08:47:22+00:00\",\"author\":{\"@id\":\"https:\\\/\\\/akunq.net\\\/tr\\\/#\\\/schema\\\/person\\\/096f1d38a12cce57fb855b485ed24c9e\"},\"breadcrumb\":{\"@id\":\"https:\\\/\\\/akunq.net\\\/tr\\\/?p=64872#breadcrumb\"},\"inLanguage\":\"en-US\",\"potentialAction\":[{\"@type\":\"ReadAction\",\"target\":[\"https:\\\/\\\/akunq.net\\\/tr\\\/?p=64872\"]}]},{\"@type\":\"ImageObject\",\"inLanguage\":\"en-US\",\"@id\":\"https:\\\/\\\/akunq.net\\\/tr\\\/?p=64872#primaryimage\",\"url\":\"https:\\\/\\\/akunq.net\\\/tr\\\/wp-content\\\/uploads\\\/sites\\\/6\\\/2021\\\/09\\\/Erdogan.jpg\",\"contentUrl\":\"https:\\\/\\\/akunq.net\\\/tr\\\/wp-content\\\/uploads\\\/sites\\\/6\\\/2021\\\/09\\\/Erdogan.jpg\",\"width\":800,\"height\":450},{\"@type\":\"BreadcrumbList\",\"@id\":\"https:\\\/\\\/akunq.net\\\/tr\\\/?p=64872#breadcrumb\",\"itemListElement\":[{\"@type\":\"ListItem\",\"position\":1,\"name\":\"Home\",\"item\":\"https:\\\/\\\/akunq.net\\\/tr\"},{\"@type\":\"ListItem\",\"position\":2,\"name\":\"Erdo\u011fan New York d\u00f6n\u00fc\u015f\u00fc konu\u015ftu: &#8216;K\u00fcrt sorununu \u00e7oktan \u00e7\u00f6zd\u00fck, Biden ile iyi ba\u015flad\u0131k diyemem&#8230;&#8217;\"}]},{\"@type\":\"WebSite\",\"@id\":\"https:\\\/\\\/akunq.net\\\/tr\\\/#website\",\"url\":\"https:\\\/\\\/akunq.net\\\/tr\\\/\",\"name\":\"Bati Ermenistan Ve Bati Ermenileri Sorunlari Ara\u015ftirmalar Merkezi\",\"description\":\"\",\"potentialAction\":[{\"@type\":\"SearchAction\",\"target\":{\"@type\":\"EntryPoint\",\"urlTemplate\":\"https:\\\/\\\/akunq.net\\\/tr\\\/?s={search_term_string}\"},\"query-input\":{\"@type\":\"PropertyValueSpecification\",\"valueRequired\":true,\"valueName\":\"search_term_string\"}}],\"inLanguage\":\"en-US\"},{\"@type\":\"Person\",\"@id\":\"https:\\\/\\\/akunq.net\\\/tr\\\/#\\\/schema\\\/person\\\/096f1d38a12cce57fb855b485ed24c9e\",\"name\":\"admin\",\"url\":\"https:\\\/\\\/akunq.net\\\/tr\\\/?author=7\"}]}<\/script>\n<!-- \/ Yoast SEO plugin. -->","yoast_head_json":{"title":"Erdo\u011fan New York d\u00f6n\u00fc\u015f\u00fc konu\u015ftu: 'K\u00fcrt sorununu \u00e7oktan \u00e7\u00f6zd\u00fck, Biden ile iyi ba\u015flad\u0131k diyemem...' - Bati Ermenistan Ve Bati Ermenileri Sorunlari Ara\u015ftirmalar Merkezi","robots":{"index":"index","follow":"follow","max-snippet":"max-snippet:-1","max-image-preview":"max-image-preview:large","max-video-preview":"max-video-preview:-1"},"canonical":"https:\/\/akunq.net\/tr\/?p=64872","og_locale":"en_US","og_type":"article","og_title":"Erdo\u011fan New York d\u00f6n\u00fc\u015f\u00fc konu\u015ftu: 'K\u00fcrt sorununu \u00e7oktan \u00e7\u00f6zd\u00fck, Biden ile iyi ba\u015flad\u0131k diyemem...' - Bati Ermenistan Ve Bati Ermenileri Sorunlari Ara\u015ftirmalar Merkezi","og_description":"Cumhurba\u015fkan\u0131 Recep Tayyip Erdo\u011fan, T\u00fcrkiye&#8217;de &#8220;K\u00fcrt sorununun&#8221; bulunmad\u0131\u011f\u0131n\u0131 belirterek &#8220;Biz bu i\u015fi \u00e7oktan \u00e7\u00f6zd\u00fck, a\u015ft\u0131k, bitirdik&#8221; ifadesini kulland\u0131. Cumhurba\u015fkan\u0131 Erdo\u011fan, Birle\u015fmi\u015f Milletler (BM) 76&#8217;nc\u0131 Genel Kurulu toplant\u0131s\u0131na kat\u0131lmak \u00fczere bulundu\u011fu ABD&#8217;nin New York kentinden ayr\u0131lmadan \u00f6nce T\u00fcrkevi&#8217;nde gazetecilerin sorular\u0131n\u0131 yan\u0131tlad\u0131. Erdo\u011fan, HDP eski E\u015f Genel Ba\u015fkan\u0131 Sezai Temelli&#8217;nin &#8216;K\u00fcrt sorununda \u00e7\u00f6z\u00fcm\u00fcn adresi \u0130mral\u0131&#8217;d\u0131r&#8217; \u015feklindeki a\u00e7\u0131klamas\u0131 [&hellip;]","og_url":"https:\/\/akunq.net\/tr\/?p=64872","og_site_name":"Bati Ermenistan Ve Bati Ermenileri Sorunlari Ara\u015ftirmalar Merkezi","article_published_time":"2021-09-25T08:47:22+00:00","og_image":[{"width":800,"height":450,"url":"https:\/\/akunq.net\/tr\/wp-content\/uploads\/sites\/6\/2021\/09\/Erdogan.jpg","type":"image\/jpeg"}],"author":"admin","twitter_card":"summary_large_image","twitter_misc":{"Written by":"admin","Est. reading time":"9 minutes"},"schema":{"@context":"https:\/\/schema.org","@graph":[{"@type":"Article","@id":"https:\/\/akunq.net\/tr\/?p=64872#article","isPartOf":{"@id":"https:\/\/akunq.net\/tr\/?p=64872"},"author":{"name":"admin","@id":"https:\/\/akunq.net\/tr\/#\/schema\/person\/096f1d38a12cce57fb855b485ed24c9e"},"headline":"Erdo\u011fan New York d\u00f6n\u00fc\u015f\u00fc konu\u015ftu: &#8216;K\u00fcrt sorununu \u00e7oktan \u00e7\u00f6zd\u00fck, Biden ile iyi ba\u015flad\u0131k diyemem&#8230;&#8217;","datePublished":"2021-09-25T08:47:22+00:00","mainEntityOfPage":{"@id":"https:\/\/akunq.net\/tr\/?p=64872"},"wordCount":1889,"commentCount":0,"image":{"@id":"https:\/\/akunq.net\/tr\/?p=64872#primaryimage"},"thumbnailUrl":"https:\/\/akunq.net\/tr\/wp-content\/uploads\/sites\/6\/2021\/09\/Erdogan.jpg","articleSection":["Haberler","T\u00fcrkiye\u2019de Az\u0131nl\u0131klar"],"inLanguage":"en-US","potentialAction":[{"@type":"CommentAction","name":"Comment","target":["https:\/\/akunq.net\/tr\/?p=64872#respond"]}]},{"@type":"WebPage","@id":"https:\/\/akunq.net\/tr\/?p=64872","url":"https:\/\/akunq.net\/tr\/?p=64872","name":"Erdo\u011fan New York d\u00f6n\u00fc\u015f\u00fc konu\u015ftu: 'K\u00fcrt sorununu \u00e7oktan \u00e7\u00f6zd\u00fck, Biden ile iyi ba\u015flad\u0131k diyemem...' - Bati Ermenistan Ve Bati Ermenileri Sorunlari Ara\u015ftirmalar Merkezi","isPartOf":{"@id":"https:\/\/akunq.net\/tr\/#website"},"primaryImageOfPage":{"@id":"https:\/\/akunq.net\/tr\/?p=64872#primaryimage"},"image":{"@id":"https:\/\/akunq.net\/tr\/?p=64872#primaryimage"},"thumbnailUrl":"https:\/\/akunq.net\/tr\/wp-content\/uploads\/sites\/6\/2021\/09\/Erdogan.jpg","datePublished":"2021-09-25T08:47:22+00:00","author":{"@id":"https:\/\/akunq.net\/tr\/#\/schema\/person\/096f1d38a12cce57fb855b485ed24c9e"},"breadcrumb":{"@id":"https:\/\/akunq.net\/tr\/?p=64872#breadcrumb"},"inLanguage":"en-US","potentialAction":[{"@type":"ReadAction","target":["https:\/\/akunq.net\/tr\/?p=64872"]}]},{"@type":"ImageObject","inLanguage":"en-US","@id":"https:\/\/akunq.net\/tr\/?p=64872#primaryimage","url":"https:\/\/akunq.net\/tr\/wp-content\/uploads\/sites\/6\/2021\/09\/Erdogan.jpg","contentUrl":"https:\/\/akunq.net\/tr\/wp-content\/uploads\/sites\/6\/2021\/09\/Erdogan.jpg","width":800,"height":450},{"@type":"BreadcrumbList","@id":"https:\/\/akunq.net\/tr\/?p=64872#breadcrumb","itemListElement":[{"@type":"ListItem","position":1,"name":"Home","item":"https:\/\/akunq.net\/tr"},{"@type":"ListItem","position":2,"name":"Erdo\u011fan New York d\u00f6n\u00fc\u015f\u00fc konu\u015ftu: &#8216;K\u00fcrt sorununu \u00e7oktan \u00e7\u00f6zd\u00fck, Biden ile iyi ba\u015flad\u0131k diyemem&#8230;&#8217;"}]},{"@type":"WebSite","@id":"https:\/\/akunq.net\/tr\/#website","url":"https:\/\/akunq.net\/tr\/","name":"Bati Ermenistan Ve Bati Ermenileri Sorunlari Ara\u015ftirmalar Merkezi","description":"","potentialAction":[{"@type":"SearchAction","target":{"@type":"EntryPoint","urlTemplate":"https:\/\/akunq.net\/tr\/?s={search_term_string}"},"query-input":{"@type":"PropertyValueSpecification","valueRequired":true,"valueName":"search_term_string"}}],"inLanguage":"en-US"},{"@type":"Person","@id":"https:\/\/akunq.net\/tr\/#\/schema\/person\/096f1d38a12cce57fb855b485ed24c9e","name":"admin","url":"https:\/\/akunq.net\/tr\/?author=7"}]}},"_links":{"self":[{"href":"https:\/\/akunq.net\/tr\/index.php?rest_route=\/wp\/v2\/posts\/64872","targetHints":{"allow":["GET"]}}],"collection":[{"href":"https:\/\/akunq.net\/tr\/index.php?rest_route=\/wp\/v2\/posts"}],"about":[{"href":"https:\/\/akunq.net\/tr\/index.php?rest_route=\/wp\/v2\/types\/post"}],"author":[{"embeddable":true,"href":"https:\/\/akunq.net\/tr\/index.php?rest_route=\/wp\/v2\/users\/7"}],"replies":[{"embeddable":true,"href":"https:\/\/akunq.net\/tr\/index.php?rest_route=%2Fwp%2Fv2%2Fcomments&post=64872"}],"version-history":[{"count":1,"href":"https:\/\/akunq.net\/tr\/index.php?rest_route=\/wp\/v2\/posts\/64872\/revisions"}],"predecessor-version":[{"id":64874,"href":"https:\/\/akunq.net\/tr\/index.php?rest_route=\/wp\/v2\/posts\/64872\/revisions\/64874"}],"wp:featuredmedia":[{"embeddable":true,"href":"https:\/\/akunq.net\/tr\/index.php?rest_route=\/wp\/v2\/media\/64873"}],"wp:attachment":[{"href":"https:\/\/akunq.net\/tr\/index.php?rest_route=%2Fwp%2Fv2%2Fmedia&parent=64872"}],"wp:term":[{"taxonomy":"category","embeddable":true,"href":"https:\/\/akunq.net\/tr\/index.php?rest_route=%2Fwp%2Fv2%2Fcategories&post=64872"},{"taxonomy":"post_tag","embeddable":true,"href":"https:\/\/akunq.net\/tr\/index.php?rest_route=%2Fwp%2Fv2%2Ftags&post=64872"}],"curies":[{"name":"wp","href":"https:\/\/api.w.org\/{rel}","templated":true}]}}