{"id":64869,"date":"2021-09-25T03:33:42","date_gmt":"2021-09-25T08:33:42","guid":{"rendered":"https:\/\/akunq.net\/tr\/?p=64869"},"modified":"2021-09-25T03:33:42","modified_gmt":"2021-09-25T08:33:42","slug":"baspiskopos-elpidoforosun-turkevi-acilisina-katilmasi-kriz-cikardi","status":"publish","type":"post","link":"https:\/\/akunq.net\/tr\/?p=64869","title":{"rendered":"Ba\u015fpiskopos Elpidoforos\u2019un T\u00fcrkevi a\u00e7\u0131l\u0131\u015f\u0131na kat\u0131lmas\u0131 kriz \u00e7\u0131kard\u0131"},"content":{"rendered":"<p><img loading=\"lazy\" decoding=\"async\" class=\"aligncenter size-medium wp-image-64870\" src=\"https:\/\/akunq.net\/tr\/wp-content\/uploads\/2021\/09\/Elpidoforos\u2019un-T\u00fcrkevi-a\u00e7\u0131l\u0131\u015f\u0131na-kat\u0131lmas\u0131-360x203.jpg\" alt=\"\" width=\"360\" height=\"203\" srcset=\"https:\/\/akunq.net\/tr\/wp-content\/uploads\/sites\/6\/2021\/09\/Elpidoforos\u2019un-T\u00fcrkevi-a\u00e7\u0131l\u0131\u015f\u0131na-kat\u0131lmas\u0131-360x203.jpg 360w, https:\/\/akunq.net\/tr\/wp-content\/uploads\/sites\/6\/2021\/09\/Elpidoforos\u2019un-T\u00fcrkevi-a\u00e7\u0131l\u0131\u015f\u0131na-kat\u0131lmas\u0131-768x432.jpg 768w, https:\/\/akunq.net\/tr\/wp-content\/uploads\/sites\/6\/2021\/09\/Elpidoforos\u2019un-T\u00fcrkevi-a\u00e7\u0131l\u0131\u015f\u0131na-kat\u0131lmas\u0131-560x315.jpg 560w, https:\/\/akunq.net\/tr\/wp-content\/uploads\/sites\/6\/2021\/09\/Elpidoforos\u2019un-T\u00fcrkevi-a\u00e7\u0131l\u0131\u015f\u0131na-kat\u0131lmas\u0131-260x146.jpg 260w, https:\/\/akunq.net\/tr\/wp-content\/uploads\/sites\/6\/2021\/09\/Elpidoforos\u2019un-T\u00fcrkevi-a\u00e7\u0131l\u0131\u015f\u0131na-kat\u0131lmas\u0131-160x90.jpg 160w, https:\/\/akunq.net\/tr\/wp-content\/uploads\/sites\/6\/2021\/09\/Elpidoforos\u2019un-T\u00fcrkevi-a\u00e7\u0131l\u0131\u015f\u0131na-kat\u0131lmas\u0131.jpg 1280w\" sizes=\"auto, (max-width: 360px) 100vw, 360px\" \/><\/p>\n<p><strong><em>Amerika Ba\u015fpiskoposu Elpidophoros Lambriniadis\u2019in New York\u2019taki T\u00fcrkevi\u2019nin a\u00e7\u0131l\u0131\u015f\u0131na kat\u0131lmas\u0131 K\u0131br\u0131s\u2019\u0131n g\u00fcneyinde ve Atina\u2019da tepkiye yol a\u00e7t\u0131.<\/em><\/strong><\/p>\n<p><strong>Nikolaos Stelya<\/strong><\/p>\n<p>DUVAR \u2013 Fener Rum Patrikhanesi Amerika Ba\u015fpiskoposu Elpidoforos Lambriniadis\u2019in New York\u2019taki T\u00fcrkevi\u2019nin a\u00e7\u0131l\u0131\u015f\u0131na kat\u0131lmas\u0131 Yunanistan ve K\u0131br\u0131s\u2019ta milliyet\u00e7i kesimlerin tepkisini \u00e7ekti. Bir\u00e7ok Helen milliyet\u00e7isi baz\u0131 dini \u00f6nderlerin kat\u0131lmamay\u0131 se\u00e7ti\u011fi bu etkinli\u011fe ABD Ba\u015fpiskoposu\u2019nun kat\u0131lmas\u0131n\u0131 hata olarak g\u00f6r\u00fcrken, Elpidoforos\u2019a \u2018Ankara\u2019n\u0131n K\u0131br\u0131s meselesinde olumsuz tav\u0131rlar i\u00e7erisinde oldu\u011fu bir s\u00fcre\u00e7te Erdo\u011fan h\u00fck\u00fcmetinin propagandas\u0131na alet olma\u2019 su\u00e7lamas\u0131 y\u00f6neltildi.<\/p>\n<p>Milliyet\u00e7i kesimler, Elpidoforos\u2019un ilerleyen y\u0131llarda Fener\u2019de ger\u00e7ekle\u015fecek yeni patrik se\u00e7imlerinde konumunu g\u00fc\u00e7lendirmek i\u00e7in iktidar odaklar\u0131yla ve Ankara\u2019yla yak\u0131n ili\u015fki kurmaya \u00e7al\u0131\u015ft\u0131\u011f\u0131n\u0131 da \u00f6ne s\u00fcrd\u00fc.<\/p>\n<p><strong>ANASTAS\u0130AD\u0130S G\u00d6R\u00dc\u015eMEY\u0130 \u0130PTAL ETT\u0130<\/strong><\/p>\n<p>K\u0131br\u0131s\u2019taki milliyet\u00e7i kesimler ayr\u0131ca, T\u00fcrkevi\u2019nin a\u00e7\u0131l\u0131\u015f\u0131nda Elpidoforos\u2019un KKTC Cumhurba\u015fkan\u0131 Ersin Tatar\u2019la yan yana poz vermesine tepki g\u00f6sterdi. Bu ele\u015ftirilere kulak veren K\u0131br\u0131s Cumhurba\u015fkan\u0131 Nikos Anastasiadis ise Elpidoforos ile \u00f6nceden planlanan g\u00f6r\u00fc\u015fmesini iptal etti.<\/p>\n<p><strong>M\u0130TSOTAK\u0130S G\u00d6R\u00dc\u015eECEK<\/strong><\/p>\n<p>Yunanistan bas\u0131n\u0131nda da, Ba\u015fbakan Kiryakos Mi\u00e7otakis\u2019in Anastasiadis\u2019in izinden gidip New York\u2019ta Elpidoforos ile g\u00f6r\u00fc\u015fmeyece\u011fi iddia edildi. S\u00f6z konusu haber Atina\u2019daki Ba\u015fbakanl\u0131k kaynaklar\u0131nca do\u011frulanmad\u0131. Atina\u2019daki son bilgilere g\u00f6re New York\u2019ta bulunan Mi\u00e7otakis Amerika Ba\u015fpiskoposu\u2019yla cuma g\u00fcn\u00fc bir araya gelecek.<\/p>\n<p><strong>BA\u015eP\u0130SKOPOSLUKTAN A\u00c7IKLAMA<\/strong><\/p>\n<p>Amerika Ba\u015fpiskoposlu\u011fu ise yo\u011fun ele\u015ftiriler kar\u015f\u0131s\u0131nda, Elpidoforos\u2019un \u00e7al\u0131\u015fmalar\u0131n\u0131 Heybeliada Ruhban Okulu\u2019nun yeniden a\u00e7\u0131lmas\u0131 hedefine adad\u0131\u011f\u0131n\u0131 ve ge\u00e7en y\u0131l Ayasofya\u2019n\u0131n tekrardan ibadete a\u00e7\u0131lmas\u0131 meselesinde de tavr\u0131n\u0131 belli etti\u011fini hat\u0131rlatt\u0131. Elpidoforos\u2019un kendisi de, T\u00fcrkevi a\u00e7\u0131l\u0131\u015f\u0131yla ilgili olarak sosyal medyadan yapt\u0131\u011f\u0131 a\u00e7\u0131klamada \u201cher zaman Heybeliada Ruhban Okulu\u2019nun yeniden a\u00e7\u0131lmas\u0131ndan yana oldu\u011funu\u201d vurgulad\u0131.<\/p>\n<p>Elpidoforos Amerika Ba\u015fpiskoposu olmadan \u00f6nce Bursa Metropoliti ve Heybeliada Ruhban Okulu Ba\u015frahibi olarak Fener Patrikhanesi b\u00fcnyesinde \u00f6nemli g\u00f6revler \u00fcstlenmi\u015fti. Din ve felsefe alanlar\u0131nda akademik \u00e7al\u0131\u015fmalar\u0131 bulunan, doktora \u00fcnvan\u0131na sahip, entelekt\u00fcel kimli\u011fiyle \u00f6ne \u00e7\u0131kan Ortodoks din g\u00f6revlisi \u00f6nceki y\u0131llarda T\u00fcrkiye\u2019deki milliyet\u00e7i odaklar\u0131n da hedef tahtas\u0131nda bulunmu\u015ftu.<\/p>\n<p><strong><em>https:\/\/www.gazeteduvar.com.tr\/baspiskopos-elpidoforosun-turkevi-acilisina-katilmasi-kriz-cikardi-haber-1535907<\/em><\/strong><\/p>\n","protected":false},"excerpt":{"rendered":"<p>Amerika Ba\u015fpiskoposu Elpidophoros Lambriniadis\u2019in New York\u2019taki T\u00fcrkevi\u2019nin a\u00e7\u0131l\u0131\u015f\u0131na kat\u0131lmas\u0131 K\u0131br\u0131s\u2019\u0131n g\u00fcneyinde ve Atina\u2019da tepkiye yol a\u00e7t\u0131. Nikolaos Stelya DUVAR \u2013 Fener Rum Patrikhanesi Amerika Ba\u015fpiskoposu Elpidoforos Lambriniadis\u2019in New York\u2019taki T\u00fcrkevi\u2019nin a\u00e7\u0131l\u0131\u015f\u0131na kat\u0131lmas\u0131 Yunanistan ve K\u0131br\u0131s\u2019ta milliyet\u00e7i kesimlerin tepkisini \u00e7ekti. Bir\u00e7ok Helen milliyet\u00e7isi baz\u0131 dini \u00f6nderlerin kat\u0131lmamay\u0131 se\u00e7ti\u011fi bu etkinli\u011fe ABD Ba\u015fpiskoposu\u2019nun kat\u0131lmas\u0131n\u0131 hata olarak g\u00f6r\u00fcrken, [&hellip;]<\/p>\n","protected":false},"author":7,"featured_media":64870,"comment_status":"open","ping_status":"open","sticky":false,"template":"","format":"standard","meta":{"footnotes":""},"categories":[1],"tags":[],"class_list":["post-64869","post","type-post","status-publish","format-standard","has-post-thumbnail","hentry","category-haberler"],"yoast_head":"<!-- This site is optimized with the Yoast SEO plugin v27.4 - https:\/\/yoast.com\/product\/yoast-seo-wordpress\/ -->\n<title>Ba\u015fpiskopos Elpidoforos\u2019un T\u00fcrkevi a\u00e7\u0131l\u0131\u015f\u0131na kat\u0131lmas\u0131 kriz \u00e7\u0131kard\u0131 - Bati Ermenistan Ve Bati Ermenileri Sorunlari Ara\u015ftirmalar Merkezi<\/title>\n<meta name=\"robots\" content=\"index, follow, max-snippet:-1, max-image-preview:large, max-video-preview:-1\" \/>\n<link rel=\"canonical\" href=\"https:\/\/akunq.net\/tr\/?p=64869\" \/>\n<meta property=\"og:locale\" content=\"en_US\" \/>\n<meta property=\"og:type\" content=\"article\" \/>\n<meta property=\"og:title\" content=\"Ba\u015fpiskopos Elpidoforos\u2019un T\u00fcrkevi a\u00e7\u0131l\u0131\u015f\u0131na kat\u0131lmas\u0131 kriz \u00e7\u0131kard\u0131 - Bati Ermenistan Ve Bati Ermenileri Sorunlari Ara\u015ftirmalar Merkezi\" \/>\n<meta property=\"og:description\" content=\"Amerika Ba\u015fpiskoposu Elpidophoros Lambriniadis\u2019in New York\u2019taki T\u00fcrkevi\u2019nin a\u00e7\u0131l\u0131\u015f\u0131na kat\u0131lmas\u0131 K\u0131br\u0131s\u2019\u0131n g\u00fcneyinde ve Atina\u2019da tepkiye yol a\u00e7t\u0131. Nikolaos Stelya DUVAR \u2013 Fener Rum Patrikhanesi Amerika Ba\u015fpiskoposu Elpidoforos Lambriniadis\u2019in New York\u2019taki T\u00fcrkevi\u2019nin a\u00e7\u0131l\u0131\u015f\u0131na kat\u0131lmas\u0131 Yunanistan ve K\u0131br\u0131s\u2019ta milliyet\u00e7i kesimlerin tepkisini \u00e7ekti. Bir\u00e7ok Helen milliyet\u00e7isi baz\u0131 dini \u00f6nderlerin kat\u0131lmamay\u0131 se\u00e7ti\u011fi bu etkinli\u011fe ABD Ba\u015fpiskoposu\u2019nun kat\u0131lmas\u0131n\u0131 hata olarak g\u00f6r\u00fcrken, [&hellip;]\" \/>\n<meta property=\"og:url\" content=\"https:\/\/akunq.net\/tr\/?p=64869\" \/>\n<meta property=\"og:site_name\" content=\"Bati Ermenistan Ve Bati Ermenileri Sorunlari Ara\u015ftirmalar Merkezi\" \/>\n<meta property=\"article:published_time\" content=\"2021-09-25T08:33:42+00:00\" \/>\n<meta property=\"og:image\" content=\"https:\/\/akunq.net\/tr\/wp-content\/uploads\/sites\/6\/2021\/09\/Elpidoforos\u2019un-T\u00fcrkevi-a\u00e7\u0131l\u0131\u015f\u0131na-kat\u0131lmas\u0131.jpg\" \/>\n\t<meta property=\"og:image:width\" content=\"1280\" \/>\n\t<meta property=\"og:image:height\" content=\"720\" \/>\n\t<meta property=\"og:image:type\" content=\"image\/jpeg\" \/>\n<meta name=\"author\" content=\"admin\" \/>\n<meta name=\"twitter:card\" content=\"summary_large_image\" \/>\n<meta name=\"twitter:label1\" content=\"Written by\" \/>\n\t<meta name=\"twitter:data1\" content=\"admin\" \/>\n\t<meta name=\"twitter:label2\" content=\"Est. reading time\" \/>\n\t<meta name=\"twitter:data2\" content=\"2 minutes\" \/>\n<script type=\"application\/ld+json\" class=\"yoast-schema-graph\">{\"@context\":\"https:\\\/\\\/schema.org\",\"@graph\":[{\"@type\":\"Article\",\"@id\":\"https:\\\/\\\/akunq.net\\\/tr\\\/?p=64869#article\",\"isPartOf\":{\"@id\":\"https:\\\/\\\/akunq.net\\\/tr\\\/?p=64869\"},\"author\":{\"name\":\"admin\",\"@id\":\"https:\\\/\\\/akunq.net\\\/tr\\\/#\\\/schema\\\/person\\\/096f1d38a12cce57fb855b485ed24c9e\"},\"headline\":\"Ba\u015fpiskopos Elpidoforos\u2019un T\u00fcrkevi a\u00e7\u0131l\u0131\u015f\u0131na kat\u0131lmas\u0131 kriz \u00e7\u0131kard\u0131\",\"datePublished\":\"2021-09-25T08:33:42+00:00\",\"mainEntityOfPage\":{\"@id\":\"https:\\\/\\\/akunq.net\\\/tr\\\/?p=64869\"},\"wordCount\":457,\"commentCount\":0,\"image\":{\"@id\":\"https:\\\/\\\/akunq.net\\\/tr\\\/?p=64869#primaryimage\"},\"thumbnailUrl\":\"https:\\\/\\\/akunq.net\\\/tr\\\/wp-content\\\/uploads\\\/sites\\\/6\\\/2021\\\/09\\\/Elpidoforos\u2019un-T\u00fcrkevi-a\u00e7\u0131l\u0131\u015f\u0131na-kat\u0131lmas\u0131.jpg\",\"articleSection\":[\"Haberler\"],\"inLanguage\":\"en-US\",\"potentialAction\":[{\"@type\":\"CommentAction\",\"name\":\"Comment\",\"target\":[\"https:\\\/\\\/akunq.net\\\/tr\\\/?p=64869#respond\"]}]},{\"@type\":\"WebPage\",\"@id\":\"https:\\\/\\\/akunq.net\\\/tr\\\/?p=64869\",\"url\":\"https:\\\/\\\/akunq.net\\\/tr\\\/?p=64869\",\"name\":\"Ba\u015fpiskopos Elpidoforos\u2019un T\u00fcrkevi a\u00e7\u0131l\u0131\u015f\u0131na kat\u0131lmas\u0131 kriz \u00e7\u0131kard\u0131 - Bati Ermenistan Ve Bati Ermenileri Sorunlari Ara\u015ftirmalar Merkezi\",\"isPartOf\":{\"@id\":\"https:\\\/\\\/akunq.net\\\/tr\\\/#website\"},\"primaryImageOfPage\":{\"@id\":\"https:\\\/\\\/akunq.net\\\/tr\\\/?p=64869#primaryimage\"},\"image\":{\"@id\":\"https:\\\/\\\/akunq.net\\\/tr\\\/?p=64869#primaryimage\"},\"thumbnailUrl\":\"https:\\\/\\\/akunq.net\\\/tr\\\/wp-content\\\/uploads\\\/sites\\\/6\\\/2021\\\/09\\\/Elpidoforos\u2019un-T\u00fcrkevi-a\u00e7\u0131l\u0131\u015f\u0131na-kat\u0131lmas\u0131.jpg\",\"datePublished\":\"2021-09-25T08:33:42+00:00\",\"author\":{\"@id\":\"https:\\\/\\\/akunq.net\\\/tr\\\/#\\\/schema\\\/person\\\/096f1d38a12cce57fb855b485ed24c9e\"},\"breadcrumb\":{\"@id\":\"https:\\\/\\\/akunq.net\\\/tr\\\/?p=64869#breadcrumb\"},\"inLanguage\":\"en-US\",\"potentialAction\":[{\"@type\":\"ReadAction\",\"target\":[\"https:\\\/\\\/akunq.net\\\/tr\\\/?p=64869\"]}]},{\"@type\":\"ImageObject\",\"inLanguage\":\"en-US\",\"@id\":\"https:\\\/\\\/akunq.net\\\/tr\\\/?p=64869#primaryimage\",\"url\":\"https:\\\/\\\/akunq.net\\\/tr\\\/wp-content\\\/uploads\\\/sites\\\/6\\\/2021\\\/09\\\/Elpidoforos\u2019un-T\u00fcrkevi-a\u00e7\u0131l\u0131\u015f\u0131na-kat\u0131lmas\u0131.jpg\",\"contentUrl\":\"https:\\\/\\\/akunq.net\\\/tr\\\/wp-content\\\/uploads\\\/sites\\\/6\\\/2021\\\/09\\\/Elpidoforos\u2019un-T\u00fcrkevi-a\u00e7\u0131l\u0131\u015f\u0131na-kat\u0131lmas\u0131.jpg\",\"width\":1280,\"height\":720},{\"@type\":\"BreadcrumbList\",\"@id\":\"https:\\\/\\\/akunq.net\\\/tr\\\/?p=64869#breadcrumb\",\"itemListElement\":[{\"@type\":\"ListItem\",\"position\":1,\"name\":\"Home\",\"item\":\"https:\\\/\\\/akunq.net\\\/tr\"},{\"@type\":\"ListItem\",\"position\":2,\"name\":\"Ba\u015fpiskopos Elpidoforos\u2019un T\u00fcrkevi a\u00e7\u0131l\u0131\u015f\u0131na kat\u0131lmas\u0131 kriz \u00e7\u0131kard\u0131\"}]},{\"@type\":\"WebSite\",\"@id\":\"https:\\\/\\\/akunq.net\\\/tr\\\/#website\",\"url\":\"https:\\\/\\\/akunq.net\\\/tr\\\/\",\"name\":\"Bati Ermenistan Ve Bati Ermenileri Sorunlari Ara\u015ftirmalar Merkezi\",\"description\":\"\",\"potentialAction\":[{\"@type\":\"SearchAction\",\"target\":{\"@type\":\"EntryPoint\",\"urlTemplate\":\"https:\\\/\\\/akunq.net\\\/tr\\\/?s={search_term_string}\"},\"query-input\":{\"@type\":\"PropertyValueSpecification\",\"valueRequired\":true,\"valueName\":\"search_term_string\"}}],\"inLanguage\":\"en-US\"},{\"@type\":\"Person\",\"@id\":\"https:\\\/\\\/akunq.net\\\/tr\\\/#\\\/schema\\\/person\\\/096f1d38a12cce57fb855b485ed24c9e\",\"name\":\"admin\",\"url\":\"https:\\\/\\\/akunq.net\\\/tr\\\/?author=7\"}]}<\/script>\n<!-- \/ Yoast SEO plugin. -->","yoast_head_json":{"title":"Ba\u015fpiskopos Elpidoforos\u2019un T\u00fcrkevi a\u00e7\u0131l\u0131\u015f\u0131na kat\u0131lmas\u0131 kriz \u00e7\u0131kard\u0131 - Bati Ermenistan Ve Bati Ermenileri Sorunlari Ara\u015ftirmalar Merkezi","robots":{"index":"index","follow":"follow","max-snippet":"max-snippet:-1","max-image-preview":"max-image-preview:large","max-video-preview":"max-video-preview:-1"},"canonical":"https:\/\/akunq.net\/tr\/?p=64869","og_locale":"en_US","og_type":"article","og_title":"Ba\u015fpiskopos Elpidoforos\u2019un T\u00fcrkevi a\u00e7\u0131l\u0131\u015f\u0131na kat\u0131lmas\u0131 kriz \u00e7\u0131kard\u0131 - Bati Ermenistan Ve Bati Ermenileri Sorunlari Ara\u015ftirmalar Merkezi","og_description":"Amerika Ba\u015fpiskoposu Elpidophoros Lambriniadis\u2019in New York\u2019taki T\u00fcrkevi\u2019nin a\u00e7\u0131l\u0131\u015f\u0131na kat\u0131lmas\u0131 K\u0131br\u0131s\u2019\u0131n g\u00fcneyinde ve Atina\u2019da tepkiye yol a\u00e7t\u0131. Nikolaos Stelya DUVAR \u2013 Fener Rum Patrikhanesi Amerika Ba\u015fpiskoposu Elpidoforos Lambriniadis\u2019in New York\u2019taki T\u00fcrkevi\u2019nin a\u00e7\u0131l\u0131\u015f\u0131na kat\u0131lmas\u0131 Yunanistan ve K\u0131br\u0131s\u2019ta milliyet\u00e7i kesimlerin tepkisini \u00e7ekti. Bir\u00e7ok Helen milliyet\u00e7isi baz\u0131 dini \u00f6nderlerin kat\u0131lmamay\u0131 se\u00e7ti\u011fi bu etkinli\u011fe ABD Ba\u015fpiskoposu\u2019nun kat\u0131lmas\u0131n\u0131 hata olarak g\u00f6r\u00fcrken, [&hellip;]","og_url":"https:\/\/akunq.net\/tr\/?p=64869","og_site_name":"Bati Ermenistan Ve Bati Ermenileri Sorunlari Ara\u015ftirmalar Merkezi","article_published_time":"2021-09-25T08:33:42+00:00","og_image":[{"width":1280,"height":720,"url":"https:\/\/akunq.net\/tr\/wp-content\/uploads\/sites\/6\/2021\/09\/Elpidoforos\u2019un-T\u00fcrkevi-a\u00e7\u0131l\u0131\u015f\u0131na-kat\u0131lmas\u0131.jpg","type":"image\/jpeg"}],"author":"admin","twitter_card":"summary_large_image","twitter_misc":{"Written by":"admin","Est. reading time":"2 minutes"},"schema":{"@context":"https:\/\/schema.org","@graph":[{"@type":"Article","@id":"https:\/\/akunq.net\/tr\/?p=64869#article","isPartOf":{"@id":"https:\/\/akunq.net\/tr\/?p=64869"},"author":{"name":"admin","@id":"https:\/\/akunq.net\/tr\/#\/schema\/person\/096f1d38a12cce57fb855b485ed24c9e"},"headline":"Ba\u015fpiskopos Elpidoforos\u2019un T\u00fcrkevi a\u00e7\u0131l\u0131\u015f\u0131na kat\u0131lmas\u0131 kriz \u00e7\u0131kard\u0131","datePublished":"2021-09-25T08:33:42+00:00","mainEntityOfPage":{"@id":"https:\/\/akunq.net\/tr\/?p=64869"},"wordCount":457,"commentCount":0,"image":{"@id":"https:\/\/akunq.net\/tr\/?p=64869#primaryimage"},"thumbnailUrl":"https:\/\/akunq.net\/tr\/wp-content\/uploads\/sites\/6\/2021\/09\/Elpidoforos\u2019un-T\u00fcrkevi-a\u00e7\u0131l\u0131\u015f\u0131na-kat\u0131lmas\u0131.jpg","articleSection":["Haberler"],"inLanguage":"en-US","potentialAction":[{"@type":"CommentAction","name":"Comment","target":["https:\/\/akunq.net\/tr\/?p=64869#respond"]}]},{"@type":"WebPage","@id":"https:\/\/akunq.net\/tr\/?p=64869","url":"https:\/\/akunq.net\/tr\/?p=64869","name":"Ba\u015fpiskopos Elpidoforos\u2019un T\u00fcrkevi a\u00e7\u0131l\u0131\u015f\u0131na kat\u0131lmas\u0131 kriz \u00e7\u0131kard\u0131 - Bati Ermenistan Ve Bati Ermenileri Sorunlari Ara\u015ftirmalar Merkezi","isPartOf":{"@id":"https:\/\/akunq.net\/tr\/#website"},"primaryImageOfPage":{"@id":"https:\/\/akunq.net\/tr\/?p=64869#primaryimage"},"image":{"@id":"https:\/\/akunq.net\/tr\/?p=64869#primaryimage"},"thumbnailUrl":"https:\/\/akunq.net\/tr\/wp-content\/uploads\/sites\/6\/2021\/09\/Elpidoforos\u2019un-T\u00fcrkevi-a\u00e7\u0131l\u0131\u015f\u0131na-kat\u0131lmas\u0131.jpg","datePublished":"2021-09-25T08:33:42+00:00","author":{"@id":"https:\/\/akunq.net\/tr\/#\/schema\/person\/096f1d38a12cce57fb855b485ed24c9e"},"breadcrumb":{"@id":"https:\/\/akunq.net\/tr\/?p=64869#breadcrumb"},"inLanguage":"en-US","potentialAction":[{"@type":"ReadAction","target":["https:\/\/akunq.net\/tr\/?p=64869"]}]},{"@type":"ImageObject","inLanguage":"en-US","@id":"https:\/\/akunq.net\/tr\/?p=64869#primaryimage","url":"https:\/\/akunq.net\/tr\/wp-content\/uploads\/sites\/6\/2021\/09\/Elpidoforos\u2019un-T\u00fcrkevi-a\u00e7\u0131l\u0131\u015f\u0131na-kat\u0131lmas\u0131.jpg","contentUrl":"https:\/\/akunq.net\/tr\/wp-content\/uploads\/sites\/6\/2021\/09\/Elpidoforos\u2019un-T\u00fcrkevi-a\u00e7\u0131l\u0131\u015f\u0131na-kat\u0131lmas\u0131.jpg","width":1280,"height":720},{"@type":"BreadcrumbList","@id":"https:\/\/akunq.net\/tr\/?p=64869#breadcrumb","itemListElement":[{"@type":"ListItem","position":1,"name":"Home","item":"https:\/\/akunq.net\/tr"},{"@type":"ListItem","position":2,"name":"Ba\u015fpiskopos Elpidoforos\u2019un T\u00fcrkevi a\u00e7\u0131l\u0131\u015f\u0131na kat\u0131lmas\u0131 kriz \u00e7\u0131kard\u0131"}]},{"@type":"WebSite","@id":"https:\/\/akunq.net\/tr\/#website","url":"https:\/\/akunq.net\/tr\/","name":"Bati Ermenistan Ve Bati Ermenileri Sorunlari Ara\u015ftirmalar Merkezi","description":"","potentialAction":[{"@type":"SearchAction","target":{"@type":"EntryPoint","urlTemplate":"https:\/\/akunq.net\/tr\/?s={search_term_string}"},"query-input":{"@type":"PropertyValueSpecification","valueRequired":true,"valueName":"search_term_string"}}],"inLanguage":"en-US"},{"@type":"Person","@id":"https:\/\/akunq.net\/tr\/#\/schema\/person\/096f1d38a12cce57fb855b485ed24c9e","name":"admin","url":"https:\/\/akunq.net\/tr\/?author=7"}]}},"_links":{"self":[{"href":"https:\/\/akunq.net\/tr\/index.php?rest_route=\/wp\/v2\/posts\/64869","targetHints":{"allow":["GET"]}}],"collection":[{"href":"https:\/\/akunq.net\/tr\/index.php?rest_route=\/wp\/v2\/posts"}],"about":[{"href":"https:\/\/akunq.net\/tr\/index.php?rest_route=\/wp\/v2\/types\/post"}],"author":[{"embeddable":true,"href":"https:\/\/akunq.net\/tr\/index.php?rest_route=\/wp\/v2\/users\/7"}],"replies":[{"embeddable":true,"href":"https:\/\/akunq.net\/tr\/index.php?rest_route=%2Fwp%2Fv2%2Fcomments&post=64869"}],"version-history":[{"count":1,"href":"https:\/\/akunq.net\/tr\/index.php?rest_route=\/wp\/v2\/posts\/64869\/revisions"}],"predecessor-version":[{"id":64871,"href":"https:\/\/akunq.net\/tr\/index.php?rest_route=\/wp\/v2\/posts\/64869\/revisions\/64871"}],"wp:featuredmedia":[{"embeddable":true,"href":"https:\/\/akunq.net\/tr\/index.php?rest_route=\/wp\/v2\/media\/64870"}],"wp:attachment":[{"href":"https:\/\/akunq.net\/tr\/index.php?rest_route=%2Fwp%2Fv2%2Fmedia&parent=64869"}],"wp:term":[{"taxonomy":"category","embeddable":true,"href":"https:\/\/akunq.net\/tr\/index.php?rest_route=%2Fwp%2Fv2%2Fcategories&post=64869"},{"taxonomy":"post_tag","embeddable":true,"href":"https:\/\/akunq.net\/tr\/index.php?rest_route=%2Fwp%2Fv2%2Ftags&post=64869"}],"curies":[{"name":"wp","href":"https:\/\/api.w.org\/{rel}","templated":true}]}}