{"id":64863,"date":"2021-09-25T02:14:33","date_gmt":"2021-09-25T07:14:33","guid":{"rendered":"https:\/\/akunq.net\/tr\/?p=64863"},"modified":"2021-09-25T02:14:33","modified_gmt":"2021-09-25T07:14:33","slug":"paylasilan-kutsal-mekanlar-sergisi-icin-son-hafta","status":"publish","type":"post","link":"https:\/\/akunq.net\/tr\/?p=64863","title":{"rendered":"Payla\u015f\u0131lan Kutsal Mekanlar sergisi i\u00e7in son hafta"},"content":{"rendered":"<p><img loading=\"lazy\" decoding=\"async\" class=\"aligncenter size-medium wp-image-64864\" src=\"https:\/\/akunq.net\/tr\/wp-content\/uploads\/2021\/09\/Payla\u015f\u0131lan-Kutsal-Mekanlar-sergisi-360x158.jpg\" alt=\"\" width=\"360\" height=\"158\" srcset=\"https:\/\/akunq.net\/tr\/wp-content\/uploads\/sites\/6\/2021\/09\/Payla\u015f\u0131lan-Kutsal-Mekanlar-sergisi-360x158.jpg 360w, https:\/\/akunq.net\/tr\/wp-content\/uploads\/sites\/6\/2021\/09\/Payla\u015f\u0131lan-Kutsal-Mekanlar-sergisi-768x338.jpg 768w, https:\/\/akunq.net\/tr\/wp-content\/uploads\/sites\/6\/2021\/09\/Payla\u015f\u0131lan-Kutsal-Mekanlar-sergisi-1536x676.jpg 1536w, https:\/\/akunq.net\/tr\/wp-content\/uploads\/sites\/6\/2021\/09\/Payla\u015f\u0131lan-Kutsal-Mekanlar-sergisi-2048x901.jpg 2048w, https:\/\/akunq.net\/tr\/wp-content\/uploads\/sites\/6\/2021\/09\/Payla\u015f\u0131lan-Kutsal-Mekanlar-sergisi-560x246.jpg 560w, https:\/\/akunq.net\/tr\/wp-content\/uploads\/sites\/6\/2021\/09\/Payla\u015f\u0131lan-Kutsal-Mekanlar-sergisi-260x114.jpg 260w, https:\/\/akunq.net\/tr\/wp-content\/uploads\/sites\/6\/2021\/09\/Payla\u015f\u0131lan-Kutsal-Mekanlar-sergisi-160x70.jpg 160w\" sizes=\"auto, (max-width: 360px) 100vw, 360px\" \/><\/p>\n<p><em><strong>Ankara CerModern\u2019deki Payla\u015f\u0131lan Kutsal Mek\u00e2nlar sergisinin son g\u00fcn\u00fcnde sergi koordinat\u00f6r\u00fc Veli Ba\u015fyi\u011fit rehberli\u011finde bir sergi turu ger\u00e7ekle\u015ftirilecek.<\/strong><\/em><\/p>\n<p>K\u00fcrat\u00f6rl\u00fc\u011f\u00fcn\u00fc Dionigi Albera ve Mano\u00ebl P\u00e9nicaud\u2019nun \u00fcstlendi\u011fi Payla\u015f\u0131lan Kutsal Mek\u00e2nlar sergisi, Akdeniz, Ortado\u011fu ve Balkanlar\u2019da \u00fc\u00e7 \u0130brahim\u00ee dinin birarada var oldu\u011fu mek\u00e2nlara odaklan\u0131yor.<\/p>\n<p>Akdeniz co\u011frafyas\u0131nda bir \u00e7e\u015fit \u201chac yolculu\u011fu\u201d olarak tasarlanan sergi, \u201ckutsal\u0131 payla\u015fma\u201dn\u0131n tarihsel ve g\u00fcncel ve\u00e7helerini ortaya koyuyor.<\/p>\n<p>Marsilya Mucem M\u00fczesi\u2019nde (2015), Tunus \u015fehri Bardo M\u00fczesi\u2019nde (2016), Selanik ve Paris\u2019in yan\u0131 s\u0131ra (2017) Marake\u015f, New York (2018) ve \u0130stanbul\u2019da (2019) sergilenen \u201cPayla\u015f\u0131lan Kutsal Mek\u00e2nlar\u201d, 1 Temmuz 2021&#8217;den bu yana Ankara\u00a0<a href=\"https:\/\/www.cermodern.org\/kutsal-mekanlar.html\">CerModern<\/a>\u2019de ziyaret\u00e7ilerle bulu\u015fuyor.<\/p>\n<p>30 Eyl\u00fcl&#8217;de sona erecek\u00a0 serginin son g\u00fcn\u00fcnde sergi koordinat\u00f6r\u00fc Veli Ba\u015fyi\u011fit rehberli\u011finde saat 16.00&#8217;da\u00a0 bir sergi turu ger\u00e7ekle\u015ftirilecek.<\/p>\n<p>Sergi, Anadolu K\u00fclt\u00fcr taraf\u0131ndan, Calouste Gulbenkian Vakf\u0131 ve Ankara Frans\u0131z K\u00fclt\u00fcr Merkezi\u2019nin deste\u011fiyle ger\u00e7ekle\u015ftiriliyor.<\/p>\n<p><strong><em>http:\/\/www.agos.com.tr\/tr\/yazi\/26197\/paylasilan-kutsal-mekanlar-sergisi-icin-son-hafta\u00a0<\/em><\/strong><\/p>\n","protected":false},"excerpt":{"rendered":"<p>Ankara CerModern\u2019deki Payla\u015f\u0131lan Kutsal Mek\u00e2nlar sergisinin son g\u00fcn\u00fcnde sergi koordinat\u00f6r\u00fc Veli Ba\u015fyi\u011fit rehberli\u011finde bir sergi turu ger\u00e7ekle\u015ftirilecek. K\u00fcrat\u00f6rl\u00fc\u011f\u00fcn\u00fc Dionigi Albera ve Mano\u00ebl P\u00e9nicaud\u2019nun \u00fcstlendi\u011fi Payla\u015f\u0131lan Kutsal Mek\u00e2nlar sergisi, Akdeniz, Ortado\u011fu ve Balkanlar\u2019da \u00fc\u00e7 \u0130brahim\u00ee dinin birarada var oldu\u011fu mek\u00e2nlara odaklan\u0131yor. Akdeniz co\u011frafyas\u0131nda bir \u00e7e\u015fit \u201chac yolculu\u011fu\u201d olarak tasarlanan sergi, \u201ckutsal\u0131 payla\u015fma\u201dn\u0131n tarihsel ve g\u00fcncel ve\u00e7helerini [&hellip;]<\/p>\n","protected":false},"author":7,"featured_media":64864,"comment_status":"open","ping_status":"open","sticky":false,"template":"","format":"standard","meta":{"footnotes":""},"categories":[1],"tags":[],"class_list":["post-64863","post","type-post","status-publish","format-standard","has-post-thumbnail","hentry","category-haberler"],"yoast_head":"<!-- This site is optimized with the Yoast SEO plugin v27.4 - https:\/\/yoast.com\/product\/yoast-seo-wordpress\/ -->\n<title>Payla\u015f\u0131lan Kutsal Mekanlar sergisi i\u00e7in son hafta - Bati Ermenistan Ve Bati Ermenileri Sorunlari Ara\u015ftirmalar Merkezi<\/title>\n<meta name=\"robots\" content=\"index, follow, max-snippet:-1, max-image-preview:large, max-video-preview:-1\" \/>\n<link rel=\"canonical\" href=\"https:\/\/akunq.net\/tr\/?p=64863\" \/>\n<meta property=\"og:locale\" content=\"en_US\" \/>\n<meta property=\"og:type\" content=\"article\" \/>\n<meta property=\"og:title\" content=\"Payla\u015f\u0131lan Kutsal Mekanlar sergisi i\u00e7in son hafta - Bati Ermenistan Ve Bati Ermenileri Sorunlari Ara\u015ftirmalar Merkezi\" \/>\n<meta property=\"og:description\" content=\"Ankara CerModern\u2019deki Payla\u015f\u0131lan Kutsal Mek\u00e2nlar sergisinin son g\u00fcn\u00fcnde sergi koordinat\u00f6r\u00fc Veli Ba\u015fyi\u011fit rehberli\u011finde bir sergi turu ger\u00e7ekle\u015ftirilecek. K\u00fcrat\u00f6rl\u00fc\u011f\u00fcn\u00fc Dionigi Albera ve Mano\u00ebl P\u00e9nicaud\u2019nun \u00fcstlendi\u011fi Payla\u015f\u0131lan Kutsal Mek\u00e2nlar sergisi, Akdeniz, Ortado\u011fu ve Balkanlar\u2019da \u00fc\u00e7 \u0130brahim\u00ee dinin birarada var oldu\u011fu mek\u00e2nlara odaklan\u0131yor. Akdeniz co\u011frafyas\u0131nda bir \u00e7e\u015fit \u201chac yolculu\u011fu\u201d olarak tasarlanan sergi, \u201ckutsal\u0131 payla\u015fma\u201dn\u0131n tarihsel ve g\u00fcncel ve\u00e7helerini [&hellip;]\" \/>\n<meta property=\"og:url\" content=\"https:\/\/akunq.net\/tr\/?p=64863\" \/>\n<meta property=\"og:site_name\" content=\"Bati Ermenistan Ve Bati Ermenileri Sorunlari Ara\u015ftirmalar Merkezi\" \/>\n<meta property=\"article:published_time\" content=\"2021-09-25T07:14:33+00:00\" \/>\n<meta property=\"og:image\" content=\"https:\/\/akunq.net\/tr\/wp-content\/uploads\/sites\/6\/2021\/09\/Payla\u015f\u0131lan-Kutsal-Mekanlar-sergisi-scaled.jpg\" \/>\n\t<meta property=\"og:image:width\" content=\"2560\" \/>\n\t<meta property=\"og:image:height\" content=\"1127\" \/>\n\t<meta property=\"og:image:type\" content=\"image\/jpeg\" \/>\n<meta name=\"author\" content=\"admin\" \/>\n<meta name=\"twitter:card\" content=\"summary_large_image\" \/>\n<meta name=\"twitter:label1\" content=\"Written by\" \/>\n\t<meta name=\"twitter:data1\" content=\"admin\" \/>\n\t<meta name=\"twitter:label2\" content=\"Est. reading time\" \/>\n\t<meta name=\"twitter:data2\" content=\"1 minute\" \/>\n<script type=\"application\/ld+json\" class=\"yoast-schema-graph\">{\"@context\":\"https:\\\/\\\/schema.org\",\"@graph\":[{\"@type\":\"Article\",\"@id\":\"https:\\\/\\\/akunq.net\\\/tr\\\/?p=64863#article\",\"isPartOf\":{\"@id\":\"https:\\\/\\\/akunq.net\\\/tr\\\/?p=64863\"},\"author\":{\"name\":\"admin\",\"@id\":\"https:\\\/\\\/akunq.net\\\/tr\\\/#\\\/schema\\\/person\\\/096f1d38a12cce57fb855b485ed24c9e\"},\"headline\":\"Payla\u015f\u0131lan Kutsal Mekanlar sergisi i\u00e7in son hafta\",\"datePublished\":\"2021-09-25T07:14:33+00:00\",\"mainEntityOfPage\":{\"@id\":\"https:\\\/\\\/akunq.net\\\/tr\\\/?p=64863\"},\"wordCount\":198,\"commentCount\":0,\"image\":{\"@id\":\"https:\\\/\\\/akunq.net\\\/tr\\\/?p=64863#primaryimage\"},\"thumbnailUrl\":\"https:\\\/\\\/akunq.net\\\/tr\\\/wp-content\\\/uploads\\\/sites\\\/6\\\/2021\\\/09\\\/Payla\u015f\u0131lan-Kutsal-Mekanlar-sergisi-scaled.jpg\",\"articleSection\":[\"Haberler\"],\"inLanguage\":\"en-US\",\"potentialAction\":[{\"@type\":\"CommentAction\",\"name\":\"Comment\",\"target\":[\"https:\\\/\\\/akunq.net\\\/tr\\\/?p=64863#respond\"]}]},{\"@type\":\"WebPage\",\"@id\":\"https:\\\/\\\/akunq.net\\\/tr\\\/?p=64863\",\"url\":\"https:\\\/\\\/akunq.net\\\/tr\\\/?p=64863\",\"name\":\"Payla\u015f\u0131lan Kutsal Mekanlar sergisi i\u00e7in son hafta - Bati Ermenistan Ve Bati Ermenileri Sorunlari Ara\u015ftirmalar Merkezi\",\"isPartOf\":{\"@id\":\"https:\\\/\\\/akunq.net\\\/tr\\\/#website\"},\"primaryImageOfPage\":{\"@id\":\"https:\\\/\\\/akunq.net\\\/tr\\\/?p=64863#primaryimage\"},\"image\":{\"@id\":\"https:\\\/\\\/akunq.net\\\/tr\\\/?p=64863#primaryimage\"},\"thumbnailUrl\":\"https:\\\/\\\/akunq.net\\\/tr\\\/wp-content\\\/uploads\\\/sites\\\/6\\\/2021\\\/09\\\/Payla\u015f\u0131lan-Kutsal-Mekanlar-sergisi-scaled.jpg\",\"datePublished\":\"2021-09-25T07:14:33+00:00\",\"author\":{\"@id\":\"https:\\\/\\\/akunq.net\\\/tr\\\/#\\\/schema\\\/person\\\/096f1d38a12cce57fb855b485ed24c9e\"},\"breadcrumb\":{\"@id\":\"https:\\\/\\\/akunq.net\\\/tr\\\/?p=64863#breadcrumb\"},\"inLanguage\":\"en-US\",\"potentialAction\":[{\"@type\":\"ReadAction\",\"target\":[\"https:\\\/\\\/akunq.net\\\/tr\\\/?p=64863\"]}]},{\"@type\":\"ImageObject\",\"inLanguage\":\"en-US\",\"@id\":\"https:\\\/\\\/akunq.net\\\/tr\\\/?p=64863#primaryimage\",\"url\":\"https:\\\/\\\/akunq.net\\\/tr\\\/wp-content\\\/uploads\\\/sites\\\/6\\\/2021\\\/09\\\/Payla\u015f\u0131lan-Kutsal-Mekanlar-sergisi-scaled.jpg\",\"contentUrl\":\"https:\\\/\\\/akunq.net\\\/tr\\\/wp-content\\\/uploads\\\/sites\\\/6\\\/2021\\\/09\\\/Payla\u015f\u0131lan-Kutsal-Mekanlar-sergisi-scaled.jpg\",\"width\":2560,\"height\":1127},{\"@type\":\"BreadcrumbList\",\"@id\":\"https:\\\/\\\/akunq.net\\\/tr\\\/?p=64863#breadcrumb\",\"itemListElement\":[{\"@type\":\"ListItem\",\"position\":1,\"name\":\"Home\",\"item\":\"https:\\\/\\\/akunq.net\\\/tr\"},{\"@type\":\"ListItem\",\"position\":2,\"name\":\"Payla\u015f\u0131lan Kutsal Mekanlar sergisi i\u00e7in son hafta\"}]},{\"@type\":\"WebSite\",\"@id\":\"https:\\\/\\\/akunq.net\\\/tr\\\/#website\",\"url\":\"https:\\\/\\\/akunq.net\\\/tr\\\/\",\"name\":\"Bati Ermenistan Ve Bati Ermenileri Sorunlari Ara\u015ftirmalar Merkezi\",\"description\":\"\",\"potentialAction\":[{\"@type\":\"SearchAction\",\"target\":{\"@type\":\"EntryPoint\",\"urlTemplate\":\"https:\\\/\\\/akunq.net\\\/tr\\\/?s={search_term_string}\"},\"query-input\":{\"@type\":\"PropertyValueSpecification\",\"valueRequired\":true,\"valueName\":\"search_term_string\"}}],\"inLanguage\":\"en-US\"},{\"@type\":\"Person\",\"@id\":\"https:\\\/\\\/akunq.net\\\/tr\\\/#\\\/schema\\\/person\\\/096f1d38a12cce57fb855b485ed24c9e\",\"name\":\"admin\",\"url\":\"https:\\\/\\\/akunq.net\\\/tr\\\/?author=7\"}]}<\/script>\n<!-- \/ Yoast SEO plugin. -->","yoast_head_json":{"title":"Payla\u015f\u0131lan Kutsal Mekanlar sergisi i\u00e7in son hafta - Bati Ermenistan Ve Bati Ermenileri Sorunlari Ara\u015ftirmalar Merkezi","robots":{"index":"index","follow":"follow","max-snippet":"max-snippet:-1","max-image-preview":"max-image-preview:large","max-video-preview":"max-video-preview:-1"},"canonical":"https:\/\/akunq.net\/tr\/?p=64863","og_locale":"en_US","og_type":"article","og_title":"Payla\u015f\u0131lan Kutsal Mekanlar sergisi i\u00e7in son hafta - Bati Ermenistan Ve Bati Ermenileri Sorunlari Ara\u015ftirmalar Merkezi","og_description":"Ankara CerModern\u2019deki Payla\u015f\u0131lan Kutsal Mek\u00e2nlar sergisinin son g\u00fcn\u00fcnde sergi koordinat\u00f6r\u00fc Veli Ba\u015fyi\u011fit rehberli\u011finde bir sergi turu ger\u00e7ekle\u015ftirilecek. K\u00fcrat\u00f6rl\u00fc\u011f\u00fcn\u00fc Dionigi Albera ve Mano\u00ebl P\u00e9nicaud\u2019nun \u00fcstlendi\u011fi Payla\u015f\u0131lan Kutsal Mek\u00e2nlar sergisi, Akdeniz, Ortado\u011fu ve Balkanlar\u2019da \u00fc\u00e7 \u0130brahim\u00ee dinin birarada var oldu\u011fu mek\u00e2nlara odaklan\u0131yor. Akdeniz co\u011frafyas\u0131nda bir \u00e7e\u015fit \u201chac yolculu\u011fu\u201d olarak tasarlanan sergi, \u201ckutsal\u0131 payla\u015fma\u201dn\u0131n tarihsel ve g\u00fcncel ve\u00e7helerini [&hellip;]","og_url":"https:\/\/akunq.net\/tr\/?p=64863","og_site_name":"Bati Ermenistan Ve Bati Ermenileri Sorunlari Ara\u015ftirmalar Merkezi","article_published_time":"2021-09-25T07:14:33+00:00","og_image":[{"width":2560,"height":1127,"url":"https:\/\/akunq.net\/tr\/wp-content\/uploads\/sites\/6\/2021\/09\/Payla\u015f\u0131lan-Kutsal-Mekanlar-sergisi-scaled.jpg","type":"image\/jpeg"}],"author":"admin","twitter_card":"summary_large_image","twitter_misc":{"Written by":"admin","Est. reading time":"1 minute"},"schema":{"@context":"https:\/\/schema.org","@graph":[{"@type":"Article","@id":"https:\/\/akunq.net\/tr\/?p=64863#article","isPartOf":{"@id":"https:\/\/akunq.net\/tr\/?p=64863"},"author":{"name":"admin","@id":"https:\/\/akunq.net\/tr\/#\/schema\/person\/096f1d38a12cce57fb855b485ed24c9e"},"headline":"Payla\u015f\u0131lan Kutsal Mekanlar sergisi i\u00e7in son hafta","datePublished":"2021-09-25T07:14:33+00:00","mainEntityOfPage":{"@id":"https:\/\/akunq.net\/tr\/?p=64863"},"wordCount":198,"commentCount":0,"image":{"@id":"https:\/\/akunq.net\/tr\/?p=64863#primaryimage"},"thumbnailUrl":"https:\/\/akunq.net\/tr\/wp-content\/uploads\/sites\/6\/2021\/09\/Payla\u015f\u0131lan-Kutsal-Mekanlar-sergisi-scaled.jpg","articleSection":["Haberler"],"inLanguage":"en-US","potentialAction":[{"@type":"CommentAction","name":"Comment","target":["https:\/\/akunq.net\/tr\/?p=64863#respond"]}]},{"@type":"WebPage","@id":"https:\/\/akunq.net\/tr\/?p=64863","url":"https:\/\/akunq.net\/tr\/?p=64863","name":"Payla\u015f\u0131lan Kutsal Mekanlar sergisi i\u00e7in son hafta - Bati Ermenistan Ve Bati Ermenileri Sorunlari Ara\u015ftirmalar Merkezi","isPartOf":{"@id":"https:\/\/akunq.net\/tr\/#website"},"primaryImageOfPage":{"@id":"https:\/\/akunq.net\/tr\/?p=64863#primaryimage"},"image":{"@id":"https:\/\/akunq.net\/tr\/?p=64863#primaryimage"},"thumbnailUrl":"https:\/\/akunq.net\/tr\/wp-content\/uploads\/sites\/6\/2021\/09\/Payla\u015f\u0131lan-Kutsal-Mekanlar-sergisi-scaled.jpg","datePublished":"2021-09-25T07:14:33+00:00","author":{"@id":"https:\/\/akunq.net\/tr\/#\/schema\/person\/096f1d38a12cce57fb855b485ed24c9e"},"breadcrumb":{"@id":"https:\/\/akunq.net\/tr\/?p=64863#breadcrumb"},"inLanguage":"en-US","potentialAction":[{"@type":"ReadAction","target":["https:\/\/akunq.net\/tr\/?p=64863"]}]},{"@type":"ImageObject","inLanguage":"en-US","@id":"https:\/\/akunq.net\/tr\/?p=64863#primaryimage","url":"https:\/\/akunq.net\/tr\/wp-content\/uploads\/sites\/6\/2021\/09\/Payla\u015f\u0131lan-Kutsal-Mekanlar-sergisi-scaled.jpg","contentUrl":"https:\/\/akunq.net\/tr\/wp-content\/uploads\/sites\/6\/2021\/09\/Payla\u015f\u0131lan-Kutsal-Mekanlar-sergisi-scaled.jpg","width":2560,"height":1127},{"@type":"BreadcrumbList","@id":"https:\/\/akunq.net\/tr\/?p=64863#breadcrumb","itemListElement":[{"@type":"ListItem","position":1,"name":"Home","item":"https:\/\/akunq.net\/tr"},{"@type":"ListItem","position":2,"name":"Payla\u015f\u0131lan Kutsal Mekanlar sergisi i\u00e7in son hafta"}]},{"@type":"WebSite","@id":"https:\/\/akunq.net\/tr\/#website","url":"https:\/\/akunq.net\/tr\/","name":"Bati Ermenistan Ve Bati Ermenileri Sorunlari Ara\u015ftirmalar Merkezi","description":"","potentialAction":[{"@type":"SearchAction","target":{"@type":"EntryPoint","urlTemplate":"https:\/\/akunq.net\/tr\/?s={search_term_string}"},"query-input":{"@type":"PropertyValueSpecification","valueRequired":true,"valueName":"search_term_string"}}],"inLanguage":"en-US"},{"@type":"Person","@id":"https:\/\/akunq.net\/tr\/#\/schema\/person\/096f1d38a12cce57fb855b485ed24c9e","name":"admin","url":"https:\/\/akunq.net\/tr\/?author=7"}]}},"_links":{"self":[{"href":"https:\/\/akunq.net\/tr\/index.php?rest_route=\/wp\/v2\/posts\/64863","targetHints":{"allow":["GET"]}}],"collection":[{"href":"https:\/\/akunq.net\/tr\/index.php?rest_route=\/wp\/v2\/posts"}],"about":[{"href":"https:\/\/akunq.net\/tr\/index.php?rest_route=\/wp\/v2\/types\/post"}],"author":[{"embeddable":true,"href":"https:\/\/akunq.net\/tr\/index.php?rest_route=\/wp\/v2\/users\/7"}],"replies":[{"embeddable":true,"href":"https:\/\/akunq.net\/tr\/index.php?rest_route=%2Fwp%2Fv2%2Fcomments&post=64863"}],"version-history":[{"count":1,"href":"https:\/\/akunq.net\/tr\/index.php?rest_route=\/wp\/v2\/posts\/64863\/revisions"}],"predecessor-version":[{"id":64865,"href":"https:\/\/akunq.net\/tr\/index.php?rest_route=\/wp\/v2\/posts\/64863\/revisions\/64865"}],"wp:featuredmedia":[{"embeddable":true,"href":"https:\/\/akunq.net\/tr\/index.php?rest_route=\/wp\/v2\/media\/64864"}],"wp:attachment":[{"href":"https:\/\/akunq.net\/tr\/index.php?rest_route=%2Fwp%2Fv2%2Fmedia&parent=64863"}],"wp:term":[{"taxonomy":"category","embeddable":true,"href":"https:\/\/akunq.net\/tr\/index.php?rest_route=%2Fwp%2Fv2%2Fcategories&post=64863"},{"taxonomy":"post_tag","embeddable":true,"href":"https:\/\/akunq.net\/tr\/index.php?rest_route=%2Fwp%2Fv2%2Ftags&post=64863"}],"curies":[{"name":"wp","href":"https:\/\/api.w.org\/{rel}","templated":true}]}}