{"id":64850,"date":"2021-09-24T03:49:31","date_gmt":"2021-09-24T08:49:31","guid":{"rendered":"https:\/\/akunq.net\/tr\/?p=64850"},"modified":"2021-09-24T03:49:31","modified_gmt":"2021-09-24T08:49:31","slug":"yargi-zir-vadisinin-sit-alaninin-dusurulmesi-kararini-iptal-etti","status":"publish","type":"post","link":"https:\/\/akunq.net\/tr\/?p=64850","title":{"rendered":"Yarg\u0131 Zir Vadisi\u2019nin S\u0130T alan\u0131n\u0131n d\u00fc\u015f\u00fcr\u00fclmesi karar\u0131n\u0131 iptal etti"},"content":{"rendered":"<p><img loading=\"lazy\" decoding=\"async\" class=\"aligncenter size-medium wp-image-64851\" src=\"https:\/\/akunq.net\/tr\/wp-content\/uploads\/2021\/09\/Zir-Vadisi-360x203.jpg\" alt=\"\" width=\"360\" height=\"203\" srcset=\"https:\/\/akunq.net\/tr\/wp-content\/uploads\/sites\/6\/2021\/09\/Zir-Vadisi-360x203.jpg 360w, https:\/\/akunq.net\/tr\/wp-content\/uploads\/sites\/6\/2021\/09\/Zir-Vadisi-768x432.jpg 768w, https:\/\/akunq.net\/tr\/wp-content\/uploads\/sites\/6\/2021\/09\/Zir-Vadisi-560x315.jpg 560w, https:\/\/akunq.net\/tr\/wp-content\/uploads\/sites\/6\/2021\/09\/Zir-Vadisi-260x146.jpg 260w, https:\/\/akunq.net\/tr\/wp-content\/uploads\/sites\/6\/2021\/09\/Zir-Vadisi-160x90.jpg 160w, https:\/\/akunq.net\/tr\/wp-content\/uploads\/sites\/6\/2021\/09\/Zir-Vadisi.jpg 1280w\" sizes=\"auto, (max-width: 360px) 100vw, 360px\" \/><\/p>\n<p><strong><em>Yarg\u0131, Ankara\u2019da do\u011fal ve arkeolojik eserlerin bulundu\u011fu Zir Vadisi\u2019ne ili\u015fkin kontroll\u00fc kullan\u0131m\u0131 i\u00e7eren i\u015flemleri iptal etti. Mimarlar, \u201cHakl\u0131l\u0131\u011f\u0131m\u0131z tescil edilmi\u015ftir\u201d dedi.<\/em><\/strong><\/p>\n<p>ANKARA \u2013 Mimarlar Odas\u0131 Ankara \u015eubesi\u2019nin Ankara Sincan\u2019da bulunan Zir Vadisi\u2019nin s\u00fcrd\u00fcr\u00fclebilir koruma ve kontroll\u00fc kullan\u0131m alan\u0131 ilan edilerek yok edilmesine kar\u015f\u0131 verdi\u011fi hukuk m\u00fccadelesi kazan\u0131mla sonu\u00e7land\u0131. Ankara 11\u2019inci \u0130dare Mahkemesi, Zir Vadisi S\u00fcrd\u00fcr\u00fclebilir Koruma ve Kontroll\u00fc Kullan\u0131m alan\u0131na ait s\u0131n\u0131rlar\u0131n\u0131n g\u00fcncellenmesini i\u00e7eren kararlara ili\u015fkin i\u015flemleri iptal etti.<\/p>\n<p><strong>\u2018VAD\u0130N\u0130N HER A\u00c7IDAN KORUNMASI GEREK\u0130YOR\u2019<\/strong><\/p>\n<p>Karar\u0131 de\u011ferlendiren Mimarlar Odas\u0131 Ankara \u015eube Ba\u015fkan\u0131 Tezcan Karaku\u015f Candan, Ankara\u2019da kentsel \u00f6l\u00e7ekte vadiler \u00fczerinden rant kararlar\u0131n\u0131n s\u00fcrd\u00fcr\u00fcld\u00fc\u011f\u00fcn\u00fc belirtti. \u201cYarg\u0131, kamu yarar\u0131n\u0131 g\u00f6zeten Zir Vadisi karar\u0131yla bir kez daha hakl\u0131l\u0131\u011f\u0131m\u0131z\u0131 tescil etmi\u015ftir\u201d diyen Candan yapt\u0131\u011f\u0131 a\u00e7\u0131klamada \u015fu ifadelere yer verdi:<\/p>\n<p>\u201cZir Vadisi Sincan-Yenikent yerle\u015fkesine 5 km uzakl\u0131kta Ermeni mezarl\u0131\u011f\u0131n\u0131n da bulundu\u011fu, \u2018ISTANOZ\u2019 yerle\u015fkesi olarak ge\u00e7en \u00f6nemli tarihi eserlerin bulundu\u011fu bir aland\u0131r. Vadinin her a\u00e7\u0131dan tart\u0131\u015fmas\u0131z korunmas\u0131 gerekirken, S\u0130T alan\u0131 stat\u00fcs\u00fcn\u00fcn kald\u0131r\u0131lm\u0131\u015f olmas\u0131, vadiyi yok edecek, \u00e7ok k\u00fclt\u00fcrl\u00fcl\u00fc\u011f\u00fcm\u00fcz\u00fc yap\u0131la\u015fma tehdidi ile kar\u015f\u0131 kar\u015f\u0131ya b\u0131rakacak kabul edilmez bir durumdu. Mimarlar Odas\u0131 Ankara \u015eubesi olarak do\u011fal ya\u015fam alanlar\u0131m\u0131z\u0131, \u00e7ok k\u00fclt\u00fcrl\u00fcl\u00fc\u011f\u00fcm\u00fcz\u00fc, Anadolu co\u011frafyas\u0131nda bir\u00e7ok k\u00fclt\u00fcrle birlikte ya\u015fad\u0131\u011f\u0131m\u0131z\u0131 savunmaya devam edece\u011fiz.\u201d<\/p>\n<p><strong>\u2018DO\u011eAL S\u0130T ALANI \u0130LAN ED\u0130LMEL\u0130\u2019<\/strong><\/p>\n<p>Zir Vadisi\u2019nin birinci derece do\u011fal ve arkeolojik S\u0130T alan\u0131 ilan edilmesi gerekti\u011fini ifade eden Mimarlar Odas\u0131 Ankara \u015eube Ba\u015fkan\u0131 Candan s\u00f6zlerini \u015fu \u015fekilde s\u00fcrd\u00fcrd\u00fc:<\/p>\n<p>\u201cZir Vadisi\u2019nin tar\u0131msal \u00f6zellikleri vard\u0131r, jeolojik \u00f6ne \u00e7\u0131kan \u00f6zellikleri vard\u0131r, rekreasyonel \u00f6zelliklere sahiptir, iki \u00f6nemli ovay\u0131 etkileme ve etkilenme \u00f6zelli\u011fi bulunmaktad\u0131r, Ankara yerle\u015fimine yak\u0131n mesafededir ve hatta i\u00e7indedir, mikro klima \u00f6zelli\u011fi g\u00f6stermektedir. Zir Vadisi, gerek vadi peyzaj\u0131n\u0131n yaratt\u0131\u011f\u0131 ekolojik ve g\u00f6rsel de\u011ferler gerek tarihi ve arkeolojik de\u011ferleri ile ayr\u0131cal\u0131kl\u0131 bir \u00f6neme sahiptir. Zir Vadisi, bulundu\u011fu b\u00f6lgede (10 km yar\u0131\u00e7apl\u0131 bir alanda) yar\u0131 do\u011fal ve do\u011fal habitatlar\u0131 bar\u0131nd\u0131ran bir peyzaja sahip tek aland\u0131r. Bu \u00f6zelli\u011fi ile, peyzaj a\u00e7\u0131s\u0131ndan tabiri caiz ise \u00e7\u00f6lde bir vaha niteli\u011finde bir aland\u0131r. Zir Vadisi, ayr\u0131ca, \u00e7ok say\u0131da bitki ve hayvan t\u00fcr\u00fcne ev sahipli\u011fi yapmas\u0131 nedeniyle, civardaki tahrip edilmi\u015f alanlarda yer alamayan yaban hayat\u0131 ve bitkiler i\u00e7in bir biyo\u00e7e\u015fitlilik s\u0131\u011f\u0131na\u011f\u0131 \u00f6zelli\u011findedir. Vadi civar\u0131ndaki yerle\u015fimlerin g\u00fcn ge\u00e7tik\u00e7e artmas\u0131, yap\u0131lm\u0131\u015f olan yollar ve madencilik faaliyetleri, Vadinin habitat b\u00fct\u00fcnl\u00fc\u011f\u00fcn\u00fc ve kalitesini tehdit etmekte, vadinin gelecekte bu faaliyetlerden olumsuz y\u00f6nde etkilenme olas\u0131l\u0131\u011f\u0131n\u0131 art\u0131rmaktad\u0131r. Zir Vadisi, bu do\u011frultuda kal\u0131nt\u0131 bir peyzaj ve bir biyo\u00e7e\u015fitlilik s\u0131\u011f\u0131na\u011f\u0131 olarak y\u00fcksek seviyede korunmaya ihtiya\u00e7 duyulan bir aland\u0131r.\u201d<\/p>\n<p><em><strong>https:\/\/www.gazeteduvar.com.tr\/yargi-zir-vadisinin-sit-alaninin-dusurulmesi-kararini-iptal-etti-haber-1535993\u00a0<\/strong><\/em><\/p>\n","protected":false},"excerpt":{"rendered":"<p>Yarg\u0131, Ankara\u2019da do\u011fal ve arkeolojik eserlerin bulundu\u011fu Zir Vadisi\u2019ne ili\u015fkin kontroll\u00fc kullan\u0131m\u0131 i\u00e7eren i\u015flemleri iptal etti. Mimarlar, \u201cHakl\u0131l\u0131\u011f\u0131m\u0131z tescil edilmi\u015ftir\u201d dedi. ANKARA \u2013 Mimarlar Odas\u0131 Ankara \u015eubesi\u2019nin Ankara Sincan\u2019da bulunan Zir Vadisi\u2019nin s\u00fcrd\u00fcr\u00fclebilir koruma ve kontroll\u00fc kullan\u0131m alan\u0131 ilan edilerek yok edilmesine kar\u015f\u0131 verdi\u011fi hukuk m\u00fccadelesi kazan\u0131mla sonu\u00e7land\u0131. Ankara 11\u2019inci \u0130dare Mahkemesi, Zir Vadisi S\u00fcrd\u00fcr\u00fclebilir [&hellip;]<\/p>\n","protected":false},"author":7,"featured_media":64851,"comment_status":"open","ping_status":"open","sticky":false,"template":"","format":"standard","meta":{"footnotes":""},"categories":[1],"tags":[],"class_list":["post-64850","post","type-post","status-publish","format-standard","has-post-thumbnail","hentry","category-haberler"],"yoast_head":"<!-- This site is optimized with the Yoast SEO plugin v27.4 - https:\/\/yoast.com\/product\/yoast-seo-wordpress\/ -->\n<title>Yarg\u0131 Zir Vadisi\u2019nin S\u0130T alan\u0131n\u0131n d\u00fc\u015f\u00fcr\u00fclmesi karar\u0131n\u0131 iptal etti - Bati Ermenistan Ve Bati Ermenileri Sorunlari Ara\u015ftirmalar Merkezi<\/title>\n<meta name=\"robots\" content=\"index, follow, max-snippet:-1, max-image-preview:large, max-video-preview:-1\" \/>\n<link rel=\"canonical\" href=\"https:\/\/akunq.net\/tr\/?p=64850\" \/>\n<meta property=\"og:locale\" content=\"en_US\" \/>\n<meta property=\"og:type\" content=\"article\" \/>\n<meta property=\"og:title\" content=\"Yarg\u0131 Zir Vadisi\u2019nin S\u0130T alan\u0131n\u0131n d\u00fc\u015f\u00fcr\u00fclmesi karar\u0131n\u0131 iptal etti - Bati Ermenistan Ve Bati Ermenileri Sorunlari Ara\u015ftirmalar Merkezi\" \/>\n<meta property=\"og:description\" content=\"Yarg\u0131, Ankara\u2019da do\u011fal ve arkeolojik eserlerin bulundu\u011fu Zir Vadisi\u2019ne ili\u015fkin kontroll\u00fc kullan\u0131m\u0131 i\u00e7eren i\u015flemleri iptal etti. Mimarlar, \u201cHakl\u0131l\u0131\u011f\u0131m\u0131z tescil edilmi\u015ftir\u201d dedi. ANKARA \u2013 Mimarlar Odas\u0131 Ankara \u015eubesi\u2019nin Ankara Sincan\u2019da bulunan Zir Vadisi\u2019nin s\u00fcrd\u00fcr\u00fclebilir koruma ve kontroll\u00fc kullan\u0131m alan\u0131 ilan edilerek yok edilmesine kar\u015f\u0131 verdi\u011fi hukuk m\u00fccadelesi kazan\u0131mla sonu\u00e7land\u0131. Ankara 11\u2019inci \u0130dare Mahkemesi, Zir Vadisi S\u00fcrd\u00fcr\u00fclebilir [&hellip;]\" \/>\n<meta property=\"og:url\" content=\"https:\/\/akunq.net\/tr\/?p=64850\" \/>\n<meta property=\"og:site_name\" content=\"Bati Ermenistan Ve Bati Ermenileri Sorunlari Ara\u015ftirmalar Merkezi\" \/>\n<meta property=\"article:published_time\" content=\"2021-09-24T08:49:31+00:00\" \/>\n<meta property=\"og:image\" content=\"https:\/\/akunq.net\/tr\/wp-content\/uploads\/sites\/6\/2021\/09\/Zir-Vadisi.jpg\" \/>\n\t<meta property=\"og:image:width\" content=\"1280\" \/>\n\t<meta property=\"og:image:height\" content=\"720\" \/>\n\t<meta property=\"og:image:type\" content=\"image\/jpeg\" \/>\n<meta name=\"author\" content=\"admin\" \/>\n<meta name=\"twitter:card\" content=\"summary_large_image\" \/>\n<meta name=\"twitter:label1\" content=\"Written by\" \/>\n\t<meta name=\"twitter:data1\" content=\"admin\" \/>\n\t<meta name=\"twitter:label2\" content=\"Est. reading time\" \/>\n\t<meta name=\"twitter:data2\" content=\"3 minutes\" \/>\n<script type=\"application\/ld+json\" class=\"yoast-schema-graph\">{\"@context\":\"https:\\\/\\\/schema.org\",\"@graph\":[{\"@type\":\"Article\",\"@id\":\"https:\\\/\\\/akunq.net\\\/tr\\\/?p=64850#article\",\"isPartOf\":{\"@id\":\"https:\\\/\\\/akunq.net\\\/tr\\\/?p=64850\"},\"author\":{\"name\":\"admin\",\"@id\":\"https:\\\/\\\/akunq.net\\\/tr\\\/#\\\/schema\\\/person\\\/096f1d38a12cce57fb855b485ed24c9e\"},\"headline\":\"Yarg\u0131 Zir Vadisi\u2019nin S\u0130T alan\u0131n\u0131n d\u00fc\u015f\u00fcr\u00fclmesi karar\u0131n\u0131 iptal etti\",\"datePublished\":\"2021-09-24T08:49:31+00:00\",\"mainEntityOfPage\":{\"@id\":\"https:\\\/\\\/akunq.net\\\/tr\\\/?p=64850\"},\"wordCount\":565,\"commentCount\":0,\"image\":{\"@id\":\"https:\\\/\\\/akunq.net\\\/tr\\\/?p=64850#primaryimage\"},\"thumbnailUrl\":\"https:\\\/\\\/akunq.net\\\/tr\\\/wp-content\\\/uploads\\\/sites\\\/6\\\/2021\\\/09\\\/Zir-Vadisi.jpg\",\"articleSection\":[\"Haberler\"],\"inLanguage\":\"en-US\",\"potentialAction\":[{\"@type\":\"CommentAction\",\"name\":\"Comment\",\"target\":[\"https:\\\/\\\/akunq.net\\\/tr\\\/?p=64850#respond\"]}]},{\"@type\":\"WebPage\",\"@id\":\"https:\\\/\\\/akunq.net\\\/tr\\\/?p=64850\",\"url\":\"https:\\\/\\\/akunq.net\\\/tr\\\/?p=64850\",\"name\":\"Yarg\u0131 Zir Vadisi\u2019nin S\u0130T alan\u0131n\u0131n d\u00fc\u015f\u00fcr\u00fclmesi karar\u0131n\u0131 iptal etti - Bati Ermenistan Ve Bati Ermenileri Sorunlari Ara\u015ftirmalar Merkezi\",\"isPartOf\":{\"@id\":\"https:\\\/\\\/akunq.net\\\/tr\\\/#website\"},\"primaryImageOfPage\":{\"@id\":\"https:\\\/\\\/akunq.net\\\/tr\\\/?p=64850#primaryimage\"},\"image\":{\"@id\":\"https:\\\/\\\/akunq.net\\\/tr\\\/?p=64850#primaryimage\"},\"thumbnailUrl\":\"https:\\\/\\\/akunq.net\\\/tr\\\/wp-content\\\/uploads\\\/sites\\\/6\\\/2021\\\/09\\\/Zir-Vadisi.jpg\",\"datePublished\":\"2021-09-24T08:49:31+00:00\",\"author\":{\"@id\":\"https:\\\/\\\/akunq.net\\\/tr\\\/#\\\/schema\\\/person\\\/096f1d38a12cce57fb855b485ed24c9e\"},\"breadcrumb\":{\"@id\":\"https:\\\/\\\/akunq.net\\\/tr\\\/?p=64850#breadcrumb\"},\"inLanguage\":\"en-US\",\"potentialAction\":[{\"@type\":\"ReadAction\",\"target\":[\"https:\\\/\\\/akunq.net\\\/tr\\\/?p=64850\"]}]},{\"@type\":\"ImageObject\",\"inLanguage\":\"en-US\",\"@id\":\"https:\\\/\\\/akunq.net\\\/tr\\\/?p=64850#primaryimage\",\"url\":\"https:\\\/\\\/akunq.net\\\/tr\\\/wp-content\\\/uploads\\\/sites\\\/6\\\/2021\\\/09\\\/Zir-Vadisi.jpg\",\"contentUrl\":\"https:\\\/\\\/akunq.net\\\/tr\\\/wp-content\\\/uploads\\\/sites\\\/6\\\/2021\\\/09\\\/Zir-Vadisi.jpg\",\"width\":1280,\"height\":720},{\"@type\":\"BreadcrumbList\",\"@id\":\"https:\\\/\\\/akunq.net\\\/tr\\\/?p=64850#breadcrumb\",\"itemListElement\":[{\"@type\":\"ListItem\",\"position\":1,\"name\":\"Home\",\"item\":\"https:\\\/\\\/akunq.net\\\/tr\"},{\"@type\":\"ListItem\",\"position\":2,\"name\":\"Yarg\u0131 Zir Vadisi\u2019nin S\u0130T alan\u0131n\u0131n d\u00fc\u015f\u00fcr\u00fclmesi karar\u0131n\u0131 iptal etti\"}]},{\"@type\":\"WebSite\",\"@id\":\"https:\\\/\\\/akunq.net\\\/tr\\\/#website\",\"url\":\"https:\\\/\\\/akunq.net\\\/tr\\\/\",\"name\":\"Bati Ermenistan Ve Bati Ermenileri Sorunlari Ara\u015ftirmalar Merkezi\",\"description\":\"\",\"potentialAction\":[{\"@type\":\"SearchAction\",\"target\":{\"@type\":\"EntryPoint\",\"urlTemplate\":\"https:\\\/\\\/akunq.net\\\/tr\\\/?s={search_term_string}\"},\"query-input\":{\"@type\":\"PropertyValueSpecification\",\"valueRequired\":true,\"valueName\":\"search_term_string\"}}],\"inLanguage\":\"en-US\"},{\"@type\":\"Person\",\"@id\":\"https:\\\/\\\/akunq.net\\\/tr\\\/#\\\/schema\\\/person\\\/096f1d38a12cce57fb855b485ed24c9e\",\"name\":\"admin\",\"url\":\"https:\\\/\\\/akunq.net\\\/tr\\\/?author=7\"}]}<\/script>\n<!-- \/ Yoast SEO plugin. -->","yoast_head_json":{"title":"Yarg\u0131 Zir Vadisi\u2019nin S\u0130T alan\u0131n\u0131n d\u00fc\u015f\u00fcr\u00fclmesi karar\u0131n\u0131 iptal etti - Bati Ermenistan Ve Bati Ermenileri Sorunlari Ara\u015ftirmalar Merkezi","robots":{"index":"index","follow":"follow","max-snippet":"max-snippet:-1","max-image-preview":"max-image-preview:large","max-video-preview":"max-video-preview:-1"},"canonical":"https:\/\/akunq.net\/tr\/?p=64850","og_locale":"en_US","og_type":"article","og_title":"Yarg\u0131 Zir Vadisi\u2019nin S\u0130T alan\u0131n\u0131n d\u00fc\u015f\u00fcr\u00fclmesi karar\u0131n\u0131 iptal etti - Bati Ermenistan Ve Bati Ermenileri Sorunlari Ara\u015ftirmalar Merkezi","og_description":"Yarg\u0131, Ankara\u2019da do\u011fal ve arkeolojik eserlerin bulundu\u011fu Zir Vadisi\u2019ne ili\u015fkin kontroll\u00fc kullan\u0131m\u0131 i\u00e7eren i\u015flemleri iptal etti. Mimarlar, \u201cHakl\u0131l\u0131\u011f\u0131m\u0131z tescil edilmi\u015ftir\u201d dedi. ANKARA \u2013 Mimarlar Odas\u0131 Ankara \u015eubesi\u2019nin Ankara Sincan\u2019da bulunan Zir Vadisi\u2019nin s\u00fcrd\u00fcr\u00fclebilir koruma ve kontroll\u00fc kullan\u0131m alan\u0131 ilan edilerek yok edilmesine kar\u015f\u0131 verdi\u011fi hukuk m\u00fccadelesi kazan\u0131mla sonu\u00e7land\u0131. Ankara 11\u2019inci \u0130dare Mahkemesi, Zir Vadisi S\u00fcrd\u00fcr\u00fclebilir [&hellip;]","og_url":"https:\/\/akunq.net\/tr\/?p=64850","og_site_name":"Bati Ermenistan Ve Bati Ermenileri Sorunlari Ara\u015ftirmalar Merkezi","article_published_time":"2021-09-24T08:49:31+00:00","og_image":[{"width":1280,"height":720,"url":"https:\/\/akunq.net\/tr\/wp-content\/uploads\/sites\/6\/2021\/09\/Zir-Vadisi.jpg","type":"image\/jpeg"}],"author":"admin","twitter_card":"summary_large_image","twitter_misc":{"Written by":"admin","Est. reading time":"3 minutes"},"schema":{"@context":"https:\/\/schema.org","@graph":[{"@type":"Article","@id":"https:\/\/akunq.net\/tr\/?p=64850#article","isPartOf":{"@id":"https:\/\/akunq.net\/tr\/?p=64850"},"author":{"name":"admin","@id":"https:\/\/akunq.net\/tr\/#\/schema\/person\/096f1d38a12cce57fb855b485ed24c9e"},"headline":"Yarg\u0131 Zir Vadisi\u2019nin S\u0130T alan\u0131n\u0131n d\u00fc\u015f\u00fcr\u00fclmesi karar\u0131n\u0131 iptal etti","datePublished":"2021-09-24T08:49:31+00:00","mainEntityOfPage":{"@id":"https:\/\/akunq.net\/tr\/?p=64850"},"wordCount":565,"commentCount":0,"image":{"@id":"https:\/\/akunq.net\/tr\/?p=64850#primaryimage"},"thumbnailUrl":"https:\/\/akunq.net\/tr\/wp-content\/uploads\/sites\/6\/2021\/09\/Zir-Vadisi.jpg","articleSection":["Haberler"],"inLanguage":"en-US","potentialAction":[{"@type":"CommentAction","name":"Comment","target":["https:\/\/akunq.net\/tr\/?p=64850#respond"]}]},{"@type":"WebPage","@id":"https:\/\/akunq.net\/tr\/?p=64850","url":"https:\/\/akunq.net\/tr\/?p=64850","name":"Yarg\u0131 Zir Vadisi\u2019nin S\u0130T alan\u0131n\u0131n d\u00fc\u015f\u00fcr\u00fclmesi karar\u0131n\u0131 iptal etti - Bati Ermenistan Ve Bati Ermenileri Sorunlari Ara\u015ftirmalar Merkezi","isPartOf":{"@id":"https:\/\/akunq.net\/tr\/#website"},"primaryImageOfPage":{"@id":"https:\/\/akunq.net\/tr\/?p=64850#primaryimage"},"image":{"@id":"https:\/\/akunq.net\/tr\/?p=64850#primaryimage"},"thumbnailUrl":"https:\/\/akunq.net\/tr\/wp-content\/uploads\/sites\/6\/2021\/09\/Zir-Vadisi.jpg","datePublished":"2021-09-24T08:49:31+00:00","author":{"@id":"https:\/\/akunq.net\/tr\/#\/schema\/person\/096f1d38a12cce57fb855b485ed24c9e"},"breadcrumb":{"@id":"https:\/\/akunq.net\/tr\/?p=64850#breadcrumb"},"inLanguage":"en-US","potentialAction":[{"@type":"ReadAction","target":["https:\/\/akunq.net\/tr\/?p=64850"]}]},{"@type":"ImageObject","inLanguage":"en-US","@id":"https:\/\/akunq.net\/tr\/?p=64850#primaryimage","url":"https:\/\/akunq.net\/tr\/wp-content\/uploads\/sites\/6\/2021\/09\/Zir-Vadisi.jpg","contentUrl":"https:\/\/akunq.net\/tr\/wp-content\/uploads\/sites\/6\/2021\/09\/Zir-Vadisi.jpg","width":1280,"height":720},{"@type":"BreadcrumbList","@id":"https:\/\/akunq.net\/tr\/?p=64850#breadcrumb","itemListElement":[{"@type":"ListItem","position":1,"name":"Home","item":"https:\/\/akunq.net\/tr"},{"@type":"ListItem","position":2,"name":"Yarg\u0131 Zir Vadisi\u2019nin S\u0130T alan\u0131n\u0131n d\u00fc\u015f\u00fcr\u00fclmesi karar\u0131n\u0131 iptal etti"}]},{"@type":"WebSite","@id":"https:\/\/akunq.net\/tr\/#website","url":"https:\/\/akunq.net\/tr\/","name":"Bati Ermenistan Ve Bati Ermenileri Sorunlari Ara\u015ftirmalar Merkezi","description":"","potentialAction":[{"@type":"SearchAction","target":{"@type":"EntryPoint","urlTemplate":"https:\/\/akunq.net\/tr\/?s={search_term_string}"},"query-input":{"@type":"PropertyValueSpecification","valueRequired":true,"valueName":"search_term_string"}}],"inLanguage":"en-US"},{"@type":"Person","@id":"https:\/\/akunq.net\/tr\/#\/schema\/person\/096f1d38a12cce57fb855b485ed24c9e","name":"admin","url":"https:\/\/akunq.net\/tr\/?author=7"}]}},"_links":{"self":[{"href":"https:\/\/akunq.net\/tr\/index.php?rest_route=\/wp\/v2\/posts\/64850","targetHints":{"allow":["GET"]}}],"collection":[{"href":"https:\/\/akunq.net\/tr\/index.php?rest_route=\/wp\/v2\/posts"}],"about":[{"href":"https:\/\/akunq.net\/tr\/index.php?rest_route=\/wp\/v2\/types\/post"}],"author":[{"embeddable":true,"href":"https:\/\/akunq.net\/tr\/index.php?rest_route=\/wp\/v2\/users\/7"}],"replies":[{"embeddable":true,"href":"https:\/\/akunq.net\/tr\/index.php?rest_route=%2Fwp%2Fv2%2Fcomments&post=64850"}],"version-history":[{"count":1,"href":"https:\/\/akunq.net\/tr\/index.php?rest_route=\/wp\/v2\/posts\/64850\/revisions"}],"predecessor-version":[{"id":64852,"href":"https:\/\/akunq.net\/tr\/index.php?rest_route=\/wp\/v2\/posts\/64850\/revisions\/64852"}],"wp:featuredmedia":[{"embeddable":true,"href":"https:\/\/akunq.net\/tr\/index.php?rest_route=\/wp\/v2\/media\/64851"}],"wp:attachment":[{"href":"https:\/\/akunq.net\/tr\/index.php?rest_route=%2Fwp%2Fv2%2Fmedia&parent=64850"}],"wp:term":[{"taxonomy":"category","embeddable":true,"href":"https:\/\/akunq.net\/tr\/index.php?rest_route=%2Fwp%2Fv2%2Fcategories&post=64850"},{"taxonomy":"post_tag","embeddable":true,"href":"https:\/\/akunq.net\/tr\/index.php?rest_route=%2Fwp%2Fv2%2Ftags&post=64850"}],"curies":[{"name":"wp","href":"https:\/\/api.w.org\/{rel}","templated":true}]}}