{"id":64847,"date":"2021-09-24T03:39:31","date_gmt":"2021-09-24T08:39:31","guid":{"rendered":"https:\/\/akunq.net\/tr\/?p=64847"},"modified":"2021-09-24T03:39:31","modified_gmt":"2021-09-24T08:39:31","slug":"diyarbakir-mi-amed-mi","status":"publish","type":"post","link":"https:\/\/akunq.net\/tr\/?p=64847","title":{"rendered":"\u2018Diyarbak\u0131r\u2019 m\u0131, \u2018Amed\u2019 mi?"},"content":{"rendered":"<p><img loading=\"lazy\" decoding=\"async\" class=\"aligncenter size-medium wp-image-64848\" src=\"https:\/\/akunq.net\/tr\/wp-content\/uploads\/2021\/09\/Diyarbak\u0131r-Amed--360x208.jpeg\" alt=\"\" width=\"360\" height=\"208\" srcset=\"https:\/\/akunq.net\/tr\/wp-content\/uploads\/sites\/6\/2021\/09\/Diyarbak\u0131r-Amed--360x208.jpeg 360w, https:\/\/akunq.net\/tr\/wp-content\/uploads\/sites\/6\/2021\/09\/Diyarbak\u0131r-Amed--768x444.jpeg 768w, https:\/\/akunq.net\/tr\/wp-content\/uploads\/sites\/6\/2021\/09\/Diyarbak\u0131r-Amed--560x324.jpeg 560w, https:\/\/akunq.net\/tr\/wp-content\/uploads\/sites\/6\/2021\/09\/Diyarbak\u0131r-Amed--260x150.jpeg 260w, https:\/\/akunq.net\/tr\/wp-content\/uploads\/sites\/6\/2021\/09\/Diyarbak\u0131r-Amed--160x92.jpeg 160w, https:\/\/akunq.net\/tr\/wp-content\/uploads\/sites\/6\/2021\/09\/Diyarbak\u0131r-Amed-.jpeg 1203w\" sizes=\"auto, (max-width: 360px) 100vw, 360px\" \/><\/p>\n<p><em><strong>Diyarbak\u0131r (R\u00fbdaw) \u2013<\/strong>\u00a0<strong>Davuto\u011flu\u2019nun Diyarbak\u0131r\u2019\u0131n K\u00fcrt\u00e7e ismi olan Amed\u2019i kullanabilece\u011fini s\u00f6ylemesi \u00fczerine ba\u015flayan tart\u0131\u015fmalar devam ederken pek \u00e7ok kesim kentin kadim isminin Amed oldu\u011funu ve bu ismi kullanman\u0131n bir sorun olmad\u0131\u011f\u0131n\u0131 belirtti.<\/strong><\/em><\/p>\n<p>Gelecek Partisi Genel Ba\u015fkan\u0131 Ahmet Davuto\u011flu\u2019nun Diyarbak\u0131r ziyareti sonras\u0131 kent ismine y\u00f6nelik tart\u0131\u015fmalar yeniden alevlendi.<\/p>\n<p><a href=\"https:\/\/www.rudaw.net\/turkish\/interview\/13092021\">Davuto\u011flu R\u00fbdaw\u2019a verdi\u011fi r\u00f6portajda<\/a>Diyarbak\u0131r\u2019a b\u00fcy\u00fck \u00f6nem verdi\u011fini belirtmi\u015f, \u201cMemnuniyetle Amed diyebilirim. Asl\u0131nda eskiden Diyarbak\u0131r olarak de\u011fil de Diyerbekir olarak kullan\u0131lm\u0131\u015f tarihte. Amed de \u00f6yle\u201d diyerek Amed ismini de kullanabilece\u011fini s\u00f6ylemi\u015fti.<\/p>\n<p>Milliyet\u00e7i Hareket Partisi (MHP) Genel Ba\u015fkan\u0131 Devlet Bah\u00e7eli ise Davuto\u011flu\u2019nun bu s\u00f6zleri sonras\u0131 sert\u00a0<a href=\"https:\/\/www.rudaw.net\/turkish\/middleeast\/turkey\/160920215\">tepki g\u00f6stermi\u015f<\/a>, \u201cBak Serok, Amed de\u011fil Diyarbak\u0131r diyeceksin\u201d ifadesini kullanm\u0131\u015ft\u0131.<\/p>\n<p>Kimi kesimler Amed isminin kullan\u0131lmas\u0131n\u0131 siyasi bir tav\u0131r olarak ortaya koyarken 33 uygarl\u0131\u011fa ev sahipli\u011fi yapm\u0131\u015f 9 bin y\u0131ll\u0131k kentin en kadim ismi Amed.<\/p>\n<p>Gelecek Partisi Diyarbak\u0131r \u0130l Ba\u015fkan\u0131 Ayd\u0131n Alta\u00e7, \u201cParti olarak b\u00fct\u00fcn toplant\u0131lar\u0131m\u0131zda Amed diyoruz. Neden isimlerden korkuyoruz? Amed, Diyarbekir, Omid desek ne olacak ki! Bu yanl\u0131\u015f bir \u015fey de\u011fil ki. Tarihte de Amed ismi ge\u00e7iyor zaten\u201d diyerek sitemde bulundu.<\/p>\n<p>Amid isminin kent tarihinde en \u00e7ok kullan\u0131lan isim oldu\u011funa dikkat \u00e7eken tarih\u00e7i ve ara\u015ft\u0131rmac\u0131 Baran Zeydanl\u0131o\u011flu ise \u201cTarihte Amid, Amida ve Amit isimleri ge\u00e7iyor. \u00d6zellikle bu \u00fc\u00e7 isim kullan\u0131l\u0131yor. Yakla\u015f\u0131k 2 bin sene boyunca kullan\u0131lan ismi ise Amid ya da Amidya ve Amidi. Omit diye de ge\u00e7iyor. Ayn\u0131 zamanda baz\u0131 Arap ve Fars kaynaklar\u0131nda Hamid olarak da ge\u00e7iyor. Ermeni krall\u0131k d\u00f6neminde ise Tigran\u2019\u0131n \u015fehri anlam\u0131nda Tigranagerd olarak ge\u00e7iyor. Asurlarda, Romal\u0131larda, Bizanslarda s\u00fcrekli Amid denmi\u015f. \u015eehrin tarihte en \u00e7ok kullan\u0131lan ismi Amid\u2019dir\u201d dedi.<\/p>\n<p>Amed, Am\u00eed, Amida, Omid, Emit, T\u00eegranagerd, Diyar\u0131bekr, Diyar\u0131bikr ve D\u00eeyarbekir gibi isimler Diyarbak\u0131r\u2019\u0131n eski isimleri aras\u0131nda bulunuyor. T\u00fcrkiye Cumhuriyeti\u2019nin kurulmas\u0131yla beraber ise 1938\u2019de kentin ismi resmen Diyarbak\u0131r olarak de\u011fi\u015ftirildi.<\/p>\n<p><strong><em><a href=\"https:\/\/www.rudaw.net\/turkish\/kurdistan\/2209202115\" data-type=\"URL\" data-id=\"https:\/\/www.rudaw.net\/turkish\/kurdistan\/2209202115\">https:\/\/www.rudaw.net\/turkish\/kurdistan\/2209202115<\/a>\u00a0<\/em><\/strong><\/p>\n","protected":false},"excerpt":{"rendered":"<p>Diyarbak\u0131r (R\u00fbdaw) \u2013\u00a0Davuto\u011flu\u2019nun Diyarbak\u0131r\u2019\u0131n K\u00fcrt\u00e7e ismi olan Amed\u2019i kullanabilece\u011fini s\u00f6ylemesi \u00fczerine ba\u015flayan tart\u0131\u015fmalar devam ederken pek \u00e7ok kesim kentin kadim isminin Amed oldu\u011funu ve bu ismi kullanman\u0131n bir sorun olmad\u0131\u011f\u0131n\u0131 belirtti. Gelecek Partisi Genel Ba\u015fkan\u0131 Ahmet Davuto\u011flu\u2019nun Diyarbak\u0131r ziyareti sonras\u0131 kent ismine y\u00f6nelik tart\u0131\u015fmalar yeniden alevlendi. Davuto\u011flu R\u00fbdaw\u2019a verdi\u011fi r\u00f6portajdaDiyarbak\u0131r\u2019a b\u00fcy\u00fck \u00f6nem verdi\u011fini belirtmi\u015f, \u201cMemnuniyetle [&hellip;]<\/p>\n","protected":false},"author":7,"featured_media":64848,"comment_status":"open","ping_status":"open","sticky":false,"template":"","format":"standard","meta":{"footnotes":""},"categories":[22,1],"tags":[],"class_list":["post-64847","post","type-post","status-publish","format-standard","has-post-thumbnail","hentry","category-gunumuzde-bati-ermenistan","category-haberler"],"yoast_head":"<!-- This site is optimized with the Yoast SEO plugin v27.4 - https:\/\/yoast.com\/product\/yoast-seo-wordpress\/ -->\n<title>\u2018Diyarbak\u0131r\u2019 m\u0131, \u2018Amed\u2019 mi? - Bati Ermenistan Ve Bati Ermenileri Sorunlari Ara\u015ftirmalar Merkezi<\/title>\n<meta name=\"robots\" content=\"index, follow, max-snippet:-1, max-image-preview:large, max-video-preview:-1\" \/>\n<link rel=\"canonical\" href=\"https:\/\/akunq.net\/tr\/?p=64847\" \/>\n<meta property=\"og:locale\" content=\"en_US\" \/>\n<meta property=\"og:type\" content=\"article\" \/>\n<meta property=\"og:title\" content=\"\u2018Diyarbak\u0131r\u2019 m\u0131, \u2018Amed\u2019 mi? - Bati Ermenistan Ve Bati Ermenileri Sorunlari Ara\u015ftirmalar Merkezi\" \/>\n<meta property=\"og:description\" content=\"Diyarbak\u0131r (R\u00fbdaw) \u2013\u00a0Davuto\u011flu\u2019nun Diyarbak\u0131r\u2019\u0131n K\u00fcrt\u00e7e ismi olan Amed\u2019i kullanabilece\u011fini s\u00f6ylemesi \u00fczerine ba\u015flayan tart\u0131\u015fmalar devam ederken pek \u00e7ok kesim kentin kadim isminin Amed oldu\u011funu ve bu ismi kullanman\u0131n bir sorun olmad\u0131\u011f\u0131n\u0131 belirtti. Gelecek Partisi Genel Ba\u015fkan\u0131 Ahmet Davuto\u011flu\u2019nun Diyarbak\u0131r ziyareti sonras\u0131 kent ismine y\u00f6nelik tart\u0131\u015fmalar yeniden alevlendi. Davuto\u011flu R\u00fbdaw\u2019a verdi\u011fi r\u00f6portajdaDiyarbak\u0131r\u2019a b\u00fcy\u00fck \u00f6nem verdi\u011fini belirtmi\u015f, \u201cMemnuniyetle [&hellip;]\" \/>\n<meta property=\"og:url\" content=\"https:\/\/akunq.net\/tr\/?p=64847\" \/>\n<meta property=\"og:site_name\" content=\"Bati Ermenistan Ve Bati Ermenileri Sorunlari Ara\u015ftirmalar Merkezi\" \/>\n<meta property=\"article:published_time\" content=\"2021-09-24T08:39:31+00:00\" \/>\n<meta property=\"og:image\" content=\"https:\/\/akunq.net\/tr\/wp-content\/uploads\/sites\/6\/2021\/09\/Diyarbak\u0131r-Amed-.jpeg\" \/>\n\t<meta property=\"og:image:width\" content=\"1203\" \/>\n\t<meta property=\"og:image:height\" content=\"695\" \/>\n\t<meta property=\"og:image:type\" content=\"image\/jpeg\" \/>\n<meta name=\"author\" content=\"admin\" \/>\n<meta name=\"twitter:card\" content=\"summary_large_image\" \/>\n<meta name=\"twitter:label1\" content=\"Written by\" \/>\n\t<meta name=\"twitter:data1\" content=\"admin\" \/>\n\t<meta name=\"twitter:label2\" content=\"Est. reading time\" \/>\n\t<meta name=\"twitter:data2\" content=\"2 minutes\" \/>\n<script type=\"application\/ld+json\" class=\"yoast-schema-graph\">{\"@context\":\"https:\\\/\\\/schema.org\",\"@graph\":[{\"@type\":\"Article\",\"@id\":\"https:\\\/\\\/akunq.net\\\/tr\\\/?p=64847#article\",\"isPartOf\":{\"@id\":\"https:\\\/\\\/akunq.net\\\/tr\\\/?p=64847\"},\"author\":{\"name\":\"admin\",\"@id\":\"https:\\\/\\\/akunq.net\\\/tr\\\/#\\\/schema\\\/person\\\/096f1d38a12cce57fb855b485ed24c9e\"},\"headline\":\"\u2018Diyarbak\u0131r\u2019 m\u0131, \u2018Amed\u2019 mi?\",\"datePublished\":\"2021-09-24T08:39:31+00:00\",\"mainEntityOfPage\":{\"@id\":\"https:\\\/\\\/akunq.net\\\/tr\\\/?p=64847\"},\"wordCount\":384,\"commentCount\":0,\"image\":{\"@id\":\"https:\\\/\\\/akunq.net\\\/tr\\\/?p=64847#primaryimage\"},\"thumbnailUrl\":\"https:\\\/\\\/akunq.net\\\/tr\\\/wp-content\\\/uploads\\\/sites\\\/6\\\/2021\\\/09\\\/Diyarbak\u0131r-Amed-.jpeg\",\"articleSection\":[\"G\u00fcn\u00fcm\u00fczde Bat\u0131 Ermenistan\",\"Haberler\"],\"inLanguage\":\"en-US\",\"potentialAction\":[{\"@type\":\"CommentAction\",\"name\":\"Comment\",\"target\":[\"https:\\\/\\\/akunq.net\\\/tr\\\/?p=64847#respond\"]}]},{\"@type\":\"WebPage\",\"@id\":\"https:\\\/\\\/akunq.net\\\/tr\\\/?p=64847\",\"url\":\"https:\\\/\\\/akunq.net\\\/tr\\\/?p=64847\",\"name\":\"\u2018Diyarbak\u0131r\u2019 m\u0131, \u2018Amed\u2019 mi? - Bati Ermenistan Ve Bati Ermenileri Sorunlari Ara\u015ftirmalar Merkezi\",\"isPartOf\":{\"@id\":\"https:\\\/\\\/akunq.net\\\/tr\\\/#website\"},\"primaryImageOfPage\":{\"@id\":\"https:\\\/\\\/akunq.net\\\/tr\\\/?p=64847#primaryimage\"},\"image\":{\"@id\":\"https:\\\/\\\/akunq.net\\\/tr\\\/?p=64847#primaryimage\"},\"thumbnailUrl\":\"https:\\\/\\\/akunq.net\\\/tr\\\/wp-content\\\/uploads\\\/sites\\\/6\\\/2021\\\/09\\\/Diyarbak\u0131r-Amed-.jpeg\",\"datePublished\":\"2021-09-24T08:39:31+00:00\",\"author\":{\"@id\":\"https:\\\/\\\/akunq.net\\\/tr\\\/#\\\/schema\\\/person\\\/096f1d38a12cce57fb855b485ed24c9e\"},\"breadcrumb\":{\"@id\":\"https:\\\/\\\/akunq.net\\\/tr\\\/?p=64847#breadcrumb\"},\"inLanguage\":\"en-US\",\"potentialAction\":[{\"@type\":\"ReadAction\",\"target\":[\"https:\\\/\\\/akunq.net\\\/tr\\\/?p=64847\"]}]},{\"@type\":\"ImageObject\",\"inLanguage\":\"en-US\",\"@id\":\"https:\\\/\\\/akunq.net\\\/tr\\\/?p=64847#primaryimage\",\"url\":\"https:\\\/\\\/akunq.net\\\/tr\\\/wp-content\\\/uploads\\\/sites\\\/6\\\/2021\\\/09\\\/Diyarbak\u0131r-Amed-.jpeg\",\"contentUrl\":\"https:\\\/\\\/akunq.net\\\/tr\\\/wp-content\\\/uploads\\\/sites\\\/6\\\/2021\\\/09\\\/Diyarbak\u0131r-Amed-.jpeg\",\"width\":1203,\"height\":695},{\"@type\":\"BreadcrumbList\",\"@id\":\"https:\\\/\\\/akunq.net\\\/tr\\\/?p=64847#breadcrumb\",\"itemListElement\":[{\"@type\":\"ListItem\",\"position\":1,\"name\":\"Home\",\"item\":\"https:\\\/\\\/akunq.net\\\/tr\"},{\"@type\":\"ListItem\",\"position\":2,\"name\":\"\u2018Diyarbak\u0131r\u2019 m\u0131, \u2018Amed\u2019 mi?\"}]},{\"@type\":\"WebSite\",\"@id\":\"https:\\\/\\\/akunq.net\\\/tr\\\/#website\",\"url\":\"https:\\\/\\\/akunq.net\\\/tr\\\/\",\"name\":\"Bati Ermenistan Ve Bati Ermenileri Sorunlari Ara\u015ftirmalar Merkezi\",\"description\":\"\",\"potentialAction\":[{\"@type\":\"SearchAction\",\"target\":{\"@type\":\"EntryPoint\",\"urlTemplate\":\"https:\\\/\\\/akunq.net\\\/tr\\\/?s={search_term_string}\"},\"query-input\":{\"@type\":\"PropertyValueSpecification\",\"valueRequired\":true,\"valueName\":\"search_term_string\"}}],\"inLanguage\":\"en-US\"},{\"@type\":\"Person\",\"@id\":\"https:\\\/\\\/akunq.net\\\/tr\\\/#\\\/schema\\\/person\\\/096f1d38a12cce57fb855b485ed24c9e\",\"name\":\"admin\",\"url\":\"https:\\\/\\\/akunq.net\\\/tr\\\/?author=7\"}]}<\/script>\n<!-- \/ Yoast SEO plugin. -->","yoast_head_json":{"title":"\u2018Diyarbak\u0131r\u2019 m\u0131, \u2018Amed\u2019 mi? - Bati Ermenistan Ve Bati Ermenileri Sorunlari Ara\u015ftirmalar Merkezi","robots":{"index":"index","follow":"follow","max-snippet":"max-snippet:-1","max-image-preview":"max-image-preview:large","max-video-preview":"max-video-preview:-1"},"canonical":"https:\/\/akunq.net\/tr\/?p=64847","og_locale":"en_US","og_type":"article","og_title":"\u2018Diyarbak\u0131r\u2019 m\u0131, \u2018Amed\u2019 mi? - Bati Ermenistan Ve Bati Ermenileri Sorunlari Ara\u015ftirmalar Merkezi","og_description":"Diyarbak\u0131r (R\u00fbdaw) \u2013\u00a0Davuto\u011flu\u2019nun Diyarbak\u0131r\u2019\u0131n K\u00fcrt\u00e7e ismi olan Amed\u2019i kullanabilece\u011fini s\u00f6ylemesi \u00fczerine ba\u015flayan tart\u0131\u015fmalar devam ederken pek \u00e7ok kesim kentin kadim isminin Amed oldu\u011funu ve bu ismi kullanman\u0131n bir sorun olmad\u0131\u011f\u0131n\u0131 belirtti. Gelecek Partisi Genel Ba\u015fkan\u0131 Ahmet Davuto\u011flu\u2019nun Diyarbak\u0131r ziyareti sonras\u0131 kent ismine y\u00f6nelik tart\u0131\u015fmalar yeniden alevlendi. Davuto\u011flu R\u00fbdaw\u2019a verdi\u011fi r\u00f6portajdaDiyarbak\u0131r\u2019a b\u00fcy\u00fck \u00f6nem verdi\u011fini belirtmi\u015f, \u201cMemnuniyetle [&hellip;]","og_url":"https:\/\/akunq.net\/tr\/?p=64847","og_site_name":"Bati Ermenistan Ve Bati Ermenileri Sorunlari Ara\u015ftirmalar Merkezi","article_published_time":"2021-09-24T08:39:31+00:00","og_image":[{"width":1203,"height":695,"url":"https:\/\/akunq.net\/tr\/wp-content\/uploads\/sites\/6\/2021\/09\/Diyarbak\u0131r-Amed-.jpeg","type":"image\/jpeg"}],"author":"admin","twitter_card":"summary_large_image","twitter_misc":{"Written by":"admin","Est. reading time":"2 minutes"},"schema":{"@context":"https:\/\/schema.org","@graph":[{"@type":"Article","@id":"https:\/\/akunq.net\/tr\/?p=64847#article","isPartOf":{"@id":"https:\/\/akunq.net\/tr\/?p=64847"},"author":{"name":"admin","@id":"https:\/\/akunq.net\/tr\/#\/schema\/person\/096f1d38a12cce57fb855b485ed24c9e"},"headline":"\u2018Diyarbak\u0131r\u2019 m\u0131, \u2018Amed\u2019 mi?","datePublished":"2021-09-24T08:39:31+00:00","mainEntityOfPage":{"@id":"https:\/\/akunq.net\/tr\/?p=64847"},"wordCount":384,"commentCount":0,"image":{"@id":"https:\/\/akunq.net\/tr\/?p=64847#primaryimage"},"thumbnailUrl":"https:\/\/akunq.net\/tr\/wp-content\/uploads\/sites\/6\/2021\/09\/Diyarbak\u0131r-Amed-.jpeg","articleSection":["G\u00fcn\u00fcm\u00fczde Bat\u0131 Ermenistan","Haberler"],"inLanguage":"en-US","potentialAction":[{"@type":"CommentAction","name":"Comment","target":["https:\/\/akunq.net\/tr\/?p=64847#respond"]}]},{"@type":"WebPage","@id":"https:\/\/akunq.net\/tr\/?p=64847","url":"https:\/\/akunq.net\/tr\/?p=64847","name":"\u2018Diyarbak\u0131r\u2019 m\u0131, \u2018Amed\u2019 mi? - Bati Ermenistan Ve Bati Ermenileri Sorunlari Ara\u015ftirmalar Merkezi","isPartOf":{"@id":"https:\/\/akunq.net\/tr\/#website"},"primaryImageOfPage":{"@id":"https:\/\/akunq.net\/tr\/?p=64847#primaryimage"},"image":{"@id":"https:\/\/akunq.net\/tr\/?p=64847#primaryimage"},"thumbnailUrl":"https:\/\/akunq.net\/tr\/wp-content\/uploads\/sites\/6\/2021\/09\/Diyarbak\u0131r-Amed-.jpeg","datePublished":"2021-09-24T08:39:31+00:00","author":{"@id":"https:\/\/akunq.net\/tr\/#\/schema\/person\/096f1d38a12cce57fb855b485ed24c9e"},"breadcrumb":{"@id":"https:\/\/akunq.net\/tr\/?p=64847#breadcrumb"},"inLanguage":"en-US","potentialAction":[{"@type":"ReadAction","target":["https:\/\/akunq.net\/tr\/?p=64847"]}]},{"@type":"ImageObject","inLanguage":"en-US","@id":"https:\/\/akunq.net\/tr\/?p=64847#primaryimage","url":"https:\/\/akunq.net\/tr\/wp-content\/uploads\/sites\/6\/2021\/09\/Diyarbak\u0131r-Amed-.jpeg","contentUrl":"https:\/\/akunq.net\/tr\/wp-content\/uploads\/sites\/6\/2021\/09\/Diyarbak\u0131r-Amed-.jpeg","width":1203,"height":695},{"@type":"BreadcrumbList","@id":"https:\/\/akunq.net\/tr\/?p=64847#breadcrumb","itemListElement":[{"@type":"ListItem","position":1,"name":"Home","item":"https:\/\/akunq.net\/tr"},{"@type":"ListItem","position":2,"name":"\u2018Diyarbak\u0131r\u2019 m\u0131, \u2018Amed\u2019 mi?"}]},{"@type":"WebSite","@id":"https:\/\/akunq.net\/tr\/#website","url":"https:\/\/akunq.net\/tr\/","name":"Bati Ermenistan Ve Bati Ermenileri Sorunlari Ara\u015ftirmalar Merkezi","description":"","potentialAction":[{"@type":"SearchAction","target":{"@type":"EntryPoint","urlTemplate":"https:\/\/akunq.net\/tr\/?s={search_term_string}"},"query-input":{"@type":"PropertyValueSpecification","valueRequired":true,"valueName":"search_term_string"}}],"inLanguage":"en-US"},{"@type":"Person","@id":"https:\/\/akunq.net\/tr\/#\/schema\/person\/096f1d38a12cce57fb855b485ed24c9e","name":"admin","url":"https:\/\/akunq.net\/tr\/?author=7"}]}},"_links":{"self":[{"href":"https:\/\/akunq.net\/tr\/index.php?rest_route=\/wp\/v2\/posts\/64847","targetHints":{"allow":["GET"]}}],"collection":[{"href":"https:\/\/akunq.net\/tr\/index.php?rest_route=\/wp\/v2\/posts"}],"about":[{"href":"https:\/\/akunq.net\/tr\/index.php?rest_route=\/wp\/v2\/types\/post"}],"author":[{"embeddable":true,"href":"https:\/\/akunq.net\/tr\/index.php?rest_route=\/wp\/v2\/users\/7"}],"replies":[{"embeddable":true,"href":"https:\/\/akunq.net\/tr\/index.php?rest_route=%2Fwp%2Fv2%2Fcomments&post=64847"}],"version-history":[{"count":1,"href":"https:\/\/akunq.net\/tr\/index.php?rest_route=\/wp\/v2\/posts\/64847\/revisions"}],"predecessor-version":[{"id":64849,"href":"https:\/\/akunq.net\/tr\/index.php?rest_route=\/wp\/v2\/posts\/64847\/revisions\/64849"}],"wp:featuredmedia":[{"embeddable":true,"href":"https:\/\/akunq.net\/tr\/index.php?rest_route=\/wp\/v2\/media\/64848"}],"wp:attachment":[{"href":"https:\/\/akunq.net\/tr\/index.php?rest_route=%2Fwp%2Fv2%2Fmedia&parent=64847"}],"wp:term":[{"taxonomy":"category","embeddable":true,"href":"https:\/\/akunq.net\/tr\/index.php?rest_route=%2Fwp%2Fv2%2Fcategories&post=64847"},{"taxonomy":"post_tag","embeddable":true,"href":"https:\/\/akunq.net\/tr\/index.php?rest_route=%2Fwp%2Fv2%2Ftags&post=64847"}],"curies":[{"name":"wp","href":"https:\/\/api.w.org\/{rel}","templated":true}]}}