{"id":64841,"date":"2021-09-24T03:30:42","date_gmt":"2021-09-24T08:30:42","guid":{"rendered":"https:\/\/akunq.net\/tr\/?p=64841"},"modified":"2021-09-24T03:30:42","modified_gmt":"2021-09-24T08:30:42","slug":"17-yuzyilda-yasayan-ermeni-ressamin-tablolari-150-yil-sonra-windsor-kalesinde","status":"publish","type":"post","link":"https:\/\/akunq.net\/tr\/?p=64841","title":{"rendered":"17. y\u00fczy\u0131lda ya\u015fayan Ermeni ressam\u0131n tablolar\u0131 150 y\u0131l sonra Windsor Kalesi&#8217;nde"},"content":{"rendered":"<div><img loading=\"lazy\" decoding=\"async\" class=\"aligncenter size-medium wp-image-64842\" src=\"https:\/\/akunq.net\/tr\/wp-content\/uploads\/2021\/09\/Ermeni-ressam-Markos-360x247.jpg\" alt=\"\" width=\"360\" height=\"247\" srcset=\"https:\/\/akunq.net\/tr\/wp-content\/uploads\/sites\/6\/2021\/09\/Ermeni-ressam-Markos-360x247.jpg 360w, https:\/\/akunq.net\/tr\/wp-content\/uploads\/sites\/6\/2021\/09\/Ermeni-ressam-Markos-768x526.jpg 768w, https:\/\/akunq.net\/tr\/wp-content\/uploads\/sites\/6\/2021\/09\/Ermeni-ressam-Markos-560x384.jpg 560w, https:\/\/akunq.net\/tr\/wp-content\/uploads\/sites\/6\/2021\/09\/Ermeni-ressam-Markos-260x178.jpg 260w, https:\/\/akunq.net\/tr\/wp-content\/uploads\/sites\/6\/2021\/09\/Ermeni-ressam-Markos-160x110.jpg 160w, https:\/\/akunq.net\/tr\/wp-content\/uploads\/sites\/6\/2021\/09\/Ermeni-ressam-Markos.jpg 800w\" sizes=\"auto, (max-width: 360px) 100vw, 360px\" \/><\/div>\n<div><strong><em>\u0130ngiltere&#8217;deki Windsor Kalesi&#8217;ni ziyaret edenler art\u0131k 17. y\u00fczy\u0131lda ya\u015fayan Ermeni ressam Markos&#8217;un yak\u0131n zamanda restore edilmi\u015f iki tablosunu da g\u00f6rebilecekler.<\/em><\/strong><\/p>\n<p>Armenpress\u2019in haberine g\u00f6re resimler 150 y\u0131l sonra Windsor Kalesi&#8217;nin kraliyet yemek odas\u0131nda yerle\u015ftirildi. Tablolar, kalede en son 1870&#8217;lerde olmu\u015flar.<\/p>\n<p>Markos bilinmeyen bir ressamd\u0131r ve onun resimlerinin \u0130ngiltere&#8217;de ne zaman ortaya \u00e7\u0131kt\u0131\u011f\u0131 belli de\u011fil. Tablolar ilk olarak 1688&#8217;de Windsor Kalesi&#8217;ndeki II. James&#8217;in ar\u015fivde g\u00f6r\u00fclm\u00fc\u015fler.<\/p>\n<p><img decoding=\"async\" src=\"https:\/\/armenpress.am\/static\/add\/00001\/andranik\/spyurq\/n2.jpg\" \/><\/div>\n<div><\/div>\n<div><img decoding=\"async\" src=\"https:\/\/armenpress.am\/static\/add\/00001\/andranik\/spyurq\/n3.jpg\" \/><\/div>\n<div><strong><em>https:\/\/armenpress.am\/tur\/news\/1063897.html\u00a0<\/em><\/strong><\/div>\n","protected":false},"excerpt":{"rendered":"<p>\u0130ngiltere&#8217;deki Windsor Kalesi&#8217;ni ziyaret edenler art\u0131k 17. y\u00fczy\u0131lda ya\u015fayan Ermeni ressam Markos&#8217;un yak\u0131n zamanda restore edilmi\u015f iki tablosunu da g\u00f6rebilecekler. Armenpress\u2019in haberine g\u00f6re resimler 150 y\u0131l sonra Windsor Kalesi&#8217;nin kraliyet yemek odas\u0131nda yerle\u015ftirildi. Tablolar, kalede en son 1870&#8217;lerde olmu\u015flar. Markos bilinmeyen bir ressamd\u0131r ve onun resimlerinin \u0130ngiltere&#8217;de ne zaman ortaya \u00e7\u0131kt\u0131\u011f\u0131 belli de\u011fil. Tablolar ilk [&hellip;]<\/p>\n","protected":false},"author":7,"featured_media":64842,"comment_status":"open","ping_status":"open","sticky":false,"template":"","format":"standard","meta":{"footnotes":""},"categories":[1],"tags":[],"class_list":["post-64841","post","type-post","status-publish","format-standard","has-post-thumbnail","hentry","category-haberler"],"yoast_head":"<!-- This site is optimized with the Yoast SEO plugin v27.4 - https:\/\/yoast.com\/product\/yoast-seo-wordpress\/ -->\n<title>17. y\u00fczy\u0131lda ya\u015fayan Ermeni ressam\u0131n tablolar\u0131 150 y\u0131l sonra Windsor Kalesi&#039;nde - Bati Ermenistan Ve Bati Ermenileri Sorunlari Ara\u015ftirmalar Merkezi<\/title>\n<meta name=\"robots\" content=\"index, follow, max-snippet:-1, max-image-preview:large, max-video-preview:-1\" \/>\n<link rel=\"canonical\" href=\"https:\/\/akunq.net\/tr\/?p=64841\" \/>\n<meta property=\"og:locale\" content=\"en_US\" \/>\n<meta property=\"og:type\" content=\"article\" \/>\n<meta property=\"og:title\" content=\"17. y\u00fczy\u0131lda ya\u015fayan Ermeni ressam\u0131n tablolar\u0131 150 y\u0131l sonra Windsor Kalesi&#039;nde - Bati Ermenistan Ve Bati Ermenileri Sorunlari Ara\u015ftirmalar Merkezi\" \/>\n<meta property=\"og:description\" content=\"\u0130ngiltere&#8217;deki Windsor Kalesi&#8217;ni ziyaret edenler art\u0131k 17. y\u00fczy\u0131lda ya\u015fayan Ermeni ressam Markos&#8217;un yak\u0131n zamanda restore edilmi\u015f iki tablosunu da g\u00f6rebilecekler. Armenpress\u2019in haberine g\u00f6re resimler 150 y\u0131l sonra Windsor Kalesi&#8217;nin kraliyet yemek odas\u0131nda yerle\u015ftirildi. Tablolar, kalede en son 1870&#8217;lerde olmu\u015flar. Markos bilinmeyen bir ressamd\u0131r ve onun resimlerinin \u0130ngiltere&#8217;de ne zaman ortaya \u00e7\u0131kt\u0131\u011f\u0131 belli de\u011fil. Tablolar ilk [&hellip;]\" \/>\n<meta property=\"og:url\" content=\"https:\/\/akunq.net\/tr\/?p=64841\" \/>\n<meta property=\"og:site_name\" content=\"Bati Ermenistan Ve Bati Ermenileri Sorunlari Ara\u015ftirmalar Merkezi\" \/>\n<meta property=\"article:published_time\" content=\"2021-09-24T08:30:42+00:00\" \/>\n<meta property=\"og:image\" content=\"https:\/\/akunq.net\/tr\/wp-content\/uploads\/sites\/6\/2021\/09\/Ermeni-ressam-Markos.jpg\" \/>\n\t<meta property=\"og:image:width\" content=\"800\" \/>\n\t<meta property=\"og:image:height\" content=\"548\" \/>\n\t<meta property=\"og:image:type\" content=\"image\/jpeg\" \/>\n<meta name=\"author\" content=\"admin\" \/>\n<meta name=\"twitter:card\" content=\"summary_large_image\" \/>\n<meta name=\"twitter:label1\" content=\"Written by\" \/>\n\t<meta name=\"twitter:data1\" content=\"admin\" \/>\n<script type=\"application\/ld+json\" class=\"yoast-schema-graph\">{\"@context\":\"https:\\\/\\\/schema.org\",\"@graph\":[{\"@type\":\"Article\",\"@id\":\"https:\\\/\\\/akunq.net\\\/tr\\\/?p=64841#article\",\"isPartOf\":{\"@id\":\"https:\\\/\\\/akunq.net\\\/tr\\\/?p=64841\"},\"author\":{\"name\":\"admin\",\"@id\":\"https:\\\/\\\/akunq.net\\\/tr\\\/#\\\/schema\\\/person\\\/096f1d38a12cce57fb855b485ed24c9e\"},\"headline\":\"17. y\u00fczy\u0131lda ya\u015fayan Ermeni ressam\u0131n tablolar\u0131 150 y\u0131l sonra Windsor Kalesi&#8217;nde\",\"datePublished\":\"2021-09-24T08:30:42+00:00\",\"mainEntityOfPage\":{\"@id\":\"https:\\\/\\\/akunq.net\\\/tr\\\/?p=64841\"},\"wordCount\":99,\"commentCount\":0,\"image\":{\"@id\":\"https:\\\/\\\/akunq.net\\\/tr\\\/?p=64841#primaryimage\"},\"thumbnailUrl\":\"https:\\\/\\\/akunq.net\\\/tr\\\/wp-content\\\/uploads\\\/sites\\\/6\\\/2021\\\/09\\\/Ermeni-ressam-Markos.jpg\",\"articleSection\":[\"Haberler\"],\"inLanguage\":\"en-US\",\"potentialAction\":[{\"@type\":\"CommentAction\",\"name\":\"Comment\",\"target\":[\"https:\\\/\\\/akunq.net\\\/tr\\\/?p=64841#respond\"]}]},{\"@type\":\"WebPage\",\"@id\":\"https:\\\/\\\/akunq.net\\\/tr\\\/?p=64841\",\"url\":\"https:\\\/\\\/akunq.net\\\/tr\\\/?p=64841\",\"name\":\"17. y\u00fczy\u0131lda ya\u015fayan Ermeni ressam\u0131n tablolar\u0131 150 y\u0131l sonra Windsor Kalesi'nde - Bati Ermenistan Ve Bati Ermenileri Sorunlari Ara\u015ftirmalar Merkezi\",\"isPartOf\":{\"@id\":\"https:\\\/\\\/akunq.net\\\/tr\\\/#website\"},\"primaryImageOfPage\":{\"@id\":\"https:\\\/\\\/akunq.net\\\/tr\\\/?p=64841#primaryimage\"},\"image\":{\"@id\":\"https:\\\/\\\/akunq.net\\\/tr\\\/?p=64841#primaryimage\"},\"thumbnailUrl\":\"https:\\\/\\\/akunq.net\\\/tr\\\/wp-content\\\/uploads\\\/sites\\\/6\\\/2021\\\/09\\\/Ermeni-ressam-Markos.jpg\",\"datePublished\":\"2021-09-24T08:30:42+00:00\",\"author\":{\"@id\":\"https:\\\/\\\/akunq.net\\\/tr\\\/#\\\/schema\\\/person\\\/096f1d38a12cce57fb855b485ed24c9e\"},\"breadcrumb\":{\"@id\":\"https:\\\/\\\/akunq.net\\\/tr\\\/?p=64841#breadcrumb\"},\"inLanguage\":\"en-US\",\"potentialAction\":[{\"@type\":\"ReadAction\",\"target\":[\"https:\\\/\\\/akunq.net\\\/tr\\\/?p=64841\"]}]},{\"@type\":\"ImageObject\",\"inLanguage\":\"en-US\",\"@id\":\"https:\\\/\\\/akunq.net\\\/tr\\\/?p=64841#primaryimage\",\"url\":\"https:\\\/\\\/akunq.net\\\/tr\\\/wp-content\\\/uploads\\\/sites\\\/6\\\/2021\\\/09\\\/Ermeni-ressam-Markos.jpg\",\"contentUrl\":\"https:\\\/\\\/akunq.net\\\/tr\\\/wp-content\\\/uploads\\\/sites\\\/6\\\/2021\\\/09\\\/Ermeni-ressam-Markos.jpg\",\"width\":800,\"height\":548},{\"@type\":\"BreadcrumbList\",\"@id\":\"https:\\\/\\\/akunq.net\\\/tr\\\/?p=64841#breadcrumb\",\"itemListElement\":[{\"@type\":\"ListItem\",\"position\":1,\"name\":\"Home\",\"item\":\"https:\\\/\\\/akunq.net\\\/tr\"},{\"@type\":\"ListItem\",\"position\":2,\"name\":\"17. y\u00fczy\u0131lda ya\u015fayan Ermeni ressam\u0131n tablolar\u0131 150 y\u0131l sonra Windsor Kalesi&#8217;nde\"}]},{\"@type\":\"WebSite\",\"@id\":\"https:\\\/\\\/akunq.net\\\/tr\\\/#website\",\"url\":\"https:\\\/\\\/akunq.net\\\/tr\\\/\",\"name\":\"Bati Ermenistan Ve Bati Ermenileri Sorunlari Ara\u015ftirmalar Merkezi\",\"description\":\"\",\"potentialAction\":[{\"@type\":\"SearchAction\",\"target\":{\"@type\":\"EntryPoint\",\"urlTemplate\":\"https:\\\/\\\/akunq.net\\\/tr\\\/?s={search_term_string}\"},\"query-input\":{\"@type\":\"PropertyValueSpecification\",\"valueRequired\":true,\"valueName\":\"search_term_string\"}}],\"inLanguage\":\"en-US\"},{\"@type\":\"Person\",\"@id\":\"https:\\\/\\\/akunq.net\\\/tr\\\/#\\\/schema\\\/person\\\/096f1d38a12cce57fb855b485ed24c9e\",\"name\":\"admin\",\"url\":\"https:\\\/\\\/akunq.net\\\/tr\\\/?author=7\"}]}<\/script>\n<!-- \/ Yoast SEO plugin. -->","yoast_head_json":{"title":"17. y\u00fczy\u0131lda ya\u015fayan Ermeni ressam\u0131n tablolar\u0131 150 y\u0131l sonra Windsor Kalesi'nde - Bati Ermenistan Ve Bati Ermenileri Sorunlari Ara\u015ftirmalar Merkezi","robots":{"index":"index","follow":"follow","max-snippet":"max-snippet:-1","max-image-preview":"max-image-preview:large","max-video-preview":"max-video-preview:-1"},"canonical":"https:\/\/akunq.net\/tr\/?p=64841","og_locale":"en_US","og_type":"article","og_title":"17. y\u00fczy\u0131lda ya\u015fayan Ermeni ressam\u0131n tablolar\u0131 150 y\u0131l sonra Windsor Kalesi'nde - Bati Ermenistan Ve Bati Ermenileri Sorunlari Ara\u015ftirmalar Merkezi","og_description":"\u0130ngiltere&#8217;deki Windsor Kalesi&#8217;ni ziyaret edenler art\u0131k 17. y\u00fczy\u0131lda ya\u015fayan Ermeni ressam Markos&#8217;un yak\u0131n zamanda restore edilmi\u015f iki tablosunu da g\u00f6rebilecekler. Armenpress\u2019in haberine g\u00f6re resimler 150 y\u0131l sonra Windsor Kalesi&#8217;nin kraliyet yemek odas\u0131nda yerle\u015ftirildi. Tablolar, kalede en son 1870&#8217;lerde olmu\u015flar. Markos bilinmeyen bir ressamd\u0131r ve onun resimlerinin \u0130ngiltere&#8217;de ne zaman ortaya \u00e7\u0131kt\u0131\u011f\u0131 belli de\u011fil. Tablolar ilk [&hellip;]","og_url":"https:\/\/akunq.net\/tr\/?p=64841","og_site_name":"Bati Ermenistan Ve Bati Ermenileri Sorunlari Ara\u015ftirmalar Merkezi","article_published_time":"2021-09-24T08:30:42+00:00","og_image":[{"width":800,"height":548,"url":"https:\/\/akunq.net\/tr\/wp-content\/uploads\/sites\/6\/2021\/09\/Ermeni-ressam-Markos.jpg","type":"image\/jpeg"}],"author":"admin","twitter_card":"summary_large_image","twitter_misc":{"Written by":"admin"},"schema":{"@context":"https:\/\/schema.org","@graph":[{"@type":"Article","@id":"https:\/\/akunq.net\/tr\/?p=64841#article","isPartOf":{"@id":"https:\/\/akunq.net\/tr\/?p=64841"},"author":{"name":"admin","@id":"https:\/\/akunq.net\/tr\/#\/schema\/person\/096f1d38a12cce57fb855b485ed24c9e"},"headline":"17. y\u00fczy\u0131lda ya\u015fayan Ermeni ressam\u0131n tablolar\u0131 150 y\u0131l sonra Windsor Kalesi&#8217;nde","datePublished":"2021-09-24T08:30:42+00:00","mainEntityOfPage":{"@id":"https:\/\/akunq.net\/tr\/?p=64841"},"wordCount":99,"commentCount":0,"image":{"@id":"https:\/\/akunq.net\/tr\/?p=64841#primaryimage"},"thumbnailUrl":"https:\/\/akunq.net\/tr\/wp-content\/uploads\/sites\/6\/2021\/09\/Ermeni-ressam-Markos.jpg","articleSection":["Haberler"],"inLanguage":"en-US","potentialAction":[{"@type":"CommentAction","name":"Comment","target":["https:\/\/akunq.net\/tr\/?p=64841#respond"]}]},{"@type":"WebPage","@id":"https:\/\/akunq.net\/tr\/?p=64841","url":"https:\/\/akunq.net\/tr\/?p=64841","name":"17. y\u00fczy\u0131lda ya\u015fayan Ermeni ressam\u0131n tablolar\u0131 150 y\u0131l sonra Windsor Kalesi'nde - Bati Ermenistan Ve Bati Ermenileri Sorunlari Ara\u015ftirmalar Merkezi","isPartOf":{"@id":"https:\/\/akunq.net\/tr\/#website"},"primaryImageOfPage":{"@id":"https:\/\/akunq.net\/tr\/?p=64841#primaryimage"},"image":{"@id":"https:\/\/akunq.net\/tr\/?p=64841#primaryimage"},"thumbnailUrl":"https:\/\/akunq.net\/tr\/wp-content\/uploads\/sites\/6\/2021\/09\/Ermeni-ressam-Markos.jpg","datePublished":"2021-09-24T08:30:42+00:00","author":{"@id":"https:\/\/akunq.net\/tr\/#\/schema\/person\/096f1d38a12cce57fb855b485ed24c9e"},"breadcrumb":{"@id":"https:\/\/akunq.net\/tr\/?p=64841#breadcrumb"},"inLanguage":"en-US","potentialAction":[{"@type":"ReadAction","target":["https:\/\/akunq.net\/tr\/?p=64841"]}]},{"@type":"ImageObject","inLanguage":"en-US","@id":"https:\/\/akunq.net\/tr\/?p=64841#primaryimage","url":"https:\/\/akunq.net\/tr\/wp-content\/uploads\/sites\/6\/2021\/09\/Ermeni-ressam-Markos.jpg","contentUrl":"https:\/\/akunq.net\/tr\/wp-content\/uploads\/sites\/6\/2021\/09\/Ermeni-ressam-Markos.jpg","width":800,"height":548},{"@type":"BreadcrumbList","@id":"https:\/\/akunq.net\/tr\/?p=64841#breadcrumb","itemListElement":[{"@type":"ListItem","position":1,"name":"Home","item":"https:\/\/akunq.net\/tr"},{"@type":"ListItem","position":2,"name":"17. y\u00fczy\u0131lda ya\u015fayan Ermeni ressam\u0131n tablolar\u0131 150 y\u0131l sonra Windsor Kalesi&#8217;nde"}]},{"@type":"WebSite","@id":"https:\/\/akunq.net\/tr\/#website","url":"https:\/\/akunq.net\/tr\/","name":"Bati Ermenistan Ve Bati Ermenileri Sorunlari Ara\u015ftirmalar Merkezi","description":"","potentialAction":[{"@type":"SearchAction","target":{"@type":"EntryPoint","urlTemplate":"https:\/\/akunq.net\/tr\/?s={search_term_string}"},"query-input":{"@type":"PropertyValueSpecification","valueRequired":true,"valueName":"search_term_string"}}],"inLanguage":"en-US"},{"@type":"Person","@id":"https:\/\/akunq.net\/tr\/#\/schema\/person\/096f1d38a12cce57fb855b485ed24c9e","name":"admin","url":"https:\/\/akunq.net\/tr\/?author=7"}]}},"_links":{"self":[{"href":"https:\/\/akunq.net\/tr\/index.php?rest_route=\/wp\/v2\/posts\/64841","targetHints":{"allow":["GET"]}}],"collection":[{"href":"https:\/\/akunq.net\/tr\/index.php?rest_route=\/wp\/v2\/posts"}],"about":[{"href":"https:\/\/akunq.net\/tr\/index.php?rest_route=\/wp\/v2\/types\/post"}],"author":[{"embeddable":true,"href":"https:\/\/akunq.net\/tr\/index.php?rest_route=\/wp\/v2\/users\/7"}],"replies":[{"embeddable":true,"href":"https:\/\/akunq.net\/tr\/index.php?rest_route=%2Fwp%2Fv2%2Fcomments&post=64841"}],"version-history":[{"count":1,"href":"https:\/\/akunq.net\/tr\/index.php?rest_route=\/wp\/v2\/posts\/64841\/revisions"}],"predecessor-version":[{"id":64843,"href":"https:\/\/akunq.net\/tr\/index.php?rest_route=\/wp\/v2\/posts\/64841\/revisions\/64843"}],"wp:featuredmedia":[{"embeddable":true,"href":"https:\/\/akunq.net\/tr\/index.php?rest_route=\/wp\/v2\/media\/64842"}],"wp:attachment":[{"href":"https:\/\/akunq.net\/tr\/index.php?rest_route=%2Fwp%2Fv2%2Fmedia&parent=64841"}],"wp:term":[{"taxonomy":"category","embeddable":true,"href":"https:\/\/akunq.net\/tr\/index.php?rest_route=%2Fwp%2Fv2%2Fcategories&post=64841"},{"taxonomy":"post_tag","embeddable":true,"href":"https:\/\/akunq.net\/tr\/index.php?rest_route=%2Fwp%2Fv2%2Ftags&post=64841"}],"curies":[{"name":"wp","href":"https:\/\/api.w.org\/{rel}","templated":true}]}}