{"id":64838,"date":"2021-09-24T03:18:37","date_gmt":"2021-09-24T08:18:37","guid":{"rendered":"https:\/\/akunq.net\/tr\/?p=64838"},"modified":"2021-09-24T03:18:37","modified_gmt":"2021-09-24T08:18:37","slug":"kilikya-ermeni-katolik-kilisesi-21-katolikos-patrigini-secti","status":"publish","type":"post","link":"https:\/\/akunq.net\/tr\/?p=64838","title":{"rendered":"Kilikya Ermeni Katolik Kilisesi, 21. Katolikos Patri\u011fini se\u00e7ti"},"content":{"rendered":"<p><img loading=\"lazy\" decoding=\"async\" class=\"aligncenter size-medium wp-image-64839\" src=\"https:\/\/akunq.net\/tr\/wp-content\/uploads\/2021\/09\/Rafayel-Minasyan-360x242.jpg\" alt=\"\" width=\"360\" height=\"242\" srcset=\"https:\/\/akunq.net\/tr\/wp-content\/uploads\/sites\/6\/2021\/09\/Rafayel-Minasyan-360x242.jpg 360w, https:\/\/akunq.net\/tr\/wp-content\/uploads\/sites\/6\/2021\/09\/Rafayel-Minasyan-560x376.jpg 560w, https:\/\/akunq.net\/tr\/wp-content\/uploads\/sites\/6\/2021\/09\/Rafayel-Minasyan-260x175.jpg 260w, https:\/\/akunq.net\/tr\/wp-content\/uploads\/sites\/6\/2021\/09\/Rafayel-Minasyan-160x107.jpg 160w, https:\/\/akunq.net\/tr\/wp-content\/uploads\/sites\/6\/2021\/09\/Rafayel-Minasyan.jpg 670w\" sizes=\"auto, (max-width: 360px) 100vw, 360px\" \/><\/p>\n<p><strong><em>Kilikya Ermeni Katolik Kilisesi\u2019nde yap\u0131lan se\u00e7imler sonucunda Ermeni Katolik Kilisesi\u2019nin 21. Katolikos Patri\u011fi olarak Ba\u015fpiskopos Rafayel Minasyan se\u00e7ildi.<\/em><\/strong><\/p>\n<p>Kutsal Makamdan yap\u0131lan a\u00e7\u0131klamaya g\u00f6re Ba\u015fpiskopos Minasyan, se\u00e7ildikten sona Rafayel Petros\u00a0 21. ad\u0131n\u0131 alld\u0131.<\/p>\n<p>2011 y\u0131l\u0131ndan bug\u00fcne kadar Ermenistan, G\u00fcrcistan, Rusya, Ukrayna ve Do\u011fu Avrupa Ermeni Katolik Kilisesinin ruhani lideri olan Rafayel Minasyan, ayn\u0131 zamanda \u201cErmeni Caritas\u201d hay\u0131rseverlik sivil toplum kurulu\u015funun ba\u015fkan\u0131yd\u0131.<\/p>\n<p>21. Katolikos\u00a0 Patri\u011finin se\u00e7ilmesi vesilesiyle 23 Eyl\u00fcl g\u00fcn\u00fc saat 15:00\u2019da Ermeni Katolik Kilisesi\u2019nde \u00e7anlar \u00e7ald\u0131.<\/p>\n<p><strong><em>https:\/\/www.ermenihaber.am\/tr\/news\/2021\/09\/23\/Kilikya-Ermeni-Katolik-Kilisesi-Katolikos-Patri%C4%9Fi\/215947\u00a0<\/em><\/strong><\/p>\n","protected":false},"excerpt":{"rendered":"<p>Kilikya Ermeni Katolik Kilisesi\u2019nde yap\u0131lan se\u00e7imler sonucunda Ermeni Katolik Kilisesi\u2019nin 21. Katolikos Patri\u011fi olarak Ba\u015fpiskopos Rafayel Minasyan se\u00e7ildi. Kutsal Makamdan yap\u0131lan a\u00e7\u0131klamaya g\u00f6re Ba\u015fpiskopos Minasyan, se\u00e7ildikten sona Rafayel Petros\u00a0 21. ad\u0131n\u0131 alld\u0131. 2011 y\u0131l\u0131ndan bug\u00fcne kadar Ermenistan, G\u00fcrcistan, Rusya, Ukrayna ve Do\u011fu Avrupa Ermeni Katolik Kilisesinin ruhani lideri olan Rafayel Minasyan, ayn\u0131 zamanda \u201cErmeni Caritas\u201d [&hellip;]<\/p>\n","protected":false},"author":7,"featured_media":64839,"comment_status":"open","ping_status":"open","sticky":false,"template":"","format":"standard","meta":{"footnotes":""},"categories":[1],"tags":[],"class_list":["post-64838","post","type-post","status-publish","format-standard","has-post-thumbnail","hentry","category-haberler"],"yoast_head":"<!-- This site is optimized with the Yoast SEO plugin v27.4 - https:\/\/yoast.com\/product\/yoast-seo-wordpress\/ -->\n<title>Kilikya Ermeni Katolik Kilisesi, 21. Katolikos Patri\u011fini se\u00e7ti - Bati Ermenistan Ve Bati Ermenileri Sorunlari Ara\u015ftirmalar Merkezi<\/title>\n<meta name=\"robots\" content=\"index, follow, max-snippet:-1, max-image-preview:large, max-video-preview:-1\" \/>\n<link rel=\"canonical\" href=\"https:\/\/akunq.net\/tr\/?p=64838\" \/>\n<meta property=\"og:locale\" content=\"en_US\" \/>\n<meta property=\"og:type\" content=\"article\" \/>\n<meta property=\"og:title\" content=\"Kilikya Ermeni Katolik Kilisesi, 21. Katolikos Patri\u011fini se\u00e7ti - Bati Ermenistan Ve Bati Ermenileri Sorunlari Ara\u015ftirmalar Merkezi\" \/>\n<meta property=\"og:description\" content=\"Kilikya Ermeni Katolik Kilisesi\u2019nde yap\u0131lan se\u00e7imler sonucunda Ermeni Katolik Kilisesi\u2019nin 21. Katolikos Patri\u011fi olarak Ba\u015fpiskopos Rafayel Minasyan se\u00e7ildi. Kutsal Makamdan yap\u0131lan a\u00e7\u0131klamaya g\u00f6re Ba\u015fpiskopos Minasyan, se\u00e7ildikten sona Rafayel Petros\u00a0 21. ad\u0131n\u0131 alld\u0131. 2011 y\u0131l\u0131ndan bug\u00fcne kadar Ermenistan, G\u00fcrcistan, Rusya, Ukrayna ve Do\u011fu Avrupa Ermeni Katolik Kilisesinin ruhani lideri olan Rafayel Minasyan, ayn\u0131 zamanda \u201cErmeni Caritas\u201d [&hellip;]\" \/>\n<meta property=\"og:url\" content=\"https:\/\/akunq.net\/tr\/?p=64838\" \/>\n<meta property=\"og:site_name\" content=\"Bati Ermenistan Ve Bati Ermenileri Sorunlari Ara\u015ftirmalar Merkezi\" \/>\n<meta property=\"article:published_time\" content=\"2021-09-24T08:18:37+00:00\" \/>\n<meta property=\"og:image\" content=\"https:\/\/akunq.net\/tr\/wp-content\/uploads\/sites\/6\/2021\/09\/Rafayel-Minasyan.jpg\" \/>\n\t<meta property=\"og:image:width\" content=\"670\" \/>\n\t<meta property=\"og:image:height\" content=\"450\" \/>\n\t<meta property=\"og:image:type\" content=\"image\/jpeg\" \/>\n<meta name=\"author\" content=\"admin\" \/>\n<meta name=\"twitter:card\" content=\"summary_large_image\" \/>\n<meta name=\"twitter:label1\" content=\"Written by\" \/>\n\t<meta name=\"twitter:data1\" content=\"admin\" \/>\n\t<meta name=\"twitter:label2\" content=\"Est. reading time\" \/>\n\t<meta name=\"twitter:data2\" content=\"1 minute\" \/>\n<script type=\"application\/ld+json\" class=\"yoast-schema-graph\">{\"@context\":\"https:\\\/\\\/schema.org\",\"@graph\":[{\"@type\":\"Article\",\"@id\":\"https:\\\/\\\/akunq.net\\\/tr\\\/?p=64838#article\",\"isPartOf\":{\"@id\":\"https:\\\/\\\/akunq.net\\\/tr\\\/?p=64838\"},\"author\":{\"name\":\"admin\",\"@id\":\"https:\\\/\\\/akunq.net\\\/tr\\\/#\\\/schema\\\/person\\\/096f1d38a12cce57fb855b485ed24c9e\"},\"headline\":\"Kilikya Ermeni Katolik Kilisesi, 21. Katolikos Patri\u011fini se\u00e7ti\",\"datePublished\":\"2021-09-24T08:18:37+00:00\",\"mainEntityOfPage\":{\"@id\":\"https:\\\/\\\/akunq.net\\\/tr\\\/?p=64838\"},\"wordCount\":115,\"commentCount\":0,\"image\":{\"@id\":\"https:\\\/\\\/akunq.net\\\/tr\\\/?p=64838#primaryimage\"},\"thumbnailUrl\":\"https:\\\/\\\/akunq.net\\\/tr\\\/wp-content\\\/uploads\\\/sites\\\/6\\\/2021\\\/09\\\/Rafayel-Minasyan.jpg\",\"articleSection\":[\"Haberler\"],\"inLanguage\":\"en-US\",\"potentialAction\":[{\"@type\":\"CommentAction\",\"name\":\"Comment\",\"target\":[\"https:\\\/\\\/akunq.net\\\/tr\\\/?p=64838#respond\"]}]},{\"@type\":\"WebPage\",\"@id\":\"https:\\\/\\\/akunq.net\\\/tr\\\/?p=64838\",\"url\":\"https:\\\/\\\/akunq.net\\\/tr\\\/?p=64838\",\"name\":\"Kilikya Ermeni Katolik Kilisesi, 21. Katolikos Patri\u011fini se\u00e7ti - Bati Ermenistan Ve Bati Ermenileri Sorunlari Ara\u015ftirmalar Merkezi\",\"isPartOf\":{\"@id\":\"https:\\\/\\\/akunq.net\\\/tr\\\/#website\"},\"primaryImageOfPage\":{\"@id\":\"https:\\\/\\\/akunq.net\\\/tr\\\/?p=64838#primaryimage\"},\"image\":{\"@id\":\"https:\\\/\\\/akunq.net\\\/tr\\\/?p=64838#primaryimage\"},\"thumbnailUrl\":\"https:\\\/\\\/akunq.net\\\/tr\\\/wp-content\\\/uploads\\\/sites\\\/6\\\/2021\\\/09\\\/Rafayel-Minasyan.jpg\",\"datePublished\":\"2021-09-24T08:18:37+00:00\",\"author\":{\"@id\":\"https:\\\/\\\/akunq.net\\\/tr\\\/#\\\/schema\\\/person\\\/096f1d38a12cce57fb855b485ed24c9e\"},\"breadcrumb\":{\"@id\":\"https:\\\/\\\/akunq.net\\\/tr\\\/?p=64838#breadcrumb\"},\"inLanguage\":\"en-US\",\"potentialAction\":[{\"@type\":\"ReadAction\",\"target\":[\"https:\\\/\\\/akunq.net\\\/tr\\\/?p=64838\"]}]},{\"@type\":\"ImageObject\",\"inLanguage\":\"en-US\",\"@id\":\"https:\\\/\\\/akunq.net\\\/tr\\\/?p=64838#primaryimage\",\"url\":\"https:\\\/\\\/akunq.net\\\/tr\\\/wp-content\\\/uploads\\\/sites\\\/6\\\/2021\\\/09\\\/Rafayel-Minasyan.jpg\",\"contentUrl\":\"https:\\\/\\\/akunq.net\\\/tr\\\/wp-content\\\/uploads\\\/sites\\\/6\\\/2021\\\/09\\\/Rafayel-Minasyan.jpg\",\"width\":670,\"height\":450},{\"@type\":\"BreadcrumbList\",\"@id\":\"https:\\\/\\\/akunq.net\\\/tr\\\/?p=64838#breadcrumb\",\"itemListElement\":[{\"@type\":\"ListItem\",\"position\":1,\"name\":\"Home\",\"item\":\"https:\\\/\\\/akunq.net\\\/tr\"},{\"@type\":\"ListItem\",\"position\":2,\"name\":\"Kilikya Ermeni Katolik Kilisesi, 21. Katolikos Patri\u011fini se\u00e7ti\"}]},{\"@type\":\"WebSite\",\"@id\":\"https:\\\/\\\/akunq.net\\\/tr\\\/#website\",\"url\":\"https:\\\/\\\/akunq.net\\\/tr\\\/\",\"name\":\"Bati Ermenistan Ve Bati Ermenileri Sorunlari Ara\u015ftirmalar Merkezi\",\"description\":\"\",\"potentialAction\":[{\"@type\":\"SearchAction\",\"target\":{\"@type\":\"EntryPoint\",\"urlTemplate\":\"https:\\\/\\\/akunq.net\\\/tr\\\/?s={search_term_string}\"},\"query-input\":{\"@type\":\"PropertyValueSpecification\",\"valueRequired\":true,\"valueName\":\"search_term_string\"}}],\"inLanguage\":\"en-US\"},{\"@type\":\"Person\",\"@id\":\"https:\\\/\\\/akunq.net\\\/tr\\\/#\\\/schema\\\/person\\\/096f1d38a12cce57fb855b485ed24c9e\",\"name\":\"admin\",\"url\":\"https:\\\/\\\/akunq.net\\\/tr\\\/?author=7\"}]}<\/script>\n<!-- \/ Yoast SEO plugin. -->","yoast_head_json":{"title":"Kilikya Ermeni Katolik Kilisesi, 21. Katolikos Patri\u011fini se\u00e7ti - Bati Ermenistan Ve Bati Ermenileri Sorunlari Ara\u015ftirmalar Merkezi","robots":{"index":"index","follow":"follow","max-snippet":"max-snippet:-1","max-image-preview":"max-image-preview:large","max-video-preview":"max-video-preview:-1"},"canonical":"https:\/\/akunq.net\/tr\/?p=64838","og_locale":"en_US","og_type":"article","og_title":"Kilikya Ermeni Katolik Kilisesi, 21. Katolikos Patri\u011fini se\u00e7ti - Bati Ermenistan Ve Bati Ermenileri Sorunlari Ara\u015ftirmalar Merkezi","og_description":"Kilikya Ermeni Katolik Kilisesi\u2019nde yap\u0131lan se\u00e7imler sonucunda Ermeni Katolik Kilisesi\u2019nin 21. Katolikos Patri\u011fi olarak Ba\u015fpiskopos Rafayel Minasyan se\u00e7ildi. Kutsal Makamdan yap\u0131lan a\u00e7\u0131klamaya g\u00f6re Ba\u015fpiskopos Minasyan, se\u00e7ildikten sona Rafayel Petros\u00a0 21. ad\u0131n\u0131 alld\u0131. 2011 y\u0131l\u0131ndan bug\u00fcne kadar Ermenistan, G\u00fcrcistan, Rusya, Ukrayna ve Do\u011fu Avrupa Ermeni Katolik Kilisesinin ruhani lideri olan Rafayel Minasyan, ayn\u0131 zamanda \u201cErmeni Caritas\u201d [&hellip;]","og_url":"https:\/\/akunq.net\/tr\/?p=64838","og_site_name":"Bati Ermenistan Ve Bati Ermenileri Sorunlari Ara\u015ftirmalar Merkezi","article_published_time":"2021-09-24T08:18:37+00:00","og_image":[{"width":670,"height":450,"url":"https:\/\/akunq.net\/tr\/wp-content\/uploads\/sites\/6\/2021\/09\/Rafayel-Minasyan.jpg","type":"image\/jpeg"}],"author":"admin","twitter_card":"summary_large_image","twitter_misc":{"Written by":"admin","Est. reading time":"1 minute"},"schema":{"@context":"https:\/\/schema.org","@graph":[{"@type":"Article","@id":"https:\/\/akunq.net\/tr\/?p=64838#article","isPartOf":{"@id":"https:\/\/akunq.net\/tr\/?p=64838"},"author":{"name":"admin","@id":"https:\/\/akunq.net\/tr\/#\/schema\/person\/096f1d38a12cce57fb855b485ed24c9e"},"headline":"Kilikya Ermeni Katolik Kilisesi, 21. Katolikos Patri\u011fini se\u00e7ti","datePublished":"2021-09-24T08:18:37+00:00","mainEntityOfPage":{"@id":"https:\/\/akunq.net\/tr\/?p=64838"},"wordCount":115,"commentCount":0,"image":{"@id":"https:\/\/akunq.net\/tr\/?p=64838#primaryimage"},"thumbnailUrl":"https:\/\/akunq.net\/tr\/wp-content\/uploads\/sites\/6\/2021\/09\/Rafayel-Minasyan.jpg","articleSection":["Haberler"],"inLanguage":"en-US","potentialAction":[{"@type":"CommentAction","name":"Comment","target":["https:\/\/akunq.net\/tr\/?p=64838#respond"]}]},{"@type":"WebPage","@id":"https:\/\/akunq.net\/tr\/?p=64838","url":"https:\/\/akunq.net\/tr\/?p=64838","name":"Kilikya Ermeni Katolik Kilisesi, 21. Katolikos Patri\u011fini se\u00e7ti - Bati Ermenistan Ve Bati Ermenileri Sorunlari Ara\u015ftirmalar Merkezi","isPartOf":{"@id":"https:\/\/akunq.net\/tr\/#website"},"primaryImageOfPage":{"@id":"https:\/\/akunq.net\/tr\/?p=64838#primaryimage"},"image":{"@id":"https:\/\/akunq.net\/tr\/?p=64838#primaryimage"},"thumbnailUrl":"https:\/\/akunq.net\/tr\/wp-content\/uploads\/sites\/6\/2021\/09\/Rafayel-Minasyan.jpg","datePublished":"2021-09-24T08:18:37+00:00","author":{"@id":"https:\/\/akunq.net\/tr\/#\/schema\/person\/096f1d38a12cce57fb855b485ed24c9e"},"breadcrumb":{"@id":"https:\/\/akunq.net\/tr\/?p=64838#breadcrumb"},"inLanguage":"en-US","potentialAction":[{"@type":"ReadAction","target":["https:\/\/akunq.net\/tr\/?p=64838"]}]},{"@type":"ImageObject","inLanguage":"en-US","@id":"https:\/\/akunq.net\/tr\/?p=64838#primaryimage","url":"https:\/\/akunq.net\/tr\/wp-content\/uploads\/sites\/6\/2021\/09\/Rafayel-Minasyan.jpg","contentUrl":"https:\/\/akunq.net\/tr\/wp-content\/uploads\/sites\/6\/2021\/09\/Rafayel-Minasyan.jpg","width":670,"height":450},{"@type":"BreadcrumbList","@id":"https:\/\/akunq.net\/tr\/?p=64838#breadcrumb","itemListElement":[{"@type":"ListItem","position":1,"name":"Home","item":"https:\/\/akunq.net\/tr"},{"@type":"ListItem","position":2,"name":"Kilikya Ermeni Katolik Kilisesi, 21. Katolikos Patri\u011fini se\u00e7ti"}]},{"@type":"WebSite","@id":"https:\/\/akunq.net\/tr\/#website","url":"https:\/\/akunq.net\/tr\/","name":"Bati Ermenistan Ve Bati Ermenileri Sorunlari Ara\u015ftirmalar Merkezi","description":"","potentialAction":[{"@type":"SearchAction","target":{"@type":"EntryPoint","urlTemplate":"https:\/\/akunq.net\/tr\/?s={search_term_string}"},"query-input":{"@type":"PropertyValueSpecification","valueRequired":true,"valueName":"search_term_string"}}],"inLanguage":"en-US"},{"@type":"Person","@id":"https:\/\/akunq.net\/tr\/#\/schema\/person\/096f1d38a12cce57fb855b485ed24c9e","name":"admin","url":"https:\/\/akunq.net\/tr\/?author=7"}]}},"_links":{"self":[{"href":"https:\/\/akunq.net\/tr\/index.php?rest_route=\/wp\/v2\/posts\/64838","targetHints":{"allow":["GET"]}}],"collection":[{"href":"https:\/\/akunq.net\/tr\/index.php?rest_route=\/wp\/v2\/posts"}],"about":[{"href":"https:\/\/akunq.net\/tr\/index.php?rest_route=\/wp\/v2\/types\/post"}],"author":[{"embeddable":true,"href":"https:\/\/akunq.net\/tr\/index.php?rest_route=\/wp\/v2\/users\/7"}],"replies":[{"embeddable":true,"href":"https:\/\/akunq.net\/tr\/index.php?rest_route=%2Fwp%2Fv2%2Fcomments&post=64838"}],"version-history":[{"count":1,"href":"https:\/\/akunq.net\/tr\/index.php?rest_route=\/wp\/v2\/posts\/64838\/revisions"}],"predecessor-version":[{"id":64840,"href":"https:\/\/akunq.net\/tr\/index.php?rest_route=\/wp\/v2\/posts\/64838\/revisions\/64840"}],"wp:featuredmedia":[{"embeddable":true,"href":"https:\/\/akunq.net\/tr\/index.php?rest_route=\/wp\/v2\/media\/64839"}],"wp:attachment":[{"href":"https:\/\/akunq.net\/tr\/index.php?rest_route=%2Fwp%2Fv2%2Fmedia&parent=64838"}],"wp:term":[{"taxonomy":"category","embeddable":true,"href":"https:\/\/akunq.net\/tr\/index.php?rest_route=%2Fwp%2Fv2%2Fcategories&post=64838"},{"taxonomy":"post_tag","embeddable":true,"href":"https:\/\/akunq.net\/tr\/index.php?rest_route=%2Fwp%2Fv2%2Ftags&post=64838"}],"curies":[{"name":"wp","href":"https:\/\/api.w.org\/{rel}","templated":true}]}}