{"id":64834,"date":"2021-09-23T04:59:39","date_gmt":"2021-09-23T09:59:39","guid":{"rendered":"https:\/\/akunq.net\/tr\/?p=64834"},"modified":"2021-09-23T04:59:39","modified_gmt":"2021-09-23T09:59:39","slug":"abd-kongresi-azerbaycandaki-ermeni-savas-esirlerinin-serbest-birakilmasini-talep-ediyor","status":"publish","type":"post","link":"https:\/\/akunq.net\/tr\/?p=64834","title":{"rendered":"ABD Kongresi, Azerbaycan&#8217;daki Ermeni sava\u015f esirlerinin serbest b\u0131rak\u0131lmas\u0131n\u0131 talep ediyor"},"content":{"rendered":"<div class=\"html-content\">\n<p><img loading=\"lazy\" decoding=\"async\" class=\"aligncenter size-medium wp-image-64835\" src=\"https:\/\/akunq.net\/tr\/wp-content\/uploads\/2021\/09\/ABD-Kongresi-360x210.jpg\" alt=\"\" width=\"360\" height=\"210\" srcset=\"https:\/\/akunq.net\/tr\/wp-content\/uploads\/sites\/6\/2021\/09\/ABD-Kongresi-360x210.jpg 360w, https:\/\/akunq.net\/tr\/wp-content\/uploads\/sites\/6\/2021\/09\/ABD-Kongresi-768x447.jpg 768w, https:\/\/akunq.net\/tr\/wp-content\/uploads\/sites\/6\/2021\/09\/ABD-Kongresi-560x326.jpg 560w, https:\/\/akunq.net\/tr\/wp-content\/uploads\/sites\/6\/2021\/09\/ABD-Kongresi-260x151.jpg 260w, https:\/\/akunq.net\/tr\/wp-content\/uploads\/sites\/6\/2021\/09\/ABD-Kongresi-160x93.jpg 160w, https:\/\/akunq.net\/tr\/wp-content\/uploads\/sites\/6\/2021\/09\/ABD-Kongresi.jpg 1030w\" sizes=\"auto, (max-width: 360px) 100vw, 360px\" \/><\/p>\n<p><strong><em>ABD Temsilciler Meclisi, Azerbaycan&#8217;daki t\u00fcm Ermeni sava\u015f esirlerinin serbest b\u0131rak\u0131lmas\u0131n\u0131 talep eden yasa tasar\u0131s\u0131n\u0131 onaylad\u0131.<\/em><\/strong><\/p>\n<p>Taslakta, ayr\u0131ca, beyaz fosfor gibi yasad\u0131\u015f\u0131 silahlar\u0131n kullan\u0131m\u0131 da dahil olmak \u00fczere Azerbaycan taraf\u0131ndan i\u015flenen sava\u015f su\u00e7lar\u0131 hakk\u0131nda bir rapor haz\u0131rlama \u00e7a\u011fr\u0131s\u0131 yap\u0131l\u0131yor.<\/p>\n<p>Yasa tasar\u0131s\u0131, 2020 Artsakh sava\u015f\u0131 s\u0131ras\u0131nda Ermeni n\u00fcfusunu hedef almak i\u00e7in kullan\u0131lan T\u00fcrk yap\u0131m\u0131 insans\u0131z hava ara\u00e7lar\u0131nda Amerikan teknolojisinin kullan\u0131m\u0131na ili\u015fkin bir soru\u015fturma ger\u00e7ekle\u015ftirme konusunda da talepte bulunuyor.<\/p>\n<p>\u00c7al\u0131\u015fman\u0131n sonu\u00e7lar\u0131 bir rapor halinde sunulmal\u0131, ve o raporun sonu\u00e7lar\u0131na ba\u011fl\u0131 olarak \u201cBayraktarlara\u201d kar\u015f\u0131 yapt\u0131r\u0131m uygulanabilir.<\/p>\n<\/div>\n<div class=\"current-author fl cb\"><strong><em><a class=\"a-none\" href=\"https:\/\/www.ermenihaber.am\/tr\/news\/2021\/09\/23\/ABD-Kongresi-Azerbaycan-Ermeni\/215868\">Ermenihaber.am<\/a><\/em><\/strong><\/div>\n","protected":false},"excerpt":{"rendered":"<p>ABD Temsilciler Meclisi, Azerbaycan&#8217;daki t\u00fcm Ermeni sava\u015f esirlerinin serbest b\u0131rak\u0131lmas\u0131n\u0131 talep eden yasa tasar\u0131s\u0131n\u0131 onaylad\u0131. Taslakta, ayr\u0131ca, beyaz fosfor gibi yasad\u0131\u015f\u0131 silahlar\u0131n kullan\u0131m\u0131 da dahil olmak \u00fczere Azerbaycan taraf\u0131ndan i\u015flenen sava\u015f su\u00e7lar\u0131 hakk\u0131nda bir rapor haz\u0131rlama \u00e7a\u011fr\u0131s\u0131 yap\u0131l\u0131yor. Yasa tasar\u0131s\u0131, 2020 Artsakh sava\u015f\u0131 s\u0131ras\u0131nda Ermeni n\u00fcfusunu hedef almak i\u00e7in kullan\u0131lan T\u00fcrk yap\u0131m\u0131 insans\u0131z hava ara\u00e7lar\u0131nda [&hellip;]<\/p>\n","protected":false},"author":7,"featured_media":64835,"comment_status":"open","ping_status":"open","sticky":false,"template":"","format":"standard","meta":{"footnotes":""},"categories":[1],"tags":[],"class_list":["post-64834","post","type-post","status-publish","format-standard","has-post-thumbnail","hentry","category-haberler"],"yoast_head":"<!-- This site is optimized with the Yoast SEO plugin v27.4 - https:\/\/yoast.com\/product\/yoast-seo-wordpress\/ -->\n<title>ABD Kongresi, Azerbaycan&#039;daki Ermeni sava\u015f esirlerinin serbest b\u0131rak\u0131lmas\u0131n\u0131 talep ediyor - Bati Ermenistan Ve Bati Ermenileri Sorunlari Ara\u015ftirmalar Merkezi<\/title>\n<meta name=\"robots\" content=\"index, follow, max-snippet:-1, max-image-preview:large, max-video-preview:-1\" \/>\n<link rel=\"canonical\" href=\"https:\/\/akunq.net\/tr\/?p=64834\" \/>\n<meta property=\"og:locale\" content=\"en_US\" \/>\n<meta property=\"og:type\" content=\"article\" \/>\n<meta property=\"og:title\" content=\"ABD Kongresi, Azerbaycan&#039;daki Ermeni sava\u015f esirlerinin serbest b\u0131rak\u0131lmas\u0131n\u0131 talep ediyor - Bati Ermenistan Ve Bati Ermenileri Sorunlari Ara\u015ftirmalar Merkezi\" \/>\n<meta property=\"og:description\" content=\"ABD Temsilciler Meclisi, Azerbaycan&#8217;daki t\u00fcm Ermeni sava\u015f esirlerinin serbest b\u0131rak\u0131lmas\u0131n\u0131 talep eden yasa tasar\u0131s\u0131n\u0131 onaylad\u0131. Taslakta, ayr\u0131ca, beyaz fosfor gibi yasad\u0131\u015f\u0131 silahlar\u0131n kullan\u0131m\u0131 da dahil olmak \u00fczere Azerbaycan taraf\u0131ndan i\u015flenen sava\u015f su\u00e7lar\u0131 hakk\u0131nda bir rapor haz\u0131rlama \u00e7a\u011fr\u0131s\u0131 yap\u0131l\u0131yor. Yasa tasar\u0131s\u0131, 2020 Artsakh sava\u015f\u0131 s\u0131ras\u0131nda Ermeni n\u00fcfusunu hedef almak i\u00e7in kullan\u0131lan T\u00fcrk yap\u0131m\u0131 insans\u0131z hava ara\u00e7lar\u0131nda [&hellip;]\" \/>\n<meta property=\"og:url\" content=\"https:\/\/akunq.net\/tr\/?p=64834\" \/>\n<meta property=\"og:site_name\" content=\"Bati Ermenistan Ve Bati Ermenileri Sorunlari Ara\u015ftirmalar Merkezi\" \/>\n<meta property=\"article:published_time\" content=\"2021-09-23T09:59:39+00:00\" \/>\n<meta property=\"og:image\" content=\"https:\/\/akunq.net\/tr\/wp-content\/uploads\/sites\/6\/2021\/09\/ABD-Kongresi.jpg\" \/>\n\t<meta property=\"og:image:width\" content=\"1030\" \/>\n\t<meta property=\"og:image:height\" content=\"600\" \/>\n\t<meta property=\"og:image:type\" content=\"image\/jpeg\" \/>\n<meta name=\"author\" content=\"admin\" \/>\n<meta name=\"twitter:card\" content=\"summary_large_image\" \/>\n<meta name=\"twitter:label1\" content=\"Written by\" \/>\n\t<meta name=\"twitter:data1\" content=\"admin\" \/>\n\t<meta name=\"twitter:label2\" content=\"Est. reading time\" \/>\n\t<meta name=\"twitter:data2\" content=\"1 minute\" \/>\n<script type=\"application\/ld+json\" class=\"yoast-schema-graph\">{\"@context\":\"https:\\\/\\\/schema.org\",\"@graph\":[{\"@type\":\"Article\",\"@id\":\"https:\\\/\\\/akunq.net\\\/tr\\\/?p=64834#article\",\"isPartOf\":{\"@id\":\"https:\\\/\\\/akunq.net\\\/tr\\\/?p=64834\"},\"author\":{\"name\":\"admin\",\"@id\":\"https:\\\/\\\/akunq.net\\\/tr\\\/#\\\/schema\\\/person\\\/096f1d38a12cce57fb855b485ed24c9e\"},\"headline\":\"ABD Kongresi, Azerbaycan&#8217;daki Ermeni sava\u015f esirlerinin serbest b\u0131rak\u0131lmas\u0131n\u0131 talep ediyor\",\"datePublished\":\"2021-09-23T09:59:39+00:00\",\"mainEntityOfPage\":{\"@id\":\"https:\\\/\\\/akunq.net\\\/tr\\\/?p=64834\"},\"wordCount\":139,\"commentCount\":0,\"image\":{\"@id\":\"https:\\\/\\\/akunq.net\\\/tr\\\/?p=64834#primaryimage\"},\"thumbnailUrl\":\"https:\\\/\\\/akunq.net\\\/tr\\\/wp-content\\\/uploads\\\/sites\\\/6\\\/2021\\\/09\\\/ABD-Kongresi.jpg\",\"articleSection\":[\"Haberler\"],\"inLanguage\":\"en-US\",\"potentialAction\":[{\"@type\":\"CommentAction\",\"name\":\"Comment\",\"target\":[\"https:\\\/\\\/akunq.net\\\/tr\\\/?p=64834#respond\"]}]},{\"@type\":\"WebPage\",\"@id\":\"https:\\\/\\\/akunq.net\\\/tr\\\/?p=64834\",\"url\":\"https:\\\/\\\/akunq.net\\\/tr\\\/?p=64834\",\"name\":\"ABD Kongresi, Azerbaycan'daki Ermeni sava\u015f esirlerinin serbest b\u0131rak\u0131lmas\u0131n\u0131 talep ediyor - Bati Ermenistan Ve Bati Ermenileri Sorunlari Ara\u015ftirmalar Merkezi\",\"isPartOf\":{\"@id\":\"https:\\\/\\\/akunq.net\\\/tr\\\/#website\"},\"primaryImageOfPage\":{\"@id\":\"https:\\\/\\\/akunq.net\\\/tr\\\/?p=64834#primaryimage\"},\"image\":{\"@id\":\"https:\\\/\\\/akunq.net\\\/tr\\\/?p=64834#primaryimage\"},\"thumbnailUrl\":\"https:\\\/\\\/akunq.net\\\/tr\\\/wp-content\\\/uploads\\\/sites\\\/6\\\/2021\\\/09\\\/ABD-Kongresi.jpg\",\"datePublished\":\"2021-09-23T09:59:39+00:00\",\"author\":{\"@id\":\"https:\\\/\\\/akunq.net\\\/tr\\\/#\\\/schema\\\/person\\\/096f1d38a12cce57fb855b485ed24c9e\"},\"breadcrumb\":{\"@id\":\"https:\\\/\\\/akunq.net\\\/tr\\\/?p=64834#breadcrumb\"},\"inLanguage\":\"en-US\",\"potentialAction\":[{\"@type\":\"ReadAction\",\"target\":[\"https:\\\/\\\/akunq.net\\\/tr\\\/?p=64834\"]}]},{\"@type\":\"ImageObject\",\"inLanguage\":\"en-US\",\"@id\":\"https:\\\/\\\/akunq.net\\\/tr\\\/?p=64834#primaryimage\",\"url\":\"https:\\\/\\\/akunq.net\\\/tr\\\/wp-content\\\/uploads\\\/sites\\\/6\\\/2021\\\/09\\\/ABD-Kongresi.jpg\",\"contentUrl\":\"https:\\\/\\\/akunq.net\\\/tr\\\/wp-content\\\/uploads\\\/sites\\\/6\\\/2021\\\/09\\\/ABD-Kongresi.jpg\",\"width\":1030,\"height\":600},{\"@type\":\"BreadcrumbList\",\"@id\":\"https:\\\/\\\/akunq.net\\\/tr\\\/?p=64834#breadcrumb\",\"itemListElement\":[{\"@type\":\"ListItem\",\"position\":1,\"name\":\"Home\",\"item\":\"https:\\\/\\\/akunq.net\\\/tr\"},{\"@type\":\"ListItem\",\"position\":2,\"name\":\"ABD Kongresi, Azerbaycan&#8217;daki Ermeni sava\u015f esirlerinin serbest b\u0131rak\u0131lmas\u0131n\u0131 talep ediyor\"}]},{\"@type\":\"WebSite\",\"@id\":\"https:\\\/\\\/akunq.net\\\/tr\\\/#website\",\"url\":\"https:\\\/\\\/akunq.net\\\/tr\\\/\",\"name\":\"Bati Ermenistan Ve Bati Ermenileri Sorunlari Ara\u015ftirmalar Merkezi\",\"description\":\"\",\"potentialAction\":[{\"@type\":\"SearchAction\",\"target\":{\"@type\":\"EntryPoint\",\"urlTemplate\":\"https:\\\/\\\/akunq.net\\\/tr\\\/?s={search_term_string}\"},\"query-input\":{\"@type\":\"PropertyValueSpecification\",\"valueRequired\":true,\"valueName\":\"search_term_string\"}}],\"inLanguage\":\"en-US\"},{\"@type\":\"Person\",\"@id\":\"https:\\\/\\\/akunq.net\\\/tr\\\/#\\\/schema\\\/person\\\/096f1d38a12cce57fb855b485ed24c9e\",\"name\":\"admin\",\"url\":\"https:\\\/\\\/akunq.net\\\/tr\\\/?author=7\"}]}<\/script>\n<!-- \/ Yoast SEO plugin. -->","yoast_head_json":{"title":"ABD Kongresi, Azerbaycan'daki Ermeni sava\u015f esirlerinin serbest b\u0131rak\u0131lmas\u0131n\u0131 talep ediyor - Bati Ermenistan Ve Bati Ermenileri Sorunlari Ara\u015ftirmalar Merkezi","robots":{"index":"index","follow":"follow","max-snippet":"max-snippet:-1","max-image-preview":"max-image-preview:large","max-video-preview":"max-video-preview:-1"},"canonical":"https:\/\/akunq.net\/tr\/?p=64834","og_locale":"en_US","og_type":"article","og_title":"ABD Kongresi, Azerbaycan'daki Ermeni sava\u015f esirlerinin serbest b\u0131rak\u0131lmas\u0131n\u0131 talep ediyor - Bati Ermenistan Ve Bati Ermenileri Sorunlari Ara\u015ftirmalar Merkezi","og_description":"ABD Temsilciler Meclisi, Azerbaycan&#8217;daki t\u00fcm Ermeni sava\u015f esirlerinin serbest b\u0131rak\u0131lmas\u0131n\u0131 talep eden yasa tasar\u0131s\u0131n\u0131 onaylad\u0131. Taslakta, ayr\u0131ca, beyaz fosfor gibi yasad\u0131\u015f\u0131 silahlar\u0131n kullan\u0131m\u0131 da dahil olmak \u00fczere Azerbaycan taraf\u0131ndan i\u015flenen sava\u015f su\u00e7lar\u0131 hakk\u0131nda bir rapor haz\u0131rlama \u00e7a\u011fr\u0131s\u0131 yap\u0131l\u0131yor. Yasa tasar\u0131s\u0131, 2020 Artsakh sava\u015f\u0131 s\u0131ras\u0131nda Ermeni n\u00fcfusunu hedef almak i\u00e7in kullan\u0131lan T\u00fcrk yap\u0131m\u0131 insans\u0131z hava ara\u00e7lar\u0131nda [&hellip;]","og_url":"https:\/\/akunq.net\/tr\/?p=64834","og_site_name":"Bati Ermenistan Ve Bati Ermenileri Sorunlari Ara\u015ftirmalar Merkezi","article_published_time":"2021-09-23T09:59:39+00:00","og_image":[{"width":1030,"height":600,"url":"https:\/\/akunq.net\/tr\/wp-content\/uploads\/sites\/6\/2021\/09\/ABD-Kongresi.jpg","type":"image\/jpeg"}],"author":"admin","twitter_card":"summary_large_image","twitter_misc":{"Written by":"admin","Est. reading time":"1 minute"},"schema":{"@context":"https:\/\/schema.org","@graph":[{"@type":"Article","@id":"https:\/\/akunq.net\/tr\/?p=64834#article","isPartOf":{"@id":"https:\/\/akunq.net\/tr\/?p=64834"},"author":{"name":"admin","@id":"https:\/\/akunq.net\/tr\/#\/schema\/person\/096f1d38a12cce57fb855b485ed24c9e"},"headline":"ABD Kongresi, Azerbaycan&#8217;daki Ermeni sava\u015f esirlerinin serbest b\u0131rak\u0131lmas\u0131n\u0131 talep ediyor","datePublished":"2021-09-23T09:59:39+00:00","mainEntityOfPage":{"@id":"https:\/\/akunq.net\/tr\/?p=64834"},"wordCount":139,"commentCount":0,"image":{"@id":"https:\/\/akunq.net\/tr\/?p=64834#primaryimage"},"thumbnailUrl":"https:\/\/akunq.net\/tr\/wp-content\/uploads\/sites\/6\/2021\/09\/ABD-Kongresi.jpg","articleSection":["Haberler"],"inLanguage":"en-US","potentialAction":[{"@type":"CommentAction","name":"Comment","target":["https:\/\/akunq.net\/tr\/?p=64834#respond"]}]},{"@type":"WebPage","@id":"https:\/\/akunq.net\/tr\/?p=64834","url":"https:\/\/akunq.net\/tr\/?p=64834","name":"ABD Kongresi, Azerbaycan'daki Ermeni sava\u015f esirlerinin serbest b\u0131rak\u0131lmas\u0131n\u0131 talep ediyor - Bati Ermenistan Ve Bati Ermenileri Sorunlari Ara\u015ftirmalar Merkezi","isPartOf":{"@id":"https:\/\/akunq.net\/tr\/#website"},"primaryImageOfPage":{"@id":"https:\/\/akunq.net\/tr\/?p=64834#primaryimage"},"image":{"@id":"https:\/\/akunq.net\/tr\/?p=64834#primaryimage"},"thumbnailUrl":"https:\/\/akunq.net\/tr\/wp-content\/uploads\/sites\/6\/2021\/09\/ABD-Kongresi.jpg","datePublished":"2021-09-23T09:59:39+00:00","author":{"@id":"https:\/\/akunq.net\/tr\/#\/schema\/person\/096f1d38a12cce57fb855b485ed24c9e"},"breadcrumb":{"@id":"https:\/\/akunq.net\/tr\/?p=64834#breadcrumb"},"inLanguage":"en-US","potentialAction":[{"@type":"ReadAction","target":["https:\/\/akunq.net\/tr\/?p=64834"]}]},{"@type":"ImageObject","inLanguage":"en-US","@id":"https:\/\/akunq.net\/tr\/?p=64834#primaryimage","url":"https:\/\/akunq.net\/tr\/wp-content\/uploads\/sites\/6\/2021\/09\/ABD-Kongresi.jpg","contentUrl":"https:\/\/akunq.net\/tr\/wp-content\/uploads\/sites\/6\/2021\/09\/ABD-Kongresi.jpg","width":1030,"height":600},{"@type":"BreadcrumbList","@id":"https:\/\/akunq.net\/tr\/?p=64834#breadcrumb","itemListElement":[{"@type":"ListItem","position":1,"name":"Home","item":"https:\/\/akunq.net\/tr"},{"@type":"ListItem","position":2,"name":"ABD Kongresi, Azerbaycan&#8217;daki Ermeni sava\u015f esirlerinin serbest b\u0131rak\u0131lmas\u0131n\u0131 talep ediyor"}]},{"@type":"WebSite","@id":"https:\/\/akunq.net\/tr\/#website","url":"https:\/\/akunq.net\/tr\/","name":"Bati Ermenistan Ve Bati Ermenileri Sorunlari Ara\u015ftirmalar Merkezi","description":"","potentialAction":[{"@type":"SearchAction","target":{"@type":"EntryPoint","urlTemplate":"https:\/\/akunq.net\/tr\/?s={search_term_string}"},"query-input":{"@type":"PropertyValueSpecification","valueRequired":true,"valueName":"search_term_string"}}],"inLanguage":"en-US"},{"@type":"Person","@id":"https:\/\/akunq.net\/tr\/#\/schema\/person\/096f1d38a12cce57fb855b485ed24c9e","name":"admin","url":"https:\/\/akunq.net\/tr\/?author=7"}]}},"_links":{"self":[{"href":"https:\/\/akunq.net\/tr\/index.php?rest_route=\/wp\/v2\/posts\/64834","targetHints":{"allow":["GET"]}}],"collection":[{"href":"https:\/\/akunq.net\/tr\/index.php?rest_route=\/wp\/v2\/posts"}],"about":[{"href":"https:\/\/akunq.net\/tr\/index.php?rest_route=\/wp\/v2\/types\/post"}],"author":[{"embeddable":true,"href":"https:\/\/akunq.net\/tr\/index.php?rest_route=\/wp\/v2\/users\/7"}],"replies":[{"embeddable":true,"href":"https:\/\/akunq.net\/tr\/index.php?rest_route=%2Fwp%2Fv2%2Fcomments&post=64834"}],"version-history":[{"count":1,"href":"https:\/\/akunq.net\/tr\/index.php?rest_route=\/wp\/v2\/posts\/64834\/revisions"}],"predecessor-version":[{"id":64836,"href":"https:\/\/akunq.net\/tr\/index.php?rest_route=\/wp\/v2\/posts\/64834\/revisions\/64836"}],"wp:featuredmedia":[{"embeddable":true,"href":"https:\/\/akunq.net\/tr\/index.php?rest_route=\/wp\/v2\/media\/64835"}],"wp:attachment":[{"href":"https:\/\/akunq.net\/tr\/index.php?rest_route=%2Fwp%2Fv2%2Fmedia&parent=64834"}],"wp:term":[{"taxonomy":"category","embeddable":true,"href":"https:\/\/akunq.net\/tr\/index.php?rest_route=%2Fwp%2Fv2%2Fcategories&post=64834"},{"taxonomy":"post_tag","embeddable":true,"href":"https:\/\/akunq.net\/tr\/index.php?rest_route=%2Fwp%2Fv2%2Ftags&post=64834"}],"curies":[{"name":"wp","href":"https:\/\/api.w.org\/{rel}","templated":true}]}}