{"id":64828,"date":"2021-09-23T03:18:53","date_gmt":"2021-09-23T08:18:53","guid":{"rendered":"https:\/\/akunq.net\/tr\/?p=64828"},"modified":"2021-09-23T03:18:53","modified_gmt":"2021-09-23T08:18:53","slug":"ermenistan-bagimsizligin-30-yilini-kutluyor","status":"publish","type":"post","link":"https:\/\/akunq.net\/tr\/?p=64828","title":{"rendered":"Ermenistan ba\u011f\u0131ms\u0131zl\u0131\u011f\u0131n 30. y\u0131l\u0131n\u0131 kutluyor"},"content":{"rendered":"<p><img loading=\"lazy\" decoding=\"async\" class=\"aligncenter size-medium wp-image-64829\" src=\"https:\/\/akunq.net\/tr\/wp-content\/uploads\/2021\/09\/Ermenistan-Ba\u011f\u0131ms\u0131zl\u0131k-Bildirgesi-360x203.jpg\" alt=\"\" width=\"360\" height=\"203\" srcset=\"https:\/\/akunq.net\/tr\/wp-content\/uploads\/sites\/6\/2021\/09\/Ermenistan-Ba\u011f\u0131ms\u0131zl\u0131k-Bildirgesi-360x203.jpg 360w, https:\/\/akunq.net\/tr\/wp-content\/uploads\/sites\/6\/2021\/09\/Ermenistan-Ba\u011f\u0131ms\u0131zl\u0131k-Bildirgesi-768x432.jpg 768w, https:\/\/akunq.net\/tr\/wp-content\/uploads\/sites\/6\/2021\/09\/Ermenistan-Ba\u011f\u0131ms\u0131zl\u0131k-Bildirgesi-560x315.jpg 560w, https:\/\/akunq.net\/tr\/wp-content\/uploads\/sites\/6\/2021\/09\/Ermenistan-Ba\u011f\u0131ms\u0131zl\u0131k-Bildirgesi-260x146.jpg 260w, https:\/\/akunq.net\/tr\/wp-content\/uploads\/sites\/6\/2021\/09\/Ermenistan-Ba\u011f\u0131ms\u0131zl\u0131k-Bildirgesi-160x90.jpg 160w, https:\/\/akunq.net\/tr\/wp-content\/uploads\/sites\/6\/2021\/09\/Ermenistan-Ba\u011f\u0131ms\u0131zl\u0131k-Bildirgesi.jpg 1200w\" sizes=\"auto, (max-width: 360px) 100vw, 360px\" \/><\/p>\n<p><strong><em>Ermenistan Cumhuriyeti bug\u00fcn, ba\u011f\u0131ms\u0131z olu\u015funun 30. y\u0131l\u0131n\u0131 kutluyor. ABD Ba\u015fkan\u0131 Biden, Fransa Cumhurba\u015fkan\u0131 Macron ve Rusya Devlet ba\u015fkan\u0131 Putin Ermenistan\u2019a dayan\u0131\u015fma ve dostluk mesajlar\u0131 g\u00f6nderdiler.<\/em><\/strong><br \/>\nErmenistan Ba\u011f\u0131ms\u0131zl\u0131k Bildirgesi 23 A\u011fustos 1990\u2019da Ermenistan Y\u00fcksek Konseyi\u2019nin ilk oturumunda kabul edilmi\u015fti.<\/p>\n<p>Bu belge, Ermenistan Sovyet Sosyalist Cumhuriyeti\u2019ni feshederek, Ermenistan ba\u011f\u0131ms\u0131z Cumhuriyeti\u2019ni ilan etti.<\/p>\n<p>Ermenistan Y\u00fcksek Konseyi\u2019nin 21 Eyl\u00fcl 1991 tarihli karar\u0131 ile de SSCB\u2019den ayr\u0131lma ve ba\u011f\u0131ms\u0131z bir devlet kurma konusunda referandum yap\u0131ld\u0131.<\/p>\n<p>\u00dclkedeki se\u00e7me hakk\u0131na sahip ki\u015filerin %94,99\u2019u, bu soruya olumlu yan\u0131t verdi.<\/p>\n<p>\u0130ki g\u00fcn sonra, \u00fclkenin Y\u00fcksek Konsey, Ermenistan\u2019\u0131 ba\u011f\u0131ms\u0131z bir devlet ilan etti.<\/p>\n<p><strong>Biden\u2019dan mesaj<\/strong><\/p>\n<p>Ba\u011f\u0131ms\u0131zl\u0131k G\u00fcn\u00fc nedeniyle bir\u00e7ok \u00fclkeden Ermenistan7a kutlama mesajlar\u0131 geliyor. ABD Ba\u015fkan\u0131 Biden uzun mesaj\u0131nda \u015fu ifadelere yer verdi:<\/p>\n<p>\u201cAmerikan halk\u0131 ad\u0131na size ve Ermeni halk\u0131na g\u00fcvenli ve mutlu bir Ba\u011f\u0131ms\u0131zl\u0131k G\u00fcn\u00fc temenni ediyorum.<\/p>\n<p>\u0130ki ulusumuz, katk\u0131lar\u0131yla ikili ba\u011flar\u0131m\u0131z\u0131 zenginle\u015ftiren ve g\u00fc\u00e7lendiren 1,5 milyon Ermeni-Amerikal\u0131 da dahil olmak \u00fczere tarih, aile ve dostluk ba\u011flar\u0131 ile birbirine ba\u011fl\u0131d\u0131r. Bu y\u0131l \u00fclkelerimiz aras\u0131ndaki ikili ili\u015fkilerin 30. y\u0131l\u0131n\u0131 idrak ediyoruz. Demokratik kurumlar\u0131n\u0131z\u0131 g\u00fc\u00e7lendirme, insan haklar\u0131n\u0131 ilerletme, yolsuzlukla m\u00fccadele ve hukukun \u00fcst\u00fcnl\u00fc\u011f\u00fcn\u00fc koruma \u00e7abalar\u0131n\u0131z\u0131 desteklemek de dahil olmak \u00fczere, \u00f6n\u00fcm\u00fczdeki y\u0131llarda Ermeni halk\u0131n\u0131 demokratik yolculu\u011funuzda desteklemeye devam etmeyi sab\u0131rs\u0131zl\u0131kla bekliyoruz.<\/p>\n<p>Ermeni halk\u0131, Da\u011fl\u0131k Karaba\u011f ihtilaf\u0131ndaki \u00e7at\u0131\u015fmalarda trajik can kay\u0131plar\u0131 da dahil olmak \u00fczere ge\u00e7ti\u011fimiz y\u0131l zorluklarla kar\u015f\u0131 kar\u015f\u0131ya kald\u0131. Ermenistan halk\u0131yla yas tutarken, b\u00f6lgesel istikrar\u0131 ve ihtilaf\u0131n \u00e7\u00f6z\u00fcm\u00fcn\u00fc desteklemek i\u00e7in AG\u0130T Minsk Grubu ve di\u011fer b\u00f6lgesel formatlar da dahil olmak \u00fczere h\u00fck\u00fcmetinizle birlikte \u00e7al\u0131\u015faca\u011f\u0131z. ABD, Azerbaycan\u2019da tutulan t\u00fcm Ermeni tutuklular\u0131n serbest b\u0131rak\u0131lmas\u0131n\u0131 savunmaya devam edecek.<\/p>\n<p>Son olarak, COVID-19 ile m\u00fccadelede s\u00fcregiden i\u015fbirli\u011fimize ba\u011fl\u0131y\u0131z. ABD, COVID-19 ile m\u00fccadelede Ermenistan\u2019a 14,2 milyon dolar\u0131n \u00fczerinde katk\u0131da bulundu ve pandeminin ard\u0131ndan kapsay\u0131c\u0131 k\u00fcresel ekonomik toparlanmay\u0131 ilerletmek i\u00e7in birlikte \u00e7al\u0131\u015fmaya devam edece\u011fiz.\u201d<\/p>\n<p><strong>Macron\u2019dan mesaj<\/strong><\/p>\n<p>Fransa Cumhurba\u015fkan\u0131 Macron da mesaj\u0131nda destek ve dayan\u0131\u015fma ifadelerine yer verdi.<\/p>\n<p>Macron, \u201cErmeni halk\u0131n\u0131n tam 30 y\u0131l \u00f6nce ba\u011f\u0131ms\u0131zl\u0131\u011f\u0131n\u0131 kazanmas\u0131ndan bu yana modern, demokratik bir devlet in\u015fa etmek i\u00e7in ald\u0131\u011f\u0131 \u00f6nemli yolu takdir ediyorum. B\u00f6ylece \u00fclkeniz bir dizi imtihan\u0131 a\u015farak kurumlar\u0131n faaliyetlerini g\u00fc\u00e7lendirmeyi ba\u015fard\u0131\u201d dedi.<\/p>\n<p>Macron, \u201cFransa ve Ermenistan, k\u00f6kleri tarihe derinden dayanan ayr\u0131cal\u0131kl\u0131 bir ili\u015fkiyle ba\u011flant\u0131l\u0131d\u0131r. Bu yak\u0131n ve g\u00fcvene dayal\u0131 dostluk ili\u015fkileri bug\u00fcn de her alanda devam etmektedir. \u0130kili ili\u015fkilerimizin zenginli\u011fi olan bu ba\u011f\u0131n k\u00fclt\u00fcr, e\u011fitim, sa\u011fl\u0131k, ekonomi gibi \u00e7e\u015fitli i\u015fbirliklerinde derinle\u015fmesini temenni ediyorum\u201d diye devam etti.<\/p>\n<p>\u201cFransa b\u00f6lgeye bar\u0131\u015f getirmede bir rol oynamak istiyor ve bu ruhla, Da\u011fl\u0131k Karaba\u011f\u2019daki kanl\u0131 sava\u015ftan bir y\u0131l sonra kar\u015f\u0131la\u015ft\u0131\u011f\u0131 zorluklar\u0131n \u00fcstesinden gelmesine yard\u0131mc\u0131 olmak i\u00e7in Ermenistan\u2019\u0131n yan\u0131nda duruyor. Bu ba\u011flamda Fransa, G\u00fcney Kafkasya\u2019n\u0131n benzersizli\u011fini ve zenginli\u011fini yans\u0131tan b\u00f6lgenin zengin k\u00fclt\u00fcrel miras\u0131n\u0131 korumaya \u00f6zellikle kararl\u0131 olacakt\u0131r\u201d ifadelerini kullanan Macron, \u201cAG\u0130T Minsk Grubu E\u015fba\u015fkanl\u0131\u011f\u0131 \u00e7er\u00e7evesinde \u00e7at\u0131\u015fmaya kal\u0131c\u0131 bir \u00e7\u00f6z\u00fcm bulmak, G\u00fcney Kafkasya\u2019daki durumu b\u00f6lgesel kalk\u0131nma ve refah lehine istikrara kavu\u015fturmak i\u00e7in hi\u00e7bir \u00e7abadan ka\u00e7\u0131nmayaca\u011f\u0131z\u201d dedi.<\/p>\n<p><strong>Putin\u2019in mesaj\u0131<\/strong><\/p>\n<p>Rusya Devlet Ba\u015fkan\u0131 Putin de ba\u011f\u0131ms\u0131zl\u0131\u011f\u0131n y\u0131ld\u00f6n\u00fcm\u00fc vesilesiyle Cumhurba\u015fkan\u0131 Armen Sarkisyan ve Ba\u015fbakan Pa\u015finyan\u2019a kutlama mesaj\u0131 g\u00f6nderdi.<\/p>\n<p>Putin, Rusya ve Ermenistan\u2019\u0131n bir\u00e7ok \u00f6rg\u00fctte yap\u0131c\u0131 ortakl\u0131k i\u00e7inde olduklar\u0131n\u0131 kaydetti ve \u201cErmenistan ile ili\u015fkiler, iyi dostluk, k\u00fclt\u00fcrel ve manevi yak\u0131nl\u0131k geleneklerine dayanmaktad\u0131r. Bu ili\u015fkilerin m\u00fcttefik bir ruhla daha da geli\u015ftirilmesi, \u015f\u00fcphesiz karde\u015f milletlerimizin temel \u00e7\u0131karlar\u0131yla uyumludur\u201d dedi.<\/p>\n<p><strong>Xi Jinping\u2019in mesaj\u0131<\/strong><\/p>\n<p>\u00c7in Halk Cumhuriyeti Devlet Ba\u015fkan\u0131 Xi Jinping de Sarkisyan\u2019a bir tebrik mesaj\u0131 g\u00f6nderdi.<\/p>\n<p>Jinping \u201c\u00c7in H\u00fck\u00fcmeti, halk\u0131 ve kendim ad\u0131na, ba\u011f\u0131ms\u0131zl\u0131\u011f\u0131n 30. y\u0131l d\u00f6n\u00fcm\u00fc vesilesiyle siz dost Ermenistan halk\u0131na en i\u00e7ten tebriklerimi ve en iyi dileklerimi sunuyorum\u201d dedi ve \u015f\u00f6yle devam etti:<\/p>\n<p>\u201c\u015eu anda, \u00c7in ile Ermenistan aras\u0131ndaki ikili ili\u015fkilerin geli\u015fiminin dinamikleri s\u00fcrmektedir. \u00c7in ve Ermenistan, kar\u015f\u0131l\u0131kl\u0131 \u00e7\u0131karlar\u0131 ilgilendiren kilit konularda birbirlerini destekliyorlar, \u201cBir Ku\u015fak, Bir Yol\u201d giri\u015fiminin ortak in\u015fas\u0131 \u00e7er\u00e7evesindeki i\u015fbirli\u011fi, istikrarl\u0131 bir \u015fekilde geli\u015fiyor, koronavir\u00fcs salg\u0131n\u0131na kar\u015f\u0131 ortak m\u00fccadelede \u00f6nemli ba\u015far\u0131lar kaydediliyor.<\/p>\n<p>Ermeni-\u00c7in ili\u015fkilerini takdir ediyorum, siyasi kar\u015f\u0131l\u0131kl\u0131 g\u00fcveni derinle\u015ftirmek, geleneksel dostluk ili\u015fkilerini g\u00fc\u00e7lendirmek, iki \u00fclke ve halklar yarar\u0131na farkl\u0131 alanlarda kar\u015f\u0131l\u0131kl\u0131 yarar sa\u011flayan i\u015fbirli\u011fini geli\u015ftirmek i\u00e7in sizinle \u00e7aba g\u00f6stermeye haz\u0131r\u0131m.<\/p>\n<p>Size sa\u011fl\u0131k ve en iyi dileklerimle, Ermeni halk\u0131na bar\u0131\u015f ve refah diliyorum.\u201d<\/p>\n<p><strong><em>http:\/\/www.agos.com.tr\/tr\/yazi\/26188\/ermenistan-bagimsizligin-30-yilini-kutluyor\u00a0<\/em><\/strong><\/p>\n","protected":false},"excerpt":{"rendered":"<p>Ermenistan Cumhuriyeti bug\u00fcn, ba\u011f\u0131ms\u0131z olu\u015funun 30. y\u0131l\u0131n\u0131 kutluyor. ABD Ba\u015fkan\u0131 Biden, Fransa Cumhurba\u015fkan\u0131 Macron ve Rusya Devlet ba\u015fkan\u0131 Putin Ermenistan\u2019a dayan\u0131\u015fma ve dostluk mesajlar\u0131 g\u00f6nderdiler. Ermenistan Ba\u011f\u0131ms\u0131zl\u0131k Bildirgesi 23 A\u011fustos 1990\u2019da Ermenistan Y\u00fcksek Konseyi\u2019nin ilk oturumunda kabul edilmi\u015fti. Bu belge, Ermenistan Sovyet Sosyalist Cumhuriyeti\u2019ni feshederek, Ermenistan ba\u011f\u0131ms\u0131z Cumhuriyeti\u2019ni ilan etti. Ermenistan Y\u00fcksek Konseyi\u2019nin 21 Eyl\u00fcl [&hellip;]<\/p>\n","protected":false},"author":7,"featured_media":64829,"comment_status":"open","ping_status":"open","sticky":false,"template":"","format":"standard","meta":{"footnotes":""},"categories":[1],"tags":[],"class_list":["post-64828","post","type-post","status-publish","format-standard","has-post-thumbnail","hentry","category-haberler"],"yoast_head":"<!-- This site is optimized with the Yoast SEO plugin v27.4 - https:\/\/yoast.com\/product\/yoast-seo-wordpress\/ -->\n<title>Ermenistan ba\u011f\u0131ms\u0131zl\u0131\u011f\u0131n 30. y\u0131l\u0131n\u0131 kutluyor - Bati Ermenistan Ve Bati Ermenileri Sorunlari Ara\u015ftirmalar Merkezi<\/title>\n<meta name=\"robots\" content=\"index, follow, max-snippet:-1, max-image-preview:large, max-video-preview:-1\" \/>\n<link rel=\"canonical\" href=\"https:\/\/akunq.net\/tr\/?p=64828\" \/>\n<meta property=\"og:locale\" content=\"en_US\" \/>\n<meta property=\"og:type\" content=\"article\" \/>\n<meta property=\"og:title\" content=\"Ermenistan ba\u011f\u0131ms\u0131zl\u0131\u011f\u0131n 30. y\u0131l\u0131n\u0131 kutluyor - Bati Ermenistan Ve Bati Ermenileri Sorunlari Ara\u015ftirmalar Merkezi\" \/>\n<meta property=\"og:description\" content=\"Ermenistan Cumhuriyeti bug\u00fcn, ba\u011f\u0131ms\u0131z olu\u015funun 30. y\u0131l\u0131n\u0131 kutluyor. ABD Ba\u015fkan\u0131 Biden, Fransa Cumhurba\u015fkan\u0131 Macron ve Rusya Devlet ba\u015fkan\u0131 Putin Ermenistan\u2019a dayan\u0131\u015fma ve dostluk mesajlar\u0131 g\u00f6nderdiler. Ermenistan Ba\u011f\u0131ms\u0131zl\u0131k Bildirgesi 23 A\u011fustos 1990\u2019da Ermenistan Y\u00fcksek Konseyi\u2019nin ilk oturumunda kabul edilmi\u015fti. Bu belge, Ermenistan Sovyet Sosyalist Cumhuriyeti\u2019ni feshederek, Ermenistan ba\u011f\u0131ms\u0131z Cumhuriyeti\u2019ni ilan etti. Ermenistan Y\u00fcksek Konseyi\u2019nin 21 Eyl\u00fcl [&hellip;]\" \/>\n<meta property=\"og:url\" content=\"https:\/\/akunq.net\/tr\/?p=64828\" \/>\n<meta property=\"og:site_name\" content=\"Bati Ermenistan Ve Bati Ermenileri Sorunlari Ara\u015ftirmalar Merkezi\" \/>\n<meta property=\"article:published_time\" content=\"2021-09-23T08:18:53+00:00\" \/>\n<meta property=\"og:image\" content=\"https:\/\/akunq.net\/tr\/wp-content\/uploads\/sites\/6\/2021\/09\/Ermenistan-Ba\u011f\u0131ms\u0131zl\u0131k-Bildirgesi.jpg\" \/>\n\t<meta property=\"og:image:width\" content=\"1200\" \/>\n\t<meta property=\"og:image:height\" content=\"675\" \/>\n\t<meta property=\"og:image:type\" content=\"image\/jpeg\" \/>\n<meta name=\"author\" content=\"admin\" \/>\n<meta name=\"twitter:card\" content=\"summary_large_image\" \/>\n<meta name=\"twitter:label1\" content=\"Written by\" \/>\n\t<meta name=\"twitter:data1\" content=\"admin\" \/>\n\t<meta name=\"twitter:label2\" content=\"Est. reading time\" \/>\n\t<meta name=\"twitter:data2\" content=\"5 minutes\" \/>\n<script type=\"application\/ld+json\" class=\"yoast-schema-graph\">{\"@context\":\"https:\\\/\\\/schema.org\",\"@graph\":[{\"@type\":\"Article\",\"@id\":\"https:\\\/\\\/akunq.net\\\/tr\\\/?p=64828#article\",\"isPartOf\":{\"@id\":\"https:\\\/\\\/akunq.net\\\/tr\\\/?p=64828\"},\"author\":{\"name\":\"admin\",\"@id\":\"https:\\\/\\\/akunq.net\\\/tr\\\/#\\\/schema\\\/person\\\/096f1d38a12cce57fb855b485ed24c9e\"},\"headline\":\"Ermenistan ba\u011f\u0131ms\u0131zl\u0131\u011f\u0131n 30. y\u0131l\u0131n\u0131 kutluyor\",\"datePublished\":\"2021-09-23T08:18:53+00:00\",\"mainEntityOfPage\":{\"@id\":\"https:\\\/\\\/akunq.net\\\/tr\\\/?p=64828\"},\"wordCount\":936,\"commentCount\":0,\"image\":{\"@id\":\"https:\\\/\\\/akunq.net\\\/tr\\\/?p=64828#primaryimage\"},\"thumbnailUrl\":\"https:\\\/\\\/akunq.net\\\/tr\\\/wp-content\\\/uploads\\\/sites\\\/6\\\/2021\\\/09\\\/Ermenistan-Ba\u011f\u0131ms\u0131zl\u0131k-Bildirgesi.jpg\",\"articleSection\":[\"Haberler\"],\"inLanguage\":\"en-US\",\"potentialAction\":[{\"@type\":\"CommentAction\",\"name\":\"Comment\",\"target\":[\"https:\\\/\\\/akunq.net\\\/tr\\\/?p=64828#respond\"]}]},{\"@type\":\"WebPage\",\"@id\":\"https:\\\/\\\/akunq.net\\\/tr\\\/?p=64828\",\"url\":\"https:\\\/\\\/akunq.net\\\/tr\\\/?p=64828\",\"name\":\"Ermenistan ba\u011f\u0131ms\u0131zl\u0131\u011f\u0131n 30. y\u0131l\u0131n\u0131 kutluyor - Bati Ermenistan Ve Bati Ermenileri Sorunlari Ara\u015ftirmalar Merkezi\",\"isPartOf\":{\"@id\":\"https:\\\/\\\/akunq.net\\\/tr\\\/#website\"},\"primaryImageOfPage\":{\"@id\":\"https:\\\/\\\/akunq.net\\\/tr\\\/?p=64828#primaryimage\"},\"image\":{\"@id\":\"https:\\\/\\\/akunq.net\\\/tr\\\/?p=64828#primaryimage\"},\"thumbnailUrl\":\"https:\\\/\\\/akunq.net\\\/tr\\\/wp-content\\\/uploads\\\/sites\\\/6\\\/2021\\\/09\\\/Ermenistan-Ba\u011f\u0131ms\u0131zl\u0131k-Bildirgesi.jpg\",\"datePublished\":\"2021-09-23T08:18:53+00:00\",\"author\":{\"@id\":\"https:\\\/\\\/akunq.net\\\/tr\\\/#\\\/schema\\\/person\\\/096f1d38a12cce57fb855b485ed24c9e\"},\"breadcrumb\":{\"@id\":\"https:\\\/\\\/akunq.net\\\/tr\\\/?p=64828#breadcrumb\"},\"inLanguage\":\"en-US\",\"potentialAction\":[{\"@type\":\"ReadAction\",\"target\":[\"https:\\\/\\\/akunq.net\\\/tr\\\/?p=64828\"]}]},{\"@type\":\"ImageObject\",\"inLanguage\":\"en-US\",\"@id\":\"https:\\\/\\\/akunq.net\\\/tr\\\/?p=64828#primaryimage\",\"url\":\"https:\\\/\\\/akunq.net\\\/tr\\\/wp-content\\\/uploads\\\/sites\\\/6\\\/2021\\\/09\\\/Ermenistan-Ba\u011f\u0131ms\u0131zl\u0131k-Bildirgesi.jpg\",\"contentUrl\":\"https:\\\/\\\/akunq.net\\\/tr\\\/wp-content\\\/uploads\\\/sites\\\/6\\\/2021\\\/09\\\/Ermenistan-Ba\u011f\u0131ms\u0131zl\u0131k-Bildirgesi.jpg\",\"width\":1200,\"height\":675},{\"@type\":\"BreadcrumbList\",\"@id\":\"https:\\\/\\\/akunq.net\\\/tr\\\/?p=64828#breadcrumb\",\"itemListElement\":[{\"@type\":\"ListItem\",\"position\":1,\"name\":\"Home\",\"item\":\"https:\\\/\\\/akunq.net\\\/tr\"},{\"@type\":\"ListItem\",\"position\":2,\"name\":\"Ermenistan ba\u011f\u0131ms\u0131zl\u0131\u011f\u0131n 30. y\u0131l\u0131n\u0131 kutluyor\"}]},{\"@type\":\"WebSite\",\"@id\":\"https:\\\/\\\/akunq.net\\\/tr\\\/#website\",\"url\":\"https:\\\/\\\/akunq.net\\\/tr\\\/\",\"name\":\"Bati Ermenistan Ve Bati Ermenileri Sorunlari Ara\u015ftirmalar Merkezi\",\"description\":\"\",\"potentialAction\":[{\"@type\":\"SearchAction\",\"target\":{\"@type\":\"EntryPoint\",\"urlTemplate\":\"https:\\\/\\\/akunq.net\\\/tr\\\/?s={search_term_string}\"},\"query-input\":{\"@type\":\"PropertyValueSpecification\",\"valueRequired\":true,\"valueName\":\"search_term_string\"}}],\"inLanguage\":\"en-US\"},{\"@type\":\"Person\",\"@id\":\"https:\\\/\\\/akunq.net\\\/tr\\\/#\\\/schema\\\/person\\\/096f1d38a12cce57fb855b485ed24c9e\",\"name\":\"admin\",\"url\":\"https:\\\/\\\/akunq.net\\\/tr\\\/?author=7\"}]}<\/script>\n<!-- \/ Yoast SEO plugin. -->","yoast_head_json":{"title":"Ermenistan ba\u011f\u0131ms\u0131zl\u0131\u011f\u0131n 30. y\u0131l\u0131n\u0131 kutluyor - Bati Ermenistan Ve Bati Ermenileri Sorunlari Ara\u015ftirmalar Merkezi","robots":{"index":"index","follow":"follow","max-snippet":"max-snippet:-1","max-image-preview":"max-image-preview:large","max-video-preview":"max-video-preview:-1"},"canonical":"https:\/\/akunq.net\/tr\/?p=64828","og_locale":"en_US","og_type":"article","og_title":"Ermenistan ba\u011f\u0131ms\u0131zl\u0131\u011f\u0131n 30. y\u0131l\u0131n\u0131 kutluyor - Bati Ermenistan Ve Bati Ermenileri Sorunlari Ara\u015ftirmalar Merkezi","og_description":"Ermenistan Cumhuriyeti bug\u00fcn, ba\u011f\u0131ms\u0131z olu\u015funun 30. y\u0131l\u0131n\u0131 kutluyor. ABD Ba\u015fkan\u0131 Biden, Fransa Cumhurba\u015fkan\u0131 Macron ve Rusya Devlet ba\u015fkan\u0131 Putin Ermenistan\u2019a dayan\u0131\u015fma ve dostluk mesajlar\u0131 g\u00f6nderdiler. Ermenistan Ba\u011f\u0131ms\u0131zl\u0131k Bildirgesi 23 A\u011fustos 1990\u2019da Ermenistan Y\u00fcksek Konseyi\u2019nin ilk oturumunda kabul edilmi\u015fti. Bu belge, Ermenistan Sovyet Sosyalist Cumhuriyeti\u2019ni feshederek, Ermenistan ba\u011f\u0131ms\u0131z Cumhuriyeti\u2019ni ilan etti. Ermenistan Y\u00fcksek Konseyi\u2019nin 21 Eyl\u00fcl [&hellip;]","og_url":"https:\/\/akunq.net\/tr\/?p=64828","og_site_name":"Bati Ermenistan Ve Bati Ermenileri Sorunlari Ara\u015ftirmalar Merkezi","article_published_time":"2021-09-23T08:18:53+00:00","og_image":[{"width":1200,"height":675,"url":"https:\/\/akunq.net\/tr\/wp-content\/uploads\/sites\/6\/2021\/09\/Ermenistan-Ba\u011f\u0131ms\u0131zl\u0131k-Bildirgesi.jpg","type":"image\/jpeg"}],"author":"admin","twitter_card":"summary_large_image","twitter_misc":{"Written by":"admin","Est. reading time":"5 minutes"},"schema":{"@context":"https:\/\/schema.org","@graph":[{"@type":"Article","@id":"https:\/\/akunq.net\/tr\/?p=64828#article","isPartOf":{"@id":"https:\/\/akunq.net\/tr\/?p=64828"},"author":{"name":"admin","@id":"https:\/\/akunq.net\/tr\/#\/schema\/person\/096f1d38a12cce57fb855b485ed24c9e"},"headline":"Ermenistan ba\u011f\u0131ms\u0131zl\u0131\u011f\u0131n 30. y\u0131l\u0131n\u0131 kutluyor","datePublished":"2021-09-23T08:18:53+00:00","mainEntityOfPage":{"@id":"https:\/\/akunq.net\/tr\/?p=64828"},"wordCount":936,"commentCount":0,"image":{"@id":"https:\/\/akunq.net\/tr\/?p=64828#primaryimage"},"thumbnailUrl":"https:\/\/akunq.net\/tr\/wp-content\/uploads\/sites\/6\/2021\/09\/Ermenistan-Ba\u011f\u0131ms\u0131zl\u0131k-Bildirgesi.jpg","articleSection":["Haberler"],"inLanguage":"en-US","potentialAction":[{"@type":"CommentAction","name":"Comment","target":["https:\/\/akunq.net\/tr\/?p=64828#respond"]}]},{"@type":"WebPage","@id":"https:\/\/akunq.net\/tr\/?p=64828","url":"https:\/\/akunq.net\/tr\/?p=64828","name":"Ermenistan ba\u011f\u0131ms\u0131zl\u0131\u011f\u0131n 30. y\u0131l\u0131n\u0131 kutluyor - Bati Ermenistan Ve Bati Ermenileri Sorunlari Ara\u015ftirmalar Merkezi","isPartOf":{"@id":"https:\/\/akunq.net\/tr\/#website"},"primaryImageOfPage":{"@id":"https:\/\/akunq.net\/tr\/?p=64828#primaryimage"},"image":{"@id":"https:\/\/akunq.net\/tr\/?p=64828#primaryimage"},"thumbnailUrl":"https:\/\/akunq.net\/tr\/wp-content\/uploads\/sites\/6\/2021\/09\/Ermenistan-Ba\u011f\u0131ms\u0131zl\u0131k-Bildirgesi.jpg","datePublished":"2021-09-23T08:18:53+00:00","author":{"@id":"https:\/\/akunq.net\/tr\/#\/schema\/person\/096f1d38a12cce57fb855b485ed24c9e"},"breadcrumb":{"@id":"https:\/\/akunq.net\/tr\/?p=64828#breadcrumb"},"inLanguage":"en-US","potentialAction":[{"@type":"ReadAction","target":["https:\/\/akunq.net\/tr\/?p=64828"]}]},{"@type":"ImageObject","inLanguage":"en-US","@id":"https:\/\/akunq.net\/tr\/?p=64828#primaryimage","url":"https:\/\/akunq.net\/tr\/wp-content\/uploads\/sites\/6\/2021\/09\/Ermenistan-Ba\u011f\u0131ms\u0131zl\u0131k-Bildirgesi.jpg","contentUrl":"https:\/\/akunq.net\/tr\/wp-content\/uploads\/sites\/6\/2021\/09\/Ermenistan-Ba\u011f\u0131ms\u0131zl\u0131k-Bildirgesi.jpg","width":1200,"height":675},{"@type":"BreadcrumbList","@id":"https:\/\/akunq.net\/tr\/?p=64828#breadcrumb","itemListElement":[{"@type":"ListItem","position":1,"name":"Home","item":"https:\/\/akunq.net\/tr"},{"@type":"ListItem","position":2,"name":"Ermenistan ba\u011f\u0131ms\u0131zl\u0131\u011f\u0131n 30. y\u0131l\u0131n\u0131 kutluyor"}]},{"@type":"WebSite","@id":"https:\/\/akunq.net\/tr\/#website","url":"https:\/\/akunq.net\/tr\/","name":"Bati Ermenistan Ve Bati Ermenileri Sorunlari Ara\u015ftirmalar Merkezi","description":"","potentialAction":[{"@type":"SearchAction","target":{"@type":"EntryPoint","urlTemplate":"https:\/\/akunq.net\/tr\/?s={search_term_string}"},"query-input":{"@type":"PropertyValueSpecification","valueRequired":true,"valueName":"search_term_string"}}],"inLanguage":"en-US"},{"@type":"Person","@id":"https:\/\/akunq.net\/tr\/#\/schema\/person\/096f1d38a12cce57fb855b485ed24c9e","name":"admin","url":"https:\/\/akunq.net\/tr\/?author=7"}]}},"_links":{"self":[{"href":"https:\/\/akunq.net\/tr\/index.php?rest_route=\/wp\/v2\/posts\/64828","targetHints":{"allow":["GET"]}}],"collection":[{"href":"https:\/\/akunq.net\/tr\/index.php?rest_route=\/wp\/v2\/posts"}],"about":[{"href":"https:\/\/akunq.net\/tr\/index.php?rest_route=\/wp\/v2\/types\/post"}],"author":[{"embeddable":true,"href":"https:\/\/akunq.net\/tr\/index.php?rest_route=\/wp\/v2\/users\/7"}],"replies":[{"embeddable":true,"href":"https:\/\/akunq.net\/tr\/index.php?rest_route=%2Fwp%2Fv2%2Fcomments&post=64828"}],"version-history":[{"count":1,"href":"https:\/\/akunq.net\/tr\/index.php?rest_route=\/wp\/v2\/posts\/64828\/revisions"}],"predecessor-version":[{"id":64830,"href":"https:\/\/akunq.net\/tr\/index.php?rest_route=\/wp\/v2\/posts\/64828\/revisions\/64830"}],"wp:featuredmedia":[{"embeddable":true,"href":"https:\/\/akunq.net\/tr\/index.php?rest_route=\/wp\/v2\/media\/64829"}],"wp:attachment":[{"href":"https:\/\/akunq.net\/tr\/index.php?rest_route=%2Fwp%2Fv2%2Fmedia&parent=64828"}],"wp:term":[{"taxonomy":"category","embeddable":true,"href":"https:\/\/akunq.net\/tr\/index.php?rest_route=%2Fwp%2Fv2%2Fcategories&post=64828"},{"taxonomy":"post_tag","embeddable":true,"href":"https:\/\/akunq.net\/tr\/index.php?rest_route=%2Fwp%2Fv2%2Ftags&post=64828"}],"curies":[{"name":"wp","href":"https:\/\/api.w.org\/{rel}","templated":true}]}}