{"id":64822,"date":"2021-09-23T02:30:37","date_gmt":"2021-09-23T07:30:37","guid":{"rendered":"https:\/\/akunq.net\/tr\/?p=64822"},"modified":"2021-09-23T02:30:37","modified_gmt":"2021-09-23T07:30:37","slug":"ermenistanda-savasin-kurbanlarin-anisina-dikilen-hayatinin-pahasina-hayatim-aniti-torenle-acildi","status":"publish","type":"post","link":"https:\/\/akunq.net\/tr\/?p=64822","title":{"rendered":"Ermenistan&#8217;da sava\u015f\u0131n kurbanlar\u0131n an\u0131s\u0131na dikilen &#8216;Hayat\u0131n\u0131n pahas\u0131na hayat\u0131m&#8217; an\u0131t\u0131 t\u00f6renle a\u00e7\u0131ld\u0131"},"content":{"rendered":"<p><img loading=\"lazy\" decoding=\"async\" class=\"aligncenter size-medium wp-image-64823\" src=\"https:\/\/akunq.net\/tr\/wp-content\/uploads\/2021\/09\/Hayat\u0131n\u0131n-pahas\u0131na-hayat\u0131m-360x242.jpg\" alt=\"\" width=\"360\" height=\"242\" srcset=\"https:\/\/akunq.net\/tr\/wp-content\/uploads\/sites\/6\/2021\/09\/Hayat\u0131n\u0131n-pahas\u0131na-hayat\u0131m-360x242.jpg 360w, https:\/\/akunq.net\/tr\/wp-content\/uploads\/sites\/6\/2021\/09\/Hayat\u0131n\u0131n-pahas\u0131na-hayat\u0131m-560x376.jpg 560w, https:\/\/akunq.net\/tr\/wp-content\/uploads\/sites\/6\/2021\/09\/Hayat\u0131n\u0131n-pahas\u0131na-hayat\u0131m-260x175.jpg 260w, https:\/\/akunq.net\/tr\/wp-content\/uploads\/sites\/6\/2021\/09\/Hayat\u0131n\u0131n-pahas\u0131na-hayat\u0131m-160x107.jpg 160w, https:\/\/akunq.net\/tr\/wp-content\/uploads\/sites\/6\/2021\/09\/Hayat\u0131n\u0131n-pahas\u0131na-hayat\u0131m.jpg 670w\" sizes=\"auto, (max-width: 360px) 100vw, 360px\" \/><\/p>\n<p><strong><em>Ermenistan Silahl\u0131 Kuvvetlerinin askeri birliklerinden birinde, 44 g\u00fcnl\u00fck sava\u015f\u0131n kurbanlar\u0131na adanan &#8216;Hayat\u0131n\u0131n pahas\u0131na hayat\u0131m&#8217; adl\u0131 bir an\u0131t a\u00e7\u0131ld\u0131.<\/em><\/strong><\/p>\n<p>Ermenistan Savunma Bakanl\u0131\u011f\u0131&#8217;n\u0131n bildirdi\u011fine g\u00f6re Tavu\u015f Diyakoslu\u011fu \u00d6nderi episkopos Ter Bagrat Galstyan taraf\u0131ndan anma t\u00f6reni ve ha\u00e7kar\u0131n kutsama t\u00f6reni d\u00fczenlendi.<\/p>\n<p>Etkinli\u011fe askeri birlik komutanl\u0131\u011f\u0131 personeli, kurbanlar\u0131n yak\u0131nlar\u0131, silah arkada\u015flar\u0131, yerel y\u00f6netim temsilcileri ve di\u011ferleri kat\u0131ld\u0131.<\/p>\n<p><strong><em>https:\/\/armenpress.am\/tur\/news\/1063740.html\u00a0<\/em><\/strong><\/p>\n","protected":false},"excerpt":{"rendered":"<p>Ermenistan Silahl\u0131 Kuvvetlerinin askeri birliklerinden birinde, 44 g\u00fcnl\u00fck sava\u015f\u0131n kurbanlar\u0131na adanan &#8216;Hayat\u0131n\u0131n pahas\u0131na hayat\u0131m&#8217; adl\u0131 bir an\u0131t a\u00e7\u0131ld\u0131. Ermenistan Savunma Bakanl\u0131\u011f\u0131&#8217;n\u0131n bildirdi\u011fine g\u00f6re Tavu\u015f Diyakoslu\u011fu \u00d6nderi episkopos Ter Bagrat Galstyan taraf\u0131ndan anma t\u00f6reni ve ha\u00e7kar\u0131n kutsama t\u00f6reni d\u00fczenlendi. Etkinli\u011fe askeri birlik komutanl\u0131\u011f\u0131 personeli, kurbanlar\u0131n yak\u0131nlar\u0131, silah arkada\u015flar\u0131, yerel y\u00f6netim temsilcileri ve di\u011ferleri kat\u0131ld\u0131. https:\/\/armenpress.am\/tur\/news\/1063740.html\u00a0<\/p>\n","protected":false},"author":7,"featured_media":64823,"comment_status":"open","ping_status":"open","sticky":false,"template":"","format":"standard","meta":{"footnotes":""},"categories":[1],"tags":[],"class_list":["post-64822","post","type-post","status-publish","format-standard","has-post-thumbnail","hentry","category-haberler"],"yoast_head":"<!-- This site is optimized with the Yoast SEO plugin v27.4 - https:\/\/yoast.com\/product\/yoast-seo-wordpress\/ -->\n<title>Ermenistan&#039;da sava\u015f\u0131n kurbanlar\u0131n an\u0131s\u0131na dikilen &#039;Hayat\u0131n\u0131n pahas\u0131na hayat\u0131m&#039; an\u0131t\u0131 t\u00f6renle a\u00e7\u0131ld\u0131 - Bati Ermenistan Ve Bati Ermenileri Sorunlari Ara\u015ftirmalar Merkezi<\/title>\n<meta name=\"robots\" content=\"index, follow, max-snippet:-1, max-image-preview:large, max-video-preview:-1\" \/>\n<link rel=\"canonical\" href=\"https:\/\/akunq.net\/tr\/?p=64822\" \/>\n<meta property=\"og:locale\" content=\"en_US\" \/>\n<meta property=\"og:type\" content=\"article\" \/>\n<meta property=\"og:title\" content=\"Ermenistan&#039;da sava\u015f\u0131n kurbanlar\u0131n an\u0131s\u0131na dikilen &#039;Hayat\u0131n\u0131n pahas\u0131na hayat\u0131m&#039; an\u0131t\u0131 t\u00f6renle a\u00e7\u0131ld\u0131 - Bati Ermenistan Ve Bati Ermenileri Sorunlari Ara\u015ftirmalar Merkezi\" \/>\n<meta property=\"og:description\" content=\"Ermenistan Silahl\u0131 Kuvvetlerinin askeri birliklerinden birinde, 44 g\u00fcnl\u00fck sava\u015f\u0131n kurbanlar\u0131na adanan &#8216;Hayat\u0131n\u0131n pahas\u0131na hayat\u0131m&#8217; adl\u0131 bir an\u0131t a\u00e7\u0131ld\u0131. Ermenistan Savunma Bakanl\u0131\u011f\u0131&#8217;n\u0131n bildirdi\u011fine g\u00f6re Tavu\u015f Diyakoslu\u011fu \u00d6nderi episkopos Ter Bagrat Galstyan taraf\u0131ndan anma t\u00f6reni ve ha\u00e7kar\u0131n kutsama t\u00f6reni d\u00fczenlendi. Etkinli\u011fe askeri birlik komutanl\u0131\u011f\u0131 personeli, kurbanlar\u0131n yak\u0131nlar\u0131, silah arkada\u015flar\u0131, yerel y\u00f6netim temsilcileri ve di\u011ferleri kat\u0131ld\u0131. https:\/\/armenpress.am\/tur\/news\/1063740.html\u00a0\" \/>\n<meta property=\"og:url\" content=\"https:\/\/akunq.net\/tr\/?p=64822\" \/>\n<meta property=\"og:site_name\" content=\"Bati Ermenistan Ve Bati Ermenileri Sorunlari Ara\u015ftirmalar Merkezi\" \/>\n<meta property=\"article:published_time\" content=\"2021-09-23T07:30:37+00:00\" \/>\n<meta property=\"og:image\" content=\"https:\/\/akunq.net\/tr\/wp-content\/uploads\/sites\/6\/2021\/09\/Hayat\u0131n\u0131n-pahas\u0131na-hayat\u0131m.jpg\" \/>\n\t<meta property=\"og:image:width\" content=\"670\" \/>\n\t<meta property=\"og:image:height\" content=\"450\" \/>\n\t<meta property=\"og:image:type\" content=\"image\/jpeg\" \/>\n<meta name=\"author\" content=\"admin\" \/>\n<meta name=\"twitter:card\" content=\"summary_large_image\" \/>\n<meta name=\"twitter:label1\" content=\"Written by\" \/>\n\t<meta name=\"twitter:data1\" content=\"admin\" \/>\n<script type=\"application\/ld+json\" class=\"yoast-schema-graph\">{\"@context\":\"https:\\\/\\\/schema.org\",\"@graph\":[{\"@type\":\"Article\",\"@id\":\"https:\\\/\\\/akunq.net\\\/tr\\\/?p=64822#article\",\"isPartOf\":{\"@id\":\"https:\\\/\\\/akunq.net\\\/tr\\\/?p=64822\"},\"author\":{\"name\":\"admin\",\"@id\":\"https:\\\/\\\/akunq.net\\\/tr\\\/#\\\/schema\\\/person\\\/096f1d38a12cce57fb855b485ed24c9e\"},\"headline\":\"Ermenistan&#8217;da sava\u015f\u0131n kurbanlar\u0131n an\u0131s\u0131na dikilen &#8216;Hayat\u0131n\u0131n pahas\u0131na hayat\u0131m&#8217; an\u0131t\u0131 t\u00f6renle a\u00e7\u0131ld\u0131\",\"datePublished\":\"2021-09-23T07:30:37+00:00\",\"mainEntityOfPage\":{\"@id\":\"https:\\\/\\\/akunq.net\\\/tr\\\/?p=64822\"},\"wordCount\":108,\"commentCount\":0,\"image\":{\"@id\":\"https:\\\/\\\/akunq.net\\\/tr\\\/?p=64822#primaryimage\"},\"thumbnailUrl\":\"https:\\\/\\\/akunq.net\\\/tr\\\/wp-content\\\/uploads\\\/sites\\\/6\\\/2021\\\/09\\\/Hayat\u0131n\u0131n-pahas\u0131na-hayat\u0131m.jpg\",\"articleSection\":[\"Haberler\"],\"inLanguage\":\"en-US\",\"potentialAction\":[{\"@type\":\"CommentAction\",\"name\":\"Comment\",\"target\":[\"https:\\\/\\\/akunq.net\\\/tr\\\/?p=64822#respond\"]}]},{\"@type\":\"WebPage\",\"@id\":\"https:\\\/\\\/akunq.net\\\/tr\\\/?p=64822\",\"url\":\"https:\\\/\\\/akunq.net\\\/tr\\\/?p=64822\",\"name\":\"Ermenistan'da sava\u015f\u0131n kurbanlar\u0131n an\u0131s\u0131na dikilen 'Hayat\u0131n\u0131n pahas\u0131na hayat\u0131m' an\u0131t\u0131 t\u00f6renle a\u00e7\u0131ld\u0131 - Bati Ermenistan Ve Bati Ermenileri Sorunlari Ara\u015ftirmalar Merkezi\",\"isPartOf\":{\"@id\":\"https:\\\/\\\/akunq.net\\\/tr\\\/#website\"},\"primaryImageOfPage\":{\"@id\":\"https:\\\/\\\/akunq.net\\\/tr\\\/?p=64822#primaryimage\"},\"image\":{\"@id\":\"https:\\\/\\\/akunq.net\\\/tr\\\/?p=64822#primaryimage\"},\"thumbnailUrl\":\"https:\\\/\\\/akunq.net\\\/tr\\\/wp-content\\\/uploads\\\/sites\\\/6\\\/2021\\\/09\\\/Hayat\u0131n\u0131n-pahas\u0131na-hayat\u0131m.jpg\",\"datePublished\":\"2021-09-23T07:30:37+00:00\",\"author\":{\"@id\":\"https:\\\/\\\/akunq.net\\\/tr\\\/#\\\/schema\\\/person\\\/096f1d38a12cce57fb855b485ed24c9e\"},\"breadcrumb\":{\"@id\":\"https:\\\/\\\/akunq.net\\\/tr\\\/?p=64822#breadcrumb\"},\"inLanguage\":\"en-US\",\"potentialAction\":[{\"@type\":\"ReadAction\",\"target\":[\"https:\\\/\\\/akunq.net\\\/tr\\\/?p=64822\"]}]},{\"@type\":\"ImageObject\",\"inLanguage\":\"en-US\",\"@id\":\"https:\\\/\\\/akunq.net\\\/tr\\\/?p=64822#primaryimage\",\"url\":\"https:\\\/\\\/akunq.net\\\/tr\\\/wp-content\\\/uploads\\\/sites\\\/6\\\/2021\\\/09\\\/Hayat\u0131n\u0131n-pahas\u0131na-hayat\u0131m.jpg\",\"contentUrl\":\"https:\\\/\\\/akunq.net\\\/tr\\\/wp-content\\\/uploads\\\/sites\\\/6\\\/2021\\\/09\\\/Hayat\u0131n\u0131n-pahas\u0131na-hayat\u0131m.jpg\",\"width\":670,\"height\":450},{\"@type\":\"BreadcrumbList\",\"@id\":\"https:\\\/\\\/akunq.net\\\/tr\\\/?p=64822#breadcrumb\",\"itemListElement\":[{\"@type\":\"ListItem\",\"position\":1,\"name\":\"Home\",\"item\":\"https:\\\/\\\/akunq.net\\\/tr\"},{\"@type\":\"ListItem\",\"position\":2,\"name\":\"Ermenistan&#8217;da sava\u015f\u0131n kurbanlar\u0131n an\u0131s\u0131na dikilen &#8216;Hayat\u0131n\u0131n pahas\u0131na hayat\u0131m&#8217; an\u0131t\u0131 t\u00f6renle a\u00e7\u0131ld\u0131\"}]},{\"@type\":\"WebSite\",\"@id\":\"https:\\\/\\\/akunq.net\\\/tr\\\/#website\",\"url\":\"https:\\\/\\\/akunq.net\\\/tr\\\/\",\"name\":\"Bati Ermenistan Ve Bati Ermenileri Sorunlari Ara\u015ftirmalar Merkezi\",\"description\":\"\",\"potentialAction\":[{\"@type\":\"SearchAction\",\"target\":{\"@type\":\"EntryPoint\",\"urlTemplate\":\"https:\\\/\\\/akunq.net\\\/tr\\\/?s={search_term_string}\"},\"query-input\":{\"@type\":\"PropertyValueSpecification\",\"valueRequired\":true,\"valueName\":\"search_term_string\"}}],\"inLanguage\":\"en-US\"},{\"@type\":\"Person\",\"@id\":\"https:\\\/\\\/akunq.net\\\/tr\\\/#\\\/schema\\\/person\\\/096f1d38a12cce57fb855b485ed24c9e\",\"name\":\"admin\",\"url\":\"https:\\\/\\\/akunq.net\\\/tr\\\/?author=7\"}]}<\/script>\n<!-- \/ Yoast SEO plugin. -->","yoast_head_json":{"title":"Ermenistan'da sava\u015f\u0131n kurbanlar\u0131n an\u0131s\u0131na dikilen 'Hayat\u0131n\u0131n pahas\u0131na hayat\u0131m' an\u0131t\u0131 t\u00f6renle a\u00e7\u0131ld\u0131 - Bati Ermenistan Ve Bati Ermenileri Sorunlari Ara\u015ftirmalar Merkezi","robots":{"index":"index","follow":"follow","max-snippet":"max-snippet:-1","max-image-preview":"max-image-preview:large","max-video-preview":"max-video-preview:-1"},"canonical":"https:\/\/akunq.net\/tr\/?p=64822","og_locale":"en_US","og_type":"article","og_title":"Ermenistan'da sava\u015f\u0131n kurbanlar\u0131n an\u0131s\u0131na dikilen 'Hayat\u0131n\u0131n pahas\u0131na hayat\u0131m' an\u0131t\u0131 t\u00f6renle a\u00e7\u0131ld\u0131 - Bati Ermenistan Ve Bati Ermenileri Sorunlari Ara\u015ftirmalar Merkezi","og_description":"Ermenistan Silahl\u0131 Kuvvetlerinin askeri birliklerinden birinde, 44 g\u00fcnl\u00fck sava\u015f\u0131n kurbanlar\u0131na adanan &#8216;Hayat\u0131n\u0131n pahas\u0131na hayat\u0131m&#8217; adl\u0131 bir an\u0131t a\u00e7\u0131ld\u0131. Ermenistan Savunma Bakanl\u0131\u011f\u0131&#8217;n\u0131n bildirdi\u011fine g\u00f6re Tavu\u015f Diyakoslu\u011fu \u00d6nderi episkopos Ter Bagrat Galstyan taraf\u0131ndan anma t\u00f6reni ve ha\u00e7kar\u0131n kutsama t\u00f6reni d\u00fczenlendi. Etkinli\u011fe askeri birlik komutanl\u0131\u011f\u0131 personeli, kurbanlar\u0131n yak\u0131nlar\u0131, silah arkada\u015flar\u0131, yerel y\u00f6netim temsilcileri ve di\u011ferleri kat\u0131ld\u0131. https:\/\/armenpress.am\/tur\/news\/1063740.html\u00a0","og_url":"https:\/\/akunq.net\/tr\/?p=64822","og_site_name":"Bati Ermenistan Ve Bati Ermenileri Sorunlari Ara\u015ftirmalar Merkezi","article_published_time":"2021-09-23T07:30:37+00:00","og_image":[{"width":670,"height":450,"url":"https:\/\/akunq.net\/tr\/wp-content\/uploads\/sites\/6\/2021\/09\/Hayat\u0131n\u0131n-pahas\u0131na-hayat\u0131m.jpg","type":"image\/jpeg"}],"author":"admin","twitter_card":"summary_large_image","twitter_misc":{"Written by":"admin"},"schema":{"@context":"https:\/\/schema.org","@graph":[{"@type":"Article","@id":"https:\/\/akunq.net\/tr\/?p=64822#article","isPartOf":{"@id":"https:\/\/akunq.net\/tr\/?p=64822"},"author":{"name":"admin","@id":"https:\/\/akunq.net\/tr\/#\/schema\/person\/096f1d38a12cce57fb855b485ed24c9e"},"headline":"Ermenistan&#8217;da sava\u015f\u0131n kurbanlar\u0131n an\u0131s\u0131na dikilen &#8216;Hayat\u0131n\u0131n pahas\u0131na hayat\u0131m&#8217; an\u0131t\u0131 t\u00f6renle a\u00e7\u0131ld\u0131","datePublished":"2021-09-23T07:30:37+00:00","mainEntityOfPage":{"@id":"https:\/\/akunq.net\/tr\/?p=64822"},"wordCount":108,"commentCount":0,"image":{"@id":"https:\/\/akunq.net\/tr\/?p=64822#primaryimage"},"thumbnailUrl":"https:\/\/akunq.net\/tr\/wp-content\/uploads\/sites\/6\/2021\/09\/Hayat\u0131n\u0131n-pahas\u0131na-hayat\u0131m.jpg","articleSection":["Haberler"],"inLanguage":"en-US","potentialAction":[{"@type":"CommentAction","name":"Comment","target":["https:\/\/akunq.net\/tr\/?p=64822#respond"]}]},{"@type":"WebPage","@id":"https:\/\/akunq.net\/tr\/?p=64822","url":"https:\/\/akunq.net\/tr\/?p=64822","name":"Ermenistan'da sava\u015f\u0131n kurbanlar\u0131n an\u0131s\u0131na dikilen 'Hayat\u0131n\u0131n pahas\u0131na hayat\u0131m' an\u0131t\u0131 t\u00f6renle a\u00e7\u0131ld\u0131 - Bati Ermenistan Ve Bati Ermenileri Sorunlari Ara\u015ftirmalar Merkezi","isPartOf":{"@id":"https:\/\/akunq.net\/tr\/#website"},"primaryImageOfPage":{"@id":"https:\/\/akunq.net\/tr\/?p=64822#primaryimage"},"image":{"@id":"https:\/\/akunq.net\/tr\/?p=64822#primaryimage"},"thumbnailUrl":"https:\/\/akunq.net\/tr\/wp-content\/uploads\/sites\/6\/2021\/09\/Hayat\u0131n\u0131n-pahas\u0131na-hayat\u0131m.jpg","datePublished":"2021-09-23T07:30:37+00:00","author":{"@id":"https:\/\/akunq.net\/tr\/#\/schema\/person\/096f1d38a12cce57fb855b485ed24c9e"},"breadcrumb":{"@id":"https:\/\/akunq.net\/tr\/?p=64822#breadcrumb"},"inLanguage":"en-US","potentialAction":[{"@type":"ReadAction","target":["https:\/\/akunq.net\/tr\/?p=64822"]}]},{"@type":"ImageObject","inLanguage":"en-US","@id":"https:\/\/akunq.net\/tr\/?p=64822#primaryimage","url":"https:\/\/akunq.net\/tr\/wp-content\/uploads\/sites\/6\/2021\/09\/Hayat\u0131n\u0131n-pahas\u0131na-hayat\u0131m.jpg","contentUrl":"https:\/\/akunq.net\/tr\/wp-content\/uploads\/sites\/6\/2021\/09\/Hayat\u0131n\u0131n-pahas\u0131na-hayat\u0131m.jpg","width":670,"height":450},{"@type":"BreadcrumbList","@id":"https:\/\/akunq.net\/tr\/?p=64822#breadcrumb","itemListElement":[{"@type":"ListItem","position":1,"name":"Home","item":"https:\/\/akunq.net\/tr"},{"@type":"ListItem","position":2,"name":"Ermenistan&#8217;da sava\u015f\u0131n kurbanlar\u0131n an\u0131s\u0131na dikilen &#8216;Hayat\u0131n\u0131n pahas\u0131na hayat\u0131m&#8217; an\u0131t\u0131 t\u00f6renle a\u00e7\u0131ld\u0131"}]},{"@type":"WebSite","@id":"https:\/\/akunq.net\/tr\/#website","url":"https:\/\/akunq.net\/tr\/","name":"Bati Ermenistan Ve Bati Ermenileri Sorunlari Ara\u015ftirmalar Merkezi","description":"","potentialAction":[{"@type":"SearchAction","target":{"@type":"EntryPoint","urlTemplate":"https:\/\/akunq.net\/tr\/?s={search_term_string}"},"query-input":{"@type":"PropertyValueSpecification","valueRequired":true,"valueName":"search_term_string"}}],"inLanguage":"en-US"},{"@type":"Person","@id":"https:\/\/akunq.net\/tr\/#\/schema\/person\/096f1d38a12cce57fb855b485ed24c9e","name":"admin","url":"https:\/\/akunq.net\/tr\/?author=7"}]}},"_links":{"self":[{"href":"https:\/\/akunq.net\/tr\/index.php?rest_route=\/wp\/v2\/posts\/64822","targetHints":{"allow":["GET"]}}],"collection":[{"href":"https:\/\/akunq.net\/tr\/index.php?rest_route=\/wp\/v2\/posts"}],"about":[{"href":"https:\/\/akunq.net\/tr\/index.php?rest_route=\/wp\/v2\/types\/post"}],"author":[{"embeddable":true,"href":"https:\/\/akunq.net\/tr\/index.php?rest_route=\/wp\/v2\/users\/7"}],"replies":[{"embeddable":true,"href":"https:\/\/akunq.net\/tr\/index.php?rest_route=%2Fwp%2Fv2%2Fcomments&post=64822"}],"version-history":[{"count":1,"href":"https:\/\/akunq.net\/tr\/index.php?rest_route=\/wp\/v2\/posts\/64822\/revisions"}],"predecessor-version":[{"id":64824,"href":"https:\/\/akunq.net\/tr\/index.php?rest_route=\/wp\/v2\/posts\/64822\/revisions\/64824"}],"wp:featuredmedia":[{"embeddable":true,"href":"https:\/\/akunq.net\/tr\/index.php?rest_route=\/wp\/v2\/media\/64823"}],"wp:attachment":[{"href":"https:\/\/akunq.net\/tr\/index.php?rest_route=%2Fwp%2Fv2%2Fmedia&parent=64822"}],"wp:term":[{"taxonomy":"category","embeddable":true,"href":"https:\/\/akunq.net\/tr\/index.php?rest_route=%2Fwp%2Fv2%2Fcategories&post=64822"},{"taxonomy":"post_tag","embeddable":true,"href":"https:\/\/akunq.net\/tr\/index.php?rest_route=%2Fwp%2Fv2%2Ftags&post=64822"}],"curies":[{"name":"wp","href":"https:\/\/api.w.org\/{rel}","templated":true}]}}