{"id":64810,"date":"2021-09-22T04:00:18","date_gmt":"2021-09-22T09:00:18","guid":{"rendered":"https:\/\/akunq.net\/tr\/?p=64810"},"modified":"2021-09-22T04:00:18","modified_gmt":"2021-09-22T09:00:18","slug":"ya-turkce-konus-ya-da-sus","status":"publish","type":"post","link":"https:\/\/akunq.net\/tr\/?p=64810","title":{"rendered":"\u2018Ya T\u00fcrk\u00e7e konu\u015f ya da sus\u2019"},"content":{"rendered":"<div class=\"col-md-12\">\n<p><img loading=\"lazy\" decoding=\"async\" class=\"aligncenter size-medium wp-image-64811\" src=\"https:\/\/akunq.net\/tr\/wp-content\/uploads\/2021\/09\/Turk-okullari-360x220.jpg\" alt=\"\" width=\"360\" height=\"220\" srcset=\"https:\/\/akunq.net\/tr\/wp-content\/uploads\/sites\/6\/2021\/09\/Turk-okullari-360x220.jpg 360w, https:\/\/akunq.net\/tr\/wp-content\/uploads\/sites\/6\/2021\/09\/Turk-okullari-560x342.jpg 560w, https:\/\/akunq.net\/tr\/wp-content\/uploads\/sites\/6\/2021\/09\/Turk-okullari-260x159.jpg 260w, https:\/\/akunq.net\/tr\/wp-content\/uploads\/sites\/6\/2021\/09\/Turk-okullari-160x98.jpg 160w, https:\/\/akunq.net\/tr\/wp-content\/uploads\/sites\/6\/2021\/09\/Turk-okullari.jpg 706w\" sizes=\"auto, (max-width: 360px) 100vw, 360px\" \/><\/p>\n<p class=\"float-left text-muted\"><strong><a href=\"https:\/\/www.ozgurpolitika.com\/cihandeniz-haberleri\">Cihan DEN\u0130Z<\/a>\u00a0<\/strong><\/p>\n<\/div>\n<div class=\"col-md-8 newsfulldetails\">\n<div>\n<p><em><strong>Adana-Seyhan\u2019da b\u00fcy\u00fck \u00e7o\u011funlu\u011fu K\u00fcrt olan bir okul merdiveninde \u015funlar yazmaktad\u0131r: \u201cYa T\u00fcrk\u00e7e konu\u015f ya da sus.\u201d Biraz tarih bilinci olan herkes i\u00e7in bu yaz\u0131lanlar\u0131n m\u00fcnferit olmad\u0131\u011f\u0131 ve T\u00fcrk siyasetinin \u00f6zeti oldu\u011funu g\u00f6recektir.<\/strong><\/em><\/p>\n<p>T\u00fcrkiye\u2019de okullar a\u00e7\u0131ld\u0131. Ama okullar sadece e\u011fitim sisteminde art\u0131k kronik hale gelmi\u015f yap\u0131sal sorunlarla, en temel derslerdeki \u00f6\u011fretmen a\u00e7\u0131\u011f\u0131yla, bilimsellikten her ge\u00e7en g\u00fcn daha da uzakla\u015fan m\u00fcfredat\u0131yla ve en \u00f6nemlisi de bakanl\u0131\u011f\u0131n Covid-19 salg\u0131n\u0131na kar\u015f\u0131 gerekli d\u00fczeyde almad\u0131\u011f\u0131 tedbirlerle a\u00e7\u0131lmad\u0131. T\u00fcm bunlar \u00e7ok \u00f6nemli ve \u00fczerinde mutlaka durulmas\u0131, gerekli \u00e7\u00f6z\u00fcm \u00f6nerilerinin geli\u015ftirilmesi gereken sorunlar ama bunlar\u0131 uzmanlar\u0131na b\u0131rakal\u0131m.<\/p>\n<p>Okullarda \u00e7ocuklar\u0131 ama en ba\u015fta da K\u00fcrt \u00e7ocuklar\u0131n\u0131 bekleyen en az bunlar kadar \u00f6nemli hatta \u00e7ocuklar \u00fczerinde yarataca\u011f\u0131 derin travmalar d\u00fc\u015f\u00fcn\u00fcld\u00fc\u011f\u00fcnde belki de bunlar kadar \u00f6nemli bir tehlike de, asimilasyon, ayr\u0131mc\u0131l\u0131k ve \u0131rk\u00e7\u0131l\u0131kt\u0131r.<\/p>\n<p>Sadece ders kitaplar\u0131na de\u011fil \u201ce\u011fitim\u201d sisteminin en k\u00fc\u00e7\u00fck h\u00fccresine kadar i\u015flemi\u015f fa\u015fizmin, \u0131rk\u00e7\u0131l\u0131\u011f\u0131n ve asimilasyonun son \u00f6rne\u011fi Adana\u2019dan geldi.<\/p>\n<p>Seyhan il\u00e7esinde \u00f6\u011frencilerinin b\u00fcy\u00fck \u00e7o\u011funlu\u011fu K\u00fcrt olan bir okul merdiveninde \u015funlar yazmaktad\u0131r: \u201cYa T\u00fcrk\u00e7e konu\u015f ya da sus.\u201d Ama bunlar\u0131 yazan hastal\u0131kl\u0131 kafaya bu bile yeterli gelmemi\u015f olacak ki hemen alt\u0131ndaki ve \u00fcst\u00fcndeki basamaklara da \u201cT\u00fcrk\u00e7e\u2019nin bir eksi\u011fi yok, ya sizin,\u201d \u201cT\u00fcrk\u00e7e dilinize batmas\u0131n,\u201d \u201cT\u00fcrk demek T\u00fcrk\u00e7e demek\u201d yaz\u0131yor.<\/p>\n<p>Onca kirli siyasete, oyuna ra\u011fmen K\u00fcrtler hala asimile edememenin, K\u00fcrt \u00e7ocuklar\u0131n\u0131n hala K\u00fcrt\u00e7e konu\u015fmaya devam etmesine engel olamaman\u0131n h\u0131nc\u0131 ile okul merdivenlerine yaz\u0131lm\u0131\u015f bu yaz\u0131lar\u0131n e\u011fitimle, pedagojiyle yak\u0131ndan uzaktan alakas\u0131 yoktur tabii ki. B\u0131rak\u0131n dersleri K\u00fcrt \u00e7ocuklar\u0131n teneff\u00fcslerde kendi aralar\u0131nda bile olsa K\u00fcrt\u00e7e konu\u015fmas\u0131na tahamm\u00fclleri kalmam\u0131\u015f anla\u015f\u0131lan. Dolay\u0131s\u0131yla da tam da zaman\u0131n ruhunu yans\u0131tan, iktidardaki zihniyetin \u00f6zeti olan bu s\u00f6zler, iktidar\u0131n K\u00fcrt\u2019e, K\u00fcrt ile alakal\u0131 her \u015feye kar\u015f\u0131 duydu\u011fu nefretin, tahamm\u00fcls\u00fczl\u00fc\u011f\u00fcn d\u0131\u015favurumudur.<\/p>\n<p>Bu tahamm\u00fcls\u00fczl\u00fckle \u00e7ocuklar\u0131n zihnine K\u00fcrt de\u011fil T\u00fcrk olduklar\u0131 ve bundan dolay\u0131 da dillerinin T\u00fcrk\u00e7e oldu\u011fu, bunu kabul etmeyenlerin yani T\u00fcrk\u00e7e de\u011fil K\u00fcrt\u00e7e konu\u015fanlar\u0131n konu\u015fma hakk\u0131n\u0131n olmad\u0131\u011f\u0131, onlarda bir eksiklik oldu\u011fu fikri T\u00fcrk\u00e7e d\u0131\u015f\u0131nda konu\u015fanlar\u0131n konu\u015fma hakk\u0131n\u0131n olmad\u0131\u011f\u0131, T\u00fcrk\u00e7e de\u011fil K\u00fcrt\u00e7e konu\u015fman\u0131n bir eksiklik oldu\u011fu fikri empoze edilmeye \u00e7al\u0131\u015f\u0131lmaktad\u0131r.<\/p>\n<p>Biraz tarih bilinci olan herkes i\u00e7in bu s\u00f6zleri duydu\u011fu anda akl\u0131na gelecek ilk \u015fey Diyarbak\u0131r Cezaevi\u2019nin duvarlar\u0131nda yazan \u201cT\u00fcrk\u00e7e Konu\u015f \u00c7ok Konu\u015f\u201d yaz\u0131s\u0131d\u0131r. Biraz daha haf\u0131zas\u0131n\u0131 zorlayanlar bug\u00fcn\u00fc iktidar\u0131n diliyle reddetti\u011fi ama pratikte taklit etti\u011fi tek parti d\u00f6nemindeki \u201cVatanda\u015f T\u00fcrk\u00e7e Konu\u015f\u201d slogan\u0131n\u0131 hat\u0131rlayacakt\u0131r.<\/p>\n<p>Bundan dolay\u0131 K\u00fcrtlerin g\u00f6z\u00fcn\u00fcn i\u00e7ine bakarak bu yaz\u0131lanlar\u0131 bir istisna veya m\u00fcnferit bir olay; bir iki kendini bilmezin okul merdivenlerine yazd\u0131\u011f\u0131 \u0131rk\u00e7\u0131 yaz\u0131lar olarak g\u00f6remeyiz.<\/p>\n<p>Tersine bu yazanlar iktidardaki partiler ne kadar de\u011fi\u015firse de\u011fi\u015fsin baki kalan tek\u00e7ili\u011fin d\u0131\u015fa vurumudur. T\u00fcrk siyasetinin \u00f6zetidir.<\/p>\n<p>Ayn\u0131 zamanda bu yazanlar d\u00fcn \u201cRet, inkar, asimilasyon politikalar\u0131 AKP iktidar\u0131yla bitti\u201d diyerek K\u00fcrtlerin oyunu almaya \u00e7al\u0131\u015fanlar\u0131n bug\u00fcn iktidar\u0131n\u0131 korumak i\u00e7in Ergenekon ve bilumum milliyet\u00e7i\/fa\u015fist \u00e7evre ile ittifak yapanlar\u0131n geldi\u011fi noktay\u0131 da \u00e7ok g\u00fczel ortaya koymaktad\u0131r. Di\u011fer bir ifade ile bu yaz\u0131lanlar, \u201cBizde \u0131rk\u00e7\u0131l\u0131k olmaz\u201d diye diye her yapt\u0131klar\u0131nda \u0131rk\u00e7\u0131l\u0131ktan ve ayr\u0131mc\u0131l\u0131ktan ba\u015fka bir \u015fey olmayan Beyaz ve T\u00fcrk fa\u015fizmlerinin yapt\u0131\u011f\u0131 ittifak\u0131n y\u00f6netti\u011fi \u00fclkede gelinen durumun bir resmidir. Bu ittifak alt\u0131nda t\u00fcm T\u00fcrkiye\u2019nin a\u00e7\u0131k bir cezaevine d\u00f6n\u00fc\u015ft\u00fc\u011f\u00fcn\u00fcn ispat\u0131d\u0131r.<\/p>\n<p>Ama as\u0131l \u00f6nemli olan buna kar\u015f\u0131 ne yap\u0131laca\u011f\u0131d\u0131r. Ama galiba burada as\u0131l sorun art\u0131k fa\u015fizmi ve fa\u015fizmin yapt\u0131klar\u0131n\u0131 kan\u0131ksam\u0131\u015f olmam\u0131z; olanlar\u0131 s\u0131radan olaylarm\u0131\u015f gibi g\u00f6rmemiz ve bunun sonucu olarak da gerekli tepkileri vermememizdir. Ve bu nokta bar\u0131\u015f ve demokrasi g\u00fc\u00e7leri a\u00e7\u0131s\u0131ndan verilecek en net cevap anadilde e\u011fitim hakk\u0131 ve sadece okullarda de\u011fil t\u00fcm kamusal alanlarda K\u00fcrt\u00e7e ve bu co\u011frafyan\u0131n di\u011fer dillerinin tan\u0131nmas\u0131 i\u00e7in verilecek m\u00fccadelenin daha da y\u00fckseltilmesidir. Bu olmad\u0131\u011f\u0131 s\u00fcrece yani bunlar kar\u015f\u0131s\u0131nda sessiz kald\u0131\u011f\u0131m\u0131z, bunlar i\u00e7in k\u0131yameti koparmad\u0131\u011f\u0131m\u0131z s\u00fcrece maalesef bu ve benzeri fa\u015fist ve \u0131rk\u00e7\u0131 s\u00f6zleri, yaz\u0131lar\u0131 duymaya ve g\u00f6rmeye devam edece\u011fiz.<\/p>\n<p><strong><em>https:\/\/www.ozgurpolitika.com\/haberi-ya-turkce-konus-ya-da-sus-154067\u00a0<\/em><\/strong><\/p>\n<\/div>\n<\/div>\n","protected":false},"excerpt":{"rendered":"<p>Cihan DEN\u0130Z\u00a0 Adana-Seyhan\u2019da b\u00fcy\u00fck \u00e7o\u011funlu\u011fu K\u00fcrt olan bir okul merdiveninde \u015funlar yazmaktad\u0131r: \u201cYa T\u00fcrk\u00e7e konu\u015f ya da sus.\u201d Biraz tarih bilinci olan herkes i\u00e7in bu yaz\u0131lanlar\u0131n m\u00fcnferit olmad\u0131\u011f\u0131 ve T\u00fcrk siyasetinin \u00f6zeti oldu\u011funu g\u00f6recektir. T\u00fcrkiye\u2019de okullar a\u00e7\u0131ld\u0131. Ama okullar sadece e\u011fitim sisteminde art\u0131k kronik hale gelmi\u015f yap\u0131sal sorunlarla, en temel derslerdeki \u00f6\u011fretmen a\u00e7\u0131\u011f\u0131yla, bilimsellikten her [&hellip;]<\/p>\n","protected":false},"author":7,"featured_media":64811,"comment_status":"open","ping_status":"open","sticky":false,"template":"","format":"standard","meta":{"footnotes":""},"categories":[1,53],"tags":[],"class_list":["post-64810","post","type-post","status-publish","format-standard","has-post-thumbnail","hentry","category-haberler","category-turkiyede-azinliklar"],"yoast_head":"<!-- This site is optimized with the Yoast SEO plugin v27.4 - https:\/\/yoast.com\/product\/yoast-seo-wordpress\/ -->\n<title>\u2018Ya T\u00fcrk\u00e7e konu\u015f ya da sus\u2019 - Bati Ermenistan Ve Bati Ermenileri Sorunlari Ara\u015ftirmalar Merkezi<\/title>\n<meta name=\"robots\" content=\"index, follow, max-snippet:-1, max-image-preview:large, max-video-preview:-1\" \/>\n<link rel=\"canonical\" href=\"https:\/\/akunq.net\/tr\/?p=64810\" \/>\n<meta property=\"og:locale\" content=\"en_US\" \/>\n<meta property=\"og:type\" content=\"article\" \/>\n<meta property=\"og:title\" content=\"\u2018Ya T\u00fcrk\u00e7e konu\u015f ya da sus\u2019 - Bati Ermenistan Ve Bati Ermenileri Sorunlari Ara\u015ftirmalar Merkezi\" \/>\n<meta property=\"og:description\" content=\"Cihan DEN\u0130Z\u00a0 Adana-Seyhan\u2019da b\u00fcy\u00fck \u00e7o\u011funlu\u011fu K\u00fcrt olan bir okul merdiveninde \u015funlar yazmaktad\u0131r: \u201cYa T\u00fcrk\u00e7e konu\u015f ya da sus.\u201d Biraz tarih bilinci olan herkes i\u00e7in bu yaz\u0131lanlar\u0131n m\u00fcnferit olmad\u0131\u011f\u0131 ve T\u00fcrk siyasetinin \u00f6zeti oldu\u011funu g\u00f6recektir. T\u00fcrkiye\u2019de okullar a\u00e7\u0131ld\u0131. Ama okullar sadece e\u011fitim sisteminde art\u0131k kronik hale gelmi\u015f yap\u0131sal sorunlarla, en temel derslerdeki \u00f6\u011fretmen a\u00e7\u0131\u011f\u0131yla, bilimsellikten her [&hellip;]\" \/>\n<meta property=\"og:url\" content=\"https:\/\/akunq.net\/tr\/?p=64810\" \/>\n<meta property=\"og:site_name\" content=\"Bati Ermenistan Ve Bati Ermenileri Sorunlari Ara\u015ftirmalar Merkezi\" \/>\n<meta property=\"article:published_time\" content=\"2021-09-22T09:00:18+00:00\" \/>\n<meta property=\"og:image\" content=\"https:\/\/akunq.net\/tr\/wp-content\/uploads\/sites\/6\/2021\/09\/Turk-okullari.jpg\" \/>\n\t<meta property=\"og:image:width\" content=\"706\" \/>\n\t<meta property=\"og:image:height\" content=\"431\" \/>\n\t<meta property=\"og:image:type\" content=\"image\/jpeg\" \/>\n<meta name=\"author\" content=\"admin\" \/>\n<meta name=\"twitter:card\" content=\"summary_large_image\" \/>\n<meta name=\"twitter:label1\" content=\"Written by\" \/>\n\t<meta name=\"twitter:data1\" content=\"admin\" \/>\n\t<meta name=\"twitter:label2\" content=\"Est. reading time\" \/>\n\t<meta name=\"twitter:data2\" content=\"4 minutes\" \/>\n<script type=\"application\/ld+json\" class=\"yoast-schema-graph\">{\"@context\":\"https:\\\/\\\/schema.org\",\"@graph\":[{\"@type\":\"Article\",\"@id\":\"https:\\\/\\\/akunq.net\\\/tr\\\/?p=64810#article\",\"isPartOf\":{\"@id\":\"https:\\\/\\\/akunq.net\\\/tr\\\/?p=64810\"},\"author\":{\"name\":\"admin\",\"@id\":\"https:\\\/\\\/akunq.net\\\/tr\\\/#\\\/schema\\\/person\\\/096f1d38a12cce57fb855b485ed24c9e\"},\"headline\":\"\u2018Ya T\u00fcrk\u00e7e konu\u015f ya da sus\u2019\",\"datePublished\":\"2021-09-22T09:00:18+00:00\",\"mainEntityOfPage\":{\"@id\":\"https:\\\/\\\/akunq.net\\\/tr\\\/?p=64810\"},\"wordCount\":878,\"commentCount\":0,\"image\":{\"@id\":\"https:\\\/\\\/akunq.net\\\/tr\\\/?p=64810#primaryimage\"},\"thumbnailUrl\":\"https:\\\/\\\/akunq.net\\\/tr\\\/wp-content\\\/uploads\\\/sites\\\/6\\\/2021\\\/09\\\/Turk-okullari.jpg\",\"articleSection\":[\"Haberler\",\"T\u00fcrkiye\u2019de Az\u0131nl\u0131klar\"],\"inLanguage\":\"en-US\",\"potentialAction\":[{\"@type\":\"CommentAction\",\"name\":\"Comment\",\"target\":[\"https:\\\/\\\/akunq.net\\\/tr\\\/?p=64810#respond\"]}]},{\"@type\":\"WebPage\",\"@id\":\"https:\\\/\\\/akunq.net\\\/tr\\\/?p=64810\",\"url\":\"https:\\\/\\\/akunq.net\\\/tr\\\/?p=64810\",\"name\":\"\u2018Ya T\u00fcrk\u00e7e konu\u015f ya da sus\u2019 - Bati Ermenistan Ve Bati Ermenileri Sorunlari Ara\u015ftirmalar Merkezi\",\"isPartOf\":{\"@id\":\"https:\\\/\\\/akunq.net\\\/tr\\\/#website\"},\"primaryImageOfPage\":{\"@id\":\"https:\\\/\\\/akunq.net\\\/tr\\\/?p=64810#primaryimage\"},\"image\":{\"@id\":\"https:\\\/\\\/akunq.net\\\/tr\\\/?p=64810#primaryimage\"},\"thumbnailUrl\":\"https:\\\/\\\/akunq.net\\\/tr\\\/wp-content\\\/uploads\\\/sites\\\/6\\\/2021\\\/09\\\/Turk-okullari.jpg\",\"datePublished\":\"2021-09-22T09:00:18+00:00\",\"author\":{\"@id\":\"https:\\\/\\\/akunq.net\\\/tr\\\/#\\\/schema\\\/person\\\/096f1d38a12cce57fb855b485ed24c9e\"},\"breadcrumb\":{\"@id\":\"https:\\\/\\\/akunq.net\\\/tr\\\/?p=64810#breadcrumb\"},\"inLanguage\":\"en-US\",\"potentialAction\":[{\"@type\":\"ReadAction\",\"target\":[\"https:\\\/\\\/akunq.net\\\/tr\\\/?p=64810\"]}]},{\"@type\":\"ImageObject\",\"inLanguage\":\"en-US\",\"@id\":\"https:\\\/\\\/akunq.net\\\/tr\\\/?p=64810#primaryimage\",\"url\":\"https:\\\/\\\/akunq.net\\\/tr\\\/wp-content\\\/uploads\\\/sites\\\/6\\\/2021\\\/09\\\/Turk-okullari.jpg\",\"contentUrl\":\"https:\\\/\\\/akunq.net\\\/tr\\\/wp-content\\\/uploads\\\/sites\\\/6\\\/2021\\\/09\\\/Turk-okullari.jpg\",\"width\":706,\"height\":431},{\"@type\":\"BreadcrumbList\",\"@id\":\"https:\\\/\\\/akunq.net\\\/tr\\\/?p=64810#breadcrumb\",\"itemListElement\":[{\"@type\":\"ListItem\",\"position\":1,\"name\":\"Home\",\"item\":\"https:\\\/\\\/akunq.net\\\/tr\"},{\"@type\":\"ListItem\",\"position\":2,\"name\":\"\u2018Ya T\u00fcrk\u00e7e konu\u015f ya da sus\u2019\"}]},{\"@type\":\"WebSite\",\"@id\":\"https:\\\/\\\/akunq.net\\\/tr\\\/#website\",\"url\":\"https:\\\/\\\/akunq.net\\\/tr\\\/\",\"name\":\"Bati Ermenistan Ve Bati Ermenileri Sorunlari Ara\u015ftirmalar Merkezi\",\"description\":\"\",\"potentialAction\":[{\"@type\":\"SearchAction\",\"target\":{\"@type\":\"EntryPoint\",\"urlTemplate\":\"https:\\\/\\\/akunq.net\\\/tr\\\/?s={search_term_string}\"},\"query-input\":{\"@type\":\"PropertyValueSpecification\",\"valueRequired\":true,\"valueName\":\"search_term_string\"}}],\"inLanguage\":\"en-US\"},{\"@type\":\"Person\",\"@id\":\"https:\\\/\\\/akunq.net\\\/tr\\\/#\\\/schema\\\/person\\\/096f1d38a12cce57fb855b485ed24c9e\",\"name\":\"admin\",\"url\":\"https:\\\/\\\/akunq.net\\\/tr\\\/?author=7\"}]}<\/script>\n<!-- \/ Yoast SEO plugin. -->","yoast_head_json":{"title":"\u2018Ya T\u00fcrk\u00e7e konu\u015f ya da sus\u2019 - Bati Ermenistan Ve Bati Ermenileri Sorunlari Ara\u015ftirmalar Merkezi","robots":{"index":"index","follow":"follow","max-snippet":"max-snippet:-1","max-image-preview":"max-image-preview:large","max-video-preview":"max-video-preview:-1"},"canonical":"https:\/\/akunq.net\/tr\/?p=64810","og_locale":"en_US","og_type":"article","og_title":"\u2018Ya T\u00fcrk\u00e7e konu\u015f ya da sus\u2019 - Bati Ermenistan Ve Bati Ermenileri Sorunlari Ara\u015ftirmalar Merkezi","og_description":"Cihan DEN\u0130Z\u00a0 Adana-Seyhan\u2019da b\u00fcy\u00fck \u00e7o\u011funlu\u011fu K\u00fcrt olan bir okul merdiveninde \u015funlar yazmaktad\u0131r: \u201cYa T\u00fcrk\u00e7e konu\u015f ya da sus.\u201d Biraz tarih bilinci olan herkes i\u00e7in bu yaz\u0131lanlar\u0131n m\u00fcnferit olmad\u0131\u011f\u0131 ve T\u00fcrk siyasetinin \u00f6zeti oldu\u011funu g\u00f6recektir. T\u00fcrkiye\u2019de okullar a\u00e7\u0131ld\u0131. Ama okullar sadece e\u011fitim sisteminde art\u0131k kronik hale gelmi\u015f yap\u0131sal sorunlarla, en temel derslerdeki \u00f6\u011fretmen a\u00e7\u0131\u011f\u0131yla, bilimsellikten her [&hellip;]","og_url":"https:\/\/akunq.net\/tr\/?p=64810","og_site_name":"Bati Ermenistan Ve Bati Ermenileri Sorunlari Ara\u015ftirmalar Merkezi","article_published_time":"2021-09-22T09:00:18+00:00","og_image":[{"width":706,"height":431,"url":"https:\/\/akunq.net\/tr\/wp-content\/uploads\/sites\/6\/2021\/09\/Turk-okullari.jpg","type":"image\/jpeg"}],"author":"admin","twitter_card":"summary_large_image","twitter_misc":{"Written by":"admin","Est. reading time":"4 minutes"},"schema":{"@context":"https:\/\/schema.org","@graph":[{"@type":"Article","@id":"https:\/\/akunq.net\/tr\/?p=64810#article","isPartOf":{"@id":"https:\/\/akunq.net\/tr\/?p=64810"},"author":{"name":"admin","@id":"https:\/\/akunq.net\/tr\/#\/schema\/person\/096f1d38a12cce57fb855b485ed24c9e"},"headline":"\u2018Ya T\u00fcrk\u00e7e konu\u015f ya da sus\u2019","datePublished":"2021-09-22T09:00:18+00:00","mainEntityOfPage":{"@id":"https:\/\/akunq.net\/tr\/?p=64810"},"wordCount":878,"commentCount":0,"image":{"@id":"https:\/\/akunq.net\/tr\/?p=64810#primaryimage"},"thumbnailUrl":"https:\/\/akunq.net\/tr\/wp-content\/uploads\/sites\/6\/2021\/09\/Turk-okullari.jpg","articleSection":["Haberler","T\u00fcrkiye\u2019de Az\u0131nl\u0131klar"],"inLanguage":"en-US","potentialAction":[{"@type":"CommentAction","name":"Comment","target":["https:\/\/akunq.net\/tr\/?p=64810#respond"]}]},{"@type":"WebPage","@id":"https:\/\/akunq.net\/tr\/?p=64810","url":"https:\/\/akunq.net\/tr\/?p=64810","name":"\u2018Ya T\u00fcrk\u00e7e konu\u015f ya da sus\u2019 - Bati Ermenistan Ve Bati Ermenileri Sorunlari Ara\u015ftirmalar Merkezi","isPartOf":{"@id":"https:\/\/akunq.net\/tr\/#website"},"primaryImageOfPage":{"@id":"https:\/\/akunq.net\/tr\/?p=64810#primaryimage"},"image":{"@id":"https:\/\/akunq.net\/tr\/?p=64810#primaryimage"},"thumbnailUrl":"https:\/\/akunq.net\/tr\/wp-content\/uploads\/sites\/6\/2021\/09\/Turk-okullari.jpg","datePublished":"2021-09-22T09:00:18+00:00","author":{"@id":"https:\/\/akunq.net\/tr\/#\/schema\/person\/096f1d38a12cce57fb855b485ed24c9e"},"breadcrumb":{"@id":"https:\/\/akunq.net\/tr\/?p=64810#breadcrumb"},"inLanguage":"en-US","potentialAction":[{"@type":"ReadAction","target":["https:\/\/akunq.net\/tr\/?p=64810"]}]},{"@type":"ImageObject","inLanguage":"en-US","@id":"https:\/\/akunq.net\/tr\/?p=64810#primaryimage","url":"https:\/\/akunq.net\/tr\/wp-content\/uploads\/sites\/6\/2021\/09\/Turk-okullari.jpg","contentUrl":"https:\/\/akunq.net\/tr\/wp-content\/uploads\/sites\/6\/2021\/09\/Turk-okullari.jpg","width":706,"height":431},{"@type":"BreadcrumbList","@id":"https:\/\/akunq.net\/tr\/?p=64810#breadcrumb","itemListElement":[{"@type":"ListItem","position":1,"name":"Home","item":"https:\/\/akunq.net\/tr"},{"@type":"ListItem","position":2,"name":"\u2018Ya T\u00fcrk\u00e7e konu\u015f ya da sus\u2019"}]},{"@type":"WebSite","@id":"https:\/\/akunq.net\/tr\/#website","url":"https:\/\/akunq.net\/tr\/","name":"Bati Ermenistan Ve Bati Ermenileri Sorunlari Ara\u015ftirmalar Merkezi","description":"","potentialAction":[{"@type":"SearchAction","target":{"@type":"EntryPoint","urlTemplate":"https:\/\/akunq.net\/tr\/?s={search_term_string}"},"query-input":{"@type":"PropertyValueSpecification","valueRequired":true,"valueName":"search_term_string"}}],"inLanguage":"en-US"},{"@type":"Person","@id":"https:\/\/akunq.net\/tr\/#\/schema\/person\/096f1d38a12cce57fb855b485ed24c9e","name":"admin","url":"https:\/\/akunq.net\/tr\/?author=7"}]}},"_links":{"self":[{"href":"https:\/\/akunq.net\/tr\/index.php?rest_route=\/wp\/v2\/posts\/64810","targetHints":{"allow":["GET"]}}],"collection":[{"href":"https:\/\/akunq.net\/tr\/index.php?rest_route=\/wp\/v2\/posts"}],"about":[{"href":"https:\/\/akunq.net\/tr\/index.php?rest_route=\/wp\/v2\/types\/post"}],"author":[{"embeddable":true,"href":"https:\/\/akunq.net\/tr\/index.php?rest_route=\/wp\/v2\/users\/7"}],"replies":[{"embeddable":true,"href":"https:\/\/akunq.net\/tr\/index.php?rest_route=%2Fwp%2Fv2%2Fcomments&post=64810"}],"version-history":[{"count":1,"href":"https:\/\/akunq.net\/tr\/index.php?rest_route=\/wp\/v2\/posts\/64810\/revisions"}],"predecessor-version":[{"id":64812,"href":"https:\/\/akunq.net\/tr\/index.php?rest_route=\/wp\/v2\/posts\/64810\/revisions\/64812"}],"wp:featuredmedia":[{"embeddable":true,"href":"https:\/\/akunq.net\/tr\/index.php?rest_route=\/wp\/v2\/media\/64811"}],"wp:attachment":[{"href":"https:\/\/akunq.net\/tr\/index.php?rest_route=%2Fwp%2Fv2%2Fmedia&parent=64810"}],"wp:term":[{"taxonomy":"category","embeddable":true,"href":"https:\/\/akunq.net\/tr\/index.php?rest_route=%2Fwp%2Fv2%2Fcategories&post=64810"},{"taxonomy":"post_tag","embeddable":true,"href":"https:\/\/akunq.net\/tr\/index.php?rest_route=%2Fwp%2Fv2%2Ftags&post=64810"}],"curies":[{"name":"wp","href":"https:\/\/api.w.org\/{rel}","templated":true}]}}