{"id":64804,"date":"2021-09-22T03:39:30","date_gmt":"2021-09-22T08:39:30","guid":{"rendered":"https:\/\/akunq.net\/tr\/?p=64804"},"modified":"2021-09-22T03:39:30","modified_gmt":"2021-09-22T08:39:30","slug":"huzura-kavusan-agri-daginin-ararat-akunq-web-sitesi-igdir-rotasi-da-dogaseverlerin-ugrak-yeri-oldu","status":"publish","type":"post","link":"https:\/\/akunq.net\/tr\/?p=64804","title":{"rendered":"Huzura kavu\u015fan A\u011fr\u0131 Da\u011f\u0131\u2019n\u0131n (Ararat-&#8216;Akunq&#8217; web sitesi) I\u011fd\u0131r rotas\u0131 da do\u011faseverlerin u\u011frak yeri oldu"},"content":{"rendered":"<p><img loading=\"lazy\" decoding=\"async\" class=\"aligncenter size-medium wp-image-64805\" src=\"https:\/\/akunq.net\/tr\/wp-content\/uploads\/2021\/09\/Ararat-360x203.jpg\" alt=\"\" width=\"360\" height=\"203\" srcset=\"https:\/\/akunq.net\/tr\/wp-content\/uploads\/sites\/6\/2021\/09\/Ararat-360x203.jpg 360w, https:\/\/akunq.net\/tr\/wp-content\/uploads\/sites\/6\/2021\/09\/Ararat-768x432.jpg 768w, https:\/\/akunq.net\/tr\/wp-content\/uploads\/sites\/6\/2021\/09\/Ararat-560x315.jpg 560w, https:\/\/akunq.net\/tr\/wp-content\/uploads\/sites\/6\/2021\/09\/Ararat-260x146.jpg 260w, https:\/\/akunq.net\/tr\/wp-content\/uploads\/sites\/6\/2021\/09\/Ararat-160x90.jpg 160w, https:\/\/akunq.net\/tr\/wp-content\/uploads\/sites\/6\/2021\/09\/Ararat.jpg 864w\" sizes=\"auto, (max-width: 360px) 100vw, 360px\" \/><\/p>\n<p><strong><em>Ge\u00e7mi\u015fte ter\u00f6r olaylar\u0131yla g\u00fcndeme gelen, yurdun en y\u00fcksek noktas\u0131 A\u011fr\u0131 Da\u011f\u0131\u2019n\u0131n (Ararat-&#8216;Akunq&#8217; web sitesi) I\u011fd\u0131r rotas\u0131, da\u011fc\u0131lar\u0131n ilgisini \u00e7ekiyor.<\/em><\/strong><\/p>\n<p><strong>B\u00fclent Mavzer<\/strong><\/p>\n<p>5 bin 137 metre y\u00fcksekli\u011fiyle \u201cT\u00fcrkiye\u2019nin \u00e7at\u0131s\u0131\u201d olarak nitelendirilen ve bir s\u00fcre \u00f6nce ter\u00f6rden temizlenerek da\u011fc\u0131lara a\u00e7\u0131lan A\u011fr\u0131-I\u011fd\u0131r s\u0131n\u0131r\u0131ndaki A\u011fr\u0131 Da\u011f\u0131, da\u011fc\u0131lar ve do\u011faseverlerin u\u011frak yeri oluyor.<\/p>\n<p>A\u011fr\u0131 Da\u011f\u0131\u2019na t\u0131rmanmak isteyen da\u011fc\u0131lar, da\u011fa hem A\u011fr\u0131\u2019n\u0131n Do\u011fubayaz\u0131t il\u00e7esi hem de I\u011fd\u0131r taraf\u0131ndaki farkl\u0131 rotalardan t\u0131rman\u0131\u015f yapabiliyor.<\/p>\n<p>Da\u011f\u0131n I\u011fd\u0131r kesimindeki kuzeybat\u0131 rotas\u0131, do\u011faseverlere bir\u00e7ok g\u00fczelli\u011fi de sunuyor. \u00d6zellikle da\u011fc\u0131l\u0131k sporunda aranan farkl\u0131 parkurlar\u0131, zengin floras\u0131 ve 3 bin 500 metre rak\u0131mdaki K\u00fcp G\u00f6l\u00fc\u2019n\u00fc b\u00fcnyesinde bar\u0131nd\u0131ran rota, da\u011fc\u0131lar\u0131n yan\u0131 s\u0131ra do\u011faseverler ve ara\u015ft\u0131rmac\u0131lar taraf\u0131ndan da tercih ediliyor.<\/p>\n<p>Da\u011fc\u0131lar ve do\u011faseverler, K\u00fcp G\u00f6l\u00fc\u2019n\u00fc g\u00f6rmek ve da\u011f\u0131n kuzeybat\u0131 rotas\u0131n\u0131 gezmek i\u00e7in A\u011fr\u0131 Da\u011f\u0131\u2019na g\u00fcn\u00fcbirlik t\u0131rman\u0131\u015flar yap\u0131yor.<\/p>\n<p>I\u011fd\u0131r\u2019da sabah saatlerinde bulu\u015farak da\u011fa t\u0131rmanmaya ba\u015flayan da\u011fc\u0131lar ve do\u011faseverler, 4-5 saatlik t\u0131rman\u0131\u015fla geldikleri K\u00fcp G\u00f6l\u00fc \u00e7evresinde tertemiz bir havada do\u011fayla ba\u015f ba\u015fa vakit ge\u00e7irip daha sonra da\u011fdan ini\u015fe ge\u00e7iyor.<\/p>\n<p>K\u0131\u015f aylar\u0131nda y\u00fczeyi donan, eriyen kar sular\u0131yla ilkbaharda tamamen dolan g\u00f6lde yaz\u0131n ise su b\u00fcy\u00fck oranda \u00e7ekiliyor.<\/p>\n<p>Zirve Da\u011fc\u0131l\u0131k ve Do\u011fa Sporlar\u0131 Kul\u00fcb\u00fc sporcular\u0131ndan Murat Akku\u015f, AA muhabirine, bir\u00e7ok da\u011fc\u0131n\u0131n A\u011fr\u0131 Da\u011f\u0131\u2019na t\u0131rmand\u0131\u011f\u0131n\u0131, son zamanlarda K\u00fcp G\u00f6l\u00fc\u2019ne de ilginin artt\u0131\u011f\u0131n\u0131 s\u00f6yledi.<\/p>\n<p>G\u00f6le ula\u015f\u0131m\u0131n y\u0131l\u0131n her mevsiminde m\u00fcmk\u00fcn oldu\u011funu ve her y\u0131l farkl\u0131 b\u00f6lgelerden sporcular\u0131 burada a\u011f\u0131rlad\u0131klar\u0131n\u0131 belirten Akku\u015f, \u201cK\u00fcp G\u00f6l\u00fc, A\u011fr\u0131 Da\u011f\u0131\u2019n\u0131n buzullar\u0131n\u0131n erimesiyle beslenen, y\u00fcksek rak\u0131ml\u0131 bir g\u00f6l. Bu nedenle \u00e7ok ilgi \u00e7ekiyor. Bu g\u00f6l\u00fcn tan\u0131t\u0131lmas\u0131n\u0131 istiyoruz. B\u00fct\u00fcn do\u011faseverleri, da\u011fc\u0131lar\u0131 buraya gelip bu g\u00fczelli\u011fi ke\u015ffetmeye davet ediyoruz.\u201d dedi.<\/p>\n<p>\u201cG\u00fczel do\u011fas\u0131 olan, da\u011fc\u0131l\u0131\u011fa m\u00fcsait bir yer\u201d<br \/>\nSporculardan Azer Serhat Karaba\u011f ise A\u011fr\u0131 Da\u011f\u0131\u2019n\u0131n \u00e7ok ilgi \u00e7eken bir da\u011f oldu\u011funu, K\u00fcp G\u00f6l\u00fc\u2019n\u00fcn de b\u00f6yle bir da\u011f\u0131n ba\u011fr\u0131nda bulunmas\u0131ndan dolay\u0131 ilgi \u00e7ekti\u011fini belirterek, \u015funlar\u0131 s\u00f6yledi:<\/p>\n<p>\u201cBu g\u00fczelli\u011fi ke\u015ffetmek i\u00e7in zorlu bir yolu katederek geldik. A\u011fr\u0131 Da\u011f\u0131, T\u00fcrkiye\u2019nin en y\u00fcksek da\u011f\u0131, K\u00fcp G\u00f6l\u00fc, A\u011fr\u0131 Da\u011f\u0131\u2019n\u0131n buzullar\u0131n\u0131n hemen alt\u0131nda, g\u00fczel do\u011fas\u0131 olan, da\u011fc\u0131l\u0131\u011fa m\u00fcsait bir yer. Kul\u00fcp olarak amac\u0131m\u0131z bu g\u00f6l\u00fcn rotas\u0131n\u0131 belirlemek ve buray\u0131 turizme kazand\u0131rmakt\u0131r. Yurt i\u00e7i ve d\u0131\u015f\u0131ndaki b\u00fct\u00fcn da\u011fc\u0131lar\u0131n I\u011fd\u0131r rotas\u0131n\u0131 ke\u015ffetmesini istiyoruz. Buran\u0131n ve A\u011fr\u0131 Da\u011f\u0131\u2019n\u0131n memleketimize \u00e7ok do\u011fasever ve sporcu getirece\u011fine de inan\u0131yoruz.\u201d<\/p>\n<p><strong><em>https:\/\/www.aa.com.tr\/tr\/yasam\/huzura-kavusan-agri-daginin-igdir-rotasi-da-dogaseverlerin-ugrak-yeri-oldu\/2369457\u00a0<\/em><\/strong><\/p>\n","protected":false},"excerpt":{"rendered":"<p>Ge\u00e7mi\u015fte ter\u00f6r olaylar\u0131yla g\u00fcndeme gelen, yurdun en y\u00fcksek noktas\u0131 A\u011fr\u0131 Da\u011f\u0131\u2019n\u0131n (Ararat-&#8216;Akunq&#8217; web sitesi) I\u011fd\u0131r rotas\u0131, da\u011fc\u0131lar\u0131n ilgisini \u00e7ekiyor. B\u00fclent Mavzer 5 bin 137 metre y\u00fcksekli\u011fiyle \u201cT\u00fcrkiye\u2019nin \u00e7at\u0131s\u0131\u201d olarak nitelendirilen ve bir s\u00fcre \u00f6nce ter\u00f6rden temizlenerek da\u011fc\u0131lara a\u00e7\u0131lan A\u011fr\u0131-I\u011fd\u0131r s\u0131n\u0131r\u0131ndaki A\u011fr\u0131 Da\u011f\u0131, da\u011fc\u0131lar ve do\u011faseverlerin u\u011frak yeri oluyor. A\u011fr\u0131 Da\u011f\u0131\u2019na t\u0131rmanmak isteyen da\u011fc\u0131lar, da\u011fa hem [&hellip;]<\/p>\n","protected":false},"author":7,"featured_media":64805,"comment_status":"open","ping_status":"open","sticky":false,"template":"","format":"standard","meta":{"footnotes":""},"categories":[22,1],"tags":[],"class_list":["post-64804","post","type-post","status-publish","format-standard","has-post-thumbnail","hentry","category-gunumuzde-bati-ermenistan","category-haberler"],"yoast_head":"<!-- This site is optimized with the Yoast SEO plugin v27.4 - https:\/\/yoast.com\/product\/yoast-seo-wordpress\/ -->\n<title>Huzura kavu\u015fan A\u011fr\u0131 Da\u011f\u0131\u2019n\u0131n (Ararat-&#039;Akunq&#039; web sitesi) I\u011fd\u0131r rotas\u0131 da do\u011faseverlerin u\u011frak yeri oldu - Bati Ermenistan Ve Bati Ermenileri Sorunlari Ara\u015ftirmalar Merkezi<\/title>\n<meta name=\"robots\" content=\"index, follow, max-snippet:-1, max-image-preview:large, max-video-preview:-1\" \/>\n<link rel=\"canonical\" href=\"https:\/\/akunq.net\/tr\/?p=64804\" \/>\n<meta property=\"og:locale\" content=\"en_US\" \/>\n<meta property=\"og:type\" content=\"article\" \/>\n<meta property=\"og:title\" content=\"Huzura kavu\u015fan A\u011fr\u0131 Da\u011f\u0131\u2019n\u0131n (Ararat-&#039;Akunq&#039; web sitesi) I\u011fd\u0131r rotas\u0131 da do\u011faseverlerin u\u011frak yeri oldu - Bati Ermenistan Ve Bati Ermenileri Sorunlari Ara\u015ftirmalar Merkezi\" \/>\n<meta property=\"og:description\" content=\"Ge\u00e7mi\u015fte ter\u00f6r olaylar\u0131yla g\u00fcndeme gelen, yurdun en y\u00fcksek noktas\u0131 A\u011fr\u0131 Da\u011f\u0131\u2019n\u0131n (Ararat-&#8216;Akunq&#8217; web sitesi) I\u011fd\u0131r rotas\u0131, da\u011fc\u0131lar\u0131n ilgisini \u00e7ekiyor. B\u00fclent Mavzer 5 bin 137 metre y\u00fcksekli\u011fiyle \u201cT\u00fcrkiye\u2019nin \u00e7at\u0131s\u0131\u201d olarak nitelendirilen ve bir s\u00fcre \u00f6nce ter\u00f6rden temizlenerek da\u011fc\u0131lara a\u00e7\u0131lan A\u011fr\u0131-I\u011fd\u0131r s\u0131n\u0131r\u0131ndaki A\u011fr\u0131 Da\u011f\u0131, da\u011fc\u0131lar ve do\u011faseverlerin u\u011frak yeri oluyor. A\u011fr\u0131 Da\u011f\u0131\u2019na t\u0131rmanmak isteyen da\u011fc\u0131lar, da\u011fa hem [&hellip;]\" \/>\n<meta property=\"og:url\" content=\"https:\/\/akunq.net\/tr\/?p=64804\" \/>\n<meta property=\"og:site_name\" content=\"Bati Ermenistan Ve Bati Ermenileri Sorunlari Ara\u015ftirmalar Merkezi\" \/>\n<meta property=\"article:published_time\" content=\"2021-09-22T08:39:30+00:00\" \/>\n<meta property=\"og:image\" content=\"https:\/\/akunq.net\/tr\/wp-content\/uploads\/sites\/6\/2021\/09\/Ararat.jpg\" \/>\n\t<meta property=\"og:image:width\" content=\"864\" \/>\n\t<meta property=\"og:image:height\" content=\"486\" \/>\n\t<meta property=\"og:image:type\" content=\"image\/jpeg\" \/>\n<meta name=\"author\" content=\"admin\" \/>\n<meta name=\"twitter:card\" content=\"summary_large_image\" \/>\n<meta name=\"twitter:label1\" content=\"Written by\" \/>\n\t<meta name=\"twitter:data1\" content=\"admin\" \/>\n\t<meta name=\"twitter:label2\" content=\"Est. reading time\" \/>\n\t<meta name=\"twitter:data2\" content=\"3 minutes\" \/>\n<script type=\"application\/ld+json\" class=\"yoast-schema-graph\">{\"@context\":\"https:\\\/\\\/schema.org\",\"@graph\":[{\"@type\":\"Article\",\"@id\":\"https:\\\/\\\/akunq.net\\\/tr\\\/?p=64804#article\",\"isPartOf\":{\"@id\":\"https:\\\/\\\/akunq.net\\\/tr\\\/?p=64804\"},\"author\":{\"name\":\"admin\",\"@id\":\"https:\\\/\\\/akunq.net\\\/tr\\\/#\\\/schema\\\/person\\\/096f1d38a12cce57fb855b485ed24c9e\"},\"headline\":\"Huzura kavu\u015fan A\u011fr\u0131 Da\u011f\u0131\u2019n\u0131n (Ararat-&#8216;Akunq&#8217; web sitesi) I\u011fd\u0131r rotas\u0131 da do\u011faseverlerin u\u011frak yeri oldu\",\"datePublished\":\"2021-09-22T08:39:30+00:00\",\"mainEntityOfPage\":{\"@id\":\"https:\\\/\\\/akunq.net\\\/tr\\\/?p=64804\"},\"wordCount\":610,\"commentCount\":0,\"image\":{\"@id\":\"https:\\\/\\\/akunq.net\\\/tr\\\/?p=64804#primaryimage\"},\"thumbnailUrl\":\"https:\\\/\\\/akunq.net\\\/tr\\\/wp-content\\\/uploads\\\/sites\\\/6\\\/2021\\\/09\\\/Ararat.jpg\",\"articleSection\":[\"G\u00fcn\u00fcm\u00fczde Bat\u0131 Ermenistan\",\"Haberler\"],\"inLanguage\":\"en-US\",\"potentialAction\":[{\"@type\":\"CommentAction\",\"name\":\"Comment\",\"target\":[\"https:\\\/\\\/akunq.net\\\/tr\\\/?p=64804#respond\"]}]},{\"@type\":\"WebPage\",\"@id\":\"https:\\\/\\\/akunq.net\\\/tr\\\/?p=64804\",\"url\":\"https:\\\/\\\/akunq.net\\\/tr\\\/?p=64804\",\"name\":\"Huzura kavu\u015fan A\u011fr\u0131 Da\u011f\u0131\u2019n\u0131n (Ararat-'Akunq' web sitesi) I\u011fd\u0131r rotas\u0131 da do\u011faseverlerin u\u011frak yeri oldu - Bati Ermenistan Ve Bati Ermenileri Sorunlari Ara\u015ftirmalar Merkezi\",\"isPartOf\":{\"@id\":\"https:\\\/\\\/akunq.net\\\/tr\\\/#website\"},\"primaryImageOfPage\":{\"@id\":\"https:\\\/\\\/akunq.net\\\/tr\\\/?p=64804#primaryimage\"},\"image\":{\"@id\":\"https:\\\/\\\/akunq.net\\\/tr\\\/?p=64804#primaryimage\"},\"thumbnailUrl\":\"https:\\\/\\\/akunq.net\\\/tr\\\/wp-content\\\/uploads\\\/sites\\\/6\\\/2021\\\/09\\\/Ararat.jpg\",\"datePublished\":\"2021-09-22T08:39:30+00:00\",\"author\":{\"@id\":\"https:\\\/\\\/akunq.net\\\/tr\\\/#\\\/schema\\\/person\\\/096f1d38a12cce57fb855b485ed24c9e\"},\"breadcrumb\":{\"@id\":\"https:\\\/\\\/akunq.net\\\/tr\\\/?p=64804#breadcrumb\"},\"inLanguage\":\"en-US\",\"potentialAction\":[{\"@type\":\"ReadAction\",\"target\":[\"https:\\\/\\\/akunq.net\\\/tr\\\/?p=64804\"]}]},{\"@type\":\"ImageObject\",\"inLanguage\":\"en-US\",\"@id\":\"https:\\\/\\\/akunq.net\\\/tr\\\/?p=64804#primaryimage\",\"url\":\"https:\\\/\\\/akunq.net\\\/tr\\\/wp-content\\\/uploads\\\/sites\\\/6\\\/2021\\\/09\\\/Ararat.jpg\",\"contentUrl\":\"https:\\\/\\\/akunq.net\\\/tr\\\/wp-content\\\/uploads\\\/sites\\\/6\\\/2021\\\/09\\\/Ararat.jpg\",\"width\":864,\"height\":486},{\"@type\":\"BreadcrumbList\",\"@id\":\"https:\\\/\\\/akunq.net\\\/tr\\\/?p=64804#breadcrumb\",\"itemListElement\":[{\"@type\":\"ListItem\",\"position\":1,\"name\":\"Home\",\"item\":\"https:\\\/\\\/akunq.net\\\/tr\"},{\"@type\":\"ListItem\",\"position\":2,\"name\":\"Huzura kavu\u015fan A\u011fr\u0131 Da\u011f\u0131\u2019n\u0131n (Ararat-&#8216;Akunq&#8217; web sitesi) I\u011fd\u0131r rotas\u0131 da do\u011faseverlerin u\u011frak yeri oldu\"}]},{\"@type\":\"WebSite\",\"@id\":\"https:\\\/\\\/akunq.net\\\/tr\\\/#website\",\"url\":\"https:\\\/\\\/akunq.net\\\/tr\\\/\",\"name\":\"Bati Ermenistan Ve Bati Ermenileri Sorunlari Ara\u015ftirmalar Merkezi\",\"description\":\"\",\"potentialAction\":[{\"@type\":\"SearchAction\",\"target\":{\"@type\":\"EntryPoint\",\"urlTemplate\":\"https:\\\/\\\/akunq.net\\\/tr\\\/?s={search_term_string}\"},\"query-input\":{\"@type\":\"PropertyValueSpecification\",\"valueRequired\":true,\"valueName\":\"search_term_string\"}}],\"inLanguage\":\"en-US\"},{\"@type\":\"Person\",\"@id\":\"https:\\\/\\\/akunq.net\\\/tr\\\/#\\\/schema\\\/person\\\/096f1d38a12cce57fb855b485ed24c9e\",\"name\":\"admin\",\"url\":\"https:\\\/\\\/akunq.net\\\/tr\\\/?author=7\"}]}<\/script>\n<!-- \/ Yoast SEO plugin. -->","yoast_head_json":{"title":"Huzura kavu\u015fan A\u011fr\u0131 Da\u011f\u0131\u2019n\u0131n (Ararat-'Akunq' web sitesi) I\u011fd\u0131r rotas\u0131 da do\u011faseverlerin u\u011frak yeri oldu - Bati Ermenistan Ve Bati Ermenileri Sorunlari Ara\u015ftirmalar Merkezi","robots":{"index":"index","follow":"follow","max-snippet":"max-snippet:-1","max-image-preview":"max-image-preview:large","max-video-preview":"max-video-preview:-1"},"canonical":"https:\/\/akunq.net\/tr\/?p=64804","og_locale":"en_US","og_type":"article","og_title":"Huzura kavu\u015fan A\u011fr\u0131 Da\u011f\u0131\u2019n\u0131n (Ararat-'Akunq' web sitesi) I\u011fd\u0131r rotas\u0131 da do\u011faseverlerin u\u011frak yeri oldu - Bati Ermenistan Ve Bati Ermenileri Sorunlari Ara\u015ftirmalar Merkezi","og_description":"Ge\u00e7mi\u015fte ter\u00f6r olaylar\u0131yla g\u00fcndeme gelen, yurdun en y\u00fcksek noktas\u0131 A\u011fr\u0131 Da\u011f\u0131\u2019n\u0131n (Ararat-&#8216;Akunq&#8217; web sitesi) I\u011fd\u0131r rotas\u0131, da\u011fc\u0131lar\u0131n ilgisini \u00e7ekiyor. B\u00fclent Mavzer 5 bin 137 metre y\u00fcksekli\u011fiyle \u201cT\u00fcrkiye\u2019nin \u00e7at\u0131s\u0131\u201d olarak nitelendirilen ve bir s\u00fcre \u00f6nce ter\u00f6rden temizlenerek da\u011fc\u0131lara a\u00e7\u0131lan A\u011fr\u0131-I\u011fd\u0131r s\u0131n\u0131r\u0131ndaki A\u011fr\u0131 Da\u011f\u0131, da\u011fc\u0131lar ve do\u011faseverlerin u\u011frak yeri oluyor. A\u011fr\u0131 Da\u011f\u0131\u2019na t\u0131rmanmak isteyen da\u011fc\u0131lar, da\u011fa hem [&hellip;]","og_url":"https:\/\/akunq.net\/tr\/?p=64804","og_site_name":"Bati Ermenistan Ve Bati Ermenileri Sorunlari Ara\u015ftirmalar Merkezi","article_published_time":"2021-09-22T08:39:30+00:00","og_image":[{"width":864,"height":486,"url":"https:\/\/akunq.net\/tr\/wp-content\/uploads\/sites\/6\/2021\/09\/Ararat.jpg","type":"image\/jpeg"}],"author":"admin","twitter_card":"summary_large_image","twitter_misc":{"Written by":"admin","Est. reading time":"3 minutes"},"schema":{"@context":"https:\/\/schema.org","@graph":[{"@type":"Article","@id":"https:\/\/akunq.net\/tr\/?p=64804#article","isPartOf":{"@id":"https:\/\/akunq.net\/tr\/?p=64804"},"author":{"name":"admin","@id":"https:\/\/akunq.net\/tr\/#\/schema\/person\/096f1d38a12cce57fb855b485ed24c9e"},"headline":"Huzura kavu\u015fan A\u011fr\u0131 Da\u011f\u0131\u2019n\u0131n (Ararat-&#8216;Akunq&#8217; web sitesi) I\u011fd\u0131r rotas\u0131 da do\u011faseverlerin u\u011frak yeri oldu","datePublished":"2021-09-22T08:39:30+00:00","mainEntityOfPage":{"@id":"https:\/\/akunq.net\/tr\/?p=64804"},"wordCount":610,"commentCount":0,"image":{"@id":"https:\/\/akunq.net\/tr\/?p=64804#primaryimage"},"thumbnailUrl":"https:\/\/akunq.net\/tr\/wp-content\/uploads\/sites\/6\/2021\/09\/Ararat.jpg","articleSection":["G\u00fcn\u00fcm\u00fczde Bat\u0131 Ermenistan","Haberler"],"inLanguage":"en-US","potentialAction":[{"@type":"CommentAction","name":"Comment","target":["https:\/\/akunq.net\/tr\/?p=64804#respond"]}]},{"@type":"WebPage","@id":"https:\/\/akunq.net\/tr\/?p=64804","url":"https:\/\/akunq.net\/tr\/?p=64804","name":"Huzura kavu\u015fan A\u011fr\u0131 Da\u011f\u0131\u2019n\u0131n (Ararat-'Akunq' web sitesi) I\u011fd\u0131r rotas\u0131 da do\u011faseverlerin u\u011frak yeri oldu - Bati Ermenistan Ve Bati Ermenileri Sorunlari Ara\u015ftirmalar Merkezi","isPartOf":{"@id":"https:\/\/akunq.net\/tr\/#website"},"primaryImageOfPage":{"@id":"https:\/\/akunq.net\/tr\/?p=64804#primaryimage"},"image":{"@id":"https:\/\/akunq.net\/tr\/?p=64804#primaryimage"},"thumbnailUrl":"https:\/\/akunq.net\/tr\/wp-content\/uploads\/sites\/6\/2021\/09\/Ararat.jpg","datePublished":"2021-09-22T08:39:30+00:00","author":{"@id":"https:\/\/akunq.net\/tr\/#\/schema\/person\/096f1d38a12cce57fb855b485ed24c9e"},"breadcrumb":{"@id":"https:\/\/akunq.net\/tr\/?p=64804#breadcrumb"},"inLanguage":"en-US","potentialAction":[{"@type":"ReadAction","target":["https:\/\/akunq.net\/tr\/?p=64804"]}]},{"@type":"ImageObject","inLanguage":"en-US","@id":"https:\/\/akunq.net\/tr\/?p=64804#primaryimage","url":"https:\/\/akunq.net\/tr\/wp-content\/uploads\/sites\/6\/2021\/09\/Ararat.jpg","contentUrl":"https:\/\/akunq.net\/tr\/wp-content\/uploads\/sites\/6\/2021\/09\/Ararat.jpg","width":864,"height":486},{"@type":"BreadcrumbList","@id":"https:\/\/akunq.net\/tr\/?p=64804#breadcrumb","itemListElement":[{"@type":"ListItem","position":1,"name":"Home","item":"https:\/\/akunq.net\/tr"},{"@type":"ListItem","position":2,"name":"Huzura kavu\u015fan A\u011fr\u0131 Da\u011f\u0131\u2019n\u0131n (Ararat-&#8216;Akunq&#8217; web sitesi) I\u011fd\u0131r rotas\u0131 da do\u011faseverlerin u\u011frak yeri oldu"}]},{"@type":"WebSite","@id":"https:\/\/akunq.net\/tr\/#website","url":"https:\/\/akunq.net\/tr\/","name":"Bati Ermenistan Ve Bati Ermenileri Sorunlari Ara\u015ftirmalar Merkezi","description":"","potentialAction":[{"@type":"SearchAction","target":{"@type":"EntryPoint","urlTemplate":"https:\/\/akunq.net\/tr\/?s={search_term_string}"},"query-input":{"@type":"PropertyValueSpecification","valueRequired":true,"valueName":"search_term_string"}}],"inLanguage":"en-US"},{"@type":"Person","@id":"https:\/\/akunq.net\/tr\/#\/schema\/person\/096f1d38a12cce57fb855b485ed24c9e","name":"admin","url":"https:\/\/akunq.net\/tr\/?author=7"}]}},"_links":{"self":[{"href":"https:\/\/akunq.net\/tr\/index.php?rest_route=\/wp\/v2\/posts\/64804","targetHints":{"allow":["GET"]}}],"collection":[{"href":"https:\/\/akunq.net\/tr\/index.php?rest_route=\/wp\/v2\/posts"}],"about":[{"href":"https:\/\/akunq.net\/tr\/index.php?rest_route=\/wp\/v2\/types\/post"}],"author":[{"embeddable":true,"href":"https:\/\/akunq.net\/tr\/index.php?rest_route=\/wp\/v2\/users\/7"}],"replies":[{"embeddable":true,"href":"https:\/\/akunq.net\/tr\/index.php?rest_route=%2Fwp%2Fv2%2Fcomments&post=64804"}],"version-history":[{"count":1,"href":"https:\/\/akunq.net\/tr\/index.php?rest_route=\/wp\/v2\/posts\/64804\/revisions"}],"predecessor-version":[{"id":64806,"href":"https:\/\/akunq.net\/tr\/index.php?rest_route=\/wp\/v2\/posts\/64804\/revisions\/64806"}],"wp:featuredmedia":[{"embeddable":true,"href":"https:\/\/akunq.net\/tr\/index.php?rest_route=\/wp\/v2\/media\/64805"}],"wp:attachment":[{"href":"https:\/\/akunq.net\/tr\/index.php?rest_route=%2Fwp%2Fv2%2Fmedia&parent=64804"}],"wp:term":[{"taxonomy":"category","embeddable":true,"href":"https:\/\/akunq.net\/tr\/index.php?rest_route=%2Fwp%2Fv2%2Fcategories&post=64804"},{"taxonomy":"post_tag","embeddable":true,"href":"https:\/\/akunq.net\/tr\/index.php?rest_route=%2Fwp%2Fv2%2Ftags&post=64804"}],"curies":[{"name":"wp","href":"https:\/\/api.w.org\/{rel}","templated":true}]}}