{"id":64786,"date":"2021-09-17T03:21:33","date_gmt":"2021-09-17T08:21:33","guid":{"rendered":"https:\/\/akunq.net\/tr\/?p=64786"},"modified":"2021-09-17T03:21:33","modified_gmt":"2021-09-17T08:21:33","slug":"van-golunde-buyuk-tehlike-1-kilometreye-ulasti","status":"publish","type":"post","link":"https:\/\/akunq.net\/tr\/?p=64786","title":{"rendered":"Van G\u00f6l\u00fc\u2019nde b\u00fcy\u00fck tehlike! 1 kilometreye ula\u015ft\u0131"},"content":{"rendered":"<p><img loading=\"lazy\" decoding=\"async\" class=\"aligncenter size-medium wp-image-64787\" src=\"https:\/\/akunq.net\/tr\/wp-content\/uploads\/2021\/09\/Van-360x240.jpg\" alt=\"\" width=\"360\" height=\"240\" srcset=\"https:\/\/akunq.net\/tr\/wp-content\/uploads\/sites\/6\/2021\/09\/Van-360x240.jpg 360w, https:\/\/akunq.net\/tr\/wp-content\/uploads\/sites\/6\/2021\/09\/Van-768x512.jpg 768w, https:\/\/akunq.net\/tr\/wp-content\/uploads\/sites\/6\/2021\/09\/Van-560x373.jpg 560w, https:\/\/akunq.net\/tr\/wp-content\/uploads\/sites\/6\/2021\/09\/Van-260x173.jpg 260w, https:\/\/akunq.net\/tr\/wp-content\/uploads\/sites\/6\/2021\/09\/Van-160x107.jpg 160w, https:\/\/akunq.net\/tr\/wp-content\/uploads\/sites\/6\/2021\/09\/Van.jpg 800w\" sizes=\"auto, (max-width: 360px) 100vw, 360px\" \/><\/p>\n<p><em><strong>Van G\u00f6l\u00fc, T\u00fcrkiye\u2019nin en b\u00fcy\u00fck g\u00f6l\u00fc olma \u00f6zelli\u011fine sahip ve \u00e7ok say\u0131da koya da ev sahipli\u011fi yap\u0131yor. Ancak uzmanlara g\u00f6re, Van G\u00f6l\u00fc\u2019nde son iki y\u0131ld\u0131r ya\u015fanan kurakl\u0131k normalin \u00e7ok \u00fczerine \u00e7\u0131km\u0131\u015f durumda. E\u011fer b\u00f6yle giderse \u00f6n\u00fcm\u00fczdeki y\u0131llarda b\u00fcy\u00fck \u00e7apta bir kurakl\u0131k kap\u0131m\u0131z\u0131 \u00e7alacak. Peki, kurakl\u0131ktaki bu ani art\u0131\u015f\u0131n sebebi ne? Uzmanlar, \u201cBu konuda radikal kararlar almam\u0131z laz\u0131m\u201d diyerek b\u00f6lgede tar\u0131m\u0131 yap\u0131lan bir \u00fcr\u00fcne dikkat \u00e7ekiyor.<\/strong><\/em><\/p>\n<p>\u0130hsan Dindar \/ Milliyet.com.tr \u2013 T\u00fcrkiye\u2019nin hem en b\u00fcy\u00fck g\u00f6l\u00fc hem de en \u00f6nemli sodal\u0131 su kayna\u011f\u0131 olan Van G\u00f6l\u00fc, kendine has bir ekosisteme sahip. Ancak Van G\u00f6l\u00fc\u2019nde son iki y\u0131ld\u0131r ya\u015fanan kurakl\u0131k nedeniyle su seviyesinde ciddi d\u00fc\u015f\u00fc\u015fler ya\u015fanmaya ba\u015flad\u0131. Son hesaplamalara g\u00f6re, Van G\u00f6l\u00fc\u2019ndeki \u00e7ekilme, 1 kilometreyi a\u015fm\u0131\u015f durumda.<\/p>\n<p>800 bin y\u0131ll\u0131k bir ge\u00e7mi\u015fi bulunan Van G\u00f6l\u00fc, tarih boyunca \u00e7e\u015fitli nedenlerden \u00f6t\u00fcr\u00fc boyut de\u011fi\u015ftirmi\u015f ve kimi zaman \u015fu anki seviyesinin \u00e7ok daha alt\u0131nda bir alana yay\u0131lm\u0131\u015ft\u0131. \u0130nsanl\u0131k tarihi i\u00e7in de \u00f6nemli bir yer olan Van G\u00f6l\u00fc, d\u00f6rt g\u00f6le ev sahipli\u011fi yap\u0131yor. Akdamar gibi her y\u0131l binlerce turisti a\u011f\u0131rlayan b\u00f6lge, turistik a\u00e7\u0131dan da b\u00fcy\u00fck bir \u00f6neme sahip.<\/p>\n<p>\u0130nci kefali gibi nadide bir bal\u0131k t\u00fcr\u00fcne ev sahipli\u011fi yapan g\u00f6lde ya\u015fanan kurakl\u0131k, canl\u0131lar\u0131 da olumsuz etkiliyor. Kurakl\u0131kla birlikte yanl\u0131\u015f sulama nedeniyle ya\u015fanan bu olumsuzluk b\u00f6lgenin gelece\u011fini tehdit ediyor.<\/p>\n<p><strong>\u2018KAPALI OLMASI SEBEB\u0130YLE \u00c7OK HASSAS B\u0130R G\u00d6L\u2019<\/strong><\/p>\n<p>Konu hakk\u0131nda g\u00f6r\u00fc\u015flerine ba\u015fvurdu\u011fumuz Van Y\u00fcz\u00fcnc\u00fc Y\u0131l \u00dcniversitesi Su \u00dcr\u00fcnleri Fak\u00fcltesi\u2019nden Dr. Mustafa Akku\u015f kar\u015f\u0131 kar\u015f\u0131ya olunan tehlikeye dikkat \u00e7ekiyor. Dr. Akku\u015f, \u201cVan G\u00f6l\u00fc, kapal\u0131 bir g\u00f6l olmas\u0131 sebebiyle \u00e7ok hassas bir g\u00f6l. Van G\u00f6l\u00fc\u2019n\u00fcn d\u0131\u015far\u0131ya herhangi bir su ak\u0131nt\u0131s\u0131 yok. Van G\u00f6l\u00fc\u2019n\u00fcn b\u00fct\u00fcn b\u00fct\u00e7esi, i\u00e7indeki dinamiklerle de\u011fi\u015fiyor. G\u00f6le su girdisi k\u0131\u015f ve sonbahar aylar\u0131ndaki kar ile ya\u011fmur aylar\u0131ndan ibaret. G\u00f6lden suyun uzakla\u015fmas\u0131 ise buharla\u015fma yoluyla oluyor. Bu buharla\u015fman\u0131n fazla oldu\u011fu d\u00f6nemlerde su seviyesinde azalma g\u00f6r\u00fcyoruz\u201d dedi.<\/p>\n<p><strong>SON \u0130K\u0130 YILDIR \u00c7EK\u0130LME NORMAL\u0130N \u00dcZER\u0130NDE<\/strong><\/p>\n<p>800 bin y\u0131ll\u0131k tarihi boyunca g\u00f6l, b\u00fcy\u00fcy\u00fcp k\u00fc\u00e7\u00fclm\u00fc\u015f. Zaman i\u00e7erisinde g\u00f6l \u00f6ylesine b\u00fcy\u00fcm\u00fc\u015f ki bug\u00fcnk\u00fc Van merkezi ve il\u00e7eleri sular alt\u0131nda kalm\u0131\u015f. \u015eu anki Van G\u00f6l\u00fc kotu, 6 bin y\u0131ll\u0131k bir ge\u00e7mi\u015fe sahip. Van G\u00f6l\u00fc mevsimsel olarak her y\u0131l 1 il\u00e2 bir 1.5 metre y\u00fckselip al\u00e7alma g\u00f6steriyor. Ancak son iki y\u0131ld\u0131r ya\u015fanan \u00e7ekilme normalin \u00fczerinde.<\/p>\n<p><strong>\u2018TARIMSAL KURAKLIK KAPIDA\u2019<\/strong><\/p>\n<p>Ya\u015fanan sorunun sadece kurakl\u0131ktan kaynaklanmad\u0131\u011f\u0131n\u0131 ifade eden Dr. Mustafa Akku\u015f, \u201cBundan 10-15 y\u0131l \u00f6ncesinde ekim ay\u0131nda ba\u015flayan kar ya\u011f\u0131\u015f\u0131, ocak ay\u0131nda ba\u015flar oldu. K\u0131\u015f\u0131n kar ya\u011f\u0131\u015f\u0131 olarak d\u00fc\u015fmesi gereken ya\u011f\u0131\u015f, ya\u011fmur olarak d\u00fc\u015f\u00fcyor. Bir taraftan k\u0131\u015f k\u0131sal\u0131yor, bir taraftan da yaz mevsiminin s\u00fcresi uzuyor. H\u00e2l b\u00f6yle olunca buharla\u015fma miktar\u0131 art\u0131yor\u201d bilgisini payla\u015f\u0131yor.<\/p>\n<p>\u201cBuharla\u015fma ilk olarak e\u011fimin az oldu\u011fu b\u00f6lgelerde g\u00f6r\u00fcl\u00fcyor. Bu da daha \u00e7ok Erci\u015f\u2019te ya\u015fan\u0131yor\u201d diyen Akku\u015f, \u201cBizler kurakl\u0131\u011f\u0131 d\u00f6rt a\u015famada ifade ediyoruz. Birincisi meteorolojik kurakl\u0131k. \u0130kincisi hidrolojik kurakl\u0131k ki \u015fu an bunu ya\u015f\u0131yoruz. \u00d6n\u00fcm\u00fczdeki y\u0131l da tar\u0131msal kurakl\u0131\u011f\u0131 ciddi bi\u00e7imde hissedece\u011fiz. Tar\u0131msal kurakl\u0131\u011f\u0131n pe\u015finden de sosyo-ekonomik kurakl\u0131k ba\u015flar\u201d uyar\u0131s\u0131nda bulunuyor.<\/p>\n<p><strong>\u015eEKER PANCARI EK\u0130M\u0130 VAN G\u00d6L\u00dc \u0130\u00c7\u0130N B\u00dcY\u00dcK B\u0130R TEHL\u0130KE!<\/strong><\/p>\n<p>Son olarak Van G\u00f6l\u00fc havzas\u0131ndaki ekosisteme de\u011finen Akku\u015f, \u201cVan G\u00f6l\u00fc\u2019n\u00fcn en b\u00fcy\u00fck \u015fans\u0131n\u0131n sular\u0131n\u0131n sodal\u0131 olmas\u0131\u201d oldu\u011funu belirtiyor. \u201cTatl\u0131 su g\u00f6lleri tar\u0131msal faaliyetlerde kullan\u0131ld\u0131\u011f\u0131 i\u00e7in su seviyelerinde azalma olmu\u015ftu. Bu konuda radikal kararlar almam\u0131z laz\u0131m. \u00c7ok su isteyen bitkileri s\u00fcbvanse ediyoruz\u201d vurgusunu yapan Akku\u015f\u2019a g\u00f6re, \u015feker pancar\u0131 ekimi Van G\u00f6l\u00fc havzas\u0131 i\u00e7in b\u00fcy\u00fck bir tehlike.<\/p>\n<p>Akku\u015f, \u201c\u015eeker pancar\u0131 \u00e7ok fazla su isteyen bir bitki. Suyu burada kullanmamam\u0131z gerekiyor. Her bir damla suyumuz de\u011ferli. Salma sulamadan vazge\u00e7memiz gerekiyor. Yonca ve \u015feker pancar\u0131 suyun az oldu\u011fu b\u00f6lgelerde olmamal\u0131\u201d diyor.<\/p>\n<p><strong>\u2018\u00c7OK GE\u00c7 KALMI\u015e SAYILMAYIZ\u2019<\/strong><\/p>\n<p>Van G\u00f6l\u00fc, ayr\u0131ca \u00f6nemli bir bal\u0131k\u00e7\u0131l\u0131k g\u00f6l\u00fc. Ancak ge\u00e7ti\u011fimiz g\u00fcnlerde Erci\u015f\u2019te su seviyesinin azalmas\u0131 sebebiyle karaya oturan tekneler i\u015f makineleriyle yap\u0131lan \u00e7al\u0131\u015fman\u0131n ard\u0131ndan g\u00f6le a\u00e7\u0131labilmi\u015fti. Oysa T\u00fcrkiye\u2019de sadece Van G\u00f6l\u00fc\u2019nde ya\u015fayan inci kefali bal\u0131\u011f\u0131 hem ekosistem hem de ekonomik anlamda de\u011ferli.<\/p>\n<p>Akku\u015f, \u201c30 bin ton bal\u0131k i\u00e7 sulardan elde edilirken Van G\u00f6l\u00fc bunun \u00fc\u00e7te birini inci kefaliyle kar\u015f\u0131lar. Bu bal\u0131klar \u00fcremek i\u00e7in Van G\u00f6l\u00fc\u2019ne d\u00f6k\u00fclen akarsulara g\u00f6\u00e7 ediyor. 15 bin insan\u0131n ge\u00e7imi de buna ba\u011fl\u0131. Ancak g\u00f6l\u00fcn debisi s\u00fcrekli d\u00fc\u015f\u00fcyor. \u015eu an i\u00e7in \u00e7ok ge\u00e7 kalm\u0131\u015f say\u0131lmay\u0131z\u201d a\u00e7\u0131klamas\u0131nda bulunuyor.<\/p>\n<p><em><strong>https:\/\/www.milliyet.com.tr\/gundem\/son-dakika-van-golunde-buyuk-tehlike-1-kilometreye-ulasti-6598461\u00a0<\/strong><\/em><\/p>\n","protected":false},"excerpt":{"rendered":"<p>Van G\u00f6l\u00fc, T\u00fcrkiye\u2019nin en b\u00fcy\u00fck g\u00f6l\u00fc olma \u00f6zelli\u011fine sahip ve \u00e7ok say\u0131da koya da ev sahipli\u011fi yap\u0131yor. Ancak uzmanlara g\u00f6re, Van G\u00f6l\u00fc\u2019nde son iki y\u0131ld\u0131r ya\u015fanan kurakl\u0131k normalin \u00e7ok \u00fczerine \u00e7\u0131km\u0131\u015f durumda. E\u011fer b\u00f6yle giderse \u00f6n\u00fcm\u00fczdeki y\u0131llarda b\u00fcy\u00fck \u00e7apta bir kurakl\u0131k kap\u0131m\u0131z\u0131 \u00e7alacak. Peki, kurakl\u0131ktaki bu ani art\u0131\u015f\u0131n sebebi ne? Uzmanlar, \u201cBu konuda radikal kararlar [&hellip;]<\/p>\n","protected":false},"author":7,"featured_media":64787,"comment_status":"open","ping_status":"open","sticky":false,"template":"","format":"standard","meta":{"footnotes":""},"categories":[22,1],"tags":[],"class_list":["post-64786","post","type-post","status-publish","format-standard","has-post-thumbnail","hentry","category-gunumuzde-bati-ermenistan","category-haberler"],"yoast_head":"<!-- This site is optimized with the Yoast SEO plugin v27.4 - https:\/\/yoast.com\/product\/yoast-seo-wordpress\/ -->\n<title>Van G\u00f6l\u00fc\u2019nde b\u00fcy\u00fck tehlike! 1 kilometreye ula\u015ft\u0131 - Bati Ermenistan Ve Bati Ermenileri Sorunlari Ara\u015ftirmalar Merkezi<\/title>\n<meta name=\"robots\" content=\"index, follow, max-snippet:-1, max-image-preview:large, max-video-preview:-1\" \/>\n<link rel=\"canonical\" href=\"https:\/\/akunq.net\/tr\/?p=64786\" \/>\n<meta property=\"og:locale\" content=\"en_US\" \/>\n<meta property=\"og:type\" content=\"article\" \/>\n<meta property=\"og:title\" content=\"Van G\u00f6l\u00fc\u2019nde b\u00fcy\u00fck tehlike! 1 kilometreye ula\u015ft\u0131 - Bati Ermenistan Ve Bati Ermenileri Sorunlari Ara\u015ftirmalar Merkezi\" \/>\n<meta property=\"og:description\" content=\"Van G\u00f6l\u00fc, T\u00fcrkiye\u2019nin en b\u00fcy\u00fck g\u00f6l\u00fc olma \u00f6zelli\u011fine sahip ve \u00e7ok say\u0131da koya da ev sahipli\u011fi yap\u0131yor. Ancak uzmanlara g\u00f6re, Van G\u00f6l\u00fc\u2019nde son iki y\u0131ld\u0131r ya\u015fanan kurakl\u0131k normalin \u00e7ok \u00fczerine \u00e7\u0131km\u0131\u015f durumda. E\u011fer b\u00f6yle giderse \u00f6n\u00fcm\u00fczdeki y\u0131llarda b\u00fcy\u00fck \u00e7apta bir kurakl\u0131k kap\u0131m\u0131z\u0131 \u00e7alacak. Peki, kurakl\u0131ktaki bu ani art\u0131\u015f\u0131n sebebi ne? Uzmanlar, \u201cBu konuda radikal kararlar [&hellip;]\" \/>\n<meta property=\"og:url\" content=\"https:\/\/akunq.net\/tr\/?p=64786\" \/>\n<meta property=\"og:site_name\" content=\"Bati Ermenistan Ve Bati Ermenileri Sorunlari Ara\u015ftirmalar Merkezi\" \/>\n<meta property=\"article:published_time\" content=\"2021-09-17T08:21:33+00:00\" \/>\n<meta property=\"og:image\" content=\"https:\/\/akunq.net\/tr\/wp-content\/uploads\/sites\/6\/2021\/09\/Van.jpg\" \/>\n\t<meta property=\"og:image:width\" content=\"800\" \/>\n\t<meta property=\"og:image:height\" content=\"533\" \/>\n\t<meta property=\"og:image:type\" content=\"image\/jpeg\" \/>\n<meta name=\"author\" content=\"admin\" \/>\n<meta name=\"twitter:card\" content=\"summary_large_image\" \/>\n<meta name=\"twitter:label1\" content=\"Written by\" \/>\n\t<meta name=\"twitter:data1\" content=\"admin\" \/>\n\t<meta name=\"twitter:label2\" content=\"Est. reading time\" \/>\n\t<meta name=\"twitter:data2\" content=\"5 minutes\" \/>\n<script type=\"application\/ld+json\" class=\"yoast-schema-graph\">{\"@context\":\"https:\\\/\\\/schema.org\",\"@graph\":[{\"@type\":\"Article\",\"@id\":\"https:\\\/\\\/akunq.net\\\/tr\\\/?p=64786#article\",\"isPartOf\":{\"@id\":\"https:\\\/\\\/akunq.net\\\/tr\\\/?p=64786\"},\"author\":{\"name\":\"admin\",\"@id\":\"https:\\\/\\\/akunq.net\\\/tr\\\/#\\\/schema\\\/person\\\/096f1d38a12cce57fb855b485ed24c9e\"},\"headline\":\"Van G\u00f6l\u00fc\u2019nde b\u00fcy\u00fck tehlike! 1 kilometreye ula\u015ft\u0131\",\"datePublished\":\"2021-09-17T08:21:33+00:00\",\"mainEntityOfPage\":{\"@id\":\"https:\\\/\\\/akunq.net\\\/tr\\\/?p=64786\"},\"wordCount\":950,\"commentCount\":0,\"image\":{\"@id\":\"https:\\\/\\\/akunq.net\\\/tr\\\/?p=64786#primaryimage\"},\"thumbnailUrl\":\"https:\\\/\\\/akunq.net\\\/tr\\\/wp-content\\\/uploads\\\/sites\\\/6\\\/2021\\\/09\\\/Van.jpg\",\"articleSection\":[\"G\u00fcn\u00fcm\u00fczde Bat\u0131 Ermenistan\",\"Haberler\"],\"inLanguage\":\"en-US\",\"potentialAction\":[{\"@type\":\"CommentAction\",\"name\":\"Comment\",\"target\":[\"https:\\\/\\\/akunq.net\\\/tr\\\/?p=64786#respond\"]}]},{\"@type\":\"WebPage\",\"@id\":\"https:\\\/\\\/akunq.net\\\/tr\\\/?p=64786\",\"url\":\"https:\\\/\\\/akunq.net\\\/tr\\\/?p=64786\",\"name\":\"Van G\u00f6l\u00fc\u2019nde b\u00fcy\u00fck tehlike! 1 kilometreye ula\u015ft\u0131 - Bati Ermenistan Ve Bati Ermenileri Sorunlari Ara\u015ftirmalar Merkezi\",\"isPartOf\":{\"@id\":\"https:\\\/\\\/akunq.net\\\/tr\\\/#website\"},\"primaryImageOfPage\":{\"@id\":\"https:\\\/\\\/akunq.net\\\/tr\\\/?p=64786#primaryimage\"},\"image\":{\"@id\":\"https:\\\/\\\/akunq.net\\\/tr\\\/?p=64786#primaryimage\"},\"thumbnailUrl\":\"https:\\\/\\\/akunq.net\\\/tr\\\/wp-content\\\/uploads\\\/sites\\\/6\\\/2021\\\/09\\\/Van.jpg\",\"datePublished\":\"2021-09-17T08:21:33+00:00\",\"author\":{\"@id\":\"https:\\\/\\\/akunq.net\\\/tr\\\/#\\\/schema\\\/person\\\/096f1d38a12cce57fb855b485ed24c9e\"},\"breadcrumb\":{\"@id\":\"https:\\\/\\\/akunq.net\\\/tr\\\/?p=64786#breadcrumb\"},\"inLanguage\":\"en-US\",\"potentialAction\":[{\"@type\":\"ReadAction\",\"target\":[\"https:\\\/\\\/akunq.net\\\/tr\\\/?p=64786\"]}]},{\"@type\":\"ImageObject\",\"inLanguage\":\"en-US\",\"@id\":\"https:\\\/\\\/akunq.net\\\/tr\\\/?p=64786#primaryimage\",\"url\":\"https:\\\/\\\/akunq.net\\\/tr\\\/wp-content\\\/uploads\\\/sites\\\/6\\\/2021\\\/09\\\/Van.jpg\",\"contentUrl\":\"https:\\\/\\\/akunq.net\\\/tr\\\/wp-content\\\/uploads\\\/sites\\\/6\\\/2021\\\/09\\\/Van.jpg\",\"width\":800,\"height\":533},{\"@type\":\"BreadcrumbList\",\"@id\":\"https:\\\/\\\/akunq.net\\\/tr\\\/?p=64786#breadcrumb\",\"itemListElement\":[{\"@type\":\"ListItem\",\"position\":1,\"name\":\"Home\",\"item\":\"https:\\\/\\\/akunq.net\\\/tr\"},{\"@type\":\"ListItem\",\"position\":2,\"name\":\"Van G\u00f6l\u00fc\u2019nde b\u00fcy\u00fck tehlike! 1 kilometreye ula\u015ft\u0131\"}]},{\"@type\":\"WebSite\",\"@id\":\"https:\\\/\\\/akunq.net\\\/tr\\\/#website\",\"url\":\"https:\\\/\\\/akunq.net\\\/tr\\\/\",\"name\":\"Bati Ermenistan Ve Bati Ermenileri Sorunlari Ara\u015ftirmalar Merkezi\",\"description\":\"\",\"potentialAction\":[{\"@type\":\"SearchAction\",\"target\":{\"@type\":\"EntryPoint\",\"urlTemplate\":\"https:\\\/\\\/akunq.net\\\/tr\\\/?s={search_term_string}\"},\"query-input\":{\"@type\":\"PropertyValueSpecification\",\"valueRequired\":true,\"valueName\":\"search_term_string\"}}],\"inLanguage\":\"en-US\"},{\"@type\":\"Person\",\"@id\":\"https:\\\/\\\/akunq.net\\\/tr\\\/#\\\/schema\\\/person\\\/096f1d38a12cce57fb855b485ed24c9e\",\"name\":\"admin\",\"url\":\"https:\\\/\\\/akunq.net\\\/tr\\\/?author=7\"}]}<\/script>\n<!-- \/ Yoast SEO plugin. -->","yoast_head_json":{"title":"Van G\u00f6l\u00fc\u2019nde b\u00fcy\u00fck tehlike! 1 kilometreye ula\u015ft\u0131 - Bati Ermenistan Ve Bati Ermenileri Sorunlari Ara\u015ftirmalar Merkezi","robots":{"index":"index","follow":"follow","max-snippet":"max-snippet:-1","max-image-preview":"max-image-preview:large","max-video-preview":"max-video-preview:-1"},"canonical":"https:\/\/akunq.net\/tr\/?p=64786","og_locale":"en_US","og_type":"article","og_title":"Van G\u00f6l\u00fc\u2019nde b\u00fcy\u00fck tehlike! 1 kilometreye ula\u015ft\u0131 - Bati Ermenistan Ve Bati Ermenileri Sorunlari Ara\u015ftirmalar Merkezi","og_description":"Van G\u00f6l\u00fc, T\u00fcrkiye\u2019nin en b\u00fcy\u00fck g\u00f6l\u00fc olma \u00f6zelli\u011fine sahip ve \u00e7ok say\u0131da koya da ev sahipli\u011fi yap\u0131yor. Ancak uzmanlara g\u00f6re, Van G\u00f6l\u00fc\u2019nde son iki y\u0131ld\u0131r ya\u015fanan kurakl\u0131k normalin \u00e7ok \u00fczerine \u00e7\u0131km\u0131\u015f durumda. E\u011fer b\u00f6yle giderse \u00f6n\u00fcm\u00fczdeki y\u0131llarda b\u00fcy\u00fck \u00e7apta bir kurakl\u0131k kap\u0131m\u0131z\u0131 \u00e7alacak. Peki, kurakl\u0131ktaki bu ani art\u0131\u015f\u0131n sebebi ne? Uzmanlar, \u201cBu konuda radikal kararlar [&hellip;]","og_url":"https:\/\/akunq.net\/tr\/?p=64786","og_site_name":"Bati Ermenistan Ve Bati Ermenileri Sorunlari Ara\u015ftirmalar Merkezi","article_published_time":"2021-09-17T08:21:33+00:00","og_image":[{"width":800,"height":533,"url":"https:\/\/akunq.net\/tr\/wp-content\/uploads\/sites\/6\/2021\/09\/Van.jpg","type":"image\/jpeg"}],"author":"admin","twitter_card":"summary_large_image","twitter_misc":{"Written by":"admin","Est. reading time":"5 minutes"},"schema":{"@context":"https:\/\/schema.org","@graph":[{"@type":"Article","@id":"https:\/\/akunq.net\/tr\/?p=64786#article","isPartOf":{"@id":"https:\/\/akunq.net\/tr\/?p=64786"},"author":{"name":"admin","@id":"https:\/\/akunq.net\/tr\/#\/schema\/person\/096f1d38a12cce57fb855b485ed24c9e"},"headline":"Van G\u00f6l\u00fc\u2019nde b\u00fcy\u00fck tehlike! 1 kilometreye ula\u015ft\u0131","datePublished":"2021-09-17T08:21:33+00:00","mainEntityOfPage":{"@id":"https:\/\/akunq.net\/tr\/?p=64786"},"wordCount":950,"commentCount":0,"image":{"@id":"https:\/\/akunq.net\/tr\/?p=64786#primaryimage"},"thumbnailUrl":"https:\/\/akunq.net\/tr\/wp-content\/uploads\/sites\/6\/2021\/09\/Van.jpg","articleSection":["G\u00fcn\u00fcm\u00fczde Bat\u0131 Ermenistan","Haberler"],"inLanguage":"en-US","potentialAction":[{"@type":"CommentAction","name":"Comment","target":["https:\/\/akunq.net\/tr\/?p=64786#respond"]}]},{"@type":"WebPage","@id":"https:\/\/akunq.net\/tr\/?p=64786","url":"https:\/\/akunq.net\/tr\/?p=64786","name":"Van G\u00f6l\u00fc\u2019nde b\u00fcy\u00fck tehlike! 1 kilometreye ula\u015ft\u0131 - Bati Ermenistan Ve Bati Ermenileri Sorunlari Ara\u015ftirmalar Merkezi","isPartOf":{"@id":"https:\/\/akunq.net\/tr\/#website"},"primaryImageOfPage":{"@id":"https:\/\/akunq.net\/tr\/?p=64786#primaryimage"},"image":{"@id":"https:\/\/akunq.net\/tr\/?p=64786#primaryimage"},"thumbnailUrl":"https:\/\/akunq.net\/tr\/wp-content\/uploads\/sites\/6\/2021\/09\/Van.jpg","datePublished":"2021-09-17T08:21:33+00:00","author":{"@id":"https:\/\/akunq.net\/tr\/#\/schema\/person\/096f1d38a12cce57fb855b485ed24c9e"},"breadcrumb":{"@id":"https:\/\/akunq.net\/tr\/?p=64786#breadcrumb"},"inLanguage":"en-US","potentialAction":[{"@type":"ReadAction","target":["https:\/\/akunq.net\/tr\/?p=64786"]}]},{"@type":"ImageObject","inLanguage":"en-US","@id":"https:\/\/akunq.net\/tr\/?p=64786#primaryimage","url":"https:\/\/akunq.net\/tr\/wp-content\/uploads\/sites\/6\/2021\/09\/Van.jpg","contentUrl":"https:\/\/akunq.net\/tr\/wp-content\/uploads\/sites\/6\/2021\/09\/Van.jpg","width":800,"height":533},{"@type":"BreadcrumbList","@id":"https:\/\/akunq.net\/tr\/?p=64786#breadcrumb","itemListElement":[{"@type":"ListItem","position":1,"name":"Home","item":"https:\/\/akunq.net\/tr"},{"@type":"ListItem","position":2,"name":"Van G\u00f6l\u00fc\u2019nde b\u00fcy\u00fck tehlike! 1 kilometreye ula\u015ft\u0131"}]},{"@type":"WebSite","@id":"https:\/\/akunq.net\/tr\/#website","url":"https:\/\/akunq.net\/tr\/","name":"Bati Ermenistan Ve Bati Ermenileri Sorunlari Ara\u015ftirmalar Merkezi","description":"","potentialAction":[{"@type":"SearchAction","target":{"@type":"EntryPoint","urlTemplate":"https:\/\/akunq.net\/tr\/?s={search_term_string}"},"query-input":{"@type":"PropertyValueSpecification","valueRequired":true,"valueName":"search_term_string"}}],"inLanguage":"en-US"},{"@type":"Person","@id":"https:\/\/akunq.net\/tr\/#\/schema\/person\/096f1d38a12cce57fb855b485ed24c9e","name":"admin","url":"https:\/\/akunq.net\/tr\/?author=7"}]}},"_links":{"self":[{"href":"https:\/\/akunq.net\/tr\/index.php?rest_route=\/wp\/v2\/posts\/64786","targetHints":{"allow":["GET"]}}],"collection":[{"href":"https:\/\/akunq.net\/tr\/index.php?rest_route=\/wp\/v2\/posts"}],"about":[{"href":"https:\/\/akunq.net\/tr\/index.php?rest_route=\/wp\/v2\/types\/post"}],"author":[{"embeddable":true,"href":"https:\/\/akunq.net\/tr\/index.php?rest_route=\/wp\/v2\/users\/7"}],"replies":[{"embeddable":true,"href":"https:\/\/akunq.net\/tr\/index.php?rest_route=%2Fwp%2Fv2%2Fcomments&post=64786"}],"version-history":[{"count":1,"href":"https:\/\/akunq.net\/tr\/index.php?rest_route=\/wp\/v2\/posts\/64786\/revisions"}],"predecessor-version":[{"id":64788,"href":"https:\/\/akunq.net\/tr\/index.php?rest_route=\/wp\/v2\/posts\/64786\/revisions\/64788"}],"wp:featuredmedia":[{"embeddable":true,"href":"https:\/\/akunq.net\/tr\/index.php?rest_route=\/wp\/v2\/media\/64787"}],"wp:attachment":[{"href":"https:\/\/akunq.net\/tr\/index.php?rest_route=%2Fwp%2Fv2%2Fmedia&parent=64786"}],"wp:term":[{"taxonomy":"category","embeddable":true,"href":"https:\/\/akunq.net\/tr\/index.php?rest_route=%2Fwp%2Fv2%2Fcategories&post=64786"},{"taxonomy":"post_tag","embeddable":true,"href":"https:\/\/akunq.net\/tr\/index.php?rest_route=%2Fwp%2Fv2%2Ftags&post=64786"}],"curies":[{"name":"wp","href":"https:\/\/api.w.org\/{rel}","templated":true}]}}