{"id":64783,"date":"2021-09-17T02:38:04","date_gmt":"2021-09-17T07:38:04","guid":{"rendered":"https:\/\/akunq.net\/tr\/?p=64783"},"modified":"2021-09-17T02:38:04","modified_gmt":"2021-09-17T07:38:04","slug":"yol-yapim-calismalari-sirasinda-2-bin-yillik-lahit-bulundu","status":"publish","type":"post","link":"https:\/\/akunq.net\/tr\/?p=64783","title":{"rendered":"Yol yap\u0131m \u00e7al\u0131\u015fmalar\u0131 s\u0131ras\u0131nda 2 bin y\u0131ll\u0131k lahit bulundu"},"content":{"rendered":"<p><img loading=\"lazy\" decoding=\"async\" class=\"aligncenter size-medium wp-image-64784\" src=\"https:\/\/akunq.net\/tr\/wp-content\/uploads\/2021\/09\/2-bin-y\u0131l-\u00f6ncesine-ait-oldu\u011fu-\u00f6ng\u00f6r\u00fclen-lahit-360x203.jpg\" alt=\"\" width=\"360\" height=\"203\" srcset=\"https:\/\/akunq.net\/tr\/wp-content\/uploads\/sites\/6\/2021\/09\/2-bin-y\u0131l-\u00f6ncesine-ait-oldu\u011fu-\u00f6ng\u00f6r\u00fclen-lahit-360x203.jpg 360w, https:\/\/akunq.net\/tr\/wp-content\/uploads\/sites\/6\/2021\/09\/2-bin-y\u0131l-\u00f6ncesine-ait-oldu\u011fu-\u00f6ng\u00f6r\u00fclen-lahit-768x432.jpg 768w, https:\/\/akunq.net\/tr\/wp-content\/uploads\/sites\/6\/2021\/09\/2-bin-y\u0131l-\u00f6ncesine-ait-oldu\u011fu-\u00f6ng\u00f6r\u00fclen-lahit-1536x864.jpg 1536w, https:\/\/akunq.net\/tr\/wp-content\/uploads\/sites\/6\/2021\/09\/2-bin-y\u0131l-\u00f6ncesine-ait-oldu\u011fu-\u00f6ng\u00f6r\u00fclen-lahit-560x315.jpg 560w, https:\/\/akunq.net\/tr\/wp-content\/uploads\/sites\/6\/2021\/09\/2-bin-y\u0131l-\u00f6ncesine-ait-oldu\u011fu-\u00f6ng\u00f6r\u00fclen-lahit-260x146.jpg 260w, https:\/\/akunq.net\/tr\/wp-content\/uploads\/sites\/6\/2021\/09\/2-bin-y\u0131l-\u00f6ncesine-ait-oldu\u011fu-\u00f6ng\u00f6r\u00fclen-lahit-160x90.jpg 160w, https:\/\/akunq.net\/tr\/wp-content\/uploads\/sites\/6\/2021\/09\/2-bin-y\u0131l-\u00f6ncesine-ait-oldu\u011fu-\u00f6ng\u00f6r\u00fclen-lahit.jpg 2048w\" sizes=\"auto, (max-width: 360px) 100vw, 360px\" \/><\/p>\n<p><strong><em>Ordu\u2019nun Fatsa il\u00e7esinde yol yap\u0131m \u00e7al\u0131\u015fmalar\u0131nda yap\u0131lan kaz\u0131lar s\u0131ras\u0131nda yakla\u015f\u0131k 2 bin y\u0131l \u00f6ncesine ait oldu\u011fu \u00f6ng\u00f6r\u00fclen lahit mezar bulundu.<\/em><\/strong><br \/>\nOrdu\u2019nun Fatsa il\u00e7esinde, yol yap\u0131m \u00e7al\u0131\u015fmas\u0131 s\u0131ras\u0131nda yakla\u015f\u0131k 2 bin y\u0131ll\u0131k oldu\u011fu tahmin edilen lahit mezar bulundu.<br \/>\nFatsa Belediyesi\u2019ne ba\u011fl\u0131 ekipler, Kurtulu\u015f Mahallesi\u2019nde birinci derece arkeolojik alan yak\u0131n\u0131nda m\u00fcze uzmanlar\u0131n\u0131n da e\u015flik etti\u011fi yol yap\u0131m \u00e7al\u0131\u015fmalar\u0131n\u0131 s\u00fcrd\u00fcr\u00fcrken iki beton yap\u0131ya rastlad\u0131.<br \/>\nUzmanlar taraf\u0131ndan yap\u0131lan incelemede, beton yap\u0131dan birinde yakla\u015f\u0131k 2 bin y\u0131ll\u0131k oldu\u011fu tahmin edilen lahit mezar bulundu\u011fu belirlendi.<br \/>\nS\u00f6z konusu mezar\u0131n i\u00e7erisinde insan kemik kal\u0131nt\u0131lar\u0131 ile ziynet e\u015fyalar\u0131 bulundu\u011fu ve koruma alt\u0131na al\u0131nd\u0131\u011f\u0131 \u00f6\u011frenildi.<br \/>\nDi\u011fer beton yap\u0131n\u0131n ise yar\u0131n incelenece\u011fi, bu alan\u0131n yak\u0131n\u0131nda da kendili\u011finden y\u0131k\u0131lan tarihi manast\u0131r oldu\u011fu belirtildi.<br \/>\nPolis ekipleri de \u00e7evrede g\u00fcvenlik \u00f6nlemi ald\u0131.<\/p>\n<p><em><strong>https:\/\/tr.sputniknews.com\/20210916\/yol-yapim-calismalari-sirasinda-2-bin-yillik-lahit-mezar-bulundu-1048974673.html\u00a0<\/strong><\/em><\/p>\n","protected":false},"excerpt":{"rendered":"<p>Ordu\u2019nun Fatsa il\u00e7esinde yol yap\u0131m \u00e7al\u0131\u015fmalar\u0131nda yap\u0131lan kaz\u0131lar s\u0131ras\u0131nda yakla\u015f\u0131k 2 bin y\u0131l \u00f6ncesine ait oldu\u011fu \u00f6ng\u00f6r\u00fclen lahit mezar bulundu. Ordu\u2019nun Fatsa il\u00e7esinde, yol yap\u0131m \u00e7al\u0131\u015fmas\u0131 s\u0131ras\u0131nda yakla\u015f\u0131k 2 bin y\u0131ll\u0131k oldu\u011fu tahmin edilen lahit mezar bulundu. Fatsa Belediyesi\u2019ne ba\u011fl\u0131 ekipler, Kurtulu\u015f Mahallesi\u2019nde birinci derece arkeolojik alan yak\u0131n\u0131nda m\u00fcze uzmanlar\u0131n\u0131n da e\u015flik etti\u011fi yol yap\u0131m [&hellip;]<\/p>\n","protected":false},"author":7,"featured_media":64784,"comment_status":"open","ping_status":"open","sticky":false,"template":"","format":"standard","meta":{"footnotes":""},"categories":[1],"tags":[],"class_list":["post-64783","post","type-post","status-publish","format-standard","has-post-thumbnail","hentry","category-haberler"],"yoast_head":"<!-- This site is optimized with the Yoast SEO plugin v27.4 - https:\/\/yoast.com\/product\/yoast-seo-wordpress\/ -->\n<title>Yol yap\u0131m \u00e7al\u0131\u015fmalar\u0131 s\u0131ras\u0131nda 2 bin y\u0131ll\u0131k lahit bulundu - Bati Ermenistan Ve Bati Ermenileri Sorunlari Ara\u015ftirmalar Merkezi<\/title>\n<meta name=\"robots\" content=\"index, follow, max-snippet:-1, max-image-preview:large, max-video-preview:-1\" \/>\n<link rel=\"canonical\" href=\"https:\/\/akunq.net\/tr\/?p=64783\" \/>\n<meta property=\"og:locale\" content=\"en_US\" \/>\n<meta property=\"og:type\" content=\"article\" \/>\n<meta property=\"og:title\" content=\"Yol yap\u0131m \u00e7al\u0131\u015fmalar\u0131 s\u0131ras\u0131nda 2 bin y\u0131ll\u0131k lahit bulundu - Bati Ermenistan Ve Bati Ermenileri Sorunlari Ara\u015ftirmalar Merkezi\" \/>\n<meta property=\"og:description\" content=\"Ordu\u2019nun Fatsa il\u00e7esinde yol yap\u0131m \u00e7al\u0131\u015fmalar\u0131nda yap\u0131lan kaz\u0131lar s\u0131ras\u0131nda yakla\u015f\u0131k 2 bin y\u0131l \u00f6ncesine ait oldu\u011fu \u00f6ng\u00f6r\u00fclen lahit mezar bulundu. Ordu\u2019nun Fatsa il\u00e7esinde, yol yap\u0131m \u00e7al\u0131\u015fmas\u0131 s\u0131ras\u0131nda yakla\u015f\u0131k 2 bin y\u0131ll\u0131k oldu\u011fu tahmin edilen lahit mezar bulundu. Fatsa Belediyesi\u2019ne ba\u011fl\u0131 ekipler, Kurtulu\u015f Mahallesi\u2019nde birinci derece arkeolojik alan yak\u0131n\u0131nda m\u00fcze uzmanlar\u0131n\u0131n da e\u015flik etti\u011fi yol yap\u0131m [&hellip;]\" \/>\n<meta property=\"og:url\" content=\"https:\/\/akunq.net\/tr\/?p=64783\" \/>\n<meta property=\"og:site_name\" content=\"Bati Ermenistan Ve Bati Ermenileri Sorunlari Ara\u015ftirmalar Merkezi\" \/>\n<meta property=\"article:published_time\" content=\"2021-09-17T07:38:04+00:00\" \/>\n<meta property=\"og:image\" content=\"https:\/\/akunq.net\/tr\/wp-content\/uploads\/sites\/6\/2021\/09\/2-bin-y\u0131l-\u00f6ncesine-ait-oldu\u011fu-\u00f6ng\u00f6r\u00fclen-lahit.jpg\" \/>\n\t<meta property=\"og:image:width\" content=\"2048\" \/>\n\t<meta property=\"og:image:height\" content=\"1152\" \/>\n\t<meta property=\"og:image:type\" content=\"image\/jpeg\" \/>\n<meta name=\"author\" content=\"admin\" \/>\n<meta name=\"twitter:card\" content=\"summary_large_image\" \/>\n<meta name=\"twitter:label1\" content=\"Written by\" \/>\n\t<meta name=\"twitter:data1\" content=\"admin\" \/>\n\t<meta name=\"twitter:label2\" content=\"Est. reading time\" \/>\n\t<meta name=\"twitter:data2\" content=\"1 minute\" \/>\n<script type=\"application\/ld+json\" class=\"yoast-schema-graph\">{\"@context\":\"https:\\\/\\\/schema.org\",\"@graph\":[{\"@type\":\"Article\",\"@id\":\"https:\\\/\\\/akunq.net\\\/tr\\\/?p=64783#article\",\"isPartOf\":{\"@id\":\"https:\\\/\\\/akunq.net\\\/tr\\\/?p=64783\"},\"author\":{\"name\":\"admin\",\"@id\":\"https:\\\/\\\/akunq.net\\\/tr\\\/#\\\/schema\\\/person\\\/096f1d38a12cce57fb855b485ed24c9e\"},\"headline\":\"Yol yap\u0131m \u00e7al\u0131\u015fmalar\u0131 s\u0131ras\u0131nda 2 bin y\u0131ll\u0131k lahit bulundu\",\"datePublished\":\"2021-09-17T07:38:04+00:00\",\"mainEntityOfPage\":{\"@id\":\"https:\\\/\\\/akunq.net\\\/tr\\\/?p=64783\"},\"wordCount\":208,\"commentCount\":0,\"image\":{\"@id\":\"https:\\\/\\\/akunq.net\\\/tr\\\/?p=64783#primaryimage\"},\"thumbnailUrl\":\"https:\\\/\\\/akunq.net\\\/tr\\\/wp-content\\\/uploads\\\/sites\\\/6\\\/2021\\\/09\\\/2-bin-y\u0131l-\u00f6ncesine-ait-oldu\u011fu-\u00f6ng\u00f6r\u00fclen-lahit.jpg\",\"articleSection\":[\"Haberler\"],\"inLanguage\":\"en-US\",\"potentialAction\":[{\"@type\":\"CommentAction\",\"name\":\"Comment\",\"target\":[\"https:\\\/\\\/akunq.net\\\/tr\\\/?p=64783#respond\"]}]},{\"@type\":\"WebPage\",\"@id\":\"https:\\\/\\\/akunq.net\\\/tr\\\/?p=64783\",\"url\":\"https:\\\/\\\/akunq.net\\\/tr\\\/?p=64783\",\"name\":\"Yol yap\u0131m \u00e7al\u0131\u015fmalar\u0131 s\u0131ras\u0131nda 2 bin y\u0131ll\u0131k lahit bulundu - Bati Ermenistan Ve Bati Ermenileri Sorunlari Ara\u015ftirmalar Merkezi\",\"isPartOf\":{\"@id\":\"https:\\\/\\\/akunq.net\\\/tr\\\/#website\"},\"primaryImageOfPage\":{\"@id\":\"https:\\\/\\\/akunq.net\\\/tr\\\/?p=64783#primaryimage\"},\"image\":{\"@id\":\"https:\\\/\\\/akunq.net\\\/tr\\\/?p=64783#primaryimage\"},\"thumbnailUrl\":\"https:\\\/\\\/akunq.net\\\/tr\\\/wp-content\\\/uploads\\\/sites\\\/6\\\/2021\\\/09\\\/2-bin-y\u0131l-\u00f6ncesine-ait-oldu\u011fu-\u00f6ng\u00f6r\u00fclen-lahit.jpg\",\"datePublished\":\"2021-09-17T07:38:04+00:00\",\"author\":{\"@id\":\"https:\\\/\\\/akunq.net\\\/tr\\\/#\\\/schema\\\/person\\\/096f1d38a12cce57fb855b485ed24c9e\"},\"breadcrumb\":{\"@id\":\"https:\\\/\\\/akunq.net\\\/tr\\\/?p=64783#breadcrumb\"},\"inLanguage\":\"en-US\",\"potentialAction\":[{\"@type\":\"ReadAction\",\"target\":[\"https:\\\/\\\/akunq.net\\\/tr\\\/?p=64783\"]}]},{\"@type\":\"ImageObject\",\"inLanguage\":\"en-US\",\"@id\":\"https:\\\/\\\/akunq.net\\\/tr\\\/?p=64783#primaryimage\",\"url\":\"https:\\\/\\\/akunq.net\\\/tr\\\/wp-content\\\/uploads\\\/sites\\\/6\\\/2021\\\/09\\\/2-bin-y\u0131l-\u00f6ncesine-ait-oldu\u011fu-\u00f6ng\u00f6r\u00fclen-lahit.jpg\",\"contentUrl\":\"https:\\\/\\\/akunq.net\\\/tr\\\/wp-content\\\/uploads\\\/sites\\\/6\\\/2021\\\/09\\\/2-bin-y\u0131l-\u00f6ncesine-ait-oldu\u011fu-\u00f6ng\u00f6r\u00fclen-lahit.jpg\",\"width\":2048,\"height\":1152},{\"@type\":\"BreadcrumbList\",\"@id\":\"https:\\\/\\\/akunq.net\\\/tr\\\/?p=64783#breadcrumb\",\"itemListElement\":[{\"@type\":\"ListItem\",\"position\":1,\"name\":\"Home\",\"item\":\"https:\\\/\\\/akunq.net\\\/tr\"},{\"@type\":\"ListItem\",\"position\":2,\"name\":\"Yol yap\u0131m \u00e7al\u0131\u015fmalar\u0131 s\u0131ras\u0131nda 2 bin y\u0131ll\u0131k lahit bulundu\"}]},{\"@type\":\"WebSite\",\"@id\":\"https:\\\/\\\/akunq.net\\\/tr\\\/#website\",\"url\":\"https:\\\/\\\/akunq.net\\\/tr\\\/\",\"name\":\"Bati Ermenistan Ve Bati Ermenileri Sorunlari Ara\u015ftirmalar Merkezi\",\"description\":\"\",\"potentialAction\":[{\"@type\":\"SearchAction\",\"target\":{\"@type\":\"EntryPoint\",\"urlTemplate\":\"https:\\\/\\\/akunq.net\\\/tr\\\/?s={search_term_string}\"},\"query-input\":{\"@type\":\"PropertyValueSpecification\",\"valueRequired\":true,\"valueName\":\"search_term_string\"}}],\"inLanguage\":\"en-US\"},{\"@type\":\"Person\",\"@id\":\"https:\\\/\\\/akunq.net\\\/tr\\\/#\\\/schema\\\/person\\\/096f1d38a12cce57fb855b485ed24c9e\",\"name\":\"admin\",\"url\":\"https:\\\/\\\/akunq.net\\\/tr\\\/?author=7\"}]}<\/script>\n<!-- \/ Yoast SEO plugin. -->","yoast_head_json":{"title":"Yol yap\u0131m \u00e7al\u0131\u015fmalar\u0131 s\u0131ras\u0131nda 2 bin y\u0131ll\u0131k lahit bulundu - Bati Ermenistan Ve Bati Ermenileri Sorunlari Ara\u015ftirmalar Merkezi","robots":{"index":"index","follow":"follow","max-snippet":"max-snippet:-1","max-image-preview":"max-image-preview:large","max-video-preview":"max-video-preview:-1"},"canonical":"https:\/\/akunq.net\/tr\/?p=64783","og_locale":"en_US","og_type":"article","og_title":"Yol yap\u0131m \u00e7al\u0131\u015fmalar\u0131 s\u0131ras\u0131nda 2 bin y\u0131ll\u0131k lahit bulundu - Bati Ermenistan Ve Bati Ermenileri Sorunlari Ara\u015ftirmalar Merkezi","og_description":"Ordu\u2019nun Fatsa il\u00e7esinde yol yap\u0131m \u00e7al\u0131\u015fmalar\u0131nda yap\u0131lan kaz\u0131lar s\u0131ras\u0131nda yakla\u015f\u0131k 2 bin y\u0131l \u00f6ncesine ait oldu\u011fu \u00f6ng\u00f6r\u00fclen lahit mezar bulundu. Ordu\u2019nun Fatsa il\u00e7esinde, yol yap\u0131m \u00e7al\u0131\u015fmas\u0131 s\u0131ras\u0131nda yakla\u015f\u0131k 2 bin y\u0131ll\u0131k oldu\u011fu tahmin edilen lahit mezar bulundu. Fatsa Belediyesi\u2019ne ba\u011fl\u0131 ekipler, Kurtulu\u015f Mahallesi\u2019nde birinci derece arkeolojik alan yak\u0131n\u0131nda m\u00fcze uzmanlar\u0131n\u0131n da e\u015flik etti\u011fi yol yap\u0131m [&hellip;]","og_url":"https:\/\/akunq.net\/tr\/?p=64783","og_site_name":"Bati Ermenistan Ve Bati Ermenileri Sorunlari Ara\u015ftirmalar Merkezi","article_published_time":"2021-09-17T07:38:04+00:00","og_image":[{"width":2048,"height":1152,"url":"https:\/\/akunq.net\/tr\/wp-content\/uploads\/sites\/6\/2021\/09\/2-bin-y\u0131l-\u00f6ncesine-ait-oldu\u011fu-\u00f6ng\u00f6r\u00fclen-lahit.jpg","type":"image\/jpeg"}],"author":"admin","twitter_card":"summary_large_image","twitter_misc":{"Written by":"admin","Est. reading time":"1 minute"},"schema":{"@context":"https:\/\/schema.org","@graph":[{"@type":"Article","@id":"https:\/\/akunq.net\/tr\/?p=64783#article","isPartOf":{"@id":"https:\/\/akunq.net\/tr\/?p=64783"},"author":{"name":"admin","@id":"https:\/\/akunq.net\/tr\/#\/schema\/person\/096f1d38a12cce57fb855b485ed24c9e"},"headline":"Yol yap\u0131m \u00e7al\u0131\u015fmalar\u0131 s\u0131ras\u0131nda 2 bin y\u0131ll\u0131k lahit bulundu","datePublished":"2021-09-17T07:38:04+00:00","mainEntityOfPage":{"@id":"https:\/\/akunq.net\/tr\/?p=64783"},"wordCount":208,"commentCount":0,"image":{"@id":"https:\/\/akunq.net\/tr\/?p=64783#primaryimage"},"thumbnailUrl":"https:\/\/akunq.net\/tr\/wp-content\/uploads\/sites\/6\/2021\/09\/2-bin-y\u0131l-\u00f6ncesine-ait-oldu\u011fu-\u00f6ng\u00f6r\u00fclen-lahit.jpg","articleSection":["Haberler"],"inLanguage":"en-US","potentialAction":[{"@type":"CommentAction","name":"Comment","target":["https:\/\/akunq.net\/tr\/?p=64783#respond"]}]},{"@type":"WebPage","@id":"https:\/\/akunq.net\/tr\/?p=64783","url":"https:\/\/akunq.net\/tr\/?p=64783","name":"Yol yap\u0131m \u00e7al\u0131\u015fmalar\u0131 s\u0131ras\u0131nda 2 bin y\u0131ll\u0131k lahit bulundu - Bati Ermenistan Ve Bati Ermenileri Sorunlari Ara\u015ftirmalar Merkezi","isPartOf":{"@id":"https:\/\/akunq.net\/tr\/#website"},"primaryImageOfPage":{"@id":"https:\/\/akunq.net\/tr\/?p=64783#primaryimage"},"image":{"@id":"https:\/\/akunq.net\/tr\/?p=64783#primaryimage"},"thumbnailUrl":"https:\/\/akunq.net\/tr\/wp-content\/uploads\/sites\/6\/2021\/09\/2-bin-y\u0131l-\u00f6ncesine-ait-oldu\u011fu-\u00f6ng\u00f6r\u00fclen-lahit.jpg","datePublished":"2021-09-17T07:38:04+00:00","author":{"@id":"https:\/\/akunq.net\/tr\/#\/schema\/person\/096f1d38a12cce57fb855b485ed24c9e"},"breadcrumb":{"@id":"https:\/\/akunq.net\/tr\/?p=64783#breadcrumb"},"inLanguage":"en-US","potentialAction":[{"@type":"ReadAction","target":["https:\/\/akunq.net\/tr\/?p=64783"]}]},{"@type":"ImageObject","inLanguage":"en-US","@id":"https:\/\/akunq.net\/tr\/?p=64783#primaryimage","url":"https:\/\/akunq.net\/tr\/wp-content\/uploads\/sites\/6\/2021\/09\/2-bin-y\u0131l-\u00f6ncesine-ait-oldu\u011fu-\u00f6ng\u00f6r\u00fclen-lahit.jpg","contentUrl":"https:\/\/akunq.net\/tr\/wp-content\/uploads\/sites\/6\/2021\/09\/2-bin-y\u0131l-\u00f6ncesine-ait-oldu\u011fu-\u00f6ng\u00f6r\u00fclen-lahit.jpg","width":2048,"height":1152},{"@type":"BreadcrumbList","@id":"https:\/\/akunq.net\/tr\/?p=64783#breadcrumb","itemListElement":[{"@type":"ListItem","position":1,"name":"Home","item":"https:\/\/akunq.net\/tr"},{"@type":"ListItem","position":2,"name":"Yol yap\u0131m \u00e7al\u0131\u015fmalar\u0131 s\u0131ras\u0131nda 2 bin y\u0131ll\u0131k lahit bulundu"}]},{"@type":"WebSite","@id":"https:\/\/akunq.net\/tr\/#website","url":"https:\/\/akunq.net\/tr\/","name":"Bati Ermenistan Ve Bati Ermenileri Sorunlari Ara\u015ftirmalar Merkezi","description":"","potentialAction":[{"@type":"SearchAction","target":{"@type":"EntryPoint","urlTemplate":"https:\/\/akunq.net\/tr\/?s={search_term_string}"},"query-input":{"@type":"PropertyValueSpecification","valueRequired":true,"valueName":"search_term_string"}}],"inLanguage":"en-US"},{"@type":"Person","@id":"https:\/\/akunq.net\/tr\/#\/schema\/person\/096f1d38a12cce57fb855b485ed24c9e","name":"admin","url":"https:\/\/akunq.net\/tr\/?author=7"}]}},"_links":{"self":[{"href":"https:\/\/akunq.net\/tr\/index.php?rest_route=\/wp\/v2\/posts\/64783","targetHints":{"allow":["GET"]}}],"collection":[{"href":"https:\/\/akunq.net\/tr\/index.php?rest_route=\/wp\/v2\/posts"}],"about":[{"href":"https:\/\/akunq.net\/tr\/index.php?rest_route=\/wp\/v2\/types\/post"}],"author":[{"embeddable":true,"href":"https:\/\/akunq.net\/tr\/index.php?rest_route=\/wp\/v2\/users\/7"}],"replies":[{"embeddable":true,"href":"https:\/\/akunq.net\/tr\/index.php?rest_route=%2Fwp%2Fv2%2Fcomments&post=64783"}],"version-history":[{"count":1,"href":"https:\/\/akunq.net\/tr\/index.php?rest_route=\/wp\/v2\/posts\/64783\/revisions"}],"predecessor-version":[{"id":64785,"href":"https:\/\/akunq.net\/tr\/index.php?rest_route=\/wp\/v2\/posts\/64783\/revisions\/64785"}],"wp:featuredmedia":[{"embeddable":true,"href":"https:\/\/akunq.net\/tr\/index.php?rest_route=\/wp\/v2\/media\/64784"}],"wp:attachment":[{"href":"https:\/\/akunq.net\/tr\/index.php?rest_route=%2Fwp%2Fv2%2Fmedia&parent=64783"}],"wp:term":[{"taxonomy":"category","embeddable":true,"href":"https:\/\/akunq.net\/tr\/index.php?rest_route=%2Fwp%2Fv2%2Fcategories&post=64783"},{"taxonomy":"post_tag","embeddable":true,"href":"https:\/\/akunq.net\/tr\/index.php?rest_route=%2Fwp%2Fv2%2Ftags&post=64783"}],"curies":[{"name":"wp","href":"https:\/\/api.w.org\/{rel}","templated":true}]}}