{"id":64754,"date":"2021-09-16T02:12:35","date_gmt":"2021-09-16T07:12:35","guid":{"rendered":"https:\/\/akunq.net\/tr\/?p=64754"},"modified":"2021-09-16T02:12:35","modified_gmt":"2021-09-16T07:12:35","slug":"dogunun-parisi-diyarbakir","status":"publish","type":"post","link":"https:\/\/akunq.net\/tr\/?p=64754","title":{"rendered":"Do\u011fu\u2019nun Paris\u2019i Diyarbak\u0131r"},"content":{"rendered":"<p><img loading=\"lazy\" decoding=\"async\" class=\"aligncenter size-medium wp-image-64755\" src=\"https:\/\/akunq.net\/tr\/wp-content\/uploads\/2021\/09\/Diyarbak\u0131r-360x171.png\" alt=\"\" width=\"360\" height=\"171\" srcset=\"https:\/\/akunq.net\/tr\/wp-content\/uploads\/sites\/6\/2021\/09\/Diyarbak\u0131r-360x171.png 360w, https:\/\/akunq.net\/tr\/wp-content\/uploads\/sites\/6\/2021\/09\/Diyarbak\u0131r-560x265.png 560w, https:\/\/akunq.net\/tr\/wp-content\/uploads\/sites\/6\/2021\/09\/Diyarbak\u0131r-260x123.png 260w, https:\/\/akunq.net\/tr\/wp-content\/uploads\/sites\/6\/2021\/09\/Diyarbak\u0131r-160x76.png 160w, https:\/\/akunq.net\/tr\/wp-content\/uploads\/sites\/6\/2021\/09\/Diyarbak\u0131r.png 749w\" sizes=\"auto, (max-width: 360px) 100vw, 360px\" \/><\/p>\n<p><em><strong>Mezopotamya\u2019n\u0131n kuzeyinde yer alan, \u00e7evresi y\u00fcksekliklerle \u00e7evrilen, ortas\u0131 \u00e7ukur bir havza durumunda olan Diyarbak\u0131r, tarihi ve otantik mekanlar\u0131, kendine \u00f6zg\u00fc yiyecek ve i\u00e7ecekleri ile yerli yabanc\u0131 turistlerin ilgi oda\u011f\u0131ndad\u0131r.<\/strong><\/em><\/p>\n<p>Diyarbak\u0131r, G\u00fcneydo\u011fu Anadolu\u2019nun orta k\u0131sm\u0131nda, Mezopotamya\u2019n\u0131n kuzeyinde yer alan \u00c7evresi y\u00fcksekliklerle \u00e7evrilen ortas\u0131 \u00e7ukur bir havza durumundad\u0131r.\u00a0 Do\u011fu ve bat\u0131y\u0131 birle\u015ftiren bir noktada Dicle Vadisine hakim bir tepe \u00fczerinde konumlanan Diyarbak\u0131r, uzak b\u00f6lgeleri denizlere ve liman \u015fehirlerine ba\u011flayan ana yollar \u00fczerinde kurulmu\u015f olmas\u0131 ile Akdeniz sahillerini Basra K\u00f6rfezine, Mezopotamya\u2019y\u0131 Karadeniz sahillerine ba\u011flamaktad\u0131r. Co\u011frafi konumundan \u00f6t\u00fcr\u00fc olduk\u00e7a verimli topraklara sahip olmas\u0131 ve ana ula\u015f\u0131m yollar\u0131n\u0131n kav\u015fak noktas\u0131nda bulunmas\u0131 ile Diyarbak\u0131r; pek \u00e7ok medeniyetin izlerinin yer ald\u0131\u011f\u0131 bir merkez haline gelmi\u015ftir. Diyarbak\u0131r \u015fehrinin ne zaman kuruldu\u011fu ile ilgili kesin bir bilgiye ula\u015f\u0131lamazken Hurrilere dair izlere rastlanm\u0131\u015ft\u0131r. Diyarbak\u0131r;F\u0131rat ve Dicle\u2019den ismini alan Mezopotamya\u2019da \u201cBere- ketli Hilal\u201d olarak nitelendirilen b\u00f6lgenin \u201ciki uzak ucunun birle\u015fti\u011fi, kuzeye do\u011fru en \u00e7ok sokuldu\u011fu ve en b\u00fcy\u00fck geni\u015fli\u011fe eri\u015fti\u011fi orta kesimini olu\u015fturmu\u015ftur.\u201d Verimli topra\u011f\u0131 ve topra\u011fa hayat veren Dicle Nehri ile tarih \u00f6ncesi d\u00f6nemlerden g\u00fcn\u00fcm\u00fcze kadar; bir\u00e7ok ilke ev sahipli\u011fi yapm\u0131\u015f, uygarl\u0131klar\u0131n do\u011fu\u015funa ve yok olu\u015funa tan\u0131kl\u0131k etmi\u015f, birikimi ile k\u00fclt\u00fcrlere \u0131\u015f\u0131k tutmu\u015f ve onlar\u0131 beslemi\u015ftir.<\/p>\n<p><strong>GEZ\u0130LECEK YERLER<\/strong><\/p>\n<p><strong>Sur<\/strong><\/p>\n<p>Sur, Diyarbak\u0131r\u2019\u0131n d\u00f6rt merkez il\u00e7esinden biridir. 2008 y\u0131l\u0131nda, 5747 say\u0131l\u0131 kanunla, Diyarbak\u0131r B\u00fcy\u00fck\u015fehir Belediyesi s\u0131n\u0131rlar\u0131 i\u00e7erisinde, Diyarbak\u0131r\u2019\u0131n en eski yerle\u015fim merkezinde kurulmu\u015ftur. Sur ad\u0131n\u0131, il\u00e7e merkezi ile \u00e7evirili bulunan tarihi Diyarbak\u0131r surlar\u0131ndan alm\u0131\u015ft\u0131r. Sur, i\u00e7eresinde yer alan tarihi mekanlar ve \u00e7ar\u015f\u0131s\u0131 ile yerli ve yabanc\u0131 turistler taraf\u0131ndan ilgi g\u00f6rmektedir.<\/p>\n<p><strong>Hasan Pa\u015fa Han\u0131<\/strong><\/p>\n<p>Diyarbak\u0131r\u2019da yer alan ve tarihi 1572 \u2013 1575 y\u0131llar\u0131na kadar uzanan Hasan Pa\u015fa Han\u0131, burada yer alan kitabeye g\u00f6re ilin Osmanl\u0131lar taraf\u0131ndan al\u0131nmas\u0131 \u00fczerine o d\u00f6nemde vali olan Sokullu Mehmet Pa\u015fa\u2019n\u0131n o\u011flu Vezirzade Hasan Pa\u015fa taraf\u0131ndan yapt\u0131r\u0131ld\u0131\u011f\u0131 bilinmektedir. Diyarbak\u0131r\u2019\u0131n merkez il\u00e7elerinden biri olan Sur\u2019da yer alan han, tarih boyunca ge\u00e7irdi\u011fi restorasyonlardan sonra bug\u00fcn hala tarihi havas\u0131n\u0131 korumaya devam etmektedir.\u00a0 Bug\u00fcn hem yerli hem de yabanc\u0131 turistlerin olduk\u00e7a ilgisini \u00e7eken Hasan Pa\u015fa Han\u0131\u2019da bug\u00fcn kahvalt\u0131c\u0131lar, restoranlar ve \u00e7e\u015fitli s\u00fcs ya da antika e\u015fyalar\u0131n sat\u0131ld\u0131\u011f\u0131 tarihi d\u00fckkanlar yer almaktad\u0131r.<\/p>\n<p><strong>Dicle K\u00f6pr\u00fcs\u00fc (On G\u00f6zl\u00fc K\u00f6pr\u00fc)<\/strong><\/p>\n<p>Diyarbak\u0131r\u2019da Dicle Vadisi \u00fczerinde yer alan ve b\u00f6lgenin simgelerinden biri olan Dicle K\u00f6pr\u00fcs\u00fc (On G\u00f6zl\u00fc K\u00f6pr\u00fc) Silvan K\u00f6pr\u00fcs\u00fc, On G\u00f6zl\u00fc K\u00f6pr\u00fc ve Mervani K\u00f6pr\u00fcs\u00fc gibi d\u00f6rt farkl\u0131 isimle an\u0131lmaktad\u0131r. Tarih boyunca pek \u00e7ok kez in\u015fa edilip y\u0131k\u0131ld\u0131\u011f\u0131 bilinen k\u00f6pr\u00fcn\u00fcn g\u00fcn\u00fcm\u00fcze ula\u015fan halinin Mervaniler taraf\u0131ndan yap\u0131ld\u0131\u011f\u0131 bilinmektedir. On kesik kemer \u00fczerine in\u015fa edilmi\u015f bloklardan meydana gelen k\u00f6pr\u00fcn\u00fcn tarihi ise \u00fczerinde yer alan kitabeye g\u00f6re 1065 \u2013 1067 y\u0131llar\u0131na uzanmaktad\u0131r. Yine kitabede yer alan bilgilere g\u00f6re k\u00f6pr\u00fc \u00dcbeyd o\u011flu Yusuf isimli bir mimar taraf\u0131ndan in\u015fa edilmi\u015ftir. Dicle K\u00f6pr\u00fcs\u00fc (On G\u00f6zl\u00fc K\u00f6pr\u00fc), bug\u00fcn Diyarbak\u0131r\u2019da hem yerli hem de yabanc\u0131 turistler taraf\u0131ndan s\u0131kl\u0131kla ziyaret edilen yerlerin ba\u015f\u0131nda gelmektedir.<\/p>\n<p><strong>Diyarbak\u0131r Atat\u00fcrk K\u00f6\u015fk\u00fc<\/strong><\/p>\n<p>Eski ad\u0131yla Semano\u011flu K\u00f6\u015fk\u00fc olarak bilinen Atat\u00fcrk K\u00f6\u015fk\u00fc, Diyarbak\u0131r surlar\u0131n\u0131n 2,5 km g\u00fcneyinde yer al\u0131yor. \u00c7anakkale Sava\u015f\u0131\u2019ndan sonra 1916 y\u0131l\u0131n\u0131n \u015eubat ay\u0131 sonlar\u0131nda 16. Kolordu Komutan\u0131 olarak Do\u011fu cephesinden g\u00f6revlendirilen Atat\u00fcrk, 14 Mart 1916 tarihinde Kolordu Karargah\u0131 olan Diyarbak\u0131r\u2019a gelmi\u015f. Atat\u00fcrk\u2019\u00fcn bu ziyareti s\u0131ras\u0131nda Semano\u011flu K\u00f6\u015fk\u00fc de Atat\u00fcrk\u2019e verilmi\u015f ve Atat\u00fcrk 27 Mart 1917 tarihine kadar bu k\u00f6\u015fkte kalm\u0131\u015f. Diyarbak\u0131r Atat\u00fcrk K\u00f6\u015fk\u00fc, Diyarbak\u0131r evleri tipinde olup, geni\u015f eyvanl\u0131 siyah-beyaz kesme ta\u015flardan yap\u0131lm\u0131\u015f \u00f6rneklerinden biri olarak dikkat \u00e7ekiyor. Eyvan\u0131n duvar\u0131nda bulunan mermer sebilden, k\u00f6\u015fk\u00fcn bah\u00e7esinde bulunan havuza sular d\u00f6k\u00fcl\u00fcyor ve bu durum k\u00f6\u015fke bir serinlik veriyor. K\u00f6\u015fk\u00fcn giri\u015finin sa\u011f\u0131nda bulunan k\u00fc\u00e7\u00fck kap\u0131 mutfa\u011fa, solundaki kap\u0131 ise \u00e7ay oca\u011f\u0131na a\u00e7\u0131l\u0131yor. K\u00f6\u015fk\u00fcn \u00fcst kat\u0131nda \u00e7al\u0131\u015fma ve yatak odalar\u0131 yer al\u0131yor.<\/p>\n<p><strong>Diyarbak\u0131r burma kaday\u0131f<\/strong><\/p>\n<p>Diyarbak\u0131r\u2019\u0131n me\u015fhur kaday\u0131f tatl\u0131s\u0131 Diyarbak\u0131r\u2019daki Ermenilerin mahalli tatl\u0131s\u0131 olarak da bilinir. 18. y\u00fczy\u0131ldan beri yap\u0131lagelen kaday\u0131f\u0131n ilk kez Diyarbak\u0131rl\u0131 Ermeni olan Ako adl\u0131 ki\u015fi imalat\u0131n\u0131n yap\u0131ld\u0131\u011f\u0131 bilgisi aktar\u0131l\u0131r. 1900\u2019l\u00fc y\u0131llar\u0131nda \u00f6ld\u00fc\u011f\u00fc s\u00f6ylenen Ako taraf\u0131ndan yeti\u015ftirilen \u00e7\u0131raklar taraf\u0131ndan kaday\u0131f tatl\u0131s\u0131n\u0131n g\u00fcn\u00fcm\u00fcze geldi\u011fi bilgisi verilmektedir.<\/p>\n<p><strong>Meyan \u015eerbeti<\/strong><\/p>\n<p>Meyan \u015eerbeti meyan k\u00f6k\u00fcnden elde edilen bir i\u00e7ecektir. Eskilerden kalma adet \u00fczere \u00e7ar\u015f\u0131da-pazarda s\u0131rtlar\u0131nda ta\u015f\u0131d\u0131klar\u0131 d\u00fc\u011f\u00fcmde sat\u0131c\u0131lar\u0131 vard\u0131r. S\u00f6z konusu i\u00e7ece\u011fin \u015fifal\u0131 oldu\u011fu d\u00fc\u015f\u00fcn\u00fclmektedir.<\/p>\n<p><em><strong><a href=\"https:\/\/www.bbnhaber.com.tr\/dogu-nun-paris-i-diyarbakir\">https:\/\/www.bbnhaber.com.tr\/dogu-nun-paris-i-diyarbakir<\/a>\u00a0<\/strong><\/em><\/p>\n","protected":false},"excerpt":{"rendered":"<p>Mezopotamya\u2019n\u0131n kuzeyinde yer alan, \u00e7evresi y\u00fcksekliklerle \u00e7evrilen, ortas\u0131 \u00e7ukur bir havza durumunda olan Diyarbak\u0131r, tarihi ve otantik mekanlar\u0131, kendine \u00f6zg\u00fc yiyecek ve i\u00e7ecekleri ile yerli yabanc\u0131 turistlerin ilgi oda\u011f\u0131ndad\u0131r. Diyarbak\u0131r, G\u00fcneydo\u011fu Anadolu\u2019nun orta k\u0131sm\u0131nda, Mezopotamya\u2019n\u0131n kuzeyinde yer alan \u00c7evresi y\u00fcksekliklerle \u00e7evrilen ortas\u0131 \u00e7ukur bir havza durumundad\u0131r.\u00a0 Do\u011fu ve bat\u0131y\u0131 birle\u015ftiren bir noktada Dicle Vadisine hakim [&hellip;]<\/p>\n","protected":false},"author":7,"featured_media":64755,"comment_status":"open","ping_status":"open","sticky":false,"template":"","format":"standard","meta":{"footnotes":""},"categories":[22,1],"tags":[],"class_list":["post-64754","post","type-post","status-publish","format-standard","has-post-thumbnail","hentry","category-gunumuzde-bati-ermenistan","category-haberler"],"yoast_head":"<!-- This site is optimized with the Yoast SEO plugin v27.4 - https:\/\/yoast.com\/product\/yoast-seo-wordpress\/ -->\n<title>Do\u011fu\u2019nun Paris\u2019i Diyarbak\u0131r - Bati Ermenistan Ve Bati Ermenileri Sorunlari Ara\u015ftirmalar Merkezi<\/title>\n<meta name=\"robots\" content=\"index, follow, max-snippet:-1, max-image-preview:large, max-video-preview:-1\" \/>\n<link rel=\"canonical\" href=\"https:\/\/akunq.net\/tr\/?p=64754\" \/>\n<meta property=\"og:locale\" content=\"en_US\" \/>\n<meta property=\"og:type\" content=\"article\" \/>\n<meta property=\"og:title\" content=\"Do\u011fu\u2019nun Paris\u2019i Diyarbak\u0131r - Bati Ermenistan Ve Bati Ermenileri Sorunlari Ara\u015ftirmalar Merkezi\" \/>\n<meta property=\"og:description\" content=\"Mezopotamya\u2019n\u0131n kuzeyinde yer alan, \u00e7evresi y\u00fcksekliklerle \u00e7evrilen, ortas\u0131 \u00e7ukur bir havza durumunda olan Diyarbak\u0131r, tarihi ve otantik mekanlar\u0131, kendine \u00f6zg\u00fc yiyecek ve i\u00e7ecekleri ile yerli yabanc\u0131 turistlerin ilgi oda\u011f\u0131ndad\u0131r. Diyarbak\u0131r, G\u00fcneydo\u011fu Anadolu\u2019nun orta k\u0131sm\u0131nda, Mezopotamya\u2019n\u0131n kuzeyinde yer alan \u00c7evresi y\u00fcksekliklerle \u00e7evrilen ortas\u0131 \u00e7ukur bir havza durumundad\u0131r.\u00a0 Do\u011fu ve bat\u0131y\u0131 birle\u015ftiren bir noktada Dicle Vadisine hakim [&hellip;]\" \/>\n<meta property=\"og:url\" content=\"https:\/\/akunq.net\/tr\/?p=64754\" \/>\n<meta property=\"og:site_name\" content=\"Bati Ermenistan Ve Bati Ermenileri Sorunlari Ara\u015ftirmalar Merkezi\" \/>\n<meta property=\"article:published_time\" content=\"2021-09-16T07:12:35+00:00\" \/>\n<meta property=\"og:image\" content=\"https:\/\/akunq.net\/tr\/wp-content\/uploads\/sites\/6\/2021\/09\/Diyarbak\u0131r.png\" \/>\n\t<meta property=\"og:image:width\" content=\"749\" \/>\n\t<meta property=\"og:image:height\" content=\"355\" \/>\n\t<meta property=\"og:image:type\" content=\"image\/png\" \/>\n<meta name=\"author\" content=\"admin\" \/>\n<meta name=\"twitter:card\" content=\"summary_large_image\" \/>\n<meta name=\"twitter:label1\" content=\"Written by\" \/>\n\t<meta name=\"twitter:data1\" content=\"admin\" \/>\n\t<meta name=\"twitter:label2\" content=\"Est. reading time\" \/>\n\t<meta name=\"twitter:data2\" content=\"5 minutes\" \/>\n<script type=\"application\/ld+json\" class=\"yoast-schema-graph\">{\"@context\":\"https:\\\/\\\/schema.org\",\"@graph\":[{\"@type\":\"Article\",\"@id\":\"https:\\\/\\\/akunq.net\\\/tr\\\/?p=64754#article\",\"isPartOf\":{\"@id\":\"https:\\\/\\\/akunq.net\\\/tr\\\/?p=64754\"},\"author\":{\"name\":\"admin\",\"@id\":\"https:\\\/\\\/akunq.net\\\/tr\\\/#\\\/schema\\\/person\\\/096f1d38a12cce57fb855b485ed24c9e\"},\"headline\":\"Do\u011fu\u2019nun Paris\u2019i Diyarbak\u0131r\",\"datePublished\":\"2021-09-16T07:12:35+00:00\",\"mainEntityOfPage\":{\"@id\":\"https:\\\/\\\/akunq.net\\\/tr\\\/?p=64754\"},\"wordCount\":946,\"commentCount\":0,\"image\":{\"@id\":\"https:\\\/\\\/akunq.net\\\/tr\\\/?p=64754#primaryimage\"},\"thumbnailUrl\":\"https:\\\/\\\/akunq.net\\\/tr\\\/wp-content\\\/uploads\\\/sites\\\/6\\\/2021\\\/09\\\/Diyarbak\u0131r.png\",\"articleSection\":[\"G\u00fcn\u00fcm\u00fczde Bat\u0131 Ermenistan\",\"Haberler\"],\"inLanguage\":\"en-US\",\"potentialAction\":[{\"@type\":\"CommentAction\",\"name\":\"Comment\",\"target\":[\"https:\\\/\\\/akunq.net\\\/tr\\\/?p=64754#respond\"]}]},{\"@type\":\"WebPage\",\"@id\":\"https:\\\/\\\/akunq.net\\\/tr\\\/?p=64754\",\"url\":\"https:\\\/\\\/akunq.net\\\/tr\\\/?p=64754\",\"name\":\"Do\u011fu\u2019nun Paris\u2019i Diyarbak\u0131r - Bati Ermenistan Ve Bati Ermenileri Sorunlari Ara\u015ftirmalar Merkezi\",\"isPartOf\":{\"@id\":\"https:\\\/\\\/akunq.net\\\/tr\\\/#website\"},\"primaryImageOfPage\":{\"@id\":\"https:\\\/\\\/akunq.net\\\/tr\\\/?p=64754#primaryimage\"},\"image\":{\"@id\":\"https:\\\/\\\/akunq.net\\\/tr\\\/?p=64754#primaryimage\"},\"thumbnailUrl\":\"https:\\\/\\\/akunq.net\\\/tr\\\/wp-content\\\/uploads\\\/sites\\\/6\\\/2021\\\/09\\\/Diyarbak\u0131r.png\",\"datePublished\":\"2021-09-16T07:12:35+00:00\",\"author\":{\"@id\":\"https:\\\/\\\/akunq.net\\\/tr\\\/#\\\/schema\\\/person\\\/096f1d38a12cce57fb855b485ed24c9e\"},\"breadcrumb\":{\"@id\":\"https:\\\/\\\/akunq.net\\\/tr\\\/?p=64754#breadcrumb\"},\"inLanguage\":\"en-US\",\"potentialAction\":[{\"@type\":\"ReadAction\",\"target\":[\"https:\\\/\\\/akunq.net\\\/tr\\\/?p=64754\"]}]},{\"@type\":\"ImageObject\",\"inLanguage\":\"en-US\",\"@id\":\"https:\\\/\\\/akunq.net\\\/tr\\\/?p=64754#primaryimage\",\"url\":\"https:\\\/\\\/akunq.net\\\/tr\\\/wp-content\\\/uploads\\\/sites\\\/6\\\/2021\\\/09\\\/Diyarbak\u0131r.png\",\"contentUrl\":\"https:\\\/\\\/akunq.net\\\/tr\\\/wp-content\\\/uploads\\\/sites\\\/6\\\/2021\\\/09\\\/Diyarbak\u0131r.png\",\"width\":749,\"height\":355},{\"@type\":\"BreadcrumbList\",\"@id\":\"https:\\\/\\\/akunq.net\\\/tr\\\/?p=64754#breadcrumb\",\"itemListElement\":[{\"@type\":\"ListItem\",\"position\":1,\"name\":\"Home\",\"item\":\"https:\\\/\\\/akunq.net\\\/tr\"},{\"@type\":\"ListItem\",\"position\":2,\"name\":\"Do\u011fu\u2019nun Paris\u2019i Diyarbak\u0131r\"}]},{\"@type\":\"WebSite\",\"@id\":\"https:\\\/\\\/akunq.net\\\/tr\\\/#website\",\"url\":\"https:\\\/\\\/akunq.net\\\/tr\\\/\",\"name\":\"Bati Ermenistan Ve Bati Ermenileri Sorunlari Ara\u015ftirmalar Merkezi\",\"description\":\"\",\"potentialAction\":[{\"@type\":\"SearchAction\",\"target\":{\"@type\":\"EntryPoint\",\"urlTemplate\":\"https:\\\/\\\/akunq.net\\\/tr\\\/?s={search_term_string}\"},\"query-input\":{\"@type\":\"PropertyValueSpecification\",\"valueRequired\":true,\"valueName\":\"search_term_string\"}}],\"inLanguage\":\"en-US\"},{\"@type\":\"Person\",\"@id\":\"https:\\\/\\\/akunq.net\\\/tr\\\/#\\\/schema\\\/person\\\/096f1d38a12cce57fb855b485ed24c9e\",\"name\":\"admin\",\"url\":\"https:\\\/\\\/akunq.net\\\/tr\\\/?author=7\"}]}<\/script>\n<!-- \/ Yoast SEO plugin. -->","yoast_head_json":{"title":"Do\u011fu\u2019nun Paris\u2019i Diyarbak\u0131r - Bati Ermenistan Ve Bati Ermenileri Sorunlari Ara\u015ftirmalar Merkezi","robots":{"index":"index","follow":"follow","max-snippet":"max-snippet:-1","max-image-preview":"max-image-preview:large","max-video-preview":"max-video-preview:-1"},"canonical":"https:\/\/akunq.net\/tr\/?p=64754","og_locale":"en_US","og_type":"article","og_title":"Do\u011fu\u2019nun Paris\u2019i Diyarbak\u0131r - Bati Ermenistan Ve Bati Ermenileri Sorunlari Ara\u015ftirmalar Merkezi","og_description":"Mezopotamya\u2019n\u0131n kuzeyinde yer alan, \u00e7evresi y\u00fcksekliklerle \u00e7evrilen, ortas\u0131 \u00e7ukur bir havza durumunda olan Diyarbak\u0131r, tarihi ve otantik mekanlar\u0131, kendine \u00f6zg\u00fc yiyecek ve i\u00e7ecekleri ile yerli yabanc\u0131 turistlerin ilgi oda\u011f\u0131ndad\u0131r. Diyarbak\u0131r, G\u00fcneydo\u011fu Anadolu\u2019nun orta k\u0131sm\u0131nda, Mezopotamya\u2019n\u0131n kuzeyinde yer alan \u00c7evresi y\u00fcksekliklerle \u00e7evrilen ortas\u0131 \u00e7ukur bir havza durumundad\u0131r.\u00a0 Do\u011fu ve bat\u0131y\u0131 birle\u015ftiren bir noktada Dicle Vadisine hakim [&hellip;]","og_url":"https:\/\/akunq.net\/tr\/?p=64754","og_site_name":"Bati Ermenistan Ve Bati Ermenileri Sorunlari Ara\u015ftirmalar Merkezi","article_published_time":"2021-09-16T07:12:35+00:00","og_image":[{"width":749,"height":355,"url":"https:\/\/akunq.net\/tr\/wp-content\/uploads\/sites\/6\/2021\/09\/Diyarbak\u0131r.png","type":"image\/png"}],"author":"admin","twitter_card":"summary_large_image","twitter_misc":{"Written by":"admin","Est. reading time":"5 minutes"},"schema":{"@context":"https:\/\/schema.org","@graph":[{"@type":"Article","@id":"https:\/\/akunq.net\/tr\/?p=64754#article","isPartOf":{"@id":"https:\/\/akunq.net\/tr\/?p=64754"},"author":{"name":"admin","@id":"https:\/\/akunq.net\/tr\/#\/schema\/person\/096f1d38a12cce57fb855b485ed24c9e"},"headline":"Do\u011fu\u2019nun Paris\u2019i Diyarbak\u0131r","datePublished":"2021-09-16T07:12:35+00:00","mainEntityOfPage":{"@id":"https:\/\/akunq.net\/tr\/?p=64754"},"wordCount":946,"commentCount":0,"image":{"@id":"https:\/\/akunq.net\/tr\/?p=64754#primaryimage"},"thumbnailUrl":"https:\/\/akunq.net\/tr\/wp-content\/uploads\/sites\/6\/2021\/09\/Diyarbak\u0131r.png","articleSection":["G\u00fcn\u00fcm\u00fczde Bat\u0131 Ermenistan","Haberler"],"inLanguage":"en-US","potentialAction":[{"@type":"CommentAction","name":"Comment","target":["https:\/\/akunq.net\/tr\/?p=64754#respond"]}]},{"@type":"WebPage","@id":"https:\/\/akunq.net\/tr\/?p=64754","url":"https:\/\/akunq.net\/tr\/?p=64754","name":"Do\u011fu\u2019nun Paris\u2019i Diyarbak\u0131r - Bati Ermenistan Ve Bati Ermenileri Sorunlari Ara\u015ftirmalar Merkezi","isPartOf":{"@id":"https:\/\/akunq.net\/tr\/#website"},"primaryImageOfPage":{"@id":"https:\/\/akunq.net\/tr\/?p=64754#primaryimage"},"image":{"@id":"https:\/\/akunq.net\/tr\/?p=64754#primaryimage"},"thumbnailUrl":"https:\/\/akunq.net\/tr\/wp-content\/uploads\/sites\/6\/2021\/09\/Diyarbak\u0131r.png","datePublished":"2021-09-16T07:12:35+00:00","author":{"@id":"https:\/\/akunq.net\/tr\/#\/schema\/person\/096f1d38a12cce57fb855b485ed24c9e"},"breadcrumb":{"@id":"https:\/\/akunq.net\/tr\/?p=64754#breadcrumb"},"inLanguage":"en-US","potentialAction":[{"@type":"ReadAction","target":["https:\/\/akunq.net\/tr\/?p=64754"]}]},{"@type":"ImageObject","inLanguage":"en-US","@id":"https:\/\/akunq.net\/tr\/?p=64754#primaryimage","url":"https:\/\/akunq.net\/tr\/wp-content\/uploads\/sites\/6\/2021\/09\/Diyarbak\u0131r.png","contentUrl":"https:\/\/akunq.net\/tr\/wp-content\/uploads\/sites\/6\/2021\/09\/Diyarbak\u0131r.png","width":749,"height":355},{"@type":"BreadcrumbList","@id":"https:\/\/akunq.net\/tr\/?p=64754#breadcrumb","itemListElement":[{"@type":"ListItem","position":1,"name":"Home","item":"https:\/\/akunq.net\/tr"},{"@type":"ListItem","position":2,"name":"Do\u011fu\u2019nun Paris\u2019i Diyarbak\u0131r"}]},{"@type":"WebSite","@id":"https:\/\/akunq.net\/tr\/#website","url":"https:\/\/akunq.net\/tr\/","name":"Bati Ermenistan Ve Bati Ermenileri Sorunlari Ara\u015ftirmalar Merkezi","description":"","potentialAction":[{"@type":"SearchAction","target":{"@type":"EntryPoint","urlTemplate":"https:\/\/akunq.net\/tr\/?s={search_term_string}"},"query-input":{"@type":"PropertyValueSpecification","valueRequired":true,"valueName":"search_term_string"}}],"inLanguage":"en-US"},{"@type":"Person","@id":"https:\/\/akunq.net\/tr\/#\/schema\/person\/096f1d38a12cce57fb855b485ed24c9e","name":"admin","url":"https:\/\/akunq.net\/tr\/?author=7"}]}},"_links":{"self":[{"href":"https:\/\/akunq.net\/tr\/index.php?rest_route=\/wp\/v2\/posts\/64754","targetHints":{"allow":["GET"]}}],"collection":[{"href":"https:\/\/akunq.net\/tr\/index.php?rest_route=\/wp\/v2\/posts"}],"about":[{"href":"https:\/\/akunq.net\/tr\/index.php?rest_route=\/wp\/v2\/types\/post"}],"author":[{"embeddable":true,"href":"https:\/\/akunq.net\/tr\/index.php?rest_route=\/wp\/v2\/users\/7"}],"replies":[{"embeddable":true,"href":"https:\/\/akunq.net\/tr\/index.php?rest_route=%2Fwp%2Fv2%2Fcomments&post=64754"}],"version-history":[{"count":1,"href":"https:\/\/akunq.net\/tr\/index.php?rest_route=\/wp\/v2\/posts\/64754\/revisions"}],"predecessor-version":[{"id":64756,"href":"https:\/\/akunq.net\/tr\/index.php?rest_route=\/wp\/v2\/posts\/64754\/revisions\/64756"}],"wp:featuredmedia":[{"embeddable":true,"href":"https:\/\/akunq.net\/tr\/index.php?rest_route=\/wp\/v2\/media\/64755"}],"wp:attachment":[{"href":"https:\/\/akunq.net\/tr\/index.php?rest_route=%2Fwp%2Fv2%2Fmedia&parent=64754"}],"wp:term":[{"taxonomy":"category","embeddable":true,"href":"https:\/\/akunq.net\/tr\/index.php?rest_route=%2Fwp%2Fv2%2Fcategories&post=64754"},{"taxonomy":"post_tag","embeddable":true,"href":"https:\/\/akunq.net\/tr\/index.php?rest_route=%2Fwp%2Fv2%2Ftags&post=64754"}],"curies":[{"name":"wp","href":"https:\/\/api.w.org\/{rel}","templated":true}]}}