{"id":64736,"date":"2021-09-15T02:20:38","date_gmt":"2021-09-15T07:20:38","guid":{"rendered":"https:\/\/akunq.net\/tr\/?p=64736"},"modified":"2021-09-15T02:20:38","modified_gmt":"2021-09-15T07:20:38","slug":"alevilere-yonelik-nefret-soylemi-varlik-yayinevine-ait-kitapta-da-var","status":"publish","type":"post","link":"https:\/\/akunq.net\/tr\/?p=64736","title":{"rendered":"Alevilere y\u00f6nelik nefret s\u00f6ylemi Varl\u0131k Yay\u0131nevi\u2019ne ait kitapta da var!"},"content":{"rendered":"<p><img loading=\"lazy\" decoding=\"async\" class=\"aligncenter size-medium wp-image-64737\" src=\"https:\/\/akunq.net\/tr\/wp-content\/uploads\/2021\/09\/Alevilere-y\u00f6nelik-nefret-s\u00f6ylemi-360x221.png\" alt=\"\" width=\"360\" height=\"221\" srcset=\"https:\/\/akunq.net\/tr\/wp-content\/uploads\/sites\/6\/2021\/09\/Alevilere-y\u00f6nelik-nefret-s\u00f6ylemi-360x221.png 360w, https:\/\/akunq.net\/tr\/wp-content\/uploads\/sites\/6\/2021\/09\/Alevilere-y\u00f6nelik-nefret-s\u00f6ylemi-768x471.png 768w, https:\/\/akunq.net\/tr\/wp-content\/uploads\/sites\/6\/2021\/09\/Alevilere-y\u00f6nelik-nefret-s\u00f6ylemi-560x343.png 560w, https:\/\/akunq.net\/tr\/wp-content\/uploads\/sites\/6\/2021\/09\/Alevilere-y\u00f6nelik-nefret-s\u00f6ylemi-260x159.png 260w, https:\/\/akunq.net\/tr\/wp-content\/uploads\/sites\/6\/2021\/09\/Alevilere-y\u00f6nelik-nefret-s\u00f6ylemi-160x98.png 160w, https:\/\/akunq.net\/tr\/wp-content\/uploads\/sites\/6\/2021\/09\/Alevilere-y\u00f6nelik-nefret-s\u00f6ylemi.png 1080w\" sizes=\"auto, (max-width: 360px) 100vw, 360px\" \/><\/p>\n<p><em><strong>P\u0130RHA-Alevilere y\u00f6nelik bir nefret s\u00f6ylemi de Varl\u0131k Yay\u0131nevi taraf\u0131ndan bas\u0131lan Bertrand Russell\u2019a ait \u201cWhy i am not a Christian\u201d adl\u0131 kitapla ortaya \u00e7\u0131kt\u0131. \u00c7evirmen Ender G\u00fcrol\u2019un \u201censest\u201d s\u00f6zc\u00fc\u011f\u00fcn\u00fc T\u00fcrk\u00e7e\u2019ye \u201cK\u0131z\u0131lba\u015f\u201d olarak \u00e7evirdi\u011fi g\u00f6r\u00fcld\u00fc.<\/strong><\/em><\/p>\n<p>Baz\u0131 yay\u0131nevlerinin \u00e7eviri kitaplar\u0131ndan Alevilere y\u00f6nelik nefret s\u00f6ylemlerine bir yenisi daha eklendi. Varl\u0131k Yay\u0131nevi\u2019nin, Bertrand Russell\u2019a ait \u201cwhy i am not a christian\u201d adl\u0131 kitab\u0131n\u0131n T\u00fcrk\u00e7e \u00e7evirisinde nefret s\u00f6ylemine rastland\u0131.<\/p>\n<p>\u00c7evirisi Ender G\u00fcrol taraf\u0131ndan yap\u0131lan ve 1966 y\u0131l\u0131nda bas\u0131lan \u201cNeden Hristiyan de\u011filim\u201d isimli kitapta \u201censest\u201d kelimesi T\u00fcrk\u00e7eye \u201cK\u0131z\u0131lba\u015f\u201d olarak \u00e7evrildi. Kitab\u0131n 1996\u2019da yenilenen bask\u0131s\u0131nda ise \u201cK\u0131z\u0131lba\u015f\u201d yerine \u201cAlevi\u201d isminin kullan\u0131ld\u0131\u011f\u0131 g\u00f6r\u00fcld\u00fc.<\/p>\n<p>Benzer bir nefret s\u00f6ylemine Fatih \u00d6zg\u00fcven\u2019in \u00e7evirisini yapt\u0131\u011f\u0131 Vladimir Nabokov\u2019un \u201cLolita\u201d roman\u0131nda rastland\u0131.\u00a0 Kamuoyunda b\u00fcy\u00fck tepkiye sebep olan duruma ili\u015fkin Can Yay\u0131nlar\u0131 da hen\u00fcz bir a\u00e7\u0131klama yapmad\u0131.<\/p>\n<p><strong>P\u0130RHA\/ ANKARA<\/strong><\/p>\n<figure class=\"wp-block-image\"><a href=\"https:\/\/i0.wp.com\/www.pirha.net\/wp-content\/uploads\/2021\/09\/varlik-yayinlari-1.jpg?ssl=1\"><img decoding=\"async\" src=\"https:\/\/i0.wp.com\/www.pirha.net\/wp-content\/uploads\/2021\/09\/varlik-yayinlari-1.jpg?ssl=1\" alt=\"\" data-recalc-dims=\"1\" \/><\/a><\/figure>\n<figure class=\"wp-block-image\"><a href=\"https:\/\/i1.wp.com\/www.pirha.net\/wp-content\/uploads\/2021\/09\/neden-hristiyan-degilim-varlik.jpg?ssl=1\"><img decoding=\"async\" src=\"https:\/\/i1.wp.com\/www.pirha.net\/wp-content\/uploads\/2021\/09\/neden-hristiyan-degilim-varlik.jpg?ssl=1\" alt=\"\" data-recalc-dims=\"1\" \/><\/a><\/figure>\n<figure class=\"wp-block-image\"><a href=\"https:\/\/i0.wp.com\/www.pirha.net\/wp-content\/uploads\/2021\/09\/varlik-yayinlari-2.jpg?ssl=1\"><img decoding=\"async\" src=\"https:\/\/i0.wp.com\/www.pirha.net\/wp-content\/uploads\/2021\/09\/varlik-yayinlari-2.jpg?ssl=1\" alt=\"\" data-recalc-dims=\"1\" \/><\/a><\/figure>\n<figure class=\"wp-block-image\"><img decoding=\"async\" src=\"https:\/\/i0.wp.com\/www.pirha.net\/wp-content\/uploads\/2021\/09\/varlik-yayinlari-1.jpg?ssl=1\" alt=\"\" data-recalc-dims=\"1\" \/><\/figure>\n<figure class=\"wp-block-image\"><img decoding=\"async\" src=\"https:\/\/i0.wp.com\/www.pirha.net\/wp-content\/uploads\/2021\/09\/varlik-yayinlari-2.jpg?ssl=1\" alt=\"\" data-recalc-dims=\"1\" \/><\/figure>\n<figure class=\"wp-block-image\"><img decoding=\"async\" src=\"https:\/\/i1.wp.com\/www.pirha.net\/wp-content\/uploads\/2021\/09\/varlik-yayinlari-3.jpg?ssl=1\" alt=\"\" data-recalc-dims=\"1\" \/><\/figure>\n<figure class=\"wp-block-image\"><img decoding=\"async\" src=\"https:\/\/i1.wp.com\/www.pirha.net\/wp-content\/uploads\/2021\/09\/varlik-yayinlari-4.jpg?ssl=1\" alt=\"\" data-recalc-dims=\"1\" \/><\/figure>\n<figure class=\"wp-block-image\"><img decoding=\"async\" src=\"https:\/\/i1.wp.com\/www.pirha.net\/wp-content\/uploads\/2021\/09\/neden-hristiyan-degilim-varlik.jpg?ssl=1\" alt=\"\" data-recalc-dims=\"1\" \/><\/figure>\n<p><em><strong><a href=\"https:\/\/www.pirha.net\/alevilere-yonelik-nefret-soylemi-varlik-yayinevine-ait-kitapta-da-var-287715.html\/14\/09\/2021\/\">https:\/\/www.pirha.net\/alevilere-yonelik-nefret-soylemi-varlik-yayinevine-ait-kitapta-da-var-287715.html\/14\/09\/2021\/<\/a>\u00a0<\/strong><\/em><\/p>\n","protected":false},"excerpt":{"rendered":"<p>P\u0130RHA-Alevilere y\u00f6nelik bir nefret s\u00f6ylemi de Varl\u0131k Yay\u0131nevi taraf\u0131ndan bas\u0131lan Bertrand Russell\u2019a ait \u201cWhy i am not a Christian\u201d adl\u0131 kitapla ortaya \u00e7\u0131kt\u0131. \u00c7evirmen Ender G\u00fcrol\u2019un \u201censest\u201d s\u00f6zc\u00fc\u011f\u00fcn\u00fc T\u00fcrk\u00e7e\u2019ye \u201cK\u0131z\u0131lba\u015f\u201d olarak \u00e7evirdi\u011fi g\u00f6r\u00fcld\u00fc. Baz\u0131 yay\u0131nevlerinin \u00e7eviri kitaplar\u0131ndan Alevilere y\u00f6nelik nefret s\u00f6ylemlerine bir yenisi daha eklendi. Varl\u0131k Yay\u0131nevi\u2019nin, Bertrand Russell\u2019a ait \u201cwhy i am not a [&hellip;]<\/p>\n","protected":false},"author":7,"featured_media":64737,"comment_status":"open","ping_status":"open","sticky":false,"template":"","format":"standard","meta":{"footnotes":""},"categories":[1,53],"tags":[],"class_list":["post-64736","post","type-post","status-publish","format-standard","has-post-thumbnail","hentry","category-haberler","category-turkiyede-azinliklar"],"yoast_head":"<!-- This site is optimized with the Yoast SEO plugin v27.4 - https:\/\/yoast.com\/product\/yoast-seo-wordpress\/ -->\n<title>Alevilere y\u00f6nelik nefret s\u00f6ylemi Varl\u0131k Yay\u0131nevi\u2019ne ait kitapta da var! - Bati Ermenistan Ve Bati Ermenileri Sorunlari Ara\u015ftirmalar Merkezi<\/title>\n<meta name=\"robots\" content=\"index, follow, max-snippet:-1, max-image-preview:large, max-video-preview:-1\" \/>\n<link rel=\"canonical\" href=\"https:\/\/akunq.net\/tr\/?p=64736\" \/>\n<meta property=\"og:locale\" content=\"en_US\" \/>\n<meta property=\"og:type\" content=\"article\" \/>\n<meta property=\"og:title\" content=\"Alevilere y\u00f6nelik nefret s\u00f6ylemi Varl\u0131k Yay\u0131nevi\u2019ne ait kitapta da var! - Bati Ermenistan Ve Bati Ermenileri Sorunlari Ara\u015ftirmalar Merkezi\" \/>\n<meta property=\"og:description\" content=\"P\u0130RHA-Alevilere y\u00f6nelik bir nefret s\u00f6ylemi de Varl\u0131k Yay\u0131nevi taraf\u0131ndan bas\u0131lan Bertrand Russell\u2019a ait \u201cWhy i am not a Christian\u201d adl\u0131 kitapla ortaya \u00e7\u0131kt\u0131. \u00c7evirmen Ender G\u00fcrol\u2019un \u201censest\u201d s\u00f6zc\u00fc\u011f\u00fcn\u00fc T\u00fcrk\u00e7e\u2019ye \u201cK\u0131z\u0131lba\u015f\u201d olarak \u00e7evirdi\u011fi g\u00f6r\u00fcld\u00fc. Baz\u0131 yay\u0131nevlerinin \u00e7eviri kitaplar\u0131ndan Alevilere y\u00f6nelik nefret s\u00f6ylemlerine bir yenisi daha eklendi. Varl\u0131k Yay\u0131nevi\u2019nin, Bertrand Russell\u2019a ait \u201cwhy i am not a [&hellip;]\" \/>\n<meta property=\"og:url\" content=\"https:\/\/akunq.net\/tr\/?p=64736\" \/>\n<meta property=\"og:site_name\" content=\"Bati Ermenistan Ve Bati Ermenileri Sorunlari Ara\u015ftirmalar Merkezi\" \/>\n<meta property=\"article:published_time\" content=\"2021-09-15T07:20:38+00:00\" \/>\n<meta property=\"og:image\" content=\"https:\/\/akunq.net\/tr\/wp-content\/uploads\/sites\/6\/2021\/09\/Alevilere-y\u00f6nelik-nefret-s\u00f6ylemi.png\" \/>\n\t<meta property=\"og:image:width\" content=\"1080\" \/>\n\t<meta property=\"og:image:height\" content=\"662\" \/>\n\t<meta property=\"og:image:type\" content=\"image\/png\" \/>\n<meta name=\"author\" content=\"admin\" \/>\n<meta name=\"twitter:card\" content=\"summary_large_image\" \/>\n<meta name=\"twitter:label1\" content=\"Written by\" \/>\n\t<meta name=\"twitter:data1\" content=\"admin\" \/>\n\t<meta name=\"twitter:label2\" content=\"Est. reading time\" \/>\n\t<meta name=\"twitter:data2\" content=\"1 minute\" \/>\n<script type=\"application\/ld+json\" class=\"yoast-schema-graph\">{\"@context\":\"https:\\\/\\\/schema.org\",\"@graph\":[{\"@type\":\"Article\",\"@id\":\"https:\\\/\\\/akunq.net\\\/tr\\\/?p=64736#article\",\"isPartOf\":{\"@id\":\"https:\\\/\\\/akunq.net\\\/tr\\\/?p=64736\"},\"author\":{\"name\":\"admin\",\"@id\":\"https:\\\/\\\/akunq.net\\\/tr\\\/#\\\/schema\\\/person\\\/096f1d38a12cce57fb855b485ed24c9e\"},\"headline\":\"Alevilere y\u00f6nelik nefret s\u00f6ylemi Varl\u0131k Yay\u0131nevi\u2019ne ait kitapta da var!\",\"datePublished\":\"2021-09-15T07:20:38+00:00\",\"mainEntityOfPage\":{\"@id\":\"https:\\\/\\\/akunq.net\\\/tr\\\/?p=64736\"},\"wordCount\":207,\"commentCount\":0,\"image\":{\"@id\":\"https:\\\/\\\/akunq.net\\\/tr\\\/?p=64736#primaryimage\"},\"thumbnailUrl\":\"https:\\\/\\\/akunq.net\\\/tr\\\/wp-content\\\/uploads\\\/sites\\\/6\\\/2021\\\/09\\\/Alevilere-y\u00f6nelik-nefret-s\u00f6ylemi.png\",\"articleSection\":[\"Haberler\",\"T\u00fcrkiye\u2019de Az\u0131nl\u0131klar\"],\"inLanguage\":\"en-US\",\"potentialAction\":[{\"@type\":\"CommentAction\",\"name\":\"Comment\",\"target\":[\"https:\\\/\\\/akunq.net\\\/tr\\\/?p=64736#respond\"]}]},{\"@type\":\"WebPage\",\"@id\":\"https:\\\/\\\/akunq.net\\\/tr\\\/?p=64736\",\"url\":\"https:\\\/\\\/akunq.net\\\/tr\\\/?p=64736\",\"name\":\"Alevilere y\u00f6nelik nefret s\u00f6ylemi Varl\u0131k Yay\u0131nevi\u2019ne ait kitapta da var! - Bati Ermenistan Ve Bati Ermenileri Sorunlari Ara\u015ftirmalar Merkezi\",\"isPartOf\":{\"@id\":\"https:\\\/\\\/akunq.net\\\/tr\\\/#website\"},\"primaryImageOfPage\":{\"@id\":\"https:\\\/\\\/akunq.net\\\/tr\\\/?p=64736#primaryimage\"},\"image\":{\"@id\":\"https:\\\/\\\/akunq.net\\\/tr\\\/?p=64736#primaryimage\"},\"thumbnailUrl\":\"https:\\\/\\\/akunq.net\\\/tr\\\/wp-content\\\/uploads\\\/sites\\\/6\\\/2021\\\/09\\\/Alevilere-y\u00f6nelik-nefret-s\u00f6ylemi.png\",\"datePublished\":\"2021-09-15T07:20:38+00:00\",\"author\":{\"@id\":\"https:\\\/\\\/akunq.net\\\/tr\\\/#\\\/schema\\\/person\\\/096f1d38a12cce57fb855b485ed24c9e\"},\"breadcrumb\":{\"@id\":\"https:\\\/\\\/akunq.net\\\/tr\\\/?p=64736#breadcrumb\"},\"inLanguage\":\"en-US\",\"potentialAction\":[{\"@type\":\"ReadAction\",\"target\":[\"https:\\\/\\\/akunq.net\\\/tr\\\/?p=64736\"]}]},{\"@type\":\"ImageObject\",\"inLanguage\":\"en-US\",\"@id\":\"https:\\\/\\\/akunq.net\\\/tr\\\/?p=64736#primaryimage\",\"url\":\"https:\\\/\\\/akunq.net\\\/tr\\\/wp-content\\\/uploads\\\/sites\\\/6\\\/2021\\\/09\\\/Alevilere-y\u00f6nelik-nefret-s\u00f6ylemi.png\",\"contentUrl\":\"https:\\\/\\\/akunq.net\\\/tr\\\/wp-content\\\/uploads\\\/sites\\\/6\\\/2021\\\/09\\\/Alevilere-y\u00f6nelik-nefret-s\u00f6ylemi.png\",\"width\":1080,\"height\":662},{\"@type\":\"BreadcrumbList\",\"@id\":\"https:\\\/\\\/akunq.net\\\/tr\\\/?p=64736#breadcrumb\",\"itemListElement\":[{\"@type\":\"ListItem\",\"position\":1,\"name\":\"Home\",\"item\":\"https:\\\/\\\/akunq.net\\\/tr\"},{\"@type\":\"ListItem\",\"position\":2,\"name\":\"Alevilere y\u00f6nelik nefret s\u00f6ylemi Varl\u0131k Yay\u0131nevi\u2019ne ait kitapta da var!\"}]},{\"@type\":\"WebSite\",\"@id\":\"https:\\\/\\\/akunq.net\\\/tr\\\/#website\",\"url\":\"https:\\\/\\\/akunq.net\\\/tr\\\/\",\"name\":\"Bati Ermenistan Ve Bati Ermenileri Sorunlari Ara\u015ftirmalar Merkezi\",\"description\":\"\",\"potentialAction\":[{\"@type\":\"SearchAction\",\"target\":{\"@type\":\"EntryPoint\",\"urlTemplate\":\"https:\\\/\\\/akunq.net\\\/tr\\\/?s={search_term_string}\"},\"query-input\":{\"@type\":\"PropertyValueSpecification\",\"valueRequired\":true,\"valueName\":\"search_term_string\"}}],\"inLanguage\":\"en-US\"},{\"@type\":\"Person\",\"@id\":\"https:\\\/\\\/akunq.net\\\/tr\\\/#\\\/schema\\\/person\\\/096f1d38a12cce57fb855b485ed24c9e\",\"name\":\"admin\",\"url\":\"https:\\\/\\\/akunq.net\\\/tr\\\/?author=7\"}]}<\/script>\n<!-- \/ Yoast SEO plugin. -->","yoast_head_json":{"title":"Alevilere y\u00f6nelik nefret s\u00f6ylemi Varl\u0131k Yay\u0131nevi\u2019ne ait kitapta da var! - Bati Ermenistan Ve Bati Ermenileri Sorunlari Ara\u015ftirmalar Merkezi","robots":{"index":"index","follow":"follow","max-snippet":"max-snippet:-1","max-image-preview":"max-image-preview:large","max-video-preview":"max-video-preview:-1"},"canonical":"https:\/\/akunq.net\/tr\/?p=64736","og_locale":"en_US","og_type":"article","og_title":"Alevilere y\u00f6nelik nefret s\u00f6ylemi Varl\u0131k Yay\u0131nevi\u2019ne ait kitapta da var! - Bati Ermenistan Ve Bati Ermenileri Sorunlari Ara\u015ftirmalar Merkezi","og_description":"P\u0130RHA-Alevilere y\u00f6nelik bir nefret s\u00f6ylemi de Varl\u0131k Yay\u0131nevi taraf\u0131ndan bas\u0131lan Bertrand Russell\u2019a ait \u201cWhy i am not a Christian\u201d adl\u0131 kitapla ortaya \u00e7\u0131kt\u0131. \u00c7evirmen Ender G\u00fcrol\u2019un \u201censest\u201d s\u00f6zc\u00fc\u011f\u00fcn\u00fc T\u00fcrk\u00e7e\u2019ye \u201cK\u0131z\u0131lba\u015f\u201d olarak \u00e7evirdi\u011fi g\u00f6r\u00fcld\u00fc. Baz\u0131 yay\u0131nevlerinin \u00e7eviri kitaplar\u0131ndan Alevilere y\u00f6nelik nefret s\u00f6ylemlerine bir yenisi daha eklendi. Varl\u0131k Yay\u0131nevi\u2019nin, Bertrand Russell\u2019a ait \u201cwhy i am not a [&hellip;]","og_url":"https:\/\/akunq.net\/tr\/?p=64736","og_site_name":"Bati Ermenistan Ve Bati Ermenileri Sorunlari Ara\u015ftirmalar Merkezi","article_published_time":"2021-09-15T07:20:38+00:00","og_image":[{"width":1080,"height":662,"url":"https:\/\/akunq.net\/tr\/wp-content\/uploads\/sites\/6\/2021\/09\/Alevilere-y\u00f6nelik-nefret-s\u00f6ylemi.png","type":"image\/png"}],"author":"admin","twitter_card":"summary_large_image","twitter_misc":{"Written by":"admin","Est. reading time":"1 minute"},"schema":{"@context":"https:\/\/schema.org","@graph":[{"@type":"Article","@id":"https:\/\/akunq.net\/tr\/?p=64736#article","isPartOf":{"@id":"https:\/\/akunq.net\/tr\/?p=64736"},"author":{"name":"admin","@id":"https:\/\/akunq.net\/tr\/#\/schema\/person\/096f1d38a12cce57fb855b485ed24c9e"},"headline":"Alevilere y\u00f6nelik nefret s\u00f6ylemi Varl\u0131k Yay\u0131nevi\u2019ne ait kitapta da var!","datePublished":"2021-09-15T07:20:38+00:00","mainEntityOfPage":{"@id":"https:\/\/akunq.net\/tr\/?p=64736"},"wordCount":207,"commentCount":0,"image":{"@id":"https:\/\/akunq.net\/tr\/?p=64736#primaryimage"},"thumbnailUrl":"https:\/\/akunq.net\/tr\/wp-content\/uploads\/sites\/6\/2021\/09\/Alevilere-y\u00f6nelik-nefret-s\u00f6ylemi.png","articleSection":["Haberler","T\u00fcrkiye\u2019de Az\u0131nl\u0131klar"],"inLanguage":"en-US","potentialAction":[{"@type":"CommentAction","name":"Comment","target":["https:\/\/akunq.net\/tr\/?p=64736#respond"]}]},{"@type":"WebPage","@id":"https:\/\/akunq.net\/tr\/?p=64736","url":"https:\/\/akunq.net\/tr\/?p=64736","name":"Alevilere y\u00f6nelik nefret s\u00f6ylemi Varl\u0131k Yay\u0131nevi\u2019ne ait kitapta da var! - Bati Ermenistan Ve Bati Ermenileri Sorunlari Ara\u015ftirmalar Merkezi","isPartOf":{"@id":"https:\/\/akunq.net\/tr\/#website"},"primaryImageOfPage":{"@id":"https:\/\/akunq.net\/tr\/?p=64736#primaryimage"},"image":{"@id":"https:\/\/akunq.net\/tr\/?p=64736#primaryimage"},"thumbnailUrl":"https:\/\/akunq.net\/tr\/wp-content\/uploads\/sites\/6\/2021\/09\/Alevilere-y\u00f6nelik-nefret-s\u00f6ylemi.png","datePublished":"2021-09-15T07:20:38+00:00","author":{"@id":"https:\/\/akunq.net\/tr\/#\/schema\/person\/096f1d38a12cce57fb855b485ed24c9e"},"breadcrumb":{"@id":"https:\/\/akunq.net\/tr\/?p=64736#breadcrumb"},"inLanguage":"en-US","potentialAction":[{"@type":"ReadAction","target":["https:\/\/akunq.net\/tr\/?p=64736"]}]},{"@type":"ImageObject","inLanguage":"en-US","@id":"https:\/\/akunq.net\/tr\/?p=64736#primaryimage","url":"https:\/\/akunq.net\/tr\/wp-content\/uploads\/sites\/6\/2021\/09\/Alevilere-y\u00f6nelik-nefret-s\u00f6ylemi.png","contentUrl":"https:\/\/akunq.net\/tr\/wp-content\/uploads\/sites\/6\/2021\/09\/Alevilere-y\u00f6nelik-nefret-s\u00f6ylemi.png","width":1080,"height":662},{"@type":"BreadcrumbList","@id":"https:\/\/akunq.net\/tr\/?p=64736#breadcrumb","itemListElement":[{"@type":"ListItem","position":1,"name":"Home","item":"https:\/\/akunq.net\/tr"},{"@type":"ListItem","position":2,"name":"Alevilere y\u00f6nelik nefret s\u00f6ylemi Varl\u0131k Yay\u0131nevi\u2019ne ait kitapta da var!"}]},{"@type":"WebSite","@id":"https:\/\/akunq.net\/tr\/#website","url":"https:\/\/akunq.net\/tr\/","name":"Bati Ermenistan Ve Bati Ermenileri Sorunlari Ara\u015ftirmalar Merkezi","description":"","potentialAction":[{"@type":"SearchAction","target":{"@type":"EntryPoint","urlTemplate":"https:\/\/akunq.net\/tr\/?s={search_term_string}"},"query-input":{"@type":"PropertyValueSpecification","valueRequired":true,"valueName":"search_term_string"}}],"inLanguage":"en-US"},{"@type":"Person","@id":"https:\/\/akunq.net\/tr\/#\/schema\/person\/096f1d38a12cce57fb855b485ed24c9e","name":"admin","url":"https:\/\/akunq.net\/tr\/?author=7"}]}},"_links":{"self":[{"href":"https:\/\/akunq.net\/tr\/index.php?rest_route=\/wp\/v2\/posts\/64736","targetHints":{"allow":["GET"]}}],"collection":[{"href":"https:\/\/akunq.net\/tr\/index.php?rest_route=\/wp\/v2\/posts"}],"about":[{"href":"https:\/\/akunq.net\/tr\/index.php?rest_route=\/wp\/v2\/types\/post"}],"author":[{"embeddable":true,"href":"https:\/\/akunq.net\/tr\/index.php?rest_route=\/wp\/v2\/users\/7"}],"replies":[{"embeddable":true,"href":"https:\/\/akunq.net\/tr\/index.php?rest_route=%2Fwp%2Fv2%2Fcomments&post=64736"}],"version-history":[{"count":1,"href":"https:\/\/akunq.net\/tr\/index.php?rest_route=\/wp\/v2\/posts\/64736\/revisions"}],"predecessor-version":[{"id":64738,"href":"https:\/\/akunq.net\/tr\/index.php?rest_route=\/wp\/v2\/posts\/64736\/revisions\/64738"}],"wp:featuredmedia":[{"embeddable":true,"href":"https:\/\/akunq.net\/tr\/index.php?rest_route=\/wp\/v2\/media\/64737"}],"wp:attachment":[{"href":"https:\/\/akunq.net\/tr\/index.php?rest_route=%2Fwp%2Fv2%2Fmedia&parent=64736"}],"wp:term":[{"taxonomy":"category","embeddable":true,"href":"https:\/\/akunq.net\/tr\/index.php?rest_route=%2Fwp%2Fv2%2Fcategories&post=64736"},{"taxonomy":"post_tag","embeddable":true,"href":"https:\/\/akunq.net\/tr\/index.php?rest_route=%2Fwp%2Fv2%2Ftags&post=64736"}],"curies":[{"name":"wp","href":"https:\/\/api.w.org\/{rel}","templated":true}]}}