{"id":64723,"date":"2021-09-15T01:13:48","date_gmt":"2021-09-15T06:13:48","guid":{"rendered":"https:\/\/akunq.net\/tr\/?p=64723"},"modified":"2021-09-15T01:13:48","modified_gmt":"2021-09-15T06:13:48","slug":"ermenistan-ve-iran-ulusal-arsivleri-isbirligi-anlasmasi-imzalayacak","status":"publish","type":"post","link":"https:\/\/akunq.net\/tr\/?p=64723","title":{"rendered":"Ermenistan ve \u0130ran Ulusal Ar\u015fivleri i\u015fbirli\u011fi anla\u015fmas\u0131 imzalayacak"},"content":{"rendered":"<p><img loading=\"lazy\" decoding=\"async\" class=\"aligncenter size-medium wp-image-64724\" src=\"https:\/\/akunq.net\/tr\/wp-content\/uploads\/2021\/09\/Ermenistan-Ulusal-Ar\u015fivi-Direkt\u00f6r\u00fc-360x242.jpg\" alt=\"\" width=\"360\" height=\"242\" srcset=\"https:\/\/akunq.net\/tr\/wp-content\/uploads\/sites\/6\/2021\/09\/Ermenistan-Ulusal-Ar\u015fivi-Direkt\u00f6r\u00fc-360x242.jpg 360w, https:\/\/akunq.net\/tr\/wp-content\/uploads\/sites\/6\/2021\/09\/Ermenistan-Ulusal-Ar\u015fivi-Direkt\u00f6r\u00fc-560x376.jpg 560w, https:\/\/akunq.net\/tr\/wp-content\/uploads\/sites\/6\/2021\/09\/Ermenistan-Ulusal-Ar\u015fivi-Direkt\u00f6r\u00fc-260x175.jpg 260w, https:\/\/akunq.net\/tr\/wp-content\/uploads\/sites\/6\/2021\/09\/Ermenistan-Ulusal-Ar\u015fivi-Direkt\u00f6r\u00fc-160x107.jpg 160w, https:\/\/akunq.net\/tr\/wp-content\/uploads\/sites\/6\/2021\/09\/Ermenistan-Ulusal-Ar\u015fivi-Direkt\u00f6r\u00fc.jpg 670w\" sizes=\"auto, (max-width: 360px) 100vw, 360px\" \/><\/p>\n<p><em><strong>Ermenistan Ulusal Ar\u015fivi Direkt\u00f6r\u00fc Grigor Arshakyan, \u0130ran B\u00fcy\u00fckel\u00e7ili\u011fi K\u00fclt\u00fcr Merkezi dan\u0131\u015fman\u0131 Soyyed Hossein Tabatabai ve \u0130ran K\u00fclt\u00fcrel Miras Akademisi Ara\u015ft\u0131rmadan Sorumlu Rekt\u00f6r Yard\u0131mc\u0131s\u0131 Morteza Rezvanfar ile bir araya geldi.<\/strong><\/em><\/p>\n<p>Muhataplar, \u00f6zellikle tarihi-k\u00fclt\u00fcrel miras\u0131n kar\u015f\u0131l\u0131kl\u0131 tan\u0131nmas\u0131 ve ar\u015fiv verilerinin de\u011fi\u015fimi olmak \u00fczere iki dost \u00fclke aras\u0131nda daha derin i\u015fbirli\u011fi ihtiyac\u0131na \u00f6nem verdiler.<\/p>\n<p>Tabatabai, Ermeni-\u0130ran diplomatik ili\u015fkilerinin kurulmas\u0131n\u0131n 30. y\u0131ld\u00f6n\u00fcm\u00fcn\u00fcn, \u0130ran ve Ermenistan&#8217;da ortak ar\u015fiv materyalleri sergisi d\u00fczenlemek i\u00e7in iyi bir f\u0131rsat olaca\u011f\u0131n\u0131 kaydetti. \u0130ran taraf\u0131, mimarl\u0131k ve di\u011fer sekt\u00f6rlerde kendileriyle ilgili ar\u015fiv belgelerini tan\u0131makla ilgilendi\u011fini ve Ermeni taraf\u0131na ar\u015fivlerini kar\u015f\u0131l\u0131kl\u0131 olarak kullanmas\u0131n\u0131 teklif etti.<\/p>\n<p>Direkt\u00f6r Arshakyan, iki \u00fclkenin as\u0131rl\u0131k tarihi-k\u00fclt\u00fcrel dostane ili\u015fkilere sahip oldu\u011funu vurgulad\u0131 ve heyete, Ermeni Ulusal Ar\u015fivi&#8217;de, bir\u00e7ok belgelerin yan\u0131 s\u0131ra, \u015eah Abbas&#8217;\u0131n Ka\u015fata\u011f&#8217;\u0131n Ermeni meliklerine toprak verilmesine ili\u015fkin 1607 tarihli bir manifestonun da yer ald\u0131\u011f\u0131n\u0131 bildirdi.<\/p>\n<p>Taraflar, i\u015fbirli\u011fini geli\u015ftirmek ve bu kapsamda ortak bir muht\u0131ra imzalamak i\u00e7in anla\u015fmaya vard\u0131lar.<\/p>\n<p><strong><em>https:\/\/armenpress.am\/tur\/news\/1063096.html\u00a0<\/em><\/strong><\/p>\n","protected":false},"excerpt":{"rendered":"<p>Ermenistan Ulusal Ar\u015fivi Direkt\u00f6r\u00fc Grigor Arshakyan, \u0130ran B\u00fcy\u00fckel\u00e7ili\u011fi K\u00fclt\u00fcr Merkezi dan\u0131\u015fman\u0131 Soyyed Hossein Tabatabai ve \u0130ran K\u00fclt\u00fcrel Miras Akademisi Ara\u015ft\u0131rmadan Sorumlu Rekt\u00f6r Yard\u0131mc\u0131s\u0131 Morteza Rezvanfar ile bir araya geldi. Muhataplar, \u00f6zellikle tarihi-k\u00fclt\u00fcrel miras\u0131n kar\u015f\u0131l\u0131kl\u0131 tan\u0131nmas\u0131 ve ar\u015fiv verilerinin de\u011fi\u015fimi olmak \u00fczere iki dost \u00fclke aras\u0131nda daha derin i\u015fbirli\u011fi ihtiyac\u0131na \u00f6nem verdiler. Tabatabai, Ermeni-\u0130ran diplomatik ili\u015fkilerinin [&hellip;]<\/p>\n","protected":false},"author":7,"featured_media":64724,"comment_status":"open","ping_status":"open","sticky":false,"template":"","format":"standard","meta":{"footnotes":""},"categories":[1],"tags":[],"class_list":["post-64723","post","type-post","status-publish","format-standard","has-post-thumbnail","hentry","category-haberler"],"yoast_head":"<!-- This site is optimized with the Yoast SEO plugin v27.4 - https:\/\/yoast.com\/product\/yoast-seo-wordpress\/ -->\n<title>Ermenistan ve \u0130ran Ulusal Ar\u015fivleri i\u015fbirli\u011fi anla\u015fmas\u0131 imzalayacak - Bati Ermenistan Ve Bati Ermenileri Sorunlari Ara\u015ftirmalar Merkezi<\/title>\n<meta name=\"robots\" content=\"index, follow, max-snippet:-1, max-image-preview:large, max-video-preview:-1\" \/>\n<link rel=\"canonical\" href=\"https:\/\/akunq.net\/tr\/?p=64723\" \/>\n<meta property=\"og:locale\" content=\"en_US\" \/>\n<meta property=\"og:type\" content=\"article\" \/>\n<meta property=\"og:title\" content=\"Ermenistan ve \u0130ran Ulusal Ar\u015fivleri i\u015fbirli\u011fi anla\u015fmas\u0131 imzalayacak - Bati Ermenistan Ve Bati Ermenileri Sorunlari Ara\u015ftirmalar Merkezi\" \/>\n<meta property=\"og:description\" content=\"Ermenistan Ulusal Ar\u015fivi Direkt\u00f6r\u00fc Grigor Arshakyan, \u0130ran B\u00fcy\u00fckel\u00e7ili\u011fi K\u00fclt\u00fcr Merkezi dan\u0131\u015fman\u0131 Soyyed Hossein Tabatabai ve \u0130ran K\u00fclt\u00fcrel Miras Akademisi Ara\u015ft\u0131rmadan Sorumlu Rekt\u00f6r Yard\u0131mc\u0131s\u0131 Morteza Rezvanfar ile bir araya geldi. Muhataplar, \u00f6zellikle tarihi-k\u00fclt\u00fcrel miras\u0131n kar\u015f\u0131l\u0131kl\u0131 tan\u0131nmas\u0131 ve ar\u015fiv verilerinin de\u011fi\u015fimi olmak \u00fczere iki dost \u00fclke aras\u0131nda daha derin i\u015fbirli\u011fi ihtiyac\u0131na \u00f6nem verdiler. Tabatabai, Ermeni-\u0130ran diplomatik ili\u015fkilerinin [&hellip;]\" \/>\n<meta property=\"og:url\" content=\"https:\/\/akunq.net\/tr\/?p=64723\" \/>\n<meta property=\"og:site_name\" content=\"Bati Ermenistan Ve Bati Ermenileri Sorunlari Ara\u015ftirmalar Merkezi\" \/>\n<meta property=\"article:published_time\" content=\"2021-09-15T06:13:48+00:00\" \/>\n<meta property=\"og:image\" content=\"https:\/\/akunq.net\/tr\/wp-content\/uploads\/sites\/6\/2021\/09\/Ermenistan-Ulusal-Ar\u015fivi-Direkt\u00f6r\u00fc.jpg\" \/>\n\t<meta property=\"og:image:width\" content=\"670\" \/>\n\t<meta property=\"og:image:height\" content=\"450\" \/>\n\t<meta property=\"og:image:type\" content=\"image\/jpeg\" \/>\n<meta name=\"author\" content=\"admin\" \/>\n<meta name=\"twitter:card\" content=\"summary_large_image\" \/>\n<meta name=\"twitter:label1\" content=\"Written by\" \/>\n\t<meta name=\"twitter:data1\" content=\"admin\" \/>\n\t<meta name=\"twitter:label2\" content=\"Est. reading time\" \/>\n\t<meta name=\"twitter:data2\" content=\"1 minute\" \/>\n<script type=\"application\/ld+json\" class=\"yoast-schema-graph\">{\"@context\":\"https:\\\/\\\/schema.org\",\"@graph\":[{\"@type\":\"Article\",\"@id\":\"https:\\\/\\\/akunq.net\\\/tr\\\/?p=64723#article\",\"isPartOf\":{\"@id\":\"https:\\\/\\\/akunq.net\\\/tr\\\/?p=64723\"},\"author\":{\"name\":\"admin\",\"@id\":\"https:\\\/\\\/akunq.net\\\/tr\\\/#\\\/schema\\\/person\\\/096f1d38a12cce57fb855b485ed24c9e\"},\"headline\":\"Ermenistan ve \u0130ran Ulusal Ar\u015fivleri i\u015fbirli\u011fi anla\u015fmas\u0131 imzalayacak\",\"datePublished\":\"2021-09-15T06:13:48+00:00\",\"mainEntityOfPage\":{\"@id\":\"https:\\\/\\\/akunq.net\\\/tr\\\/?p=64723\"},\"wordCount\":235,\"commentCount\":0,\"image\":{\"@id\":\"https:\\\/\\\/akunq.net\\\/tr\\\/?p=64723#primaryimage\"},\"thumbnailUrl\":\"https:\\\/\\\/akunq.net\\\/tr\\\/wp-content\\\/uploads\\\/sites\\\/6\\\/2021\\\/09\\\/Ermenistan-Ulusal-Ar\u015fivi-Direkt\u00f6r\u00fc.jpg\",\"articleSection\":[\"Haberler\"],\"inLanguage\":\"en-US\",\"potentialAction\":[{\"@type\":\"CommentAction\",\"name\":\"Comment\",\"target\":[\"https:\\\/\\\/akunq.net\\\/tr\\\/?p=64723#respond\"]}]},{\"@type\":\"WebPage\",\"@id\":\"https:\\\/\\\/akunq.net\\\/tr\\\/?p=64723\",\"url\":\"https:\\\/\\\/akunq.net\\\/tr\\\/?p=64723\",\"name\":\"Ermenistan ve \u0130ran Ulusal Ar\u015fivleri i\u015fbirli\u011fi anla\u015fmas\u0131 imzalayacak - Bati Ermenistan Ve Bati Ermenileri Sorunlari Ara\u015ftirmalar Merkezi\",\"isPartOf\":{\"@id\":\"https:\\\/\\\/akunq.net\\\/tr\\\/#website\"},\"primaryImageOfPage\":{\"@id\":\"https:\\\/\\\/akunq.net\\\/tr\\\/?p=64723#primaryimage\"},\"image\":{\"@id\":\"https:\\\/\\\/akunq.net\\\/tr\\\/?p=64723#primaryimage\"},\"thumbnailUrl\":\"https:\\\/\\\/akunq.net\\\/tr\\\/wp-content\\\/uploads\\\/sites\\\/6\\\/2021\\\/09\\\/Ermenistan-Ulusal-Ar\u015fivi-Direkt\u00f6r\u00fc.jpg\",\"datePublished\":\"2021-09-15T06:13:48+00:00\",\"author\":{\"@id\":\"https:\\\/\\\/akunq.net\\\/tr\\\/#\\\/schema\\\/person\\\/096f1d38a12cce57fb855b485ed24c9e\"},\"breadcrumb\":{\"@id\":\"https:\\\/\\\/akunq.net\\\/tr\\\/?p=64723#breadcrumb\"},\"inLanguage\":\"en-US\",\"potentialAction\":[{\"@type\":\"ReadAction\",\"target\":[\"https:\\\/\\\/akunq.net\\\/tr\\\/?p=64723\"]}]},{\"@type\":\"ImageObject\",\"inLanguage\":\"en-US\",\"@id\":\"https:\\\/\\\/akunq.net\\\/tr\\\/?p=64723#primaryimage\",\"url\":\"https:\\\/\\\/akunq.net\\\/tr\\\/wp-content\\\/uploads\\\/sites\\\/6\\\/2021\\\/09\\\/Ermenistan-Ulusal-Ar\u015fivi-Direkt\u00f6r\u00fc.jpg\",\"contentUrl\":\"https:\\\/\\\/akunq.net\\\/tr\\\/wp-content\\\/uploads\\\/sites\\\/6\\\/2021\\\/09\\\/Ermenistan-Ulusal-Ar\u015fivi-Direkt\u00f6r\u00fc.jpg\",\"width\":670,\"height\":450},{\"@type\":\"BreadcrumbList\",\"@id\":\"https:\\\/\\\/akunq.net\\\/tr\\\/?p=64723#breadcrumb\",\"itemListElement\":[{\"@type\":\"ListItem\",\"position\":1,\"name\":\"Home\",\"item\":\"https:\\\/\\\/akunq.net\\\/tr\"},{\"@type\":\"ListItem\",\"position\":2,\"name\":\"Ermenistan ve \u0130ran Ulusal Ar\u015fivleri i\u015fbirli\u011fi anla\u015fmas\u0131 imzalayacak\"}]},{\"@type\":\"WebSite\",\"@id\":\"https:\\\/\\\/akunq.net\\\/tr\\\/#website\",\"url\":\"https:\\\/\\\/akunq.net\\\/tr\\\/\",\"name\":\"Bati Ermenistan Ve Bati Ermenileri Sorunlari Ara\u015ftirmalar Merkezi\",\"description\":\"\",\"potentialAction\":[{\"@type\":\"SearchAction\",\"target\":{\"@type\":\"EntryPoint\",\"urlTemplate\":\"https:\\\/\\\/akunq.net\\\/tr\\\/?s={search_term_string}\"},\"query-input\":{\"@type\":\"PropertyValueSpecification\",\"valueRequired\":true,\"valueName\":\"search_term_string\"}}],\"inLanguage\":\"en-US\"},{\"@type\":\"Person\",\"@id\":\"https:\\\/\\\/akunq.net\\\/tr\\\/#\\\/schema\\\/person\\\/096f1d38a12cce57fb855b485ed24c9e\",\"name\":\"admin\",\"url\":\"https:\\\/\\\/akunq.net\\\/tr\\\/?author=7\"}]}<\/script>\n<!-- \/ Yoast SEO plugin. -->","yoast_head_json":{"title":"Ermenistan ve \u0130ran Ulusal Ar\u015fivleri i\u015fbirli\u011fi anla\u015fmas\u0131 imzalayacak - Bati Ermenistan Ve Bati Ermenileri Sorunlari Ara\u015ftirmalar Merkezi","robots":{"index":"index","follow":"follow","max-snippet":"max-snippet:-1","max-image-preview":"max-image-preview:large","max-video-preview":"max-video-preview:-1"},"canonical":"https:\/\/akunq.net\/tr\/?p=64723","og_locale":"en_US","og_type":"article","og_title":"Ermenistan ve \u0130ran Ulusal Ar\u015fivleri i\u015fbirli\u011fi anla\u015fmas\u0131 imzalayacak - Bati Ermenistan Ve Bati Ermenileri Sorunlari Ara\u015ftirmalar Merkezi","og_description":"Ermenistan Ulusal Ar\u015fivi Direkt\u00f6r\u00fc Grigor Arshakyan, \u0130ran B\u00fcy\u00fckel\u00e7ili\u011fi K\u00fclt\u00fcr Merkezi dan\u0131\u015fman\u0131 Soyyed Hossein Tabatabai ve \u0130ran K\u00fclt\u00fcrel Miras Akademisi Ara\u015ft\u0131rmadan Sorumlu Rekt\u00f6r Yard\u0131mc\u0131s\u0131 Morteza Rezvanfar ile bir araya geldi. Muhataplar, \u00f6zellikle tarihi-k\u00fclt\u00fcrel miras\u0131n kar\u015f\u0131l\u0131kl\u0131 tan\u0131nmas\u0131 ve ar\u015fiv verilerinin de\u011fi\u015fimi olmak \u00fczere iki dost \u00fclke aras\u0131nda daha derin i\u015fbirli\u011fi ihtiyac\u0131na \u00f6nem verdiler. Tabatabai, Ermeni-\u0130ran diplomatik ili\u015fkilerinin [&hellip;]","og_url":"https:\/\/akunq.net\/tr\/?p=64723","og_site_name":"Bati Ermenistan Ve Bati Ermenileri Sorunlari Ara\u015ftirmalar Merkezi","article_published_time":"2021-09-15T06:13:48+00:00","og_image":[{"width":670,"height":450,"url":"https:\/\/akunq.net\/tr\/wp-content\/uploads\/sites\/6\/2021\/09\/Ermenistan-Ulusal-Ar\u015fivi-Direkt\u00f6r\u00fc.jpg","type":"image\/jpeg"}],"author":"admin","twitter_card":"summary_large_image","twitter_misc":{"Written by":"admin","Est. reading time":"1 minute"},"schema":{"@context":"https:\/\/schema.org","@graph":[{"@type":"Article","@id":"https:\/\/akunq.net\/tr\/?p=64723#article","isPartOf":{"@id":"https:\/\/akunq.net\/tr\/?p=64723"},"author":{"name":"admin","@id":"https:\/\/akunq.net\/tr\/#\/schema\/person\/096f1d38a12cce57fb855b485ed24c9e"},"headline":"Ermenistan ve \u0130ran Ulusal Ar\u015fivleri i\u015fbirli\u011fi anla\u015fmas\u0131 imzalayacak","datePublished":"2021-09-15T06:13:48+00:00","mainEntityOfPage":{"@id":"https:\/\/akunq.net\/tr\/?p=64723"},"wordCount":235,"commentCount":0,"image":{"@id":"https:\/\/akunq.net\/tr\/?p=64723#primaryimage"},"thumbnailUrl":"https:\/\/akunq.net\/tr\/wp-content\/uploads\/sites\/6\/2021\/09\/Ermenistan-Ulusal-Ar\u015fivi-Direkt\u00f6r\u00fc.jpg","articleSection":["Haberler"],"inLanguage":"en-US","potentialAction":[{"@type":"CommentAction","name":"Comment","target":["https:\/\/akunq.net\/tr\/?p=64723#respond"]}]},{"@type":"WebPage","@id":"https:\/\/akunq.net\/tr\/?p=64723","url":"https:\/\/akunq.net\/tr\/?p=64723","name":"Ermenistan ve \u0130ran Ulusal Ar\u015fivleri i\u015fbirli\u011fi anla\u015fmas\u0131 imzalayacak - Bati Ermenistan Ve Bati Ermenileri Sorunlari Ara\u015ftirmalar Merkezi","isPartOf":{"@id":"https:\/\/akunq.net\/tr\/#website"},"primaryImageOfPage":{"@id":"https:\/\/akunq.net\/tr\/?p=64723#primaryimage"},"image":{"@id":"https:\/\/akunq.net\/tr\/?p=64723#primaryimage"},"thumbnailUrl":"https:\/\/akunq.net\/tr\/wp-content\/uploads\/sites\/6\/2021\/09\/Ermenistan-Ulusal-Ar\u015fivi-Direkt\u00f6r\u00fc.jpg","datePublished":"2021-09-15T06:13:48+00:00","author":{"@id":"https:\/\/akunq.net\/tr\/#\/schema\/person\/096f1d38a12cce57fb855b485ed24c9e"},"breadcrumb":{"@id":"https:\/\/akunq.net\/tr\/?p=64723#breadcrumb"},"inLanguage":"en-US","potentialAction":[{"@type":"ReadAction","target":["https:\/\/akunq.net\/tr\/?p=64723"]}]},{"@type":"ImageObject","inLanguage":"en-US","@id":"https:\/\/akunq.net\/tr\/?p=64723#primaryimage","url":"https:\/\/akunq.net\/tr\/wp-content\/uploads\/sites\/6\/2021\/09\/Ermenistan-Ulusal-Ar\u015fivi-Direkt\u00f6r\u00fc.jpg","contentUrl":"https:\/\/akunq.net\/tr\/wp-content\/uploads\/sites\/6\/2021\/09\/Ermenistan-Ulusal-Ar\u015fivi-Direkt\u00f6r\u00fc.jpg","width":670,"height":450},{"@type":"BreadcrumbList","@id":"https:\/\/akunq.net\/tr\/?p=64723#breadcrumb","itemListElement":[{"@type":"ListItem","position":1,"name":"Home","item":"https:\/\/akunq.net\/tr"},{"@type":"ListItem","position":2,"name":"Ermenistan ve \u0130ran Ulusal Ar\u015fivleri i\u015fbirli\u011fi anla\u015fmas\u0131 imzalayacak"}]},{"@type":"WebSite","@id":"https:\/\/akunq.net\/tr\/#website","url":"https:\/\/akunq.net\/tr\/","name":"Bati Ermenistan Ve Bati Ermenileri Sorunlari Ara\u015ftirmalar Merkezi","description":"","potentialAction":[{"@type":"SearchAction","target":{"@type":"EntryPoint","urlTemplate":"https:\/\/akunq.net\/tr\/?s={search_term_string}"},"query-input":{"@type":"PropertyValueSpecification","valueRequired":true,"valueName":"search_term_string"}}],"inLanguage":"en-US"},{"@type":"Person","@id":"https:\/\/akunq.net\/tr\/#\/schema\/person\/096f1d38a12cce57fb855b485ed24c9e","name":"admin","url":"https:\/\/akunq.net\/tr\/?author=7"}]}},"_links":{"self":[{"href":"https:\/\/akunq.net\/tr\/index.php?rest_route=\/wp\/v2\/posts\/64723","targetHints":{"allow":["GET"]}}],"collection":[{"href":"https:\/\/akunq.net\/tr\/index.php?rest_route=\/wp\/v2\/posts"}],"about":[{"href":"https:\/\/akunq.net\/tr\/index.php?rest_route=\/wp\/v2\/types\/post"}],"author":[{"embeddable":true,"href":"https:\/\/akunq.net\/tr\/index.php?rest_route=\/wp\/v2\/users\/7"}],"replies":[{"embeddable":true,"href":"https:\/\/akunq.net\/tr\/index.php?rest_route=%2Fwp%2Fv2%2Fcomments&post=64723"}],"version-history":[{"count":1,"href":"https:\/\/akunq.net\/tr\/index.php?rest_route=\/wp\/v2\/posts\/64723\/revisions"}],"predecessor-version":[{"id":64725,"href":"https:\/\/akunq.net\/tr\/index.php?rest_route=\/wp\/v2\/posts\/64723\/revisions\/64725"}],"wp:featuredmedia":[{"embeddable":true,"href":"https:\/\/akunq.net\/tr\/index.php?rest_route=\/wp\/v2\/media\/64724"}],"wp:attachment":[{"href":"https:\/\/akunq.net\/tr\/index.php?rest_route=%2Fwp%2Fv2%2Fmedia&parent=64723"}],"wp:term":[{"taxonomy":"category","embeddable":true,"href":"https:\/\/akunq.net\/tr\/index.php?rest_route=%2Fwp%2Fv2%2Fcategories&post=64723"},{"taxonomy":"post_tag","embeddable":true,"href":"https:\/\/akunq.net\/tr\/index.php?rest_route=%2Fwp%2Fv2%2Ftags&post=64723"}],"curies":[{"name":"wp","href":"https:\/\/api.w.org\/{rel}","templated":true}]}}