{"id":64713,"date":"2021-09-14T06:17:57","date_gmt":"2021-09-14T11:17:57","guid":{"rendered":"https:\/\/akunq.net\/tr\/?p=64713"},"modified":"2021-09-14T06:17:57","modified_gmt":"2021-09-14T11:17:57","slug":"aydindaki-kazilarda-roma-imparatoru-hadrianus-heykelinin-parcalari-bulundu","status":"publish","type":"post","link":"https:\/\/akunq.net\/tr\/?p=64713","title":{"rendered":"Ayd\u0131n\u2019daki kaz\u0131larda Roma \u0130mparatoru Hadrianus heykelinin par\u00e7alar\u0131 bulundu"},"content":{"rendered":"<p><img loading=\"lazy\" decoding=\"async\" class=\"aligncenter size-medium wp-image-64714\" src=\"https:\/\/akunq.net\/tr\/wp-content\/uploads\/2021\/09\/Hadrianus-heykelinin-par\u00e7alar\u0131-360x203.jpg\" alt=\"\" width=\"360\" height=\"203\" srcset=\"https:\/\/akunq.net\/tr\/wp-content\/uploads\/sites\/6\/2021\/09\/Hadrianus-heykelinin-par\u00e7alar\u0131-360x203.jpg 360w, https:\/\/akunq.net\/tr\/wp-content\/uploads\/sites\/6\/2021\/09\/Hadrianus-heykelinin-par\u00e7alar\u0131-768x432.jpg 768w, https:\/\/akunq.net\/tr\/wp-content\/uploads\/sites\/6\/2021\/09\/Hadrianus-heykelinin-par\u00e7alar\u0131-560x315.jpg 560w, https:\/\/akunq.net\/tr\/wp-content\/uploads\/sites\/6\/2021\/09\/Hadrianus-heykelinin-par\u00e7alar\u0131-260x146.jpg 260w, https:\/\/akunq.net\/tr\/wp-content\/uploads\/sites\/6\/2021\/09\/Hadrianus-heykelinin-par\u00e7alar\u0131-160x90.jpg 160w, https:\/\/akunq.net\/tr\/wp-content\/uploads\/sites\/6\/2021\/09\/Hadrianus-heykelinin-par\u00e7alar\u0131.jpg 864w\" sizes=\"auto, (max-width: 360px) 100vw, 360px\" \/><\/p>\n<p><em><strong>Ayd\u0131n\u2019\u0131n \u00c7ine il\u00e7esinde Alabanda Antik Kenti\u2019nde y\u00fcr\u00fct\u00fclen kaz\u0131 \u00e7al\u0131\u015famalar\u0131nda Roma \u0130mparatoru Hadrianus i\u00e7in yap\u0131lan heykelin 6 par\u00e7as\u0131 g\u00fcn \u0131\u015f\u0131\u011f\u0131na \u00e7\u0131kar\u0131ld\u0131.<\/strong><\/em><\/p>\n<p><strong>G\u00f6khan D\u00fczyol<\/strong><\/p>\n<p>Kaz\u0131 Ba\u015fkan\u0131 ve Atat\u00fcrk \u00dcniversitesi Arkeoloji B\u00f6l\u00fcm\u00fc \u00d6\u011fretim \u00dcyesi Prof. Dr. Ali Yal\u00e7\u0131n Tavuk\u00e7u, antik kentte gazetecilere yapt\u0131\u011f\u0131 a\u00e7\u0131klamada, bu y\u0131l kaz\u0131larda heyecan veren eserlerle kar\u015f\u0131la\u015ft\u0131klar\u0131n\u0131 s\u00f6yledi.<\/p>\n<p>Roma \u0130mparatorlu\u011fu d\u00f6neminde Anadolu\u2019ya en \u00e7ok sefer d\u00fczenleyen imparatorlardan olan Publius Aelius Traianus Hadrianus ad\u0131na yap\u0131lm\u0131\u015f heykeli par\u00e7alanm\u0131\u015f olarak bulduklar\u0131n\u0131 belirten Tavuk\u00e7u, imparatorun milattan sonra 120 y\u0131l\u0131nda kente geli\u015fi i\u00e7in yap\u0131ld\u0131\u011f\u0131 d\u00fc\u015f\u00fcn\u00fclen heykelin yakla\u015f\u0131k 1900 y\u0131ll\u0131k oldu\u011funun tahmin edildi\u011fini dile getirdi.<\/p>\n<p>Heykelin sonraki y\u0131llarda Hristiyanlar taraf\u0131ndan par\u00e7aland\u0131\u011f\u0131n\u0131 d\u00fc\u015f\u00fcnd\u00fcklerini ifade eden Tavuk\u00e7u, \u015f\u00f6yle konu\u015ftu:<\/p>\n<p>\u201cHeykelin par\u00e7alar\u0131 ayr\u0131 ayr\u0131 yerlerde kar\u015f\u0131m\u0131za \u00e7\u0131kt\u0131. Heykelle ilgili daha ayr\u0131nt\u0131l\u0131 bilgi i\u00e7in onurland\u0131rma yaz\u0131s\u0131 i\u00e7eren yaz\u0131tlar\u0131n da bulunmas\u0131 i\u00e7in \u00e7al\u0131\u015fma yap\u0131yoruz. 6 par\u00e7a halinde buldu\u011fumuz heykel, m\u00fczede en \u00f6nemli eserlerden biri olacak. Heykelin bir \u00f6rne\u011fi Antalya\u2019daki Perge Antik Kenti\u2019nde de bulunmu\u015ftu.\u201d<\/p>\n<p>\u0130l K\u00fclt\u00fcr ve Turizm M\u00fcd\u00fcr\u00fc Do\u00e7. Dr. Umut Tuncer ise Alabanda Antik Kenti\u2019nin Anadolu\u2019daki en b\u00fcy\u00fck meclis binalar\u0131ndan birisine sahip oldu\u011funu kaydetti.<\/p>\n<p>Heykelin par\u00e7alar\u0131n\u0131n tamamlanmas\u0131yla ziyaret\u00e7i say\u0131s\u0131n\u0131n ciddi say\u0131larda artaca\u011f\u0131n\u0131 anlatan Tuncer, \u201cHeykelin d\u00fcnyada \u00e7ok az benzeri var. Bu anlamda \u00e7ok mutluyuz.\u201d dedi.<\/p>\n<p>Ayd\u0131n M\u00fcze M\u00fcd\u00fcr\u00fc Abdulbari Y\u0131ld\u0131z da 2,5 metre boyunda oldu\u011fu de\u011ferlendirilen heykelin, \u00e7al\u0131\u015fmalar\u0131n ard\u0131ndan Ayd\u0131n Arkeoloji M\u00fczesinde ziyaret\u00e7e a\u00e7\u0131laca\u011f\u0131n\u0131 bildirdi.<\/p>\n<p><em><strong>https:\/\/www.aa.com.tr\/tr\/kultur-sanat\/aydindaki-kazilarda-roma-imparatoru-hadrianus-heykelinin-parcalari-bulundu\/2360907\u00a0<\/strong><\/em><\/p>\n","protected":false},"excerpt":{"rendered":"<p>Ayd\u0131n\u2019\u0131n \u00c7ine il\u00e7esinde Alabanda Antik Kenti\u2019nde y\u00fcr\u00fct\u00fclen kaz\u0131 \u00e7al\u0131\u015famalar\u0131nda Roma \u0130mparatoru Hadrianus i\u00e7in yap\u0131lan heykelin 6 par\u00e7as\u0131 g\u00fcn \u0131\u015f\u0131\u011f\u0131na \u00e7\u0131kar\u0131ld\u0131. G\u00f6khan D\u00fczyol Kaz\u0131 Ba\u015fkan\u0131 ve Atat\u00fcrk \u00dcniversitesi Arkeoloji B\u00f6l\u00fcm\u00fc \u00d6\u011fretim \u00dcyesi Prof. Dr. Ali Yal\u00e7\u0131n Tavuk\u00e7u, antik kentte gazetecilere yapt\u0131\u011f\u0131 a\u00e7\u0131klamada, bu y\u0131l kaz\u0131larda heyecan veren eserlerle kar\u015f\u0131la\u015ft\u0131klar\u0131n\u0131 s\u00f6yledi. Roma \u0130mparatorlu\u011fu d\u00f6neminde Anadolu\u2019ya en \u00e7ok [&hellip;]<\/p>\n","protected":false},"author":7,"featured_media":64714,"comment_status":"open","ping_status":"open","sticky":false,"template":"","format":"standard","meta":{"footnotes":""},"categories":[1],"tags":[],"class_list":["post-64713","post","type-post","status-publish","format-standard","has-post-thumbnail","hentry","category-haberler"],"yoast_head":"<!-- This site is optimized with the Yoast SEO plugin v27.4 - https:\/\/yoast.com\/product\/yoast-seo-wordpress\/ -->\n<title>Ayd\u0131n\u2019daki kaz\u0131larda Roma \u0130mparatoru Hadrianus heykelinin par\u00e7alar\u0131 bulundu - Bati Ermenistan Ve Bati Ermenileri Sorunlari Ara\u015ftirmalar Merkezi<\/title>\n<meta name=\"robots\" content=\"index, follow, max-snippet:-1, max-image-preview:large, max-video-preview:-1\" \/>\n<link rel=\"canonical\" href=\"https:\/\/akunq.net\/tr\/?p=64713\" \/>\n<meta property=\"og:locale\" content=\"en_US\" \/>\n<meta property=\"og:type\" content=\"article\" \/>\n<meta property=\"og:title\" content=\"Ayd\u0131n\u2019daki kaz\u0131larda Roma \u0130mparatoru Hadrianus heykelinin par\u00e7alar\u0131 bulundu - Bati Ermenistan Ve Bati Ermenileri Sorunlari Ara\u015ftirmalar Merkezi\" \/>\n<meta property=\"og:description\" content=\"Ayd\u0131n\u2019\u0131n \u00c7ine il\u00e7esinde Alabanda Antik Kenti\u2019nde y\u00fcr\u00fct\u00fclen kaz\u0131 \u00e7al\u0131\u015famalar\u0131nda Roma \u0130mparatoru Hadrianus i\u00e7in yap\u0131lan heykelin 6 par\u00e7as\u0131 g\u00fcn \u0131\u015f\u0131\u011f\u0131na \u00e7\u0131kar\u0131ld\u0131. G\u00f6khan D\u00fczyol Kaz\u0131 Ba\u015fkan\u0131 ve Atat\u00fcrk \u00dcniversitesi Arkeoloji B\u00f6l\u00fcm\u00fc \u00d6\u011fretim \u00dcyesi Prof. Dr. Ali Yal\u00e7\u0131n Tavuk\u00e7u, antik kentte gazetecilere yapt\u0131\u011f\u0131 a\u00e7\u0131klamada, bu y\u0131l kaz\u0131larda heyecan veren eserlerle kar\u015f\u0131la\u015ft\u0131klar\u0131n\u0131 s\u00f6yledi. Roma \u0130mparatorlu\u011fu d\u00f6neminde Anadolu\u2019ya en \u00e7ok [&hellip;]\" \/>\n<meta property=\"og:url\" content=\"https:\/\/akunq.net\/tr\/?p=64713\" \/>\n<meta property=\"og:site_name\" content=\"Bati Ermenistan Ve Bati Ermenileri Sorunlari Ara\u015ftirmalar Merkezi\" \/>\n<meta property=\"article:published_time\" content=\"2021-09-14T11:17:57+00:00\" \/>\n<meta property=\"og:image\" content=\"https:\/\/akunq.net\/tr\/wp-content\/uploads\/sites\/6\/2021\/09\/Hadrianus-heykelinin-par\u00e7alar\u0131.jpg\" \/>\n\t<meta property=\"og:image:width\" content=\"864\" \/>\n\t<meta property=\"og:image:height\" content=\"486\" \/>\n\t<meta property=\"og:image:type\" content=\"image\/jpeg\" \/>\n<meta name=\"author\" content=\"admin\" \/>\n<meta name=\"twitter:card\" content=\"summary_large_image\" \/>\n<meta name=\"twitter:label1\" content=\"Written by\" \/>\n\t<meta name=\"twitter:data1\" content=\"admin\" \/>\n\t<meta name=\"twitter:label2\" content=\"Est. reading time\" \/>\n\t<meta name=\"twitter:data2\" content=\"2 minutes\" \/>\n<script type=\"application\/ld+json\" class=\"yoast-schema-graph\">{\"@context\":\"https:\\\/\\\/schema.org\",\"@graph\":[{\"@type\":\"Article\",\"@id\":\"https:\\\/\\\/akunq.net\\\/tr\\\/?p=64713#article\",\"isPartOf\":{\"@id\":\"https:\\\/\\\/akunq.net\\\/tr\\\/?p=64713\"},\"author\":{\"name\":\"admin\",\"@id\":\"https:\\\/\\\/akunq.net\\\/tr\\\/#\\\/schema\\\/person\\\/096f1d38a12cce57fb855b485ed24c9e\"},\"headline\":\"Ayd\u0131n\u2019daki kaz\u0131larda Roma \u0130mparatoru Hadrianus heykelinin par\u00e7alar\u0131 bulundu\",\"datePublished\":\"2021-09-14T11:17:57+00:00\",\"mainEntityOfPage\":{\"@id\":\"https:\\\/\\\/akunq.net\\\/tr\\\/?p=64713\"},\"wordCount\":339,\"commentCount\":0,\"image\":{\"@id\":\"https:\\\/\\\/akunq.net\\\/tr\\\/?p=64713#primaryimage\"},\"thumbnailUrl\":\"https:\\\/\\\/akunq.net\\\/tr\\\/wp-content\\\/uploads\\\/sites\\\/6\\\/2021\\\/09\\\/Hadrianus-heykelinin-par\u00e7alar\u0131.jpg\",\"articleSection\":[\"Haberler\"],\"inLanguage\":\"en-US\",\"potentialAction\":[{\"@type\":\"CommentAction\",\"name\":\"Comment\",\"target\":[\"https:\\\/\\\/akunq.net\\\/tr\\\/?p=64713#respond\"]}]},{\"@type\":\"WebPage\",\"@id\":\"https:\\\/\\\/akunq.net\\\/tr\\\/?p=64713\",\"url\":\"https:\\\/\\\/akunq.net\\\/tr\\\/?p=64713\",\"name\":\"Ayd\u0131n\u2019daki kaz\u0131larda Roma \u0130mparatoru Hadrianus heykelinin par\u00e7alar\u0131 bulundu - Bati Ermenistan Ve Bati Ermenileri Sorunlari Ara\u015ftirmalar Merkezi\",\"isPartOf\":{\"@id\":\"https:\\\/\\\/akunq.net\\\/tr\\\/#website\"},\"primaryImageOfPage\":{\"@id\":\"https:\\\/\\\/akunq.net\\\/tr\\\/?p=64713#primaryimage\"},\"image\":{\"@id\":\"https:\\\/\\\/akunq.net\\\/tr\\\/?p=64713#primaryimage\"},\"thumbnailUrl\":\"https:\\\/\\\/akunq.net\\\/tr\\\/wp-content\\\/uploads\\\/sites\\\/6\\\/2021\\\/09\\\/Hadrianus-heykelinin-par\u00e7alar\u0131.jpg\",\"datePublished\":\"2021-09-14T11:17:57+00:00\",\"author\":{\"@id\":\"https:\\\/\\\/akunq.net\\\/tr\\\/#\\\/schema\\\/person\\\/096f1d38a12cce57fb855b485ed24c9e\"},\"breadcrumb\":{\"@id\":\"https:\\\/\\\/akunq.net\\\/tr\\\/?p=64713#breadcrumb\"},\"inLanguage\":\"en-US\",\"potentialAction\":[{\"@type\":\"ReadAction\",\"target\":[\"https:\\\/\\\/akunq.net\\\/tr\\\/?p=64713\"]}]},{\"@type\":\"ImageObject\",\"inLanguage\":\"en-US\",\"@id\":\"https:\\\/\\\/akunq.net\\\/tr\\\/?p=64713#primaryimage\",\"url\":\"https:\\\/\\\/akunq.net\\\/tr\\\/wp-content\\\/uploads\\\/sites\\\/6\\\/2021\\\/09\\\/Hadrianus-heykelinin-par\u00e7alar\u0131.jpg\",\"contentUrl\":\"https:\\\/\\\/akunq.net\\\/tr\\\/wp-content\\\/uploads\\\/sites\\\/6\\\/2021\\\/09\\\/Hadrianus-heykelinin-par\u00e7alar\u0131.jpg\",\"width\":864,\"height\":486},{\"@type\":\"BreadcrumbList\",\"@id\":\"https:\\\/\\\/akunq.net\\\/tr\\\/?p=64713#breadcrumb\",\"itemListElement\":[{\"@type\":\"ListItem\",\"position\":1,\"name\":\"Home\",\"item\":\"https:\\\/\\\/akunq.net\\\/tr\"},{\"@type\":\"ListItem\",\"position\":2,\"name\":\"Ayd\u0131n\u2019daki kaz\u0131larda Roma \u0130mparatoru Hadrianus heykelinin par\u00e7alar\u0131 bulundu\"}]},{\"@type\":\"WebSite\",\"@id\":\"https:\\\/\\\/akunq.net\\\/tr\\\/#website\",\"url\":\"https:\\\/\\\/akunq.net\\\/tr\\\/\",\"name\":\"Bati Ermenistan Ve Bati Ermenileri Sorunlari Ara\u015ftirmalar Merkezi\",\"description\":\"\",\"potentialAction\":[{\"@type\":\"SearchAction\",\"target\":{\"@type\":\"EntryPoint\",\"urlTemplate\":\"https:\\\/\\\/akunq.net\\\/tr\\\/?s={search_term_string}\"},\"query-input\":{\"@type\":\"PropertyValueSpecification\",\"valueRequired\":true,\"valueName\":\"search_term_string\"}}],\"inLanguage\":\"en-US\"},{\"@type\":\"Person\",\"@id\":\"https:\\\/\\\/akunq.net\\\/tr\\\/#\\\/schema\\\/person\\\/096f1d38a12cce57fb855b485ed24c9e\",\"name\":\"admin\",\"url\":\"https:\\\/\\\/akunq.net\\\/tr\\\/?author=7\"}]}<\/script>\n<!-- \/ Yoast SEO plugin. -->","yoast_head_json":{"title":"Ayd\u0131n\u2019daki kaz\u0131larda Roma \u0130mparatoru Hadrianus heykelinin par\u00e7alar\u0131 bulundu - Bati Ermenistan Ve Bati Ermenileri Sorunlari Ara\u015ftirmalar Merkezi","robots":{"index":"index","follow":"follow","max-snippet":"max-snippet:-1","max-image-preview":"max-image-preview:large","max-video-preview":"max-video-preview:-1"},"canonical":"https:\/\/akunq.net\/tr\/?p=64713","og_locale":"en_US","og_type":"article","og_title":"Ayd\u0131n\u2019daki kaz\u0131larda Roma \u0130mparatoru Hadrianus heykelinin par\u00e7alar\u0131 bulundu - Bati Ermenistan Ve Bati Ermenileri Sorunlari Ara\u015ftirmalar Merkezi","og_description":"Ayd\u0131n\u2019\u0131n \u00c7ine il\u00e7esinde Alabanda Antik Kenti\u2019nde y\u00fcr\u00fct\u00fclen kaz\u0131 \u00e7al\u0131\u015famalar\u0131nda Roma \u0130mparatoru Hadrianus i\u00e7in yap\u0131lan heykelin 6 par\u00e7as\u0131 g\u00fcn \u0131\u015f\u0131\u011f\u0131na \u00e7\u0131kar\u0131ld\u0131. G\u00f6khan D\u00fczyol Kaz\u0131 Ba\u015fkan\u0131 ve Atat\u00fcrk \u00dcniversitesi Arkeoloji B\u00f6l\u00fcm\u00fc \u00d6\u011fretim \u00dcyesi Prof. Dr. Ali Yal\u00e7\u0131n Tavuk\u00e7u, antik kentte gazetecilere yapt\u0131\u011f\u0131 a\u00e7\u0131klamada, bu y\u0131l kaz\u0131larda heyecan veren eserlerle kar\u015f\u0131la\u015ft\u0131klar\u0131n\u0131 s\u00f6yledi. Roma \u0130mparatorlu\u011fu d\u00f6neminde Anadolu\u2019ya en \u00e7ok [&hellip;]","og_url":"https:\/\/akunq.net\/tr\/?p=64713","og_site_name":"Bati Ermenistan Ve Bati Ermenileri Sorunlari Ara\u015ftirmalar Merkezi","article_published_time":"2021-09-14T11:17:57+00:00","og_image":[{"width":864,"height":486,"url":"https:\/\/akunq.net\/tr\/wp-content\/uploads\/sites\/6\/2021\/09\/Hadrianus-heykelinin-par\u00e7alar\u0131.jpg","type":"image\/jpeg"}],"author":"admin","twitter_card":"summary_large_image","twitter_misc":{"Written by":"admin","Est. reading time":"2 minutes"},"schema":{"@context":"https:\/\/schema.org","@graph":[{"@type":"Article","@id":"https:\/\/akunq.net\/tr\/?p=64713#article","isPartOf":{"@id":"https:\/\/akunq.net\/tr\/?p=64713"},"author":{"name":"admin","@id":"https:\/\/akunq.net\/tr\/#\/schema\/person\/096f1d38a12cce57fb855b485ed24c9e"},"headline":"Ayd\u0131n\u2019daki kaz\u0131larda Roma \u0130mparatoru Hadrianus heykelinin par\u00e7alar\u0131 bulundu","datePublished":"2021-09-14T11:17:57+00:00","mainEntityOfPage":{"@id":"https:\/\/akunq.net\/tr\/?p=64713"},"wordCount":339,"commentCount":0,"image":{"@id":"https:\/\/akunq.net\/tr\/?p=64713#primaryimage"},"thumbnailUrl":"https:\/\/akunq.net\/tr\/wp-content\/uploads\/sites\/6\/2021\/09\/Hadrianus-heykelinin-par\u00e7alar\u0131.jpg","articleSection":["Haberler"],"inLanguage":"en-US","potentialAction":[{"@type":"CommentAction","name":"Comment","target":["https:\/\/akunq.net\/tr\/?p=64713#respond"]}]},{"@type":"WebPage","@id":"https:\/\/akunq.net\/tr\/?p=64713","url":"https:\/\/akunq.net\/tr\/?p=64713","name":"Ayd\u0131n\u2019daki kaz\u0131larda Roma \u0130mparatoru Hadrianus heykelinin par\u00e7alar\u0131 bulundu - Bati Ermenistan Ve Bati Ermenileri Sorunlari Ara\u015ftirmalar Merkezi","isPartOf":{"@id":"https:\/\/akunq.net\/tr\/#website"},"primaryImageOfPage":{"@id":"https:\/\/akunq.net\/tr\/?p=64713#primaryimage"},"image":{"@id":"https:\/\/akunq.net\/tr\/?p=64713#primaryimage"},"thumbnailUrl":"https:\/\/akunq.net\/tr\/wp-content\/uploads\/sites\/6\/2021\/09\/Hadrianus-heykelinin-par\u00e7alar\u0131.jpg","datePublished":"2021-09-14T11:17:57+00:00","author":{"@id":"https:\/\/akunq.net\/tr\/#\/schema\/person\/096f1d38a12cce57fb855b485ed24c9e"},"breadcrumb":{"@id":"https:\/\/akunq.net\/tr\/?p=64713#breadcrumb"},"inLanguage":"en-US","potentialAction":[{"@type":"ReadAction","target":["https:\/\/akunq.net\/tr\/?p=64713"]}]},{"@type":"ImageObject","inLanguage":"en-US","@id":"https:\/\/akunq.net\/tr\/?p=64713#primaryimage","url":"https:\/\/akunq.net\/tr\/wp-content\/uploads\/sites\/6\/2021\/09\/Hadrianus-heykelinin-par\u00e7alar\u0131.jpg","contentUrl":"https:\/\/akunq.net\/tr\/wp-content\/uploads\/sites\/6\/2021\/09\/Hadrianus-heykelinin-par\u00e7alar\u0131.jpg","width":864,"height":486},{"@type":"BreadcrumbList","@id":"https:\/\/akunq.net\/tr\/?p=64713#breadcrumb","itemListElement":[{"@type":"ListItem","position":1,"name":"Home","item":"https:\/\/akunq.net\/tr"},{"@type":"ListItem","position":2,"name":"Ayd\u0131n\u2019daki kaz\u0131larda Roma \u0130mparatoru Hadrianus heykelinin par\u00e7alar\u0131 bulundu"}]},{"@type":"WebSite","@id":"https:\/\/akunq.net\/tr\/#website","url":"https:\/\/akunq.net\/tr\/","name":"Bati Ermenistan Ve Bati Ermenileri Sorunlari Ara\u015ftirmalar Merkezi","description":"","potentialAction":[{"@type":"SearchAction","target":{"@type":"EntryPoint","urlTemplate":"https:\/\/akunq.net\/tr\/?s={search_term_string}"},"query-input":{"@type":"PropertyValueSpecification","valueRequired":true,"valueName":"search_term_string"}}],"inLanguage":"en-US"},{"@type":"Person","@id":"https:\/\/akunq.net\/tr\/#\/schema\/person\/096f1d38a12cce57fb855b485ed24c9e","name":"admin","url":"https:\/\/akunq.net\/tr\/?author=7"}]}},"_links":{"self":[{"href":"https:\/\/akunq.net\/tr\/index.php?rest_route=\/wp\/v2\/posts\/64713","targetHints":{"allow":["GET"]}}],"collection":[{"href":"https:\/\/akunq.net\/tr\/index.php?rest_route=\/wp\/v2\/posts"}],"about":[{"href":"https:\/\/akunq.net\/tr\/index.php?rest_route=\/wp\/v2\/types\/post"}],"author":[{"embeddable":true,"href":"https:\/\/akunq.net\/tr\/index.php?rest_route=\/wp\/v2\/users\/7"}],"replies":[{"embeddable":true,"href":"https:\/\/akunq.net\/tr\/index.php?rest_route=%2Fwp%2Fv2%2Fcomments&post=64713"}],"version-history":[{"count":1,"href":"https:\/\/akunq.net\/tr\/index.php?rest_route=\/wp\/v2\/posts\/64713\/revisions"}],"predecessor-version":[{"id":64715,"href":"https:\/\/akunq.net\/tr\/index.php?rest_route=\/wp\/v2\/posts\/64713\/revisions\/64715"}],"wp:featuredmedia":[{"embeddable":true,"href":"https:\/\/akunq.net\/tr\/index.php?rest_route=\/wp\/v2\/media\/64714"}],"wp:attachment":[{"href":"https:\/\/akunq.net\/tr\/index.php?rest_route=%2Fwp%2Fv2%2Fmedia&parent=64713"}],"wp:term":[{"taxonomy":"category","embeddable":true,"href":"https:\/\/akunq.net\/tr\/index.php?rest_route=%2Fwp%2Fv2%2Fcategories&post=64713"},{"taxonomy":"post_tag","embeddable":true,"href":"https:\/\/akunq.net\/tr\/index.php?rest_route=%2Fwp%2Fv2%2Ftags&post=64713"}],"curies":[{"name":"wp","href":"https:\/\/api.w.org\/{rel}","templated":true}]}}