{"id":64709,"date":"2021-09-14T02:16:42","date_gmt":"2021-09-14T07:16:42","guid":{"rendered":"https:\/\/akunq.net\/tr\/?p=64709"},"modified":"2021-09-14T02:16:42","modified_gmt":"2021-09-14T07:16:42","slug":"roma-donemi-kaya-mezarlarda-defineci-tahribati","status":"publish","type":"post","link":"https:\/\/akunq.net\/tr\/?p=64709","title":{"rendered":"Roma d\u00f6nemi kaya mezarlarda defineci tahribat\u0131"},"content":{"rendered":"<p><img loading=\"lazy\" decoding=\"async\" class=\"aligncenter size-medium wp-image-64710\" src=\"https:\/\/akunq.net\/tr\/wp-content\/uploads\/2021\/09\/Roma-d\u00f6nemi-kaya-mezarlar-360x202.jpg\" alt=\"\" width=\"360\" height=\"202\" srcset=\"https:\/\/akunq.net\/tr\/wp-content\/uploads\/sites\/6\/2021\/09\/Roma-d\u00f6nemi-kaya-mezarlar-360x202.jpg 360w, https:\/\/akunq.net\/tr\/wp-content\/uploads\/sites\/6\/2021\/09\/Roma-d\u00f6nemi-kaya-mezarlar-560x314.jpg 560w, https:\/\/akunq.net\/tr\/wp-content\/uploads\/sites\/6\/2021\/09\/Roma-d\u00f6nemi-kaya-mezarlar-260x146.jpg 260w, https:\/\/akunq.net\/tr\/wp-content\/uploads\/sites\/6\/2021\/09\/Roma-d\u00f6nemi-kaya-mezarlar-160x90.jpg 160w, https:\/\/akunq.net\/tr\/wp-content\/uploads\/sites\/6\/2021\/09\/Roma-d\u00f6nemi-kaya-mezarlar.jpg 731w\" sizes=\"auto, (max-width: 360px) 100vw, 360px\" \/><\/p>\n<p><em><strong>Kent merkezine 70 kilometre uzakl\u0131ktaki B\u00fcget Mahallesi\u2019nde, Do\u011fu Roma \u0130mparatorlu\u011fu d\u00f6neminden kalma 2 bin y\u0131ll\u0131k kaya mezarlar yer al\u0131yor. \u00d6zel olarak in\u015fa edilen kaya mezarlar ge\u00e7en s\u00fcre\u00e7te defineciler taraf\u0131ndan tahrip edildi. Defineciler, kaya mezarlar\u0131n kapaklar\u0131n\u0131 \u00e7alarak, i\u00e7ini tamamen bo\u015faltt\u0131. Mezarlardan geriye kaya par\u00e7as\u0131 kald\u0131.<\/strong><\/em><\/p>\n<p>B\u00fcget Mahallesi Muhtar\u0131 Haydar Oyard\u0131, \u201cBurada ge\u00e7mi\u015fte Romal\u0131lar ya\u015fam\u0131\u015f. Tabi tam tarih yazmad\u0131\u011f\u0131 i\u00e7in mezarlar\u0131 bulunanlar\u0131n kimlere ait oldu\u011funu bilmiyoruz. Mezarlar\u0131 burada. Mezarlar tahrip olmu\u015f. Kayan\u0131n \u00fczerine kaz\u0131lm\u0131\u015f kapakl\u0131 mezarlar bulunuyor. Bu mezara cesetler konulduktan sonra \u00fczeri kapakla kapat\u0131l\u0131yormu\u015f. Fakat tahrip olmu\u015f. Kapaklar\u0131 da g\u00f6t\u00fcrm\u00fc\u015fler. Mezarlar bo\u015f kalm\u0131\u015f. Yani mezarlar\u0131n i\u00e7inde bir \u015fey kalmam\u0131\u015f. Defineciler buray\u0131 tahrip etmeye devam ediyorlar\u201d diye konu\u015ftu.<\/p>\n<p><strong>\u2018TUR\u0130ZME KAZANDIRILMASINI \u0130ST\u0130YORUZ\u2019<\/strong><\/p>\n<p>B\u00f6lgede kaya mezarlar\u0131n d\u0131\u015f\u0131nda ma\u011faralar\u0131n da oldu\u011funu s\u00f6yleyen Oyard\u0131, \u201cBuran\u0131n turizme kazand\u0131r\u0131lmas\u0131 i\u00e7in yetkililerden yard\u0131m istiyoruz. Bize yard\u0131mc\u0131 olsunlar. Buralar\u0131n temizli\u011fini yapt\u0131ral\u0131m istiyoruz. Ziyaret\u00e7iler buraya gelip, rahatl\u0131klar g\u00f6rs\u00fcnler. Burada ne oldu\u011funu herkes bilsin\u201d dedi.<\/p>\n<p><em><strong>https:\/\/www.milliyet.com.tr\/gundem\/roma-donemi-kaya-mezarlarda-defineci-tahribati-6596030\u00a0<\/strong><\/em><\/p>\n","protected":false},"excerpt":{"rendered":"<p>Kent merkezine 70 kilometre uzakl\u0131ktaki B\u00fcget Mahallesi\u2019nde, Do\u011fu Roma \u0130mparatorlu\u011fu d\u00f6neminden kalma 2 bin y\u0131ll\u0131k kaya mezarlar yer al\u0131yor. \u00d6zel olarak in\u015fa edilen kaya mezarlar ge\u00e7en s\u00fcre\u00e7te defineciler taraf\u0131ndan tahrip edildi. Defineciler, kaya mezarlar\u0131n kapaklar\u0131n\u0131 \u00e7alarak, i\u00e7ini tamamen bo\u015faltt\u0131. Mezarlardan geriye kaya par\u00e7as\u0131 kald\u0131. B\u00fcget Mahallesi Muhtar\u0131 Haydar Oyard\u0131, \u201cBurada ge\u00e7mi\u015fte Romal\u0131lar ya\u015fam\u0131\u015f. Tabi tam [&hellip;]<\/p>\n","protected":false},"author":7,"featured_media":64710,"comment_status":"open","ping_status":"open","sticky":false,"template":"","format":"standard","meta":{"footnotes":""},"categories":[1],"tags":[],"class_list":["post-64709","post","type-post","status-publish","format-standard","has-post-thumbnail","hentry","category-haberler"],"yoast_head":"<!-- This site is optimized with the Yoast SEO plugin v27.4 - https:\/\/yoast.com\/product\/yoast-seo-wordpress\/ -->\n<title>Roma d\u00f6nemi kaya mezarlarda defineci tahribat\u0131 - Bati Ermenistan Ve Bati Ermenileri Sorunlari Ara\u015ftirmalar Merkezi<\/title>\n<meta name=\"robots\" content=\"index, follow, max-snippet:-1, max-image-preview:large, max-video-preview:-1\" \/>\n<link rel=\"canonical\" href=\"https:\/\/akunq.net\/tr\/?p=64709\" \/>\n<meta property=\"og:locale\" content=\"en_US\" \/>\n<meta property=\"og:type\" content=\"article\" \/>\n<meta property=\"og:title\" content=\"Roma d\u00f6nemi kaya mezarlarda defineci tahribat\u0131 - Bati Ermenistan Ve Bati Ermenileri Sorunlari Ara\u015ftirmalar Merkezi\" \/>\n<meta property=\"og:description\" content=\"Kent merkezine 70 kilometre uzakl\u0131ktaki B\u00fcget Mahallesi\u2019nde, Do\u011fu Roma \u0130mparatorlu\u011fu d\u00f6neminden kalma 2 bin y\u0131ll\u0131k kaya mezarlar yer al\u0131yor. \u00d6zel olarak in\u015fa edilen kaya mezarlar ge\u00e7en s\u00fcre\u00e7te defineciler taraf\u0131ndan tahrip edildi. Defineciler, kaya mezarlar\u0131n kapaklar\u0131n\u0131 \u00e7alarak, i\u00e7ini tamamen bo\u015faltt\u0131. Mezarlardan geriye kaya par\u00e7as\u0131 kald\u0131. B\u00fcget Mahallesi Muhtar\u0131 Haydar Oyard\u0131, \u201cBurada ge\u00e7mi\u015fte Romal\u0131lar ya\u015fam\u0131\u015f. Tabi tam [&hellip;]\" \/>\n<meta property=\"og:url\" content=\"https:\/\/akunq.net\/tr\/?p=64709\" \/>\n<meta property=\"og:site_name\" content=\"Bati Ermenistan Ve Bati Ermenileri Sorunlari Ara\u015ftirmalar Merkezi\" \/>\n<meta property=\"article:published_time\" content=\"2021-09-14T07:16:42+00:00\" \/>\n<meta property=\"og:image\" content=\"https:\/\/akunq.net\/tr\/wp-content\/uploads\/sites\/6\/2021\/09\/Roma-d\u00f6nemi-kaya-mezarlar.jpg\" \/>\n\t<meta property=\"og:image:width\" content=\"731\" \/>\n\t<meta property=\"og:image:height\" content=\"410\" \/>\n\t<meta property=\"og:image:type\" content=\"image\/jpeg\" \/>\n<meta name=\"author\" content=\"admin\" \/>\n<meta name=\"twitter:card\" content=\"summary_large_image\" \/>\n<meta name=\"twitter:label1\" content=\"Written by\" \/>\n\t<meta name=\"twitter:data1\" content=\"admin\" \/>\n\t<meta name=\"twitter:label2\" content=\"Est. reading time\" \/>\n\t<meta name=\"twitter:data2\" content=\"1 minute\" \/>\n<script type=\"application\/ld+json\" class=\"yoast-schema-graph\">{\"@context\":\"https:\\\/\\\/schema.org\",\"@graph\":[{\"@type\":\"Article\",\"@id\":\"https:\\\/\\\/akunq.net\\\/tr\\\/?p=64709#article\",\"isPartOf\":{\"@id\":\"https:\\\/\\\/akunq.net\\\/tr\\\/?p=64709\"},\"author\":{\"name\":\"admin\",\"@id\":\"https:\\\/\\\/akunq.net\\\/tr\\\/#\\\/schema\\\/person\\\/096f1d38a12cce57fb855b485ed24c9e\"},\"headline\":\"Roma d\u00f6nemi kaya mezarlarda defineci tahribat\u0131\",\"datePublished\":\"2021-09-14T07:16:42+00:00\",\"mainEntityOfPage\":{\"@id\":\"https:\\\/\\\/akunq.net\\\/tr\\\/?p=64709\"},\"wordCount\":216,\"commentCount\":0,\"image\":{\"@id\":\"https:\\\/\\\/akunq.net\\\/tr\\\/?p=64709#primaryimage\"},\"thumbnailUrl\":\"https:\\\/\\\/akunq.net\\\/tr\\\/wp-content\\\/uploads\\\/sites\\\/6\\\/2021\\\/09\\\/Roma-d\u00f6nemi-kaya-mezarlar.jpg\",\"articleSection\":[\"Haberler\"],\"inLanguage\":\"en-US\",\"potentialAction\":[{\"@type\":\"CommentAction\",\"name\":\"Comment\",\"target\":[\"https:\\\/\\\/akunq.net\\\/tr\\\/?p=64709#respond\"]}]},{\"@type\":\"WebPage\",\"@id\":\"https:\\\/\\\/akunq.net\\\/tr\\\/?p=64709\",\"url\":\"https:\\\/\\\/akunq.net\\\/tr\\\/?p=64709\",\"name\":\"Roma d\u00f6nemi kaya mezarlarda defineci tahribat\u0131 - Bati Ermenistan Ve Bati Ermenileri Sorunlari Ara\u015ftirmalar Merkezi\",\"isPartOf\":{\"@id\":\"https:\\\/\\\/akunq.net\\\/tr\\\/#website\"},\"primaryImageOfPage\":{\"@id\":\"https:\\\/\\\/akunq.net\\\/tr\\\/?p=64709#primaryimage\"},\"image\":{\"@id\":\"https:\\\/\\\/akunq.net\\\/tr\\\/?p=64709#primaryimage\"},\"thumbnailUrl\":\"https:\\\/\\\/akunq.net\\\/tr\\\/wp-content\\\/uploads\\\/sites\\\/6\\\/2021\\\/09\\\/Roma-d\u00f6nemi-kaya-mezarlar.jpg\",\"datePublished\":\"2021-09-14T07:16:42+00:00\",\"author\":{\"@id\":\"https:\\\/\\\/akunq.net\\\/tr\\\/#\\\/schema\\\/person\\\/096f1d38a12cce57fb855b485ed24c9e\"},\"breadcrumb\":{\"@id\":\"https:\\\/\\\/akunq.net\\\/tr\\\/?p=64709#breadcrumb\"},\"inLanguage\":\"en-US\",\"potentialAction\":[{\"@type\":\"ReadAction\",\"target\":[\"https:\\\/\\\/akunq.net\\\/tr\\\/?p=64709\"]}]},{\"@type\":\"ImageObject\",\"inLanguage\":\"en-US\",\"@id\":\"https:\\\/\\\/akunq.net\\\/tr\\\/?p=64709#primaryimage\",\"url\":\"https:\\\/\\\/akunq.net\\\/tr\\\/wp-content\\\/uploads\\\/sites\\\/6\\\/2021\\\/09\\\/Roma-d\u00f6nemi-kaya-mezarlar.jpg\",\"contentUrl\":\"https:\\\/\\\/akunq.net\\\/tr\\\/wp-content\\\/uploads\\\/sites\\\/6\\\/2021\\\/09\\\/Roma-d\u00f6nemi-kaya-mezarlar.jpg\",\"width\":731,\"height\":410},{\"@type\":\"BreadcrumbList\",\"@id\":\"https:\\\/\\\/akunq.net\\\/tr\\\/?p=64709#breadcrumb\",\"itemListElement\":[{\"@type\":\"ListItem\",\"position\":1,\"name\":\"Home\",\"item\":\"https:\\\/\\\/akunq.net\\\/tr\"},{\"@type\":\"ListItem\",\"position\":2,\"name\":\"Roma d\u00f6nemi kaya mezarlarda defineci tahribat\u0131\"}]},{\"@type\":\"WebSite\",\"@id\":\"https:\\\/\\\/akunq.net\\\/tr\\\/#website\",\"url\":\"https:\\\/\\\/akunq.net\\\/tr\\\/\",\"name\":\"Bati Ermenistan Ve Bati Ermenileri Sorunlari Ara\u015ftirmalar Merkezi\",\"description\":\"\",\"potentialAction\":[{\"@type\":\"SearchAction\",\"target\":{\"@type\":\"EntryPoint\",\"urlTemplate\":\"https:\\\/\\\/akunq.net\\\/tr\\\/?s={search_term_string}\"},\"query-input\":{\"@type\":\"PropertyValueSpecification\",\"valueRequired\":true,\"valueName\":\"search_term_string\"}}],\"inLanguage\":\"en-US\"},{\"@type\":\"Person\",\"@id\":\"https:\\\/\\\/akunq.net\\\/tr\\\/#\\\/schema\\\/person\\\/096f1d38a12cce57fb855b485ed24c9e\",\"name\":\"admin\",\"url\":\"https:\\\/\\\/akunq.net\\\/tr\\\/?author=7\"}]}<\/script>\n<!-- \/ Yoast SEO plugin. -->","yoast_head_json":{"title":"Roma d\u00f6nemi kaya mezarlarda defineci tahribat\u0131 - Bati Ermenistan Ve Bati Ermenileri Sorunlari Ara\u015ftirmalar Merkezi","robots":{"index":"index","follow":"follow","max-snippet":"max-snippet:-1","max-image-preview":"max-image-preview:large","max-video-preview":"max-video-preview:-1"},"canonical":"https:\/\/akunq.net\/tr\/?p=64709","og_locale":"en_US","og_type":"article","og_title":"Roma d\u00f6nemi kaya mezarlarda defineci tahribat\u0131 - Bati Ermenistan Ve Bati Ermenileri Sorunlari Ara\u015ftirmalar Merkezi","og_description":"Kent merkezine 70 kilometre uzakl\u0131ktaki B\u00fcget Mahallesi\u2019nde, Do\u011fu Roma \u0130mparatorlu\u011fu d\u00f6neminden kalma 2 bin y\u0131ll\u0131k kaya mezarlar yer al\u0131yor. \u00d6zel olarak in\u015fa edilen kaya mezarlar ge\u00e7en s\u00fcre\u00e7te defineciler taraf\u0131ndan tahrip edildi. Defineciler, kaya mezarlar\u0131n kapaklar\u0131n\u0131 \u00e7alarak, i\u00e7ini tamamen bo\u015faltt\u0131. Mezarlardan geriye kaya par\u00e7as\u0131 kald\u0131. B\u00fcget Mahallesi Muhtar\u0131 Haydar Oyard\u0131, \u201cBurada ge\u00e7mi\u015fte Romal\u0131lar ya\u015fam\u0131\u015f. Tabi tam [&hellip;]","og_url":"https:\/\/akunq.net\/tr\/?p=64709","og_site_name":"Bati Ermenistan Ve Bati Ermenileri Sorunlari Ara\u015ftirmalar Merkezi","article_published_time":"2021-09-14T07:16:42+00:00","og_image":[{"width":731,"height":410,"url":"https:\/\/akunq.net\/tr\/wp-content\/uploads\/sites\/6\/2021\/09\/Roma-d\u00f6nemi-kaya-mezarlar.jpg","type":"image\/jpeg"}],"author":"admin","twitter_card":"summary_large_image","twitter_misc":{"Written by":"admin","Est. reading time":"1 minute"},"schema":{"@context":"https:\/\/schema.org","@graph":[{"@type":"Article","@id":"https:\/\/akunq.net\/tr\/?p=64709#article","isPartOf":{"@id":"https:\/\/akunq.net\/tr\/?p=64709"},"author":{"name":"admin","@id":"https:\/\/akunq.net\/tr\/#\/schema\/person\/096f1d38a12cce57fb855b485ed24c9e"},"headline":"Roma d\u00f6nemi kaya mezarlarda defineci tahribat\u0131","datePublished":"2021-09-14T07:16:42+00:00","mainEntityOfPage":{"@id":"https:\/\/akunq.net\/tr\/?p=64709"},"wordCount":216,"commentCount":0,"image":{"@id":"https:\/\/akunq.net\/tr\/?p=64709#primaryimage"},"thumbnailUrl":"https:\/\/akunq.net\/tr\/wp-content\/uploads\/sites\/6\/2021\/09\/Roma-d\u00f6nemi-kaya-mezarlar.jpg","articleSection":["Haberler"],"inLanguage":"en-US","potentialAction":[{"@type":"CommentAction","name":"Comment","target":["https:\/\/akunq.net\/tr\/?p=64709#respond"]}]},{"@type":"WebPage","@id":"https:\/\/akunq.net\/tr\/?p=64709","url":"https:\/\/akunq.net\/tr\/?p=64709","name":"Roma d\u00f6nemi kaya mezarlarda defineci tahribat\u0131 - Bati Ermenistan Ve Bati Ermenileri Sorunlari Ara\u015ftirmalar Merkezi","isPartOf":{"@id":"https:\/\/akunq.net\/tr\/#website"},"primaryImageOfPage":{"@id":"https:\/\/akunq.net\/tr\/?p=64709#primaryimage"},"image":{"@id":"https:\/\/akunq.net\/tr\/?p=64709#primaryimage"},"thumbnailUrl":"https:\/\/akunq.net\/tr\/wp-content\/uploads\/sites\/6\/2021\/09\/Roma-d\u00f6nemi-kaya-mezarlar.jpg","datePublished":"2021-09-14T07:16:42+00:00","author":{"@id":"https:\/\/akunq.net\/tr\/#\/schema\/person\/096f1d38a12cce57fb855b485ed24c9e"},"breadcrumb":{"@id":"https:\/\/akunq.net\/tr\/?p=64709#breadcrumb"},"inLanguage":"en-US","potentialAction":[{"@type":"ReadAction","target":["https:\/\/akunq.net\/tr\/?p=64709"]}]},{"@type":"ImageObject","inLanguage":"en-US","@id":"https:\/\/akunq.net\/tr\/?p=64709#primaryimage","url":"https:\/\/akunq.net\/tr\/wp-content\/uploads\/sites\/6\/2021\/09\/Roma-d\u00f6nemi-kaya-mezarlar.jpg","contentUrl":"https:\/\/akunq.net\/tr\/wp-content\/uploads\/sites\/6\/2021\/09\/Roma-d\u00f6nemi-kaya-mezarlar.jpg","width":731,"height":410},{"@type":"BreadcrumbList","@id":"https:\/\/akunq.net\/tr\/?p=64709#breadcrumb","itemListElement":[{"@type":"ListItem","position":1,"name":"Home","item":"https:\/\/akunq.net\/tr"},{"@type":"ListItem","position":2,"name":"Roma d\u00f6nemi kaya mezarlarda defineci tahribat\u0131"}]},{"@type":"WebSite","@id":"https:\/\/akunq.net\/tr\/#website","url":"https:\/\/akunq.net\/tr\/","name":"Bati Ermenistan Ve Bati Ermenileri Sorunlari Ara\u015ftirmalar Merkezi","description":"","potentialAction":[{"@type":"SearchAction","target":{"@type":"EntryPoint","urlTemplate":"https:\/\/akunq.net\/tr\/?s={search_term_string}"},"query-input":{"@type":"PropertyValueSpecification","valueRequired":true,"valueName":"search_term_string"}}],"inLanguage":"en-US"},{"@type":"Person","@id":"https:\/\/akunq.net\/tr\/#\/schema\/person\/096f1d38a12cce57fb855b485ed24c9e","name":"admin","url":"https:\/\/akunq.net\/tr\/?author=7"}]}},"_links":{"self":[{"href":"https:\/\/akunq.net\/tr\/index.php?rest_route=\/wp\/v2\/posts\/64709","targetHints":{"allow":["GET"]}}],"collection":[{"href":"https:\/\/akunq.net\/tr\/index.php?rest_route=\/wp\/v2\/posts"}],"about":[{"href":"https:\/\/akunq.net\/tr\/index.php?rest_route=\/wp\/v2\/types\/post"}],"author":[{"embeddable":true,"href":"https:\/\/akunq.net\/tr\/index.php?rest_route=\/wp\/v2\/users\/7"}],"replies":[{"embeddable":true,"href":"https:\/\/akunq.net\/tr\/index.php?rest_route=%2Fwp%2Fv2%2Fcomments&post=64709"}],"version-history":[{"count":1,"href":"https:\/\/akunq.net\/tr\/index.php?rest_route=\/wp\/v2\/posts\/64709\/revisions"}],"predecessor-version":[{"id":64711,"href":"https:\/\/akunq.net\/tr\/index.php?rest_route=\/wp\/v2\/posts\/64709\/revisions\/64711"}],"wp:featuredmedia":[{"embeddable":true,"href":"https:\/\/akunq.net\/tr\/index.php?rest_route=\/wp\/v2\/media\/64710"}],"wp:attachment":[{"href":"https:\/\/akunq.net\/tr\/index.php?rest_route=%2Fwp%2Fv2%2Fmedia&parent=64709"}],"wp:term":[{"taxonomy":"category","embeddable":true,"href":"https:\/\/akunq.net\/tr\/index.php?rest_route=%2Fwp%2Fv2%2Fcategories&post=64709"},{"taxonomy":"post_tag","embeddable":true,"href":"https:\/\/akunq.net\/tr\/index.php?rest_route=%2Fwp%2Fv2%2Ftags&post=64709"}],"curies":[{"name":"wp","href":"https:\/\/api.w.org\/{rel}","templated":true}]}}