{"id":64703,"date":"2021-09-14T01:43:59","date_gmt":"2021-09-14T06:43:59","guid":{"rendered":"https:\/\/akunq.net\/tr\/?p=64703"},"modified":"2021-09-14T01:43:59","modified_gmt":"2021-09-14T06:43:59","slug":"14-eylulde-kutsal-hacin-yukselisi-bayrami-kutlaniyor","status":"publish","type":"post","link":"https:\/\/akunq.net\/tr\/?p=64703","title":{"rendered":"14 Eyl\u00fcl\u2019de Kutsal Ha\u00e7\u2019\u0131n Y\u00fckseli\u015fi Bayram\u0131 kutlan\u0131yor"},"content":{"rendered":"<p><img loading=\"lazy\" decoding=\"async\" class=\"aligncenter size-medium wp-image-64704\" src=\"https:\/\/akunq.net\/tr\/wp-content\/uploads\/2021\/09\/14-Eyl\u00fcl\u2019de-Kutsal-Ha\u00e7\u2019\u0131n-Y\u00fckseli\u015fi-Bayram\u0131-360x202.jpeg\" alt=\"\" width=\"360\" height=\"202\" srcset=\"https:\/\/akunq.net\/tr\/wp-content\/uploads\/sites\/6\/2021\/09\/14-Eyl\u00fcl\u2019de-Kutsal-Ha\u00e7\u2019\u0131n-Y\u00fckseli\u015fi-Bayram\u0131-360x202.jpeg 360w, https:\/\/akunq.net\/tr\/wp-content\/uploads\/sites\/6\/2021\/09\/14-Eyl\u00fcl\u2019de-Kutsal-Ha\u00e7\u2019\u0131n-Y\u00fckseli\u015fi-Bayram\u0131-768x432.jpeg 768w, https:\/\/akunq.net\/tr\/wp-content\/uploads\/sites\/6\/2021\/09\/14-Eyl\u00fcl\u2019de-Kutsal-Ha\u00e7\u2019\u0131n-Y\u00fckseli\u015fi-Bayram\u0131-560x315.jpeg 560w, https:\/\/akunq.net\/tr\/wp-content\/uploads\/sites\/6\/2021\/09\/14-Eyl\u00fcl\u2019de-Kutsal-Ha\u00e7\u2019\u0131n-Y\u00fckseli\u015fi-Bayram\u0131-260x146.jpeg 260w, https:\/\/akunq.net\/tr\/wp-content\/uploads\/sites\/6\/2021\/09\/14-Eyl\u00fcl\u2019de-Kutsal-Ha\u00e7\u2019\u0131n-Y\u00fckseli\u015fi-Bayram\u0131-160x90.jpeg 160w, https:\/\/akunq.net\/tr\/wp-content\/uploads\/sites\/6\/2021\/09\/14-Eyl\u00fcl\u2019de-Kutsal-Ha\u00e7\u2019\u0131n-Y\u00fckseli\u015fi-Bayram\u0131.jpeg 925w\" sizes=\"auto, (max-width: 360px) 100vw, 360px\" \/><\/p>\n<p><strong><a href=\"https:\/\/bnr.bg\/tr\/search?author=30-Albena+Bezovska\">Albena Bezovska<\/a><\/strong><\/p>\n<p><em><strong>Ortodoks Hristiyanl\u0131\u011f\u0131, 14 Eyl\u00fcl\u2019de Kutsal Ha\u00e7\u2019\u0131n Y\u00fckseli\u015fi Bayram\u0131n\u0131 kutluyor.\u00a0<\/strong><\/em><\/p>\n<p>Hazreti \u0130sa\u2019n\u0131n \u00c7arm\u0131ha gerildi\u011fi Kutsal Ha\u00e7\u2019a adanarak bu yortu, Hazreti \u0130sa\u2019in ac\u0131, g\u00fcnah ve korku \u00fczerindeki zaferine\u00a0sayg\u0131n\u0131n bir ifadesidir.<\/p>\n<p>Ortodoks Hristiyanl\u0131\u011f\u0131, B\u00fcy\u00fck Perhiz\u2019in \u00fc\u00e7\u00fcnc\u00fc Pazar\u0131, Kutsal Cuma, 1 A\u011fustos ve 14 A\u011fustos olmak \u00fczere, y\u0131lda d\u00f6rt kez Kutsal Ha\u00e7\u2019\u0131n Y\u00fckseli\u015fi Bayram\u0131 kutluyor.<\/p>\n<figure class=\"wp-block-image\"><img decoding=\"async\" src=\"https:\/\/i2.wp.com\/static.bnr.bg\/gallery\/cr\/3d19326d1a392ed37dbaaf11c29a16fa.jpg\" alt=\"\" data-recalc-dims=\"1\" \/><\/figure>\n<p>Di\u011fer yortulara nazaran, Kutsal Ha\u00e7\u2019\u0131n Y\u00fckseli\u015fi Yortusunun Kilise takvimine yerle\u015fmesinde \u00fc\u00e7 tarih\u00ee olay katk\u0131da bulunuyor:<\/p>\n<p>Kutsal Ha\u00e7\u0131\u2019n\u0131n, \u0130mparator B\u00fcy\u00fck Konstantin\u2019e g\u00f6r\u00fcnmesi, Kutsal Ha\u00e7\u0131\u2019n\u0131n Golgota\u2019da bulunmas\u0131 ve Perslerden geri al\u0131nmas\u0131.<\/p>\n<p>Efsaneye g\u00f6re, \u0130mparator B\u00fcy\u00fck Konstandinos\u2019un annesi Azize Elena taraf\u0131ndan bulundu. Golgota\u2019da bulunanlardan hangisinin Kutsal Ha\u00e7\u0131 oldu\u011fu mucize eseri anla\u015f\u0131ld\u0131\u011f\u0131nda Azize Elena g\u00f6zya\u015flar\u0131 i\u00e7inde Ha\u00e7\u2019a tap\u0131nd\u0131 ve onu Kud\u00fcs Episkoposu Makarios\u2019a teslim etti.<\/p>\n<figure class=\"wp-block-image\"><img decoding=\"async\" src=\"https:\/\/i0.wp.com\/static.bnr.bg\/gallery\/cr\/51364e5da0c9bc94c233751867acfc4f.jpg\" alt=\"Kr\u0131stova gora (Ha\u00e7l\u0131 orman).\" data-recalc-dims=\"1\" \/><\/figure>\n<p>Kutsal Ha\u00e7\u2019\u0131n Y\u00fckseli\u015fi Bayram\u0131\u00a0haz\u0131rl\u0131klar\u0131 13 Eyl\u00fcl\u2019de ba\u015fl\u0131yor ve bir\u00e7ok insan Orta Rodoplarda bulunan \u201cKr\u0131stova gora\u201d (Ha\u00e7 Orman\u0131) mevkiine ak\u0131n ediyor.<\/p>\n<figure class=\"wp-block-image\"><img decoding=\"async\" src=\"https:\/\/i1.wp.com\/static.bnr.bg\/gallery\/cr\/765727b60d95b72e9a2e426d98f09805.jpg\" alt=\"\" data-recalc-dims=\"1\" \/><\/figure>\n<p>Efsane, Ha\u00e7 gecesinde Tanr\u0131\u2019n\u0131n yery\u00fcz\u00fcne indi\u011fi ve dualarda her t\u00fcrl\u00fc i\u00e7ten arzuyu yerine getirdi\u011fini anlat\u0131r, halk da buna inan\u0131r. Orta Rodoplarda kutsal oldu\u011funa inan\u0131lan \u201cKr\u0131stova gora\u201d mevkii son y\u0131llarda b\u00fcy\u00fck ilgiye lay\u0131k. Binlerce ki\u015fi , Ya\u015fam Ha\u00e7\u0131 par\u00e7ac\u0131\u011f\u0131n\u0131n g\u00f6m\u00fcld\u00fc\u011f\u00fcne inand\u0131\u011f\u0131 Kr\u0131stova gora b\u00f6lgesinde toplan\u0131r. Halk inan\u00e7lar\u0131na g\u00f6re, bu tarih yaz sonu ve sonbahar tar\u0131m mevsiminin ba\u015flang\u0131c\u0131d\u0131r ve gece ile g\u00fcnd\u00fcz e\u015fitlenir.<\/p>\n<figure class=\"wp-block-image\"><img decoding=\"async\" src=\"https:\/\/i2.wp.com\/static.bnr.bg\/gallery\/cr\/1f530a6b9c7ed624b311e92d2b4c8a16.jpg\" alt=\"\" data-recalc-dims=\"1\" \/><\/figure>\n<p>Baz\u0131 b\u00f6lgelerde bu g\u00fcne \u201cBa\u011f bozumu G\u00fcn\u00fc\u201d denir, \u00e7\u00fcnk\u00fc o zaman resmen ba\u011f bozumu ba\u015flar.<\/p>\n<p><em>\u00c7eviri: \u015eevkiye \u00c7ak\u0131r\u00a0Foto\u011fraflar: BGNES,pixabay<\/em><\/p>\n<p><em><strong><a href=\"https:\/\/bnr.bg\/tr\/post\/101526138\/14-eylulde-kutsal-hacin-yukselisi-bayrami-kutlaniyor\">https:\/\/bnr.bg\/tr\/post\/101526138\/14-eylulde-kutsal-hacin-yukselisi-bayrami-kutlaniyor<\/a><\/strong><\/em><\/p>\n","protected":false},"excerpt":{"rendered":"<p>Albena Bezovska Ortodoks Hristiyanl\u0131\u011f\u0131, 14 Eyl\u00fcl\u2019de Kutsal Ha\u00e7\u2019\u0131n Y\u00fckseli\u015fi Bayram\u0131n\u0131 kutluyor.\u00a0 Hazreti \u0130sa\u2019n\u0131n \u00c7arm\u0131ha gerildi\u011fi Kutsal Ha\u00e7\u2019a adanarak bu yortu, Hazreti \u0130sa\u2019in ac\u0131, g\u00fcnah ve korku \u00fczerindeki zaferine\u00a0sayg\u0131n\u0131n bir ifadesidir. Ortodoks Hristiyanl\u0131\u011f\u0131, B\u00fcy\u00fck Perhiz\u2019in \u00fc\u00e7\u00fcnc\u00fc Pazar\u0131, Kutsal Cuma, 1 A\u011fustos ve 14 A\u011fustos olmak \u00fczere, y\u0131lda d\u00f6rt kez Kutsal Ha\u00e7\u2019\u0131n Y\u00fckseli\u015fi Bayram\u0131 kutluyor. Di\u011fer yortulara [&hellip;]<\/p>\n","protected":false},"author":7,"featured_media":64704,"comment_status":"open","ping_status":"open","sticky":false,"template":"","format":"standard","meta":{"footnotes":""},"categories":[1],"tags":[],"class_list":["post-64703","post","type-post","status-publish","format-standard","has-post-thumbnail","hentry","category-haberler"],"yoast_head":"<!-- This site is optimized with the Yoast SEO plugin v27.4 - https:\/\/yoast.com\/product\/yoast-seo-wordpress\/ -->\n<title>14 Eyl\u00fcl\u2019de Kutsal Ha\u00e7\u2019\u0131n Y\u00fckseli\u015fi Bayram\u0131 kutlan\u0131yor - Bati Ermenistan Ve Bati Ermenileri Sorunlari Ara\u015ftirmalar Merkezi<\/title>\n<meta name=\"robots\" content=\"index, follow, max-snippet:-1, max-image-preview:large, max-video-preview:-1\" \/>\n<link rel=\"canonical\" href=\"https:\/\/akunq.net\/tr\/?p=64703\" \/>\n<meta property=\"og:locale\" content=\"en_US\" \/>\n<meta property=\"og:type\" content=\"article\" \/>\n<meta property=\"og:title\" content=\"14 Eyl\u00fcl\u2019de Kutsal Ha\u00e7\u2019\u0131n Y\u00fckseli\u015fi Bayram\u0131 kutlan\u0131yor - Bati Ermenistan Ve Bati Ermenileri Sorunlari Ara\u015ftirmalar Merkezi\" \/>\n<meta property=\"og:description\" content=\"Albena Bezovska Ortodoks Hristiyanl\u0131\u011f\u0131, 14 Eyl\u00fcl\u2019de Kutsal Ha\u00e7\u2019\u0131n Y\u00fckseli\u015fi Bayram\u0131n\u0131 kutluyor.\u00a0 Hazreti \u0130sa\u2019n\u0131n \u00c7arm\u0131ha gerildi\u011fi Kutsal Ha\u00e7\u2019a adanarak bu yortu, Hazreti \u0130sa\u2019in ac\u0131, g\u00fcnah ve korku \u00fczerindeki zaferine\u00a0sayg\u0131n\u0131n bir ifadesidir. Ortodoks Hristiyanl\u0131\u011f\u0131, B\u00fcy\u00fck Perhiz\u2019in \u00fc\u00e7\u00fcnc\u00fc Pazar\u0131, Kutsal Cuma, 1 A\u011fustos ve 14 A\u011fustos olmak \u00fczere, y\u0131lda d\u00f6rt kez Kutsal Ha\u00e7\u2019\u0131n Y\u00fckseli\u015fi Bayram\u0131 kutluyor. Di\u011fer yortulara [&hellip;]\" \/>\n<meta property=\"og:url\" content=\"https:\/\/akunq.net\/tr\/?p=64703\" \/>\n<meta property=\"og:site_name\" content=\"Bati Ermenistan Ve Bati Ermenileri Sorunlari Ara\u015ftirmalar Merkezi\" \/>\n<meta property=\"article:published_time\" content=\"2021-09-14T06:43:59+00:00\" \/>\n<meta property=\"og:image\" content=\"https:\/\/akunq.net\/tr\/wp-content\/uploads\/sites\/6\/2021\/09\/14-Eyl\u00fcl\u2019de-Kutsal-Ha\u00e7\u2019\u0131n-Y\u00fckseli\u015fi-Bayram\u0131.jpeg\" \/>\n\t<meta property=\"og:image:width\" content=\"925\" \/>\n\t<meta property=\"og:image:height\" content=\"520\" \/>\n\t<meta property=\"og:image:type\" content=\"image\/jpeg\" \/>\n<meta name=\"author\" content=\"admin\" \/>\n<meta name=\"twitter:card\" content=\"summary_large_image\" \/>\n<meta name=\"twitter:label1\" content=\"Written by\" \/>\n\t<meta name=\"twitter:data1\" content=\"admin\" \/>\n\t<meta name=\"twitter:label2\" content=\"Est. reading time\" \/>\n\t<meta name=\"twitter:data2\" content=\"2 minutes\" \/>\n<script type=\"application\/ld+json\" class=\"yoast-schema-graph\">{\"@context\":\"https:\\\/\\\/schema.org\",\"@graph\":[{\"@type\":\"Article\",\"@id\":\"https:\\\/\\\/akunq.net\\\/tr\\\/?p=64703#article\",\"isPartOf\":{\"@id\":\"https:\\\/\\\/akunq.net\\\/tr\\\/?p=64703\"},\"author\":{\"name\":\"admin\",\"@id\":\"https:\\\/\\\/akunq.net\\\/tr\\\/#\\\/schema\\\/person\\\/096f1d38a12cce57fb855b485ed24c9e\"},\"headline\":\"14 Eyl\u00fcl\u2019de Kutsal Ha\u00e7\u2019\u0131n Y\u00fckseli\u015fi Bayram\u0131 kutlan\u0131yor\",\"datePublished\":\"2021-09-14T06:43:59+00:00\",\"mainEntityOfPage\":{\"@id\":\"https:\\\/\\\/akunq.net\\\/tr\\\/?p=64703\"},\"wordCount\":345,\"commentCount\":0,\"image\":{\"@id\":\"https:\\\/\\\/akunq.net\\\/tr\\\/?p=64703#primaryimage\"},\"thumbnailUrl\":\"https:\\\/\\\/akunq.net\\\/tr\\\/wp-content\\\/uploads\\\/sites\\\/6\\\/2021\\\/09\\\/14-Eyl\u00fcl\u2019de-Kutsal-Ha\u00e7\u2019\u0131n-Y\u00fckseli\u015fi-Bayram\u0131.jpeg\",\"articleSection\":[\"Haberler\"],\"inLanguage\":\"en-US\",\"potentialAction\":[{\"@type\":\"CommentAction\",\"name\":\"Comment\",\"target\":[\"https:\\\/\\\/akunq.net\\\/tr\\\/?p=64703#respond\"]}]},{\"@type\":\"WebPage\",\"@id\":\"https:\\\/\\\/akunq.net\\\/tr\\\/?p=64703\",\"url\":\"https:\\\/\\\/akunq.net\\\/tr\\\/?p=64703\",\"name\":\"14 Eyl\u00fcl\u2019de Kutsal Ha\u00e7\u2019\u0131n Y\u00fckseli\u015fi Bayram\u0131 kutlan\u0131yor - Bati Ermenistan Ve Bati Ermenileri Sorunlari Ara\u015ftirmalar Merkezi\",\"isPartOf\":{\"@id\":\"https:\\\/\\\/akunq.net\\\/tr\\\/#website\"},\"primaryImageOfPage\":{\"@id\":\"https:\\\/\\\/akunq.net\\\/tr\\\/?p=64703#primaryimage\"},\"image\":{\"@id\":\"https:\\\/\\\/akunq.net\\\/tr\\\/?p=64703#primaryimage\"},\"thumbnailUrl\":\"https:\\\/\\\/akunq.net\\\/tr\\\/wp-content\\\/uploads\\\/sites\\\/6\\\/2021\\\/09\\\/14-Eyl\u00fcl\u2019de-Kutsal-Ha\u00e7\u2019\u0131n-Y\u00fckseli\u015fi-Bayram\u0131.jpeg\",\"datePublished\":\"2021-09-14T06:43:59+00:00\",\"author\":{\"@id\":\"https:\\\/\\\/akunq.net\\\/tr\\\/#\\\/schema\\\/person\\\/096f1d38a12cce57fb855b485ed24c9e\"},\"breadcrumb\":{\"@id\":\"https:\\\/\\\/akunq.net\\\/tr\\\/?p=64703#breadcrumb\"},\"inLanguage\":\"en-US\",\"potentialAction\":[{\"@type\":\"ReadAction\",\"target\":[\"https:\\\/\\\/akunq.net\\\/tr\\\/?p=64703\"]}]},{\"@type\":\"ImageObject\",\"inLanguage\":\"en-US\",\"@id\":\"https:\\\/\\\/akunq.net\\\/tr\\\/?p=64703#primaryimage\",\"url\":\"https:\\\/\\\/akunq.net\\\/tr\\\/wp-content\\\/uploads\\\/sites\\\/6\\\/2021\\\/09\\\/14-Eyl\u00fcl\u2019de-Kutsal-Ha\u00e7\u2019\u0131n-Y\u00fckseli\u015fi-Bayram\u0131.jpeg\",\"contentUrl\":\"https:\\\/\\\/akunq.net\\\/tr\\\/wp-content\\\/uploads\\\/sites\\\/6\\\/2021\\\/09\\\/14-Eyl\u00fcl\u2019de-Kutsal-Ha\u00e7\u2019\u0131n-Y\u00fckseli\u015fi-Bayram\u0131.jpeg\",\"width\":925,\"height\":520},{\"@type\":\"BreadcrumbList\",\"@id\":\"https:\\\/\\\/akunq.net\\\/tr\\\/?p=64703#breadcrumb\",\"itemListElement\":[{\"@type\":\"ListItem\",\"position\":1,\"name\":\"Home\",\"item\":\"https:\\\/\\\/akunq.net\\\/tr\"},{\"@type\":\"ListItem\",\"position\":2,\"name\":\"14 Eyl\u00fcl\u2019de Kutsal Ha\u00e7\u2019\u0131n Y\u00fckseli\u015fi Bayram\u0131 kutlan\u0131yor\"}]},{\"@type\":\"WebSite\",\"@id\":\"https:\\\/\\\/akunq.net\\\/tr\\\/#website\",\"url\":\"https:\\\/\\\/akunq.net\\\/tr\\\/\",\"name\":\"Bati Ermenistan Ve Bati Ermenileri Sorunlari Ara\u015ftirmalar Merkezi\",\"description\":\"\",\"potentialAction\":[{\"@type\":\"SearchAction\",\"target\":{\"@type\":\"EntryPoint\",\"urlTemplate\":\"https:\\\/\\\/akunq.net\\\/tr\\\/?s={search_term_string}\"},\"query-input\":{\"@type\":\"PropertyValueSpecification\",\"valueRequired\":true,\"valueName\":\"search_term_string\"}}],\"inLanguage\":\"en-US\"},{\"@type\":\"Person\",\"@id\":\"https:\\\/\\\/akunq.net\\\/tr\\\/#\\\/schema\\\/person\\\/096f1d38a12cce57fb855b485ed24c9e\",\"name\":\"admin\",\"url\":\"https:\\\/\\\/akunq.net\\\/tr\\\/?author=7\"}]}<\/script>\n<!-- \/ Yoast SEO plugin. -->","yoast_head_json":{"title":"14 Eyl\u00fcl\u2019de Kutsal Ha\u00e7\u2019\u0131n Y\u00fckseli\u015fi Bayram\u0131 kutlan\u0131yor - Bati Ermenistan Ve Bati Ermenileri Sorunlari Ara\u015ftirmalar Merkezi","robots":{"index":"index","follow":"follow","max-snippet":"max-snippet:-1","max-image-preview":"max-image-preview:large","max-video-preview":"max-video-preview:-1"},"canonical":"https:\/\/akunq.net\/tr\/?p=64703","og_locale":"en_US","og_type":"article","og_title":"14 Eyl\u00fcl\u2019de Kutsal Ha\u00e7\u2019\u0131n Y\u00fckseli\u015fi Bayram\u0131 kutlan\u0131yor - Bati Ermenistan Ve Bati Ermenileri Sorunlari Ara\u015ftirmalar Merkezi","og_description":"Albena Bezovska Ortodoks Hristiyanl\u0131\u011f\u0131, 14 Eyl\u00fcl\u2019de Kutsal Ha\u00e7\u2019\u0131n Y\u00fckseli\u015fi Bayram\u0131n\u0131 kutluyor.\u00a0 Hazreti \u0130sa\u2019n\u0131n \u00c7arm\u0131ha gerildi\u011fi Kutsal Ha\u00e7\u2019a adanarak bu yortu, Hazreti \u0130sa\u2019in ac\u0131, g\u00fcnah ve korku \u00fczerindeki zaferine\u00a0sayg\u0131n\u0131n bir ifadesidir. Ortodoks Hristiyanl\u0131\u011f\u0131, B\u00fcy\u00fck Perhiz\u2019in \u00fc\u00e7\u00fcnc\u00fc Pazar\u0131, Kutsal Cuma, 1 A\u011fustos ve 14 A\u011fustos olmak \u00fczere, y\u0131lda d\u00f6rt kez Kutsal Ha\u00e7\u2019\u0131n Y\u00fckseli\u015fi Bayram\u0131 kutluyor. Di\u011fer yortulara [&hellip;]","og_url":"https:\/\/akunq.net\/tr\/?p=64703","og_site_name":"Bati Ermenistan Ve Bati Ermenileri Sorunlari Ara\u015ftirmalar Merkezi","article_published_time":"2021-09-14T06:43:59+00:00","og_image":[{"width":925,"height":520,"url":"https:\/\/akunq.net\/tr\/wp-content\/uploads\/sites\/6\/2021\/09\/14-Eyl\u00fcl\u2019de-Kutsal-Ha\u00e7\u2019\u0131n-Y\u00fckseli\u015fi-Bayram\u0131.jpeg","type":"image\/jpeg"}],"author":"admin","twitter_card":"summary_large_image","twitter_misc":{"Written by":"admin","Est. reading time":"2 minutes"},"schema":{"@context":"https:\/\/schema.org","@graph":[{"@type":"Article","@id":"https:\/\/akunq.net\/tr\/?p=64703#article","isPartOf":{"@id":"https:\/\/akunq.net\/tr\/?p=64703"},"author":{"name":"admin","@id":"https:\/\/akunq.net\/tr\/#\/schema\/person\/096f1d38a12cce57fb855b485ed24c9e"},"headline":"14 Eyl\u00fcl\u2019de Kutsal Ha\u00e7\u2019\u0131n Y\u00fckseli\u015fi Bayram\u0131 kutlan\u0131yor","datePublished":"2021-09-14T06:43:59+00:00","mainEntityOfPage":{"@id":"https:\/\/akunq.net\/tr\/?p=64703"},"wordCount":345,"commentCount":0,"image":{"@id":"https:\/\/akunq.net\/tr\/?p=64703#primaryimage"},"thumbnailUrl":"https:\/\/akunq.net\/tr\/wp-content\/uploads\/sites\/6\/2021\/09\/14-Eyl\u00fcl\u2019de-Kutsal-Ha\u00e7\u2019\u0131n-Y\u00fckseli\u015fi-Bayram\u0131.jpeg","articleSection":["Haberler"],"inLanguage":"en-US","potentialAction":[{"@type":"CommentAction","name":"Comment","target":["https:\/\/akunq.net\/tr\/?p=64703#respond"]}]},{"@type":"WebPage","@id":"https:\/\/akunq.net\/tr\/?p=64703","url":"https:\/\/akunq.net\/tr\/?p=64703","name":"14 Eyl\u00fcl\u2019de Kutsal Ha\u00e7\u2019\u0131n Y\u00fckseli\u015fi Bayram\u0131 kutlan\u0131yor - Bati Ermenistan Ve Bati Ermenileri Sorunlari Ara\u015ftirmalar Merkezi","isPartOf":{"@id":"https:\/\/akunq.net\/tr\/#website"},"primaryImageOfPage":{"@id":"https:\/\/akunq.net\/tr\/?p=64703#primaryimage"},"image":{"@id":"https:\/\/akunq.net\/tr\/?p=64703#primaryimage"},"thumbnailUrl":"https:\/\/akunq.net\/tr\/wp-content\/uploads\/sites\/6\/2021\/09\/14-Eyl\u00fcl\u2019de-Kutsal-Ha\u00e7\u2019\u0131n-Y\u00fckseli\u015fi-Bayram\u0131.jpeg","datePublished":"2021-09-14T06:43:59+00:00","author":{"@id":"https:\/\/akunq.net\/tr\/#\/schema\/person\/096f1d38a12cce57fb855b485ed24c9e"},"breadcrumb":{"@id":"https:\/\/akunq.net\/tr\/?p=64703#breadcrumb"},"inLanguage":"en-US","potentialAction":[{"@type":"ReadAction","target":["https:\/\/akunq.net\/tr\/?p=64703"]}]},{"@type":"ImageObject","inLanguage":"en-US","@id":"https:\/\/akunq.net\/tr\/?p=64703#primaryimage","url":"https:\/\/akunq.net\/tr\/wp-content\/uploads\/sites\/6\/2021\/09\/14-Eyl\u00fcl\u2019de-Kutsal-Ha\u00e7\u2019\u0131n-Y\u00fckseli\u015fi-Bayram\u0131.jpeg","contentUrl":"https:\/\/akunq.net\/tr\/wp-content\/uploads\/sites\/6\/2021\/09\/14-Eyl\u00fcl\u2019de-Kutsal-Ha\u00e7\u2019\u0131n-Y\u00fckseli\u015fi-Bayram\u0131.jpeg","width":925,"height":520},{"@type":"BreadcrumbList","@id":"https:\/\/akunq.net\/tr\/?p=64703#breadcrumb","itemListElement":[{"@type":"ListItem","position":1,"name":"Home","item":"https:\/\/akunq.net\/tr"},{"@type":"ListItem","position":2,"name":"14 Eyl\u00fcl\u2019de Kutsal Ha\u00e7\u2019\u0131n Y\u00fckseli\u015fi Bayram\u0131 kutlan\u0131yor"}]},{"@type":"WebSite","@id":"https:\/\/akunq.net\/tr\/#website","url":"https:\/\/akunq.net\/tr\/","name":"Bati Ermenistan Ve Bati Ermenileri Sorunlari Ara\u015ftirmalar Merkezi","description":"","potentialAction":[{"@type":"SearchAction","target":{"@type":"EntryPoint","urlTemplate":"https:\/\/akunq.net\/tr\/?s={search_term_string}"},"query-input":{"@type":"PropertyValueSpecification","valueRequired":true,"valueName":"search_term_string"}}],"inLanguage":"en-US"},{"@type":"Person","@id":"https:\/\/akunq.net\/tr\/#\/schema\/person\/096f1d38a12cce57fb855b485ed24c9e","name":"admin","url":"https:\/\/akunq.net\/tr\/?author=7"}]}},"_links":{"self":[{"href":"https:\/\/akunq.net\/tr\/index.php?rest_route=\/wp\/v2\/posts\/64703","targetHints":{"allow":["GET"]}}],"collection":[{"href":"https:\/\/akunq.net\/tr\/index.php?rest_route=\/wp\/v2\/posts"}],"about":[{"href":"https:\/\/akunq.net\/tr\/index.php?rest_route=\/wp\/v2\/types\/post"}],"author":[{"embeddable":true,"href":"https:\/\/akunq.net\/tr\/index.php?rest_route=\/wp\/v2\/users\/7"}],"replies":[{"embeddable":true,"href":"https:\/\/akunq.net\/tr\/index.php?rest_route=%2Fwp%2Fv2%2Fcomments&post=64703"}],"version-history":[{"count":1,"href":"https:\/\/akunq.net\/tr\/index.php?rest_route=\/wp\/v2\/posts\/64703\/revisions"}],"predecessor-version":[{"id":64705,"href":"https:\/\/akunq.net\/tr\/index.php?rest_route=\/wp\/v2\/posts\/64703\/revisions\/64705"}],"wp:featuredmedia":[{"embeddable":true,"href":"https:\/\/akunq.net\/tr\/index.php?rest_route=\/wp\/v2\/media\/64704"}],"wp:attachment":[{"href":"https:\/\/akunq.net\/tr\/index.php?rest_route=%2Fwp%2Fv2%2Fmedia&parent=64703"}],"wp:term":[{"taxonomy":"category","embeddable":true,"href":"https:\/\/akunq.net\/tr\/index.php?rest_route=%2Fwp%2Fv2%2Fcategories&post=64703"},{"taxonomy":"post_tag","embeddable":true,"href":"https:\/\/akunq.net\/tr\/index.php?rest_route=%2Fwp%2Fv2%2Ftags&post=64703"}],"curies":[{"name":"wp","href":"https:\/\/api.w.org\/{rel}","templated":true}]}}