{"id":64700,"date":"2021-09-14T01:38:08","date_gmt":"2021-09-14T06:38:08","guid":{"rendered":"https:\/\/akunq.net\/tr\/?p=64700"},"modified":"2021-09-14T01:38:08","modified_gmt":"2021-09-14T06:38:08","slug":"hakkarideki-kiliseyi-temizleyip-ibadet-ettiler","status":"publish","type":"post","link":"https:\/\/akunq.net\/tr\/?p=64700","title":{"rendered":"Hakkari\u2019deki kiliseyi temizleyip ibadet ettiler"},"content":{"rendered":"<p><img loading=\"lazy\" decoding=\"async\" class=\"aligncenter size-medium wp-image-64701\" src=\"https:\/\/akunq.net\/tr\/wp-content\/uploads\/2021\/09\/Hakkari\u2019deki-kilise-360x180.jpeg\" alt=\"\" width=\"360\" height=\"180\" srcset=\"https:\/\/akunq.net\/tr\/wp-content\/uploads\/sites\/6\/2021\/09\/Hakkari\u2019deki-kilise-360x180.jpeg 360w, https:\/\/akunq.net\/tr\/wp-content\/uploads\/sites\/6\/2021\/09\/Hakkari\u2019deki-kilise-560x280.jpeg 560w, https:\/\/akunq.net\/tr\/wp-content\/uploads\/sites\/6\/2021\/09\/Hakkari\u2019deki-kilise-260x130.jpeg 260w, https:\/\/akunq.net\/tr\/wp-content\/uploads\/sites\/6\/2021\/09\/Hakkari\u2019deki-kilise-160x80.jpeg 160w, https:\/\/akunq.net\/tr\/wp-content\/uploads\/sites\/6\/2021\/09\/Hakkari\u2019deki-kilise.jpeg 702w\" sizes=\"auto, (max-width: 360px) 100vw, 360px\" \/><\/p>\n<p><em><strong>Hakkari\u2019de bir grup gezgin, Do\u011fu S\u00fcryanilerince 13 Eyl\u00fcl\u2019de kutlanan \u201cKutsal Ha\u00e7\u0131n Y\u00fcceltilmesi Bayram\u0131\u201d ve \u201cAziz Mar Sava\u2019y\u0131 Anma G\u00fcn\u00fc\u201d dolay\u0131s\u0131yla kilisede dua etti, mum yak\u0131p kurban kestirdi.<\/strong><\/em><\/p>\n<figure class=\"wp-block-embed is-type-video is-provider-youtube wp-block-embed-youtube wp-embed-aspect-16-9 wp-has-aspect-ratio\">\n<div class=\"wp-block-embed__wrapper\">\n<div class=\"fluid-width-video-wrapper\"><iframe id=\"fitvid429354\" title=\"Hakkari'de bir ilk: Kiliseyi temizleyip ibadet ettiler\" src=\"https:\/\/www.youtube.com\/embed\/xOWTJqdmwOs?feature=oembed\" frameborder=\"0\" allowfullscreen=\"allowfullscreen\" data-mce-fragment=\"1\"><\/iframe><\/div>\n<\/div>\n<\/figure>\n<p>Ailesi Avusturalya\u2019da ya\u015fayan Kadir Has \u00dcniversitesi \u00d6\u011fretim G\u00f6revlisi Nicholas Al-Jeloo, Almanya\u2019da ya\u015fayan \u0130sa Yal\u0131n, \u0130ngiliz arkeolog Alexander Ednmons ve gruba rehberlik eden Burak U\u011fur, Hakkari\u2019nin Ge\u00e7imli k\u00f6y\u00fcndeki Do\u011fu S\u00fcryani Kiliselerinden biri olan Mersava Kilisesinde incelemelerde bulundu.<\/p>\n<p>K\u00f6y sakinleri ile sohbet eden gruptakiler, Al-Jeloo\u2019nun giri\u015fimiyle temizlenen Mar Sava Kilisesini gezerek, mum yak\u0131p dua etti, ard\u0131ndan kurban kestirdi.<\/p>\n<figure class=\"wp-block-image\"><img decoding=\"async\" src=\"https:\/\/i1.wp.com\/www.hakkariobjektifhaber.com\/d\/other\/2021\/09\/14\/7.jpg\" alt=\"7.jpg\" data-recalc-dims=\"1\" \/><\/figure>\n<p>Dualar\u0131n ard\u0131ndan kilisede\u00a0a\u00e7\u0131klama yapan Al-Jeloo, atalar\u0131n\u0131n Hakk\u00e2ri\u2019den g\u00f6\u00e7 eti\u011fini kendisinin s\u00fcrekli b\u00f6lgeyi ziyaret etti\u011fini s\u00f6yledi.<\/p>\n<p>2014\u2019te k\u00f6y sakinlerinden Remzi \u00d6lmez ile tan\u0131\u015fan Al-Jeloo bu sene kilisenin temizlenmesi i\u00e7in bir \u00e7al\u0131\u015fma yapt\u0131\u011f\u0131n\u0131 belirtti ve Do\u011fu S\u00fcryanileri i\u00e7in \u00f6nemli bir g\u00fcn olan 13 Eyl\u00fcl\u2019de Mar Sava Kilisesi\u2019nde mabet yapman\u0131n mutlulu\u011funu i\u00e7inde oldu\u011funu s\u00f6yledi.<\/p>\n<figure class=\"wp-block-image\"><img loading=\"lazy\" decoding=\"async\" src=\"https:\/\/i1.wp.com\/www.hakkariobjektifhaber.com\/d\/other\/2021\/09\/14\/1.jpg\" alt=\"1.jpg\" width=\"702\" height=\"468\" \/><\/figure>\n<p>13 Eyl\u00fcl tarihinin Do\u011fu Kilisesinin takviminde hem ha\u00e7 bayram\u0131 hem de baz\u0131 yerlerde Azizleri anma g\u00fcn\u00fc oldu\u011funu belirten Al-Jeloo 107 y\u0131l sonra Hakk\u00e2ri\u2019deki bir kilise b\u00f6yle bir merasimin\u00a0yap\u0131lmas\u0131n\u0131n kendileri i\u00e7in sevindirici oldu\u011funu belirtti.<\/p>\n<p>Almanya\u2019da ya\u015fayan Asuri \u0130sa Yal\u0131n da her \u015feyden \u00f6nce kiliseyi temizleyen Remzi \u00d6lmez\u2019e te\u015fekk\u00fcr etti.<\/p>\n<p>Yal\u0131n, \u201cBug\u00fcn Marsava g\u00fcn\u00fcd\u00fcr. Kilisede biraz namaz k\u0131ld\u0131k, dua ettik. Milletimiz bundan y\u0131llar \u00f6nce g\u00f6\u00e7 edip gitti. Bir k\u0131sm\u0131 60 -70 y\u0131l \u00f6nce bir k\u0131sm\u0131 da 107 y\u0131l \u00f6nce gitti. Bundan 107 y\u0131ld\u0131r burada ibadet edilmiyordu. Hakkari halk\u0131na selam ve sayg\u0131lar\u0131m\u0131z\u0131 iletiyorum. \u0130n\u015fallah di\u011fer kiliseleri de yap\u0131p temizleyece\u011fiz. Halk\u0131m\u0131z buralar\u0131 \u00e7ok \u00f6zl\u00fcyor. \u0130n\u015fallah halk\u0131m\u0131z diasporada, Avrupa\u2019dan Amerika\u2019dan buraya gelir. Bir S\u00fcryani olarak bu durum nedeniyle keyfim yerindedir\u201d diye konu\u015ftu.<\/p>\n<p>10 y\u0131ld\u0131r Nicholas Al-Jeloo\u2019yu tan\u0131d\u0131\u011f\u0131n\u0131 anlatan Remzi \u00d6lmez de \u201cDaha \u00f6nce kiliseye gelirdi bakard\u0131k durumu hakikaten iyi de\u011fildi. Buras\u0131 kervanlar\u0131n ge\u00e7i\u015f yoluydu. Gelen gidenler hayvanlar\u0131n\u0131 buraya koyard\u0131. Yani kilise kullan\u0131lamayacak durumdayd\u0131. Biz de Nicholas ile bir proje d\u00fc\u015f\u00fcnd\u00fck. Temizleyip yapmaya karar verdik. Sonu\u00e7ta buras\u0131 eskiden bir ibadet yeriydi. Yani cami ile kilisenin bir fark\u0131 yok. \u0130\u015f\u00e7i tutup temizledik. Biz temizledik. \u0130ste\u011fimiz buraya ziyaret\u00e7i gelmesidir\u201d ifadelerini kulland\u0131.<\/p>\n<p>Rehber Burak U\u011fur da antik b\u00f6lgelerin Zap Vadisinin k\u00fc\u00e7\u00fck bir k\u00f6y\u00fc olan Ge\u00e7imli (R\u0131nd\u0131k) k\u00f6y\u00fcnde bulunduklar\u0131n\u0131 belirterek Dere Marsava kilisesinde inceleme yapmak isteyen gruba rehberlik etti\u011fini belirtti.<\/p>\n<p>Yakla\u015f\u0131k 1 as\u0131rd\u0131r burada herhangi bir dini rit\u00fcel yap\u0131lmad\u0131\u011f\u0131n\u0131 an\u0131msatan U\u011fur, Marsava kilisesinin ibadet edilebilir durumda olmas\u0131n\u0131n Hakkari turizmine ciddi bir katk\u0131 sunaca\u011f\u0131n\u0131 s\u00f6yledi.<\/p>\n<p>Asuriler \u00fczerine \u00e7al\u0131\u015fmalar\u0131 bulunan\u00a0\u0130ngiliz arkeolog Alexander Ednmons ise eski d\u00f6neme dair yaz\u0131lar okudu\u011funu ve arkeolojik kaz\u0131lara kat\u0131ld\u0131\u011f\u0131n\u0131 s\u00f6yledi.<\/p>\n<figure class=\"wp-block-image\"><img decoding=\"async\" src=\"https:\/\/i1.wp.com\/www.hakkariobjektifhaber.com\/d\/other\/2021\/09\/14\/9.jpg\" alt=\"9.jpg\" data-recalc-dims=\"1\" \/><\/figure>\n<p>Eski \u015fehirler \u00fczerinde ara\u015ft\u0131rmalar da yapt\u0131\u011f\u0131n\u0131 anlatan\u00a0Ednmons Hakkari\u2019nin ara\u015ft\u0131rmas\u0131 i\u00e7in \u00e7ok \u00e7ok \u00f6nemli oldu\u011funu belirterek, \u201cHakkari \u0130ran ve Irak s\u0131n\u0131r\u0131nda yer alan \u00e7ok \u00f6nemli bir \u015fehirdir. \u00c7ok \u00f6nemli krall\u0131klar\u0131n bulunurdu bu b\u00f6lgede. Asuriler ve Urartular. Hakkari bu iki krall\u0131\u011f\u0131n h\u00fck\u00fcm s\u00fcrd\u00fc\u011f\u00fc bir b\u00f6lgedir. \u00c7ok fazla ara\u015ft\u0131rma yap\u0131lmam\u0131\u015f Ama Hakkari Stelleri bize ipucu veriyor. Yeni ara\u015ft\u0131rmalar laz\u0131m. Yeni projeler var. \u00dcniversitelerden bilgiler alaca\u011f\u0131z. 5 -10 sene i\u00e7inde Hakkari ile ilgili \u00e7ok \u00e7ok yeni \u015feyler \u00f6\u011frenece\u011fiz\u201d diye konu\u015ftu.<\/p>\n<figure class=\"wp-block-image\"><img decoding=\"async\" src=\"https:\/\/i2.wp.com\/www.hakkariobjektifhaber.com\/d\/other\/2021\/09\/14\/2.jpg\" alt=\"2.jpg\" data-recalc-dims=\"1\" \/><\/figure>\n<figure class=\"wp-block-image\"><img decoding=\"async\" src=\"https:\/\/i2.wp.com\/www.hakkariobjektifhaber.com\/d\/other\/2021\/09\/14\/kilisee.jpg\" alt=\"kilisee.jpg\" data-recalc-dims=\"1\" \/><\/figure>\n<figure class=\"wp-block-image\"><img decoding=\"async\" src=\"https:\/\/i1.wp.com\/www.hakkariobjektifhaber.com\/d\/other\/2021\/09\/14\/5.jpg\" alt=\"5.jpg\" data-recalc-dims=\"1\" \/><\/figure>\n<figure class=\"wp-block-image\"><img decoding=\"async\" src=\"https:\/\/i1.wp.com\/www.hakkariobjektifhaber.com\/d\/other\/2021\/09\/14\/02.jpg\" alt=\"02.jpg\" data-recalc-dims=\"1\" \/><\/figure>\n<figure class=\"wp-block-image\"><img decoding=\"async\" src=\"https:\/\/i2.wp.com\/www.hakkariobjektifhaber.com\/d\/other\/2021\/09\/14\/01.jpg\" alt=\"01.jpg\" data-recalc-dims=\"1\" \/><\/figure>\n<p><em><strong><a href=\"http:\/\/www.hakkariobjektifhaber.com\/hakkarideki-kiliseyi-temizleyip-ibadet-ettiler-34317h.htm\">http:\/\/www.hakkariobjektifhaber.com\/hakkarideki-kiliseyi-temizleyip-ibadet-ettiler-34317h.htm<\/a><\/strong><\/em><\/p>\n","protected":false},"excerpt":{"rendered":"<p>Hakkari\u2019de bir grup gezgin, Do\u011fu S\u00fcryanilerince 13 Eyl\u00fcl\u2019de kutlanan \u201cKutsal Ha\u00e7\u0131n Y\u00fcceltilmesi Bayram\u0131\u201d ve \u201cAziz Mar Sava\u2019y\u0131 Anma G\u00fcn\u00fc\u201d dolay\u0131s\u0131yla kilisede dua etti, mum yak\u0131p kurban kestirdi. Ailesi Avusturalya\u2019da ya\u015fayan Kadir Has \u00dcniversitesi \u00d6\u011fretim G\u00f6revlisi Nicholas Al-Jeloo, Almanya\u2019da ya\u015fayan \u0130sa Yal\u0131n, \u0130ngiliz arkeolog Alexander Ednmons ve gruba rehberlik eden Burak U\u011fur, Hakkari\u2019nin Ge\u00e7imli k\u00f6y\u00fcndeki Do\u011fu [&hellip;]<\/p>\n","protected":false},"author":7,"featured_media":64701,"comment_status":"open","ping_status":"open","sticky":false,"template":"","format":"standard","meta":{"footnotes":""},"categories":[1],"tags":[],"class_list":["post-64700","post","type-post","status-publish","format-standard","has-post-thumbnail","hentry","category-haberler"],"yoast_head":"<!-- This site is optimized with the Yoast SEO plugin v27.4 - https:\/\/yoast.com\/product\/yoast-seo-wordpress\/ -->\n<title>Hakkari\u2019deki kiliseyi temizleyip ibadet ettiler - Bati Ermenistan Ve Bati Ermenileri Sorunlari Ara\u015ftirmalar Merkezi<\/title>\n<meta name=\"robots\" content=\"index, follow, max-snippet:-1, max-image-preview:large, max-video-preview:-1\" \/>\n<link rel=\"canonical\" href=\"https:\/\/akunq.net\/tr\/?p=64700\" \/>\n<meta property=\"og:locale\" content=\"en_US\" \/>\n<meta property=\"og:type\" content=\"article\" \/>\n<meta property=\"og:title\" content=\"Hakkari\u2019deki kiliseyi temizleyip ibadet ettiler - Bati Ermenistan Ve Bati Ermenileri Sorunlari Ara\u015ftirmalar Merkezi\" \/>\n<meta property=\"og:description\" content=\"Hakkari\u2019de bir grup gezgin, Do\u011fu S\u00fcryanilerince 13 Eyl\u00fcl\u2019de kutlanan \u201cKutsal Ha\u00e7\u0131n Y\u00fcceltilmesi Bayram\u0131\u201d ve \u201cAziz Mar Sava\u2019y\u0131 Anma G\u00fcn\u00fc\u201d dolay\u0131s\u0131yla kilisede dua etti, mum yak\u0131p kurban kestirdi. Ailesi Avusturalya\u2019da ya\u015fayan Kadir Has \u00dcniversitesi \u00d6\u011fretim G\u00f6revlisi Nicholas Al-Jeloo, Almanya\u2019da ya\u015fayan \u0130sa Yal\u0131n, \u0130ngiliz arkeolog Alexander Ednmons ve gruba rehberlik eden Burak U\u011fur, Hakkari\u2019nin Ge\u00e7imli k\u00f6y\u00fcndeki Do\u011fu [&hellip;]\" \/>\n<meta property=\"og:url\" content=\"https:\/\/akunq.net\/tr\/?p=64700\" \/>\n<meta property=\"og:site_name\" content=\"Bati Ermenistan Ve Bati Ermenileri Sorunlari Ara\u015ftirmalar Merkezi\" \/>\n<meta property=\"article:published_time\" content=\"2021-09-14T06:38:08+00:00\" \/>\n<meta property=\"og:image\" content=\"https:\/\/akunq.net\/tr\/wp-content\/uploads\/sites\/6\/2021\/09\/Hakkari\u2019deki-kilise.jpeg\" \/>\n\t<meta property=\"og:image:width\" content=\"702\" \/>\n\t<meta property=\"og:image:height\" content=\"351\" \/>\n\t<meta property=\"og:image:type\" content=\"image\/jpeg\" \/>\n<meta name=\"author\" content=\"admin\" \/>\n<meta name=\"twitter:card\" content=\"summary_large_image\" \/>\n<meta name=\"twitter:label1\" content=\"Written by\" \/>\n\t<meta name=\"twitter:data1\" content=\"admin\" \/>\n\t<meta name=\"twitter:label2\" content=\"Est. reading time\" \/>\n\t<meta name=\"twitter:data2\" content=\"3 minutes\" \/>\n<script type=\"application\/ld+json\" class=\"yoast-schema-graph\">{\"@context\":\"https:\\\/\\\/schema.org\",\"@graph\":[{\"@type\":\"Article\",\"@id\":\"https:\\\/\\\/akunq.net\\\/tr\\\/?p=64700#article\",\"isPartOf\":{\"@id\":\"https:\\\/\\\/akunq.net\\\/tr\\\/?p=64700\"},\"author\":{\"name\":\"admin\",\"@id\":\"https:\\\/\\\/akunq.net\\\/tr\\\/#\\\/schema\\\/person\\\/096f1d38a12cce57fb855b485ed24c9e\"},\"headline\":\"Hakkari\u2019deki kiliseyi temizleyip ibadet ettiler\",\"datePublished\":\"2021-09-14T06:38:08+00:00\",\"mainEntityOfPage\":{\"@id\":\"https:\\\/\\\/akunq.net\\\/tr\\\/?p=64700\"},\"wordCount\":655,\"commentCount\":0,\"image\":{\"@id\":\"https:\\\/\\\/akunq.net\\\/tr\\\/?p=64700#primaryimage\"},\"thumbnailUrl\":\"https:\\\/\\\/akunq.net\\\/tr\\\/wp-content\\\/uploads\\\/sites\\\/6\\\/2021\\\/09\\\/Hakkari\u2019deki-kilise.jpeg\",\"articleSection\":[\"Haberler\"],\"inLanguage\":\"en-US\",\"potentialAction\":[{\"@type\":\"CommentAction\",\"name\":\"Comment\",\"target\":[\"https:\\\/\\\/akunq.net\\\/tr\\\/?p=64700#respond\"]}]},{\"@type\":\"WebPage\",\"@id\":\"https:\\\/\\\/akunq.net\\\/tr\\\/?p=64700\",\"url\":\"https:\\\/\\\/akunq.net\\\/tr\\\/?p=64700\",\"name\":\"Hakkari\u2019deki kiliseyi temizleyip ibadet ettiler - Bati Ermenistan Ve Bati Ermenileri Sorunlari Ara\u015ftirmalar Merkezi\",\"isPartOf\":{\"@id\":\"https:\\\/\\\/akunq.net\\\/tr\\\/#website\"},\"primaryImageOfPage\":{\"@id\":\"https:\\\/\\\/akunq.net\\\/tr\\\/?p=64700#primaryimage\"},\"image\":{\"@id\":\"https:\\\/\\\/akunq.net\\\/tr\\\/?p=64700#primaryimage\"},\"thumbnailUrl\":\"https:\\\/\\\/akunq.net\\\/tr\\\/wp-content\\\/uploads\\\/sites\\\/6\\\/2021\\\/09\\\/Hakkari\u2019deki-kilise.jpeg\",\"datePublished\":\"2021-09-14T06:38:08+00:00\",\"author\":{\"@id\":\"https:\\\/\\\/akunq.net\\\/tr\\\/#\\\/schema\\\/person\\\/096f1d38a12cce57fb855b485ed24c9e\"},\"breadcrumb\":{\"@id\":\"https:\\\/\\\/akunq.net\\\/tr\\\/?p=64700#breadcrumb\"},\"inLanguage\":\"en-US\",\"potentialAction\":[{\"@type\":\"ReadAction\",\"target\":[\"https:\\\/\\\/akunq.net\\\/tr\\\/?p=64700\"]}]},{\"@type\":\"ImageObject\",\"inLanguage\":\"en-US\",\"@id\":\"https:\\\/\\\/akunq.net\\\/tr\\\/?p=64700#primaryimage\",\"url\":\"https:\\\/\\\/akunq.net\\\/tr\\\/wp-content\\\/uploads\\\/sites\\\/6\\\/2021\\\/09\\\/Hakkari\u2019deki-kilise.jpeg\",\"contentUrl\":\"https:\\\/\\\/akunq.net\\\/tr\\\/wp-content\\\/uploads\\\/sites\\\/6\\\/2021\\\/09\\\/Hakkari\u2019deki-kilise.jpeg\",\"width\":702,\"height\":351},{\"@type\":\"BreadcrumbList\",\"@id\":\"https:\\\/\\\/akunq.net\\\/tr\\\/?p=64700#breadcrumb\",\"itemListElement\":[{\"@type\":\"ListItem\",\"position\":1,\"name\":\"Home\",\"item\":\"https:\\\/\\\/akunq.net\\\/tr\"},{\"@type\":\"ListItem\",\"position\":2,\"name\":\"Hakkari\u2019deki kiliseyi temizleyip ibadet ettiler\"}]},{\"@type\":\"WebSite\",\"@id\":\"https:\\\/\\\/akunq.net\\\/tr\\\/#website\",\"url\":\"https:\\\/\\\/akunq.net\\\/tr\\\/\",\"name\":\"Bati Ermenistan Ve Bati Ermenileri Sorunlari Ara\u015ftirmalar Merkezi\",\"description\":\"\",\"potentialAction\":[{\"@type\":\"SearchAction\",\"target\":{\"@type\":\"EntryPoint\",\"urlTemplate\":\"https:\\\/\\\/akunq.net\\\/tr\\\/?s={search_term_string}\"},\"query-input\":{\"@type\":\"PropertyValueSpecification\",\"valueRequired\":true,\"valueName\":\"search_term_string\"}}],\"inLanguage\":\"en-US\"},{\"@type\":\"Person\",\"@id\":\"https:\\\/\\\/akunq.net\\\/tr\\\/#\\\/schema\\\/person\\\/096f1d38a12cce57fb855b485ed24c9e\",\"name\":\"admin\",\"url\":\"https:\\\/\\\/akunq.net\\\/tr\\\/?author=7\"}]}<\/script>\n<!-- \/ Yoast SEO plugin. -->","yoast_head_json":{"title":"Hakkari\u2019deki kiliseyi temizleyip ibadet ettiler - Bati Ermenistan Ve Bati Ermenileri Sorunlari Ara\u015ftirmalar Merkezi","robots":{"index":"index","follow":"follow","max-snippet":"max-snippet:-1","max-image-preview":"max-image-preview:large","max-video-preview":"max-video-preview:-1"},"canonical":"https:\/\/akunq.net\/tr\/?p=64700","og_locale":"en_US","og_type":"article","og_title":"Hakkari\u2019deki kiliseyi temizleyip ibadet ettiler - Bati Ermenistan Ve Bati Ermenileri Sorunlari Ara\u015ftirmalar Merkezi","og_description":"Hakkari\u2019de bir grup gezgin, Do\u011fu S\u00fcryanilerince 13 Eyl\u00fcl\u2019de kutlanan \u201cKutsal Ha\u00e7\u0131n Y\u00fcceltilmesi Bayram\u0131\u201d ve \u201cAziz Mar Sava\u2019y\u0131 Anma G\u00fcn\u00fc\u201d dolay\u0131s\u0131yla kilisede dua etti, mum yak\u0131p kurban kestirdi. Ailesi Avusturalya\u2019da ya\u015fayan Kadir Has \u00dcniversitesi \u00d6\u011fretim G\u00f6revlisi Nicholas Al-Jeloo, Almanya\u2019da ya\u015fayan \u0130sa Yal\u0131n, \u0130ngiliz arkeolog Alexander Ednmons ve gruba rehberlik eden Burak U\u011fur, Hakkari\u2019nin Ge\u00e7imli k\u00f6y\u00fcndeki Do\u011fu [&hellip;]","og_url":"https:\/\/akunq.net\/tr\/?p=64700","og_site_name":"Bati Ermenistan Ve Bati Ermenileri Sorunlari Ara\u015ftirmalar Merkezi","article_published_time":"2021-09-14T06:38:08+00:00","og_image":[{"width":702,"height":351,"url":"https:\/\/akunq.net\/tr\/wp-content\/uploads\/sites\/6\/2021\/09\/Hakkari\u2019deki-kilise.jpeg","type":"image\/jpeg"}],"author":"admin","twitter_card":"summary_large_image","twitter_misc":{"Written by":"admin","Est. reading time":"3 minutes"},"schema":{"@context":"https:\/\/schema.org","@graph":[{"@type":"Article","@id":"https:\/\/akunq.net\/tr\/?p=64700#article","isPartOf":{"@id":"https:\/\/akunq.net\/tr\/?p=64700"},"author":{"name":"admin","@id":"https:\/\/akunq.net\/tr\/#\/schema\/person\/096f1d38a12cce57fb855b485ed24c9e"},"headline":"Hakkari\u2019deki kiliseyi temizleyip ibadet ettiler","datePublished":"2021-09-14T06:38:08+00:00","mainEntityOfPage":{"@id":"https:\/\/akunq.net\/tr\/?p=64700"},"wordCount":655,"commentCount":0,"image":{"@id":"https:\/\/akunq.net\/tr\/?p=64700#primaryimage"},"thumbnailUrl":"https:\/\/akunq.net\/tr\/wp-content\/uploads\/sites\/6\/2021\/09\/Hakkari\u2019deki-kilise.jpeg","articleSection":["Haberler"],"inLanguage":"en-US","potentialAction":[{"@type":"CommentAction","name":"Comment","target":["https:\/\/akunq.net\/tr\/?p=64700#respond"]}]},{"@type":"WebPage","@id":"https:\/\/akunq.net\/tr\/?p=64700","url":"https:\/\/akunq.net\/tr\/?p=64700","name":"Hakkari\u2019deki kiliseyi temizleyip ibadet ettiler - Bati Ermenistan Ve Bati Ermenileri Sorunlari Ara\u015ftirmalar Merkezi","isPartOf":{"@id":"https:\/\/akunq.net\/tr\/#website"},"primaryImageOfPage":{"@id":"https:\/\/akunq.net\/tr\/?p=64700#primaryimage"},"image":{"@id":"https:\/\/akunq.net\/tr\/?p=64700#primaryimage"},"thumbnailUrl":"https:\/\/akunq.net\/tr\/wp-content\/uploads\/sites\/6\/2021\/09\/Hakkari\u2019deki-kilise.jpeg","datePublished":"2021-09-14T06:38:08+00:00","author":{"@id":"https:\/\/akunq.net\/tr\/#\/schema\/person\/096f1d38a12cce57fb855b485ed24c9e"},"breadcrumb":{"@id":"https:\/\/akunq.net\/tr\/?p=64700#breadcrumb"},"inLanguage":"en-US","potentialAction":[{"@type":"ReadAction","target":["https:\/\/akunq.net\/tr\/?p=64700"]}]},{"@type":"ImageObject","inLanguage":"en-US","@id":"https:\/\/akunq.net\/tr\/?p=64700#primaryimage","url":"https:\/\/akunq.net\/tr\/wp-content\/uploads\/sites\/6\/2021\/09\/Hakkari\u2019deki-kilise.jpeg","contentUrl":"https:\/\/akunq.net\/tr\/wp-content\/uploads\/sites\/6\/2021\/09\/Hakkari\u2019deki-kilise.jpeg","width":702,"height":351},{"@type":"BreadcrumbList","@id":"https:\/\/akunq.net\/tr\/?p=64700#breadcrumb","itemListElement":[{"@type":"ListItem","position":1,"name":"Home","item":"https:\/\/akunq.net\/tr"},{"@type":"ListItem","position":2,"name":"Hakkari\u2019deki kiliseyi temizleyip ibadet ettiler"}]},{"@type":"WebSite","@id":"https:\/\/akunq.net\/tr\/#website","url":"https:\/\/akunq.net\/tr\/","name":"Bati Ermenistan Ve Bati Ermenileri Sorunlari Ara\u015ftirmalar Merkezi","description":"","potentialAction":[{"@type":"SearchAction","target":{"@type":"EntryPoint","urlTemplate":"https:\/\/akunq.net\/tr\/?s={search_term_string}"},"query-input":{"@type":"PropertyValueSpecification","valueRequired":true,"valueName":"search_term_string"}}],"inLanguage":"en-US"},{"@type":"Person","@id":"https:\/\/akunq.net\/tr\/#\/schema\/person\/096f1d38a12cce57fb855b485ed24c9e","name":"admin","url":"https:\/\/akunq.net\/tr\/?author=7"}]}},"_links":{"self":[{"href":"https:\/\/akunq.net\/tr\/index.php?rest_route=\/wp\/v2\/posts\/64700","targetHints":{"allow":["GET"]}}],"collection":[{"href":"https:\/\/akunq.net\/tr\/index.php?rest_route=\/wp\/v2\/posts"}],"about":[{"href":"https:\/\/akunq.net\/tr\/index.php?rest_route=\/wp\/v2\/types\/post"}],"author":[{"embeddable":true,"href":"https:\/\/akunq.net\/tr\/index.php?rest_route=\/wp\/v2\/users\/7"}],"replies":[{"embeddable":true,"href":"https:\/\/akunq.net\/tr\/index.php?rest_route=%2Fwp%2Fv2%2Fcomments&post=64700"}],"version-history":[{"count":1,"href":"https:\/\/akunq.net\/tr\/index.php?rest_route=\/wp\/v2\/posts\/64700\/revisions"}],"predecessor-version":[{"id":64702,"href":"https:\/\/akunq.net\/tr\/index.php?rest_route=\/wp\/v2\/posts\/64700\/revisions\/64702"}],"wp:featuredmedia":[{"embeddable":true,"href":"https:\/\/akunq.net\/tr\/index.php?rest_route=\/wp\/v2\/media\/64701"}],"wp:attachment":[{"href":"https:\/\/akunq.net\/tr\/index.php?rest_route=%2Fwp%2Fv2%2Fmedia&parent=64700"}],"wp:term":[{"taxonomy":"category","embeddable":true,"href":"https:\/\/akunq.net\/tr\/index.php?rest_route=%2Fwp%2Fv2%2Fcategories&post=64700"},{"taxonomy":"post_tag","embeddable":true,"href":"https:\/\/akunq.net\/tr\/index.php?rest_route=%2Fwp%2Fv2%2Ftags&post=64700"}],"curies":[{"name":"wp","href":"https:\/\/api.w.org\/{rel}","templated":true}]}}