{"id":64697,"date":"2021-09-14T01:30:40","date_gmt":"2021-09-14T06:30:40","guid":{"rendered":"https:\/\/akunq.net\/tr\/?p=64697"},"modified":"2021-09-14T01:30:40","modified_gmt":"2021-09-14T06:30:40","slug":"uluslararasi-hrant-dink-odulleri-icin-15-eylulde-ekran-basina","status":"publish","type":"post","link":"https:\/\/akunq.net\/tr\/?p=64697","title":{"rendered":"Uluslararas\u0131 Hrant Dink \u00d6d\u00fclleri i\u00e7in 15 Eyl\u00fcl&#8217;de ekran ba\u015f\u0131na"},"content":{"rendered":"<p><img loading=\"lazy\" decoding=\"async\" class=\"aligncenter size-medium wp-image-64698\" src=\"https:\/\/akunq.net\/tr\/wp-content\/uploads\/2021\/09\/Hrant-Dink-1-360x172.jpg\" alt=\"\" width=\"360\" height=\"172\" srcset=\"https:\/\/akunq.net\/tr\/wp-content\/uploads\/sites\/6\/2021\/09\/Hrant-Dink-1-360x172.jpg 360w, https:\/\/akunq.net\/tr\/wp-content\/uploads\/sites\/6\/2021\/09\/Hrant-Dink-1-560x268.jpg 560w, https:\/\/akunq.net\/tr\/wp-content\/uploads\/sites\/6\/2021\/09\/Hrant-Dink-1-260x124.jpg 260w, https:\/\/akunq.net\/tr\/wp-content\/uploads\/sites\/6\/2021\/09\/Hrant-Dink-1-160x77.jpg 160w, https:\/\/akunq.net\/tr\/wp-content\/uploads\/sites\/6\/2021\/09\/Hrant-Dink-1.jpg 702w\" sizes=\"auto, (max-width: 360px) 100vw, 360px\" \/><\/p>\n<p><em><strong>2021 Uluslararas\u0131 Hrant Dink \u00d6d\u00fclleri 15 Eyl\u00fcl \u00c7ar\u015famba g\u00fcn\u00fc saat 20.00&#8217;de \u00e7evrimi\u00e7i yap\u0131lacak t\u00f6renle sahiplerini buluyor.<\/strong><\/em><\/p>\n<p>T\u00f6rende, Pervin Chakar, Ezhel, Vahagn Hayrapetyan, Gohar Hovhannisyan, Kamarama, Nazan \u00d6ncel, Ayta S\u00f6zeri, Ertan Tekin, Arto Tun\u00e7boyac\u0131yan, Tmbata Kharberd \u00d6zel Gereksinimli \u00c7ocuklar Evi Etnik M\u00fczik Grubu Tsakhruk, Yerevan Saxophone Quartet, Wood Winds Project yer al\u0131yor.<\/p>\n<p>2021 y\u0131l\u0131nda insan haklar\u0131 alan\u0131nda yap\u0131lan \u00e7al\u0131\u015fmalara \u0131\u015f\u0131k tutacak konu\u015fmalar\u0131n yer alaca\u011f\u0131, uluslararas\u0131 bir j\u00fcri taraf\u0131ndan belirlenen T\u00fcrkiye ve T\u00fcrkiye d\u0131\u015f\u0131ndan \u00f6d\u00fcl sahiplerinin a\u00e7\u0131klanaca\u011f\u0131 \u00f6d\u00fcl t\u00f6reni, 15 Eyl\u00fcl 2021, \u00c7ar\u015famba ak\u015fam\u0131 saat 20:00\u2019de ba\u015flayacak. Uluslararas\u0131 Hrant Dink \u00d6d\u00fcl\u00fc her y\u0131l oldu\u011fu gibi, bu y\u0131l da Hrant Dink\u2019in do\u011fum g\u00fcn\u00fc olan 15 Eyl\u00fcl\u2019de on \u00fc\u00e7\u00fcnc\u00fc kez verilecek. \u00c7evrimi\u00e7i yap\u0131lacak t\u00f6ren, Hrant Dink Vakf\u0131\u2019n\u0131n sosyal medya hesaplar\u0131nda (<a href=\"https:\/\/youtu.be\/s1EGphfgssY\">YouTube<\/a>, Facebook, Twitter, Instagram) yay\u0131nlanacak.<\/p>\n<p>\u00d6d\u00fcl her y\u0131l, ayr\u0131mc\u0131l\u0131ktan, \u0131rk\u00e7\u0131l\u0131ktan, \u015fiddetten ar\u0131nm\u0131\u015f, daha \u00f6zg\u00fcr ve adil bir d\u00fcnya i\u00e7in \u00e7al\u0131\u015fan, bu idealler u\u011fruna bireysel risk alan, ezber bozan, bar\u0131\u015f\u0131n dilini kullanan ve bunlar\u0131 yaparken de insanlara m\u00fccadeleye devam etme yolunda ilham ve umut veren; T\u00fcrkiye ve T\u00fcrkiye d\u0131\u015f\u0131ndan olmak \u00fczere iki ki\u015fi, kurum ya da organizasyona\u00a0<a href=\"https:\/\/youtu.be\/Xsx53avWTM8\" target=\"_blank\" rel=\"noopener noreferrer\">veriliyor<\/a>.<\/p>\n<p>Ayn\u0131 zamanda, T\u00fcrkiye\u2019de ve d\u00fcnyan\u0131n d\u00f6rt bir yan\u0131nda y\u0131l boyunca, yapt\u0131klar\u0131yla insan haklar\u0131, cinsiyet\u00e7ilik kar\u015f\u0131 m\u00fccadele, \u0131rk\u00e7\u0131l\u0131k kar\u015f\u0131t\u0131 m\u00fccadele, iklim krizi gibi pek \u00e7ok konuda insana, insanl\u0131\u011fa \u2018\u0131\u015f\u0131k\u2019 tutan ki\u015fi ve kurumlar 2021 y\u0131l\u0131n\u0131n \u2018I\u015f\u0131klar\u2019\u0131 olarak tan\u0131t\u0131lacak.<\/p>\n<p>\u00d6d\u00fcl sahiplerinin konu\u015fmalar\u0131n\u0131n yan\u0131 s\u0131ra \u00f6d\u00fcl t\u00f6reninde izleyicileri m\u00fczik performanslar\u0131 da bekliyor. Ezhel gecede ilk defa yay\u0131nlanacak &#8216;Mayrig&#8217; [Anne] \u015fark\u0131s\u0131n\u0131 seslendirecek, Pervin Chakar, Ertan Tekin, Ayta S\u00f6zeri bu geceye \u00f6zg\u00fcn m\u00fczik performanslar\u0131n\u0131 icra edecek, kad\u0131nlar\u0131n ya\u015fad\u0131klar\u0131 adaletsizliklere ses veren Iraz Ak\u00e7am, Ay\u00e7a Bildik, Banu Fotocan, Song\u00fcl \u00d6den, G\u00fcl\u00e7in K\u00fclt\u00fcr \u015eahin, Zeynep \u015eeng\u00f6z, Nesrin U\u00e7arlar\u00a0 Nazan \u00d6ncel \u015fark\u0131lar\u0131na hayat verecek ve Arto Tun\u00e7boyac\u0131yan #Yak\u0131nKom\u015fuErmenistan&#8217;dan her ya\u015ftan m\u00fczisyenlerle bir m\u00fczik \u015f\u00f6lenine imza atacak.<\/p>\n<p>Defne Kayalar&#8217;\u0131n T\u00fcrk\u00e7e; Esra Dermanc\u0131o\u011flu&#8217;nun \u0130ngilizce sunuculu\u011funu \u00fcstlenecekleri, Mahir G\u00fcn\u015firay\u2019\u0131n sesiyle destek verdi\u011fi \u00f6d\u00fcl t\u00f6reni, bu sene de 23,5 Hrant Dink Haf\u0131za Mek\u00e2n\u0131\u2019ndan sunulacak.<\/p>\n<p>Bu y\u0131lki j\u00fcri \u00fcyeleri \u015fu isimlerden olu\u015fuyor: Emin Alper, Rakel Dink, Tan\u0131l Bora, Mozn Hassan, \u015eafak Pavey, Osman Kavala, F\u00fcsun \u00dcstel, Robert Guediguian, Moly Melching, Viviana Krsticevic.<\/p>\n<p><em>Geceye dair t\u00fcm detaylar, vakf\u0131n ve \u00f6d\u00fcl\u00fcn Facebook ve Twitter hesaplar\u0131nda, #HrantDink\u00d6d\u00fcl\u00fc, #Umudu\u00c7o\u011falt, #Dayan\u0131\u015fmaG\u00fc\u00e7lendirir; #HrantDinkAward, #BuildHope, #StrongerTogether; #\u0540\u0580\u0561\u0576\u0564\u054f\u056b\u0576\u0584\u0544\u0580\u0581\u0561\u0576\u0561\u056f, #\u0562\u0561\u0566\u0574\u0561\u057a\u0561\u057f\u056f\u0567\u0575\u0578\u0575\u057d\u0568, #\u0566\u0585\u0580\u0561\u056f\u0581\u0578\u0582\u0569\u056b\u0582\u0576\u0568\u0578\u0582\u056a\u0567 hashtag\u2019leriyle yer alacak.<\/em><\/p>\n<p><em><strong>http:\/\/www.agos.com.tr\/tr\/yazi\/26158\/uluslararasi-hrant-dink-odulleri-icin-15-eylul-de-ekran-basina\u00a0<\/strong><\/em><\/p>\n","protected":false},"excerpt":{"rendered":"<p>2021 Uluslararas\u0131 Hrant Dink \u00d6d\u00fclleri 15 Eyl\u00fcl \u00c7ar\u015famba g\u00fcn\u00fc saat 20.00&#8217;de \u00e7evrimi\u00e7i yap\u0131lacak t\u00f6renle sahiplerini buluyor. T\u00f6rende, Pervin Chakar, Ezhel, Vahagn Hayrapetyan, Gohar Hovhannisyan, Kamarama, Nazan \u00d6ncel, Ayta S\u00f6zeri, Ertan Tekin, Arto Tun\u00e7boyac\u0131yan, Tmbata Kharberd \u00d6zel Gereksinimli \u00c7ocuklar Evi Etnik M\u00fczik Grubu Tsakhruk, Yerevan Saxophone Quartet, Wood Winds Project yer al\u0131yor. 2021 y\u0131l\u0131nda insan haklar\u0131 [&hellip;]<\/p>\n","protected":false},"author":7,"featured_media":64698,"comment_status":"open","ping_status":"open","sticky":false,"template":"","format":"standard","meta":{"footnotes":""},"categories":[1],"tags":[],"class_list":["post-64697","post","type-post","status-publish","format-standard","has-post-thumbnail","hentry","category-haberler"],"yoast_head":"<!-- This site is optimized with the Yoast SEO plugin v27.4 - https:\/\/yoast.com\/product\/yoast-seo-wordpress\/ -->\n<title>Uluslararas\u0131 Hrant Dink \u00d6d\u00fclleri i\u00e7in 15 Eyl\u00fcl&#039;de ekran ba\u015f\u0131na - Bati Ermenistan Ve Bati Ermenileri Sorunlari Ara\u015ftirmalar Merkezi<\/title>\n<meta name=\"robots\" content=\"index, follow, max-snippet:-1, max-image-preview:large, max-video-preview:-1\" \/>\n<link rel=\"canonical\" href=\"https:\/\/akunq.net\/tr\/?p=64697\" \/>\n<meta property=\"og:locale\" content=\"en_US\" \/>\n<meta property=\"og:type\" content=\"article\" \/>\n<meta property=\"og:title\" content=\"Uluslararas\u0131 Hrant Dink \u00d6d\u00fclleri i\u00e7in 15 Eyl\u00fcl&#039;de ekran ba\u015f\u0131na - Bati Ermenistan Ve Bati Ermenileri Sorunlari Ara\u015ftirmalar Merkezi\" \/>\n<meta property=\"og:description\" content=\"2021 Uluslararas\u0131 Hrant Dink \u00d6d\u00fclleri 15 Eyl\u00fcl \u00c7ar\u015famba g\u00fcn\u00fc saat 20.00&#8217;de \u00e7evrimi\u00e7i yap\u0131lacak t\u00f6renle sahiplerini buluyor. T\u00f6rende, Pervin Chakar, Ezhel, Vahagn Hayrapetyan, Gohar Hovhannisyan, Kamarama, Nazan \u00d6ncel, Ayta S\u00f6zeri, Ertan Tekin, Arto Tun\u00e7boyac\u0131yan, Tmbata Kharberd \u00d6zel Gereksinimli \u00c7ocuklar Evi Etnik M\u00fczik Grubu Tsakhruk, Yerevan Saxophone Quartet, Wood Winds Project yer al\u0131yor. 2021 y\u0131l\u0131nda insan haklar\u0131 [&hellip;]\" \/>\n<meta property=\"og:url\" content=\"https:\/\/akunq.net\/tr\/?p=64697\" \/>\n<meta property=\"og:site_name\" content=\"Bati Ermenistan Ve Bati Ermenileri Sorunlari Ara\u015ftirmalar Merkezi\" \/>\n<meta property=\"article:published_time\" content=\"2021-09-14T06:30:40+00:00\" \/>\n<meta property=\"og:image\" content=\"https:\/\/akunq.net\/tr\/wp-content\/uploads\/sites\/6\/2021\/09\/Hrant-Dink-1.jpg\" \/>\n\t<meta property=\"og:image:width\" content=\"702\" \/>\n\t<meta property=\"og:image:height\" content=\"336\" \/>\n\t<meta property=\"og:image:type\" content=\"image\/jpeg\" \/>\n<meta name=\"author\" content=\"admin\" \/>\n<meta name=\"twitter:card\" content=\"summary_large_image\" \/>\n<meta name=\"twitter:label1\" content=\"Written by\" \/>\n\t<meta name=\"twitter:data1\" content=\"admin\" \/>\n\t<meta name=\"twitter:label2\" content=\"Est. reading time\" \/>\n\t<meta name=\"twitter:data2\" content=\"3 minutes\" \/>\n<script type=\"application\/ld+json\" class=\"yoast-schema-graph\">{\"@context\":\"https:\\\/\\\/schema.org\",\"@graph\":[{\"@type\":\"Article\",\"@id\":\"https:\\\/\\\/akunq.net\\\/tr\\\/?p=64697#article\",\"isPartOf\":{\"@id\":\"https:\\\/\\\/akunq.net\\\/tr\\\/?p=64697\"},\"author\":{\"name\":\"admin\",\"@id\":\"https:\\\/\\\/akunq.net\\\/tr\\\/#\\\/schema\\\/person\\\/096f1d38a12cce57fb855b485ed24c9e\"},\"headline\":\"Uluslararas\u0131 Hrant Dink \u00d6d\u00fclleri i\u00e7in 15 Eyl\u00fcl&#8217;de ekran ba\u015f\u0131na\",\"datePublished\":\"2021-09-14T06:30:40+00:00\",\"mainEntityOfPage\":{\"@id\":\"https:\\\/\\\/akunq.net\\\/tr\\\/?p=64697\"},\"wordCount\":525,\"commentCount\":0,\"image\":{\"@id\":\"https:\\\/\\\/akunq.net\\\/tr\\\/?p=64697#primaryimage\"},\"thumbnailUrl\":\"https:\\\/\\\/akunq.net\\\/tr\\\/wp-content\\\/uploads\\\/sites\\\/6\\\/2021\\\/09\\\/Hrant-Dink-1.jpg\",\"articleSection\":[\"Haberler\"],\"inLanguage\":\"en-US\",\"potentialAction\":[{\"@type\":\"CommentAction\",\"name\":\"Comment\",\"target\":[\"https:\\\/\\\/akunq.net\\\/tr\\\/?p=64697#respond\"]}]},{\"@type\":\"WebPage\",\"@id\":\"https:\\\/\\\/akunq.net\\\/tr\\\/?p=64697\",\"url\":\"https:\\\/\\\/akunq.net\\\/tr\\\/?p=64697\",\"name\":\"Uluslararas\u0131 Hrant Dink \u00d6d\u00fclleri i\u00e7in 15 Eyl\u00fcl'de ekran ba\u015f\u0131na - Bati Ermenistan Ve Bati Ermenileri Sorunlari Ara\u015ftirmalar Merkezi\",\"isPartOf\":{\"@id\":\"https:\\\/\\\/akunq.net\\\/tr\\\/#website\"},\"primaryImageOfPage\":{\"@id\":\"https:\\\/\\\/akunq.net\\\/tr\\\/?p=64697#primaryimage\"},\"image\":{\"@id\":\"https:\\\/\\\/akunq.net\\\/tr\\\/?p=64697#primaryimage\"},\"thumbnailUrl\":\"https:\\\/\\\/akunq.net\\\/tr\\\/wp-content\\\/uploads\\\/sites\\\/6\\\/2021\\\/09\\\/Hrant-Dink-1.jpg\",\"datePublished\":\"2021-09-14T06:30:40+00:00\",\"author\":{\"@id\":\"https:\\\/\\\/akunq.net\\\/tr\\\/#\\\/schema\\\/person\\\/096f1d38a12cce57fb855b485ed24c9e\"},\"breadcrumb\":{\"@id\":\"https:\\\/\\\/akunq.net\\\/tr\\\/?p=64697#breadcrumb\"},\"inLanguage\":\"en-US\",\"potentialAction\":[{\"@type\":\"ReadAction\",\"target\":[\"https:\\\/\\\/akunq.net\\\/tr\\\/?p=64697\"]}]},{\"@type\":\"ImageObject\",\"inLanguage\":\"en-US\",\"@id\":\"https:\\\/\\\/akunq.net\\\/tr\\\/?p=64697#primaryimage\",\"url\":\"https:\\\/\\\/akunq.net\\\/tr\\\/wp-content\\\/uploads\\\/sites\\\/6\\\/2021\\\/09\\\/Hrant-Dink-1.jpg\",\"contentUrl\":\"https:\\\/\\\/akunq.net\\\/tr\\\/wp-content\\\/uploads\\\/sites\\\/6\\\/2021\\\/09\\\/Hrant-Dink-1.jpg\",\"width\":702,\"height\":336},{\"@type\":\"BreadcrumbList\",\"@id\":\"https:\\\/\\\/akunq.net\\\/tr\\\/?p=64697#breadcrumb\",\"itemListElement\":[{\"@type\":\"ListItem\",\"position\":1,\"name\":\"Home\",\"item\":\"https:\\\/\\\/akunq.net\\\/tr\"},{\"@type\":\"ListItem\",\"position\":2,\"name\":\"Uluslararas\u0131 Hrant Dink \u00d6d\u00fclleri i\u00e7in 15 Eyl\u00fcl&#8217;de ekran ba\u015f\u0131na\"}]},{\"@type\":\"WebSite\",\"@id\":\"https:\\\/\\\/akunq.net\\\/tr\\\/#website\",\"url\":\"https:\\\/\\\/akunq.net\\\/tr\\\/\",\"name\":\"Bati Ermenistan Ve Bati Ermenileri Sorunlari Ara\u015ftirmalar Merkezi\",\"description\":\"\",\"potentialAction\":[{\"@type\":\"SearchAction\",\"target\":{\"@type\":\"EntryPoint\",\"urlTemplate\":\"https:\\\/\\\/akunq.net\\\/tr\\\/?s={search_term_string}\"},\"query-input\":{\"@type\":\"PropertyValueSpecification\",\"valueRequired\":true,\"valueName\":\"search_term_string\"}}],\"inLanguage\":\"en-US\"},{\"@type\":\"Person\",\"@id\":\"https:\\\/\\\/akunq.net\\\/tr\\\/#\\\/schema\\\/person\\\/096f1d38a12cce57fb855b485ed24c9e\",\"name\":\"admin\",\"url\":\"https:\\\/\\\/akunq.net\\\/tr\\\/?author=7\"}]}<\/script>\n<!-- \/ Yoast SEO plugin. -->","yoast_head_json":{"title":"Uluslararas\u0131 Hrant Dink \u00d6d\u00fclleri i\u00e7in 15 Eyl\u00fcl'de ekran ba\u015f\u0131na - Bati Ermenistan Ve Bati Ermenileri Sorunlari Ara\u015ftirmalar Merkezi","robots":{"index":"index","follow":"follow","max-snippet":"max-snippet:-1","max-image-preview":"max-image-preview:large","max-video-preview":"max-video-preview:-1"},"canonical":"https:\/\/akunq.net\/tr\/?p=64697","og_locale":"en_US","og_type":"article","og_title":"Uluslararas\u0131 Hrant Dink \u00d6d\u00fclleri i\u00e7in 15 Eyl\u00fcl'de ekran ba\u015f\u0131na - Bati Ermenistan Ve Bati Ermenileri Sorunlari Ara\u015ftirmalar Merkezi","og_description":"2021 Uluslararas\u0131 Hrant Dink \u00d6d\u00fclleri 15 Eyl\u00fcl \u00c7ar\u015famba g\u00fcn\u00fc saat 20.00&#8217;de \u00e7evrimi\u00e7i yap\u0131lacak t\u00f6renle sahiplerini buluyor. T\u00f6rende, Pervin Chakar, Ezhel, Vahagn Hayrapetyan, Gohar Hovhannisyan, Kamarama, Nazan \u00d6ncel, Ayta S\u00f6zeri, Ertan Tekin, Arto Tun\u00e7boyac\u0131yan, Tmbata Kharberd \u00d6zel Gereksinimli \u00c7ocuklar Evi Etnik M\u00fczik Grubu Tsakhruk, Yerevan Saxophone Quartet, Wood Winds Project yer al\u0131yor. 2021 y\u0131l\u0131nda insan haklar\u0131 [&hellip;]","og_url":"https:\/\/akunq.net\/tr\/?p=64697","og_site_name":"Bati Ermenistan Ve Bati Ermenileri Sorunlari Ara\u015ftirmalar Merkezi","article_published_time":"2021-09-14T06:30:40+00:00","og_image":[{"width":702,"height":336,"url":"https:\/\/akunq.net\/tr\/wp-content\/uploads\/sites\/6\/2021\/09\/Hrant-Dink-1.jpg","type":"image\/jpeg"}],"author":"admin","twitter_card":"summary_large_image","twitter_misc":{"Written by":"admin","Est. reading time":"3 minutes"},"schema":{"@context":"https:\/\/schema.org","@graph":[{"@type":"Article","@id":"https:\/\/akunq.net\/tr\/?p=64697#article","isPartOf":{"@id":"https:\/\/akunq.net\/tr\/?p=64697"},"author":{"name":"admin","@id":"https:\/\/akunq.net\/tr\/#\/schema\/person\/096f1d38a12cce57fb855b485ed24c9e"},"headline":"Uluslararas\u0131 Hrant Dink \u00d6d\u00fclleri i\u00e7in 15 Eyl\u00fcl&#8217;de ekran ba\u015f\u0131na","datePublished":"2021-09-14T06:30:40+00:00","mainEntityOfPage":{"@id":"https:\/\/akunq.net\/tr\/?p=64697"},"wordCount":525,"commentCount":0,"image":{"@id":"https:\/\/akunq.net\/tr\/?p=64697#primaryimage"},"thumbnailUrl":"https:\/\/akunq.net\/tr\/wp-content\/uploads\/sites\/6\/2021\/09\/Hrant-Dink-1.jpg","articleSection":["Haberler"],"inLanguage":"en-US","potentialAction":[{"@type":"CommentAction","name":"Comment","target":["https:\/\/akunq.net\/tr\/?p=64697#respond"]}]},{"@type":"WebPage","@id":"https:\/\/akunq.net\/tr\/?p=64697","url":"https:\/\/akunq.net\/tr\/?p=64697","name":"Uluslararas\u0131 Hrant Dink \u00d6d\u00fclleri i\u00e7in 15 Eyl\u00fcl'de ekran ba\u015f\u0131na - Bati Ermenistan Ve Bati Ermenileri Sorunlari Ara\u015ftirmalar Merkezi","isPartOf":{"@id":"https:\/\/akunq.net\/tr\/#website"},"primaryImageOfPage":{"@id":"https:\/\/akunq.net\/tr\/?p=64697#primaryimage"},"image":{"@id":"https:\/\/akunq.net\/tr\/?p=64697#primaryimage"},"thumbnailUrl":"https:\/\/akunq.net\/tr\/wp-content\/uploads\/sites\/6\/2021\/09\/Hrant-Dink-1.jpg","datePublished":"2021-09-14T06:30:40+00:00","author":{"@id":"https:\/\/akunq.net\/tr\/#\/schema\/person\/096f1d38a12cce57fb855b485ed24c9e"},"breadcrumb":{"@id":"https:\/\/akunq.net\/tr\/?p=64697#breadcrumb"},"inLanguage":"en-US","potentialAction":[{"@type":"ReadAction","target":["https:\/\/akunq.net\/tr\/?p=64697"]}]},{"@type":"ImageObject","inLanguage":"en-US","@id":"https:\/\/akunq.net\/tr\/?p=64697#primaryimage","url":"https:\/\/akunq.net\/tr\/wp-content\/uploads\/sites\/6\/2021\/09\/Hrant-Dink-1.jpg","contentUrl":"https:\/\/akunq.net\/tr\/wp-content\/uploads\/sites\/6\/2021\/09\/Hrant-Dink-1.jpg","width":702,"height":336},{"@type":"BreadcrumbList","@id":"https:\/\/akunq.net\/tr\/?p=64697#breadcrumb","itemListElement":[{"@type":"ListItem","position":1,"name":"Home","item":"https:\/\/akunq.net\/tr"},{"@type":"ListItem","position":2,"name":"Uluslararas\u0131 Hrant Dink \u00d6d\u00fclleri i\u00e7in 15 Eyl\u00fcl&#8217;de ekran ba\u015f\u0131na"}]},{"@type":"WebSite","@id":"https:\/\/akunq.net\/tr\/#website","url":"https:\/\/akunq.net\/tr\/","name":"Bati Ermenistan Ve Bati Ermenileri Sorunlari Ara\u015ftirmalar Merkezi","description":"","potentialAction":[{"@type":"SearchAction","target":{"@type":"EntryPoint","urlTemplate":"https:\/\/akunq.net\/tr\/?s={search_term_string}"},"query-input":{"@type":"PropertyValueSpecification","valueRequired":true,"valueName":"search_term_string"}}],"inLanguage":"en-US"},{"@type":"Person","@id":"https:\/\/akunq.net\/tr\/#\/schema\/person\/096f1d38a12cce57fb855b485ed24c9e","name":"admin","url":"https:\/\/akunq.net\/tr\/?author=7"}]}},"_links":{"self":[{"href":"https:\/\/akunq.net\/tr\/index.php?rest_route=\/wp\/v2\/posts\/64697","targetHints":{"allow":["GET"]}}],"collection":[{"href":"https:\/\/akunq.net\/tr\/index.php?rest_route=\/wp\/v2\/posts"}],"about":[{"href":"https:\/\/akunq.net\/tr\/index.php?rest_route=\/wp\/v2\/types\/post"}],"author":[{"embeddable":true,"href":"https:\/\/akunq.net\/tr\/index.php?rest_route=\/wp\/v2\/users\/7"}],"replies":[{"embeddable":true,"href":"https:\/\/akunq.net\/tr\/index.php?rest_route=%2Fwp%2Fv2%2Fcomments&post=64697"}],"version-history":[{"count":1,"href":"https:\/\/akunq.net\/tr\/index.php?rest_route=\/wp\/v2\/posts\/64697\/revisions"}],"predecessor-version":[{"id":64699,"href":"https:\/\/akunq.net\/tr\/index.php?rest_route=\/wp\/v2\/posts\/64697\/revisions\/64699"}],"wp:featuredmedia":[{"embeddable":true,"href":"https:\/\/akunq.net\/tr\/index.php?rest_route=\/wp\/v2\/media\/64698"}],"wp:attachment":[{"href":"https:\/\/akunq.net\/tr\/index.php?rest_route=%2Fwp%2Fv2%2Fmedia&parent=64697"}],"wp:term":[{"taxonomy":"category","embeddable":true,"href":"https:\/\/akunq.net\/tr\/index.php?rest_route=%2Fwp%2Fv2%2Fcategories&post=64697"},{"taxonomy":"post_tag","embeddable":true,"href":"https:\/\/akunq.net\/tr\/index.php?rest_route=%2Fwp%2Fv2%2Ftags&post=64697"}],"curies":[{"name":"wp","href":"https:\/\/api.w.org\/{rel}","templated":true}]}}