{"id":64687,"date":"2021-09-13T05:06:35","date_gmt":"2021-09-13T10:06:35","guid":{"rendered":"https:\/\/akunq.net\/tr\/?p=64687"},"modified":"2021-09-13T05:06:35","modified_gmt":"2021-09-13T10:06:35","slug":"ermenistan-cumhuriyetinin-30-yildonumune-ithafen-hatira-parasi-basildi","status":"publish","type":"post","link":"https:\/\/akunq.net\/tr\/?p=64687","title":{"rendered":"Ermenistan Cumhuriyeti&#8217;nin 30. y\u0131ld\u00f6n\u00fcm\u00fcne ithafen hat\u0131ra paras\u0131 bas\u0131ld\u0131"},"content":{"rendered":"<p><img loading=\"lazy\" decoding=\"async\" class=\"aligncenter size-medium wp-image-64688\" src=\"https:\/\/akunq.net\/tr\/wp-content\/uploads\/2021\/09\/Ermenistan-Cumhuriyetinin-30.-y\u0131ld\u00f6n\u00fcm\u00fcne-ithafen-hat\u0131ra-paras\u0131-360x210.jpg\" alt=\"\" width=\"360\" height=\"210\" srcset=\"https:\/\/akunq.net\/tr\/wp-content\/uploads\/sites\/6\/2021\/09\/Ermenistan-Cumhuriyetinin-30.-y\u0131ld\u00f6n\u00fcm\u00fcne-ithafen-hat\u0131ra-paras\u0131-360x210.jpg 360w, https:\/\/akunq.net\/tr\/wp-content\/uploads\/sites\/6\/2021\/09\/Ermenistan-Cumhuriyetinin-30.-y\u0131ld\u00f6n\u00fcm\u00fcne-ithafen-hat\u0131ra-paras\u0131-768x447.jpg 768w, https:\/\/akunq.net\/tr\/wp-content\/uploads\/sites\/6\/2021\/09\/Ermenistan-Cumhuriyetinin-30.-y\u0131ld\u00f6n\u00fcm\u00fcne-ithafen-hat\u0131ra-paras\u0131-560x326.jpg 560w, https:\/\/akunq.net\/tr\/wp-content\/uploads\/sites\/6\/2021\/09\/Ermenistan-Cumhuriyetinin-30.-y\u0131ld\u00f6n\u00fcm\u00fcne-ithafen-hat\u0131ra-paras\u0131-260x151.jpg 260w, https:\/\/akunq.net\/tr\/wp-content\/uploads\/sites\/6\/2021\/09\/Ermenistan-Cumhuriyetinin-30.-y\u0131ld\u00f6n\u00fcm\u00fcne-ithafen-hat\u0131ra-paras\u0131-160x93.jpg 160w, https:\/\/akunq.net\/tr\/wp-content\/uploads\/sites\/6\/2021\/09\/Ermenistan-Cumhuriyetinin-30.-y\u0131ld\u00f6n\u00fcm\u00fcne-ithafen-hat\u0131ra-paras\u0131.jpg 1030w\" sizes=\"auto, (max-width: 360px) 100vw, 360px\" \/><\/p>\n<p><em><strong>Ermenistan Cumhuriyeti&#8217;nin 30. y\u0131ld\u00f6n\u00fcm\u00fcne ithafen 5000 dram de\u011ferinde hat\u0131ra paras\u0131 bas\u0131ld\u0131. 168,1 graml\u0131k hat\u0131ra paras\u0131 925 ayar g\u00fcm\u00fc\u015ften yap\u0131lm\u0131\u015ft\u0131r.<\/strong><\/em><\/p>\n<p>Hat\u0131ra paras\u0131n\u0131n \u00f6n y\u00fcz\u00fcnde sonsuzluk i\u015faretinin arka plan\u0131nda Ermenistan\u2019\u0131n amblemi, arka y\u00fcz\u00fcnde ise &#8220;30. y\u0131l d\u00f6n\u00fcm\u00fc&#8221; yaz\u0131s\u0131, bezeme ve Ermenistan\u2019\u0131n \u00fc\u00e7 renkli bayra\u011f\u0131 yar almaktad\u0131r.<\/p>\n<p>Eskizler Harutyun Samuelyan (\u00f6n y\u00fcz\u00fc) ve Vardan Vardanyan\u2019a (arka y\u00fcz\u00fc) aittir. 300 adet bas\u0131lan g\u00fcm\u00fc\u015f paralar\u0131n \u00e7ap\u0131 63,0 mm\u2019dir.<\/p>\n<p>Ermenistan Merkezi Bankas\u0131\u2019ndan yap\u0131lan a\u00e7\u0131klamada, \u201c21 Eyl\u00fcl 1991\u2019den itibaren Ermenistan tarihinde \u00dc\u00e7\u00fcnc\u00fc Cumhuriyet d\u00f6nemi ba\u015flad\u0131. Devletin sembolleri (Ermenistan\u2019\u0131n bayra\u011f\u0131, amblemi ve mar\u015f\u0131- tan\u0131mland\u0131. Devlet \u00f6d\u00fclleri, ni\u015fanlar, madalyalar) belirlendi. 22 Kas\u0131m 1993 tarihinde Ermenistan Cumhuriyeti&#8217;nin ulusal para birimi olan dram tedav\u00fcle \u00e7\u0131kar\u0131ld\u0131.<\/p>\n<p>Ba\u011f\u0131ms\u0131z demokratik devletin kurulu\u015fu, ulusal bilincin ve geleneklerin korunmas\u0131na, kamu hayat\u0131nda Ermeni Apostolik Kilisesi&#8217;nin rol\u00fcn\u00fcn y\u00fckselmesine katk\u0131da bulundu. Ba\u011f\u0131ms\u0131zl\u0131k d\u00f6neminin en \u00f6nemli ba\u015far\u0131lar\u0131ndan biri ise Ermeni devletinin savunucusu olan milli ordunun kurulmas\u0131d\u0131r.\u201d ifadelerine yer verildi.<\/p>\n<p><em><strong>https:\/\/www.ermenihaber.am\/tr\/news\/2021\/09\/13\/Ermenistan-Cumhuriyeti\/215238\u00a0<\/strong><\/em><\/p>\n","protected":false},"excerpt":{"rendered":"<p>Ermenistan Cumhuriyeti&#8217;nin 30. y\u0131ld\u00f6n\u00fcm\u00fcne ithafen 5000 dram de\u011ferinde hat\u0131ra paras\u0131 bas\u0131ld\u0131. 168,1 graml\u0131k hat\u0131ra paras\u0131 925 ayar g\u00fcm\u00fc\u015ften yap\u0131lm\u0131\u015ft\u0131r. Hat\u0131ra paras\u0131n\u0131n \u00f6n y\u00fcz\u00fcnde sonsuzluk i\u015faretinin arka plan\u0131nda Ermenistan\u2019\u0131n amblemi, arka y\u00fcz\u00fcnde ise &#8220;30. y\u0131l d\u00f6n\u00fcm\u00fc&#8221; yaz\u0131s\u0131, bezeme ve Ermenistan\u2019\u0131n \u00fc\u00e7 renkli bayra\u011f\u0131 yar almaktad\u0131r. Eskizler Harutyun Samuelyan (\u00f6n y\u00fcz\u00fc) ve Vardan Vardanyan\u2019a (arka y\u00fcz\u00fc) aittir. [&hellip;]<\/p>\n","protected":false},"author":7,"featured_media":64688,"comment_status":"open","ping_status":"open","sticky":false,"template":"","format":"standard","meta":{"footnotes":""},"categories":[1],"tags":[],"class_list":["post-64687","post","type-post","status-publish","format-standard","has-post-thumbnail","hentry","category-haberler"],"yoast_head":"<!-- This site is optimized with the Yoast SEO plugin v27.4 - https:\/\/yoast.com\/product\/yoast-seo-wordpress\/ -->\n<title>Ermenistan Cumhuriyeti&#039;nin 30. y\u0131ld\u00f6n\u00fcm\u00fcne ithafen hat\u0131ra paras\u0131 bas\u0131ld\u0131 - Bati Ermenistan Ve Bati Ermenileri Sorunlari Ara\u015ftirmalar Merkezi<\/title>\n<meta name=\"robots\" content=\"index, follow, max-snippet:-1, max-image-preview:large, max-video-preview:-1\" \/>\n<link rel=\"canonical\" href=\"https:\/\/akunq.net\/tr\/?p=64687\" \/>\n<meta property=\"og:locale\" content=\"en_US\" \/>\n<meta property=\"og:type\" content=\"article\" \/>\n<meta property=\"og:title\" content=\"Ermenistan Cumhuriyeti&#039;nin 30. y\u0131ld\u00f6n\u00fcm\u00fcne ithafen hat\u0131ra paras\u0131 bas\u0131ld\u0131 - Bati Ermenistan Ve Bati Ermenileri Sorunlari Ara\u015ftirmalar Merkezi\" \/>\n<meta property=\"og:description\" content=\"Ermenistan Cumhuriyeti&#8217;nin 30. y\u0131ld\u00f6n\u00fcm\u00fcne ithafen 5000 dram de\u011ferinde hat\u0131ra paras\u0131 bas\u0131ld\u0131. 168,1 graml\u0131k hat\u0131ra paras\u0131 925 ayar g\u00fcm\u00fc\u015ften yap\u0131lm\u0131\u015ft\u0131r. Hat\u0131ra paras\u0131n\u0131n \u00f6n y\u00fcz\u00fcnde sonsuzluk i\u015faretinin arka plan\u0131nda Ermenistan\u2019\u0131n amblemi, arka y\u00fcz\u00fcnde ise &#8220;30. y\u0131l d\u00f6n\u00fcm\u00fc&#8221; yaz\u0131s\u0131, bezeme ve Ermenistan\u2019\u0131n \u00fc\u00e7 renkli bayra\u011f\u0131 yar almaktad\u0131r. Eskizler Harutyun Samuelyan (\u00f6n y\u00fcz\u00fc) ve Vardan Vardanyan\u2019a (arka y\u00fcz\u00fc) aittir. [&hellip;]\" \/>\n<meta property=\"og:url\" content=\"https:\/\/akunq.net\/tr\/?p=64687\" \/>\n<meta property=\"og:site_name\" content=\"Bati Ermenistan Ve Bati Ermenileri Sorunlari Ara\u015ftirmalar Merkezi\" \/>\n<meta property=\"article:published_time\" content=\"2021-09-13T10:06:35+00:00\" \/>\n<meta property=\"og:image\" content=\"https:\/\/akunq.net\/tr\/wp-content\/uploads\/sites\/6\/2021\/09\/Ermenistan-Cumhuriyetinin-30.-y\u0131ld\u00f6n\u00fcm\u00fcne-ithafen-hat\u0131ra-paras\u0131.jpg\" \/>\n\t<meta property=\"og:image:width\" content=\"1030\" \/>\n\t<meta property=\"og:image:height\" content=\"600\" \/>\n\t<meta property=\"og:image:type\" content=\"image\/jpeg\" \/>\n<meta name=\"author\" content=\"admin\" \/>\n<meta name=\"twitter:card\" content=\"summary_large_image\" \/>\n<meta name=\"twitter:label1\" content=\"Written by\" \/>\n\t<meta name=\"twitter:data1\" content=\"admin\" \/>\n\t<meta name=\"twitter:label2\" content=\"Est. reading time\" \/>\n\t<meta name=\"twitter:data2\" content=\"1 minute\" \/>\n<script type=\"application\/ld+json\" class=\"yoast-schema-graph\">{\"@context\":\"https:\\\/\\\/schema.org\",\"@graph\":[{\"@type\":\"Article\",\"@id\":\"https:\\\/\\\/akunq.net\\\/tr\\\/?p=64687#article\",\"isPartOf\":{\"@id\":\"https:\\\/\\\/akunq.net\\\/tr\\\/?p=64687\"},\"author\":{\"name\":\"admin\",\"@id\":\"https:\\\/\\\/akunq.net\\\/tr\\\/#\\\/schema\\\/person\\\/096f1d38a12cce57fb855b485ed24c9e\"},\"headline\":\"Ermenistan Cumhuriyeti&#8217;nin 30. y\u0131ld\u00f6n\u00fcm\u00fcne ithafen hat\u0131ra paras\u0131 bas\u0131ld\u0131\",\"datePublished\":\"2021-09-13T10:06:35+00:00\",\"mainEntityOfPage\":{\"@id\":\"https:\\\/\\\/akunq.net\\\/tr\\\/?p=64687\"},\"wordCount\":217,\"commentCount\":0,\"image\":{\"@id\":\"https:\\\/\\\/akunq.net\\\/tr\\\/?p=64687#primaryimage\"},\"thumbnailUrl\":\"https:\\\/\\\/akunq.net\\\/tr\\\/wp-content\\\/uploads\\\/sites\\\/6\\\/2021\\\/09\\\/Ermenistan-Cumhuriyetinin-30.-y\u0131ld\u00f6n\u00fcm\u00fcne-ithafen-hat\u0131ra-paras\u0131.jpg\",\"articleSection\":[\"Haberler\"],\"inLanguage\":\"en-US\",\"potentialAction\":[{\"@type\":\"CommentAction\",\"name\":\"Comment\",\"target\":[\"https:\\\/\\\/akunq.net\\\/tr\\\/?p=64687#respond\"]}]},{\"@type\":\"WebPage\",\"@id\":\"https:\\\/\\\/akunq.net\\\/tr\\\/?p=64687\",\"url\":\"https:\\\/\\\/akunq.net\\\/tr\\\/?p=64687\",\"name\":\"Ermenistan Cumhuriyeti'nin 30. y\u0131ld\u00f6n\u00fcm\u00fcne ithafen hat\u0131ra paras\u0131 bas\u0131ld\u0131 - Bati Ermenistan Ve Bati Ermenileri Sorunlari Ara\u015ftirmalar Merkezi\",\"isPartOf\":{\"@id\":\"https:\\\/\\\/akunq.net\\\/tr\\\/#website\"},\"primaryImageOfPage\":{\"@id\":\"https:\\\/\\\/akunq.net\\\/tr\\\/?p=64687#primaryimage\"},\"image\":{\"@id\":\"https:\\\/\\\/akunq.net\\\/tr\\\/?p=64687#primaryimage\"},\"thumbnailUrl\":\"https:\\\/\\\/akunq.net\\\/tr\\\/wp-content\\\/uploads\\\/sites\\\/6\\\/2021\\\/09\\\/Ermenistan-Cumhuriyetinin-30.-y\u0131ld\u00f6n\u00fcm\u00fcne-ithafen-hat\u0131ra-paras\u0131.jpg\",\"datePublished\":\"2021-09-13T10:06:35+00:00\",\"author\":{\"@id\":\"https:\\\/\\\/akunq.net\\\/tr\\\/#\\\/schema\\\/person\\\/096f1d38a12cce57fb855b485ed24c9e\"},\"breadcrumb\":{\"@id\":\"https:\\\/\\\/akunq.net\\\/tr\\\/?p=64687#breadcrumb\"},\"inLanguage\":\"en-US\",\"potentialAction\":[{\"@type\":\"ReadAction\",\"target\":[\"https:\\\/\\\/akunq.net\\\/tr\\\/?p=64687\"]}]},{\"@type\":\"ImageObject\",\"inLanguage\":\"en-US\",\"@id\":\"https:\\\/\\\/akunq.net\\\/tr\\\/?p=64687#primaryimage\",\"url\":\"https:\\\/\\\/akunq.net\\\/tr\\\/wp-content\\\/uploads\\\/sites\\\/6\\\/2021\\\/09\\\/Ermenistan-Cumhuriyetinin-30.-y\u0131ld\u00f6n\u00fcm\u00fcne-ithafen-hat\u0131ra-paras\u0131.jpg\",\"contentUrl\":\"https:\\\/\\\/akunq.net\\\/tr\\\/wp-content\\\/uploads\\\/sites\\\/6\\\/2021\\\/09\\\/Ermenistan-Cumhuriyetinin-30.-y\u0131ld\u00f6n\u00fcm\u00fcne-ithafen-hat\u0131ra-paras\u0131.jpg\",\"width\":1030,\"height\":600},{\"@type\":\"BreadcrumbList\",\"@id\":\"https:\\\/\\\/akunq.net\\\/tr\\\/?p=64687#breadcrumb\",\"itemListElement\":[{\"@type\":\"ListItem\",\"position\":1,\"name\":\"Home\",\"item\":\"https:\\\/\\\/akunq.net\\\/tr\"},{\"@type\":\"ListItem\",\"position\":2,\"name\":\"Ermenistan Cumhuriyeti&#8217;nin 30. y\u0131ld\u00f6n\u00fcm\u00fcne ithafen hat\u0131ra paras\u0131 bas\u0131ld\u0131\"}]},{\"@type\":\"WebSite\",\"@id\":\"https:\\\/\\\/akunq.net\\\/tr\\\/#website\",\"url\":\"https:\\\/\\\/akunq.net\\\/tr\\\/\",\"name\":\"Bati Ermenistan Ve Bati Ermenileri Sorunlari Ara\u015ftirmalar Merkezi\",\"description\":\"\",\"potentialAction\":[{\"@type\":\"SearchAction\",\"target\":{\"@type\":\"EntryPoint\",\"urlTemplate\":\"https:\\\/\\\/akunq.net\\\/tr\\\/?s={search_term_string}\"},\"query-input\":{\"@type\":\"PropertyValueSpecification\",\"valueRequired\":true,\"valueName\":\"search_term_string\"}}],\"inLanguage\":\"en-US\"},{\"@type\":\"Person\",\"@id\":\"https:\\\/\\\/akunq.net\\\/tr\\\/#\\\/schema\\\/person\\\/096f1d38a12cce57fb855b485ed24c9e\",\"name\":\"admin\",\"url\":\"https:\\\/\\\/akunq.net\\\/tr\\\/?author=7\"}]}<\/script>\n<!-- \/ Yoast SEO plugin. -->","yoast_head_json":{"title":"Ermenistan Cumhuriyeti'nin 30. y\u0131ld\u00f6n\u00fcm\u00fcne ithafen hat\u0131ra paras\u0131 bas\u0131ld\u0131 - Bati Ermenistan Ve Bati Ermenileri Sorunlari Ara\u015ftirmalar Merkezi","robots":{"index":"index","follow":"follow","max-snippet":"max-snippet:-1","max-image-preview":"max-image-preview:large","max-video-preview":"max-video-preview:-1"},"canonical":"https:\/\/akunq.net\/tr\/?p=64687","og_locale":"en_US","og_type":"article","og_title":"Ermenistan Cumhuriyeti'nin 30. y\u0131ld\u00f6n\u00fcm\u00fcne ithafen hat\u0131ra paras\u0131 bas\u0131ld\u0131 - Bati Ermenistan Ve Bati Ermenileri Sorunlari Ara\u015ftirmalar Merkezi","og_description":"Ermenistan Cumhuriyeti&#8217;nin 30. y\u0131ld\u00f6n\u00fcm\u00fcne ithafen 5000 dram de\u011ferinde hat\u0131ra paras\u0131 bas\u0131ld\u0131. 168,1 graml\u0131k hat\u0131ra paras\u0131 925 ayar g\u00fcm\u00fc\u015ften yap\u0131lm\u0131\u015ft\u0131r. Hat\u0131ra paras\u0131n\u0131n \u00f6n y\u00fcz\u00fcnde sonsuzluk i\u015faretinin arka plan\u0131nda Ermenistan\u2019\u0131n amblemi, arka y\u00fcz\u00fcnde ise &#8220;30. y\u0131l d\u00f6n\u00fcm\u00fc&#8221; yaz\u0131s\u0131, bezeme ve Ermenistan\u2019\u0131n \u00fc\u00e7 renkli bayra\u011f\u0131 yar almaktad\u0131r. Eskizler Harutyun Samuelyan (\u00f6n y\u00fcz\u00fc) ve Vardan Vardanyan\u2019a (arka y\u00fcz\u00fc) aittir. [&hellip;]","og_url":"https:\/\/akunq.net\/tr\/?p=64687","og_site_name":"Bati Ermenistan Ve Bati Ermenileri Sorunlari Ara\u015ftirmalar Merkezi","article_published_time":"2021-09-13T10:06:35+00:00","og_image":[{"width":1030,"height":600,"url":"https:\/\/akunq.net\/tr\/wp-content\/uploads\/sites\/6\/2021\/09\/Ermenistan-Cumhuriyetinin-30.-y\u0131ld\u00f6n\u00fcm\u00fcne-ithafen-hat\u0131ra-paras\u0131.jpg","type":"image\/jpeg"}],"author":"admin","twitter_card":"summary_large_image","twitter_misc":{"Written by":"admin","Est. reading time":"1 minute"},"schema":{"@context":"https:\/\/schema.org","@graph":[{"@type":"Article","@id":"https:\/\/akunq.net\/tr\/?p=64687#article","isPartOf":{"@id":"https:\/\/akunq.net\/tr\/?p=64687"},"author":{"name":"admin","@id":"https:\/\/akunq.net\/tr\/#\/schema\/person\/096f1d38a12cce57fb855b485ed24c9e"},"headline":"Ermenistan Cumhuriyeti&#8217;nin 30. y\u0131ld\u00f6n\u00fcm\u00fcne ithafen hat\u0131ra paras\u0131 bas\u0131ld\u0131","datePublished":"2021-09-13T10:06:35+00:00","mainEntityOfPage":{"@id":"https:\/\/akunq.net\/tr\/?p=64687"},"wordCount":217,"commentCount":0,"image":{"@id":"https:\/\/akunq.net\/tr\/?p=64687#primaryimage"},"thumbnailUrl":"https:\/\/akunq.net\/tr\/wp-content\/uploads\/sites\/6\/2021\/09\/Ermenistan-Cumhuriyetinin-30.-y\u0131ld\u00f6n\u00fcm\u00fcne-ithafen-hat\u0131ra-paras\u0131.jpg","articleSection":["Haberler"],"inLanguage":"en-US","potentialAction":[{"@type":"CommentAction","name":"Comment","target":["https:\/\/akunq.net\/tr\/?p=64687#respond"]}]},{"@type":"WebPage","@id":"https:\/\/akunq.net\/tr\/?p=64687","url":"https:\/\/akunq.net\/tr\/?p=64687","name":"Ermenistan Cumhuriyeti'nin 30. y\u0131ld\u00f6n\u00fcm\u00fcne ithafen hat\u0131ra paras\u0131 bas\u0131ld\u0131 - Bati Ermenistan Ve Bati Ermenileri Sorunlari Ara\u015ftirmalar Merkezi","isPartOf":{"@id":"https:\/\/akunq.net\/tr\/#website"},"primaryImageOfPage":{"@id":"https:\/\/akunq.net\/tr\/?p=64687#primaryimage"},"image":{"@id":"https:\/\/akunq.net\/tr\/?p=64687#primaryimage"},"thumbnailUrl":"https:\/\/akunq.net\/tr\/wp-content\/uploads\/sites\/6\/2021\/09\/Ermenistan-Cumhuriyetinin-30.-y\u0131ld\u00f6n\u00fcm\u00fcne-ithafen-hat\u0131ra-paras\u0131.jpg","datePublished":"2021-09-13T10:06:35+00:00","author":{"@id":"https:\/\/akunq.net\/tr\/#\/schema\/person\/096f1d38a12cce57fb855b485ed24c9e"},"breadcrumb":{"@id":"https:\/\/akunq.net\/tr\/?p=64687#breadcrumb"},"inLanguage":"en-US","potentialAction":[{"@type":"ReadAction","target":["https:\/\/akunq.net\/tr\/?p=64687"]}]},{"@type":"ImageObject","inLanguage":"en-US","@id":"https:\/\/akunq.net\/tr\/?p=64687#primaryimage","url":"https:\/\/akunq.net\/tr\/wp-content\/uploads\/sites\/6\/2021\/09\/Ermenistan-Cumhuriyetinin-30.-y\u0131ld\u00f6n\u00fcm\u00fcne-ithafen-hat\u0131ra-paras\u0131.jpg","contentUrl":"https:\/\/akunq.net\/tr\/wp-content\/uploads\/sites\/6\/2021\/09\/Ermenistan-Cumhuriyetinin-30.-y\u0131ld\u00f6n\u00fcm\u00fcne-ithafen-hat\u0131ra-paras\u0131.jpg","width":1030,"height":600},{"@type":"BreadcrumbList","@id":"https:\/\/akunq.net\/tr\/?p=64687#breadcrumb","itemListElement":[{"@type":"ListItem","position":1,"name":"Home","item":"https:\/\/akunq.net\/tr"},{"@type":"ListItem","position":2,"name":"Ermenistan Cumhuriyeti&#8217;nin 30. y\u0131ld\u00f6n\u00fcm\u00fcne ithafen hat\u0131ra paras\u0131 bas\u0131ld\u0131"}]},{"@type":"WebSite","@id":"https:\/\/akunq.net\/tr\/#website","url":"https:\/\/akunq.net\/tr\/","name":"Bati Ermenistan Ve Bati Ermenileri Sorunlari Ara\u015ftirmalar Merkezi","description":"","potentialAction":[{"@type":"SearchAction","target":{"@type":"EntryPoint","urlTemplate":"https:\/\/akunq.net\/tr\/?s={search_term_string}"},"query-input":{"@type":"PropertyValueSpecification","valueRequired":true,"valueName":"search_term_string"}}],"inLanguage":"en-US"},{"@type":"Person","@id":"https:\/\/akunq.net\/tr\/#\/schema\/person\/096f1d38a12cce57fb855b485ed24c9e","name":"admin","url":"https:\/\/akunq.net\/tr\/?author=7"}]}},"_links":{"self":[{"href":"https:\/\/akunq.net\/tr\/index.php?rest_route=\/wp\/v2\/posts\/64687","targetHints":{"allow":["GET"]}}],"collection":[{"href":"https:\/\/akunq.net\/tr\/index.php?rest_route=\/wp\/v2\/posts"}],"about":[{"href":"https:\/\/akunq.net\/tr\/index.php?rest_route=\/wp\/v2\/types\/post"}],"author":[{"embeddable":true,"href":"https:\/\/akunq.net\/tr\/index.php?rest_route=\/wp\/v2\/users\/7"}],"replies":[{"embeddable":true,"href":"https:\/\/akunq.net\/tr\/index.php?rest_route=%2Fwp%2Fv2%2Fcomments&post=64687"}],"version-history":[{"count":1,"href":"https:\/\/akunq.net\/tr\/index.php?rest_route=\/wp\/v2\/posts\/64687\/revisions"}],"predecessor-version":[{"id":64689,"href":"https:\/\/akunq.net\/tr\/index.php?rest_route=\/wp\/v2\/posts\/64687\/revisions\/64689"}],"wp:featuredmedia":[{"embeddable":true,"href":"https:\/\/akunq.net\/tr\/index.php?rest_route=\/wp\/v2\/media\/64688"}],"wp:attachment":[{"href":"https:\/\/akunq.net\/tr\/index.php?rest_route=%2Fwp%2Fv2%2Fmedia&parent=64687"}],"wp:term":[{"taxonomy":"category","embeddable":true,"href":"https:\/\/akunq.net\/tr\/index.php?rest_route=%2Fwp%2Fv2%2Fcategories&post=64687"},{"taxonomy":"post_tag","embeddable":true,"href":"https:\/\/akunq.net\/tr\/index.php?rest_route=%2Fwp%2Fv2%2Ftags&post=64687"}],"curies":[{"name":"wp","href":"https:\/\/api.w.org\/{rel}","templated":true}]}}