{"id":64650,"date":"2021-09-10T02:10:13","date_gmt":"2021-09-10T07:10:13","guid":{"rendered":"https:\/\/akunq.net\/tr\/?p=64650"},"modified":"2021-09-10T02:10:13","modified_gmt":"2021-09-10T07:10:13","slug":"iran-ve-dunya-yerevanda-farsca-litografi-yazitlarindan-olusan-bir-sergi-acildi","status":"publish","type":"post","link":"https:\/\/akunq.net\/tr\/?p=64650","title":{"rendered":"\u0130ran ve d\u00fcnya: Yerevan\u2019da Fars\u00e7a litografi yaz\u0131tlar\u0131ndan olu\u015fan bir sergi a\u00e7\u0131ld\u0131"},"content":{"rendered":"<p><img loading=\"lazy\" decoding=\"async\" class=\"aligncenter size-medium wp-image-64651\" src=\"https:\/\/akunq.net\/tr\/wp-content\/uploads\/2021\/09\/\u0130ran-ve-d\u00fcnya-360x242.jpg\" alt=\"\" width=\"360\" height=\"242\" srcset=\"https:\/\/akunq.net\/tr\/wp-content\/uploads\/sites\/6\/2021\/09\/\u0130ran-ve-d\u00fcnya-360x242.jpg 360w, https:\/\/akunq.net\/tr\/wp-content\/uploads\/sites\/6\/2021\/09\/\u0130ran-ve-d\u00fcnya-560x376.jpg 560w, https:\/\/akunq.net\/tr\/wp-content\/uploads\/sites\/6\/2021\/09\/\u0130ran-ve-d\u00fcnya-260x175.jpg 260w, https:\/\/akunq.net\/tr\/wp-content\/uploads\/sites\/6\/2021\/09\/\u0130ran-ve-d\u00fcnya-160x107.jpg 160w, https:\/\/akunq.net\/tr\/wp-content\/uploads\/sites\/6\/2021\/09\/\u0130ran-ve-d\u00fcnya.jpg 670w\" sizes=\"auto, (max-width: 360px) 100vw, 360px\" \/><\/p>\n<p><em><strong>Yerevan\u2019da a\u00e7\u0131lm\u0131\u015f &#8220;D\u00fcnyada \u0130ran litografi yaz\u0131tlar\u0131&#8221; ba\u015fl\u0131kl\u0131 sergide Tanzanya, Almanya, T\u00fcrkiye, Rusya, Afganistan, Tacikistan, Pakistan, Hindistan, \u00c7in ve Artsakh\u2019\u0131n \u015eu\u015fi \u015fehrinde Fars\u00e7a litografi yaz\u0131lar\u0131 i\u00e7eren \u00e7e\u015fitli k\u00fclt\u00fcr an\u0131tlar\u0131 g\u00f6steren on foto\u011fraf yer ald\u0131.<\/strong><\/em><\/p>\n<p>Armenpress\u2019in haberine g\u00f6re serginin a\u00e7\u0131l\u0131\u015f t\u00f6reni 9 Eyl\u00fcl&#8217;de\u00a0Ma\u015ftots Matenadaran Enstit\u00fcs\u00fc&#8217;nde ger\u00e7ekle\u015fti. Foto\u011fraflar \u0130ran K\u00fclt\u00fcr Miras\u0131 Akademisi Ara\u015ft\u0131rma B\u00f6l\u00fcm\u00fc Rekt\u00f6r Yard\u0131mc\u0131s\u0131 Mortezpa Rezvanfari&#8217;ye aittir.<\/p>\n<p>A\u00e7\u0131l\u0131\u015f t\u00f6renine haz\u0131r bulunan Rezvanfari,\u00a0&#8220;D\u00fcnyada \u0130ran litografi yaz\u0131tlar\u0131&#8221; program\u0131ndan bahsederek, sergide\u00a0foto\u011fraflar\u0131n k\u00fc\u00e7\u00fck bir b\u00f6l\u00fcm\u00fcn\u00fcn sunuldu\u011funu s\u00f6yledi.<\/p>\n<p>Rezvanfari, &#8220;On y\u0131l boyunca \u00c7in&#8217;den Afrika&#8217;ya kadar ve Do\u011fu Avrupa\u2019n\u0131n b\u00fct\u00fcn \u00fclkelerini gezdim, Fars\u00e7a yaz\u0131tlar i\u00e7eren t\u00fcm mimari yap\u0131lar\u0131 bulmaya \u00e7al\u0131\u015ft\u0131m, profesyonelce inceledim ve terc\u00fcme ettim.\u201d ifadelerini kulland\u0131. Ara\u015ft\u0131mac\u0131, \u0130ran\u2019\u0131n Ermenistan B\u00fcy\u00fckel\u00e7ili\u011fi ve Ermenistan E\u011fitim, Bilim, K\u00fclt\u00fcr ve Spor Bakanl\u0131\u011f\u0131 ile i\u015fbirli\u011fi i\u00e7inde Ermenistan&#8217;\u0131 da programa dahil edece\u011finin alt\u0131n\u0131 \u00e7izdi.<\/p>\n<p>\u0130ran&#8217;\u0131n Ermenistan B\u00fcy\u00fckel\u00e7isi Abbas Badakhshan Zohuri, Ermenistan-\u0130ran ili\u015fkilerinin \u00e7ok derin oldu\u011funu vurgulad\u0131. O, bu t\u00fcr etkinliklerin k\u00fclt\u00fcr ve medeniyet miras\u0131na daha fazla dikkat edilmesine katk\u0131da bulundu\u011funu kaydetti.<\/p>\n<p>B\u00fcy\u00fckel\u00e7i, &#8220;Tarihi ve k\u00fclt\u00fcrel bir ge\u00e7mi\u015fe sahip olan \u0130ran ve Ermenistan, b\u00fct\u00fcn \u00fclkelerde bu t\u00fcr ili\u015fkilerin geli\u015fmesine \u00f6nc\u00fcl\u00fck edebilir.&#8221; dedi.<\/p>\n<p><em><strong>https:\/\/armenpress.am\/tur\/news\/1062740.html\u00a0<\/strong><\/em><\/p>\n","protected":false},"excerpt":{"rendered":"<p>Yerevan\u2019da a\u00e7\u0131lm\u0131\u015f &#8220;D\u00fcnyada \u0130ran litografi yaz\u0131tlar\u0131&#8221; ba\u015fl\u0131kl\u0131 sergide Tanzanya, Almanya, T\u00fcrkiye, Rusya, Afganistan, Tacikistan, Pakistan, Hindistan, \u00c7in ve Artsakh\u2019\u0131n \u015eu\u015fi \u015fehrinde Fars\u00e7a litografi yaz\u0131lar\u0131 i\u00e7eren \u00e7e\u015fitli k\u00fclt\u00fcr an\u0131tlar\u0131 g\u00f6steren on foto\u011fraf yer ald\u0131. Armenpress\u2019in haberine g\u00f6re serginin a\u00e7\u0131l\u0131\u015f t\u00f6reni 9 Eyl\u00fcl&#8217;de\u00a0Ma\u015ftots Matenadaran Enstit\u00fcs\u00fc&#8217;nde ger\u00e7ekle\u015fti. Foto\u011fraflar \u0130ran K\u00fclt\u00fcr Miras\u0131 Akademisi Ara\u015ft\u0131rma B\u00f6l\u00fcm\u00fc Rekt\u00f6r Yard\u0131mc\u0131s\u0131 Mortezpa Rezvanfari&#8217;ye [&hellip;]<\/p>\n","protected":false},"author":7,"featured_media":64651,"comment_status":"open","ping_status":"open","sticky":false,"template":"","format":"standard","meta":{"footnotes":""},"categories":[1],"tags":[],"class_list":["post-64650","post","type-post","status-publish","format-standard","has-post-thumbnail","hentry","category-haberler"],"yoast_head":"<!-- This site is optimized with the Yoast SEO plugin v27.4 - https:\/\/yoast.com\/product\/yoast-seo-wordpress\/ -->\n<title>\u0130ran ve d\u00fcnya: Yerevan\u2019da Fars\u00e7a litografi yaz\u0131tlar\u0131ndan olu\u015fan bir sergi a\u00e7\u0131ld\u0131 - Bati Ermenistan Ve Bati Ermenileri Sorunlari Ara\u015ftirmalar Merkezi<\/title>\n<meta name=\"robots\" content=\"index, follow, max-snippet:-1, max-image-preview:large, max-video-preview:-1\" \/>\n<link rel=\"canonical\" href=\"https:\/\/akunq.net\/tr\/?p=64650\" \/>\n<meta property=\"og:locale\" content=\"en_US\" \/>\n<meta property=\"og:type\" content=\"article\" \/>\n<meta property=\"og:title\" content=\"\u0130ran ve d\u00fcnya: Yerevan\u2019da Fars\u00e7a litografi yaz\u0131tlar\u0131ndan olu\u015fan bir sergi a\u00e7\u0131ld\u0131 - Bati Ermenistan Ve Bati Ermenileri Sorunlari Ara\u015ftirmalar Merkezi\" \/>\n<meta property=\"og:description\" content=\"Yerevan\u2019da a\u00e7\u0131lm\u0131\u015f &#8220;D\u00fcnyada \u0130ran litografi yaz\u0131tlar\u0131&#8221; ba\u015fl\u0131kl\u0131 sergide Tanzanya, Almanya, T\u00fcrkiye, Rusya, Afganistan, Tacikistan, Pakistan, Hindistan, \u00c7in ve Artsakh\u2019\u0131n \u015eu\u015fi \u015fehrinde Fars\u00e7a litografi yaz\u0131lar\u0131 i\u00e7eren \u00e7e\u015fitli k\u00fclt\u00fcr an\u0131tlar\u0131 g\u00f6steren on foto\u011fraf yer ald\u0131. Armenpress\u2019in haberine g\u00f6re serginin a\u00e7\u0131l\u0131\u015f t\u00f6reni 9 Eyl\u00fcl&#8217;de\u00a0Ma\u015ftots Matenadaran Enstit\u00fcs\u00fc&#8217;nde ger\u00e7ekle\u015fti. Foto\u011fraflar \u0130ran K\u00fclt\u00fcr Miras\u0131 Akademisi Ara\u015ft\u0131rma B\u00f6l\u00fcm\u00fc Rekt\u00f6r Yard\u0131mc\u0131s\u0131 Mortezpa Rezvanfari&#8217;ye [&hellip;]\" \/>\n<meta property=\"og:url\" content=\"https:\/\/akunq.net\/tr\/?p=64650\" \/>\n<meta property=\"og:site_name\" content=\"Bati Ermenistan Ve Bati Ermenileri Sorunlari Ara\u015ftirmalar Merkezi\" \/>\n<meta property=\"article:published_time\" content=\"2021-09-10T07:10:13+00:00\" \/>\n<meta property=\"og:image\" content=\"https:\/\/akunq.net\/tr\/wp-content\/uploads\/sites\/6\/2021\/09\/\u0130ran-ve-d\u00fcnya.jpg\" \/>\n\t<meta property=\"og:image:width\" content=\"670\" \/>\n\t<meta property=\"og:image:height\" content=\"450\" \/>\n\t<meta property=\"og:image:type\" content=\"image\/jpeg\" \/>\n<meta name=\"author\" content=\"admin\" \/>\n<meta name=\"twitter:card\" content=\"summary_large_image\" \/>\n<meta name=\"twitter:label1\" content=\"Written by\" \/>\n\t<meta name=\"twitter:data1\" content=\"admin\" \/>\n\t<meta name=\"twitter:label2\" content=\"Est. reading time\" \/>\n\t<meta name=\"twitter:data2\" content=\"1 minute\" \/>\n<script type=\"application\/ld+json\" class=\"yoast-schema-graph\">{\"@context\":\"https:\\\/\\\/schema.org\",\"@graph\":[{\"@type\":\"Article\",\"@id\":\"https:\\\/\\\/akunq.net\\\/tr\\\/?p=64650#article\",\"isPartOf\":{\"@id\":\"https:\\\/\\\/akunq.net\\\/tr\\\/?p=64650\"},\"author\":{\"name\":\"admin\",\"@id\":\"https:\\\/\\\/akunq.net\\\/tr\\\/#\\\/schema\\\/person\\\/096f1d38a12cce57fb855b485ed24c9e\"},\"headline\":\"\u0130ran ve d\u00fcnya: Yerevan\u2019da Fars\u00e7a litografi yaz\u0131tlar\u0131ndan olu\u015fan bir sergi a\u00e7\u0131ld\u0131\",\"datePublished\":\"2021-09-10T07:10:13+00:00\",\"mainEntityOfPage\":{\"@id\":\"https:\\\/\\\/akunq.net\\\/tr\\\/?p=64650\"},\"wordCount\":304,\"commentCount\":0,\"image\":{\"@id\":\"https:\\\/\\\/akunq.net\\\/tr\\\/?p=64650#primaryimage\"},\"thumbnailUrl\":\"https:\\\/\\\/akunq.net\\\/tr\\\/wp-content\\\/uploads\\\/sites\\\/6\\\/2021\\\/09\\\/\u0130ran-ve-d\u00fcnya.jpg\",\"articleSection\":[\"Haberler\"],\"inLanguage\":\"en-US\",\"potentialAction\":[{\"@type\":\"CommentAction\",\"name\":\"Comment\",\"target\":[\"https:\\\/\\\/akunq.net\\\/tr\\\/?p=64650#respond\"]}]},{\"@type\":\"WebPage\",\"@id\":\"https:\\\/\\\/akunq.net\\\/tr\\\/?p=64650\",\"url\":\"https:\\\/\\\/akunq.net\\\/tr\\\/?p=64650\",\"name\":\"\u0130ran ve d\u00fcnya: Yerevan\u2019da Fars\u00e7a litografi yaz\u0131tlar\u0131ndan olu\u015fan bir sergi a\u00e7\u0131ld\u0131 - Bati Ermenistan Ve Bati Ermenileri Sorunlari Ara\u015ftirmalar Merkezi\",\"isPartOf\":{\"@id\":\"https:\\\/\\\/akunq.net\\\/tr\\\/#website\"},\"primaryImageOfPage\":{\"@id\":\"https:\\\/\\\/akunq.net\\\/tr\\\/?p=64650#primaryimage\"},\"image\":{\"@id\":\"https:\\\/\\\/akunq.net\\\/tr\\\/?p=64650#primaryimage\"},\"thumbnailUrl\":\"https:\\\/\\\/akunq.net\\\/tr\\\/wp-content\\\/uploads\\\/sites\\\/6\\\/2021\\\/09\\\/\u0130ran-ve-d\u00fcnya.jpg\",\"datePublished\":\"2021-09-10T07:10:13+00:00\",\"author\":{\"@id\":\"https:\\\/\\\/akunq.net\\\/tr\\\/#\\\/schema\\\/person\\\/096f1d38a12cce57fb855b485ed24c9e\"},\"breadcrumb\":{\"@id\":\"https:\\\/\\\/akunq.net\\\/tr\\\/?p=64650#breadcrumb\"},\"inLanguage\":\"en-US\",\"potentialAction\":[{\"@type\":\"ReadAction\",\"target\":[\"https:\\\/\\\/akunq.net\\\/tr\\\/?p=64650\"]}]},{\"@type\":\"ImageObject\",\"inLanguage\":\"en-US\",\"@id\":\"https:\\\/\\\/akunq.net\\\/tr\\\/?p=64650#primaryimage\",\"url\":\"https:\\\/\\\/akunq.net\\\/tr\\\/wp-content\\\/uploads\\\/sites\\\/6\\\/2021\\\/09\\\/\u0130ran-ve-d\u00fcnya.jpg\",\"contentUrl\":\"https:\\\/\\\/akunq.net\\\/tr\\\/wp-content\\\/uploads\\\/sites\\\/6\\\/2021\\\/09\\\/\u0130ran-ve-d\u00fcnya.jpg\",\"width\":670,\"height\":450},{\"@type\":\"BreadcrumbList\",\"@id\":\"https:\\\/\\\/akunq.net\\\/tr\\\/?p=64650#breadcrumb\",\"itemListElement\":[{\"@type\":\"ListItem\",\"position\":1,\"name\":\"Home\",\"item\":\"https:\\\/\\\/akunq.net\\\/tr\"},{\"@type\":\"ListItem\",\"position\":2,\"name\":\"\u0130ran ve d\u00fcnya: Yerevan\u2019da Fars\u00e7a litografi yaz\u0131tlar\u0131ndan olu\u015fan bir sergi a\u00e7\u0131ld\u0131\"}]},{\"@type\":\"WebSite\",\"@id\":\"https:\\\/\\\/akunq.net\\\/tr\\\/#website\",\"url\":\"https:\\\/\\\/akunq.net\\\/tr\\\/\",\"name\":\"Bati Ermenistan Ve Bati Ermenileri Sorunlari Ara\u015ftirmalar Merkezi\",\"description\":\"\",\"potentialAction\":[{\"@type\":\"SearchAction\",\"target\":{\"@type\":\"EntryPoint\",\"urlTemplate\":\"https:\\\/\\\/akunq.net\\\/tr\\\/?s={search_term_string}\"},\"query-input\":{\"@type\":\"PropertyValueSpecification\",\"valueRequired\":true,\"valueName\":\"search_term_string\"}}],\"inLanguage\":\"en-US\"},{\"@type\":\"Person\",\"@id\":\"https:\\\/\\\/akunq.net\\\/tr\\\/#\\\/schema\\\/person\\\/096f1d38a12cce57fb855b485ed24c9e\",\"name\":\"admin\",\"url\":\"https:\\\/\\\/akunq.net\\\/tr\\\/?author=7\"}]}<\/script>\n<!-- \/ Yoast SEO plugin. -->","yoast_head_json":{"title":"\u0130ran ve d\u00fcnya: Yerevan\u2019da Fars\u00e7a litografi yaz\u0131tlar\u0131ndan olu\u015fan bir sergi a\u00e7\u0131ld\u0131 - Bati Ermenistan Ve Bati Ermenileri Sorunlari Ara\u015ftirmalar Merkezi","robots":{"index":"index","follow":"follow","max-snippet":"max-snippet:-1","max-image-preview":"max-image-preview:large","max-video-preview":"max-video-preview:-1"},"canonical":"https:\/\/akunq.net\/tr\/?p=64650","og_locale":"en_US","og_type":"article","og_title":"\u0130ran ve d\u00fcnya: Yerevan\u2019da Fars\u00e7a litografi yaz\u0131tlar\u0131ndan olu\u015fan bir sergi a\u00e7\u0131ld\u0131 - Bati Ermenistan Ve Bati Ermenileri Sorunlari Ara\u015ftirmalar Merkezi","og_description":"Yerevan\u2019da a\u00e7\u0131lm\u0131\u015f &#8220;D\u00fcnyada \u0130ran litografi yaz\u0131tlar\u0131&#8221; ba\u015fl\u0131kl\u0131 sergide Tanzanya, Almanya, T\u00fcrkiye, Rusya, Afganistan, Tacikistan, Pakistan, Hindistan, \u00c7in ve Artsakh\u2019\u0131n \u015eu\u015fi \u015fehrinde Fars\u00e7a litografi yaz\u0131lar\u0131 i\u00e7eren \u00e7e\u015fitli k\u00fclt\u00fcr an\u0131tlar\u0131 g\u00f6steren on foto\u011fraf yer ald\u0131. Armenpress\u2019in haberine g\u00f6re serginin a\u00e7\u0131l\u0131\u015f t\u00f6reni 9 Eyl\u00fcl&#8217;de\u00a0Ma\u015ftots Matenadaran Enstit\u00fcs\u00fc&#8217;nde ger\u00e7ekle\u015fti. Foto\u011fraflar \u0130ran K\u00fclt\u00fcr Miras\u0131 Akademisi Ara\u015ft\u0131rma B\u00f6l\u00fcm\u00fc Rekt\u00f6r Yard\u0131mc\u0131s\u0131 Mortezpa Rezvanfari&#8217;ye [&hellip;]","og_url":"https:\/\/akunq.net\/tr\/?p=64650","og_site_name":"Bati Ermenistan Ve Bati Ermenileri Sorunlari Ara\u015ftirmalar Merkezi","article_published_time":"2021-09-10T07:10:13+00:00","og_image":[{"width":670,"height":450,"url":"https:\/\/akunq.net\/tr\/wp-content\/uploads\/sites\/6\/2021\/09\/\u0130ran-ve-d\u00fcnya.jpg","type":"image\/jpeg"}],"author":"admin","twitter_card":"summary_large_image","twitter_misc":{"Written by":"admin","Est. reading time":"1 minute"},"schema":{"@context":"https:\/\/schema.org","@graph":[{"@type":"Article","@id":"https:\/\/akunq.net\/tr\/?p=64650#article","isPartOf":{"@id":"https:\/\/akunq.net\/tr\/?p=64650"},"author":{"name":"admin","@id":"https:\/\/akunq.net\/tr\/#\/schema\/person\/096f1d38a12cce57fb855b485ed24c9e"},"headline":"\u0130ran ve d\u00fcnya: Yerevan\u2019da Fars\u00e7a litografi yaz\u0131tlar\u0131ndan olu\u015fan bir sergi a\u00e7\u0131ld\u0131","datePublished":"2021-09-10T07:10:13+00:00","mainEntityOfPage":{"@id":"https:\/\/akunq.net\/tr\/?p=64650"},"wordCount":304,"commentCount":0,"image":{"@id":"https:\/\/akunq.net\/tr\/?p=64650#primaryimage"},"thumbnailUrl":"https:\/\/akunq.net\/tr\/wp-content\/uploads\/sites\/6\/2021\/09\/\u0130ran-ve-d\u00fcnya.jpg","articleSection":["Haberler"],"inLanguage":"en-US","potentialAction":[{"@type":"CommentAction","name":"Comment","target":["https:\/\/akunq.net\/tr\/?p=64650#respond"]}]},{"@type":"WebPage","@id":"https:\/\/akunq.net\/tr\/?p=64650","url":"https:\/\/akunq.net\/tr\/?p=64650","name":"\u0130ran ve d\u00fcnya: Yerevan\u2019da Fars\u00e7a litografi yaz\u0131tlar\u0131ndan olu\u015fan bir sergi a\u00e7\u0131ld\u0131 - Bati Ermenistan Ve Bati Ermenileri Sorunlari Ara\u015ftirmalar Merkezi","isPartOf":{"@id":"https:\/\/akunq.net\/tr\/#website"},"primaryImageOfPage":{"@id":"https:\/\/akunq.net\/tr\/?p=64650#primaryimage"},"image":{"@id":"https:\/\/akunq.net\/tr\/?p=64650#primaryimage"},"thumbnailUrl":"https:\/\/akunq.net\/tr\/wp-content\/uploads\/sites\/6\/2021\/09\/\u0130ran-ve-d\u00fcnya.jpg","datePublished":"2021-09-10T07:10:13+00:00","author":{"@id":"https:\/\/akunq.net\/tr\/#\/schema\/person\/096f1d38a12cce57fb855b485ed24c9e"},"breadcrumb":{"@id":"https:\/\/akunq.net\/tr\/?p=64650#breadcrumb"},"inLanguage":"en-US","potentialAction":[{"@type":"ReadAction","target":["https:\/\/akunq.net\/tr\/?p=64650"]}]},{"@type":"ImageObject","inLanguage":"en-US","@id":"https:\/\/akunq.net\/tr\/?p=64650#primaryimage","url":"https:\/\/akunq.net\/tr\/wp-content\/uploads\/sites\/6\/2021\/09\/\u0130ran-ve-d\u00fcnya.jpg","contentUrl":"https:\/\/akunq.net\/tr\/wp-content\/uploads\/sites\/6\/2021\/09\/\u0130ran-ve-d\u00fcnya.jpg","width":670,"height":450},{"@type":"BreadcrumbList","@id":"https:\/\/akunq.net\/tr\/?p=64650#breadcrumb","itemListElement":[{"@type":"ListItem","position":1,"name":"Home","item":"https:\/\/akunq.net\/tr"},{"@type":"ListItem","position":2,"name":"\u0130ran ve d\u00fcnya: Yerevan\u2019da Fars\u00e7a litografi yaz\u0131tlar\u0131ndan olu\u015fan bir sergi a\u00e7\u0131ld\u0131"}]},{"@type":"WebSite","@id":"https:\/\/akunq.net\/tr\/#website","url":"https:\/\/akunq.net\/tr\/","name":"Bati Ermenistan Ve Bati Ermenileri Sorunlari Ara\u015ftirmalar Merkezi","description":"","potentialAction":[{"@type":"SearchAction","target":{"@type":"EntryPoint","urlTemplate":"https:\/\/akunq.net\/tr\/?s={search_term_string}"},"query-input":{"@type":"PropertyValueSpecification","valueRequired":true,"valueName":"search_term_string"}}],"inLanguage":"en-US"},{"@type":"Person","@id":"https:\/\/akunq.net\/tr\/#\/schema\/person\/096f1d38a12cce57fb855b485ed24c9e","name":"admin","url":"https:\/\/akunq.net\/tr\/?author=7"}]}},"_links":{"self":[{"href":"https:\/\/akunq.net\/tr\/index.php?rest_route=\/wp\/v2\/posts\/64650","targetHints":{"allow":["GET"]}}],"collection":[{"href":"https:\/\/akunq.net\/tr\/index.php?rest_route=\/wp\/v2\/posts"}],"about":[{"href":"https:\/\/akunq.net\/tr\/index.php?rest_route=\/wp\/v2\/types\/post"}],"author":[{"embeddable":true,"href":"https:\/\/akunq.net\/tr\/index.php?rest_route=\/wp\/v2\/users\/7"}],"replies":[{"embeddable":true,"href":"https:\/\/akunq.net\/tr\/index.php?rest_route=%2Fwp%2Fv2%2Fcomments&post=64650"}],"version-history":[{"count":1,"href":"https:\/\/akunq.net\/tr\/index.php?rest_route=\/wp\/v2\/posts\/64650\/revisions"}],"predecessor-version":[{"id":64652,"href":"https:\/\/akunq.net\/tr\/index.php?rest_route=\/wp\/v2\/posts\/64650\/revisions\/64652"}],"wp:featuredmedia":[{"embeddable":true,"href":"https:\/\/akunq.net\/tr\/index.php?rest_route=\/wp\/v2\/media\/64651"}],"wp:attachment":[{"href":"https:\/\/akunq.net\/tr\/index.php?rest_route=%2Fwp%2Fv2%2Fmedia&parent=64650"}],"wp:term":[{"taxonomy":"category","embeddable":true,"href":"https:\/\/akunq.net\/tr\/index.php?rest_route=%2Fwp%2Fv2%2Fcategories&post=64650"},{"taxonomy":"post_tag","embeddable":true,"href":"https:\/\/akunq.net\/tr\/index.php?rest_route=%2Fwp%2Fv2%2Ftags&post=64650"}],"curies":[{"name":"wp","href":"https:\/\/api.w.org\/{rel}","templated":true}]}}