{"id":64645,"date":"2021-09-09T03:40:34","date_gmt":"2021-09-09T08:40:34","guid":{"rendered":"https:\/\/akunq.net\/tr\/?p=64645"},"modified":"2021-09-09T03:40:34","modified_gmt":"2021-09-09T08:40:34","slug":"diyarbakir-surp-giragos-kilisesi-vakfi-yoneticilerinin-ziyareti","status":"publish","type":"post","link":"https:\/\/akunq.net\/tr\/?p=64645","title":{"rendered":"Diyarbak\u0131r Surp Giragos Kilisesi Vakf\u0131 y\u00f6neticilerinin ziyareti"},"content":{"rendered":"<p><img loading=\"lazy\" decoding=\"async\" class=\"aligncenter size-medium wp-image-64646\" src=\"https:\/\/akunq.net\/tr\/wp-content\/uploads\/2021\/09\/D\u0130YARBAKIR-SURP-G\u0130RAGOS-K\u0130L\u0130SES\u0130-VAKFI-Y\u00d6NET\u0130C\u0130LER\u0130-360x240.jpg\" alt=\"\" width=\"360\" height=\"240\" srcset=\"https:\/\/akunq.net\/tr\/wp-content\/uploads\/sites\/6\/2021\/09\/D\u0130YARBAKIR-SURP-G\u0130RAGOS-K\u0130L\u0130SES\u0130-VAKFI-Y\u00d6NET\u0130C\u0130LER\u0130-360x240.jpg 360w, https:\/\/akunq.net\/tr\/wp-content\/uploads\/sites\/6\/2021\/09\/D\u0130YARBAKIR-SURP-G\u0130RAGOS-K\u0130L\u0130SES\u0130-VAKFI-Y\u00d6NET\u0130C\u0130LER\u0130-768x512.jpg 768w, https:\/\/akunq.net\/tr\/wp-content\/uploads\/sites\/6\/2021\/09\/D\u0130YARBAKIR-SURP-G\u0130RAGOS-K\u0130L\u0130SES\u0130-VAKFI-Y\u00d6NET\u0130C\u0130LER\u0130-1536x1024.jpg 1536w, https:\/\/akunq.net\/tr\/wp-content\/uploads\/sites\/6\/2021\/09\/D\u0130YARBAKIR-SURP-G\u0130RAGOS-K\u0130L\u0130SES\u0130-VAKFI-Y\u00d6NET\u0130C\u0130LER\u0130-560x373.jpg 560w, https:\/\/akunq.net\/tr\/wp-content\/uploads\/sites\/6\/2021\/09\/D\u0130YARBAKIR-SURP-G\u0130RAGOS-K\u0130L\u0130SES\u0130-VAKFI-Y\u00d6NET\u0130C\u0130LER\u0130-260x173.jpg 260w, https:\/\/akunq.net\/tr\/wp-content\/uploads\/sites\/6\/2021\/09\/D\u0130YARBAKIR-SURP-G\u0130RAGOS-K\u0130L\u0130SES\u0130-VAKFI-Y\u00d6NET\u0130C\u0130LER\u0130-160x107.jpg 160w, https:\/\/akunq.net\/tr\/wp-content\/uploads\/sites\/6\/2021\/09\/D\u0130YARBAKIR-SURP-G\u0130RAGOS-K\u0130L\u0130SES\u0130-VAKFI-Y\u00d6NET\u0130C\u0130LER\u0130.jpg 1722w\" sizes=\"auto, (max-width: 360px) 100vw, 360px\" \/><\/p>\n<p><em><strong>Kadasetli Patrik Sahak II. Hazretleri, 7 Eyl\u00fcl 2021, Sal\u0131, Erg\u00fcn Ay\u0131k ba\u015fkanl\u0131\u011f\u0131ndaki Diyarbak\u0131r Surp Giragos Kilisesi Vakf\u0131 Y\u00f6netim Kurulu temsilcilerini kabul etti.\u00a0<\/strong><\/em><\/p>\n<p>Misafirler, nezaket ziyaretiyle Patrik Hazretleri\u2019yle g\u00f6r\u00fc\u015fmeyi, kendileriyle isti\u015farede bulunmay\u0131 ve S. Giragos Kilisesi\u2019nin resmi mercii s\u0131fat\u0131yla Patrik Hazretleri\u2019ne bilgi sunmay\u0131 ama\u00e7lamaktayd\u0131lar.\u00a0 Sohbet esnas\u0131nda, kilisenin \u015fu anki durumu ve yenileme \u00e7al\u0131\u015fmalar\u0131n\u0131n ilerleyi\u015fi hakk\u0131nda Ruhani \u00d6nderimize bilgiler sunuldu. \u00d6te yandan, kilise vakf\u0131n\u0131n \u00e7al\u0131\u015fmalar\u0131 hakk\u0131nda da bilgiler verildi.<\/p>\n<p>Patrik Hazretleri, y\u00f6neticiler selamlad\u0131ktan sonra, aktar\u0131lan bilgileri dinledi. Kaydedilen geli\u015fmeleri memnuniyetle kar\u015f\u0131layan Patrik Hazretleri, kilise hakk\u0131ndaki olumlu geli\u015fmelerin Patriklik Makam\u0131\u2019n\u0131 da sevindirdi\u011fini s\u00f6zlerine ekledi. Kiliseyle ilgili geli\u015fmeleri takip etti\u011fini belirten Patrik Hazretleri, kilise vak\u0131f y\u00f6netimi taraf\u0131ndan aktar\u0131lan bilgilerin Patriklik Makam\u0131 nezdinde \u00f6zel bir anlam ta\u015f\u0131d\u0131\u011f\u0131n\u0131 belirtti. Patrik Hazretleri, yenileme \u00e7al\u0131\u015fmalar\u0131n\u0131n yak\u0131n gelecekte ba\u015far\u0131yla tamamlanmas\u0131n\u0131 ve S. Giragos Kilisesi\u2019nin bir dua evi olarak yeniden kap\u0131lar\u0131n\u0131 a\u00e7mas\u0131n\u0131 diledi\u011fini belirtti. G\u00f6r\u00fc\u015fme sonunda, Patrik Hazretleri, y\u00f6neticileri takdis etti ve kilise yarar\u0131na y\u00fcr\u00fctt\u00fckleri \u00e7al\u0131\u015fmalarda kendilerine ba\u015far\u0131lar diledi.<\/p>\n<p>Bilindi\u011fi \u00fczere, S. Giragos Kilisesi, genel yap\u0131s\u0131 itibariyle Anadolu\u2019da bulunan ve Patriklik Makam\u0131\u2019na ba\u011fl\u0131 en b\u00fcy\u00fck Ermeni Kilisesi olma \u00f6zelli\u011fini koruyor. Ge\u00e7ti\u011fimiz y\u0131llarda yenilenen kilise, ter\u00f6r olaylar\u0131 nedeniyle hasar g\u00f6rm\u00fc\u015ft\u00fc. \u015eu anda ise, kilise tekrar yenileme s\u00fcrecinde bulunuyor.<\/p>\n<p><em><strong><a href=\"https:\/\/www.facebook.com\/TRArmenianPatriarchate\/\">https:\/\/www.facebook.com\/TRArmenianPatriarchate\/<\/a> \u00a0<\/strong><\/em><\/p>\n","protected":false},"excerpt":{"rendered":"<p>Kadasetli Patrik Sahak II. Hazretleri, 7 Eyl\u00fcl 2021, Sal\u0131, Erg\u00fcn Ay\u0131k ba\u015fkanl\u0131\u011f\u0131ndaki Diyarbak\u0131r Surp Giragos Kilisesi Vakf\u0131 Y\u00f6netim Kurulu temsilcilerini kabul etti.\u00a0 Misafirler, nezaket ziyaretiyle Patrik Hazretleri\u2019yle g\u00f6r\u00fc\u015fmeyi, kendileriyle isti\u015farede bulunmay\u0131 ve S. Giragos Kilisesi\u2019nin resmi mercii s\u0131fat\u0131yla Patrik Hazretleri\u2019ne bilgi sunmay\u0131 ama\u00e7lamaktayd\u0131lar.\u00a0 Sohbet esnas\u0131nda, kilisenin \u015fu anki durumu ve yenileme \u00e7al\u0131\u015fmalar\u0131n\u0131n ilerleyi\u015fi hakk\u0131nda Ruhani [&hellip;]<\/p>\n","protected":false},"author":7,"featured_media":64646,"comment_status":"open","ping_status":"open","sticky":false,"template":"","format":"standard","meta":{"footnotes":""},"categories":[22,1],"tags":[],"class_list":["post-64645","post","type-post","status-publish","format-standard","has-post-thumbnail","hentry","category-gunumuzde-bati-ermenistan","category-haberler"],"yoast_head":"<!-- This site is optimized with the Yoast SEO plugin v27.4 - https:\/\/yoast.com\/product\/yoast-seo-wordpress\/ -->\n<title>Diyarbak\u0131r Surp Giragos Kilisesi Vakf\u0131 y\u00f6neticilerinin ziyareti - Bati Ermenistan Ve Bati Ermenileri Sorunlari Ara\u015ftirmalar Merkezi<\/title>\n<meta name=\"robots\" content=\"index, follow, max-snippet:-1, max-image-preview:large, max-video-preview:-1\" \/>\n<link rel=\"canonical\" href=\"https:\/\/akunq.net\/tr\/?p=64645\" \/>\n<meta property=\"og:locale\" content=\"en_US\" \/>\n<meta property=\"og:type\" content=\"article\" \/>\n<meta property=\"og:title\" content=\"Diyarbak\u0131r Surp Giragos Kilisesi Vakf\u0131 y\u00f6neticilerinin ziyareti - Bati Ermenistan Ve Bati Ermenileri Sorunlari Ara\u015ftirmalar Merkezi\" \/>\n<meta property=\"og:description\" content=\"Kadasetli Patrik Sahak II. Hazretleri, 7 Eyl\u00fcl 2021, Sal\u0131, Erg\u00fcn Ay\u0131k ba\u015fkanl\u0131\u011f\u0131ndaki Diyarbak\u0131r Surp Giragos Kilisesi Vakf\u0131 Y\u00f6netim Kurulu temsilcilerini kabul etti.\u00a0 Misafirler, nezaket ziyaretiyle Patrik Hazretleri\u2019yle g\u00f6r\u00fc\u015fmeyi, kendileriyle isti\u015farede bulunmay\u0131 ve S. Giragos Kilisesi\u2019nin resmi mercii s\u0131fat\u0131yla Patrik Hazretleri\u2019ne bilgi sunmay\u0131 ama\u00e7lamaktayd\u0131lar.\u00a0 Sohbet esnas\u0131nda, kilisenin \u015fu anki durumu ve yenileme \u00e7al\u0131\u015fmalar\u0131n\u0131n ilerleyi\u015fi hakk\u0131nda Ruhani [&hellip;]\" \/>\n<meta property=\"og:url\" content=\"https:\/\/akunq.net\/tr\/?p=64645\" \/>\n<meta property=\"og:site_name\" content=\"Bati Ermenistan Ve Bati Ermenileri Sorunlari Ara\u015ftirmalar Merkezi\" \/>\n<meta property=\"article:published_time\" content=\"2021-09-09T08:40:34+00:00\" \/>\n<meta property=\"og:image\" content=\"https:\/\/akunq.net\/tr\/wp-content\/uploads\/sites\/6\/2021\/09\/D\u0130YARBAKIR-SURP-G\u0130RAGOS-K\u0130L\u0130SES\u0130-VAKFI-Y\u00d6NET\u0130C\u0130LER\u0130.jpg\" \/>\n\t<meta property=\"og:image:width\" content=\"1722\" \/>\n\t<meta property=\"og:image:height\" content=\"1148\" \/>\n\t<meta property=\"og:image:type\" content=\"image\/jpeg\" \/>\n<meta name=\"author\" content=\"admin\" \/>\n<meta name=\"twitter:card\" content=\"summary_large_image\" \/>\n<meta name=\"twitter:label1\" content=\"Written by\" \/>\n\t<meta name=\"twitter:data1\" content=\"admin\" \/>\n\t<meta name=\"twitter:label2\" content=\"Est. reading time\" \/>\n\t<meta name=\"twitter:data2\" content=\"1 minute\" \/>\n<script type=\"application\/ld+json\" class=\"yoast-schema-graph\">{\"@context\":\"https:\\\/\\\/schema.org\",\"@graph\":[{\"@type\":\"Article\",\"@id\":\"https:\\\/\\\/akunq.net\\\/tr\\\/?p=64645#article\",\"isPartOf\":{\"@id\":\"https:\\\/\\\/akunq.net\\\/tr\\\/?p=64645\"},\"author\":{\"name\":\"admin\",\"@id\":\"https:\\\/\\\/akunq.net\\\/tr\\\/#\\\/schema\\\/person\\\/096f1d38a12cce57fb855b485ed24c9e\"},\"headline\":\"Diyarbak\u0131r Surp Giragos Kilisesi Vakf\u0131 y\u00f6neticilerinin ziyareti\",\"datePublished\":\"2021-09-09T08:40:34+00:00\",\"mainEntityOfPage\":{\"@id\":\"https:\\\/\\\/akunq.net\\\/tr\\\/?p=64645\"},\"wordCount\":282,\"commentCount\":0,\"image\":{\"@id\":\"https:\\\/\\\/akunq.net\\\/tr\\\/?p=64645#primaryimage\"},\"thumbnailUrl\":\"https:\\\/\\\/akunq.net\\\/tr\\\/wp-content\\\/uploads\\\/sites\\\/6\\\/2021\\\/09\\\/D\u0130YARBAKIR-SURP-G\u0130RAGOS-K\u0130L\u0130SES\u0130-VAKFI-Y\u00d6NET\u0130C\u0130LER\u0130.jpg\",\"articleSection\":[\"G\u00fcn\u00fcm\u00fczde Bat\u0131 Ermenistan\",\"Haberler\"],\"inLanguage\":\"en-US\",\"potentialAction\":[{\"@type\":\"CommentAction\",\"name\":\"Comment\",\"target\":[\"https:\\\/\\\/akunq.net\\\/tr\\\/?p=64645#respond\"]}]},{\"@type\":\"WebPage\",\"@id\":\"https:\\\/\\\/akunq.net\\\/tr\\\/?p=64645\",\"url\":\"https:\\\/\\\/akunq.net\\\/tr\\\/?p=64645\",\"name\":\"Diyarbak\u0131r Surp Giragos Kilisesi Vakf\u0131 y\u00f6neticilerinin ziyareti - Bati Ermenistan Ve Bati Ermenileri Sorunlari Ara\u015ftirmalar Merkezi\",\"isPartOf\":{\"@id\":\"https:\\\/\\\/akunq.net\\\/tr\\\/#website\"},\"primaryImageOfPage\":{\"@id\":\"https:\\\/\\\/akunq.net\\\/tr\\\/?p=64645#primaryimage\"},\"image\":{\"@id\":\"https:\\\/\\\/akunq.net\\\/tr\\\/?p=64645#primaryimage\"},\"thumbnailUrl\":\"https:\\\/\\\/akunq.net\\\/tr\\\/wp-content\\\/uploads\\\/sites\\\/6\\\/2021\\\/09\\\/D\u0130YARBAKIR-SURP-G\u0130RAGOS-K\u0130L\u0130SES\u0130-VAKFI-Y\u00d6NET\u0130C\u0130LER\u0130.jpg\",\"datePublished\":\"2021-09-09T08:40:34+00:00\",\"author\":{\"@id\":\"https:\\\/\\\/akunq.net\\\/tr\\\/#\\\/schema\\\/person\\\/096f1d38a12cce57fb855b485ed24c9e\"},\"breadcrumb\":{\"@id\":\"https:\\\/\\\/akunq.net\\\/tr\\\/?p=64645#breadcrumb\"},\"inLanguage\":\"en-US\",\"potentialAction\":[{\"@type\":\"ReadAction\",\"target\":[\"https:\\\/\\\/akunq.net\\\/tr\\\/?p=64645\"]}]},{\"@type\":\"ImageObject\",\"inLanguage\":\"en-US\",\"@id\":\"https:\\\/\\\/akunq.net\\\/tr\\\/?p=64645#primaryimage\",\"url\":\"https:\\\/\\\/akunq.net\\\/tr\\\/wp-content\\\/uploads\\\/sites\\\/6\\\/2021\\\/09\\\/D\u0130YARBAKIR-SURP-G\u0130RAGOS-K\u0130L\u0130SES\u0130-VAKFI-Y\u00d6NET\u0130C\u0130LER\u0130.jpg\",\"contentUrl\":\"https:\\\/\\\/akunq.net\\\/tr\\\/wp-content\\\/uploads\\\/sites\\\/6\\\/2021\\\/09\\\/D\u0130YARBAKIR-SURP-G\u0130RAGOS-K\u0130L\u0130SES\u0130-VAKFI-Y\u00d6NET\u0130C\u0130LER\u0130.jpg\",\"width\":1722,\"height\":1148},{\"@type\":\"BreadcrumbList\",\"@id\":\"https:\\\/\\\/akunq.net\\\/tr\\\/?p=64645#breadcrumb\",\"itemListElement\":[{\"@type\":\"ListItem\",\"position\":1,\"name\":\"Home\",\"item\":\"https:\\\/\\\/akunq.net\\\/tr\"},{\"@type\":\"ListItem\",\"position\":2,\"name\":\"Diyarbak\u0131r Surp Giragos Kilisesi Vakf\u0131 y\u00f6neticilerinin ziyareti\"}]},{\"@type\":\"WebSite\",\"@id\":\"https:\\\/\\\/akunq.net\\\/tr\\\/#website\",\"url\":\"https:\\\/\\\/akunq.net\\\/tr\\\/\",\"name\":\"Bati Ermenistan Ve Bati Ermenileri Sorunlari Ara\u015ftirmalar Merkezi\",\"description\":\"\",\"potentialAction\":[{\"@type\":\"SearchAction\",\"target\":{\"@type\":\"EntryPoint\",\"urlTemplate\":\"https:\\\/\\\/akunq.net\\\/tr\\\/?s={search_term_string}\"},\"query-input\":{\"@type\":\"PropertyValueSpecification\",\"valueRequired\":true,\"valueName\":\"search_term_string\"}}],\"inLanguage\":\"en-US\"},{\"@type\":\"Person\",\"@id\":\"https:\\\/\\\/akunq.net\\\/tr\\\/#\\\/schema\\\/person\\\/096f1d38a12cce57fb855b485ed24c9e\",\"name\":\"admin\",\"url\":\"https:\\\/\\\/akunq.net\\\/tr\\\/?author=7\"}]}<\/script>\n<!-- \/ Yoast SEO plugin. -->","yoast_head_json":{"title":"Diyarbak\u0131r Surp Giragos Kilisesi Vakf\u0131 y\u00f6neticilerinin ziyareti - Bati Ermenistan Ve Bati Ermenileri Sorunlari Ara\u015ftirmalar Merkezi","robots":{"index":"index","follow":"follow","max-snippet":"max-snippet:-1","max-image-preview":"max-image-preview:large","max-video-preview":"max-video-preview:-1"},"canonical":"https:\/\/akunq.net\/tr\/?p=64645","og_locale":"en_US","og_type":"article","og_title":"Diyarbak\u0131r Surp Giragos Kilisesi Vakf\u0131 y\u00f6neticilerinin ziyareti - Bati Ermenistan Ve Bati Ermenileri Sorunlari Ara\u015ftirmalar Merkezi","og_description":"Kadasetli Patrik Sahak II. Hazretleri, 7 Eyl\u00fcl 2021, Sal\u0131, Erg\u00fcn Ay\u0131k ba\u015fkanl\u0131\u011f\u0131ndaki Diyarbak\u0131r Surp Giragos Kilisesi Vakf\u0131 Y\u00f6netim Kurulu temsilcilerini kabul etti.\u00a0 Misafirler, nezaket ziyaretiyle Patrik Hazretleri\u2019yle g\u00f6r\u00fc\u015fmeyi, kendileriyle isti\u015farede bulunmay\u0131 ve S. Giragos Kilisesi\u2019nin resmi mercii s\u0131fat\u0131yla Patrik Hazretleri\u2019ne bilgi sunmay\u0131 ama\u00e7lamaktayd\u0131lar.\u00a0 Sohbet esnas\u0131nda, kilisenin \u015fu anki durumu ve yenileme \u00e7al\u0131\u015fmalar\u0131n\u0131n ilerleyi\u015fi hakk\u0131nda Ruhani [&hellip;]","og_url":"https:\/\/akunq.net\/tr\/?p=64645","og_site_name":"Bati Ermenistan Ve Bati Ermenileri Sorunlari Ara\u015ftirmalar Merkezi","article_published_time":"2021-09-09T08:40:34+00:00","og_image":[{"width":1722,"height":1148,"url":"https:\/\/akunq.net\/tr\/wp-content\/uploads\/sites\/6\/2021\/09\/D\u0130YARBAKIR-SURP-G\u0130RAGOS-K\u0130L\u0130SES\u0130-VAKFI-Y\u00d6NET\u0130C\u0130LER\u0130.jpg","type":"image\/jpeg"}],"author":"admin","twitter_card":"summary_large_image","twitter_misc":{"Written by":"admin","Est. reading time":"1 minute"},"schema":{"@context":"https:\/\/schema.org","@graph":[{"@type":"Article","@id":"https:\/\/akunq.net\/tr\/?p=64645#article","isPartOf":{"@id":"https:\/\/akunq.net\/tr\/?p=64645"},"author":{"name":"admin","@id":"https:\/\/akunq.net\/tr\/#\/schema\/person\/096f1d38a12cce57fb855b485ed24c9e"},"headline":"Diyarbak\u0131r Surp Giragos Kilisesi Vakf\u0131 y\u00f6neticilerinin ziyareti","datePublished":"2021-09-09T08:40:34+00:00","mainEntityOfPage":{"@id":"https:\/\/akunq.net\/tr\/?p=64645"},"wordCount":282,"commentCount":0,"image":{"@id":"https:\/\/akunq.net\/tr\/?p=64645#primaryimage"},"thumbnailUrl":"https:\/\/akunq.net\/tr\/wp-content\/uploads\/sites\/6\/2021\/09\/D\u0130YARBAKIR-SURP-G\u0130RAGOS-K\u0130L\u0130SES\u0130-VAKFI-Y\u00d6NET\u0130C\u0130LER\u0130.jpg","articleSection":["G\u00fcn\u00fcm\u00fczde Bat\u0131 Ermenistan","Haberler"],"inLanguage":"en-US","potentialAction":[{"@type":"CommentAction","name":"Comment","target":["https:\/\/akunq.net\/tr\/?p=64645#respond"]}]},{"@type":"WebPage","@id":"https:\/\/akunq.net\/tr\/?p=64645","url":"https:\/\/akunq.net\/tr\/?p=64645","name":"Diyarbak\u0131r Surp Giragos Kilisesi Vakf\u0131 y\u00f6neticilerinin ziyareti - Bati Ermenistan Ve Bati Ermenileri Sorunlari Ara\u015ftirmalar Merkezi","isPartOf":{"@id":"https:\/\/akunq.net\/tr\/#website"},"primaryImageOfPage":{"@id":"https:\/\/akunq.net\/tr\/?p=64645#primaryimage"},"image":{"@id":"https:\/\/akunq.net\/tr\/?p=64645#primaryimage"},"thumbnailUrl":"https:\/\/akunq.net\/tr\/wp-content\/uploads\/sites\/6\/2021\/09\/D\u0130YARBAKIR-SURP-G\u0130RAGOS-K\u0130L\u0130SES\u0130-VAKFI-Y\u00d6NET\u0130C\u0130LER\u0130.jpg","datePublished":"2021-09-09T08:40:34+00:00","author":{"@id":"https:\/\/akunq.net\/tr\/#\/schema\/person\/096f1d38a12cce57fb855b485ed24c9e"},"breadcrumb":{"@id":"https:\/\/akunq.net\/tr\/?p=64645#breadcrumb"},"inLanguage":"en-US","potentialAction":[{"@type":"ReadAction","target":["https:\/\/akunq.net\/tr\/?p=64645"]}]},{"@type":"ImageObject","inLanguage":"en-US","@id":"https:\/\/akunq.net\/tr\/?p=64645#primaryimage","url":"https:\/\/akunq.net\/tr\/wp-content\/uploads\/sites\/6\/2021\/09\/D\u0130YARBAKIR-SURP-G\u0130RAGOS-K\u0130L\u0130SES\u0130-VAKFI-Y\u00d6NET\u0130C\u0130LER\u0130.jpg","contentUrl":"https:\/\/akunq.net\/tr\/wp-content\/uploads\/sites\/6\/2021\/09\/D\u0130YARBAKIR-SURP-G\u0130RAGOS-K\u0130L\u0130SES\u0130-VAKFI-Y\u00d6NET\u0130C\u0130LER\u0130.jpg","width":1722,"height":1148},{"@type":"BreadcrumbList","@id":"https:\/\/akunq.net\/tr\/?p=64645#breadcrumb","itemListElement":[{"@type":"ListItem","position":1,"name":"Home","item":"https:\/\/akunq.net\/tr"},{"@type":"ListItem","position":2,"name":"Diyarbak\u0131r Surp Giragos Kilisesi Vakf\u0131 y\u00f6neticilerinin ziyareti"}]},{"@type":"WebSite","@id":"https:\/\/akunq.net\/tr\/#website","url":"https:\/\/akunq.net\/tr\/","name":"Bati Ermenistan Ve Bati Ermenileri Sorunlari Ara\u015ftirmalar Merkezi","description":"","potentialAction":[{"@type":"SearchAction","target":{"@type":"EntryPoint","urlTemplate":"https:\/\/akunq.net\/tr\/?s={search_term_string}"},"query-input":{"@type":"PropertyValueSpecification","valueRequired":true,"valueName":"search_term_string"}}],"inLanguage":"en-US"},{"@type":"Person","@id":"https:\/\/akunq.net\/tr\/#\/schema\/person\/096f1d38a12cce57fb855b485ed24c9e","name":"admin","url":"https:\/\/akunq.net\/tr\/?author=7"}]}},"_links":{"self":[{"href":"https:\/\/akunq.net\/tr\/index.php?rest_route=\/wp\/v2\/posts\/64645","targetHints":{"allow":["GET"]}}],"collection":[{"href":"https:\/\/akunq.net\/tr\/index.php?rest_route=\/wp\/v2\/posts"}],"about":[{"href":"https:\/\/akunq.net\/tr\/index.php?rest_route=\/wp\/v2\/types\/post"}],"author":[{"embeddable":true,"href":"https:\/\/akunq.net\/tr\/index.php?rest_route=\/wp\/v2\/users\/7"}],"replies":[{"embeddable":true,"href":"https:\/\/akunq.net\/tr\/index.php?rest_route=%2Fwp%2Fv2%2Fcomments&post=64645"}],"version-history":[{"count":1,"href":"https:\/\/akunq.net\/tr\/index.php?rest_route=\/wp\/v2\/posts\/64645\/revisions"}],"predecessor-version":[{"id":64647,"href":"https:\/\/akunq.net\/tr\/index.php?rest_route=\/wp\/v2\/posts\/64645\/revisions\/64647"}],"wp:featuredmedia":[{"embeddable":true,"href":"https:\/\/akunq.net\/tr\/index.php?rest_route=\/wp\/v2\/media\/64646"}],"wp:attachment":[{"href":"https:\/\/akunq.net\/tr\/index.php?rest_route=%2Fwp%2Fv2%2Fmedia&parent=64645"}],"wp:term":[{"taxonomy":"category","embeddable":true,"href":"https:\/\/akunq.net\/tr\/index.php?rest_route=%2Fwp%2Fv2%2Fcategories&post=64645"},{"taxonomy":"post_tag","embeddable":true,"href":"https:\/\/akunq.net\/tr\/index.php?rest_route=%2Fwp%2Fv2%2Ftags&post=64645"}],"curies":[{"name":"wp","href":"https:\/\/api.w.org\/{rel}","templated":true}]}}