{"id":64620,"date":"2021-09-08T04:11:17","date_gmt":"2021-09-08T09:11:17","guid":{"rendered":"https:\/\/akunq.net\/tr\/?p=64620"},"modified":"2021-09-08T04:11:17","modified_gmt":"2021-09-08T09:11:17","slug":"hrant-dink-vakfindan-nefret-soylemi-dijital-arsivi","status":"publish","type":"post","link":"https:\/\/akunq.net\/tr\/?p=64620","title":{"rendered":"Hrant Dink Vakf\u0131\u2019ndan \u201cNefret S\u00f6ylemi Dijital Ar\u015fivi\u201d"},"content":{"rendered":"<p><img loading=\"lazy\" decoding=\"async\" class=\"aligncenter size-medium wp-image-64621\" src=\"https:\/\/akunq.net\/tr\/wp-content\/uploads\/2021\/09\/Nefret-S\u00f6ylemi-Dijital-Ar\u015fivi-360x233.jpg\" alt=\"\" width=\"360\" height=\"233\" srcset=\"https:\/\/akunq.net\/tr\/wp-content\/uploads\/sites\/6\/2021\/09\/Nefret-S\u00f6ylemi-Dijital-Ar\u015fivi-360x233.jpg 360w, https:\/\/akunq.net\/tr\/wp-content\/uploads\/sites\/6\/2021\/09\/Nefret-S\u00f6ylemi-Dijital-Ar\u015fivi-260x168.jpg 260w, https:\/\/akunq.net\/tr\/wp-content\/uploads\/sites\/6\/2021\/09\/Nefret-S\u00f6ylemi-Dijital-Ar\u015fivi-160x104.jpg 160w, https:\/\/akunq.net\/tr\/wp-content\/uploads\/sites\/6\/2021\/09\/Nefret-S\u00f6ylemi-Dijital-Ar\u015fivi.jpg 500w\" sizes=\"auto, (max-width: 360px) 100vw, 360px\" \/><\/p>\n<p><em><strong>Nefret S\u00f6ylemi Dijital Ar\u015fivi, 10 y\u0131ll\u0131k yaz\u0131l\u0131 bas\u0131n\u0131n taranmas\u0131 ile tespit edilen yakla\u015f\u0131k 16.500 haber ve k\u00f6\u015fe yaz\u0131s\u0131ndan olu\u015fuyor.<\/strong><\/em><\/p>\n<p>Hrant Dink Vakf\u0131\u2019n\u0131n haz\u0131rlad\u0131\u011f\u0131 Nefret S\u00f6ylemi Dijital Ar\u015fivi, vakf\u0131n 2009-2019 y\u0131llar\u0131 aras\u0131nda y\u00fcr\u00fctt\u00fc\u011f\u00fc \u201cMedyada Nefret S\u00f6yleminin \u0130zlenmesi\u201d projesi kapsam\u0131nda \u00fcretilen raporlar ve haber k\u00fcp\u00fcrlerinden olu\u015fuyor.<\/p>\n<p>T\u00fcrkiye\u2019deki ulusal ve yerel yaz\u0131l\u0131 bas\u0131ndaki etnik ve din temelli nefret s\u00f6ylemi tarand\u0131, tespit edilen ayr\u0131mc\u0131, \u00f6tekile\u015ftiren ve hedef g\u00f6steren metinler 10 y\u0131l boyunca ar\u015fivlendi ve bu verilerle nitel ve nicel analizler i\u00e7eren medya izleme raporlar\u0131 haz\u0131rland\u0131.<\/p>\n<p>Ara\u015ft\u0131rmac\u0131lar i\u00e7in bir kaynak<\/p>\n<p>Ayr\u0131mc\u0131l\u0131kla m\u00fccadeleye katk\u0131 sa\u011flamak, nefret s\u00f6ylemi ve ayr\u0131mc\u0131 s\u00f6ylem sorununa dikkat \u00e7ekmek, medyan\u0131n bu s\u00f6ylemlerin \u00fcretilmesinde ve yay\u0131lmas\u0131nda oynad\u0131\u011f\u0131 rol\u00fc tart\u0131\u015fmaya a\u00e7mak amac\u0131yla y\u00fcr\u00fct\u00fclen projenin, medya izleme ar\u015fivi koleksiyonunun t\u00fcm ara\u015ft\u0131rmac\u0131lara bir kaynak sa\u011flamas\u0131 umuluyor.<\/p>\n<div class=\"fluid-width-video-wrapper\"><iframe id=\"fitvid539506\" title=\"Medyada Nefret S\u00f6yleminin \u0130zlenmesi Projesinin Metodolojisi\" src=\"https:\/\/www.youtube.com\/embed\/3on-6cjiiF8?feature=oembed\" frameborder=\"0\" allowfullscreen=\"allowfullscreen\" data-mce-fragment=\"1\"><\/iframe><\/div>\n<p>10 y\u0131ll\u0131k yaz\u0131l\u0131 bas\u0131n\u0131n taranmas\u0131 ile tespit edilen yakla\u015f\u0131k 16.500 haber ve k\u00f6\u015fe yaz\u0131s\u0131ndan olu\u015fan Nefret S\u00f6ylemi Dijital Ar\u015fivi, ayn\u0131 zamanda, medya izleme \u00e7al\u0131\u015fmas\u0131 s\u0131ras\u0131nda tespit edilen haberler, k\u00f6\u015fe yaz\u0131lar\u0131 k\u00fcp\u00fcr koleksiyonu ile 10 y\u0131l i\u00e7inde yay\u0131mlanan \u201cNefret S\u00f6ylemi ve Ayr\u0131mc\u0131 S\u00f6ylem\u201d ara\u015ft\u0131rma raporlar\u0131 bulunuyor. Koleksiyondaki t\u00fcm kup\u00fcrleri nefret s\u00f6ylemi kategorileri ya da hedef gruplara g\u00f6re ara\u015ft\u0131rmak da m\u00fcmk\u00fcn.<\/p>\n<p>Ar\u015five\u00a0<a href=\"https:\/\/archive.hrantdink.org\/\">buradan<\/a> eri\u015febilirsiniz.<\/p>\n<hr \/>\n<p><em><strong><a href=\"https:\/\/bianet.org\/bianet\/nefret-soylemi\/249894-hrant-dink-vakfi-ndan-nefret-soylemi-dijital-arsivi?bia_source=rss\" target=\"_blank\" rel=\"noopener noreferrer\">bianet<\/a><\/strong><\/em><\/p>\n","protected":false},"excerpt":{"rendered":"<p>Nefret S\u00f6ylemi Dijital Ar\u015fivi, 10 y\u0131ll\u0131k yaz\u0131l\u0131 bas\u0131n\u0131n taranmas\u0131 ile tespit edilen yakla\u015f\u0131k 16.500 haber ve k\u00f6\u015fe yaz\u0131s\u0131ndan olu\u015fuyor. Hrant Dink Vakf\u0131\u2019n\u0131n haz\u0131rlad\u0131\u011f\u0131 Nefret S\u00f6ylemi Dijital Ar\u015fivi, vakf\u0131n 2009-2019 y\u0131llar\u0131 aras\u0131nda y\u00fcr\u00fctt\u00fc\u011f\u00fc \u201cMedyada Nefret S\u00f6yleminin \u0130zlenmesi\u201d projesi kapsam\u0131nda \u00fcretilen raporlar ve haber k\u00fcp\u00fcrlerinden olu\u015fuyor. T\u00fcrkiye\u2019deki ulusal ve yerel yaz\u0131l\u0131 bas\u0131ndaki etnik ve din temelli nefret [&hellip;]<\/p>\n","protected":false},"author":7,"featured_media":64621,"comment_status":"open","ping_status":"open","sticky":false,"template":"","format":"standard","meta":{"footnotes":""},"categories":[1],"tags":[],"class_list":["post-64620","post","type-post","status-publish","format-standard","has-post-thumbnail","hentry","category-haberler"],"yoast_head":"<!-- This site is optimized with the Yoast SEO plugin v27.4 - https:\/\/yoast.com\/product\/yoast-seo-wordpress\/ -->\n<title>Hrant Dink Vakf\u0131\u2019ndan \u201cNefret S\u00f6ylemi Dijital Ar\u015fivi\u201d - Bati Ermenistan Ve Bati Ermenileri Sorunlari Ara\u015ftirmalar Merkezi<\/title>\n<meta name=\"robots\" content=\"index, follow, max-snippet:-1, max-image-preview:large, max-video-preview:-1\" \/>\n<link rel=\"canonical\" href=\"https:\/\/akunq.net\/tr\/?p=64620\" \/>\n<meta property=\"og:locale\" content=\"en_US\" \/>\n<meta property=\"og:type\" content=\"article\" \/>\n<meta property=\"og:title\" content=\"Hrant Dink Vakf\u0131\u2019ndan \u201cNefret S\u00f6ylemi Dijital Ar\u015fivi\u201d - Bati Ermenistan Ve Bati Ermenileri Sorunlari Ara\u015ftirmalar Merkezi\" \/>\n<meta property=\"og:description\" content=\"Nefret S\u00f6ylemi Dijital Ar\u015fivi, 10 y\u0131ll\u0131k yaz\u0131l\u0131 bas\u0131n\u0131n taranmas\u0131 ile tespit edilen yakla\u015f\u0131k 16.500 haber ve k\u00f6\u015fe yaz\u0131s\u0131ndan olu\u015fuyor. Hrant Dink Vakf\u0131\u2019n\u0131n haz\u0131rlad\u0131\u011f\u0131 Nefret S\u00f6ylemi Dijital Ar\u015fivi, vakf\u0131n 2009-2019 y\u0131llar\u0131 aras\u0131nda y\u00fcr\u00fctt\u00fc\u011f\u00fc \u201cMedyada Nefret S\u00f6yleminin \u0130zlenmesi\u201d projesi kapsam\u0131nda \u00fcretilen raporlar ve haber k\u00fcp\u00fcrlerinden olu\u015fuyor. T\u00fcrkiye\u2019deki ulusal ve yerel yaz\u0131l\u0131 bas\u0131ndaki etnik ve din temelli nefret [&hellip;]\" \/>\n<meta property=\"og:url\" content=\"https:\/\/akunq.net\/tr\/?p=64620\" \/>\n<meta property=\"og:site_name\" content=\"Bati Ermenistan Ve Bati Ermenileri Sorunlari Ara\u015ftirmalar Merkezi\" \/>\n<meta property=\"article:published_time\" content=\"2021-09-08T09:11:17+00:00\" \/>\n<meta property=\"og:image\" content=\"https:\/\/akunq.net\/tr\/wp-content\/uploads\/sites\/6\/2021\/09\/Nefret-S\u00f6ylemi-Dijital-Ar\u015fivi.jpg\" \/>\n\t<meta property=\"og:image:width\" content=\"500\" \/>\n\t<meta property=\"og:image:height\" content=\"324\" \/>\n\t<meta property=\"og:image:type\" content=\"image\/jpeg\" \/>\n<meta name=\"author\" content=\"admin\" \/>\n<meta name=\"twitter:card\" content=\"summary_large_image\" \/>\n<meta name=\"twitter:label1\" content=\"Written by\" \/>\n\t<meta name=\"twitter:data1\" content=\"admin\" \/>\n\t<meta name=\"twitter:label2\" content=\"Est. reading time\" \/>\n\t<meta name=\"twitter:data2\" content=\"1 minute\" \/>\n<script type=\"application\/ld+json\" class=\"yoast-schema-graph\">{\"@context\":\"https:\\\/\\\/schema.org\",\"@graph\":[{\"@type\":\"Article\",\"@id\":\"https:\\\/\\\/akunq.net\\\/tr\\\/?p=64620#article\",\"isPartOf\":{\"@id\":\"https:\\\/\\\/akunq.net\\\/tr\\\/?p=64620\"},\"author\":{\"name\":\"admin\",\"@id\":\"https:\\\/\\\/akunq.net\\\/tr\\\/#\\\/schema\\\/person\\\/096f1d38a12cce57fb855b485ed24c9e\"},\"headline\":\"Hrant Dink Vakf\u0131\u2019ndan \u201cNefret S\u00f6ylemi Dijital Ar\u015fivi\u201d\",\"datePublished\":\"2021-09-08T09:11:17+00:00\",\"mainEntityOfPage\":{\"@id\":\"https:\\\/\\\/akunq.net\\\/tr\\\/?p=64620\"},\"wordCount\":291,\"commentCount\":0,\"image\":{\"@id\":\"https:\\\/\\\/akunq.net\\\/tr\\\/?p=64620#primaryimage\"},\"thumbnailUrl\":\"https:\\\/\\\/akunq.net\\\/tr\\\/wp-content\\\/uploads\\\/sites\\\/6\\\/2021\\\/09\\\/Nefret-S\u00f6ylemi-Dijital-Ar\u015fivi.jpg\",\"articleSection\":[\"Haberler\"],\"inLanguage\":\"en-US\",\"potentialAction\":[{\"@type\":\"CommentAction\",\"name\":\"Comment\",\"target\":[\"https:\\\/\\\/akunq.net\\\/tr\\\/?p=64620#respond\"]}]},{\"@type\":\"WebPage\",\"@id\":\"https:\\\/\\\/akunq.net\\\/tr\\\/?p=64620\",\"url\":\"https:\\\/\\\/akunq.net\\\/tr\\\/?p=64620\",\"name\":\"Hrant Dink Vakf\u0131\u2019ndan \u201cNefret S\u00f6ylemi Dijital Ar\u015fivi\u201d - Bati Ermenistan Ve Bati Ermenileri Sorunlari Ara\u015ftirmalar Merkezi\",\"isPartOf\":{\"@id\":\"https:\\\/\\\/akunq.net\\\/tr\\\/#website\"},\"primaryImageOfPage\":{\"@id\":\"https:\\\/\\\/akunq.net\\\/tr\\\/?p=64620#primaryimage\"},\"image\":{\"@id\":\"https:\\\/\\\/akunq.net\\\/tr\\\/?p=64620#primaryimage\"},\"thumbnailUrl\":\"https:\\\/\\\/akunq.net\\\/tr\\\/wp-content\\\/uploads\\\/sites\\\/6\\\/2021\\\/09\\\/Nefret-S\u00f6ylemi-Dijital-Ar\u015fivi.jpg\",\"datePublished\":\"2021-09-08T09:11:17+00:00\",\"author\":{\"@id\":\"https:\\\/\\\/akunq.net\\\/tr\\\/#\\\/schema\\\/person\\\/096f1d38a12cce57fb855b485ed24c9e\"},\"breadcrumb\":{\"@id\":\"https:\\\/\\\/akunq.net\\\/tr\\\/?p=64620#breadcrumb\"},\"inLanguage\":\"en-US\",\"potentialAction\":[{\"@type\":\"ReadAction\",\"target\":[\"https:\\\/\\\/akunq.net\\\/tr\\\/?p=64620\"]}]},{\"@type\":\"ImageObject\",\"inLanguage\":\"en-US\",\"@id\":\"https:\\\/\\\/akunq.net\\\/tr\\\/?p=64620#primaryimage\",\"url\":\"https:\\\/\\\/akunq.net\\\/tr\\\/wp-content\\\/uploads\\\/sites\\\/6\\\/2021\\\/09\\\/Nefret-S\u00f6ylemi-Dijital-Ar\u015fivi.jpg\",\"contentUrl\":\"https:\\\/\\\/akunq.net\\\/tr\\\/wp-content\\\/uploads\\\/sites\\\/6\\\/2021\\\/09\\\/Nefret-S\u00f6ylemi-Dijital-Ar\u015fivi.jpg\",\"width\":500,\"height\":324},{\"@type\":\"BreadcrumbList\",\"@id\":\"https:\\\/\\\/akunq.net\\\/tr\\\/?p=64620#breadcrumb\",\"itemListElement\":[{\"@type\":\"ListItem\",\"position\":1,\"name\":\"Home\",\"item\":\"https:\\\/\\\/akunq.net\\\/tr\"},{\"@type\":\"ListItem\",\"position\":2,\"name\":\"Hrant Dink Vakf\u0131\u2019ndan \u201cNefret S\u00f6ylemi Dijital Ar\u015fivi\u201d\"}]},{\"@type\":\"WebSite\",\"@id\":\"https:\\\/\\\/akunq.net\\\/tr\\\/#website\",\"url\":\"https:\\\/\\\/akunq.net\\\/tr\\\/\",\"name\":\"Bati Ermenistan Ve Bati Ermenileri Sorunlari Ara\u015ftirmalar Merkezi\",\"description\":\"\",\"potentialAction\":[{\"@type\":\"SearchAction\",\"target\":{\"@type\":\"EntryPoint\",\"urlTemplate\":\"https:\\\/\\\/akunq.net\\\/tr\\\/?s={search_term_string}\"},\"query-input\":{\"@type\":\"PropertyValueSpecification\",\"valueRequired\":true,\"valueName\":\"search_term_string\"}}],\"inLanguage\":\"en-US\"},{\"@type\":\"Person\",\"@id\":\"https:\\\/\\\/akunq.net\\\/tr\\\/#\\\/schema\\\/person\\\/096f1d38a12cce57fb855b485ed24c9e\",\"name\":\"admin\",\"url\":\"https:\\\/\\\/akunq.net\\\/tr\\\/?author=7\"}]}<\/script>\n<!-- \/ Yoast SEO plugin. -->","yoast_head_json":{"title":"Hrant Dink Vakf\u0131\u2019ndan \u201cNefret S\u00f6ylemi Dijital Ar\u015fivi\u201d - Bati Ermenistan Ve Bati Ermenileri Sorunlari Ara\u015ftirmalar Merkezi","robots":{"index":"index","follow":"follow","max-snippet":"max-snippet:-1","max-image-preview":"max-image-preview:large","max-video-preview":"max-video-preview:-1"},"canonical":"https:\/\/akunq.net\/tr\/?p=64620","og_locale":"en_US","og_type":"article","og_title":"Hrant Dink Vakf\u0131\u2019ndan \u201cNefret S\u00f6ylemi Dijital Ar\u015fivi\u201d - Bati Ermenistan Ve Bati Ermenileri Sorunlari Ara\u015ftirmalar Merkezi","og_description":"Nefret S\u00f6ylemi Dijital Ar\u015fivi, 10 y\u0131ll\u0131k yaz\u0131l\u0131 bas\u0131n\u0131n taranmas\u0131 ile tespit edilen yakla\u015f\u0131k 16.500 haber ve k\u00f6\u015fe yaz\u0131s\u0131ndan olu\u015fuyor. Hrant Dink Vakf\u0131\u2019n\u0131n haz\u0131rlad\u0131\u011f\u0131 Nefret S\u00f6ylemi Dijital Ar\u015fivi, vakf\u0131n 2009-2019 y\u0131llar\u0131 aras\u0131nda y\u00fcr\u00fctt\u00fc\u011f\u00fc \u201cMedyada Nefret S\u00f6yleminin \u0130zlenmesi\u201d projesi kapsam\u0131nda \u00fcretilen raporlar ve haber k\u00fcp\u00fcrlerinden olu\u015fuyor. T\u00fcrkiye\u2019deki ulusal ve yerel yaz\u0131l\u0131 bas\u0131ndaki etnik ve din temelli nefret [&hellip;]","og_url":"https:\/\/akunq.net\/tr\/?p=64620","og_site_name":"Bati Ermenistan Ve Bati Ermenileri Sorunlari Ara\u015ftirmalar Merkezi","article_published_time":"2021-09-08T09:11:17+00:00","og_image":[{"width":500,"height":324,"url":"https:\/\/akunq.net\/tr\/wp-content\/uploads\/sites\/6\/2021\/09\/Nefret-S\u00f6ylemi-Dijital-Ar\u015fivi.jpg","type":"image\/jpeg"}],"author":"admin","twitter_card":"summary_large_image","twitter_misc":{"Written by":"admin","Est. reading time":"1 minute"},"schema":{"@context":"https:\/\/schema.org","@graph":[{"@type":"Article","@id":"https:\/\/akunq.net\/tr\/?p=64620#article","isPartOf":{"@id":"https:\/\/akunq.net\/tr\/?p=64620"},"author":{"name":"admin","@id":"https:\/\/akunq.net\/tr\/#\/schema\/person\/096f1d38a12cce57fb855b485ed24c9e"},"headline":"Hrant Dink Vakf\u0131\u2019ndan \u201cNefret S\u00f6ylemi Dijital Ar\u015fivi\u201d","datePublished":"2021-09-08T09:11:17+00:00","mainEntityOfPage":{"@id":"https:\/\/akunq.net\/tr\/?p=64620"},"wordCount":291,"commentCount":0,"image":{"@id":"https:\/\/akunq.net\/tr\/?p=64620#primaryimage"},"thumbnailUrl":"https:\/\/akunq.net\/tr\/wp-content\/uploads\/sites\/6\/2021\/09\/Nefret-S\u00f6ylemi-Dijital-Ar\u015fivi.jpg","articleSection":["Haberler"],"inLanguage":"en-US","potentialAction":[{"@type":"CommentAction","name":"Comment","target":["https:\/\/akunq.net\/tr\/?p=64620#respond"]}]},{"@type":"WebPage","@id":"https:\/\/akunq.net\/tr\/?p=64620","url":"https:\/\/akunq.net\/tr\/?p=64620","name":"Hrant Dink Vakf\u0131\u2019ndan \u201cNefret S\u00f6ylemi Dijital Ar\u015fivi\u201d - Bati Ermenistan Ve Bati Ermenileri Sorunlari Ara\u015ftirmalar Merkezi","isPartOf":{"@id":"https:\/\/akunq.net\/tr\/#website"},"primaryImageOfPage":{"@id":"https:\/\/akunq.net\/tr\/?p=64620#primaryimage"},"image":{"@id":"https:\/\/akunq.net\/tr\/?p=64620#primaryimage"},"thumbnailUrl":"https:\/\/akunq.net\/tr\/wp-content\/uploads\/sites\/6\/2021\/09\/Nefret-S\u00f6ylemi-Dijital-Ar\u015fivi.jpg","datePublished":"2021-09-08T09:11:17+00:00","author":{"@id":"https:\/\/akunq.net\/tr\/#\/schema\/person\/096f1d38a12cce57fb855b485ed24c9e"},"breadcrumb":{"@id":"https:\/\/akunq.net\/tr\/?p=64620#breadcrumb"},"inLanguage":"en-US","potentialAction":[{"@type":"ReadAction","target":["https:\/\/akunq.net\/tr\/?p=64620"]}]},{"@type":"ImageObject","inLanguage":"en-US","@id":"https:\/\/akunq.net\/tr\/?p=64620#primaryimage","url":"https:\/\/akunq.net\/tr\/wp-content\/uploads\/sites\/6\/2021\/09\/Nefret-S\u00f6ylemi-Dijital-Ar\u015fivi.jpg","contentUrl":"https:\/\/akunq.net\/tr\/wp-content\/uploads\/sites\/6\/2021\/09\/Nefret-S\u00f6ylemi-Dijital-Ar\u015fivi.jpg","width":500,"height":324},{"@type":"BreadcrumbList","@id":"https:\/\/akunq.net\/tr\/?p=64620#breadcrumb","itemListElement":[{"@type":"ListItem","position":1,"name":"Home","item":"https:\/\/akunq.net\/tr"},{"@type":"ListItem","position":2,"name":"Hrant Dink Vakf\u0131\u2019ndan \u201cNefret S\u00f6ylemi Dijital Ar\u015fivi\u201d"}]},{"@type":"WebSite","@id":"https:\/\/akunq.net\/tr\/#website","url":"https:\/\/akunq.net\/tr\/","name":"Bati Ermenistan Ve Bati Ermenileri Sorunlari Ara\u015ftirmalar Merkezi","description":"","potentialAction":[{"@type":"SearchAction","target":{"@type":"EntryPoint","urlTemplate":"https:\/\/akunq.net\/tr\/?s={search_term_string}"},"query-input":{"@type":"PropertyValueSpecification","valueRequired":true,"valueName":"search_term_string"}}],"inLanguage":"en-US"},{"@type":"Person","@id":"https:\/\/akunq.net\/tr\/#\/schema\/person\/096f1d38a12cce57fb855b485ed24c9e","name":"admin","url":"https:\/\/akunq.net\/tr\/?author=7"}]}},"_links":{"self":[{"href":"https:\/\/akunq.net\/tr\/index.php?rest_route=\/wp\/v2\/posts\/64620","targetHints":{"allow":["GET"]}}],"collection":[{"href":"https:\/\/akunq.net\/tr\/index.php?rest_route=\/wp\/v2\/posts"}],"about":[{"href":"https:\/\/akunq.net\/tr\/index.php?rest_route=\/wp\/v2\/types\/post"}],"author":[{"embeddable":true,"href":"https:\/\/akunq.net\/tr\/index.php?rest_route=\/wp\/v2\/users\/7"}],"replies":[{"embeddable":true,"href":"https:\/\/akunq.net\/tr\/index.php?rest_route=%2Fwp%2Fv2%2Fcomments&post=64620"}],"version-history":[{"count":1,"href":"https:\/\/akunq.net\/tr\/index.php?rest_route=\/wp\/v2\/posts\/64620\/revisions"}],"predecessor-version":[{"id":64622,"href":"https:\/\/akunq.net\/tr\/index.php?rest_route=\/wp\/v2\/posts\/64620\/revisions\/64622"}],"wp:featuredmedia":[{"embeddable":true,"href":"https:\/\/akunq.net\/tr\/index.php?rest_route=\/wp\/v2\/media\/64621"}],"wp:attachment":[{"href":"https:\/\/akunq.net\/tr\/index.php?rest_route=%2Fwp%2Fv2%2Fmedia&parent=64620"}],"wp:term":[{"taxonomy":"category","embeddable":true,"href":"https:\/\/akunq.net\/tr\/index.php?rest_route=%2Fwp%2Fv2%2Fcategories&post=64620"},{"taxonomy":"post_tag","embeddable":true,"href":"https:\/\/akunq.net\/tr\/index.php?rest_route=%2Fwp%2Fv2%2Ftags&post=64620"}],"curies":[{"name":"wp","href":"https:\/\/api.w.org\/{rel}","templated":true}]}}