{"id":64572,"date":"2021-09-06T03:49:10","date_gmt":"2021-09-06T08:49:10","guid":{"rendered":"https:\/\/akunq.net\/tr\/?p=64572"},"modified":"2021-09-06T03:49:10","modified_gmt":"2021-09-06T08:49:10","slug":"6-7-eylul-icin-arastirma-onergesi-ve-kanun-teklifi","status":"publish","type":"post","link":"https:\/\/akunq.net\/tr\/?p=64572","title":{"rendered":"6-7 Eyl\u00fcl i\u00e7in ara\u015ft\u0131rma \u00f6nergesi ve kanun teklifi"},"content":{"rendered":"<p><img loading=\"lazy\" decoding=\"async\" class=\"aligncenter size-medium wp-image-64573\" src=\"https:\/\/akunq.net\/tr\/wp-content\/uploads\/2021\/09\/6-7-Eyl\u00fcl-360x201.jpg\" alt=\"\" width=\"360\" height=\"201\" srcset=\"https:\/\/akunq.net\/tr\/wp-content\/uploads\/sites\/6\/2021\/09\/6-7-Eyl\u00fcl-360x201.jpg 360w, https:\/\/akunq.net\/tr\/wp-content\/uploads\/sites\/6\/2021\/09\/6-7-Eyl\u00fcl-560x313.jpg 560w, https:\/\/akunq.net\/tr\/wp-content\/uploads\/sites\/6\/2021\/09\/6-7-Eyl\u00fcl-260x146.jpg 260w, https:\/\/akunq.net\/tr\/wp-content\/uploads\/sites\/6\/2021\/09\/6-7-Eyl\u00fcl-160x90.jpg 160w, https:\/\/akunq.net\/tr\/wp-content\/uploads\/sites\/6\/2021\/09\/6-7-Eyl\u00fcl.jpg 620w\" sizes=\"auto, (max-width: 360px) 100vw, 360px\" \/><\/p>\n<p><em><strong>HDP milletvekili Garo Paylan 6-7 Eyl\u00fcl 1955&#8217;teki pogromun y\u0131ld\u00f6n\u00fcm\u00fcnde konuyla ilgili olarak Meclis Ara\u015ft\u0131rmas\u0131 a\u00e7\u0131lmas\u0131 i\u00e7in TBMM&#8217;ye \u00f6nerge verdi. HDP milletvekili \u00d6mer Faruk Gergerlio\u011flu da 6-7 Eyl\u00fcl&#8217;\u00fcn anma ve yas g\u00fcn\u00fc ilan edilmesi i\u00e7in TBMM&#8217;ye teklif verdi.<\/strong><\/em><\/p>\n<p>HDP milletvekili Garo Paylan&#8217;\u0131n Meclis Ara\u015ft\u0131rmas\u0131 \u00d6nergesi&#8217;nin gerek\u00e7esi \u015f\u00f6yle:<\/p>\n<p><em>&#8220;6-7 Eyl\u00fcl 1955 Pogromu, T\u00fcrkiye Cumhuriyeti tarihinde ya\u015fanan ve h\u00e2l\u00e2 y\u00fczle\u015filmemi\u015f vahim olaylardan biridir. Resmi verilere g\u00f6re, yaln\u0131zca \u0130stanbul\u2019da 73 kilise, 8 ayazma, 2 manast\u0131r, 3.584\u2019\u00fc Rumlara ait olmak \u00fczere 5.538 ev ve i\u015fyeri yak\u0131l\u0131p y\u0131k\u0131lm\u0131\u015f, ya\u011fmalanm\u0131\u015ft\u0131r. Yine resmi kay\u0131tlara g\u00f6re, 60 kad\u0131n tecav\u00fcze u\u011fram\u0131\u015f, bir\u00e7ok ki\u015fi \u00f6ld\u00fcr\u00fclm\u00fc\u015ft\u00fcr. T\u00fcm bu rakamlar\u0131n, kay\u0131tlara ge\u00e7enlerden daha y\u00fcksek oldu\u011fu, konuya dair y\u00fcr\u00fct\u00fclen farkl\u0131 ara\u015ft\u0131rmalarda ortaya konulmu\u015ftur. Ayr\u0131ca, ya\u015fanan Pogrom\u2019un cezas\u0131z kalmas\u0131n\u0131n ard\u0131ndan on binlerce Rum, Ermeni, Yahudi, S\u00fcryani yurtta\u015f, bask\u0131lara ve can g\u00fcvenli\u011fi tehdidine kar\u015f\u0131 \u00fclkeyi terk etmek zorunda kalm\u0131\u015ft\u0131r.<\/em><\/p>\n<p><em>6-7 Eyl\u00fcl 1955 Pogromu; \u0130stanbul ve \u0130zmir ba\u015fta olmak \u00fczere bir\u00e7ok yerde, Rum, Ermeni, Yahudi ve di\u011fer dini az\u0131nl\u0131klar\u0131n mallar\u0131n\u0131n ya\u011fmalanmas\u0131, tecav\u00fcz olaylar\u0131, ruhanilerin darp edilmesi, mezarl\u0131klar\u0131n talan\u0131 ve i\u015flenen cinayetlerle T\u00fcrkiye\u2019nin utan\u00e7 tarihine yaz\u0131lm\u0131\u015ft\u0131r. Bu Pogrom\u2019un failleri Cumhuriyet tarihindeki pek \u00e7ok menfi olay gibi ceza almam\u0131\u015f, bilakis olaylara kar\u0131\u015fan ya da sebep olan ki\u015filer terfi edilmi\u015ftir.<\/em><\/p>\n<p><em>\u00d6rne\u011fin, 6-7 Eyl\u00fcl Pogromu s\u0131ras\u0131nda Seferberlik Tetkik Kurulu\u2019nda g\u00f6revli olan Sabri Yirmibe\u015fo\u011flu; \u201c6-7 Eyl\u00fcl de bir \u00d6zel Harp i\u015fidir. Muhte\u015fem bir \u00f6rg\u00fctlenmeydi, amac\u0131na da ula\u015ft\u0131.\u201d a\u00e7\u0131klamas\u0131na ra\u011fmen, y\u0131llar i\u00e7erisinde b\u00fcrokrasi basamaklar\u0131nda kademe kademe y\u00fckselmi\u015f, 1988-1990 y\u0131llar\u0131 aras\u0131nda MGK Genel Sekreterli\u011fi\u2019ne kadar ula\u015fm\u0131\u015ft\u0131r. Hatta, Pogrom\u2019un fitilini ate\u015fleyen, Atat\u00fcrk\u2019\u00fcn Selanik\u2019teki evine at\u0131lan bomban\u0131n faili Oktay Engin, Selanik \u00dcniversitesi Hukuk Fak\u00fcltesi \u00f6\u011frencili\u011fiyle ba\u015flayan kariyerine 1992-93 y\u0131llar\u0131nda Nev\u015fehir Valisi olarak devam etmi\u015ftir.<\/em><\/p>\n<p><em>Faillerin cezaland\u0131r\u0131lmak yerine \u00f6d\u00fcllendirildi\u011fi anlay\u0131\u015f cezas\u0131zl\u0131k politikalar\u0131 nedeniyle de\u011fi\u015fmemi\u015ftir. 2007 y\u0131l\u0131nda \u00f6ld\u00fcr\u00fclen Agos Gazetesi kurucusu ve Genel Yay\u0131n Y\u00f6netmeni Hrant Dink\u2019in cinayetinde dahli olan kamu g\u00f6revlilerinin ald\u0131klar\u0131 terfiler ve ku\u015fand\u0131klar\u0131 dokunulmazl\u0131k z\u0131rh\u0131, bu devaml\u0131l\u0131\u011f\u0131n en taze \u00f6rneklerinden olmu\u015ftur.<\/em><\/p>\n<p><em>Y\u00fczle\u015filmeyen su\u00e7 tekrarlam\u0131\u015ft\u0131r. \u00c7\u00fcnk\u00fc y\u00fczle\u015filmeyen su\u00e7lar tekrarlar&#8230;<\/em><\/p>\n<p><em>19. y\u00fczy\u0131l\u0131n son d\u00f6neminden itibaren devletin gadrine defalarca u\u011frayan; Ermeni, Rum, S\u00fcryani ve Yahudi halklar\u0131, 6-7 Eyl\u00fcl 1955 Pogromu ile bir y\u0131k\u0131m daha ya\u015fam\u0131\u015ft\u0131r. \u00dclkemizde ya\u015fanan bu b\u00fcy\u00fck su\u00e7un \u00fczerinden 66 y\u0131l ge\u00e7mesine ra\u011fmen TBMM, Pogrom\u2019un faillerinin ortaya \u00e7\u0131kar\u0131lmas\u0131 i\u00e7in bug\u00fcne kadar herhangi bir ad\u0131m atmam\u0131\u015ft\u0131r. 2015 y\u0131l\u0131nda, Atina\u2019da bulunan \u0130stanbullu Rumlar\u0131n Evrensel Federasyonu\u2019nun TBMM\u2019ye yapt\u0131\u011f\u0131 bu y\u00f6ndeki \u00e7a\u011fr\u0131ya kar\u015f\u0131 da sessiz kal\u0131nm\u0131\u015ft\u0131r.<\/em><\/p>\n<p><em>6-7 Eyl\u00fcl 1955 pogromunun hesab\u0131n\u0131 vermeyen karanl\u0131k gelenek bug\u00fcne kadar varl\u0131\u011f\u0131n\u0131 s\u00fcrd\u00fcrm\u00fc\u015ft\u00fcr. Siyaset\u00e7iler ve kamu g\u00f6revlileri bug\u00fcn de hukuk d\u0131\u015f\u0131na \u00e7\u0131kmakta ve insan haklar\u0131 ihlalleri ger\u00e7ekle\u015ftirmektedir. 6-7 Eyl\u00fcl 1955 pogromu ile y\u00fczle\u015fmek, bug\u00fcn devlet i\u00e7inde benzer pogromlar\u0131 organize etmeye haz\u0131r odaklar\u0131n varl\u0131\u011f\u0131na son verecektir. Bu nedenle, 6-7 Eyl\u00fcl 1955, asl\u0131nda bug\u00fcnd\u00fcr.\u00a0<\/em><\/p>\n<p><em>6-7 Eyl\u00fcl 1955\u2019te ya\u015fanan Pogrom\u2019un faillerinin ortaya \u00e7\u0131kar\u0131lmas\u0131, ya\u015fanan can ve mal kay\u0131plar\u0131n\u0131n tespit edilmesi, ma\u011fdur olan ki\u015filerin ve kurumlar\u0131n maddi ve manevi kay\u0131plar\u0131n\u0131n tazmin edilmesi ve ge\u00e7 de olsa adaletin yerini bulmas\u0131, TBMM\u2019nin ge\u00e7mi\u015fle y\u00fczle\u015fme ad\u0131na ataca\u011f\u0131 \u00f6nemli bir ad\u0131m olacakt\u0131r.<\/em><\/p>\n<p><em>Bu sebeple bir Meclis Ara\u015ft\u0131rmas\u0131 a\u00e7\u0131lmas\u0131n\u0131 talep ediyoruz.&#8221;<\/em><\/p>\n<p>HDP miletvekili \u00d6mer Faruk Gergerlio\u011flu&#8217;nun &#8220;6-7 Eyl\u00fcl 1955\u2019te Ya\u015fanan Olaylarda Hayat\u0131n\u0131 Kaybedenleri Anma ve Yas G\u00fcn\u00fc \u0130lan Edelim&#8221; ba\u015fl\u0131kl\u0131 kanun teklifinin gerek\u00e7esi ise \u015f\u00f6yle:<\/p>\n<p><em>&#8220;6-7 Eyl\u00fcl 1955 senesinde T\u00fcrkiye tarihinin en utan\u00e7 verici g\u00f6r\u00fcnt\u00fclerinden birisi sahnelenmekteydi. 1955\u2019in yaz\u0131nda \u00f6zellikle d\u00f6nemin medyas\u0131nda \u0130stanbul\u2019da ya\u015fayan Rumlara y\u00f6nelik halk\u0131 k\u0131\u015fk\u0131rtma kampanyalar\u0131 yap\u0131lmaktayd\u0131. K\u0131br\u0131s Rumlar\u0131n\u0131n ba\u011f\u0131ms\u0131z olabilmesi i\u00e7in kiliselerde para topland\u0131\u011f\u0131 yalanlar\u0131 ile insanlar Rumlara kar\u015f\u0131 doldurulmaktayd\u0131.\u00a0 \u00a0K\u0131br\u0131s T\u00fcrkt\u00fcr Cemiyeti (KTC), Milli T\u00fcrk Talebe Birli\u011fi (MTTB) ve T\u00fcrkiye Milli Talebe Federasyonu (TMTF) gibi \u00f6\u011frenci \u00f6rg\u00fctleri bas\u0131nda yer alan yalan haberlerin daha da fazla yayg\u0131nla\u015fmas\u0131 ve Rum d\u00fc\u015fmanl\u0131\u011f\u0131n\u0131n derinle\u015fmesi i\u00e7in \u00e7al\u0131\u015fmalar y\u00fcr\u00fctmekteydi<\/em><\/p>\n<p><em>6 Eyl\u00fcl 1955\u2019te yalan haberle Selanik\u2019teki Mustafa Kemal Atat\u00fcrk\u2019\u00fcn evine Yunanl\u0131lar taraf\u0131ndan bomba at\u0131ld\u0131\u011f\u0131 yaz\u0131l\u0131yordu. Bu haber ile yang\u0131n i\u00e7in istenen k\u0131v\u0131lc\u0131m bulunmu\u015f neticesinde galeyana gelen insanlar \u00f6zellikle Rumlara y\u00f6nelik ya\u011fma olaylar\u0131na ba\u015flam\u0131\u015ft\u0131r. Rum az\u0131nl\u0131\u011fa ait i\u015fyerleri evler talan ediliyordu. Resmi kaynaklara g\u00f6re 4 bin 214 ev, 1.004 i\u015fyeri, 73 kilise, 1 sinagog, 2 manast\u0131r, 26 okul tahrip edildi.\u00a0 Kiliselere sald\u0131r\u0131ld\u0131, i\u00e7indeki kutsal resimler, ha\u00e7lar, ikonalar ve di\u011fer kutsal e\u015fyalara zarar verildi. 73 Rum Ortodoks kilisesi ate\u015fe verildi. Olaylarda 11 ki\u015fi hayat\u0131n\u0131 kaybetti. Helsinki Watch \u00f6rg\u00fct\u00fcn\u00fcn bir raporuna g\u00f6re ise \u00f6lenlerin say\u0131s\u0131 15 olarak kay\u0131tlara ge\u00e7iyordu.<\/em><\/p>\n<p><em>Olaylar konusunda yay\u0131nlanan foto\u011fraflar sadece Beyo\u011flu \u0130stiklal Caddesini g\u00f6sterse de Rumlar\u0131n yo\u011fun olarak ya\u015fad\u0131\u011f\u0131; Beyo\u011flu, Kurtulu\u015f, \u015ei\u015fli, Ni\u015fanta\u015f\u0131, Emin\u00f6n\u00fc, Fatih, Balat, Ey\u00fcp, Bak\u0131rk\u00f6y, Ye\u015filk\u00f6y, Ortak\u00f6y, Arnavutk\u00f6y, Bebek, Moda, Kad\u0131k\u00f6y, Kuzguncuk, \u00c7engelk\u00f6y de bu vandall\u0131ktan ve \u0131rk\u00e7\u0131l\u0131ktan nasibini al\u0131yordu. Tahrip edilen i\u015fyerlerinin sadece y\u00fczde 59\u2019u Rumlara aitken, kalan y\u00fczde 17\u2019sinin Ermenilere, y\u00fczde 12\u2019sinin Yahudilere ait olmas\u0131 ise olay\u0131n sadece bir ya\u011fma olmad\u0131\u011f\u0131n\u0131 \u0131rk\u00e7\u0131l\u0131k boyutunun da oldu\u011funu g\u00f6zler \u00f6n\u00fcne seriyordu.<\/em><\/p>\n<p><em>TFF 2018-2019 senesi futbol sezonuna ismi verilen, T\u00fcrkiye futbolunun efsanelerinden biri olan aslen Rum olan Lefter K\u00fc\u00e7\u00fckandonyanis de, olaylar\u0131n ma\u011fdurlar\u0131ndan oldu. Lefter, o g\u00fcnleri \u015f\u00f6yle anlatt\u0131: \u201c15 g\u00fcn \u00f6nce gol att\u0131\u011f\u0131mda omuzlardayd\u0131m. O g\u00fcn ise kayalar ve boya tenekeleri ile kar\u015f\u0131la\u015ft\u0131m. En k\u00f6t\u00fcs\u00fc har\u00e7l\u0131k verdi\u011fim \u00e7ocuklar evime sald\u0131rd\u0131. K\u0131zlar\u0131m k\u00fc\u00e7\u00fckt\u00fc, onlar\u0131 \u00f6ld\u00fcrmeye kalkt\u0131lar. Sonra \u00e7ok sordular kim yapt\u0131 diye, ama o g\u00fcn de s\u00f6ylemedim, bug\u00fcn de s\u00f6ylemeyece\u011fim.\u201d<\/em><\/p>\n<p><em>6-7 Eyl\u00fcl 1955\u2019te olaylara \u015fahid olan Ek\u00fcmenik Patrikhane\u2019nin foto\u011fraf\u00e7\u0131s\u0131 Dimitrios Kalumenos, \u201cH\u0131ristiyanl\u0131\u011f\u0131n \u00c7arm\u0131ha Gerili\u015fi\u201d kitab\u0131nda olaylar\u0131 yazm\u0131\u015ft\u0131r. Bu kitab\u0131 yaz\u0131s\u0131nda aktaran Serdar Korucunun aktar\u0131m\u0131nda: \u201c200 Rum gen\u00e7 k\u0131z\u0131na vah\u015fice tecav\u00fcz ve i\u015fkence edildi. Bo\u011faz\u2019da, Ortak\u00f6y\u2019de, akabinde akl\u0131n\u0131 yitiren 80 ya\u015f\u0131ndaki bir kad\u0131na tecav\u00fcz edildi. \u015ei\u015fli\u2019deki Rum Kabristan\u0131\u2019nda yak\u0131n zamanda g\u00f6m\u00fclm\u00fc\u015f olan \u0130liaskos\u2019un mezar\u0131n\u0131 a\u00e7t\u0131lar ve onun cesedini b\u0131\u00e7aklad\u0131lar! Ba\u015fka mezarlar\u0131 da kazd\u0131lar, kemikleri \u00e7\u0131kard\u0131lar ve kafataslar\u0131na top muamelesi yap\u0131p tekmeleyerek T\u00fcrk futbolunun ilerlemesi ve geli\u015fmesine \u00f6nemli katk\u0131 sa\u011flayan \u00fcnl\u00fc Rum futbolcu Lefter K\u00fc\u00e7\u00fckandonyadis\u2019i alaya almak i\u00e7in \u2018Lefter Gol, Gol, Gol!\u2019 diye ba\u011f\u0131rd\u0131lar!\u201d ifadeleri yer alm\u0131\u015ft\u0131r. Bu olaylar neticesinde pek \u00e7ok T\u00fcrkiye\u2019de ya\u015fayan Rum yurtta\u015f can ve mal g\u00fcvenlikleri olmad\u0131\u011f\u0131 i\u00e7in T\u00fcrkiye\u2019yi terk etmek durumunda kalm\u0131\u015ft\u0131r.<\/em><\/p>\n<p><em>Ya\u015fanan olaylar bug\u00fcn hale belleklerde tazeli\u011fini korurken etkin soru\u015fturmalar\u0131n y\u00fcr\u00fct\u00fclmemesi ma\u011fdurlar\u0131n adaletin yerini bulamad\u0131\u011f\u0131 hissiyat\u0131 toplumsal bar\u0131\u015f i\u00e7in risk olu\u015fturmaktad\u0131r.\u00a0<\/em><\/p>\n<p><em>Yukar\u0131da belirtti\u011fim sebepler \u00e7er\u00e7evesinde \u20186 Eyl\u00fcl g\u00fcn\u00fcn\u00fcn 6 &#8211; 7 Eyl\u00fcl 1955\u2019te Ya\u015fanan Olaylarda Kaybedenleri Anma ve Yas G\u00fcn\u00fc\u2019 olmas\u0131 i\u00e7in bu kanun teklifi haz\u0131rlanm\u0131\u015ft\u0131r.&#8221;<\/em><\/p>\n<p><em><strong>http:\/\/www.agos.com.tr\/tr\/yazi\/26128\/6-7-eylul-icin-arastirma-onergesi-ve-kanun-teklifi\u00a0<\/strong><\/em><\/p>\n","protected":false},"excerpt":{"rendered":"<p>HDP milletvekili Garo Paylan 6-7 Eyl\u00fcl 1955&#8217;teki pogromun y\u0131ld\u00f6n\u00fcm\u00fcnde konuyla ilgili olarak Meclis Ara\u015ft\u0131rmas\u0131 a\u00e7\u0131lmas\u0131 i\u00e7in TBMM&#8217;ye \u00f6nerge verdi. HDP milletvekili \u00d6mer Faruk Gergerlio\u011flu da 6-7 Eyl\u00fcl&#8217;\u00fcn anma ve yas g\u00fcn\u00fc ilan edilmesi i\u00e7in TBMM&#8217;ye teklif verdi. HDP milletvekili Garo Paylan&#8217;\u0131n Meclis Ara\u015ft\u0131rmas\u0131 \u00d6nergesi&#8217;nin gerek\u00e7esi \u015f\u00f6yle: &#8220;6-7 Eyl\u00fcl 1955 Pogromu, T\u00fcrkiye Cumhuriyeti tarihinde ya\u015fanan ve [&hellip;]<\/p>\n","protected":false},"author":7,"featured_media":64573,"comment_status":"open","ping_status":"open","sticky":false,"template":"","format":"standard","meta":{"footnotes":""},"categories":[1,53],"tags":[],"class_list":["post-64572","post","type-post","status-publish","format-standard","has-post-thumbnail","hentry","category-haberler","category-turkiyede-azinliklar"],"yoast_head":"<!-- This site is optimized with the Yoast SEO plugin v27.4 - https:\/\/yoast.com\/product\/yoast-seo-wordpress\/ -->\n<title>6-7 Eyl\u00fcl i\u00e7in ara\u015ft\u0131rma \u00f6nergesi ve kanun teklifi - Bati Ermenistan Ve Bati Ermenileri Sorunlari Ara\u015ftirmalar Merkezi<\/title>\n<meta name=\"robots\" content=\"index, follow, max-snippet:-1, max-image-preview:large, max-video-preview:-1\" \/>\n<link rel=\"canonical\" href=\"https:\/\/akunq.net\/tr\/?p=64572\" \/>\n<meta property=\"og:locale\" content=\"en_US\" \/>\n<meta property=\"og:type\" content=\"article\" \/>\n<meta property=\"og:title\" content=\"6-7 Eyl\u00fcl i\u00e7in ara\u015ft\u0131rma \u00f6nergesi ve kanun teklifi - Bati Ermenistan Ve Bati Ermenileri Sorunlari Ara\u015ftirmalar Merkezi\" \/>\n<meta property=\"og:description\" content=\"HDP milletvekili Garo Paylan 6-7 Eyl\u00fcl 1955&#8217;teki pogromun y\u0131ld\u00f6n\u00fcm\u00fcnde konuyla ilgili olarak Meclis Ara\u015ft\u0131rmas\u0131 a\u00e7\u0131lmas\u0131 i\u00e7in TBMM&#8217;ye \u00f6nerge verdi. HDP milletvekili \u00d6mer Faruk Gergerlio\u011flu da 6-7 Eyl\u00fcl&#8217;\u00fcn anma ve yas g\u00fcn\u00fc ilan edilmesi i\u00e7in TBMM&#8217;ye teklif verdi. HDP milletvekili Garo Paylan&#8217;\u0131n Meclis Ara\u015ft\u0131rmas\u0131 \u00d6nergesi&#8217;nin gerek\u00e7esi \u015f\u00f6yle: &#8220;6-7 Eyl\u00fcl 1955 Pogromu, T\u00fcrkiye Cumhuriyeti tarihinde ya\u015fanan ve [&hellip;]\" \/>\n<meta property=\"og:url\" content=\"https:\/\/akunq.net\/tr\/?p=64572\" \/>\n<meta property=\"og:site_name\" content=\"Bati Ermenistan Ve Bati Ermenileri Sorunlari Ara\u015ftirmalar Merkezi\" \/>\n<meta property=\"article:published_time\" content=\"2021-09-06T08:49:10+00:00\" \/>\n<meta property=\"og:image\" content=\"https:\/\/akunq.net\/tr\/wp-content\/uploads\/sites\/6\/2021\/09\/6-7-Eyl\u00fcl.jpg\" \/>\n\t<meta property=\"og:image:width\" content=\"620\" \/>\n\t<meta property=\"og:image:height\" content=\"347\" \/>\n\t<meta property=\"og:image:type\" content=\"image\/jpeg\" \/>\n<meta name=\"author\" content=\"admin\" \/>\n<meta name=\"twitter:card\" content=\"summary_large_image\" \/>\n<meta name=\"twitter:label1\" content=\"Written by\" \/>\n\t<meta name=\"twitter:data1\" content=\"admin\" \/>\n\t<meta name=\"twitter:label2\" content=\"Est. reading time\" \/>\n\t<meta name=\"twitter:data2\" content=\"7 minutes\" \/>\n<script type=\"application\/ld+json\" class=\"yoast-schema-graph\">{\"@context\":\"https:\\\/\\\/schema.org\",\"@graph\":[{\"@type\":\"Article\",\"@id\":\"https:\\\/\\\/akunq.net\\\/tr\\\/?p=64572#article\",\"isPartOf\":{\"@id\":\"https:\\\/\\\/akunq.net\\\/tr\\\/?p=64572\"},\"author\":{\"name\":\"admin\",\"@id\":\"https:\\\/\\\/akunq.net\\\/tr\\\/#\\\/schema\\\/person\\\/096f1d38a12cce57fb855b485ed24c9e\"},\"headline\":\"6-7 Eyl\u00fcl i\u00e7in ara\u015ft\u0131rma \u00f6nergesi ve kanun teklifi\",\"datePublished\":\"2021-09-06T08:49:10+00:00\",\"mainEntityOfPage\":{\"@id\":\"https:\\\/\\\/akunq.net\\\/tr\\\/?p=64572\"},\"wordCount\":1451,\"commentCount\":0,\"image\":{\"@id\":\"https:\\\/\\\/akunq.net\\\/tr\\\/?p=64572#primaryimage\"},\"thumbnailUrl\":\"https:\\\/\\\/akunq.net\\\/tr\\\/wp-content\\\/uploads\\\/sites\\\/6\\\/2021\\\/09\\\/6-7-Eyl\u00fcl.jpg\",\"articleSection\":[\"Haberler\",\"T\u00fcrkiye\u2019de Az\u0131nl\u0131klar\"],\"inLanguage\":\"en-US\",\"potentialAction\":[{\"@type\":\"CommentAction\",\"name\":\"Comment\",\"target\":[\"https:\\\/\\\/akunq.net\\\/tr\\\/?p=64572#respond\"]}]},{\"@type\":\"WebPage\",\"@id\":\"https:\\\/\\\/akunq.net\\\/tr\\\/?p=64572\",\"url\":\"https:\\\/\\\/akunq.net\\\/tr\\\/?p=64572\",\"name\":\"6-7 Eyl\u00fcl i\u00e7in ara\u015ft\u0131rma \u00f6nergesi ve kanun teklifi - Bati Ermenistan Ve Bati Ermenileri Sorunlari Ara\u015ftirmalar Merkezi\",\"isPartOf\":{\"@id\":\"https:\\\/\\\/akunq.net\\\/tr\\\/#website\"},\"primaryImageOfPage\":{\"@id\":\"https:\\\/\\\/akunq.net\\\/tr\\\/?p=64572#primaryimage\"},\"image\":{\"@id\":\"https:\\\/\\\/akunq.net\\\/tr\\\/?p=64572#primaryimage\"},\"thumbnailUrl\":\"https:\\\/\\\/akunq.net\\\/tr\\\/wp-content\\\/uploads\\\/sites\\\/6\\\/2021\\\/09\\\/6-7-Eyl\u00fcl.jpg\",\"datePublished\":\"2021-09-06T08:49:10+00:00\",\"author\":{\"@id\":\"https:\\\/\\\/akunq.net\\\/tr\\\/#\\\/schema\\\/person\\\/096f1d38a12cce57fb855b485ed24c9e\"},\"breadcrumb\":{\"@id\":\"https:\\\/\\\/akunq.net\\\/tr\\\/?p=64572#breadcrumb\"},\"inLanguage\":\"en-US\",\"potentialAction\":[{\"@type\":\"ReadAction\",\"target\":[\"https:\\\/\\\/akunq.net\\\/tr\\\/?p=64572\"]}]},{\"@type\":\"ImageObject\",\"inLanguage\":\"en-US\",\"@id\":\"https:\\\/\\\/akunq.net\\\/tr\\\/?p=64572#primaryimage\",\"url\":\"https:\\\/\\\/akunq.net\\\/tr\\\/wp-content\\\/uploads\\\/sites\\\/6\\\/2021\\\/09\\\/6-7-Eyl\u00fcl.jpg\",\"contentUrl\":\"https:\\\/\\\/akunq.net\\\/tr\\\/wp-content\\\/uploads\\\/sites\\\/6\\\/2021\\\/09\\\/6-7-Eyl\u00fcl.jpg\",\"width\":620,\"height\":347},{\"@type\":\"BreadcrumbList\",\"@id\":\"https:\\\/\\\/akunq.net\\\/tr\\\/?p=64572#breadcrumb\",\"itemListElement\":[{\"@type\":\"ListItem\",\"position\":1,\"name\":\"Home\",\"item\":\"https:\\\/\\\/akunq.net\\\/tr\"},{\"@type\":\"ListItem\",\"position\":2,\"name\":\"6-7 Eyl\u00fcl i\u00e7in ara\u015ft\u0131rma \u00f6nergesi ve kanun teklifi\"}]},{\"@type\":\"WebSite\",\"@id\":\"https:\\\/\\\/akunq.net\\\/tr\\\/#website\",\"url\":\"https:\\\/\\\/akunq.net\\\/tr\\\/\",\"name\":\"Bati Ermenistan Ve Bati Ermenileri Sorunlari Ara\u015ftirmalar Merkezi\",\"description\":\"\",\"potentialAction\":[{\"@type\":\"SearchAction\",\"target\":{\"@type\":\"EntryPoint\",\"urlTemplate\":\"https:\\\/\\\/akunq.net\\\/tr\\\/?s={search_term_string}\"},\"query-input\":{\"@type\":\"PropertyValueSpecification\",\"valueRequired\":true,\"valueName\":\"search_term_string\"}}],\"inLanguage\":\"en-US\"},{\"@type\":\"Person\",\"@id\":\"https:\\\/\\\/akunq.net\\\/tr\\\/#\\\/schema\\\/person\\\/096f1d38a12cce57fb855b485ed24c9e\",\"name\":\"admin\",\"url\":\"https:\\\/\\\/akunq.net\\\/tr\\\/?author=7\"}]}<\/script>\n<!-- \/ Yoast SEO plugin. -->","yoast_head_json":{"title":"6-7 Eyl\u00fcl i\u00e7in ara\u015ft\u0131rma \u00f6nergesi ve kanun teklifi - Bati Ermenistan Ve Bati Ermenileri Sorunlari Ara\u015ftirmalar Merkezi","robots":{"index":"index","follow":"follow","max-snippet":"max-snippet:-1","max-image-preview":"max-image-preview:large","max-video-preview":"max-video-preview:-1"},"canonical":"https:\/\/akunq.net\/tr\/?p=64572","og_locale":"en_US","og_type":"article","og_title":"6-7 Eyl\u00fcl i\u00e7in ara\u015ft\u0131rma \u00f6nergesi ve kanun teklifi - Bati Ermenistan Ve Bati Ermenileri Sorunlari Ara\u015ftirmalar Merkezi","og_description":"HDP milletvekili Garo Paylan 6-7 Eyl\u00fcl 1955&#8217;teki pogromun y\u0131ld\u00f6n\u00fcm\u00fcnde konuyla ilgili olarak Meclis Ara\u015ft\u0131rmas\u0131 a\u00e7\u0131lmas\u0131 i\u00e7in TBMM&#8217;ye \u00f6nerge verdi. HDP milletvekili \u00d6mer Faruk Gergerlio\u011flu da 6-7 Eyl\u00fcl&#8217;\u00fcn anma ve yas g\u00fcn\u00fc ilan edilmesi i\u00e7in TBMM&#8217;ye teklif verdi. HDP milletvekili Garo Paylan&#8217;\u0131n Meclis Ara\u015ft\u0131rmas\u0131 \u00d6nergesi&#8217;nin gerek\u00e7esi \u015f\u00f6yle: &#8220;6-7 Eyl\u00fcl 1955 Pogromu, T\u00fcrkiye Cumhuriyeti tarihinde ya\u015fanan ve [&hellip;]","og_url":"https:\/\/akunq.net\/tr\/?p=64572","og_site_name":"Bati Ermenistan Ve Bati Ermenileri Sorunlari Ara\u015ftirmalar Merkezi","article_published_time":"2021-09-06T08:49:10+00:00","og_image":[{"width":620,"height":347,"url":"https:\/\/akunq.net\/tr\/wp-content\/uploads\/sites\/6\/2021\/09\/6-7-Eyl\u00fcl.jpg","type":"image\/jpeg"}],"author":"admin","twitter_card":"summary_large_image","twitter_misc":{"Written by":"admin","Est. reading time":"7 minutes"},"schema":{"@context":"https:\/\/schema.org","@graph":[{"@type":"Article","@id":"https:\/\/akunq.net\/tr\/?p=64572#article","isPartOf":{"@id":"https:\/\/akunq.net\/tr\/?p=64572"},"author":{"name":"admin","@id":"https:\/\/akunq.net\/tr\/#\/schema\/person\/096f1d38a12cce57fb855b485ed24c9e"},"headline":"6-7 Eyl\u00fcl i\u00e7in ara\u015ft\u0131rma \u00f6nergesi ve kanun teklifi","datePublished":"2021-09-06T08:49:10+00:00","mainEntityOfPage":{"@id":"https:\/\/akunq.net\/tr\/?p=64572"},"wordCount":1451,"commentCount":0,"image":{"@id":"https:\/\/akunq.net\/tr\/?p=64572#primaryimage"},"thumbnailUrl":"https:\/\/akunq.net\/tr\/wp-content\/uploads\/sites\/6\/2021\/09\/6-7-Eyl\u00fcl.jpg","articleSection":["Haberler","T\u00fcrkiye\u2019de Az\u0131nl\u0131klar"],"inLanguage":"en-US","potentialAction":[{"@type":"CommentAction","name":"Comment","target":["https:\/\/akunq.net\/tr\/?p=64572#respond"]}]},{"@type":"WebPage","@id":"https:\/\/akunq.net\/tr\/?p=64572","url":"https:\/\/akunq.net\/tr\/?p=64572","name":"6-7 Eyl\u00fcl i\u00e7in ara\u015ft\u0131rma \u00f6nergesi ve kanun teklifi - Bati Ermenistan Ve Bati Ermenileri Sorunlari Ara\u015ftirmalar Merkezi","isPartOf":{"@id":"https:\/\/akunq.net\/tr\/#website"},"primaryImageOfPage":{"@id":"https:\/\/akunq.net\/tr\/?p=64572#primaryimage"},"image":{"@id":"https:\/\/akunq.net\/tr\/?p=64572#primaryimage"},"thumbnailUrl":"https:\/\/akunq.net\/tr\/wp-content\/uploads\/sites\/6\/2021\/09\/6-7-Eyl\u00fcl.jpg","datePublished":"2021-09-06T08:49:10+00:00","author":{"@id":"https:\/\/akunq.net\/tr\/#\/schema\/person\/096f1d38a12cce57fb855b485ed24c9e"},"breadcrumb":{"@id":"https:\/\/akunq.net\/tr\/?p=64572#breadcrumb"},"inLanguage":"en-US","potentialAction":[{"@type":"ReadAction","target":["https:\/\/akunq.net\/tr\/?p=64572"]}]},{"@type":"ImageObject","inLanguage":"en-US","@id":"https:\/\/akunq.net\/tr\/?p=64572#primaryimage","url":"https:\/\/akunq.net\/tr\/wp-content\/uploads\/sites\/6\/2021\/09\/6-7-Eyl\u00fcl.jpg","contentUrl":"https:\/\/akunq.net\/tr\/wp-content\/uploads\/sites\/6\/2021\/09\/6-7-Eyl\u00fcl.jpg","width":620,"height":347},{"@type":"BreadcrumbList","@id":"https:\/\/akunq.net\/tr\/?p=64572#breadcrumb","itemListElement":[{"@type":"ListItem","position":1,"name":"Home","item":"https:\/\/akunq.net\/tr"},{"@type":"ListItem","position":2,"name":"6-7 Eyl\u00fcl i\u00e7in ara\u015ft\u0131rma \u00f6nergesi ve kanun teklifi"}]},{"@type":"WebSite","@id":"https:\/\/akunq.net\/tr\/#website","url":"https:\/\/akunq.net\/tr\/","name":"Bati Ermenistan Ve Bati Ermenileri Sorunlari Ara\u015ftirmalar Merkezi","description":"","potentialAction":[{"@type":"SearchAction","target":{"@type":"EntryPoint","urlTemplate":"https:\/\/akunq.net\/tr\/?s={search_term_string}"},"query-input":{"@type":"PropertyValueSpecification","valueRequired":true,"valueName":"search_term_string"}}],"inLanguage":"en-US"},{"@type":"Person","@id":"https:\/\/akunq.net\/tr\/#\/schema\/person\/096f1d38a12cce57fb855b485ed24c9e","name":"admin","url":"https:\/\/akunq.net\/tr\/?author=7"}]}},"_links":{"self":[{"href":"https:\/\/akunq.net\/tr\/index.php?rest_route=\/wp\/v2\/posts\/64572","targetHints":{"allow":["GET"]}}],"collection":[{"href":"https:\/\/akunq.net\/tr\/index.php?rest_route=\/wp\/v2\/posts"}],"about":[{"href":"https:\/\/akunq.net\/tr\/index.php?rest_route=\/wp\/v2\/types\/post"}],"author":[{"embeddable":true,"href":"https:\/\/akunq.net\/tr\/index.php?rest_route=\/wp\/v2\/users\/7"}],"replies":[{"embeddable":true,"href":"https:\/\/akunq.net\/tr\/index.php?rest_route=%2Fwp%2Fv2%2Fcomments&post=64572"}],"version-history":[{"count":1,"href":"https:\/\/akunq.net\/tr\/index.php?rest_route=\/wp\/v2\/posts\/64572\/revisions"}],"predecessor-version":[{"id":64574,"href":"https:\/\/akunq.net\/tr\/index.php?rest_route=\/wp\/v2\/posts\/64572\/revisions\/64574"}],"wp:featuredmedia":[{"embeddable":true,"href":"https:\/\/akunq.net\/tr\/index.php?rest_route=\/wp\/v2\/media\/64573"}],"wp:attachment":[{"href":"https:\/\/akunq.net\/tr\/index.php?rest_route=%2Fwp%2Fv2%2Fmedia&parent=64572"}],"wp:term":[{"taxonomy":"category","embeddable":true,"href":"https:\/\/akunq.net\/tr\/index.php?rest_route=%2Fwp%2Fv2%2Fcategories&post=64572"},{"taxonomy":"post_tag","embeddable":true,"href":"https:\/\/akunq.net\/tr\/index.php?rest_route=%2Fwp%2Fv2%2Ftags&post=64572"}],"curies":[{"name":"wp","href":"https:\/\/api.w.org\/{rel}","templated":true}]}}