{"id":64566,"date":"2021-09-06T03:13:41","date_gmt":"2021-09-06T08:13:41","guid":{"rendered":"https:\/\/akunq.net\/tr\/?p=64566"},"modified":"2021-09-06T03:13:41","modified_gmt":"2021-09-06T08:13:41","slug":"mezopotamyanin-tarihi-mirasi-gun-yuzune-cikiyor","status":"publish","type":"post","link":"https:\/\/akunq.net\/tr\/?p=64566","title":{"rendered":"Mezopotamya\u2019n\u0131n tarihi miras\u0131 g\u00fcn y\u00fcz\u00fcne \u00e7\u0131k\u0131yor"},"content":{"rendered":"<p><img loading=\"lazy\" decoding=\"async\" class=\"aligncenter size-medium wp-image-64567\" src=\"https:\/\/akunq.net\/tr\/wp-content\/uploads\/2021\/09\/Mezopotamya\u2019n\u0131n-tarihi-miras\u0131-360x203.jpeg\" alt=\"\" width=\"360\" height=\"203\" srcset=\"https:\/\/akunq.net\/tr\/wp-content\/uploads\/sites\/6\/2021\/09\/Mezopotamya\u2019n\u0131n-tarihi-miras\u0131-360x203.jpeg 360w, https:\/\/akunq.net\/tr\/wp-content\/uploads\/sites\/6\/2021\/09\/Mezopotamya\u2019n\u0131n-tarihi-miras\u0131-768x432.jpeg 768w, https:\/\/akunq.net\/tr\/wp-content\/uploads\/sites\/6\/2021\/09\/Mezopotamya\u2019n\u0131n-tarihi-miras\u0131-560x315.jpeg 560w, https:\/\/akunq.net\/tr\/wp-content\/uploads\/sites\/6\/2021\/09\/Mezopotamya\u2019n\u0131n-tarihi-miras\u0131-260x146.jpeg 260w, https:\/\/akunq.net\/tr\/wp-content\/uploads\/sites\/6\/2021\/09\/Mezopotamya\u2019n\u0131n-tarihi-miras\u0131-160x90.jpeg 160w, https:\/\/akunq.net\/tr\/wp-content\/uploads\/sites\/6\/2021\/09\/Mezopotamya\u2019n\u0131n-tarihi-miras\u0131.jpeg 864w\" sizes=\"auto, (max-width: 360px) 100vw, 360px\" \/><\/p>\n<p><em><strong>Dara Antik Kenti \u00d6ren Yeri \u00c7evre D\u00fczenlemesi ve Restorasyonu A\u00e7\u0131l\u0131\u015f T\u00f6renine kat\u0131lan Sanayi ve Teknoloji Bakan\u0131 Varank, \u201cYerin alt\u0131nda adeta cevher gibi gizli kalan tarihi eserlerimizi g\u00fcn y\u00fcz\u00fcne \u00e7\u0131kar\u0131p vatanda\u015flar\u0131m\u0131z\u0131n ilgisine sunuyoruz.\u201d dedi.<\/strong><\/em><\/p>\n<p><strong>Sevgi Ceren G\u00f6kkoyun<\/strong><\/p>\n<p>Sanayi ve Teknoloji Bakan\u0131\u00a0<strong>Mustafa Varank<\/strong>, T\u00fcrkiye\u2019nin medeniyet miras\u0131na b\u00fcy\u00fck bir sevgiyle yakla\u015ft\u0131klar\u0131n\u0131 belirterek, \u201cBizden \u00f6nce maalesef hak etti\u011fi de\u011feri bulamayan bu eserleri bir bir ihya ediyoruz. Yerin alt\u0131nda adeta cevher gibi gizli kalan tarihi eserlerimizi g\u00fcn y\u00fcz\u00fcne \u00e7\u0131kar\u0131p vatanda\u015flar\u0131m\u0131z\u0131n ilgisine sunuyoruz.\u201d dedi.<\/p>\n<p>Varank, Dicle Kalk\u0131nma Ajans\u0131nca yap\u0131lan Dara Antik Kenti \u00d6ren Yeri \u00c7evre D\u00fczenlemesi ve Restorasyonu A\u00e7\u0131l\u0131\u015f T\u00f6reni\u2019ndeki konu\u015fmas\u0131nda, \u00fc\u00e7 k\u0131tan\u0131n bulu\u015ftu\u011fu, d\u00f6rt denize k\u0131y\u0131s\u0131 olan Anadolu\u2019nun, binlerce y\u0131ld\u0131r insanl\u0131\u011f\u0131n en g\u00f6zde ya\u015fam alanlar\u0131ndan biri oldu\u011funa dikkati \u00e7ekti.<\/p>\n<p>Binlerce y\u0131ld\u0131r farkl\u0131 medeniyetlere ev sahipli\u011fi yapan b\u00f6lgenin her d\u00f6nemde zengin bir tarihi miras\u0131 bar\u0131nd\u0131rd\u0131\u011f\u0131na i\u015faret eden Varank, \u015funlar\u0131 kaydetti:<\/p>\n<p>\u201cBug\u00fcn \u00fclkemiz, \u0130stanbul\u2019daki tarihi yar\u0131mada ba\u015fta olmak \u00fczere Kapadokya\u2019dan Hattu\u015fa\u015f\u2019a, Efes\u2019ten \u00c7atalh\u00f6y\u00fck\u2019e, Nemrut\u2019tan G\u00f6beklitepe\u2019ye bir\u00e7ok medeniyetin yurdu konumunda. D\u00fcn 3 bin y\u0131ll\u0131k ge\u00e7mi\u015fiyle hala b\u00fcy\u00fck gizemler bar\u0131nd\u0131ran Zerzevan Kalesi\u2019ndeydik. \u00d6zellikle Diyarbak\u0131rl\u0131 gen\u00e7lerle uluslararas\u0131 g\u00f6zlem etkinli\u011fimizi beraberce ger\u00e7ekle\u015ftirdik. 1500\u2019den fazla g\u00f6k bilim merakl\u0131s\u0131yla geceyi Zerzavan\u2019da ge\u00e7irdik. Zerzevan Kalesi ve Mithras Tap\u0131na\u011f\u0131 2020\u2019de UNESCO D\u00fcnya Miras\u0131 Ge\u00e7ici Listesi\u2019ne girdi. UNESCO D\u00fcnya Miras\u0131 Listesi\u2019nde T\u00fcrkiye\u2019den 19 varl\u0131\u011f\u0131m\u0131z bulunuyor ve bu say\u0131 her ge\u00e7en g\u00fcn art\u0131yor.\u201d<\/p>\n<p>Gelece\u011fin sadece maddi g\u00fc\u00e7le in\u015fa edilemeyece\u011fini belirten Varank, b\u00fcy\u00fck medeniyetlerin, ge\u00e7mi\u015f birikimlerin \u00fczerine kuruldu\u011funu ve devletlerin manevi de\u011ferleri \u00f6l\u00e7\u00fcs\u00fcnde uzun \u00f6m\u00fcrl\u00fc oldu\u011funu dile getirdi.<\/p>\n<p>Varank, bu kapsamda \u00fclkenin medeniyet miras\u0131na b\u00fcy\u00fck bir sevgiyle yakla\u015ft\u0131klar\u0131n\u0131 vurgulayarak, \u015f\u00f6yle konu\u015ftu:<\/p>\n<p>\u201cBizden \u00f6nce maalesef hak etti\u011fi de\u011feri bulamayan bu eserleri bir bir ihya ediyoruz. Yerin alt\u0131nda adeta cevher gibi gizli kalan tarihi eserlerimizi g\u00fcn y\u00fcz\u00fcne \u00e7\u0131kar\u0131p vatanda\u015flar\u0131m\u0131z\u0131n ilgisine sunuyoruz. Ge\u00e7mi\u015fte bazen ihmal bazen de kas\u0131tla ba\u015f\u0131bo\u015f b\u0131rak\u0131lan maddi ve manevi de\u011ferlerimizi vatanda\u015flar\u0131m\u0131z\u0131n kullan\u0131m\u0131na a\u00e7\u0131yoruz. Tabii bu eserler \u00fclkemize salt k\u00fclt\u00fcr anlam\u0131nda de\u011fil turizm y\u00f6n\u00fcyle de b\u00fcy\u00fck katk\u0131lar sa\u011fl\u0131yor. \u00d6nemli turizm destinasyonlar\u0131 olan bu b\u00f6lgelerimiz sayesinde, \u00fclkemize gelen yabanc\u0131 turist say\u0131s\u0131 her ge\u00e7en g\u00fcn art\u0131yor.\u201d<\/p>\n<figure class=\"wp-block-image\"><img decoding=\"async\" src=\"https:\/\/i2.wp.com\/www.aa.com.tr\/uploads\/userFiles\/40b5e6df-807a-4c96-8fee-5e91cbea23a3\/2021%2FEylul%2Fantik.jpg?ssl=1\" alt=\"\" data-recalc-dims=\"1\" \/><\/figure>\n<h3>\u201cMezopotamya\u2019y\u0131 k\u00fcresel bir marka haline getirmeyi hedefliyoruz\u201d<\/h3>\n<p>\u00dclkenin her b\u00f6lgesinin kendi i\u00e7inde farkl\u0131 zenginlikleri bar\u0131nd\u0131rd\u0131\u011f\u0131na dikkati \u00e7eken Varank, baz\u0131 b\u00f6lgelerin sanayi, baz\u0131lar\u0131n\u0131n tar\u0131msal kapasite, baz\u0131lar\u0131n\u0131n da turizmle \u00f6n plana \u00e7\u0131kt\u0131\u011f\u0131n\u0131 s\u00f6yledi.<\/p>\n<p>B\u00f6lgesel \u00f6l\u00e7e\u011fe ve co\u011frafyalara uyumlu politikalar geli\u015ftirmek gerekti\u011fini dile getiren Varank, \u201cBunu Bakanl\u0131\u011f\u0131m\u0131za ba\u011fl\u0131 kalk\u0131nma ajanslar\u0131m\u0131z vas\u0131tas\u0131yla ger\u00e7ekle\u015ftiriyoruz. Mezopotamya \u00f6rne\u011fi \u00f6n\u00fcm\u00fczde m\u00fcthi\u015f bir ba\u015far\u0131 hikayesi olarak duruyor.\u201d ifadelerini kulland\u0131.<\/p>\n<p>Varank, GAP B\u00f6lge Kalk\u0131nma \u0130daresi arac\u0131l\u0131\u011f\u0131yla b\u00f6lge turizminin geli\u015ftirilmesi, tan\u0131t\u0131m\u0131, markala\u015fmas\u0131 ve altyap\u0131s\u0131n\u0131n geli\u015ftirilmesi amac\u0131yla uzun soluklu bir proje ba\u015flatt\u0131klar\u0131na de\u011finerek, haziranda K\u00fclt\u00fcr ve Turizm Bakanl\u0131\u011f\u0131 ile Mezopotamya markas\u0131n\u0131n tan\u0131t\u0131m\u0131n\u0131 ger\u00e7ekle\u015ftirdiklerini an\u0131msatt\u0131.<\/p>\n<p>Hedeflerinin Mezopotamya\u2019y\u0131 k\u00fcresel bir marka haline getirip hak etti\u011fi noktaya ta\u015f\u0131mak oldu\u011funu belirten Varank, \u015f\u00f6yle devam etti:<\/p>\n<p>\u201cMezopotamya uygarl\u0131k tarihinin ba\u015flad\u0131\u011f\u0131 noktad\u0131r. Medeniyetlerin be\u015fi\u011fi olan Mezopotamya, Ad\u0131yaman\u2019\u0131, Batman\u2019\u0131, Diyarbak\u0131r\u2019\u0131, Gaziantep\u2019i, Kilis\u2019i, Siirt\u2019i, \u015eanl\u0131urfa\u2019s\u0131, \u015e\u0131rnak\u2019\u0131 ve gece gerdanl\u0131k, g\u00fcnd\u00fcz seyranl\u0131k Mardin\u2019i ile bir cazibe merkezi. Bu y\u00fczden d\u00fcnyan\u0131n d\u00f6rt bir taraf\u0131ndan turistleri kendine \u00e7ekebiliyor. \u0130n\u015fallah ard\u0131 ard\u0131na att\u0131\u011f\u0131m\u0131z bu ad\u0131mlarla yery\u00fcz\u00fcn\u00fcn simgelerinden biri haline Mezopotamya markas\u0131n\u0131 getirmi\u015f olaca\u011f\u0131z. Hamdolsun bug\u00fcn dahi b\u00f6lgenin tan\u0131n\u0131rl\u0131\u011f\u0131 \u00e7ok fazla artmaya ba\u015flad\u0131.\u201d<\/p>\n<h3>\u201cTesis edilen huzur ortam\u0131yla hak etti\u011fi de\u011feri bulmaya ba\u015flad\u0131\u201d<\/h3>\n<p>Varank, Mardin\u2019in de Mezopotamya\u2019n\u0131n incilerinden biri oldu\u011funu vurgulayarak, \u015fu ifadeleri kulland\u0131:<\/p>\n<p>\u201cY\u00fczy\u0131llard\u0131r farkl\u0131 din, k\u00fclt\u00fcr, dil ve inan\u00e7lara sahip insanlar\u0131n bir arada huzur i\u00e7inde ya\u015fad\u0131\u011f\u0131 bir \u015fehir. Y\u0131llard\u0131r ter\u00f6r \u00f6rg\u00fctlerinin \u00e7irkin sald\u0131r\u0131lar\u0131yla an\u0131lan \u015fehrimiz, maalesef turizm g\u00fcndeme geldi\u011finde potansiyelinin \u00e7ok gerisinde kalm\u0131\u015ft\u0131. Ancak bug\u00fcn AK Parti h\u00fck\u00fcmetleri sayesinde tesis edilen huzur ortam\u0131yla hak etti\u011fi de\u011feri yeni yeni bulmaya ba\u015flad\u0131. Bundan k\u0131sa bir s\u00fcre \u00f6nce b\u00fcy\u00fck\u015fehir stat\u00fcs\u00fc kazanan Mardin, h\u00fck\u00fcmetlerimizin yat\u0131r\u0131mlar\u0131yla b\u00fcy\u00fck bir geli\u015fme g\u00f6sterdi. Yapt\u0131\u011f\u0131m\u0131z yat\u0131r\u0131mlarla Mardin\u2019e modern bir g\u00f6r\u00fcn\u00fcm kazand\u0131rd\u0131k. Tarihin \u00f6tesindeki ta\u015f i\u015f\u00e7ili\u011fiyle in\u015fa edilen Mardin evleri, Deyrulzafaran Manast\u0131r\u0131, Abbaralar, Mor Gabriel Manast\u0131r\u0131, Kas\u0131miye Medresesi, Eski Midyat ile ziyaret\u00e7ilerine Mardin g\u00f6rkemli bir tarih ziyafeti ya\u015fat\u0131yor.\u201d<\/p>\n<p>Varank, 2002\u2019de 30 bin turistin geldi\u011fi \u015fehri bug\u00fcn 100 binlerce misafirin ziyaret etti\u011fini, bu rakamlar\u0131n k\u0131sa s\u00fcrede milyonlar\u0131 ge\u00e7mesi i\u00e7in \u00e7abalad\u0131klar\u0131n\u0131 bildirdi.<\/p>\n<p>Bu kapsamda Mardin\u2019e yat\u0131r\u0131mlara devam ettiklerini belirten Varank, \u015fu bilgileri verdi:<\/p>\n<p>\u201c\u015eimdi de Do\u011fu\u2019nun Efes\u2019i olarak tan\u0131mlanabilecek Dara Antik Kenti \u00d6ren Yeri\u2019nin yeni d\u00fczenlemeler ve restorasyon \u00e7al\u0131\u015fmalar\u0131yla birlikte a\u00e7\u0131l\u0131\u015f\u0131n\u0131 yap\u0131yoruz. Dara Antik Kenti, Mardin\u2019in tarihi Mardin yerle\u015fiminden sonra en \u00f6nemli ikinci turizm destinasyonu. Kent merkezine 32 kilometre mesafede bulunan Dara, bir\u00e7ok medeniyetten izler ta\u015f\u0131yor. A\u00e7\u0131k hava m\u00fczesi h\u00fcviyetindeki bu antik kentin temellerinin 2 bin 300 y\u0131l \u00f6ncesine dayand\u0131\u011f\u0131 tahmin ediliyor. Buras\u0131 kay\u0131tlarda Mezopotamya\u2019n\u0131n en \u00f6nemli ticaret merkezlerinden biri olarak ge\u00e7iyor. B\u00fcy\u00fck sava\u015flara tan\u0131kl\u0131k eden kent y\u0131llarca Bizans \u0130mparatorlu\u011fu\u2019nun G\u00fcneydo\u011fu\u2019daki son kalesi g\u00f6revini icra etmi\u015f. Kent i\u00e7inde kilise, saray, \u00e7ar\u015f\u0131, zindan, tophane, sarn\u0131\u00e7 ve su bendi kal\u0131nt\u0131lar\u0131 bug\u00fcn halen g\u00f6r\u00fclebilmekte. \u00d6zetle bu antik kent, tarih yolculu\u011funa \u00e7\u0131kmak isteyenler i\u00e7in e\u015fsiz f\u0131rsatlar sunuyor.\u201d<\/p>\n<h3>\u201c4 milyon lira kaynak aktard\u0131k\u201d<\/h3>\n<p>D\u00fcnyan\u0131n en \u00f6nemli kent sur yap\u0131lar\u0131ndan Dara\u2019n\u0131n turizm potansiyelini tam anlam\u0131yla ortaya \u00e7\u0131karmak istediklerini anlatan Varank, \u015f\u00f6yle devam etti:<\/p>\n<p>\u201cCazibe Merkezleri Destek Program\u0131 ile destekledi\u011fimiz bu projeyle antik kentin bir y\u0131ld\u0131z gibi parlamas\u0131n\u0131 sa\u011flad\u0131k. Mardin M\u00fcze M\u00fcd\u00fcrl\u00fc\u011f\u00fcn\u00fcn y\u00fcr\u00fct\u00fcc\u00fcs\u00fc oldu\u011fu bu projeye, 4 milyon lira kaynak aktard\u0131k. Projeyle antik kentin altyap\u0131 ko\u015fullar\u0131n\u0131 iyile\u015ftirdik. Kent surlar\u0131n\u0131n restorasyonu ve korumas\u0131n\u0131 b\u00fcy\u00fck bir titizlikle ger\u00e7ekle\u015ftirdik ve \u00e7evre d\u00fczenlemelerini yapt\u0131k.\u201d<\/p>\n<p>Varank, b\u00fcy\u00fck bir a\u00e7\u0131k hava m\u00fczesi h\u00fcviyetine b\u00fcr\u00fcnen b\u00f6lgenin hak etti\u011fi ilgiyi g\u00f6rmeye ba\u015flad\u0131\u011f\u0131na dikkati \u00e7ekerek, \u201cBu \u00e7al\u0131\u015fmalar\u0131n anlam bulmas\u0131 b\u00f6lgede tesis etti\u011fimiz huzur iklimi sayesinde olabiliyor. B\u00f6lgemizde hem bu iklimin geri d\u00f6n\u00fclmez \u015fekilde s\u00fcrd\u00fcr\u00fclmesi hem de sanayiden turizme her alanda yat\u0131r\u0131mlar\u0131n artmas\u0131 i\u00e7in t\u00fcm irademizi ortaya koymaya devam edece\u011fiz.\u201d dedi.<\/p>\n<p>Bakanl\u0131k olarak Dara Antik Kenti\u2019nin kaz\u0131 \u00e7al\u0131\u015fmalar\u0131 ve \u00e7evre d\u00fczenlemesine katk\u0131 sa\u011flamaktan duydu\u011fu memnuniyeti dile getiren Varank, \u201cBuraya yat\u0131r\u0131mlar\u0131m\u0131za devam edece\u011fiz. T\u00fcm T\u00fcrkiye\u2019yi ve d\u00fcnyay\u0131 Mardin\u2019e davet ediyoruz, gelsinler, Mardin\u2019imizi g\u00f6rs\u00fcnler.\u201d diye konu\u015ftu.<\/p>\n<p>T\u00f6rene, Mardin Valisi ve B\u00fcy\u00fck\u015fehir Belediye Ba\u015fkan Vekili Mahmut Demirta\u015f, AK Parti Mardin Milletvekili Cengiz Demirkaya, AK Parti MKYK \u00dcyesi Orhan Miro\u011flu, AK Parti \u0130l Ba\u015fkan\u0131 Faruk K\u0131l\u0131\u00e7 ve Dicle Kalk\u0131nma Ajans\u0131 Genel Sekreteri Ahmet Alanl\u0131 da kat\u0131ld\u0131.<\/p>\n<p>Varank\u2019\u0131n konu\u015fmas\u0131n\u0131n ard\u0131ndan kurdele kesilerek a\u00e7\u0131l\u0131\u015f ger\u00e7ekle\u015ftirildi. Daha sonra Varank ve beraberindekiler, restore edilen Dara Antik Kenti \u00d6ren Yeri kaz\u0131 alan\u0131n\u0131 gezdi.<\/p>\n<p><em><strong><a href=\"https:\/\/www.aa.com.tr\/tr\/kultur-sanat\/mezopotamyanin-tarihi-mirasi-gun-yuzune-cikiyor\/2354882\">https:\/\/www.aa.com.tr\/tr\/kultur-sanat\/mezopotamyanin-tarihi-mirasi-gun-yuzune-cikiyor\/2354882<\/a><\/strong><\/em><\/p>\n","protected":false},"excerpt":{"rendered":"<p>Dara Antik Kenti \u00d6ren Yeri \u00c7evre D\u00fczenlemesi ve Restorasyonu A\u00e7\u0131l\u0131\u015f T\u00f6renine kat\u0131lan Sanayi ve Teknoloji Bakan\u0131 Varank, \u201cYerin alt\u0131nda adeta cevher gibi gizli kalan tarihi eserlerimizi g\u00fcn y\u00fcz\u00fcne \u00e7\u0131kar\u0131p vatanda\u015flar\u0131m\u0131z\u0131n ilgisine sunuyoruz.\u201d dedi. Sevgi Ceren G\u00f6kkoyun Sanayi ve Teknoloji Bakan\u0131\u00a0Mustafa Varank, T\u00fcrkiye\u2019nin medeniyet miras\u0131na b\u00fcy\u00fck bir sevgiyle yakla\u015ft\u0131klar\u0131n\u0131 belirterek, \u201cBizden \u00f6nce maalesef hak etti\u011fi de\u011feri [&hellip;]<\/p>\n","protected":false},"author":7,"featured_media":64567,"comment_status":"open","ping_status":"open","sticky":false,"template":"","format":"standard","meta":{"footnotes":""},"categories":[1],"tags":[],"class_list":["post-64566","post","type-post","status-publish","format-standard","has-post-thumbnail","hentry","category-haberler"],"yoast_head":"<!-- This site is optimized with the Yoast SEO plugin v27.4 - https:\/\/yoast.com\/product\/yoast-seo-wordpress\/ -->\n<title>Mezopotamya\u2019n\u0131n tarihi miras\u0131 g\u00fcn y\u00fcz\u00fcne \u00e7\u0131k\u0131yor - Bati Ermenistan Ve Bati Ermenileri Sorunlari Ara\u015ftirmalar Merkezi<\/title>\n<meta name=\"robots\" content=\"index, follow, max-snippet:-1, max-image-preview:large, max-video-preview:-1\" \/>\n<link rel=\"canonical\" href=\"https:\/\/akunq.net\/tr\/?p=64566\" \/>\n<meta property=\"og:locale\" content=\"en_US\" \/>\n<meta property=\"og:type\" content=\"article\" \/>\n<meta property=\"og:title\" content=\"Mezopotamya\u2019n\u0131n tarihi miras\u0131 g\u00fcn y\u00fcz\u00fcne \u00e7\u0131k\u0131yor - Bati Ermenistan Ve Bati Ermenileri Sorunlari Ara\u015ftirmalar Merkezi\" \/>\n<meta property=\"og:description\" content=\"Dara Antik Kenti \u00d6ren Yeri \u00c7evre D\u00fczenlemesi ve Restorasyonu A\u00e7\u0131l\u0131\u015f T\u00f6renine kat\u0131lan Sanayi ve Teknoloji Bakan\u0131 Varank, \u201cYerin alt\u0131nda adeta cevher gibi gizli kalan tarihi eserlerimizi g\u00fcn y\u00fcz\u00fcne \u00e7\u0131kar\u0131p vatanda\u015flar\u0131m\u0131z\u0131n ilgisine sunuyoruz.\u201d dedi. Sevgi Ceren G\u00f6kkoyun Sanayi ve Teknoloji Bakan\u0131\u00a0Mustafa Varank, T\u00fcrkiye\u2019nin medeniyet miras\u0131na b\u00fcy\u00fck bir sevgiyle yakla\u015ft\u0131klar\u0131n\u0131 belirterek, \u201cBizden \u00f6nce maalesef hak etti\u011fi de\u011feri [&hellip;]\" \/>\n<meta property=\"og:url\" content=\"https:\/\/akunq.net\/tr\/?p=64566\" \/>\n<meta property=\"og:site_name\" content=\"Bati Ermenistan Ve Bati Ermenileri Sorunlari Ara\u015ftirmalar Merkezi\" \/>\n<meta property=\"article:published_time\" content=\"2021-09-06T08:13:41+00:00\" \/>\n<meta property=\"og:image\" content=\"https:\/\/akunq.net\/tr\/wp-content\/uploads\/sites\/6\/2021\/09\/Mezopotamya\u2019n\u0131n-tarihi-miras\u0131.jpeg\" \/>\n\t<meta property=\"og:image:width\" content=\"864\" \/>\n\t<meta property=\"og:image:height\" content=\"486\" \/>\n\t<meta property=\"og:image:type\" content=\"image\/jpeg\" \/>\n<meta name=\"author\" content=\"admin\" \/>\n<meta name=\"twitter:card\" content=\"summary_large_image\" \/>\n<meta name=\"twitter:label1\" content=\"Written by\" \/>\n\t<meta name=\"twitter:data1\" content=\"admin\" \/>\n\t<meta name=\"twitter:label2\" content=\"Est. reading time\" \/>\n\t<meta name=\"twitter:data2\" content=\"7 minutes\" \/>\n<script type=\"application\/ld+json\" class=\"yoast-schema-graph\">{\"@context\":\"https:\\\/\\\/schema.org\",\"@graph\":[{\"@type\":\"Article\",\"@id\":\"https:\\\/\\\/akunq.net\\\/tr\\\/?p=64566#article\",\"isPartOf\":{\"@id\":\"https:\\\/\\\/akunq.net\\\/tr\\\/?p=64566\"},\"author\":{\"name\":\"admin\",\"@id\":\"https:\\\/\\\/akunq.net\\\/tr\\\/#\\\/schema\\\/person\\\/096f1d38a12cce57fb855b485ed24c9e\"},\"headline\":\"Mezopotamya\u2019n\u0131n tarihi miras\u0131 g\u00fcn y\u00fcz\u00fcne \u00e7\u0131k\u0131yor\",\"datePublished\":\"2021-09-06T08:13:41+00:00\",\"mainEntityOfPage\":{\"@id\":\"https:\\\/\\\/akunq.net\\\/tr\\\/?p=64566\"},\"wordCount\":1484,\"commentCount\":0,\"image\":{\"@id\":\"https:\\\/\\\/akunq.net\\\/tr\\\/?p=64566#primaryimage\"},\"thumbnailUrl\":\"https:\\\/\\\/akunq.net\\\/tr\\\/wp-content\\\/uploads\\\/sites\\\/6\\\/2021\\\/09\\\/Mezopotamya\u2019n\u0131n-tarihi-miras\u0131.jpeg\",\"articleSection\":[\"Haberler\"],\"inLanguage\":\"en-US\",\"potentialAction\":[{\"@type\":\"CommentAction\",\"name\":\"Comment\",\"target\":[\"https:\\\/\\\/akunq.net\\\/tr\\\/?p=64566#respond\"]}]},{\"@type\":\"WebPage\",\"@id\":\"https:\\\/\\\/akunq.net\\\/tr\\\/?p=64566\",\"url\":\"https:\\\/\\\/akunq.net\\\/tr\\\/?p=64566\",\"name\":\"Mezopotamya\u2019n\u0131n tarihi miras\u0131 g\u00fcn y\u00fcz\u00fcne \u00e7\u0131k\u0131yor - Bati Ermenistan Ve Bati Ermenileri Sorunlari Ara\u015ftirmalar Merkezi\",\"isPartOf\":{\"@id\":\"https:\\\/\\\/akunq.net\\\/tr\\\/#website\"},\"primaryImageOfPage\":{\"@id\":\"https:\\\/\\\/akunq.net\\\/tr\\\/?p=64566#primaryimage\"},\"image\":{\"@id\":\"https:\\\/\\\/akunq.net\\\/tr\\\/?p=64566#primaryimage\"},\"thumbnailUrl\":\"https:\\\/\\\/akunq.net\\\/tr\\\/wp-content\\\/uploads\\\/sites\\\/6\\\/2021\\\/09\\\/Mezopotamya\u2019n\u0131n-tarihi-miras\u0131.jpeg\",\"datePublished\":\"2021-09-06T08:13:41+00:00\",\"author\":{\"@id\":\"https:\\\/\\\/akunq.net\\\/tr\\\/#\\\/schema\\\/person\\\/096f1d38a12cce57fb855b485ed24c9e\"},\"breadcrumb\":{\"@id\":\"https:\\\/\\\/akunq.net\\\/tr\\\/?p=64566#breadcrumb\"},\"inLanguage\":\"en-US\",\"potentialAction\":[{\"@type\":\"ReadAction\",\"target\":[\"https:\\\/\\\/akunq.net\\\/tr\\\/?p=64566\"]}]},{\"@type\":\"ImageObject\",\"inLanguage\":\"en-US\",\"@id\":\"https:\\\/\\\/akunq.net\\\/tr\\\/?p=64566#primaryimage\",\"url\":\"https:\\\/\\\/akunq.net\\\/tr\\\/wp-content\\\/uploads\\\/sites\\\/6\\\/2021\\\/09\\\/Mezopotamya\u2019n\u0131n-tarihi-miras\u0131.jpeg\",\"contentUrl\":\"https:\\\/\\\/akunq.net\\\/tr\\\/wp-content\\\/uploads\\\/sites\\\/6\\\/2021\\\/09\\\/Mezopotamya\u2019n\u0131n-tarihi-miras\u0131.jpeg\",\"width\":864,\"height\":486},{\"@type\":\"BreadcrumbList\",\"@id\":\"https:\\\/\\\/akunq.net\\\/tr\\\/?p=64566#breadcrumb\",\"itemListElement\":[{\"@type\":\"ListItem\",\"position\":1,\"name\":\"Home\",\"item\":\"https:\\\/\\\/akunq.net\\\/tr\"},{\"@type\":\"ListItem\",\"position\":2,\"name\":\"Mezopotamya\u2019n\u0131n tarihi miras\u0131 g\u00fcn y\u00fcz\u00fcne \u00e7\u0131k\u0131yor\"}]},{\"@type\":\"WebSite\",\"@id\":\"https:\\\/\\\/akunq.net\\\/tr\\\/#website\",\"url\":\"https:\\\/\\\/akunq.net\\\/tr\\\/\",\"name\":\"Bati Ermenistan Ve Bati Ermenileri Sorunlari Ara\u015ftirmalar Merkezi\",\"description\":\"\",\"potentialAction\":[{\"@type\":\"SearchAction\",\"target\":{\"@type\":\"EntryPoint\",\"urlTemplate\":\"https:\\\/\\\/akunq.net\\\/tr\\\/?s={search_term_string}\"},\"query-input\":{\"@type\":\"PropertyValueSpecification\",\"valueRequired\":true,\"valueName\":\"search_term_string\"}}],\"inLanguage\":\"en-US\"},{\"@type\":\"Person\",\"@id\":\"https:\\\/\\\/akunq.net\\\/tr\\\/#\\\/schema\\\/person\\\/096f1d38a12cce57fb855b485ed24c9e\",\"name\":\"admin\",\"url\":\"https:\\\/\\\/akunq.net\\\/tr\\\/?author=7\"}]}<\/script>\n<!-- \/ Yoast SEO plugin. -->","yoast_head_json":{"title":"Mezopotamya\u2019n\u0131n tarihi miras\u0131 g\u00fcn y\u00fcz\u00fcne \u00e7\u0131k\u0131yor - Bati Ermenistan Ve Bati Ermenileri Sorunlari Ara\u015ftirmalar Merkezi","robots":{"index":"index","follow":"follow","max-snippet":"max-snippet:-1","max-image-preview":"max-image-preview:large","max-video-preview":"max-video-preview:-1"},"canonical":"https:\/\/akunq.net\/tr\/?p=64566","og_locale":"en_US","og_type":"article","og_title":"Mezopotamya\u2019n\u0131n tarihi miras\u0131 g\u00fcn y\u00fcz\u00fcne \u00e7\u0131k\u0131yor - Bati Ermenistan Ve Bati Ermenileri Sorunlari Ara\u015ftirmalar Merkezi","og_description":"Dara Antik Kenti \u00d6ren Yeri \u00c7evre D\u00fczenlemesi ve Restorasyonu A\u00e7\u0131l\u0131\u015f T\u00f6renine kat\u0131lan Sanayi ve Teknoloji Bakan\u0131 Varank, \u201cYerin alt\u0131nda adeta cevher gibi gizli kalan tarihi eserlerimizi g\u00fcn y\u00fcz\u00fcne \u00e7\u0131kar\u0131p vatanda\u015flar\u0131m\u0131z\u0131n ilgisine sunuyoruz.\u201d dedi. Sevgi Ceren G\u00f6kkoyun Sanayi ve Teknoloji Bakan\u0131\u00a0Mustafa Varank, T\u00fcrkiye\u2019nin medeniyet miras\u0131na b\u00fcy\u00fck bir sevgiyle yakla\u015ft\u0131klar\u0131n\u0131 belirterek, \u201cBizden \u00f6nce maalesef hak etti\u011fi de\u011feri [&hellip;]","og_url":"https:\/\/akunq.net\/tr\/?p=64566","og_site_name":"Bati Ermenistan Ve Bati Ermenileri Sorunlari Ara\u015ftirmalar Merkezi","article_published_time":"2021-09-06T08:13:41+00:00","og_image":[{"width":864,"height":486,"url":"https:\/\/akunq.net\/tr\/wp-content\/uploads\/sites\/6\/2021\/09\/Mezopotamya\u2019n\u0131n-tarihi-miras\u0131.jpeg","type":"image\/jpeg"}],"author":"admin","twitter_card":"summary_large_image","twitter_misc":{"Written by":"admin","Est. reading time":"7 minutes"},"schema":{"@context":"https:\/\/schema.org","@graph":[{"@type":"Article","@id":"https:\/\/akunq.net\/tr\/?p=64566#article","isPartOf":{"@id":"https:\/\/akunq.net\/tr\/?p=64566"},"author":{"name":"admin","@id":"https:\/\/akunq.net\/tr\/#\/schema\/person\/096f1d38a12cce57fb855b485ed24c9e"},"headline":"Mezopotamya\u2019n\u0131n tarihi miras\u0131 g\u00fcn y\u00fcz\u00fcne \u00e7\u0131k\u0131yor","datePublished":"2021-09-06T08:13:41+00:00","mainEntityOfPage":{"@id":"https:\/\/akunq.net\/tr\/?p=64566"},"wordCount":1484,"commentCount":0,"image":{"@id":"https:\/\/akunq.net\/tr\/?p=64566#primaryimage"},"thumbnailUrl":"https:\/\/akunq.net\/tr\/wp-content\/uploads\/sites\/6\/2021\/09\/Mezopotamya\u2019n\u0131n-tarihi-miras\u0131.jpeg","articleSection":["Haberler"],"inLanguage":"en-US","potentialAction":[{"@type":"CommentAction","name":"Comment","target":["https:\/\/akunq.net\/tr\/?p=64566#respond"]}]},{"@type":"WebPage","@id":"https:\/\/akunq.net\/tr\/?p=64566","url":"https:\/\/akunq.net\/tr\/?p=64566","name":"Mezopotamya\u2019n\u0131n tarihi miras\u0131 g\u00fcn y\u00fcz\u00fcne \u00e7\u0131k\u0131yor - Bati Ermenistan Ve Bati Ermenileri Sorunlari Ara\u015ftirmalar Merkezi","isPartOf":{"@id":"https:\/\/akunq.net\/tr\/#website"},"primaryImageOfPage":{"@id":"https:\/\/akunq.net\/tr\/?p=64566#primaryimage"},"image":{"@id":"https:\/\/akunq.net\/tr\/?p=64566#primaryimage"},"thumbnailUrl":"https:\/\/akunq.net\/tr\/wp-content\/uploads\/sites\/6\/2021\/09\/Mezopotamya\u2019n\u0131n-tarihi-miras\u0131.jpeg","datePublished":"2021-09-06T08:13:41+00:00","author":{"@id":"https:\/\/akunq.net\/tr\/#\/schema\/person\/096f1d38a12cce57fb855b485ed24c9e"},"breadcrumb":{"@id":"https:\/\/akunq.net\/tr\/?p=64566#breadcrumb"},"inLanguage":"en-US","potentialAction":[{"@type":"ReadAction","target":["https:\/\/akunq.net\/tr\/?p=64566"]}]},{"@type":"ImageObject","inLanguage":"en-US","@id":"https:\/\/akunq.net\/tr\/?p=64566#primaryimage","url":"https:\/\/akunq.net\/tr\/wp-content\/uploads\/sites\/6\/2021\/09\/Mezopotamya\u2019n\u0131n-tarihi-miras\u0131.jpeg","contentUrl":"https:\/\/akunq.net\/tr\/wp-content\/uploads\/sites\/6\/2021\/09\/Mezopotamya\u2019n\u0131n-tarihi-miras\u0131.jpeg","width":864,"height":486},{"@type":"BreadcrumbList","@id":"https:\/\/akunq.net\/tr\/?p=64566#breadcrumb","itemListElement":[{"@type":"ListItem","position":1,"name":"Home","item":"https:\/\/akunq.net\/tr"},{"@type":"ListItem","position":2,"name":"Mezopotamya\u2019n\u0131n tarihi miras\u0131 g\u00fcn y\u00fcz\u00fcne \u00e7\u0131k\u0131yor"}]},{"@type":"WebSite","@id":"https:\/\/akunq.net\/tr\/#website","url":"https:\/\/akunq.net\/tr\/","name":"Bati Ermenistan Ve Bati Ermenileri Sorunlari Ara\u015ftirmalar Merkezi","description":"","potentialAction":[{"@type":"SearchAction","target":{"@type":"EntryPoint","urlTemplate":"https:\/\/akunq.net\/tr\/?s={search_term_string}"},"query-input":{"@type":"PropertyValueSpecification","valueRequired":true,"valueName":"search_term_string"}}],"inLanguage":"en-US"},{"@type":"Person","@id":"https:\/\/akunq.net\/tr\/#\/schema\/person\/096f1d38a12cce57fb855b485ed24c9e","name":"admin","url":"https:\/\/akunq.net\/tr\/?author=7"}]}},"_links":{"self":[{"href":"https:\/\/akunq.net\/tr\/index.php?rest_route=\/wp\/v2\/posts\/64566","targetHints":{"allow":["GET"]}}],"collection":[{"href":"https:\/\/akunq.net\/tr\/index.php?rest_route=\/wp\/v2\/posts"}],"about":[{"href":"https:\/\/akunq.net\/tr\/index.php?rest_route=\/wp\/v2\/types\/post"}],"author":[{"embeddable":true,"href":"https:\/\/akunq.net\/tr\/index.php?rest_route=\/wp\/v2\/users\/7"}],"replies":[{"embeddable":true,"href":"https:\/\/akunq.net\/tr\/index.php?rest_route=%2Fwp%2Fv2%2Fcomments&post=64566"}],"version-history":[{"count":1,"href":"https:\/\/akunq.net\/tr\/index.php?rest_route=\/wp\/v2\/posts\/64566\/revisions"}],"predecessor-version":[{"id":64568,"href":"https:\/\/akunq.net\/tr\/index.php?rest_route=\/wp\/v2\/posts\/64566\/revisions\/64568"}],"wp:featuredmedia":[{"embeddable":true,"href":"https:\/\/akunq.net\/tr\/index.php?rest_route=\/wp\/v2\/media\/64567"}],"wp:attachment":[{"href":"https:\/\/akunq.net\/tr\/index.php?rest_route=%2Fwp%2Fv2%2Fmedia&parent=64566"}],"wp:term":[{"taxonomy":"category","embeddable":true,"href":"https:\/\/akunq.net\/tr\/index.php?rest_route=%2Fwp%2Fv2%2Fcategories&post=64566"},{"taxonomy":"post_tag","embeddable":true,"href":"https:\/\/akunq.net\/tr\/index.php?rest_route=%2Fwp%2Fv2%2Ftags&post=64566"}],"curies":[{"name":"wp","href":"https:\/\/api.w.org\/{rel}","templated":true}]}}