{"id":64563,"date":"2021-09-06T02:12:33","date_gmt":"2021-09-06T07:12:33","guid":{"rendered":"https:\/\/akunq.net\/tr\/?p=64563"},"modified":"2021-09-06T02:12:33","modified_gmt":"2021-09-06T07:12:33","slug":"dargecitteki-kemikler-suryani-ve-ermenilere-ait-mezarlardan-cikarilanlar-olabilir","status":"publish","type":"post","link":"https:\/\/akunq.net\/tr\/?p=64563","title":{"rendered":"Darge\u00e7it\u2019teki kemikler S\u00fcryani ve Ermenilere ait mezarlardan \u00e7\u0131kar\u0131lanlar olabilir"},"content":{"rendered":"<p><img loading=\"lazy\" decoding=\"async\" class=\"aligncenter size-medium wp-image-64564\" src=\"https:\/\/akunq.net\/tr\/wp-content\/uploads\/2021\/09\/Darge\u00e7it\u2019teki-kemikler-360x208.jpg\" alt=\"\" width=\"360\" height=\"208\" srcset=\"https:\/\/akunq.net\/tr\/wp-content\/uploads\/sites\/6\/2021\/09\/Darge\u00e7it\u2019teki-kemikler-360x208.jpg 360w, https:\/\/akunq.net\/tr\/wp-content\/uploads\/sites\/6\/2021\/09\/Darge\u00e7it\u2019teki-kemikler-768x444.jpg 768w, https:\/\/akunq.net\/tr\/wp-content\/uploads\/sites\/6\/2021\/09\/Darge\u00e7it\u2019teki-kemikler-560x324.jpg 560w, https:\/\/akunq.net\/tr\/wp-content\/uploads\/sites\/6\/2021\/09\/Darge\u00e7it\u2019teki-kemikler-260x150.jpg 260w, https:\/\/akunq.net\/tr\/wp-content\/uploads\/sites\/6\/2021\/09\/Darge\u00e7it\u2019teki-kemikler-160x93.jpg 160w, https:\/\/akunq.net\/tr\/wp-content\/uploads\/sites\/6\/2021\/09\/Darge\u00e7it\u2019teki-kemikler.jpg 800w\" sizes=\"auto, (max-width: 360px) 100vw, 360px\" \/><\/p>\n<p><em><strong>Millet Bah\u00e7esi yap\u0131lan ve kemiklerin bulundu\u011fu alanda S\u00fcryani ve Ermenilere ait mezarlardan \u00e7\u0131kar\u0131lan kemiklerin olabilece\u011fi belirtiliyor.<\/strong><\/em><\/p>\n<p>Mardin\u2019in Darge\u00e7it il\u00e7esinde 28 May\u0131s 2020 tarihinde bir ma\u011farada bulunan kemiklere ili\u015fkin Adli T\u0131p Kurumu (ATK) raporu haz\u0131rland\u0131. Darge\u00e7it\u2019e ba\u011fl\u0131 Der\u00eaca (Akyol) Mahallesi\u2019ne ba\u011fl\u0131 Libka Kaniya mezras\u0131ndaki bir ma\u011farada bulunan ve Darge\u00e7it Cumhuriyet Ba\u015fsavc\u0131l\u0131\u011f\u0131 taraf\u0131ndan toplat\u0131larak, Adalet Bakanl\u0131\u011f\u0131 Adli T\u0131p Kurumu\u2019na g\u00f6nderilen kemiklere dair haz\u0131rlanan raporda en az 27 ki\u015fiye ait olduklar\u0131 belirlendi.<\/p>\n<p><strong>100 YIL \u00d6NCES\u0130NE A\u0130T<\/strong><\/p>\n<p>Mezopotamya Ajans\u0131\u2019ndan Ahmet Kanbal\u2019\u0131n haberine g\u00f6re, kemiklerin ya\u015f\u0131n\u0131n belirlenmesi, hangi y\u0131llara ait oldu\u011funu belirlenmesi ve DNA profilinin \u00e7\u0131kar\u0131lmas\u0131 talebi ile Adli T\u0131p Kurumu Morg \u0130htisas Dairesi Kemik ve Di\u015f \u0130nceleme \u015eubesi taraf\u0131ndan haz\u0131rlanan raporda kemiklerin 8 torbada getirildi\u011fi belirtildi. 1 numaral\u0131 torbada bulunan kemiklere dair yap\u0131lan incelemede kemiklerle ilgili \u201cTamam\u0131n\u0131n morfolojik \u00f6zellikleri, doku rengi ve a\u011f\u0131rl\u0131\u011f\u0131, meduler yap\u0131lar\u0131 de\u011ferlendirildi\u011finde 100 y\u0131l \u00f6ncesinde vefat etmi\u015f ki\u015filere ait olduklar\u0131 anla\u015f\u0131ld\u0131\u201d denildi.<\/p>\n<p><strong>\u2018POSTMORTEM N\u0130TEL\u0130KTE OLDU\u011eU ANLA\u015eILDI\u2019<\/strong><\/p>\n<p>2 numaral\u0131 torbada bulunan kemiklerin de 100 y\u0131l \u00f6nce ya\u015fam\u0131n\u0131 yitiren ki\u015filere ait oldu\u011fu belirtilen raporda, \u201cTamam\u0131n\u0131n arkeolojik nitelikte oldu\u011fu anla\u015f\u0131ld\u0131. Bir ki\u015finin 0-1 ya\u015f aral\u0131\u011f\u0131nda di\u011ferlerinin eri\u015fkin ya da gen\u00e7 eri\u015fkin ya\u015fta olduklar\u0131 anla\u015f\u0131ld\u0131\u201d ifadelerine yer verildi. 3 numaral\u0131 torbadaki kemiklerden birinin 0-3 ya\u015f aral\u0131\u011f\u0131nda bir \u00e7ocu\u011fa ait oldu\u011fu de\u011ferlendirilen raporda, \u201cKafataslar\u0131 \u00fczerinde g\u00f6r\u00fclen lezyonlar\u0131n postmortem nitelikte oldu\u011fu anla\u015f\u0131ld\u0131\u201d denildi. Yine 4, 5, 6, 7 ve 8 numaral\u0131 torbalardaki kemiklerin de incelenmesi sonucu 100 y\u0131l \u00f6nceye ait oldu\u011fu sonucuna var\u0131lan kemiklerin \u201carkeolojik nitelikte\u201d oldu\u011fu de\u011ferlendirildi.<\/p>\n<p>Raporun sonu\u00e7 b\u00f6l\u00fcm\u00fcnde ise \u015fu ifadelere yer verildi: \u201cTespit edilen kemiklerde saptanan morfolojik de\u011fi\u015fimler, g\u00f6m\u00fc \u015fekli, \u00e7evresel \u015fartlar, ge\u00e7irilmi\u015f travma ve hastal\u0131klar gibi bir \u00e7ok fakt\u00f6re ba\u011fl\u0131 de\u011fi\u015fiklik g\u00f6stermekle birlikte mevcut kemiklerin renk, a\u011f\u0131rl\u0131k, k\u0131r\u0131lganl\u0131k, doku nitelikleri, postmortem a\u015f\u0131nmalar\u0131 ve bulunduklar\u0131 yer gibi bulgular dikkate al\u0131nd\u0131\u011f\u0131nda, kesin olmamakla birlikte 100 y\u0131l ve daha \u00f6nceki bir zamanda \u00f6lm\u00fc\u015f ki\u015filere ait olabilece\u011fi, DNA \u00e7al\u0131\u015fmalar\u0131na cevap verebilecek \u00f6zellikte \u00f6rnek tespit edilemedi\u011finden DNA \u00e7al\u0131\u015fmalar\u0131 yap\u0131lamad\u0131\u011f\u0131 kanaatini bildirir rapordur.\u201d<\/p>\n<p>Raporda kemiklerin 100 y\u0131l \u00f6nceye ait oldu\u011funa yer verilmesi, kemiklerin ma\u011faraya sonradan ta\u015f\u0131nd\u0131\u011f\u0131 y\u00f6n\u00fcndeki iddialar\u0131 da yeniden g\u00fcndeme getirdi. Kemiklerin Darge\u00e7it\u2019te AKP Belediye ile Dicle Kalk\u0131nma Ajans\u0131 (D\u0130KA) ortakl\u0131\u011f\u0131nda \u00fczerine Millet Bah\u00e7esi yap\u0131lan S\u00fcryani ve Ermeni mezarl\u0131\u011f\u0131ndan \u00e7\u0131kar\u0131lan kemikler olabilece\u011finden \u015f\u00fcphe ediliyor. Kemiklerin bulunmas\u0131ndan k\u0131sa bir s\u00fcre \u00f6nce ger\u00e7ekle\u015ftirilen proje s\u0131ras\u0131nda trakt\u00f6rlerle ta\u015f\u0131nd\u0131\u011f\u0131 belirtilmi\u015fti.<\/p>\n<p><strong>\u2018KEM\u0130KLER\u0130N AKIBET\u0130 A\u00c7IKLANSIN\u2019<\/strong><\/p>\n<p>S\u00fcryani Dernekleri Federasyonu (S\u00dcDEF) Ba\u015fkan\u0131 Evgil T\u00fcrker, daha \u00f6nce de S\u00fcryani ve Ermeni mezarl\u0131\u011f\u0131ndan \u00e7\u0131kar\u0131lan kemikler olabilece\u011fi \u015f\u00fcphesini dile getirdiklerini belirterek, \u201cMillet Bah\u00e7esi i\u00e7in yok edilen mezarl\u0131ktan \u00e7\u0131kar\u0131lan kemikler oldu\u011funu d\u00fc\u015f\u00fcn\u00fcyoruz. Bu kemiklerin o ma\u011faraya sonradan ta\u015f\u0131nd\u0131klar\u0131, b\u00f6lgede arazisi olan insanlar\u0131n daha \u00f6nceki anlat\u0131mlar\u0131 ile de anla\u015f\u0131l\u0131yor. Mevcut durumda kemiklerin Tirbik\u2019teki mezarl\u0131ktan \u00e7\u0131kar\u0131lan kemikler oldu\u011funu d\u00fc\u015f\u00fcn\u00fcyoruz. Sayfo d\u00f6neminde katledilenlerin de orada mezarlar\u0131 vard\u0131. Ama bu \u015fekilde yok edildi. Mezarl\u0131k gibi kemikleri de yok etmeye, haf\u0131zay\u0131 silmeye \u00e7al\u0131\u015f\u0131yorlar. Bu kemiklerin nereden oraya ta\u015f\u0131nd\u0131\u011f\u0131n\u0131n kesin hale getirilmesini, S\u00fcryani ve Ermenilerin mezar\u0131ndan \u00e7\u0131kar\u0131lan kemiklerin nereye g\u00f6t\u00fcr\u00fcld\u00fc\u011f\u00fcn\u00fcn a\u00e7\u0131klanmas\u0131n\u0131 istiyoruz\u201d diye konu\u015ftu.<\/p>\n<p><em><strong>https:\/\/artigercek.com\/haberler\/dargecit-teki-kemikler-suryani-ve-ermenilere-ait-ait-mezarlardaki-kemikler-olabilir\u00a0<\/strong><\/em><\/p>\n","protected":false},"excerpt":{"rendered":"<p>Millet Bah\u00e7esi yap\u0131lan ve kemiklerin bulundu\u011fu alanda S\u00fcryani ve Ermenilere ait mezarlardan \u00e7\u0131kar\u0131lan kemiklerin olabilece\u011fi belirtiliyor. Mardin\u2019in Darge\u00e7it il\u00e7esinde 28 May\u0131s 2020 tarihinde bir ma\u011farada bulunan kemiklere ili\u015fkin Adli T\u0131p Kurumu (ATK) raporu haz\u0131rland\u0131. Darge\u00e7it\u2019e ba\u011fl\u0131 Der\u00eaca (Akyol) Mahallesi\u2019ne ba\u011fl\u0131 Libka Kaniya mezras\u0131ndaki bir ma\u011farada bulunan ve Darge\u00e7it Cumhuriyet Ba\u015fsavc\u0131l\u0131\u011f\u0131 taraf\u0131ndan toplat\u0131larak, Adalet Bakanl\u0131\u011f\u0131 Adli [&hellip;]<\/p>\n","protected":false},"author":7,"featured_media":64564,"comment_status":"open","ping_status":"open","sticky":false,"template":"","format":"standard","meta":{"footnotes":""},"categories":[1],"tags":[],"class_list":["post-64563","post","type-post","status-publish","format-standard","has-post-thumbnail","hentry","category-haberler"],"yoast_head":"<!-- This site is optimized with the Yoast SEO plugin v27.4 - https:\/\/yoast.com\/product\/yoast-seo-wordpress\/ -->\n<title>Darge\u00e7it\u2019teki kemikler S\u00fcryani ve Ermenilere ait mezarlardan \u00e7\u0131kar\u0131lanlar olabilir - Bati Ermenistan Ve Bati Ermenileri Sorunlari Ara\u015ftirmalar Merkezi<\/title>\n<meta name=\"robots\" content=\"index, follow, max-snippet:-1, max-image-preview:large, max-video-preview:-1\" \/>\n<link rel=\"canonical\" href=\"https:\/\/akunq.net\/tr\/?p=64563\" \/>\n<meta property=\"og:locale\" content=\"en_US\" \/>\n<meta property=\"og:type\" content=\"article\" \/>\n<meta property=\"og:title\" content=\"Darge\u00e7it\u2019teki kemikler S\u00fcryani ve Ermenilere ait mezarlardan \u00e7\u0131kar\u0131lanlar olabilir - Bati Ermenistan Ve Bati Ermenileri Sorunlari Ara\u015ftirmalar Merkezi\" \/>\n<meta property=\"og:description\" content=\"Millet Bah\u00e7esi yap\u0131lan ve kemiklerin bulundu\u011fu alanda S\u00fcryani ve Ermenilere ait mezarlardan \u00e7\u0131kar\u0131lan kemiklerin olabilece\u011fi belirtiliyor. Mardin\u2019in Darge\u00e7it il\u00e7esinde 28 May\u0131s 2020 tarihinde bir ma\u011farada bulunan kemiklere ili\u015fkin Adli T\u0131p Kurumu (ATK) raporu haz\u0131rland\u0131. Darge\u00e7it\u2019e ba\u011fl\u0131 Der\u00eaca (Akyol) Mahallesi\u2019ne ba\u011fl\u0131 Libka Kaniya mezras\u0131ndaki bir ma\u011farada bulunan ve Darge\u00e7it Cumhuriyet Ba\u015fsavc\u0131l\u0131\u011f\u0131 taraf\u0131ndan toplat\u0131larak, Adalet Bakanl\u0131\u011f\u0131 Adli [&hellip;]\" \/>\n<meta property=\"og:url\" content=\"https:\/\/akunq.net\/tr\/?p=64563\" \/>\n<meta property=\"og:site_name\" content=\"Bati Ermenistan Ve Bati Ermenileri Sorunlari Ara\u015ftirmalar Merkezi\" \/>\n<meta property=\"article:published_time\" content=\"2021-09-06T07:12:33+00:00\" \/>\n<meta property=\"og:image\" content=\"https:\/\/akunq.net\/tr\/wp-content\/uploads\/sites\/6\/2021\/09\/Darge\u00e7it\u2019teki-kemikler.jpg\" \/>\n\t<meta property=\"og:image:width\" content=\"800\" \/>\n\t<meta property=\"og:image:height\" content=\"463\" \/>\n\t<meta property=\"og:image:type\" content=\"image\/jpeg\" \/>\n<meta name=\"author\" content=\"admin\" \/>\n<meta name=\"twitter:card\" content=\"summary_large_image\" \/>\n<meta name=\"twitter:label1\" content=\"Written by\" \/>\n\t<meta name=\"twitter:data1\" content=\"admin\" \/>\n\t<meta name=\"twitter:label2\" content=\"Est. reading time\" \/>\n\t<meta name=\"twitter:data2\" content=\"3 minutes\" \/>\n<script type=\"application\/ld+json\" class=\"yoast-schema-graph\">{\"@context\":\"https:\\\/\\\/schema.org\",\"@graph\":[{\"@type\":\"Article\",\"@id\":\"https:\\\/\\\/akunq.net\\\/tr\\\/?p=64563#article\",\"isPartOf\":{\"@id\":\"https:\\\/\\\/akunq.net\\\/tr\\\/?p=64563\"},\"author\":{\"name\":\"admin\",\"@id\":\"https:\\\/\\\/akunq.net\\\/tr\\\/#\\\/schema\\\/person\\\/096f1d38a12cce57fb855b485ed24c9e\"},\"headline\":\"Darge\u00e7it\u2019teki kemikler S\u00fcryani ve Ermenilere ait mezarlardan \u00e7\u0131kar\u0131lanlar olabilir\",\"datePublished\":\"2021-09-06T07:12:33+00:00\",\"mainEntityOfPage\":{\"@id\":\"https:\\\/\\\/akunq.net\\\/tr\\\/?p=64563\"},\"wordCount\":657,\"commentCount\":0,\"image\":{\"@id\":\"https:\\\/\\\/akunq.net\\\/tr\\\/?p=64563#primaryimage\"},\"thumbnailUrl\":\"https:\\\/\\\/akunq.net\\\/tr\\\/wp-content\\\/uploads\\\/sites\\\/6\\\/2021\\\/09\\\/Darge\u00e7it\u2019teki-kemikler.jpg\",\"articleSection\":[\"Haberler\"],\"inLanguage\":\"en-US\",\"potentialAction\":[{\"@type\":\"CommentAction\",\"name\":\"Comment\",\"target\":[\"https:\\\/\\\/akunq.net\\\/tr\\\/?p=64563#respond\"]}]},{\"@type\":\"WebPage\",\"@id\":\"https:\\\/\\\/akunq.net\\\/tr\\\/?p=64563\",\"url\":\"https:\\\/\\\/akunq.net\\\/tr\\\/?p=64563\",\"name\":\"Darge\u00e7it\u2019teki kemikler S\u00fcryani ve Ermenilere ait mezarlardan \u00e7\u0131kar\u0131lanlar olabilir - Bati Ermenistan Ve Bati Ermenileri Sorunlari Ara\u015ftirmalar Merkezi\",\"isPartOf\":{\"@id\":\"https:\\\/\\\/akunq.net\\\/tr\\\/#website\"},\"primaryImageOfPage\":{\"@id\":\"https:\\\/\\\/akunq.net\\\/tr\\\/?p=64563#primaryimage\"},\"image\":{\"@id\":\"https:\\\/\\\/akunq.net\\\/tr\\\/?p=64563#primaryimage\"},\"thumbnailUrl\":\"https:\\\/\\\/akunq.net\\\/tr\\\/wp-content\\\/uploads\\\/sites\\\/6\\\/2021\\\/09\\\/Darge\u00e7it\u2019teki-kemikler.jpg\",\"datePublished\":\"2021-09-06T07:12:33+00:00\",\"author\":{\"@id\":\"https:\\\/\\\/akunq.net\\\/tr\\\/#\\\/schema\\\/person\\\/096f1d38a12cce57fb855b485ed24c9e\"},\"breadcrumb\":{\"@id\":\"https:\\\/\\\/akunq.net\\\/tr\\\/?p=64563#breadcrumb\"},\"inLanguage\":\"en-US\",\"potentialAction\":[{\"@type\":\"ReadAction\",\"target\":[\"https:\\\/\\\/akunq.net\\\/tr\\\/?p=64563\"]}]},{\"@type\":\"ImageObject\",\"inLanguage\":\"en-US\",\"@id\":\"https:\\\/\\\/akunq.net\\\/tr\\\/?p=64563#primaryimage\",\"url\":\"https:\\\/\\\/akunq.net\\\/tr\\\/wp-content\\\/uploads\\\/sites\\\/6\\\/2021\\\/09\\\/Darge\u00e7it\u2019teki-kemikler.jpg\",\"contentUrl\":\"https:\\\/\\\/akunq.net\\\/tr\\\/wp-content\\\/uploads\\\/sites\\\/6\\\/2021\\\/09\\\/Darge\u00e7it\u2019teki-kemikler.jpg\",\"width\":800,\"height\":463},{\"@type\":\"BreadcrumbList\",\"@id\":\"https:\\\/\\\/akunq.net\\\/tr\\\/?p=64563#breadcrumb\",\"itemListElement\":[{\"@type\":\"ListItem\",\"position\":1,\"name\":\"Home\",\"item\":\"https:\\\/\\\/akunq.net\\\/tr\"},{\"@type\":\"ListItem\",\"position\":2,\"name\":\"Darge\u00e7it\u2019teki kemikler S\u00fcryani ve Ermenilere ait mezarlardan \u00e7\u0131kar\u0131lanlar olabilir\"}]},{\"@type\":\"WebSite\",\"@id\":\"https:\\\/\\\/akunq.net\\\/tr\\\/#website\",\"url\":\"https:\\\/\\\/akunq.net\\\/tr\\\/\",\"name\":\"Bati Ermenistan Ve Bati Ermenileri Sorunlari Ara\u015ftirmalar Merkezi\",\"description\":\"\",\"potentialAction\":[{\"@type\":\"SearchAction\",\"target\":{\"@type\":\"EntryPoint\",\"urlTemplate\":\"https:\\\/\\\/akunq.net\\\/tr\\\/?s={search_term_string}\"},\"query-input\":{\"@type\":\"PropertyValueSpecification\",\"valueRequired\":true,\"valueName\":\"search_term_string\"}}],\"inLanguage\":\"en-US\"},{\"@type\":\"Person\",\"@id\":\"https:\\\/\\\/akunq.net\\\/tr\\\/#\\\/schema\\\/person\\\/096f1d38a12cce57fb855b485ed24c9e\",\"name\":\"admin\",\"url\":\"https:\\\/\\\/akunq.net\\\/tr\\\/?author=7\"}]}<\/script>\n<!-- \/ Yoast SEO plugin. -->","yoast_head_json":{"title":"Darge\u00e7it\u2019teki kemikler S\u00fcryani ve Ermenilere ait mezarlardan \u00e7\u0131kar\u0131lanlar olabilir - Bati Ermenistan Ve Bati Ermenileri Sorunlari Ara\u015ftirmalar Merkezi","robots":{"index":"index","follow":"follow","max-snippet":"max-snippet:-1","max-image-preview":"max-image-preview:large","max-video-preview":"max-video-preview:-1"},"canonical":"https:\/\/akunq.net\/tr\/?p=64563","og_locale":"en_US","og_type":"article","og_title":"Darge\u00e7it\u2019teki kemikler S\u00fcryani ve Ermenilere ait mezarlardan \u00e7\u0131kar\u0131lanlar olabilir - Bati Ermenistan Ve Bati Ermenileri Sorunlari Ara\u015ftirmalar Merkezi","og_description":"Millet Bah\u00e7esi yap\u0131lan ve kemiklerin bulundu\u011fu alanda S\u00fcryani ve Ermenilere ait mezarlardan \u00e7\u0131kar\u0131lan kemiklerin olabilece\u011fi belirtiliyor. Mardin\u2019in Darge\u00e7it il\u00e7esinde 28 May\u0131s 2020 tarihinde bir ma\u011farada bulunan kemiklere ili\u015fkin Adli T\u0131p Kurumu (ATK) raporu haz\u0131rland\u0131. Darge\u00e7it\u2019e ba\u011fl\u0131 Der\u00eaca (Akyol) Mahallesi\u2019ne ba\u011fl\u0131 Libka Kaniya mezras\u0131ndaki bir ma\u011farada bulunan ve Darge\u00e7it Cumhuriyet Ba\u015fsavc\u0131l\u0131\u011f\u0131 taraf\u0131ndan toplat\u0131larak, Adalet Bakanl\u0131\u011f\u0131 Adli [&hellip;]","og_url":"https:\/\/akunq.net\/tr\/?p=64563","og_site_name":"Bati Ermenistan Ve Bati Ermenileri Sorunlari Ara\u015ftirmalar Merkezi","article_published_time":"2021-09-06T07:12:33+00:00","og_image":[{"width":800,"height":463,"url":"https:\/\/akunq.net\/tr\/wp-content\/uploads\/sites\/6\/2021\/09\/Darge\u00e7it\u2019teki-kemikler.jpg","type":"image\/jpeg"}],"author":"admin","twitter_card":"summary_large_image","twitter_misc":{"Written by":"admin","Est. reading time":"3 minutes"},"schema":{"@context":"https:\/\/schema.org","@graph":[{"@type":"Article","@id":"https:\/\/akunq.net\/tr\/?p=64563#article","isPartOf":{"@id":"https:\/\/akunq.net\/tr\/?p=64563"},"author":{"name":"admin","@id":"https:\/\/akunq.net\/tr\/#\/schema\/person\/096f1d38a12cce57fb855b485ed24c9e"},"headline":"Darge\u00e7it\u2019teki kemikler S\u00fcryani ve Ermenilere ait mezarlardan \u00e7\u0131kar\u0131lanlar olabilir","datePublished":"2021-09-06T07:12:33+00:00","mainEntityOfPage":{"@id":"https:\/\/akunq.net\/tr\/?p=64563"},"wordCount":657,"commentCount":0,"image":{"@id":"https:\/\/akunq.net\/tr\/?p=64563#primaryimage"},"thumbnailUrl":"https:\/\/akunq.net\/tr\/wp-content\/uploads\/sites\/6\/2021\/09\/Darge\u00e7it\u2019teki-kemikler.jpg","articleSection":["Haberler"],"inLanguage":"en-US","potentialAction":[{"@type":"CommentAction","name":"Comment","target":["https:\/\/akunq.net\/tr\/?p=64563#respond"]}]},{"@type":"WebPage","@id":"https:\/\/akunq.net\/tr\/?p=64563","url":"https:\/\/akunq.net\/tr\/?p=64563","name":"Darge\u00e7it\u2019teki kemikler S\u00fcryani ve Ermenilere ait mezarlardan \u00e7\u0131kar\u0131lanlar olabilir - Bati Ermenistan Ve Bati Ermenileri Sorunlari Ara\u015ftirmalar Merkezi","isPartOf":{"@id":"https:\/\/akunq.net\/tr\/#website"},"primaryImageOfPage":{"@id":"https:\/\/akunq.net\/tr\/?p=64563#primaryimage"},"image":{"@id":"https:\/\/akunq.net\/tr\/?p=64563#primaryimage"},"thumbnailUrl":"https:\/\/akunq.net\/tr\/wp-content\/uploads\/sites\/6\/2021\/09\/Darge\u00e7it\u2019teki-kemikler.jpg","datePublished":"2021-09-06T07:12:33+00:00","author":{"@id":"https:\/\/akunq.net\/tr\/#\/schema\/person\/096f1d38a12cce57fb855b485ed24c9e"},"breadcrumb":{"@id":"https:\/\/akunq.net\/tr\/?p=64563#breadcrumb"},"inLanguage":"en-US","potentialAction":[{"@type":"ReadAction","target":["https:\/\/akunq.net\/tr\/?p=64563"]}]},{"@type":"ImageObject","inLanguage":"en-US","@id":"https:\/\/akunq.net\/tr\/?p=64563#primaryimage","url":"https:\/\/akunq.net\/tr\/wp-content\/uploads\/sites\/6\/2021\/09\/Darge\u00e7it\u2019teki-kemikler.jpg","contentUrl":"https:\/\/akunq.net\/tr\/wp-content\/uploads\/sites\/6\/2021\/09\/Darge\u00e7it\u2019teki-kemikler.jpg","width":800,"height":463},{"@type":"BreadcrumbList","@id":"https:\/\/akunq.net\/tr\/?p=64563#breadcrumb","itemListElement":[{"@type":"ListItem","position":1,"name":"Home","item":"https:\/\/akunq.net\/tr"},{"@type":"ListItem","position":2,"name":"Darge\u00e7it\u2019teki kemikler S\u00fcryani ve Ermenilere ait mezarlardan \u00e7\u0131kar\u0131lanlar olabilir"}]},{"@type":"WebSite","@id":"https:\/\/akunq.net\/tr\/#website","url":"https:\/\/akunq.net\/tr\/","name":"Bati Ermenistan Ve Bati Ermenileri Sorunlari Ara\u015ftirmalar Merkezi","description":"","potentialAction":[{"@type":"SearchAction","target":{"@type":"EntryPoint","urlTemplate":"https:\/\/akunq.net\/tr\/?s={search_term_string}"},"query-input":{"@type":"PropertyValueSpecification","valueRequired":true,"valueName":"search_term_string"}}],"inLanguage":"en-US"},{"@type":"Person","@id":"https:\/\/akunq.net\/tr\/#\/schema\/person\/096f1d38a12cce57fb855b485ed24c9e","name":"admin","url":"https:\/\/akunq.net\/tr\/?author=7"}]}},"_links":{"self":[{"href":"https:\/\/akunq.net\/tr\/index.php?rest_route=\/wp\/v2\/posts\/64563","targetHints":{"allow":["GET"]}}],"collection":[{"href":"https:\/\/akunq.net\/tr\/index.php?rest_route=\/wp\/v2\/posts"}],"about":[{"href":"https:\/\/akunq.net\/tr\/index.php?rest_route=\/wp\/v2\/types\/post"}],"author":[{"embeddable":true,"href":"https:\/\/akunq.net\/tr\/index.php?rest_route=\/wp\/v2\/users\/7"}],"replies":[{"embeddable":true,"href":"https:\/\/akunq.net\/tr\/index.php?rest_route=%2Fwp%2Fv2%2Fcomments&post=64563"}],"version-history":[{"count":1,"href":"https:\/\/akunq.net\/tr\/index.php?rest_route=\/wp\/v2\/posts\/64563\/revisions"}],"predecessor-version":[{"id":64565,"href":"https:\/\/akunq.net\/tr\/index.php?rest_route=\/wp\/v2\/posts\/64563\/revisions\/64565"}],"wp:featuredmedia":[{"embeddable":true,"href":"https:\/\/akunq.net\/tr\/index.php?rest_route=\/wp\/v2\/media\/64564"}],"wp:attachment":[{"href":"https:\/\/akunq.net\/tr\/index.php?rest_route=%2Fwp%2Fv2%2Fmedia&parent=64563"}],"wp:term":[{"taxonomy":"category","embeddable":true,"href":"https:\/\/akunq.net\/tr\/index.php?rest_route=%2Fwp%2Fv2%2Fcategories&post=64563"},{"taxonomy":"post_tag","embeddable":true,"href":"https:\/\/akunq.net\/tr\/index.php?rest_route=%2Fwp%2Fv2%2Ftags&post=64563"}],"curies":[{"name":"wp","href":"https:\/\/api.w.org\/{rel}","templated":true}]}}