{"id":64550,"date":"2021-09-03T03:03:26","date_gmt":"2021-09-03T08:03:26","guid":{"rendered":"https:\/\/akunq.net\/tr\/?p=64550"},"modified":"2021-09-03T03:03:26","modified_gmt":"2021-09-03T08:03:26","slug":"kacak-kazida-73-yillik-kopruyu-tahrip-ettiler","status":"publish","type":"post","link":"https:\/\/akunq.net\/tr\/?p=64550","title":{"rendered":"Ka\u00e7ak kaz\u0131da 73 y\u0131ll\u0131k k\u00f6pr\u00fcy\u00fc tahrip ettiler"},"content":{"rendered":"<p><img loading=\"lazy\" decoding=\"async\" class=\"aligncenter size-medium wp-image-64551\" src=\"https:\/\/akunq.net\/tr\/wp-content\/uploads\/2021\/09\/73-y\u0131ll\u0131k-k\u00f6pr\u00fc-360x200.jpg\" alt=\"\" width=\"360\" height=\"200\" srcset=\"https:\/\/akunq.net\/tr\/wp-content\/uploads\/sites\/6\/2021\/09\/73-y\u0131ll\u0131k-k\u00f6pr\u00fc-360x200.jpg 360w, https:\/\/akunq.net\/tr\/wp-content\/uploads\/sites\/6\/2021\/09\/73-y\u0131ll\u0131k-k\u00f6pr\u00fc-560x311.jpg 560w, https:\/\/akunq.net\/tr\/wp-content\/uploads\/sites\/6\/2021\/09\/73-y\u0131ll\u0131k-k\u00f6pr\u00fc-260x144.jpg 260w, https:\/\/akunq.net\/tr\/wp-content\/uploads\/sites\/6\/2021\/09\/73-y\u0131ll\u0131k-k\u00f6pr\u00fc-160x89.jpg 160w, https:\/\/akunq.net\/tr\/wp-content\/uploads\/sites\/6\/2021\/09\/73-y\u0131ll\u0131k-k\u00f6pr\u00fc.jpg 720w\" sizes=\"auto, (max-width: 360px) 100vw, 360px\" \/><\/p>\n<p><em><strong>Manisa\u2019da 73 y\u0131ll\u0131k k\u00f6pr\u00fcde ka\u00e7ak kaz\u0131 yapan defineciler yap\u0131n\u0131n ta\u015flar\u0131n\u0131 s\u00f6k\u00fcnce, ciddi tahribata yol a\u00e7t\u0131lar.<\/strong><\/em><\/p>\n<p>Manisa\u2019n\u0131n Yunusemre il\u00e7esindeki 73 y\u0131ll\u0131k De\u011firmen K\u00f6pr\u00fcs\u00fc\u2019n\u00fcn ayaklar\u0131nda kaz\u0131 yapan defineciler, yap\u0131n\u0131n bir b\u00f6l\u00fcm\u00fcndeki ta\u015flar\u0131 s\u00f6kt\u00fc. Jandarma olay\u0131 kimin yapt\u0131\u011f\u0131n\u0131n belirlenmesi ve yakalanmas\u0131 i\u00e7in \u00e7al\u0131\u015fma ba\u015flatt\u0131.<\/p>\n<p>\u0130l\u00e7eye ba\u011fl\u0131 Pelitalan Mahallesi\u2019ndeki Kocadere \u00c7ay\u0131 \u00fczerindeki 73 y\u0131ll\u0131k ta\u015f k\u00f6pr\u00fcye define hayali pe\u015finde ko\u015fanlar zarar verdi. De\u011firmen K\u00f6pr\u00fcs\u00fc\u2019n\u00fcn ayaklar\u0131nda kaz\u0131 yapan defineciler, yap\u0131n\u0131n bir b\u00f6l\u00fcm\u00fcndeki ta\u015flar\u0131 s\u00f6kt\u00fc. \u0130hbar \u00fczerine k\u00f6pr\u00fcye gelen jandarma ekipleri, yap\u0131ya kimin zarar verdi\u011finin belirlenmesi ve yakalanmas\u0131 i\u00e7in \u00e7al\u0131\u015fma ba\u015flatt\u0131. B\u00f6lgede ya\u015fayanlar ise k\u00f6pr\u00fcn\u00fcn bir an \u00f6nce restore edilerek eski haline getirilmesini istedi.<\/p>\n<p>Mahalleli Mustafa Ert\u00fcrk (66), k\u00f6pr\u00fcn\u00fcn 1948 y\u0131l\u0131nda 5 mahalle sakini taraf\u0131ndan yap\u0131ld\u0131\u011f\u0131n\u0131 belirterek, \u201c1 g\u00fcn \u00f6nce tarlam\u0131 sulamaya geldim. B\u00f6yle bir durum yoktu. Ertesi g\u00fcn geldi\u011fimde, k\u00f6pr\u00fcy\u00fc bu \u015fekilde buldum. Muhtemelen gece yapt\u0131lar. Defineciler \u00f6ncelikle bu k\u00f6pr\u00fcn\u00fcn yeni bir k\u00f6pr\u00fc oldu\u011funu bilsin. Burada define yok. Bu k\u00f6pr\u00fcn\u00fcn kim ve kimler taraf\u0131ndan yap\u0131ld\u0131\u011f\u0131n\u0131 babalar\u0131m\u0131z ve dedelerimiz biliyor. 5 mahalle sakini, y\u00fczlerce insan, deve ve atlarla buraya ta\u015f getirip, k\u00f6pr\u00fcy\u00fc yapm\u0131\u015f. Ama defineciler bu insanlar\u0131n emeklerini hi\u00e7e saym\u0131\u015flar. K\u00f6pr\u00fcy\u00fc neredeyse y\u0131km\u0131\u015flar. Onarmak istedik ama S\u0130T alan\u0131 diye dokunam\u0131yoruz. 2 ayd\u0131r yapan da yok. Defineciler buray\u0131 bo\u015funa kazm\u0131\u015f. Burada ne alt\u0131n\u0131 olacak, alt\u0131n olmas\u0131 m\u00fcmk\u00fcn de\u011fil. Bu \u015fekilde tarihimize zarar vermesinler\u201d diye konu\u015ftu.<\/p>\n<p>Nazif Uyumaz (53) ise, \u201cK\u00f6pr\u00fcm\u00fcze bunun yap\u0131lmas\u0131 ay\u0131p. Bunu yapanlar\u0131n a\u011f\u0131r \u015fekilde ceza almas\u0131n\u0131 istiyoruz\u201d dedi.<\/p>\n<p><em><strong>https:\/\/www.birgun.net\/haber\/kacak-kazida-73-yillik-kopruyu-tahrip-ettiler-357310?__cf_chl_managed_tk__=pmd_MES6cN151YMfch9pwIIbNLd58VHhl0K9kGvTm4Q0f8Q-1630656120-0-gqNtZGzNAzujcnBszQo9<\/strong><\/em><\/p>\n","protected":false},"excerpt":{"rendered":"<p>Manisa\u2019da 73 y\u0131ll\u0131k k\u00f6pr\u00fcde ka\u00e7ak kaz\u0131 yapan defineciler yap\u0131n\u0131n ta\u015flar\u0131n\u0131 s\u00f6k\u00fcnce, ciddi tahribata yol a\u00e7t\u0131lar. Manisa\u2019n\u0131n Yunusemre il\u00e7esindeki 73 y\u0131ll\u0131k De\u011firmen K\u00f6pr\u00fcs\u00fc\u2019n\u00fcn ayaklar\u0131nda kaz\u0131 yapan defineciler, yap\u0131n\u0131n bir b\u00f6l\u00fcm\u00fcndeki ta\u015flar\u0131 s\u00f6kt\u00fc. Jandarma olay\u0131 kimin yapt\u0131\u011f\u0131n\u0131n belirlenmesi ve yakalanmas\u0131 i\u00e7in \u00e7al\u0131\u015fma ba\u015flatt\u0131. \u0130l\u00e7eye ba\u011fl\u0131 Pelitalan Mahallesi\u2019ndeki Kocadere \u00c7ay\u0131 \u00fczerindeki 73 y\u0131ll\u0131k ta\u015f k\u00f6pr\u00fcye define hayali pe\u015finde [&hellip;]<\/p>\n","protected":false},"author":7,"featured_media":64551,"comment_status":"open","ping_status":"open","sticky":false,"template":"","format":"standard","meta":{"footnotes":""},"categories":[1],"tags":[],"class_list":["post-64550","post","type-post","status-publish","format-standard","has-post-thumbnail","hentry","category-haberler"],"yoast_head":"<!-- This site is optimized with the Yoast SEO plugin v27.4 - https:\/\/yoast.com\/product\/yoast-seo-wordpress\/ -->\n<title>Ka\u00e7ak kaz\u0131da 73 y\u0131ll\u0131k k\u00f6pr\u00fcy\u00fc tahrip ettiler - Bati Ermenistan Ve Bati Ermenileri Sorunlari Ara\u015ftirmalar Merkezi<\/title>\n<meta name=\"robots\" content=\"index, follow, max-snippet:-1, max-image-preview:large, max-video-preview:-1\" \/>\n<link rel=\"canonical\" href=\"https:\/\/akunq.net\/tr\/?p=64550\" \/>\n<meta property=\"og:locale\" content=\"en_US\" \/>\n<meta property=\"og:type\" content=\"article\" \/>\n<meta property=\"og:title\" content=\"Ka\u00e7ak kaz\u0131da 73 y\u0131ll\u0131k k\u00f6pr\u00fcy\u00fc tahrip ettiler - Bati Ermenistan Ve Bati Ermenileri Sorunlari Ara\u015ftirmalar Merkezi\" \/>\n<meta property=\"og:description\" content=\"Manisa\u2019da 73 y\u0131ll\u0131k k\u00f6pr\u00fcde ka\u00e7ak kaz\u0131 yapan defineciler yap\u0131n\u0131n ta\u015flar\u0131n\u0131 s\u00f6k\u00fcnce, ciddi tahribata yol a\u00e7t\u0131lar. Manisa\u2019n\u0131n Yunusemre il\u00e7esindeki 73 y\u0131ll\u0131k De\u011firmen K\u00f6pr\u00fcs\u00fc\u2019n\u00fcn ayaklar\u0131nda kaz\u0131 yapan defineciler, yap\u0131n\u0131n bir b\u00f6l\u00fcm\u00fcndeki ta\u015flar\u0131 s\u00f6kt\u00fc. Jandarma olay\u0131 kimin yapt\u0131\u011f\u0131n\u0131n belirlenmesi ve yakalanmas\u0131 i\u00e7in \u00e7al\u0131\u015fma ba\u015flatt\u0131. \u0130l\u00e7eye ba\u011fl\u0131 Pelitalan Mahallesi\u2019ndeki Kocadere \u00c7ay\u0131 \u00fczerindeki 73 y\u0131ll\u0131k ta\u015f k\u00f6pr\u00fcye define hayali pe\u015finde [&hellip;]\" \/>\n<meta property=\"og:url\" content=\"https:\/\/akunq.net\/tr\/?p=64550\" \/>\n<meta property=\"og:site_name\" content=\"Bati Ermenistan Ve Bati Ermenileri Sorunlari Ara\u015ftirmalar Merkezi\" \/>\n<meta property=\"article:published_time\" content=\"2021-09-03T08:03:26+00:00\" \/>\n<meta property=\"og:image\" content=\"https:\/\/akunq.net\/tr\/wp-content\/uploads\/sites\/6\/2021\/09\/73-y\u0131ll\u0131k-k\u00f6pr\u00fc.jpg\" \/>\n\t<meta property=\"og:image:width\" content=\"720\" \/>\n\t<meta property=\"og:image:height\" content=\"400\" \/>\n\t<meta property=\"og:image:type\" content=\"image\/jpeg\" \/>\n<meta name=\"author\" content=\"admin\" \/>\n<meta name=\"twitter:card\" content=\"summary_large_image\" \/>\n<meta name=\"twitter:label1\" content=\"Written by\" \/>\n\t<meta name=\"twitter:data1\" content=\"admin\" \/>\n\t<meta name=\"twitter:label2\" content=\"Est. reading time\" \/>\n\t<meta name=\"twitter:data2\" content=\"2 minutes\" \/>\n<script type=\"application\/ld+json\" class=\"yoast-schema-graph\">{\"@context\":\"https:\\\/\\\/schema.org\",\"@graph\":[{\"@type\":\"Article\",\"@id\":\"https:\\\/\\\/akunq.net\\\/tr\\\/?p=64550#article\",\"isPartOf\":{\"@id\":\"https:\\\/\\\/akunq.net\\\/tr\\\/?p=64550\"},\"author\":{\"name\":\"admin\",\"@id\":\"https:\\\/\\\/akunq.net\\\/tr\\\/#\\\/schema\\\/person\\\/096f1d38a12cce57fb855b485ed24c9e\"},\"headline\":\"Ka\u00e7ak kaz\u0131da 73 y\u0131ll\u0131k k\u00f6pr\u00fcy\u00fc tahrip ettiler\",\"datePublished\":\"2021-09-03T08:03:26+00:00\",\"mainEntityOfPage\":{\"@id\":\"https:\\\/\\\/akunq.net\\\/tr\\\/?p=64550\"},\"wordCount\":378,\"commentCount\":0,\"image\":{\"@id\":\"https:\\\/\\\/akunq.net\\\/tr\\\/?p=64550#primaryimage\"},\"thumbnailUrl\":\"https:\\\/\\\/akunq.net\\\/tr\\\/wp-content\\\/uploads\\\/sites\\\/6\\\/2021\\\/09\\\/73-y\u0131ll\u0131k-k\u00f6pr\u00fc.jpg\",\"articleSection\":[\"Haberler\"],\"inLanguage\":\"en-US\",\"potentialAction\":[{\"@type\":\"CommentAction\",\"name\":\"Comment\",\"target\":[\"https:\\\/\\\/akunq.net\\\/tr\\\/?p=64550#respond\"]}]},{\"@type\":\"WebPage\",\"@id\":\"https:\\\/\\\/akunq.net\\\/tr\\\/?p=64550\",\"url\":\"https:\\\/\\\/akunq.net\\\/tr\\\/?p=64550\",\"name\":\"Ka\u00e7ak kaz\u0131da 73 y\u0131ll\u0131k k\u00f6pr\u00fcy\u00fc tahrip ettiler - Bati Ermenistan Ve Bati Ermenileri Sorunlari Ara\u015ftirmalar Merkezi\",\"isPartOf\":{\"@id\":\"https:\\\/\\\/akunq.net\\\/tr\\\/#website\"},\"primaryImageOfPage\":{\"@id\":\"https:\\\/\\\/akunq.net\\\/tr\\\/?p=64550#primaryimage\"},\"image\":{\"@id\":\"https:\\\/\\\/akunq.net\\\/tr\\\/?p=64550#primaryimage\"},\"thumbnailUrl\":\"https:\\\/\\\/akunq.net\\\/tr\\\/wp-content\\\/uploads\\\/sites\\\/6\\\/2021\\\/09\\\/73-y\u0131ll\u0131k-k\u00f6pr\u00fc.jpg\",\"datePublished\":\"2021-09-03T08:03:26+00:00\",\"author\":{\"@id\":\"https:\\\/\\\/akunq.net\\\/tr\\\/#\\\/schema\\\/person\\\/096f1d38a12cce57fb855b485ed24c9e\"},\"breadcrumb\":{\"@id\":\"https:\\\/\\\/akunq.net\\\/tr\\\/?p=64550#breadcrumb\"},\"inLanguage\":\"en-US\",\"potentialAction\":[{\"@type\":\"ReadAction\",\"target\":[\"https:\\\/\\\/akunq.net\\\/tr\\\/?p=64550\"]}]},{\"@type\":\"ImageObject\",\"inLanguage\":\"en-US\",\"@id\":\"https:\\\/\\\/akunq.net\\\/tr\\\/?p=64550#primaryimage\",\"url\":\"https:\\\/\\\/akunq.net\\\/tr\\\/wp-content\\\/uploads\\\/sites\\\/6\\\/2021\\\/09\\\/73-y\u0131ll\u0131k-k\u00f6pr\u00fc.jpg\",\"contentUrl\":\"https:\\\/\\\/akunq.net\\\/tr\\\/wp-content\\\/uploads\\\/sites\\\/6\\\/2021\\\/09\\\/73-y\u0131ll\u0131k-k\u00f6pr\u00fc.jpg\",\"width\":720,\"height\":400},{\"@type\":\"BreadcrumbList\",\"@id\":\"https:\\\/\\\/akunq.net\\\/tr\\\/?p=64550#breadcrumb\",\"itemListElement\":[{\"@type\":\"ListItem\",\"position\":1,\"name\":\"Home\",\"item\":\"https:\\\/\\\/akunq.net\\\/tr\"},{\"@type\":\"ListItem\",\"position\":2,\"name\":\"Ka\u00e7ak kaz\u0131da 73 y\u0131ll\u0131k k\u00f6pr\u00fcy\u00fc tahrip ettiler\"}]},{\"@type\":\"WebSite\",\"@id\":\"https:\\\/\\\/akunq.net\\\/tr\\\/#website\",\"url\":\"https:\\\/\\\/akunq.net\\\/tr\\\/\",\"name\":\"Bati Ermenistan Ve Bati Ermenileri Sorunlari Ara\u015ftirmalar Merkezi\",\"description\":\"\",\"potentialAction\":[{\"@type\":\"SearchAction\",\"target\":{\"@type\":\"EntryPoint\",\"urlTemplate\":\"https:\\\/\\\/akunq.net\\\/tr\\\/?s={search_term_string}\"},\"query-input\":{\"@type\":\"PropertyValueSpecification\",\"valueRequired\":true,\"valueName\":\"search_term_string\"}}],\"inLanguage\":\"en-US\"},{\"@type\":\"Person\",\"@id\":\"https:\\\/\\\/akunq.net\\\/tr\\\/#\\\/schema\\\/person\\\/096f1d38a12cce57fb855b485ed24c9e\",\"name\":\"admin\",\"url\":\"https:\\\/\\\/akunq.net\\\/tr\\\/?author=7\"}]}<\/script>\n<!-- \/ Yoast SEO plugin. -->","yoast_head_json":{"title":"Ka\u00e7ak kaz\u0131da 73 y\u0131ll\u0131k k\u00f6pr\u00fcy\u00fc tahrip ettiler - Bati Ermenistan Ve Bati Ermenileri Sorunlari Ara\u015ftirmalar Merkezi","robots":{"index":"index","follow":"follow","max-snippet":"max-snippet:-1","max-image-preview":"max-image-preview:large","max-video-preview":"max-video-preview:-1"},"canonical":"https:\/\/akunq.net\/tr\/?p=64550","og_locale":"en_US","og_type":"article","og_title":"Ka\u00e7ak kaz\u0131da 73 y\u0131ll\u0131k k\u00f6pr\u00fcy\u00fc tahrip ettiler - Bati Ermenistan Ve Bati Ermenileri Sorunlari Ara\u015ftirmalar Merkezi","og_description":"Manisa\u2019da 73 y\u0131ll\u0131k k\u00f6pr\u00fcde ka\u00e7ak kaz\u0131 yapan defineciler yap\u0131n\u0131n ta\u015flar\u0131n\u0131 s\u00f6k\u00fcnce, ciddi tahribata yol a\u00e7t\u0131lar. Manisa\u2019n\u0131n Yunusemre il\u00e7esindeki 73 y\u0131ll\u0131k De\u011firmen K\u00f6pr\u00fcs\u00fc\u2019n\u00fcn ayaklar\u0131nda kaz\u0131 yapan defineciler, yap\u0131n\u0131n bir b\u00f6l\u00fcm\u00fcndeki ta\u015flar\u0131 s\u00f6kt\u00fc. Jandarma olay\u0131 kimin yapt\u0131\u011f\u0131n\u0131n belirlenmesi ve yakalanmas\u0131 i\u00e7in \u00e7al\u0131\u015fma ba\u015flatt\u0131. \u0130l\u00e7eye ba\u011fl\u0131 Pelitalan Mahallesi\u2019ndeki Kocadere \u00c7ay\u0131 \u00fczerindeki 73 y\u0131ll\u0131k ta\u015f k\u00f6pr\u00fcye define hayali pe\u015finde [&hellip;]","og_url":"https:\/\/akunq.net\/tr\/?p=64550","og_site_name":"Bati Ermenistan Ve Bati Ermenileri Sorunlari Ara\u015ftirmalar Merkezi","article_published_time":"2021-09-03T08:03:26+00:00","og_image":[{"width":720,"height":400,"url":"https:\/\/akunq.net\/tr\/wp-content\/uploads\/sites\/6\/2021\/09\/73-y\u0131ll\u0131k-k\u00f6pr\u00fc.jpg","type":"image\/jpeg"}],"author":"admin","twitter_card":"summary_large_image","twitter_misc":{"Written by":"admin","Est. reading time":"2 minutes"},"schema":{"@context":"https:\/\/schema.org","@graph":[{"@type":"Article","@id":"https:\/\/akunq.net\/tr\/?p=64550#article","isPartOf":{"@id":"https:\/\/akunq.net\/tr\/?p=64550"},"author":{"name":"admin","@id":"https:\/\/akunq.net\/tr\/#\/schema\/person\/096f1d38a12cce57fb855b485ed24c9e"},"headline":"Ka\u00e7ak kaz\u0131da 73 y\u0131ll\u0131k k\u00f6pr\u00fcy\u00fc tahrip ettiler","datePublished":"2021-09-03T08:03:26+00:00","mainEntityOfPage":{"@id":"https:\/\/akunq.net\/tr\/?p=64550"},"wordCount":378,"commentCount":0,"image":{"@id":"https:\/\/akunq.net\/tr\/?p=64550#primaryimage"},"thumbnailUrl":"https:\/\/akunq.net\/tr\/wp-content\/uploads\/sites\/6\/2021\/09\/73-y\u0131ll\u0131k-k\u00f6pr\u00fc.jpg","articleSection":["Haberler"],"inLanguage":"en-US","potentialAction":[{"@type":"CommentAction","name":"Comment","target":["https:\/\/akunq.net\/tr\/?p=64550#respond"]}]},{"@type":"WebPage","@id":"https:\/\/akunq.net\/tr\/?p=64550","url":"https:\/\/akunq.net\/tr\/?p=64550","name":"Ka\u00e7ak kaz\u0131da 73 y\u0131ll\u0131k k\u00f6pr\u00fcy\u00fc tahrip ettiler - Bati Ermenistan Ve Bati Ermenileri Sorunlari Ara\u015ftirmalar Merkezi","isPartOf":{"@id":"https:\/\/akunq.net\/tr\/#website"},"primaryImageOfPage":{"@id":"https:\/\/akunq.net\/tr\/?p=64550#primaryimage"},"image":{"@id":"https:\/\/akunq.net\/tr\/?p=64550#primaryimage"},"thumbnailUrl":"https:\/\/akunq.net\/tr\/wp-content\/uploads\/sites\/6\/2021\/09\/73-y\u0131ll\u0131k-k\u00f6pr\u00fc.jpg","datePublished":"2021-09-03T08:03:26+00:00","author":{"@id":"https:\/\/akunq.net\/tr\/#\/schema\/person\/096f1d38a12cce57fb855b485ed24c9e"},"breadcrumb":{"@id":"https:\/\/akunq.net\/tr\/?p=64550#breadcrumb"},"inLanguage":"en-US","potentialAction":[{"@type":"ReadAction","target":["https:\/\/akunq.net\/tr\/?p=64550"]}]},{"@type":"ImageObject","inLanguage":"en-US","@id":"https:\/\/akunq.net\/tr\/?p=64550#primaryimage","url":"https:\/\/akunq.net\/tr\/wp-content\/uploads\/sites\/6\/2021\/09\/73-y\u0131ll\u0131k-k\u00f6pr\u00fc.jpg","contentUrl":"https:\/\/akunq.net\/tr\/wp-content\/uploads\/sites\/6\/2021\/09\/73-y\u0131ll\u0131k-k\u00f6pr\u00fc.jpg","width":720,"height":400},{"@type":"BreadcrumbList","@id":"https:\/\/akunq.net\/tr\/?p=64550#breadcrumb","itemListElement":[{"@type":"ListItem","position":1,"name":"Home","item":"https:\/\/akunq.net\/tr"},{"@type":"ListItem","position":2,"name":"Ka\u00e7ak kaz\u0131da 73 y\u0131ll\u0131k k\u00f6pr\u00fcy\u00fc tahrip ettiler"}]},{"@type":"WebSite","@id":"https:\/\/akunq.net\/tr\/#website","url":"https:\/\/akunq.net\/tr\/","name":"Bati Ermenistan Ve Bati Ermenileri Sorunlari Ara\u015ftirmalar Merkezi","description":"","potentialAction":[{"@type":"SearchAction","target":{"@type":"EntryPoint","urlTemplate":"https:\/\/akunq.net\/tr\/?s={search_term_string}"},"query-input":{"@type":"PropertyValueSpecification","valueRequired":true,"valueName":"search_term_string"}}],"inLanguage":"en-US"},{"@type":"Person","@id":"https:\/\/akunq.net\/tr\/#\/schema\/person\/096f1d38a12cce57fb855b485ed24c9e","name":"admin","url":"https:\/\/akunq.net\/tr\/?author=7"}]}},"_links":{"self":[{"href":"https:\/\/akunq.net\/tr\/index.php?rest_route=\/wp\/v2\/posts\/64550","targetHints":{"allow":["GET"]}}],"collection":[{"href":"https:\/\/akunq.net\/tr\/index.php?rest_route=\/wp\/v2\/posts"}],"about":[{"href":"https:\/\/akunq.net\/tr\/index.php?rest_route=\/wp\/v2\/types\/post"}],"author":[{"embeddable":true,"href":"https:\/\/akunq.net\/tr\/index.php?rest_route=\/wp\/v2\/users\/7"}],"replies":[{"embeddable":true,"href":"https:\/\/akunq.net\/tr\/index.php?rest_route=%2Fwp%2Fv2%2Fcomments&post=64550"}],"version-history":[{"count":1,"href":"https:\/\/akunq.net\/tr\/index.php?rest_route=\/wp\/v2\/posts\/64550\/revisions"}],"predecessor-version":[{"id":64552,"href":"https:\/\/akunq.net\/tr\/index.php?rest_route=\/wp\/v2\/posts\/64550\/revisions\/64552"}],"wp:featuredmedia":[{"embeddable":true,"href":"https:\/\/akunq.net\/tr\/index.php?rest_route=\/wp\/v2\/media\/64551"}],"wp:attachment":[{"href":"https:\/\/akunq.net\/tr\/index.php?rest_route=%2Fwp%2Fv2%2Fmedia&parent=64550"}],"wp:term":[{"taxonomy":"category","embeddable":true,"href":"https:\/\/akunq.net\/tr\/index.php?rest_route=%2Fwp%2Fv2%2Fcategories&post=64550"},{"taxonomy":"post_tag","embeddable":true,"href":"https:\/\/akunq.net\/tr\/index.php?rest_route=%2Fwp%2Fv2%2Ftags&post=64550"}],"curies":[{"name":"wp","href":"https:\/\/api.w.org\/{rel}","templated":true}]}}