{"id":64547,"date":"2021-09-03T02:57:17","date_gmt":"2021-09-03T07:57:17","guid":{"rendered":"https:\/\/akunq.net\/tr\/?p=64547"},"modified":"2021-09-03T02:57:17","modified_gmt":"2021-09-03T07:57:17","slug":"ermeni-mezarliginin-tahrip-edilmesi-ve-ermeni-kilisesinin-afisten-cikarilmasi-meclis-gundeminde","status":"publish","type":"post","link":"https:\/\/akunq.net\/tr\/?p=64547","title":{"rendered":"Ermeni mezarl\u0131\u011f\u0131n\u0131n tahrip edilmesi ve \u2018Ermeni kilisesi\u2019nin afi\u015ften \u00e7\u0131kar\u0131lmas\u0131 Meclis g\u00fcndeminde"},"content":{"rendered":"<p><img loading=\"lazy\" decoding=\"async\" class=\"aligncenter size-medium wp-image-64548\" src=\"https:\/\/akunq.net\/tr\/wp-content\/uploads\/2021\/09\/Ahmet-\u015e\u0131k-360x200.jpeg\" alt=\"\" width=\"360\" height=\"200\" srcset=\"https:\/\/akunq.net\/tr\/wp-content\/uploads\/sites\/6\/2021\/09\/Ahmet-\u015e\u0131k-360x200.jpeg 360w, https:\/\/akunq.net\/tr\/wp-content\/uploads\/sites\/6\/2021\/09\/Ahmet-\u015e\u0131k-560x311.jpeg 560w, https:\/\/akunq.net\/tr\/wp-content\/uploads\/sites\/6\/2021\/09\/Ahmet-\u015e\u0131k-260x144.jpeg 260w, https:\/\/akunq.net\/tr\/wp-content\/uploads\/sites\/6\/2021\/09\/Ahmet-\u015e\u0131k-160x89.jpeg 160w, https:\/\/akunq.net\/tr\/wp-content\/uploads\/sites\/6\/2021\/09\/Ahmet-\u015e\u0131k.jpeg 720w\" sizes=\"auto, (max-width: 360px) 100vw, 360px\" \/><\/p>\n<p><em><strong>T\u0130P Milletvekili Ahmet \u015e\u0131k, Van\u2019\u0131n Tu\u015fba il\u00e7esinde Ermenilere ait mezarl\u0131\u011f\u0131n i\u015f makineleriyle tahrip edilmesi ve restorasyonun ard\u0131ndan ibadete a\u00e7\u0131lan Ta\u015f Horan Ermeni Kilisesi\u2019nin a\u00e7\u0131l\u0131\u015f\u0131nda kullanulan afi\u015fte \u201cTa\u015f Horan K\u00fclt\u00fcr ve Sanat Merkezi\u201d yaz\u0131lmas\u0131n\u0131 Meclis g\u00fcndemine ta\u015f\u0131d\u0131.<\/strong><\/em><\/p>\n<p>T\u00fcrkiye \u0130\u015f\u00e7i Partisi (T\u0130P)\u00a0Milletvekili Ahmet \u015e\u0131k, Van\u2019\u0131n Tu\u015fba il\u00e7esinde Ermenilere ait mezarl\u0131\u011f\u0131n i\u015f makineleriyle tahrip edilmesi ve restorasyonun ard\u0131ndan ibadete a\u00e7\u0131lan Ta\u015f Horan Ermeni Kilisesi\u2019nin a\u00e7\u0131l\u0131\u015f\u0131nda kullanulan afi\u015fte \u201cTa\u015f Horan K\u00fclt\u00fcr ve Sanat Merkezi\u201d yaz\u0131lmas\u0131n\u0131 Meclis g\u00fcndemine ta\u015f\u0131d\u0131. \u015e\u0131k, K\u00fclt\u00fcr ve Turizm Bakan\u0131 Mehmet Nuri Ersoy\u2019a, \u201cYap\u0131lan bu ve benzeri uygulamalar\u0131n Anadolu topraklar\u0131nda ya\u015fayan halklar\u0131n k\u00fclt\u00fcr varl\u0131klar\u0131n\u0131 tahrip etti\u011fini ve karde\u015fli\u011fine zarar verdi\u011fini d\u00fc\u015f\u00fcn\u00fcyor musunuz?\u201d diye sordu.<\/p>\n<p>Van\u2019\u0131n Tu\u015fba il\u00e7esine ba\u011fl\u0131 Kalecik TOK\u0130 mevkiinde bulunan Ermenilere ait mezarl\u0131k i\u015f makineleriyle tahrip edilmi\u015f, mezarl\u0131kta bulunan kemiklerin ortal\u0131\u011fa sa\u00e7\u0131lm\u0131\u015f ve Ermeni bir yurtta\u015f\u0131n a\u011flayarak kemikleri tekrar g\u00f6mmeye \u00e7al\u0131\u015ft\u0131\u011f\u0131 g\u00f6r\u00fcnt\u00fcler kamuoyuna yans\u0131m\u0131\u015ft\u0131.<\/p>\n<p>\u00d6te yandan K\u00fclt\u00fcr ve Turizm Bakanl\u0131\u011f\u0131 K\u00fclt\u00fcr ve Turizm Bakanl\u0131\u011f\u0131 taraf\u0131ndan 2012-2013 y\u0131l\u0131nda yat\u0131r\u0131m program\u0131na al\u0131narak \u00f6denek tahsis edilen ve yakla\u015f\u0131k 9 y\u0131l sonra restorasyonu tamamlanan tarihi Ta\u015f Horan Ermeni Kilisesi\u2019nin ibadete a\u00e7\u0131lm\u0131\u015ft\u0131. Hem kilise, hem de k\u00fclt\u00fcr merkezi olarak hizmet verece\u011fi duyurulan kilisenin a\u00e7\u0131l\u0131\u015f t\u00f6reninde kullan\u0131lan afi\u015fte ise sadece \u201cTa\u015f Horan K\u00fclt\u00fcr ve Sanat Merkezi\u201d yazd\u0131\u011f\u0131 g\u00f6r\u00fclm\u00fc\u015ft\u00fc.<\/p>\n<p>Bu konular\u0131 T\u00fcrkiye B\u00fcy\u00fck Millet Meclisi (TBMM) g\u00fcndemine ta\u015f\u0131yan T\u00fcrkiye \u0130\u015f\u00e7i Partisi (T\u0130P) \u0130stanbul Milletvekili Ahmet \u015e\u0131k, K\u00fclt\u00fcr ve Turizm Bakan\u0131 Mehmet Nuri Ersoy\u2019un yan\u0131tlamas\u0131 istemiyle bir soru \u00f6nergesi verdi.<\/p>\n<p><strong>\u2018KARDE\u015eL\u0130\u011eE ZARAR VERD\u0130\u011e\u0130N\u0130 D\u00dc\u015e\u00dcN\u00dcYOR MUSUNUZ?\u2019<\/strong><\/p>\n<p>\u015e\u0131k, Bakan Ersoy\u2019a \u015fu sorular\u0131 y\u00f6neltti:<\/p>\n<p>1- Van\u2019\u0131n Tu\u015fba il\u00e7esine ba\u011fl\u0131 Kalecik Mahallesi\u2019ndeki s\u00f6z konusu alanda Ermeni Mezarl\u0131\u011f\u0131 oldu\u011fu bilinmekte miydi?<\/p>\n<p>2- S\u00f6z konusu mezarl\u0131k \u00f6zel m\u00fclk m\u00fcd\u00fcr? TOK\u0130\u2019ye mi aittir?<\/p>\n<p>3- Ermeni Mezarl\u0131\u011f\u0131n\u0131n \u00e7\u0131kmas\u0131 \u00fczerine in\u015faat\u0131n durdurulmas\u0131 ve mevcut alan\u0131n koruma alt\u0131na al\u0131nmas\u0131 i\u00e7in herhangi i\u015flem tahsis edilmi\u015f midir?<\/p>\n<p>4- \u201cKi\u015finin Hat\u0131ras\u0131na Hakaret \/TCK 130. Madde \u201dde ifade edilen \u201c1) Bir kimsenin \u00f6ld\u00fckten sonra hat\u0131ras\u0131na en az \u00fc\u00e7 ki\u015fiyle ihtilat ederek hakaret eden ki\u015fi, \u00fc\u00e7 aydan iki y\u0131la kadar hapis veya adl\u00ee para cezas\u0131 ile cezaland\u0131r\u0131l\u0131r. Ceza, hakaretin alenen i\u015flenmesi halinde, alt\u0131da biri oran\u0131nda art\u0131r\u0131l\u0131r.2) Bir \u00f6l\u00fcn\u00fcn k\u0131smen veya tamamen ceset veya kemiklerini alan veya ceset veya kemikler hakk\u0131nda tahkir edici fiillerde bulunan ki\u015fi, \u00fc\u00e7 aydan iki y\u0131la kadar hapis cezas\u0131 ile cezaland\u0131r\u0131l\u0131r\u201d h\u00fckm\u00fc ba\u011flam\u0131nda herhangi bir adli i\u015flemin ba\u015flat\u0131lmas\u0131 y\u00f6n\u00fcnde bir giri\u015fiminiz olacak m\u0131d\u0131r?<\/p>\n<p>5- Ta\u015f Horan Kilisesi sadece k\u00fclt\u00fcr merkezi i\u015flevi mi g\u00f6recektir? De\u011filse afi\u015fte neden sadece k\u00fclt\u00fcr merkezi ifadesi yer almaktad\u0131r?<\/p>\n<p>6- Hristiyan, Musevi, Ezidi, Alevi ili\u015fkin ka\u00e7 ibadethane ayn\u0131 zamanda k\u00fclt\u00fcr- sanat merkezi olarak hizmet vermektedir?<\/p>\n<p>7- T\u00fcrkiye\u2019de Hristiyan, Musevi, Ezidi, Alevi inanc\u0131na ait k\u00fclt\u00fcrel varl\u0131klar\u0131n envanteri nedir? Mevcut yap\u0131lar \u015fu anda nas\u0131l kullan\u0131lmaktad\u0131r?<\/p>\n<p>8- Yap\u0131lan bu ve benzeri uygulamalar\u0131n Anadolu topraklar\u0131nda ya\u015fayan halklar\u0131n k\u00fclt\u00fcr varl\u0131klar\u0131n\u0131 tahrip etti\u011fini ve karde\u015fli\u011fine zarar verdi\u011fini d\u00fc\u015f\u00fcn\u00fcyor musunuz?<\/p>\n<p><em><strong><a href=\"https:\/\/www.birgun.net\/haber\/ermeni-mezarliginin-tahrip-edilmesi-ve-ermeni-kilisesi-nin-afisten-cikarilmasi-meclis-gundeminde-357334\">https:\/\/www.birgun.net\/haber\/ermeni-mezarliginin-tahrip-edilmesi-ve-ermeni-kilisesi-nin-afisten-cikarilmasi-meclis-gundeminde-357334<\/a>\u00a0<\/strong><\/em><\/p>\n","protected":false},"excerpt":{"rendered":"<p>T\u0130P Milletvekili Ahmet \u015e\u0131k, Van\u2019\u0131n Tu\u015fba il\u00e7esinde Ermenilere ait mezarl\u0131\u011f\u0131n i\u015f makineleriyle tahrip edilmesi ve restorasyonun ard\u0131ndan ibadete a\u00e7\u0131lan Ta\u015f Horan Ermeni Kilisesi\u2019nin a\u00e7\u0131l\u0131\u015f\u0131nda kullanulan afi\u015fte \u201cTa\u015f Horan K\u00fclt\u00fcr ve Sanat Merkezi\u201d yaz\u0131lmas\u0131n\u0131 Meclis g\u00fcndemine ta\u015f\u0131d\u0131. T\u00fcrkiye \u0130\u015f\u00e7i Partisi (T\u0130P)\u00a0Milletvekili Ahmet \u015e\u0131k, Van\u2019\u0131n Tu\u015fba il\u00e7esinde Ermenilere ait mezarl\u0131\u011f\u0131n i\u015f makineleriyle tahrip edilmesi ve restorasyonun ard\u0131ndan [&hellip;]<\/p>\n","protected":false},"author":7,"featured_media":64548,"comment_status":"open","ping_status":"open","sticky":false,"template":"","format":"standard","meta":{"footnotes":""},"categories":[22,1],"tags":[],"class_list":["post-64547","post","type-post","status-publish","format-standard","has-post-thumbnail","hentry","category-gunumuzde-bati-ermenistan","category-haberler"],"yoast_head":"<!-- This site is optimized with the Yoast SEO plugin v27.4 - https:\/\/yoast.com\/product\/yoast-seo-wordpress\/ -->\n<title>Ermeni mezarl\u0131\u011f\u0131n\u0131n tahrip edilmesi ve \u2018Ermeni kilisesi\u2019nin afi\u015ften \u00e7\u0131kar\u0131lmas\u0131 Meclis g\u00fcndeminde - Bati Ermenistan Ve Bati Ermenileri Sorunlari Ara\u015ftirmalar Merkezi<\/title>\n<meta name=\"robots\" content=\"index, follow, max-snippet:-1, max-image-preview:large, max-video-preview:-1\" \/>\n<link rel=\"canonical\" href=\"https:\/\/akunq.net\/tr\/?p=64547\" \/>\n<meta property=\"og:locale\" content=\"en_US\" \/>\n<meta property=\"og:type\" content=\"article\" \/>\n<meta property=\"og:title\" content=\"Ermeni mezarl\u0131\u011f\u0131n\u0131n tahrip edilmesi ve \u2018Ermeni kilisesi\u2019nin afi\u015ften \u00e7\u0131kar\u0131lmas\u0131 Meclis g\u00fcndeminde - Bati Ermenistan Ve Bati Ermenileri Sorunlari Ara\u015ftirmalar Merkezi\" \/>\n<meta property=\"og:description\" content=\"T\u0130P Milletvekili Ahmet \u015e\u0131k, Van\u2019\u0131n Tu\u015fba il\u00e7esinde Ermenilere ait mezarl\u0131\u011f\u0131n i\u015f makineleriyle tahrip edilmesi ve restorasyonun ard\u0131ndan ibadete a\u00e7\u0131lan Ta\u015f Horan Ermeni Kilisesi\u2019nin a\u00e7\u0131l\u0131\u015f\u0131nda kullanulan afi\u015fte \u201cTa\u015f Horan K\u00fclt\u00fcr ve Sanat Merkezi\u201d yaz\u0131lmas\u0131n\u0131 Meclis g\u00fcndemine ta\u015f\u0131d\u0131. T\u00fcrkiye \u0130\u015f\u00e7i Partisi (T\u0130P)\u00a0Milletvekili Ahmet \u015e\u0131k, Van\u2019\u0131n Tu\u015fba il\u00e7esinde Ermenilere ait mezarl\u0131\u011f\u0131n i\u015f makineleriyle tahrip edilmesi ve restorasyonun ard\u0131ndan [&hellip;]\" \/>\n<meta property=\"og:url\" content=\"https:\/\/akunq.net\/tr\/?p=64547\" \/>\n<meta property=\"og:site_name\" content=\"Bati Ermenistan Ve Bati Ermenileri Sorunlari Ara\u015ftirmalar Merkezi\" \/>\n<meta property=\"article:published_time\" content=\"2021-09-03T07:57:17+00:00\" \/>\n<meta property=\"og:image\" content=\"https:\/\/akunq.net\/tr\/wp-content\/uploads\/sites\/6\/2021\/09\/Ahmet-\u015e\u0131k.jpeg\" \/>\n\t<meta property=\"og:image:width\" content=\"720\" \/>\n\t<meta property=\"og:image:height\" content=\"400\" \/>\n\t<meta property=\"og:image:type\" content=\"image\/jpeg\" \/>\n<meta name=\"author\" content=\"admin\" \/>\n<meta name=\"twitter:card\" content=\"summary_large_image\" \/>\n<meta name=\"twitter:label1\" content=\"Written by\" \/>\n\t<meta name=\"twitter:data1\" content=\"admin\" \/>\n\t<meta name=\"twitter:label2\" content=\"Est. reading time\" \/>\n\t<meta name=\"twitter:data2\" content=\"3 minutes\" \/>\n<script type=\"application\/ld+json\" class=\"yoast-schema-graph\">{\"@context\":\"https:\\\/\\\/schema.org\",\"@graph\":[{\"@type\":\"Article\",\"@id\":\"https:\\\/\\\/akunq.net\\\/tr\\\/?p=64547#article\",\"isPartOf\":{\"@id\":\"https:\\\/\\\/akunq.net\\\/tr\\\/?p=64547\"},\"author\":{\"name\":\"admin\",\"@id\":\"https:\\\/\\\/akunq.net\\\/tr\\\/#\\\/schema\\\/person\\\/096f1d38a12cce57fb855b485ed24c9e\"},\"headline\":\"Ermeni mezarl\u0131\u011f\u0131n\u0131n tahrip edilmesi ve \u2018Ermeni kilisesi\u2019nin afi\u015ften \u00e7\u0131kar\u0131lmas\u0131 Meclis g\u00fcndeminde\",\"datePublished\":\"2021-09-03T07:57:17+00:00\",\"mainEntityOfPage\":{\"@id\":\"https:\\\/\\\/akunq.net\\\/tr\\\/?p=64547\"},\"wordCount\":669,\"commentCount\":0,\"image\":{\"@id\":\"https:\\\/\\\/akunq.net\\\/tr\\\/?p=64547#primaryimage\"},\"thumbnailUrl\":\"https:\\\/\\\/akunq.net\\\/tr\\\/wp-content\\\/uploads\\\/sites\\\/6\\\/2021\\\/09\\\/Ahmet-\u015e\u0131k.jpeg\",\"articleSection\":[\"G\u00fcn\u00fcm\u00fczde Bat\u0131 Ermenistan\",\"Haberler\"],\"inLanguage\":\"en-US\",\"potentialAction\":[{\"@type\":\"CommentAction\",\"name\":\"Comment\",\"target\":[\"https:\\\/\\\/akunq.net\\\/tr\\\/?p=64547#respond\"]}]},{\"@type\":\"WebPage\",\"@id\":\"https:\\\/\\\/akunq.net\\\/tr\\\/?p=64547\",\"url\":\"https:\\\/\\\/akunq.net\\\/tr\\\/?p=64547\",\"name\":\"Ermeni mezarl\u0131\u011f\u0131n\u0131n tahrip edilmesi ve \u2018Ermeni kilisesi\u2019nin afi\u015ften \u00e7\u0131kar\u0131lmas\u0131 Meclis g\u00fcndeminde - Bati Ermenistan Ve Bati Ermenileri Sorunlari Ara\u015ftirmalar Merkezi\",\"isPartOf\":{\"@id\":\"https:\\\/\\\/akunq.net\\\/tr\\\/#website\"},\"primaryImageOfPage\":{\"@id\":\"https:\\\/\\\/akunq.net\\\/tr\\\/?p=64547#primaryimage\"},\"image\":{\"@id\":\"https:\\\/\\\/akunq.net\\\/tr\\\/?p=64547#primaryimage\"},\"thumbnailUrl\":\"https:\\\/\\\/akunq.net\\\/tr\\\/wp-content\\\/uploads\\\/sites\\\/6\\\/2021\\\/09\\\/Ahmet-\u015e\u0131k.jpeg\",\"datePublished\":\"2021-09-03T07:57:17+00:00\",\"author\":{\"@id\":\"https:\\\/\\\/akunq.net\\\/tr\\\/#\\\/schema\\\/person\\\/096f1d38a12cce57fb855b485ed24c9e\"},\"breadcrumb\":{\"@id\":\"https:\\\/\\\/akunq.net\\\/tr\\\/?p=64547#breadcrumb\"},\"inLanguage\":\"en-US\",\"potentialAction\":[{\"@type\":\"ReadAction\",\"target\":[\"https:\\\/\\\/akunq.net\\\/tr\\\/?p=64547\"]}]},{\"@type\":\"ImageObject\",\"inLanguage\":\"en-US\",\"@id\":\"https:\\\/\\\/akunq.net\\\/tr\\\/?p=64547#primaryimage\",\"url\":\"https:\\\/\\\/akunq.net\\\/tr\\\/wp-content\\\/uploads\\\/sites\\\/6\\\/2021\\\/09\\\/Ahmet-\u015e\u0131k.jpeg\",\"contentUrl\":\"https:\\\/\\\/akunq.net\\\/tr\\\/wp-content\\\/uploads\\\/sites\\\/6\\\/2021\\\/09\\\/Ahmet-\u015e\u0131k.jpeg\",\"width\":720,\"height\":400},{\"@type\":\"BreadcrumbList\",\"@id\":\"https:\\\/\\\/akunq.net\\\/tr\\\/?p=64547#breadcrumb\",\"itemListElement\":[{\"@type\":\"ListItem\",\"position\":1,\"name\":\"Home\",\"item\":\"https:\\\/\\\/akunq.net\\\/tr\"},{\"@type\":\"ListItem\",\"position\":2,\"name\":\"Ermeni mezarl\u0131\u011f\u0131n\u0131n tahrip edilmesi ve \u2018Ermeni kilisesi\u2019nin afi\u015ften \u00e7\u0131kar\u0131lmas\u0131 Meclis g\u00fcndeminde\"}]},{\"@type\":\"WebSite\",\"@id\":\"https:\\\/\\\/akunq.net\\\/tr\\\/#website\",\"url\":\"https:\\\/\\\/akunq.net\\\/tr\\\/\",\"name\":\"Bati Ermenistan Ve Bati Ermenileri Sorunlari Ara\u015ftirmalar Merkezi\",\"description\":\"\",\"potentialAction\":[{\"@type\":\"SearchAction\",\"target\":{\"@type\":\"EntryPoint\",\"urlTemplate\":\"https:\\\/\\\/akunq.net\\\/tr\\\/?s={search_term_string}\"},\"query-input\":{\"@type\":\"PropertyValueSpecification\",\"valueRequired\":true,\"valueName\":\"search_term_string\"}}],\"inLanguage\":\"en-US\"},{\"@type\":\"Person\",\"@id\":\"https:\\\/\\\/akunq.net\\\/tr\\\/#\\\/schema\\\/person\\\/096f1d38a12cce57fb855b485ed24c9e\",\"name\":\"admin\",\"url\":\"https:\\\/\\\/akunq.net\\\/tr\\\/?author=7\"}]}<\/script>\n<!-- \/ Yoast SEO plugin. -->","yoast_head_json":{"title":"Ermeni mezarl\u0131\u011f\u0131n\u0131n tahrip edilmesi ve \u2018Ermeni kilisesi\u2019nin afi\u015ften \u00e7\u0131kar\u0131lmas\u0131 Meclis g\u00fcndeminde - Bati Ermenistan Ve Bati Ermenileri Sorunlari Ara\u015ftirmalar Merkezi","robots":{"index":"index","follow":"follow","max-snippet":"max-snippet:-1","max-image-preview":"max-image-preview:large","max-video-preview":"max-video-preview:-1"},"canonical":"https:\/\/akunq.net\/tr\/?p=64547","og_locale":"en_US","og_type":"article","og_title":"Ermeni mezarl\u0131\u011f\u0131n\u0131n tahrip edilmesi ve \u2018Ermeni kilisesi\u2019nin afi\u015ften \u00e7\u0131kar\u0131lmas\u0131 Meclis g\u00fcndeminde - Bati Ermenistan Ve Bati Ermenileri Sorunlari Ara\u015ftirmalar Merkezi","og_description":"T\u0130P Milletvekili Ahmet \u015e\u0131k, Van\u2019\u0131n Tu\u015fba il\u00e7esinde Ermenilere ait mezarl\u0131\u011f\u0131n i\u015f makineleriyle tahrip edilmesi ve restorasyonun ard\u0131ndan ibadete a\u00e7\u0131lan Ta\u015f Horan Ermeni Kilisesi\u2019nin a\u00e7\u0131l\u0131\u015f\u0131nda kullanulan afi\u015fte \u201cTa\u015f Horan K\u00fclt\u00fcr ve Sanat Merkezi\u201d yaz\u0131lmas\u0131n\u0131 Meclis g\u00fcndemine ta\u015f\u0131d\u0131. T\u00fcrkiye \u0130\u015f\u00e7i Partisi (T\u0130P)\u00a0Milletvekili Ahmet \u015e\u0131k, Van\u2019\u0131n Tu\u015fba il\u00e7esinde Ermenilere ait mezarl\u0131\u011f\u0131n i\u015f makineleriyle tahrip edilmesi ve restorasyonun ard\u0131ndan [&hellip;]","og_url":"https:\/\/akunq.net\/tr\/?p=64547","og_site_name":"Bati Ermenistan Ve Bati Ermenileri Sorunlari Ara\u015ftirmalar Merkezi","article_published_time":"2021-09-03T07:57:17+00:00","og_image":[{"width":720,"height":400,"url":"https:\/\/akunq.net\/tr\/wp-content\/uploads\/sites\/6\/2021\/09\/Ahmet-\u015e\u0131k.jpeg","type":"image\/jpeg"}],"author":"admin","twitter_card":"summary_large_image","twitter_misc":{"Written by":"admin","Est. reading time":"3 minutes"},"schema":{"@context":"https:\/\/schema.org","@graph":[{"@type":"Article","@id":"https:\/\/akunq.net\/tr\/?p=64547#article","isPartOf":{"@id":"https:\/\/akunq.net\/tr\/?p=64547"},"author":{"name":"admin","@id":"https:\/\/akunq.net\/tr\/#\/schema\/person\/096f1d38a12cce57fb855b485ed24c9e"},"headline":"Ermeni mezarl\u0131\u011f\u0131n\u0131n tahrip edilmesi ve \u2018Ermeni kilisesi\u2019nin afi\u015ften \u00e7\u0131kar\u0131lmas\u0131 Meclis g\u00fcndeminde","datePublished":"2021-09-03T07:57:17+00:00","mainEntityOfPage":{"@id":"https:\/\/akunq.net\/tr\/?p=64547"},"wordCount":669,"commentCount":0,"image":{"@id":"https:\/\/akunq.net\/tr\/?p=64547#primaryimage"},"thumbnailUrl":"https:\/\/akunq.net\/tr\/wp-content\/uploads\/sites\/6\/2021\/09\/Ahmet-\u015e\u0131k.jpeg","articleSection":["G\u00fcn\u00fcm\u00fczde Bat\u0131 Ermenistan","Haberler"],"inLanguage":"en-US","potentialAction":[{"@type":"CommentAction","name":"Comment","target":["https:\/\/akunq.net\/tr\/?p=64547#respond"]}]},{"@type":"WebPage","@id":"https:\/\/akunq.net\/tr\/?p=64547","url":"https:\/\/akunq.net\/tr\/?p=64547","name":"Ermeni mezarl\u0131\u011f\u0131n\u0131n tahrip edilmesi ve \u2018Ermeni kilisesi\u2019nin afi\u015ften \u00e7\u0131kar\u0131lmas\u0131 Meclis g\u00fcndeminde - Bati Ermenistan Ve Bati Ermenileri Sorunlari Ara\u015ftirmalar Merkezi","isPartOf":{"@id":"https:\/\/akunq.net\/tr\/#website"},"primaryImageOfPage":{"@id":"https:\/\/akunq.net\/tr\/?p=64547#primaryimage"},"image":{"@id":"https:\/\/akunq.net\/tr\/?p=64547#primaryimage"},"thumbnailUrl":"https:\/\/akunq.net\/tr\/wp-content\/uploads\/sites\/6\/2021\/09\/Ahmet-\u015e\u0131k.jpeg","datePublished":"2021-09-03T07:57:17+00:00","author":{"@id":"https:\/\/akunq.net\/tr\/#\/schema\/person\/096f1d38a12cce57fb855b485ed24c9e"},"breadcrumb":{"@id":"https:\/\/akunq.net\/tr\/?p=64547#breadcrumb"},"inLanguage":"en-US","potentialAction":[{"@type":"ReadAction","target":["https:\/\/akunq.net\/tr\/?p=64547"]}]},{"@type":"ImageObject","inLanguage":"en-US","@id":"https:\/\/akunq.net\/tr\/?p=64547#primaryimage","url":"https:\/\/akunq.net\/tr\/wp-content\/uploads\/sites\/6\/2021\/09\/Ahmet-\u015e\u0131k.jpeg","contentUrl":"https:\/\/akunq.net\/tr\/wp-content\/uploads\/sites\/6\/2021\/09\/Ahmet-\u015e\u0131k.jpeg","width":720,"height":400},{"@type":"BreadcrumbList","@id":"https:\/\/akunq.net\/tr\/?p=64547#breadcrumb","itemListElement":[{"@type":"ListItem","position":1,"name":"Home","item":"https:\/\/akunq.net\/tr"},{"@type":"ListItem","position":2,"name":"Ermeni mezarl\u0131\u011f\u0131n\u0131n tahrip edilmesi ve \u2018Ermeni kilisesi\u2019nin afi\u015ften \u00e7\u0131kar\u0131lmas\u0131 Meclis g\u00fcndeminde"}]},{"@type":"WebSite","@id":"https:\/\/akunq.net\/tr\/#website","url":"https:\/\/akunq.net\/tr\/","name":"Bati Ermenistan Ve Bati Ermenileri Sorunlari Ara\u015ftirmalar Merkezi","description":"","potentialAction":[{"@type":"SearchAction","target":{"@type":"EntryPoint","urlTemplate":"https:\/\/akunq.net\/tr\/?s={search_term_string}"},"query-input":{"@type":"PropertyValueSpecification","valueRequired":true,"valueName":"search_term_string"}}],"inLanguage":"en-US"},{"@type":"Person","@id":"https:\/\/akunq.net\/tr\/#\/schema\/person\/096f1d38a12cce57fb855b485ed24c9e","name":"admin","url":"https:\/\/akunq.net\/tr\/?author=7"}]}},"_links":{"self":[{"href":"https:\/\/akunq.net\/tr\/index.php?rest_route=\/wp\/v2\/posts\/64547","targetHints":{"allow":["GET"]}}],"collection":[{"href":"https:\/\/akunq.net\/tr\/index.php?rest_route=\/wp\/v2\/posts"}],"about":[{"href":"https:\/\/akunq.net\/tr\/index.php?rest_route=\/wp\/v2\/types\/post"}],"author":[{"embeddable":true,"href":"https:\/\/akunq.net\/tr\/index.php?rest_route=\/wp\/v2\/users\/7"}],"replies":[{"embeddable":true,"href":"https:\/\/akunq.net\/tr\/index.php?rest_route=%2Fwp%2Fv2%2Fcomments&post=64547"}],"version-history":[{"count":1,"href":"https:\/\/akunq.net\/tr\/index.php?rest_route=\/wp\/v2\/posts\/64547\/revisions"}],"predecessor-version":[{"id":64549,"href":"https:\/\/akunq.net\/tr\/index.php?rest_route=\/wp\/v2\/posts\/64547\/revisions\/64549"}],"wp:featuredmedia":[{"embeddable":true,"href":"https:\/\/akunq.net\/tr\/index.php?rest_route=\/wp\/v2\/media\/64548"}],"wp:attachment":[{"href":"https:\/\/akunq.net\/tr\/index.php?rest_route=%2Fwp%2Fv2%2Fmedia&parent=64547"}],"wp:term":[{"taxonomy":"category","embeddable":true,"href":"https:\/\/akunq.net\/tr\/index.php?rest_route=%2Fwp%2Fv2%2Fcategories&post=64547"},{"taxonomy":"post_tag","embeddable":true,"href":"https:\/\/akunq.net\/tr\/index.php?rest_route=%2Fwp%2Fv2%2Ftags&post=64547"}],"curies":[{"name":"wp","href":"https:\/\/api.w.org\/{rel}","templated":true}]}}