{"id":64528,"date":"2021-09-02T09:55:10","date_gmt":"2021-09-02T14:55:10","guid":{"rendered":"https:\/\/akunq.net\/tr\/?p=64528"},"modified":"2021-09-02T09:55:10","modified_gmt":"2021-09-02T14:55:10","slug":"akhtamar-adasindaki-surp-hac-ermeni-kilisesinde-9uncu-kez-ayin-duzenlenecek","status":"publish","type":"post","link":"https:\/\/akunq.net\/tr\/?p=64528","title":{"rendered":"Akhtamar Adas\u0131ndaki Surp Ha\u00e7 Ermeni Kilisesinde 9&#8217;uncu kez ayin d\u00fczenlenecek"},"content":{"rendered":"<p><img loading=\"lazy\" decoding=\"async\" class=\"aligncenter size-medium wp-image-64529\" src=\"https:\/\/akunq.net\/tr\/wp-content\/uploads\/2021\/09\/Akhtamar-Adas\u0131ndaki-Surp-Ha\u00e7-Ermeni-Kilisesi-360x242.jpg\" alt=\"\" width=\"360\" height=\"242\" srcset=\"https:\/\/akunq.net\/tr\/wp-content\/uploads\/sites\/6\/2021\/09\/Akhtamar-Adas\u0131ndaki-Surp-Ha\u00e7-Ermeni-Kilisesi-360x242.jpg 360w, https:\/\/akunq.net\/tr\/wp-content\/uploads\/sites\/6\/2021\/09\/Akhtamar-Adas\u0131ndaki-Surp-Ha\u00e7-Ermeni-Kilisesi-560x376.jpg 560w, https:\/\/akunq.net\/tr\/wp-content\/uploads\/sites\/6\/2021\/09\/Akhtamar-Adas\u0131ndaki-Surp-Ha\u00e7-Ermeni-Kilisesi-260x175.jpg 260w, https:\/\/akunq.net\/tr\/wp-content\/uploads\/sites\/6\/2021\/09\/Akhtamar-Adas\u0131ndaki-Surp-Ha\u00e7-Ermeni-Kilisesi-160x107.jpg 160w, https:\/\/akunq.net\/tr\/wp-content\/uploads\/sites\/6\/2021\/09\/Akhtamar-Adas\u0131ndaki-Surp-Ha\u00e7-Ermeni-Kilisesi.jpg 670w\" sizes=\"auto, (max-width: 360px) 100vw, 360px\" \/><\/p>\n<p><strong><em>T\u00fcrkiye K\u00fclt\u00fcr ve Turizm Bakanl\u0131\u011f\u0131\u2019n\u0131n \u00f6zel izniyle y\u0131lda bir kez ibadete a\u00e7\u0131lan Akhtamar\u2019daki Surp Ha\u00e7 Ermeni Kilisesi\u2019nde bu y\u0131l yap\u0131lacak ayin i\u00e7in haz\u0131rl\u0131klar tamamland\u0131.<\/em><\/strong><\/p>\n<p>T\u00fcrkiye Ermenileri Patrikli\u011fince Geva\u015f\u2019taki (Vostan) tarihi Akhtamar Adas\u0131\u2019ndaki Surp Ha\u00e7 Ermeni Kilisesi\u2019nde 5 Eyl\u00fcl 2021 tarihinde yap\u0131lacak ayin, saat 09.00\u2019da ba\u015flayacak.<\/p>\n<p>Pandemi tedbirleri kapsam\u0131nda ayinin yap\u0131ld\u0131\u011f\u0131 Akhtamar Adas\u0131\u2019na, s\u0131n\u0131rl\u0131 say\u0131da misafir ile akredite edilenler d\u0131\u015f\u0131nda kimse kabul edilmeyecek.<\/p>\n<p>Ayr\u0131ca ayinin yap\u0131ld\u0131\u011f\u0131 saat 09.00 ile 12.00 aras\u0131nda Akhtamar Adas\u0131 ziyaret\u00e7ilere kapat\u0131lacak.<\/p>\n<p>Vaspurakan Ermeni Kral\u0131 1&#8217;inci Gagik taraf\u0131ndan 915-921 y\u0131llar\u0131nda Ke\u015fi\u015f Manuel&#8217;e yapt\u0131r\u0131ld\u0131. Kilesenin g\u00fcneyi ve g\u00fcney bat\u0131s\u0131nda tarihi Ermeni mezarl\u0131\u011f\u0131 bulunuyor. D\u00f6nemin motifleriyle yap\u0131lan mezar ta\u015flar\u0131 b\u00fcy\u00fck b\u00f6l\u00fcm\u00fc harebe durumda. 19\u2019uncu y\u00fczy\u0131l\u0131n sonlar\u0131nda 300 civar\u0131nda ke\u015fi\u015fin ya\u015fad\u0131\u011f\u0131 ada ve kilise, 1915\u055bde ya\u015fanan Ermeni soyk\u0131r\u0131m\u0131ndan sonra ada insans\u0131zla\u015ft\u0131r\u0131ld\u0131.<\/p>\n<p>Ermeniler i\u00e7in b\u00fcy\u00fck \u00f6nem ta\u015f\u0131yan kilisede 2005 y\u0131l\u0131nda restorasyon \u00e7al\u0131\u015fmalar\u0131 ba\u015flat\u0131ld\u0131. Bu \u00e7al\u0131\u015fmalar\u0131n tamamlanmas\u0131n\u0131n ard\u0131ndan da 2007 y\u0131l\u0131nda uluslararas\u0131 bir t\u00f6renle &#8216;An\u0131t M\u00fcze&#8217; olarak a\u00e7\u0131ld\u0131. Tarihi Akhtamar Kilisesi&#8217;nde ilk ayin 95 y\u0131l aradan sonra 19 Eyl\u00fcl 2010&#8217;da yap\u0131lm\u0131\u015ft\u0131.<\/p>\n<p><strong><em>https:\/\/armenpress.am\/tur\/news\/1062244.html\u00a0<\/em><\/strong><\/p>\n","protected":false},"excerpt":{"rendered":"<p>T\u00fcrkiye K\u00fclt\u00fcr ve Turizm Bakanl\u0131\u011f\u0131\u2019n\u0131n \u00f6zel izniyle y\u0131lda bir kez ibadete a\u00e7\u0131lan Akhtamar\u2019daki Surp Ha\u00e7 Ermeni Kilisesi\u2019nde bu y\u0131l yap\u0131lacak ayin i\u00e7in haz\u0131rl\u0131klar tamamland\u0131. T\u00fcrkiye Ermenileri Patrikli\u011fince Geva\u015f\u2019taki (Vostan) tarihi Akhtamar Adas\u0131\u2019ndaki Surp Ha\u00e7 Ermeni Kilisesi\u2019nde 5 Eyl\u00fcl 2021 tarihinde yap\u0131lacak ayin, saat 09.00\u2019da ba\u015flayacak. Pandemi tedbirleri kapsam\u0131nda ayinin yap\u0131ld\u0131\u011f\u0131 Akhtamar Adas\u0131\u2019na, s\u0131n\u0131rl\u0131 say\u0131da misafir [&hellip;]<\/p>\n","protected":false},"author":7,"featured_media":64529,"comment_status":"open","ping_status":"open","sticky":false,"template":"","format":"standard","meta":{"footnotes":""},"categories":[22,1],"tags":[],"class_list":["post-64528","post","type-post","status-publish","format-standard","has-post-thumbnail","hentry","category-gunumuzde-bati-ermenistan","category-haberler"],"yoast_head":"<!-- This site is optimized with the Yoast SEO plugin v27.4 - https:\/\/yoast.com\/product\/yoast-seo-wordpress\/ -->\n<title>Akhtamar Adas\u0131ndaki Surp Ha\u00e7 Ermeni Kilisesinde 9&#039;uncu kez ayin d\u00fczenlenecek - Bati Ermenistan Ve Bati Ermenileri Sorunlari Ara\u015ftirmalar Merkezi<\/title>\n<meta name=\"robots\" content=\"index, follow, max-snippet:-1, max-image-preview:large, max-video-preview:-1\" \/>\n<link rel=\"canonical\" href=\"https:\/\/akunq.net\/tr\/?p=64528\" \/>\n<meta property=\"og:locale\" content=\"en_US\" \/>\n<meta property=\"og:type\" content=\"article\" \/>\n<meta property=\"og:title\" content=\"Akhtamar Adas\u0131ndaki Surp Ha\u00e7 Ermeni Kilisesinde 9&#039;uncu kez ayin d\u00fczenlenecek - Bati Ermenistan Ve Bati Ermenileri Sorunlari Ara\u015ftirmalar Merkezi\" \/>\n<meta property=\"og:description\" content=\"T\u00fcrkiye K\u00fclt\u00fcr ve Turizm Bakanl\u0131\u011f\u0131\u2019n\u0131n \u00f6zel izniyle y\u0131lda bir kez ibadete a\u00e7\u0131lan Akhtamar\u2019daki Surp Ha\u00e7 Ermeni Kilisesi\u2019nde bu y\u0131l yap\u0131lacak ayin i\u00e7in haz\u0131rl\u0131klar tamamland\u0131. T\u00fcrkiye Ermenileri Patrikli\u011fince Geva\u015f\u2019taki (Vostan) tarihi Akhtamar Adas\u0131\u2019ndaki Surp Ha\u00e7 Ermeni Kilisesi\u2019nde 5 Eyl\u00fcl 2021 tarihinde yap\u0131lacak ayin, saat 09.00\u2019da ba\u015flayacak. Pandemi tedbirleri kapsam\u0131nda ayinin yap\u0131ld\u0131\u011f\u0131 Akhtamar Adas\u0131\u2019na, s\u0131n\u0131rl\u0131 say\u0131da misafir [&hellip;]\" \/>\n<meta property=\"og:url\" content=\"https:\/\/akunq.net\/tr\/?p=64528\" \/>\n<meta property=\"og:site_name\" content=\"Bati Ermenistan Ve Bati Ermenileri Sorunlari Ara\u015ftirmalar Merkezi\" \/>\n<meta property=\"article:published_time\" content=\"2021-09-02T14:55:10+00:00\" \/>\n<meta property=\"og:image\" content=\"https:\/\/akunq.net\/tr\/wp-content\/uploads\/sites\/6\/2021\/09\/Akhtamar-Adas\u0131ndaki-Surp-Ha\u00e7-Ermeni-Kilisesi.jpg\" \/>\n\t<meta property=\"og:image:width\" content=\"670\" \/>\n\t<meta property=\"og:image:height\" content=\"450\" \/>\n\t<meta property=\"og:image:type\" content=\"image\/jpeg\" \/>\n<meta name=\"author\" content=\"admin\" \/>\n<meta name=\"twitter:card\" content=\"summary_large_image\" \/>\n<meta name=\"twitter:label1\" content=\"Written by\" \/>\n\t<meta name=\"twitter:data1\" content=\"admin\" \/>\n\t<meta name=\"twitter:label2\" content=\"Est. reading time\" \/>\n\t<meta name=\"twitter:data2\" content=\"1 minute\" \/>\n<script type=\"application\/ld+json\" class=\"yoast-schema-graph\">{\"@context\":\"https:\\\/\\\/schema.org\",\"@graph\":[{\"@type\":\"Article\",\"@id\":\"https:\\\/\\\/akunq.net\\\/tr\\\/?p=64528#article\",\"isPartOf\":{\"@id\":\"https:\\\/\\\/akunq.net\\\/tr\\\/?p=64528\"},\"author\":{\"name\":\"admin\",\"@id\":\"https:\\\/\\\/akunq.net\\\/tr\\\/#\\\/schema\\\/person\\\/096f1d38a12cce57fb855b485ed24c9e\"},\"headline\":\"Akhtamar Adas\u0131ndaki Surp Ha\u00e7 Ermeni Kilisesinde 9&#8217;uncu kez ayin d\u00fczenlenecek\",\"datePublished\":\"2021-09-02T14:55:10+00:00\",\"mainEntityOfPage\":{\"@id\":\"https:\\\/\\\/akunq.net\\\/tr\\\/?p=64528\"},\"wordCount\":258,\"commentCount\":0,\"image\":{\"@id\":\"https:\\\/\\\/akunq.net\\\/tr\\\/?p=64528#primaryimage\"},\"thumbnailUrl\":\"https:\\\/\\\/akunq.net\\\/tr\\\/wp-content\\\/uploads\\\/sites\\\/6\\\/2021\\\/09\\\/Akhtamar-Adas\u0131ndaki-Surp-Ha\u00e7-Ermeni-Kilisesi.jpg\",\"articleSection\":[\"G\u00fcn\u00fcm\u00fczde Bat\u0131 Ermenistan\",\"Haberler\"],\"inLanguage\":\"en-US\",\"potentialAction\":[{\"@type\":\"CommentAction\",\"name\":\"Comment\",\"target\":[\"https:\\\/\\\/akunq.net\\\/tr\\\/?p=64528#respond\"]}]},{\"@type\":\"WebPage\",\"@id\":\"https:\\\/\\\/akunq.net\\\/tr\\\/?p=64528\",\"url\":\"https:\\\/\\\/akunq.net\\\/tr\\\/?p=64528\",\"name\":\"Akhtamar Adas\u0131ndaki Surp Ha\u00e7 Ermeni Kilisesinde 9'uncu kez ayin d\u00fczenlenecek - Bati Ermenistan Ve Bati Ermenileri Sorunlari Ara\u015ftirmalar Merkezi\",\"isPartOf\":{\"@id\":\"https:\\\/\\\/akunq.net\\\/tr\\\/#website\"},\"primaryImageOfPage\":{\"@id\":\"https:\\\/\\\/akunq.net\\\/tr\\\/?p=64528#primaryimage\"},\"image\":{\"@id\":\"https:\\\/\\\/akunq.net\\\/tr\\\/?p=64528#primaryimage\"},\"thumbnailUrl\":\"https:\\\/\\\/akunq.net\\\/tr\\\/wp-content\\\/uploads\\\/sites\\\/6\\\/2021\\\/09\\\/Akhtamar-Adas\u0131ndaki-Surp-Ha\u00e7-Ermeni-Kilisesi.jpg\",\"datePublished\":\"2021-09-02T14:55:10+00:00\",\"author\":{\"@id\":\"https:\\\/\\\/akunq.net\\\/tr\\\/#\\\/schema\\\/person\\\/096f1d38a12cce57fb855b485ed24c9e\"},\"breadcrumb\":{\"@id\":\"https:\\\/\\\/akunq.net\\\/tr\\\/?p=64528#breadcrumb\"},\"inLanguage\":\"en-US\",\"potentialAction\":[{\"@type\":\"ReadAction\",\"target\":[\"https:\\\/\\\/akunq.net\\\/tr\\\/?p=64528\"]}]},{\"@type\":\"ImageObject\",\"inLanguage\":\"en-US\",\"@id\":\"https:\\\/\\\/akunq.net\\\/tr\\\/?p=64528#primaryimage\",\"url\":\"https:\\\/\\\/akunq.net\\\/tr\\\/wp-content\\\/uploads\\\/sites\\\/6\\\/2021\\\/09\\\/Akhtamar-Adas\u0131ndaki-Surp-Ha\u00e7-Ermeni-Kilisesi.jpg\",\"contentUrl\":\"https:\\\/\\\/akunq.net\\\/tr\\\/wp-content\\\/uploads\\\/sites\\\/6\\\/2021\\\/09\\\/Akhtamar-Adas\u0131ndaki-Surp-Ha\u00e7-Ermeni-Kilisesi.jpg\",\"width\":670,\"height\":450},{\"@type\":\"BreadcrumbList\",\"@id\":\"https:\\\/\\\/akunq.net\\\/tr\\\/?p=64528#breadcrumb\",\"itemListElement\":[{\"@type\":\"ListItem\",\"position\":1,\"name\":\"Home\",\"item\":\"https:\\\/\\\/akunq.net\\\/tr\"},{\"@type\":\"ListItem\",\"position\":2,\"name\":\"Akhtamar Adas\u0131ndaki Surp Ha\u00e7 Ermeni Kilisesinde 9&#8217;uncu kez ayin d\u00fczenlenecek\"}]},{\"@type\":\"WebSite\",\"@id\":\"https:\\\/\\\/akunq.net\\\/tr\\\/#website\",\"url\":\"https:\\\/\\\/akunq.net\\\/tr\\\/\",\"name\":\"Bati Ermenistan Ve Bati Ermenileri Sorunlari Ara\u015ftirmalar Merkezi\",\"description\":\"\",\"potentialAction\":[{\"@type\":\"SearchAction\",\"target\":{\"@type\":\"EntryPoint\",\"urlTemplate\":\"https:\\\/\\\/akunq.net\\\/tr\\\/?s={search_term_string}\"},\"query-input\":{\"@type\":\"PropertyValueSpecification\",\"valueRequired\":true,\"valueName\":\"search_term_string\"}}],\"inLanguage\":\"en-US\"},{\"@type\":\"Person\",\"@id\":\"https:\\\/\\\/akunq.net\\\/tr\\\/#\\\/schema\\\/person\\\/096f1d38a12cce57fb855b485ed24c9e\",\"name\":\"admin\",\"url\":\"https:\\\/\\\/akunq.net\\\/tr\\\/?author=7\"}]}<\/script>\n<!-- \/ Yoast SEO plugin. -->","yoast_head_json":{"title":"Akhtamar Adas\u0131ndaki Surp Ha\u00e7 Ermeni Kilisesinde 9'uncu kez ayin d\u00fczenlenecek - Bati Ermenistan Ve Bati Ermenileri Sorunlari Ara\u015ftirmalar Merkezi","robots":{"index":"index","follow":"follow","max-snippet":"max-snippet:-1","max-image-preview":"max-image-preview:large","max-video-preview":"max-video-preview:-1"},"canonical":"https:\/\/akunq.net\/tr\/?p=64528","og_locale":"en_US","og_type":"article","og_title":"Akhtamar Adas\u0131ndaki Surp Ha\u00e7 Ermeni Kilisesinde 9'uncu kez ayin d\u00fczenlenecek - Bati Ermenistan Ve Bati Ermenileri Sorunlari Ara\u015ftirmalar Merkezi","og_description":"T\u00fcrkiye K\u00fclt\u00fcr ve Turizm Bakanl\u0131\u011f\u0131\u2019n\u0131n \u00f6zel izniyle y\u0131lda bir kez ibadete a\u00e7\u0131lan Akhtamar\u2019daki Surp Ha\u00e7 Ermeni Kilisesi\u2019nde bu y\u0131l yap\u0131lacak ayin i\u00e7in haz\u0131rl\u0131klar tamamland\u0131. T\u00fcrkiye Ermenileri Patrikli\u011fince Geva\u015f\u2019taki (Vostan) tarihi Akhtamar Adas\u0131\u2019ndaki Surp Ha\u00e7 Ermeni Kilisesi\u2019nde 5 Eyl\u00fcl 2021 tarihinde yap\u0131lacak ayin, saat 09.00\u2019da ba\u015flayacak. Pandemi tedbirleri kapsam\u0131nda ayinin yap\u0131ld\u0131\u011f\u0131 Akhtamar Adas\u0131\u2019na, s\u0131n\u0131rl\u0131 say\u0131da misafir [&hellip;]","og_url":"https:\/\/akunq.net\/tr\/?p=64528","og_site_name":"Bati Ermenistan Ve Bati Ermenileri Sorunlari Ara\u015ftirmalar Merkezi","article_published_time":"2021-09-02T14:55:10+00:00","og_image":[{"width":670,"height":450,"url":"https:\/\/akunq.net\/tr\/wp-content\/uploads\/sites\/6\/2021\/09\/Akhtamar-Adas\u0131ndaki-Surp-Ha\u00e7-Ermeni-Kilisesi.jpg","type":"image\/jpeg"}],"author":"admin","twitter_card":"summary_large_image","twitter_misc":{"Written by":"admin","Est. reading time":"1 minute"},"schema":{"@context":"https:\/\/schema.org","@graph":[{"@type":"Article","@id":"https:\/\/akunq.net\/tr\/?p=64528#article","isPartOf":{"@id":"https:\/\/akunq.net\/tr\/?p=64528"},"author":{"name":"admin","@id":"https:\/\/akunq.net\/tr\/#\/schema\/person\/096f1d38a12cce57fb855b485ed24c9e"},"headline":"Akhtamar Adas\u0131ndaki Surp Ha\u00e7 Ermeni Kilisesinde 9&#8217;uncu kez ayin d\u00fczenlenecek","datePublished":"2021-09-02T14:55:10+00:00","mainEntityOfPage":{"@id":"https:\/\/akunq.net\/tr\/?p=64528"},"wordCount":258,"commentCount":0,"image":{"@id":"https:\/\/akunq.net\/tr\/?p=64528#primaryimage"},"thumbnailUrl":"https:\/\/akunq.net\/tr\/wp-content\/uploads\/sites\/6\/2021\/09\/Akhtamar-Adas\u0131ndaki-Surp-Ha\u00e7-Ermeni-Kilisesi.jpg","articleSection":["G\u00fcn\u00fcm\u00fczde Bat\u0131 Ermenistan","Haberler"],"inLanguage":"en-US","potentialAction":[{"@type":"CommentAction","name":"Comment","target":["https:\/\/akunq.net\/tr\/?p=64528#respond"]}]},{"@type":"WebPage","@id":"https:\/\/akunq.net\/tr\/?p=64528","url":"https:\/\/akunq.net\/tr\/?p=64528","name":"Akhtamar Adas\u0131ndaki Surp Ha\u00e7 Ermeni Kilisesinde 9'uncu kez ayin d\u00fczenlenecek - Bati Ermenistan Ve Bati Ermenileri Sorunlari Ara\u015ftirmalar Merkezi","isPartOf":{"@id":"https:\/\/akunq.net\/tr\/#website"},"primaryImageOfPage":{"@id":"https:\/\/akunq.net\/tr\/?p=64528#primaryimage"},"image":{"@id":"https:\/\/akunq.net\/tr\/?p=64528#primaryimage"},"thumbnailUrl":"https:\/\/akunq.net\/tr\/wp-content\/uploads\/sites\/6\/2021\/09\/Akhtamar-Adas\u0131ndaki-Surp-Ha\u00e7-Ermeni-Kilisesi.jpg","datePublished":"2021-09-02T14:55:10+00:00","author":{"@id":"https:\/\/akunq.net\/tr\/#\/schema\/person\/096f1d38a12cce57fb855b485ed24c9e"},"breadcrumb":{"@id":"https:\/\/akunq.net\/tr\/?p=64528#breadcrumb"},"inLanguage":"en-US","potentialAction":[{"@type":"ReadAction","target":["https:\/\/akunq.net\/tr\/?p=64528"]}]},{"@type":"ImageObject","inLanguage":"en-US","@id":"https:\/\/akunq.net\/tr\/?p=64528#primaryimage","url":"https:\/\/akunq.net\/tr\/wp-content\/uploads\/sites\/6\/2021\/09\/Akhtamar-Adas\u0131ndaki-Surp-Ha\u00e7-Ermeni-Kilisesi.jpg","contentUrl":"https:\/\/akunq.net\/tr\/wp-content\/uploads\/sites\/6\/2021\/09\/Akhtamar-Adas\u0131ndaki-Surp-Ha\u00e7-Ermeni-Kilisesi.jpg","width":670,"height":450},{"@type":"BreadcrumbList","@id":"https:\/\/akunq.net\/tr\/?p=64528#breadcrumb","itemListElement":[{"@type":"ListItem","position":1,"name":"Home","item":"https:\/\/akunq.net\/tr"},{"@type":"ListItem","position":2,"name":"Akhtamar Adas\u0131ndaki Surp Ha\u00e7 Ermeni Kilisesinde 9&#8217;uncu kez ayin d\u00fczenlenecek"}]},{"@type":"WebSite","@id":"https:\/\/akunq.net\/tr\/#website","url":"https:\/\/akunq.net\/tr\/","name":"Bati Ermenistan Ve Bati Ermenileri Sorunlari Ara\u015ftirmalar Merkezi","description":"","potentialAction":[{"@type":"SearchAction","target":{"@type":"EntryPoint","urlTemplate":"https:\/\/akunq.net\/tr\/?s={search_term_string}"},"query-input":{"@type":"PropertyValueSpecification","valueRequired":true,"valueName":"search_term_string"}}],"inLanguage":"en-US"},{"@type":"Person","@id":"https:\/\/akunq.net\/tr\/#\/schema\/person\/096f1d38a12cce57fb855b485ed24c9e","name":"admin","url":"https:\/\/akunq.net\/tr\/?author=7"}]}},"_links":{"self":[{"href":"https:\/\/akunq.net\/tr\/index.php?rest_route=\/wp\/v2\/posts\/64528","targetHints":{"allow":["GET"]}}],"collection":[{"href":"https:\/\/akunq.net\/tr\/index.php?rest_route=\/wp\/v2\/posts"}],"about":[{"href":"https:\/\/akunq.net\/tr\/index.php?rest_route=\/wp\/v2\/types\/post"}],"author":[{"embeddable":true,"href":"https:\/\/akunq.net\/tr\/index.php?rest_route=\/wp\/v2\/users\/7"}],"replies":[{"embeddable":true,"href":"https:\/\/akunq.net\/tr\/index.php?rest_route=%2Fwp%2Fv2%2Fcomments&post=64528"}],"version-history":[{"count":1,"href":"https:\/\/akunq.net\/tr\/index.php?rest_route=\/wp\/v2\/posts\/64528\/revisions"}],"predecessor-version":[{"id":64530,"href":"https:\/\/akunq.net\/tr\/index.php?rest_route=\/wp\/v2\/posts\/64528\/revisions\/64530"}],"wp:featuredmedia":[{"embeddable":true,"href":"https:\/\/akunq.net\/tr\/index.php?rest_route=\/wp\/v2\/media\/64529"}],"wp:attachment":[{"href":"https:\/\/akunq.net\/tr\/index.php?rest_route=%2Fwp%2Fv2%2Fmedia&parent=64528"}],"wp:term":[{"taxonomy":"category","embeddable":true,"href":"https:\/\/akunq.net\/tr\/index.php?rest_route=%2Fwp%2Fv2%2Fcategories&post=64528"},{"taxonomy":"post_tag","embeddable":true,"href":"https:\/\/akunq.net\/tr\/index.php?rest_route=%2Fwp%2Fv2%2Ftags&post=64528"}],"curies":[{"name":"wp","href":"https:\/\/api.w.org\/{rel}","templated":true}]}}