{"id":64525,"date":"2021-09-02T09:48:09","date_gmt":"2021-09-02T14:48:09","guid":{"rendered":"https:\/\/akunq.net\/tr\/?p=64525"},"modified":"2021-09-02T09:48:09","modified_gmt":"2021-09-02T14:48:09","slug":"dunyanin-dort-bir-yanindaki-ermeniler-artsakh-cumhuriyetinin-bagimsizliginin-30-yildonumunu-kutluyor","status":"publish","type":"post","link":"https:\/\/akunq.net\/tr\/?p=64525","title":{"rendered":"D\u00fcnyan\u0131n d\u00f6rt bir yan\u0131ndaki Ermeniler, Artsakh Cumhuriyeti&#8217;nin ba\u011f\u0131ms\u0131zl\u0131\u011f\u0131n\u0131n 30. y\u0131ld\u00f6n\u00fcm\u00fcn\u00fc kutluyor"},"content":{"rendered":"<p><img loading=\"lazy\" decoding=\"async\" class=\"aligncenter size-medium wp-image-64526\" src=\"https:\/\/akunq.net\/tr\/wp-content\/uploads\/2021\/09\/Artsakh-Cumhuriyeti-360x240.jpg\" alt=\"\" width=\"360\" height=\"240\" srcset=\"https:\/\/akunq.net\/tr\/wp-content\/uploads\/sites\/6\/2021\/09\/Artsakh-Cumhuriyeti-360x240.jpg 360w, https:\/\/akunq.net\/tr\/wp-content\/uploads\/sites\/6\/2021\/09\/Artsakh-Cumhuriyeti-560x374.jpg 560w, https:\/\/akunq.net\/tr\/wp-content\/uploads\/sites\/6\/2021\/09\/Artsakh-Cumhuriyeti-260x173.jpg 260w, https:\/\/akunq.net\/tr\/wp-content\/uploads\/sites\/6\/2021\/09\/Artsakh-Cumhuriyeti-160x107.jpg 160w, https:\/\/akunq.net\/tr\/wp-content\/uploads\/sites\/6\/2021\/09\/Artsakh-Cumhuriyeti.jpg 700w\" sizes=\"auto, (max-width: 360px) 100vw, 360px\" \/><\/p>\n<p><em><strong>Artsakh Cumhuriyeti 30 ya\u015f\u0131nda. 2 Eyl\u00fcl 1991 tarihinde Da\u011fl\u0131k Karaba\u011f ve \u015eahumyan Halk Vekilleri B\u00f6lgesel Konseylerinin ortak oturumunda, eski Da\u011fl\u0131k Karaba\u011f \u00d6zerk Oblast\u0131 ve \u015eahumyan b\u00f6lgesi s\u0131n\u0131rlar\u0131 i\u00e7inde Da\u011fl\u0131k Karaba\u011f Cumhuriyeti&#8217;ni ilan edildi.<\/strong><\/em><\/p>\n<p>10 Aral\u0131k 1991 tarihinde ise Sovyetler Birli\u011fi&#8217;nin resmi olarak \u00e7\u00f6k\u00fc\u015f\u00fcnden birka\u00e7 g\u00fcn \u00f6nce, Da\u011fl\u0131k Karaba\u011f&#8217;da, n\u00fcfusun ezici \u00e7o\u011funlu\u011funun, %99,89&#8217;unun Azerbaycan&#8217;dan tam ba\u011f\u0131ms\u0131zl\u0131k lehinde oy kulland\u0131\u011f\u0131 bir referandum yap\u0131ld\u0131. Ard\u0131ndan gelen parlamento se\u00e7imlerinde ilk h\u00fck\u00fcmeti olu\u015fturan Da\u011fl\u0131k Karaba\u011f Cumhuriyeti Parlamentosu se\u00e7ildi. Ba\u011f\u0131ms\u0131z Karaba\u011f h\u00fck\u00fcmeti, Azerbaycan&#8217;\u0131n askeri sald\u0131r\u0131lar\u0131 ve abluka ko\u015fullar\u0131 alt\u0131nda g\u00f6revini yerine getiriyordu..<\/p>\n<p>Mevcut durumda Bak\u00fc&#8217;n\u00fcn tepkisi gecikmedi. 25 Eyl\u00fcl 199\u2019de \u015eu\u015fi&#8217;den ilk kez &#8220;Alazan&#8221; tipi f\u00fczelerle ba\u015fkent Stepanakert bombaland\u0131. Artsakh kurtulu\u015f sava\u015f\u0131 ba\u015flad\u0131. Ermeni ordusu, Da\u011fl\u0131k Karaba\u011f halk\u0131n\u0131n g\u00fcvenli\u011fini sa\u011flamas\u0131na y\u00f6nelik m\u00fccadele s\u0131ras\u0131nda olu\u015fmaya ba\u015flad\u0131.<\/p>\n<p>1994 y\u0131l\u0131nda Azerbaycan&#8217;\u0131n iste\u011fi \u00fczerine Rusya\u2019n\u0131n arabuluculu\u011fuyla taraflar aras\u0131nda Ate\u015fkes belgesi imzaland\u0131.<\/p>\n<p>Ba\u011f\u0131ms\u0131zl\u0131ktan on be\u015f y\u0131l sonra, yine 2 Eyl\u00fcl&#8217;de \u00fclke \u00e7ap\u0131nda d\u00fczenlenen bir referandumla Da\u011fl\u0131k Karaba\u011f Cumhuriyeti Anayasas\u0131n\u0131 kabul edildi.<\/p>\n<p>27 Eyl\u00fcl 2020&#8217;de Azerbaycan Silahl\u0131 Kuvvetleri, T\u00fcrkiye ve paral\u0131 ter\u00f6ristlerinin kat\u0131l\u0131m\u0131yla Artsakh&#8217;a kar\u015f\u0131 bir sava\u015f ba\u015flatt\u0131 ve 12 May\u0131s 1994&#8217;te y\u00fcr\u00fcrl\u00fc\u011fe giren \u00fc\u00e7l\u00fc anla\u015fmay\u0131 ve di\u011fer uluslararas\u0131 anla\u015fmalar\u0131 ihlal etti. 9 Kas\u0131m&#8217;da Rusya Federasyonu&#8217;nun arabuluculu\u011funda (Rusya Devlet Ba\u015fkan\u0131 Vladimir Putin, Ermenistan Ba\u015fbakan\u0131 Nikol Pa\u015finyan, Azerbaycan Cumhurba\u015fkan\u0131 \u0130lham Ali taraf\u0131ndan) \u00fc\u00e7l\u00fc bir ate\u015fkes bildirisi imzaland\u0131.<\/p>\n<p>Ate\u015fkese g\u00f6re, Hadrut b\u00f6lgesi ve \u015eu\u015fi ile Artsakh&#8217;\u0131n t\u00fcm g\u00fcvenlik b\u00f6lgesi Azerbaycan&#8217;\u0131n kontrol\u00fcne girdi.<\/p>\n<p>Rus bar\u0131\u015f\u0131 koruma birlikleri, Artsakh&#8217;\u0131n t\u00fcm temas hatt\u0131 boyunca ve La\u00e7in koridorunda konu\u015fland\u0131r\u0131ld\u0131.<\/p>\n<p><em><strong>https:\/\/www.ermenihaber.am\/tr\/news\/2021\/09\/02\/Karaba%C4%9F-Ermeniler-Artsakh-Cumhuriyeti\/214504\u00a0<\/strong><\/em><\/p>\n","protected":false},"excerpt":{"rendered":"<p>Artsakh Cumhuriyeti 30 ya\u015f\u0131nda. 2 Eyl\u00fcl 1991 tarihinde Da\u011fl\u0131k Karaba\u011f ve \u015eahumyan Halk Vekilleri B\u00f6lgesel Konseylerinin ortak oturumunda, eski Da\u011fl\u0131k Karaba\u011f \u00d6zerk Oblast\u0131 ve \u015eahumyan b\u00f6lgesi s\u0131n\u0131rlar\u0131 i\u00e7inde Da\u011fl\u0131k Karaba\u011f Cumhuriyeti&#8217;ni ilan edildi. 10 Aral\u0131k 1991 tarihinde ise Sovyetler Birli\u011fi&#8217;nin resmi olarak \u00e7\u00f6k\u00fc\u015f\u00fcnden birka\u00e7 g\u00fcn \u00f6nce, Da\u011fl\u0131k Karaba\u011f&#8217;da, n\u00fcfusun ezici \u00e7o\u011funlu\u011funun, %99,89&#8217;unun Azerbaycan&#8217;dan tam ba\u011f\u0131ms\u0131zl\u0131k [&hellip;]<\/p>\n","protected":false},"author":7,"featured_media":64526,"comment_status":"open","ping_status":"open","sticky":false,"template":"","format":"standard","meta":{"footnotes":""},"categories":[1],"tags":[],"class_list":["post-64525","post","type-post","status-publish","format-standard","has-post-thumbnail","hentry","category-haberler"],"yoast_head":"<!-- This site is optimized with the Yoast SEO plugin v27.4 - https:\/\/yoast.com\/product\/yoast-seo-wordpress\/ -->\n<title>D\u00fcnyan\u0131n d\u00f6rt bir yan\u0131ndaki Ermeniler, Artsakh Cumhuriyeti&#039;nin ba\u011f\u0131ms\u0131zl\u0131\u011f\u0131n\u0131n 30. y\u0131ld\u00f6n\u00fcm\u00fcn\u00fc kutluyor - Bati Ermenistan Ve Bati Ermenileri Sorunlari Ara\u015ftirmalar Merkezi<\/title>\n<meta name=\"robots\" content=\"index, follow, max-snippet:-1, max-image-preview:large, max-video-preview:-1\" \/>\n<link rel=\"canonical\" href=\"https:\/\/akunq.net\/tr\/?p=64525\" \/>\n<meta property=\"og:locale\" content=\"en_US\" \/>\n<meta property=\"og:type\" content=\"article\" \/>\n<meta property=\"og:title\" content=\"D\u00fcnyan\u0131n d\u00f6rt bir yan\u0131ndaki Ermeniler, Artsakh Cumhuriyeti&#039;nin ba\u011f\u0131ms\u0131zl\u0131\u011f\u0131n\u0131n 30. y\u0131ld\u00f6n\u00fcm\u00fcn\u00fc kutluyor - Bati Ermenistan Ve Bati Ermenileri Sorunlari Ara\u015ftirmalar Merkezi\" \/>\n<meta property=\"og:description\" content=\"Artsakh Cumhuriyeti 30 ya\u015f\u0131nda. 2 Eyl\u00fcl 1991 tarihinde Da\u011fl\u0131k Karaba\u011f ve \u015eahumyan Halk Vekilleri B\u00f6lgesel Konseylerinin ortak oturumunda, eski Da\u011fl\u0131k Karaba\u011f \u00d6zerk Oblast\u0131 ve \u015eahumyan b\u00f6lgesi s\u0131n\u0131rlar\u0131 i\u00e7inde Da\u011fl\u0131k Karaba\u011f Cumhuriyeti&#8217;ni ilan edildi. 10 Aral\u0131k 1991 tarihinde ise Sovyetler Birli\u011fi&#8217;nin resmi olarak \u00e7\u00f6k\u00fc\u015f\u00fcnden birka\u00e7 g\u00fcn \u00f6nce, Da\u011fl\u0131k Karaba\u011f&#8217;da, n\u00fcfusun ezici \u00e7o\u011funlu\u011funun, %99,89&#8217;unun Azerbaycan&#8217;dan tam ba\u011f\u0131ms\u0131zl\u0131k [&hellip;]\" \/>\n<meta property=\"og:url\" content=\"https:\/\/akunq.net\/tr\/?p=64525\" \/>\n<meta property=\"og:site_name\" content=\"Bati Ermenistan Ve Bati Ermenileri Sorunlari Ara\u015ftirmalar Merkezi\" \/>\n<meta property=\"article:published_time\" content=\"2021-09-02T14:48:09+00:00\" \/>\n<meta property=\"og:image\" content=\"https:\/\/akunq.net\/tr\/wp-content\/uploads\/sites\/6\/2021\/09\/Artsakh-Cumhuriyeti.jpg\" \/>\n\t<meta property=\"og:image:width\" content=\"700\" \/>\n\t<meta property=\"og:image:height\" content=\"467\" \/>\n\t<meta property=\"og:image:type\" content=\"image\/jpeg\" \/>\n<meta name=\"author\" content=\"admin\" \/>\n<meta name=\"twitter:card\" content=\"summary_large_image\" \/>\n<meta name=\"twitter:label1\" content=\"Written by\" \/>\n\t<meta name=\"twitter:data1\" content=\"admin\" \/>\n\t<meta name=\"twitter:label2\" content=\"Est. reading time\" \/>\n\t<meta name=\"twitter:data2\" content=\"2 minutes\" \/>\n<script type=\"application\/ld+json\" class=\"yoast-schema-graph\">{\"@context\":\"https:\\\/\\\/schema.org\",\"@graph\":[{\"@type\":\"Article\",\"@id\":\"https:\\\/\\\/akunq.net\\\/tr\\\/?p=64525#article\",\"isPartOf\":{\"@id\":\"https:\\\/\\\/akunq.net\\\/tr\\\/?p=64525\"},\"author\":{\"name\":\"admin\",\"@id\":\"https:\\\/\\\/akunq.net\\\/tr\\\/#\\\/schema\\\/person\\\/096f1d38a12cce57fb855b485ed24c9e\"},\"headline\":\"D\u00fcnyan\u0131n d\u00f6rt bir yan\u0131ndaki Ermeniler, Artsakh Cumhuriyeti&#8217;nin ba\u011f\u0131ms\u0131zl\u0131\u011f\u0131n\u0131n 30. y\u0131ld\u00f6n\u00fcm\u00fcn\u00fc kutluyor\",\"datePublished\":\"2021-09-02T14:48:09+00:00\",\"mainEntityOfPage\":{\"@id\":\"https:\\\/\\\/akunq.net\\\/tr\\\/?p=64525\"},\"wordCount\":374,\"commentCount\":0,\"image\":{\"@id\":\"https:\\\/\\\/akunq.net\\\/tr\\\/?p=64525#primaryimage\"},\"thumbnailUrl\":\"https:\\\/\\\/akunq.net\\\/tr\\\/wp-content\\\/uploads\\\/sites\\\/6\\\/2021\\\/09\\\/Artsakh-Cumhuriyeti.jpg\",\"articleSection\":[\"Haberler\"],\"inLanguage\":\"en-US\",\"potentialAction\":[{\"@type\":\"CommentAction\",\"name\":\"Comment\",\"target\":[\"https:\\\/\\\/akunq.net\\\/tr\\\/?p=64525#respond\"]}]},{\"@type\":\"WebPage\",\"@id\":\"https:\\\/\\\/akunq.net\\\/tr\\\/?p=64525\",\"url\":\"https:\\\/\\\/akunq.net\\\/tr\\\/?p=64525\",\"name\":\"D\u00fcnyan\u0131n d\u00f6rt bir yan\u0131ndaki Ermeniler, Artsakh Cumhuriyeti'nin ba\u011f\u0131ms\u0131zl\u0131\u011f\u0131n\u0131n 30. y\u0131ld\u00f6n\u00fcm\u00fcn\u00fc kutluyor - Bati Ermenistan Ve Bati Ermenileri Sorunlari Ara\u015ftirmalar Merkezi\",\"isPartOf\":{\"@id\":\"https:\\\/\\\/akunq.net\\\/tr\\\/#website\"},\"primaryImageOfPage\":{\"@id\":\"https:\\\/\\\/akunq.net\\\/tr\\\/?p=64525#primaryimage\"},\"image\":{\"@id\":\"https:\\\/\\\/akunq.net\\\/tr\\\/?p=64525#primaryimage\"},\"thumbnailUrl\":\"https:\\\/\\\/akunq.net\\\/tr\\\/wp-content\\\/uploads\\\/sites\\\/6\\\/2021\\\/09\\\/Artsakh-Cumhuriyeti.jpg\",\"datePublished\":\"2021-09-02T14:48:09+00:00\",\"author\":{\"@id\":\"https:\\\/\\\/akunq.net\\\/tr\\\/#\\\/schema\\\/person\\\/096f1d38a12cce57fb855b485ed24c9e\"},\"breadcrumb\":{\"@id\":\"https:\\\/\\\/akunq.net\\\/tr\\\/?p=64525#breadcrumb\"},\"inLanguage\":\"en-US\",\"potentialAction\":[{\"@type\":\"ReadAction\",\"target\":[\"https:\\\/\\\/akunq.net\\\/tr\\\/?p=64525\"]}]},{\"@type\":\"ImageObject\",\"inLanguage\":\"en-US\",\"@id\":\"https:\\\/\\\/akunq.net\\\/tr\\\/?p=64525#primaryimage\",\"url\":\"https:\\\/\\\/akunq.net\\\/tr\\\/wp-content\\\/uploads\\\/sites\\\/6\\\/2021\\\/09\\\/Artsakh-Cumhuriyeti.jpg\",\"contentUrl\":\"https:\\\/\\\/akunq.net\\\/tr\\\/wp-content\\\/uploads\\\/sites\\\/6\\\/2021\\\/09\\\/Artsakh-Cumhuriyeti.jpg\",\"width\":700,\"height\":467},{\"@type\":\"BreadcrumbList\",\"@id\":\"https:\\\/\\\/akunq.net\\\/tr\\\/?p=64525#breadcrumb\",\"itemListElement\":[{\"@type\":\"ListItem\",\"position\":1,\"name\":\"Home\",\"item\":\"https:\\\/\\\/akunq.net\\\/tr\"},{\"@type\":\"ListItem\",\"position\":2,\"name\":\"D\u00fcnyan\u0131n d\u00f6rt bir yan\u0131ndaki Ermeniler, Artsakh Cumhuriyeti&#8217;nin ba\u011f\u0131ms\u0131zl\u0131\u011f\u0131n\u0131n 30. y\u0131ld\u00f6n\u00fcm\u00fcn\u00fc kutluyor\"}]},{\"@type\":\"WebSite\",\"@id\":\"https:\\\/\\\/akunq.net\\\/tr\\\/#website\",\"url\":\"https:\\\/\\\/akunq.net\\\/tr\\\/\",\"name\":\"Bati Ermenistan Ve Bati Ermenileri Sorunlari Ara\u015ftirmalar Merkezi\",\"description\":\"\",\"potentialAction\":[{\"@type\":\"SearchAction\",\"target\":{\"@type\":\"EntryPoint\",\"urlTemplate\":\"https:\\\/\\\/akunq.net\\\/tr\\\/?s={search_term_string}\"},\"query-input\":{\"@type\":\"PropertyValueSpecification\",\"valueRequired\":true,\"valueName\":\"search_term_string\"}}],\"inLanguage\":\"en-US\"},{\"@type\":\"Person\",\"@id\":\"https:\\\/\\\/akunq.net\\\/tr\\\/#\\\/schema\\\/person\\\/096f1d38a12cce57fb855b485ed24c9e\",\"name\":\"admin\",\"url\":\"https:\\\/\\\/akunq.net\\\/tr\\\/?author=7\"}]}<\/script>\n<!-- \/ Yoast SEO plugin. -->","yoast_head_json":{"title":"D\u00fcnyan\u0131n d\u00f6rt bir yan\u0131ndaki Ermeniler, Artsakh Cumhuriyeti'nin ba\u011f\u0131ms\u0131zl\u0131\u011f\u0131n\u0131n 30. y\u0131ld\u00f6n\u00fcm\u00fcn\u00fc kutluyor - Bati Ermenistan Ve Bati Ermenileri Sorunlari Ara\u015ftirmalar Merkezi","robots":{"index":"index","follow":"follow","max-snippet":"max-snippet:-1","max-image-preview":"max-image-preview:large","max-video-preview":"max-video-preview:-1"},"canonical":"https:\/\/akunq.net\/tr\/?p=64525","og_locale":"en_US","og_type":"article","og_title":"D\u00fcnyan\u0131n d\u00f6rt bir yan\u0131ndaki Ermeniler, Artsakh Cumhuriyeti'nin ba\u011f\u0131ms\u0131zl\u0131\u011f\u0131n\u0131n 30. y\u0131ld\u00f6n\u00fcm\u00fcn\u00fc kutluyor - Bati Ermenistan Ve Bati Ermenileri Sorunlari Ara\u015ftirmalar Merkezi","og_description":"Artsakh Cumhuriyeti 30 ya\u015f\u0131nda. 2 Eyl\u00fcl 1991 tarihinde Da\u011fl\u0131k Karaba\u011f ve \u015eahumyan Halk Vekilleri B\u00f6lgesel Konseylerinin ortak oturumunda, eski Da\u011fl\u0131k Karaba\u011f \u00d6zerk Oblast\u0131 ve \u015eahumyan b\u00f6lgesi s\u0131n\u0131rlar\u0131 i\u00e7inde Da\u011fl\u0131k Karaba\u011f Cumhuriyeti&#8217;ni ilan edildi. 10 Aral\u0131k 1991 tarihinde ise Sovyetler Birli\u011fi&#8217;nin resmi olarak \u00e7\u00f6k\u00fc\u015f\u00fcnden birka\u00e7 g\u00fcn \u00f6nce, Da\u011fl\u0131k Karaba\u011f&#8217;da, n\u00fcfusun ezici \u00e7o\u011funlu\u011funun, %99,89&#8217;unun Azerbaycan&#8217;dan tam ba\u011f\u0131ms\u0131zl\u0131k [&hellip;]","og_url":"https:\/\/akunq.net\/tr\/?p=64525","og_site_name":"Bati Ermenistan Ve Bati Ermenileri Sorunlari Ara\u015ftirmalar Merkezi","article_published_time":"2021-09-02T14:48:09+00:00","og_image":[{"width":700,"height":467,"url":"https:\/\/akunq.net\/tr\/wp-content\/uploads\/sites\/6\/2021\/09\/Artsakh-Cumhuriyeti.jpg","type":"image\/jpeg"}],"author":"admin","twitter_card":"summary_large_image","twitter_misc":{"Written by":"admin","Est. reading time":"2 minutes"},"schema":{"@context":"https:\/\/schema.org","@graph":[{"@type":"Article","@id":"https:\/\/akunq.net\/tr\/?p=64525#article","isPartOf":{"@id":"https:\/\/akunq.net\/tr\/?p=64525"},"author":{"name":"admin","@id":"https:\/\/akunq.net\/tr\/#\/schema\/person\/096f1d38a12cce57fb855b485ed24c9e"},"headline":"D\u00fcnyan\u0131n d\u00f6rt bir yan\u0131ndaki Ermeniler, Artsakh Cumhuriyeti&#8217;nin ba\u011f\u0131ms\u0131zl\u0131\u011f\u0131n\u0131n 30. y\u0131ld\u00f6n\u00fcm\u00fcn\u00fc kutluyor","datePublished":"2021-09-02T14:48:09+00:00","mainEntityOfPage":{"@id":"https:\/\/akunq.net\/tr\/?p=64525"},"wordCount":374,"commentCount":0,"image":{"@id":"https:\/\/akunq.net\/tr\/?p=64525#primaryimage"},"thumbnailUrl":"https:\/\/akunq.net\/tr\/wp-content\/uploads\/sites\/6\/2021\/09\/Artsakh-Cumhuriyeti.jpg","articleSection":["Haberler"],"inLanguage":"en-US","potentialAction":[{"@type":"CommentAction","name":"Comment","target":["https:\/\/akunq.net\/tr\/?p=64525#respond"]}]},{"@type":"WebPage","@id":"https:\/\/akunq.net\/tr\/?p=64525","url":"https:\/\/akunq.net\/tr\/?p=64525","name":"D\u00fcnyan\u0131n d\u00f6rt bir yan\u0131ndaki Ermeniler, Artsakh Cumhuriyeti'nin ba\u011f\u0131ms\u0131zl\u0131\u011f\u0131n\u0131n 30. y\u0131ld\u00f6n\u00fcm\u00fcn\u00fc kutluyor - Bati Ermenistan Ve Bati Ermenileri Sorunlari Ara\u015ftirmalar Merkezi","isPartOf":{"@id":"https:\/\/akunq.net\/tr\/#website"},"primaryImageOfPage":{"@id":"https:\/\/akunq.net\/tr\/?p=64525#primaryimage"},"image":{"@id":"https:\/\/akunq.net\/tr\/?p=64525#primaryimage"},"thumbnailUrl":"https:\/\/akunq.net\/tr\/wp-content\/uploads\/sites\/6\/2021\/09\/Artsakh-Cumhuriyeti.jpg","datePublished":"2021-09-02T14:48:09+00:00","author":{"@id":"https:\/\/akunq.net\/tr\/#\/schema\/person\/096f1d38a12cce57fb855b485ed24c9e"},"breadcrumb":{"@id":"https:\/\/akunq.net\/tr\/?p=64525#breadcrumb"},"inLanguage":"en-US","potentialAction":[{"@type":"ReadAction","target":["https:\/\/akunq.net\/tr\/?p=64525"]}]},{"@type":"ImageObject","inLanguage":"en-US","@id":"https:\/\/akunq.net\/tr\/?p=64525#primaryimage","url":"https:\/\/akunq.net\/tr\/wp-content\/uploads\/sites\/6\/2021\/09\/Artsakh-Cumhuriyeti.jpg","contentUrl":"https:\/\/akunq.net\/tr\/wp-content\/uploads\/sites\/6\/2021\/09\/Artsakh-Cumhuriyeti.jpg","width":700,"height":467},{"@type":"BreadcrumbList","@id":"https:\/\/akunq.net\/tr\/?p=64525#breadcrumb","itemListElement":[{"@type":"ListItem","position":1,"name":"Home","item":"https:\/\/akunq.net\/tr"},{"@type":"ListItem","position":2,"name":"D\u00fcnyan\u0131n d\u00f6rt bir yan\u0131ndaki Ermeniler, Artsakh Cumhuriyeti&#8217;nin ba\u011f\u0131ms\u0131zl\u0131\u011f\u0131n\u0131n 30. y\u0131ld\u00f6n\u00fcm\u00fcn\u00fc kutluyor"}]},{"@type":"WebSite","@id":"https:\/\/akunq.net\/tr\/#website","url":"https:\/\/akunq.net\/tr\/","name":"Bati Ermenistan Ve Bati Ermenileri Sorunlari Ara\u015ftirmalar Merkezi","description":"","potentialAction":[{"@type":"SearchAction","target":{"@type":"EntryPoint","urlTemplate":"https:\/\/akunq.net\/tr\/?s={search_term_string}"},"query-input":{"@type":"PropertyValueSpecification","valueRequired":true,"valueName":"search_term_string"}}],"inLanguage":"en-US"},{"@type":"Person","@id":"https:\/\/akunq.net\/tr\/#\/schema\/person\/096f1d38a12cce57fb855b485ed24c9e","name":"admin","url":"https:\/\/akunq.net\/tr\/?author=7"}]}},"_links":{"self":[{"href":"https:\/\/akunq.net\/tr\/index.php?rest_route=\/wp\/v2\/posts\/64525","targetHints":{"allow":["GET"]}}],"collection":[{"href":"https:\/\/akunq.net\/tr\/index.php?rest_route=\/wp\/v2\/posts"}],"about":[{"href":"https:\/\/akunq.net\/tr\/index.php?rest_route=\/wp\/v2\/types\/post"}],"author":[{"embeddable":true,"href":"https:\/\/akunq.net\/tr\/index.php?rest_route=\/wp\/v2\/users\/7"}],"replies":[{"embeddable":true,"href":"https:\/\/akunq.net\/tr\/index.php?rest_route=%2Fwp%2Fv2%2Fcomments&post=64525"}],"version-history":[{"count":1,"href":"https:\/\/akunq.net\/tr\/index.php?rest_route=\/wp\/v2\/posts\/64525\/revisions"}],"predecessor-version":[{"id":64527,"href":"https:\/\/akunq.net\/tr\/index.php?rest_route=\/wp\/v2\/posts\/64525\/revisions\/64527"}],"wp:featuredmedia":[{"embeddable":true,"href":"https:\/\/akunq.net\/tr\/index.php?rest_route=\/wp\/v2\/media\/64526"}],"wp:attachment":[{"href":"https:\/\/akunq.net\/tr\/index.php?rest_route=%2Fwp%2Fv2%2Fmedia&parent=64525"}],"wp:term":[{"taxonomy":"category","embeddable":true,"href":"https:\/\/akunq.net\/tr\/index.php?rest_route=%2Fwp%2Fv2%2Fcategories&post=64525"},{"taxonomy":"post_tag","embeddable":true,"href":"https:\/\/akunq.net\/tr\/index.php?rest_route=%2Fwp%2Fv2%2Ftags&post=64525"}],"curies":[{"name":"wp","href":"https:\/\/api.w.org\/{rel}","templated":true}]}}